{"id":149613,"date":"2026-03-12T15:39:36","date_gmt":"2026-03-12T18:39:36","guid":{"rendered":"https:\/\/www.pensarcursos.com.br\/blog\/?p=149613"},"modified":"2026-03-27T11:38:40","modified_gmt":"2026-03-27T14:38:40","slug":"dormindo-tarde-todos-os-dias-veja-6-passos-para-quebrar-esse-ciclo","status":"publish","type":"post","link":"https:\/\/www.pensarcursos.com.br\/blog\/dormindo-tarde-todos-os-dias-veja-6-passos-para-quebrar-esse-ciclo\/","title":{"rendered":"Dormindo tarde todos os dias? Veja 6 passos para quebrar esse ciclo"},"content":{"rendered":"<p>Quase metade dos brasileiros dorme menos de <strong>6 horas por noite <\/strong>\u2014 e grande parte nem percebe que est\u00e1 presa num ciclo dif\u00edcil de sair. Deitar tarde, acordar cansado, tentar compensar no fim de semana: essa rotina parece familiar? O problema \u00e9 que <strong><a href=\"https:\/\/www.pensarcursos.com.br\/blog\/pessoas-com-habito-de-dormir-tarde-correm-mais-risco-cardiaco-aponta-pesquisa\/\" target=\"_blank\" rel=\"noopener\">dormir<\/a> tarde todos os dias<\/strong> n\u00e3o \u00e9 apenas um mau h\u00e1bito. Com o tempo, ele compromete a concentra\u00e7\u00e3o, o humor e at\u00e9 a sa\u00fade cardiovascular.<\/p>\n<p>A boa not\u00edcia \u00e9 que esse ciclo pode ser quebrado com passos concretos. N\u00e3o \u00e9 preciso virar a rotina de cabe\u00e7a para baixo da noite para o dia. Pequenas mudan\u00e7as, aplicadas com consist\u00eancia, j\u00e1 fazem diferen\u00e7a real na qualidade do sono.<\/p>\n<h2>Por que dormir tarde todos os dias se torna um ciclo?<\/h2>\n<p>Antes de falar em solu\u00e7\u00e3o, vale entender o mecanismo por tr\u00e1s do problema. O corpo humano funciona com base no <strong>ritmo circadiano<\/strong> \u2014 um rel\u00f3gio biol\u00f3gico interno que regula o sono, a temperatura corporal e a libera\u00e7\u00e3o de horm\u00f4nios. Quando se dorme tarde de forma repetida, esse rel\u00f3gio se &#8220;atrasa&#8221;, tornando cada vez mais dif\u00edcil adormecer cedo.<\/p>\n<h3>O papel da melatonina<\/h3>\n<p>A <strong>melatonina<\/strong> \u00e9 o horm\u00f4nio respons\u00e1vel por sinalizar ao c\u00e9rebro que est\u00e1 na hora de dormir. Ela come\u00e7a a ser produzida quando o ambiente escurece \u2014 mas a exposi\u00e7\u00e3o \u00e0 luz artificial, especialmente das telas, bloqueia essa produ\u00e7\u00e3o. Resultado: o corpo n\u00e3o recebe o sinal de sono no hor\u00e1rio certo, e o ciclo se perpetua.<\/p>\n<h3>Quando o problema vai al\u00e9m do h\u00e1bito<\/h3>\n<p>Nem sempre dormir tarde \u00e9 apenas uma quest\u00e3o de rotina. Segundo a neurocirurgi\u00e3 <strong>Tatiana Vilasboas<\/strong>, da Pineapple Medicina Integrada, fatores como <strong>obstru\u00e7\u00e3o nasal, obesidade, altera\u00e7\u00f5es na orofaringe e produ\u00e7\u00e3o elevada de cortisol e adrenalina<\/strong> tamb\u00e9m podem dificultar o sono precoce. Por isso, quando o problema \u00e9 persistente, buscar avalia\u00e7\u00e3o m\u00e9dica \u00e9 o caminho mais indicado.<\/p>\n<h2>6 Passos para parar de dormir tarde<\/h2>\n<h3>1. Identifique a causa do sono irregular<\/h3>\n<p>O primeiro passo para <strong>quebrar o ciclo de<a href=\"https:\/\/www.pensarcursos.com.br\/blog\/voce-e-do-time-que-acorda-cedo-ou-que-adora-dormir-ate-tarde-veja-o-que-isso-revela-sobre-sua-mente\/\" target=\"_blank\" rel=\"noopener\"> dormir<\/a> tarde<\/strong> \u00e9 entender por que ele existe. A causa pode ser emocional, f\u00edsica ou comportamental \u2014 e cada uma exige uma abordagem diferente.<\/p>\n<p>Profissionais como neurologistas, otorrinolaringologistas, psic\u00f3logos e psiquiatras especializados em sono podem ajudar nessa investiga\u00e7\u00e3o. Uma avalia\u00e7\u00e3o adequada evita que a pessoa tente solu\u00e7\u00f5es gen\u00e9ricas para um problema espec\u00edfico.<\/p>\n<h3>2. Separe as preocupa\u00e7\u00f5es do hor\u00e1rio de descanso<\/h3>\n<p>A ansiedade \u00e9 uma das principais raz\u00f5es pelas quais as pessoas ficam acordadas at\u00e9 tarde, com a cabe\u00e7a a mil. A neurocirurgi\u00e3 Tatiana Vilasboas orienta que os problemas do dia a dia t\u00eam um hor\u00e1rio produtivo para serem resolvidos \u2014 e esse hor\u00e1rio <strong>n\u00e3o \u00e9 a madrugada<\/strong>.<\/p>\n<p>Criar um limite mental entre &#8220;tempo de resolver&#8221; e &#8220;tempo de descansar&#8221; ajuda o organismo a entender que, \u00e0 noite, a prioridade \u00e9 o sono. T\u00e9cnicas como escrever uma lista de tarefas para o dia seguinte antes de deitar podem ajudar a &#8220;esvaziar&#8221; a mente.<\/p>\n<h3>3. Crie uma rotina noturna<\/h3>\n<p>Uma rotina antes de dormir funciona como um sinal para o c\u00e9rebro: \u00e9 hora de desacelerar. N\u00e3o precisa ser elaborada. Come\u00e7ar com a\u00e7\u00f5es simples j\u00e1 \u00e9 suficiente:<\/p>\n<ul>\n<li>escovar os dentes<\/li>\n<li>colocar o pijama<\/li>\n<li>apagar as luzes<\/li>\n<li>ouvir m\u00fasicas calmas ou praticar medita\u00e7\u00e3o<\/li>\n<\/ul>\n<p>Com o tempo, \u00e9 poss\u00edvel incluir outras atividades relaxantes, como ler um livro f\u00edsico, tomar um ch\u00e1 ou realizar uma rotina de cuidados com a pele. O importante \u00e9 que essas a\u00e7\u00f5es sejam feitas <strong>na mesma ordem e no mesmo hor\u00e1rio<\/strong> todos os dias.<\/p>\n<figure id=\"attachment_149621\" aria-describedby=\"caption-attachment-149621\" style=\"width: 1200px\" class=\"wp-caption aligncenter\"><img decoding=\"async\" class=\"wp-image-149621 size-full\" src=\"https:\/\/www.pensarcursos.com.br\/blog\/wp-content\/uploads\/2026\/03\/quebre-o-habito-de-ficar-acordado-ate-tarde.jpg\" alt=\"Pessoa deitada na cama durante a noite usando notebook e demonstrando cansa\u00e7o por falta de sono. \" width=\"1200\" height=\"800\" srcset=\"https:\/\/www.pensarcursos.com.br\/blog\/wp-content\/uploads\/2026\/03\/quebre-o-habito-de-ficar-acordado-ate-tarde.jpg 1200w, https:\/\/www.pensarcursos.com.br\/blog\/wp-content\/uploads\/2026\/03\/quebre-o-habito-de-ficar-acordado-ate-tarde-300x200.jpg 300w, https:\/\/www.pensarcursos.com.br\/blog\/wp-content\/uploads\/2026\/03\/quebre-o-habito-de-ficar-acordado-ate-tarde-1024x683.jpg 1024w, https:\/\/www.pensarcursos.com.br\/blog\/wp-content\/uploads\/2026\/03\/quebre-o-habito-de-ficar-acordado-ate-tarde-768x512.jpg 768w, https:\/\/www.pensarcursos.com.br\/blog\/wp-content\/uploads\/2026\/03\/quebre-o-habito-de-ficar-acordado-ate-tarde-750x500.jpg 750w, https:\/\/www.pensarcursos.com.br\/blog\/wp-content\/uploads\/2026\/03\/quebre-o-habito-de-ficar-acordado-ate-tarde-1140x760.jpg 1140w\" sizes=\"(max-width: 1200px) 100vw, 1200px\" \/><figcaption id=\"caption-attachment-149621\" class=\"wp-caption-text\">6 h\u00e1bitos simples que podem transformar suas noites. Fonte: Freepik.<\/figcaption><\/figure>\n<h3>4. Reduza o uso de telas antes de deitar<\/h3>\n<p>Celular, televis\u00e3o e computador devem ser evitados pelo menos <strong>duas horas antes de dormir<\/strong>. A luz emitida por essas telas \u2014 especialmente a luz azul \u2014 interfere diretamente na produ\u00e7\u00e3o de melatonina, atrasando o sono.<\/p>\n<p>&#8220;No ambiente de descanso, deve-se reproduzir um descanso mental, e evitar que se tenha exposi\u00e7\u00e3o a luzes&#8221;, explica Tatiana Vilasboas.<\/p>\n<p>Para quem tem dificuldade em largar o celular \u00e0 noite, uma alternativa \u00e9 ativar o <strong>modo noturno<\/strong> no dispositivo e estabelecer um hor\u00e1rio fixo para coloc\u00e1-lo de lado \u2014 de prefer\u00eancia fora do quarto.<\/p>\n<h3>5. Evite alimentos pesados \u00e0 noite<\/h3>\n<p>O que se come antes de dormir tamb\u00e9m afeta a qualidade do sono. Refei\u00e7\u00f5es pesadas ou de dif\u00edcil digest\u00e3o podem provocar <strong>refluxo gastroesof\u00e1gico<\/strong>, que interrompe o sono e prejudica o descanso. Al\u00e9m disso, a cafe\u00edna \u2014 presente no caf\u00e9, ch\u00e1 preto, refrigerantes e chocolate \u2014 tem efeito estimulante que pode durar horas.<\/p>\n<p>O ideal \u00e9 optar por alimentos leves no per\u00edodo noturno, como:<\/p>\n<ul>\n<li>iogurte natural<\/li>\n<li>frutas de f\u00e1cil digest\u00e3o<\/li>\n<li>ch\u00e1s sem cafe\u00edna, como camomila ou erva-cidreira<\/li>\n<\/ul>\n<h3>6. Pratique atividades f\u00edsicas durante o dia<\/h3>\n<p>Segundo um estudo publicado no <strong>PubMed Central<\/strong>, a pr\u00e1tica regular de exerc\u00edcios f\u00edsicos est\u00e1 diretamente ligada \u00e0 melhora na qualidade do sono, especialmente em pessoas idosas. Mas os benef\u00edcios valem para qualquer faixa et\u00e1ria.<\/p>\n<p>A neurocirurgi\u00e3 Tatiana Vilasboas refor\u00e7a que pessoas com h\u00e1bitos de vida sedent\u00e1rios tendem a ter sono de menor qualidade, o que impacta negativamente a <strong>capacidade cognitiva a longo prazo<\/strong>. N\u00e3o \u00e9 necess\u00e1rio praticar esportes de alta intensidade: uma caminhada di\u00e1ria de 30 minutos j\u00e1 traz benef\u00edcios reais.<\/p>\n<p>Evite exerc\u00edcios intensos nas duas a tr\u00eas horas antes de dormir, pois eles aumentam os n\u00edveis de adrenalina e podem dificultar o adormecer.<\/p>\n<h2>O que evitar para n\u00e3o piorar o ciclo de sono<\/h2>\n<p>Al\u00e9m dos passos acima, alguns comportamentos comuns sabotam qualquer tentativa de dormir mais cedo:<\/p>\n<ul>\n<li><strong>cochilar por mais de 30 minutos durante o dia<\/strong>, o que reduz a press\u00e3o de sono \u00e0 noite<\/li>\n<li><strong>tentar &#8220;compensar&#8221; o sono no fim de semana<\/strong>, o que atrasa ainda mais o ritmo circadiano<\/li>\n<li><strong>usar a cama para trabalhar ou assistir s\u00e9ries<\/strong>, associando o ambiente ao estado de alerta<\/li>\n<\/ul>\n<p>Pequenas mudan\u00e7as no ambiente do quarto tamb\u00e9m ajudam: temperatura mais baixa, escurid\u00e3o adequada e aus\u00eancia de ru\u00eddos s\u00e3o condi\u00e7\u00f5es favor\u00e1veis para o sono.<\/p>\n<p>Para mais conte\u00fados como este, continue acessando o <strong><a href=\"https:\/\/www.pensarcursos.com.br\/blog\/\" target=\"_blank\" rel=\"noopener\">Blog Pensar Cursos<\/a><\/strong>.<\/p>\n","protected":false},"excerpt":{"rendered":"<p>Quase metade dos brasileiros dorme menos de 6 horas por noite \u2014 e grande parte nem percebe que est\u00e1 presa num ciclo dif\u00edcil de sair. Deitar tarde, acordar cansado, tentar compensar no fim de semana: essa rotina parece familiar? O problema \u00e9 que dormir tarde todos os dias n\u00e3o \u00e9 apenas um mau h\u00e1bito. Com [&hellip;]<\/p>\n","protected":false},"author":56,"featured_media":149619,"comment_status":"open","ping_status":"closed","sticky":false,"template":"","format":"standard","meta":{"jnews-multi-image_gallery":[],"jnews_single_post":{"subtitle":"Especialistas explicam por que voc\u00ea n\u00e3o consegue dormir cedo e o que fazer para mudar isso","format":"standard","override":[{"template":"1","parallax":"1","fullscreen":"1","layout":"right-sidebar","sidebar":"default-sidebar","second_sidebar":"default-sidebar","sticky_sidebar":"1","share_position":"topbottom","share_float_style":"share-monocrhome","show_featured":"1","show_post_meta":"1","show_post_author":"1","show_post_author_image":"1","show_post_date":"1","post_date_format":"default","post_date_format_custom":"Y\/m\/d","show_post_category":"1","post_reading_time_wpm":"300","post_calculate_word_method":"str_word_count","show_zoom_button":"0","zoom_button_out_step":"2","zoom_button_in_step":"3","show_post_tag":"1","show_prev_next_post":"1","show_popup_post":"1","show_comment_section":"1","number_popup_post":"2","show_author_box":"1","show_post_related":"1","show_inline_post_related":"1"}],"image_override":[{"single_post_thumbnail_size":"crop-500","single_post_gallery_size":"crop-500"}],"trending_post_position":"meta","trending_post_label":"Trending","sponsored_post_label":"Sponsored by","disable_ad":"0"},"jnews_primary_category":[],"jnews_social_meta":[],"jnews_override_counter":{"view_counter_number":"0","share_counter_number":"0","like_counter_number":"0","dislike_counter_number":"0"},"footnotes":""},"categories":[27431],"tags":[39525,28793,32404,39526,39524],"class_list":["post-149613","post","type-post","status-publish","format-standard","has-post-thumbnail","hentry","category-psicologia-e-comportamento","tag-dormir-mais-cedo","tag-habitos-noturnos","tag-qualidade-do-sono","tag-ritmo-circadiano","tag-sono-irregular"],"yoast_head":"<!-- This site is optimized with the Yoast SEO Premium plugin v27.4 (Yoast SEO v27.4) - https:\/\/yoast.com\/product\/yoast-seo-premium-wordpress\/ -->\n<title>Dormindo tarde todos os dias? Veja 6 passos para quebrar esse ciclo - Blog Pensar Cursos<\/title>\n<meta name=\"description\" content=\"Dormindo tarde todos os dias? Veja 6 passos pr\u00e1ticos para quebrar esse ciclo e melhorar sua qualidade de sono. Comece agora!\" \/>\n<meta name=\"robots\" content=\"index, follow, max-snippet:-1, max-image-preview:large, max-video-preview:-1\" \/>\n<link rel=\"canonical\" href=\"https:\/\/www.pensarcursos.com.br\/blog\/dormindo-tarde-todos-os-dias-veja-6-passos-para-quebrar-esse-ciclo\/\" \/>\n<meta property=\"og:locale\" content=\"pt_BR\" \/>\n<meta property=\"og:type\" content=\"article\" \/>\n<meta property=\"og:title\" content=\"Dormindo tarde todos os dias? Veja 6 passos para quebrar esse ciclo\" \/>\n<meta property=\"og:description\" content=\"Dormindo tarde todos os dias? Veja 6 passos pr\u00e1ticos para quebrar esse ciclo e melhorar sua qualidade de sono. Comece agora!\" \/>\n<meta property=\"og:url\" content=\"https:\/\/www.pensarcursos.com.br\/blog\/dormindo-tarde-todos-os-dias-veja-6-passos-para-quebrar-esse-ciclo\/\" \/>\n<meta property=\"og:site_name\" content=\"Blog Pensar Cursos\" \/>\n<meta property=\"article:publisher\" content=\"https:\/\/www.facebook.com\/pensarcursos\/\" \/>\n<meta property=\"article:published_time\" content=\"2026-03-12T18:39:36+00:00\" \/>\n<meta property=\"article:modified_time\" content=\"2026-03-27T14:38:40+00:00\" \/>\n<meta property=\"og:image\" content=\"https:\/\/www.pensarcursos.com.br\/blog\/wp-content\/uploads\/2026\/03\/dificuldade-para-dormir.jpg\" \/>\n\t<meta property=\"og:image:width\" content=\"1422\" \/>\n\t<meta property=\"og:image:height\" content=\"800\" \/>\n\t<meta property=\"og:image:type\" content=\"image\/jpeg\" \/>\n<meta name=\"author\" content=\"Yasmin Santos\" \/>\n<meta name=\"twitter:card\" content=\"summary_large_image\" \/>\n<meta name=\"twitter:label1\" content=\"Escrito por\" \/>\n\t<meta name=\"twitter:data1\" content=\"Yasmin Santos\" \/>\n\t<meta name=\"twitter:label2\" content=\"Est. tempo de leitura\" \/>\n\t<meta name=\"twitter:data2\" content=\"6 minutos\" \/>\n<!-- \/ Yoast SEO Premium plugin. -->","yoast_head_json":{"title":"Dormindo tarde todos os dias? Veja 6 passos para quebrar esse ciclo - Blog Pensar Cursos","description":"Dormindo tarde todos os dias? Veja 6 passos pr\u00e1ticos para quebrar esse ciclo e melhorar sua qualidade de sono. Comece agora!","robots":{"index":"index","follow":"follow","max-snippet":"max-snippet:-1","max-image-preview":"max-image-preview:large","max-video-preview":"max-video-preview:-1"},"canonical":"https:\/\/www.pensarcursos.com.br\/blog\/dormindo-tarde-todos-os-dias-veja-6-passos-para-quebrar-esse-ciclo\/","og_locale":"pt_BR","og_type":"article","og_title":"Dormindo tarde todos os dias? Veja 6 passos para quebrar esse ciclo","og_description":"Dormindo tarde todos os dias? Veja 6 passos pr\u00e1ticos para quebrar esse ciclo e melhorar sua qualidade de sono. Comece agora!","og_url":"https:\/\/www.pensarcursos.com.br\/blog\/dormindo-tarde-todos-os-dias-veja-6-passos-para-quebrar-esse-ciclo\/","og_site_name":"Blog Pensar Cursos","article_publisher":"https:\/\/www.facebook.com\/pensarcursos\/","article_published_time":"2026-03-12T18:39:36+00:00","article_modified_time":"2026-03-27T14:38:40+00:00","og_image":[{"width":1422,"height":800,"url":"https:\/\/www.pensarcursos.com.br\/blog\/wp-content\/uploads\/2026\/03\/dificuldade-para-dormir.jpg","type":"image\/jpeg"}],"author":"Yasmin Santos","twitter_card":"summary_large_image","twitter_misc":{"Escrito por":"Yasmin Santos","Est. tempo de leitura":"6 minutos"},"schema":{"@context":"https:\/\/schema.org","@graph":[{"@type":["Article","BlogPosting"],"@id":"https:\/\/www.pensarcursos.com.br\/blog\/dormindo-tarde-todos-os-dias-veja-6-passos-para-quebrar-esse-ciclo\/#article","isPartOf":{"@id":"https:\/\/www.pensarcursos.com.br\/blog\/dormindo-tarde-todos-os-dias-veja-6-passos-para-quebrar-esse-ciclo\/"},"author":{"name":"Yasmin Santos","@id":"https:\/\/www.pensarcursos.com.br\/blog\/#\/schema\/person\/2700c09d818d989d5d4fff5f50d4b755"},"headline":"Dormindo tarde todos os dias? Veja 6 passos para quebrar esse ciclo","datePublished":"2026-03-12T18:39:36+00:00","dateModified":"2026-03-27T14:38:40+00:00","mainEntityOfPage":{"@id":"https:\/\/www.pensarcursos.com.br\/blog\/dormindo-tarde-todos-os-dias-veja-6-passos-para-quebrar-esse-ciclo\/"},"wordCount":1053,"commentCount":0,"publisher":{"@id":"https:\/\/www.pensarcursos.com.br\/blog\/#organization"},"image":{"@id":"https:\/\/www.pensarcursos.com.br\/blog\/dormindo-tarde-todos-os-dias-veja-6-passos-para-quebrar-esse-ciclo\/#primaryimage"},"thumbnailUrl":"https:\/\/www.pensarcursos.com.br\/blog\/wp-content\/uploads\/2026\/03\/dificuldade-para-dormir.jpg","keywords":["dormir mais cedo","h\u00e1bitos noturnos","qualidade do sono","ritmo circadiano","sono irregular"],"articleSection":["Psicologia e Comportamento"],"inLanguage":"pt-BR","potentialAction":[{"@type":"CommentAction","name":"Comment","target":["https:\/\/www.pensarcursos.com.br\/blog\/dormindo-tarde-todos-os-dias-veja-6-passos-para-quebrar-esse-ciclo\/#respond"]}],"copyrightYear":"2026","copyrightHolder":{"@id":"https:\/\/www.pensarcursos.com.br\/blog\/#organization"}},{"@type":"WebPage","@id":"https:\/\/www.pensarcursos.com.br\/blog\/dormindo-tarde-todos-os-dias-veja-6-passos-para-quebrar-esse-ciclo\/","url":"https:\/\/www.pensarcursos.com.br\/blog\/dormindo-tarde-todos-os-dias-veja-6-passos-para-quebrar-esse-ciclo\/","name":"Dormindo tarde todos os dias? Veja 6 passos para quebrar esse ciclo - Blog Pensar Cursos","isPartOf":{"@id":"https:\/\/www.pensarcursos.com.br\/blog\/#website"},"primaryImageOfPage":{"@id":"https:\/\/www.pensarcursos.com.br\/blog\/dormindo-tarde-todos-os-dias-veja-6-passos-para-quebrar-esse-ciclo\/#primaryimage"},"image":{"@id":"https:\/\/www.pensarcursos.com.br\/blog\/dormindo-tarde-todos-os-dias-veja-6-passos-para-quebrar-esse-ciclo\/#primaryimage"},"thumbnailUrl":"https:\/\/www.pensarcursos.com.br\/blog\/wp-content\/uploads\/2026\/03\/dificuldade-para-dormir.jpg","datePublished":"2026-03-12T18:39:36+00:00","dateModified":"2026-03-27T14:38:40+00:00","description":"Dormindo tarde todos os dias? Veja 6 passos pr\u00e1ticos para quebrar esse ciclo e melhorar sua qualidade de sono. Comece agora!","breadcrumb":{"@id":"https:\/\/www.pensarcursos.com.br\/blog\/dormindo-tarde-todos-os-dias-veja-6-passos-para-quebrar-esse-ciclo\/#breadcrumb"},"inLanguage":"pt-BR","potentialAction":[{"@type":"ReadAction","target":["https:\/\/www.pensarcursos.com.br\/blog\/dormindo-tarde-todos-os-dias-veja-6-passos-para-quebrar-esse-ciclo\/"]}]},{"@type":"ImageObject","inLanguage":"pt-BR","@id":"https:\/\/www.pensarcursos.com.br\/blog\/dormindo-tarde-todos-os-dias-veja-6-passos-para-quebrar-esse-ciclo\/#primaryimage","url":"https:\/\/www.pensarcursos.com.br\/blog\/wp-content\/uploads\/2026\/03\/dificuldade-para-dormir.jpg","contentUrl":"https:\/\/www.pensarcursos.com.br\/blog\/wp-content\/uploads\/2026\/03\/dificuldade-para-dormir.jpg","width":1422,"height":800,"caption":"Entenda por que voc\u00ea n\u00e3o consegue dormir cedo e como mudar esse h\u00e1bito de forma pr\u00e1tica. Fonte: Freepik."},{"@type":"BreadcrumbList","@id":"https:\/\/www.pensarcursos.com.br\/blog\/dormindo-tarde-todos-os-dias-veja-6-passos-para-quebrar-esse-ciclo\/#breadcrumb","itemListElement":[{"@type":"ListItem","position":1,"name":"Home","item":"https:\/\/www.pensarcursos.com.br\/blog\/"},{"@type":"ListItem","position":2,"name":"Dormindo tarde todos os dias? Veja 6 passos para quebrar esse ciclo"}]},{"@type":"WebSite","@id":"https:\/\/www.pensarcursos.com.br\/blog\/#website","url":"https:\/\/www.pensarcursos.com.br\/blog\/","name":"Blog Pensar Cursos","description":"Maior Site de Cursos do Brasil","publisher":{"@id":"https:\/\/www.pensarcursos.com.br\/blog\/#organization"},"alternateName":"Blog Pensar","potentialAction":[{"@type":"SearchAction","target":{"@type":"EntryPoint","urlTemplate":"https:\/\/www.pensarcursos.com.br\/blog\/?s={search_term_string}"},"query-input":{"@type":"PropertyValueSpecification","valueRequired":true,"valueName":"search_term_string"}}],"inLanguage":"pt-BR"},{"@type":"Organization","@id":"https:\/\/www.pensarcursos.com.br\/blog\/#organization","name":"Pensar Cursos","alternateName":"Blog pensar","url":"https:\/\/www.pensarcursos.com.br\/blog\/","logo":{"@type":"ImageObject","inLanguage":"pt-BR","@id":"https:\/\/www.pensarcursos.com.br\/blog\/#\/schema\/logo\/image\/","url":"https:\/\/www.pensarcursos.com.br\/blog\/wp-content\/uploads\/2023\/11\/Nova-Logo-Pensar-Cursos-vertical.png","contentUrl":"https:\/\/www.pensarcursos.com.br\/blog\/wp-content\/uploads\/2023\/11\/Nova-Logo-Pensar-Cursos-vertical.png","width":1393,"height":1001,"caption":"Pensar Cursos"},"image":{"@id":"https:\/\/www.pensarcursos.com.br\/blog\/#\/schema\/logo\/image\/"},"sameAs":["https:\/\/www.facebook.com\/pensarcursos\/","https:\/\/instagram.com.br\/pensarcursos"],"description":"Pensar Cursos \u00e9 uma empresa especializada em oferecer cursos de alta qualidade voltados para o desenvolvimento profissional e acad\u00eamico. Com uma ampla gama de op\u00e7\u00f5es de treinamento, oferecemos conte\u00fados atualizados, ministrados por especialistas da \u00e1rea, para capacitar indiv\u00edduos e equipes a atingirem seus objetivos. Nossa miss\u00e3o \u00e9 proporcionar uma educa\u00e7\u00e3o transformadora, acess\u00edvel e personalizada para cada aluno, seja em cursos presenciais ou online. Com uma abordagem inovadora, buscamos adaptar os nossos programas de ensino \u00e0s necessidades do mercado, criando solu\u00e7\u00f5es que atendem aos desafios e exig\u00eancias do mundo corporativo e acad\u00eamico. Nossos cursos incluem desde forma\u00e7\u00f5es t\u00e9cnicas at\u00e9 habilidades essenciais, como lideran\u00e7a, gest\u00e3o e desenvolvimento pessoal.","email":"contato@pensarcursos.com.br","legalName":"Sena Servi\u00e7os de Informa\u00e7\u00e3o Online LTDA","foundingDate":"2013-04-18","vatID":"17956217000172","numberOfEmployees":{"@type":"QuantitativeValue","minValue":"11","maxValue":"50"},"publishingPrinciples":"https:\/\/www.pensarcursos.com.br\/blog\/principios-de-publicacao\/","ownershipFundingInfo":"https:\/\/www.pensarcursos.com.br\/blog\/informacoes-de-propriedade-financiamento\/","actionableFeedbackPolicy":"https:\/\/www.pensarcursos.com.br\/blog\/politica-de-feedback-acionavel\/","correctionsPolicy":"https:\/\/www.pensarcursos.com.br\/blog\/politica-de-correcoes\/","ethicsPolicy":"https:\/\/www.pensarcursos.com.br\/blog\/politica-de-etica\/"},{"@type":"Person","@id":"https:\/\/www.pensarcursos.com.br\/blog\/#\/schema\/person\/2700c09d818d989d5d4fff5f50d4b755","name":"Yasmin Santos","image":{"@type":"ImageObject","inLanguage":"pt-BR","@id":"https:\/\/secure.gravatar.com\/avatar\/b8d88d102398911030f7bd8e99bd07ffbbb62169f9a740f38705dc857853eb31?s=96&d=mm&r=g","url":"https:\/\/secure.gravatar.com\/avatar\/b8d88d102398911030f7bd8e99bd07ffbbb62169f9a740f38705dc857853eb31?s=96&d=mm&r=g","contentUrl":"https:\/\/secure.gravatar.com\/avatar\/b8d88d102398911030f7bd8e99bd07ffbbb62169f9a740f38705dc857853eb31?s=96&d=mm&r=g","caption":"Yasmin Santos"},"description":"Graduada em Letras Portugu\u00eas\/Ingl\u00eas pela Universidade Estadual de Santa Cruz (UESC), redatora do Grupo Sena Online","sameAs":["https:\/\/www.instagram.com\/yasmin0_20?igsh=MTdqZXF3NTA1b2gyMg=="],"url":"https:\/\/www.pensarcursos.com.br\/blog\/author\/yasmin\/"}]}},"_links":{"self":[{"href":"https:\/\/www.pensarcursos.com.br\/blog\/wp-json\/wp\/v2\/posts\/149613","targetHints":{"allow":["GET"]}}],"collection":[{"href":"https:\/\/www.pensarcursos.com.br\/blog\/wp-json\/wp\/v2\/posts"}],"about":[{"href":"https:\/\/www.pensarcursos.com.br\/blog\/wp-json\/wp\/v2\/types\/post"}],"author":[{"embeddable":true,"href":"https:\/\/www.pensarcursos.com.br\/blog\/wp-json\/wp\/v2\/users\/56"}],"replies":[{"embeddable":true,"href":"https:\/\/www.pensarcursos.com.br\/blog\/wp-json\/wp\/v2\/comments?post=149613"}],"version-history":[{"count":0,"href":"https:\/\/www.pensarcursos.com.br\/blog\/wp-json\/wp\/v2\/posts\/149613\/revisions"}],"wp:featuredmedia":[{"embeddable":true,"href":"https:\/\/www.pensarcursos.com.br\/blog\/wp-json\/wp\/v2\/media\/149619"}],"wp:attachment":[{"href":"https:\/\/www.pensarcursos.com.br\/blog\/wp-json\/wp\/v2\/media?parent=149613"}],"wp:term":[{"taxonomy":"category","embeddable":true,"href":"https:\/\/www.pensarcursos.com.br\/blog\/wp-json\/wp\/v2\/categories?post=149613"},{"taxonomy":"post_tag","embeddable":true,"href":"https:\/\/www.pensarcursos.com.br\/blog\/wp-json\/wp\/v2\/tags?post=149613"}],"curies":[{"name":"wp","href":"https:\/\/api.w.org\/{rel}","templated":true}]}}