{"id":149611,"date":"2026-03-12T00:00:51","date_gmt":"2026-03-12T03:00:51","guid":{"rendered":"https:\/\/www.pensarcursos.com.br\/blog\/?p=149611"},"modified":"2026-03-12T10:26:26","modified_gmt":"2026-03-12T13:26:26","slug":"nota-980-no-enem-estudante-conta-como-a-pratica-de-12-redacoes-por-semana-fez-a-diferenca","status":"publish","type":"post","link":"https:\/\/www.pensarcursos.com.br\/blog\/nota-980-no-enem-estudante-conta-como-a-pratica-de-12-redacoes-por-semana-fez-a-diferenca\/","title":{"rendered":"Nota 980 no Enem: estudante conta como a pr\u00e1tica de 12 reda\u00e7\u00f5es por semana fez a diferen\u00e7a"},"content":{"rendered":"<p>O que faz estudantes obterem notas quase perfeitas na reda\u00e7\u00e3o do Enem? Descobrir a estrat\u00e9gia por tr\u00e1s desses resultados pode transformar sua pr\u00f3pria prepara\u00e7\u00e3o. <strong>Um estudante do Acre, sem recursos extras, chegou aos 980 pontos ap\u00f3s revisar sua abordagem de<\/strong> <strong>estudos para o Enem<\/strong> \u2014 e o segredo envolveu disciplina, t\u00e9cnica e equil\u00edbrio emocional.<\/p>\n<h2>Entenda o feito que chamou aten\u00e7\u00e3o no Enem 2025<\/h2>\n<p>Gustavo da Silva Pereira, 19 anos, conquistou 980 pontos na reda\u00e7\u00e3o do<a href=\"https:\/\/www.pensarcursos.com.br\/blog\/mulheres-sao-maioria-no-enem-dados-atualizados-revelam-a-resposta\/\" target=\"_blank\" rel=\"noopener\"> Exame Nacional do Ensino M\u00e9dio (Enem)<\/a> 2025. O resultado surpreendeu n\u00e3o apenas pela pontua\u00e7\u00e3o, mas tamb\u00e9m porque <strong>o estudante garantiu uma das 80 vagas em medicina da Universidade Federal do Acre (Ufac)<\/strong>, com \u00edndice de concorr\u00eancia de 67,8 candidatos por vaga.<\/p>\n<p>No in\u00edcio de 2026, Gustavo recebeu a not\u00edcia em casa, com a fam\u00edlia, e declarou sentir &#8220;<em>al\u00edvio e realiza\u00e7\u00e3o<\/em>&#8221; ap\u00f3s meses de preparo intenso. Embora tenha feito boas provas, a aprova\u00e7\u00e3o veio via vestibular pr\u00f3prio da Ufac \u2014 agora desvinculado do Sisu \u2014, realizado pelo <a href=\"https:\/\/www.cebraspe.org.br\/\" target=\"_blank\" rel=\"noopener\">Cebraspe<\/a> em janeiro.<\/p>\n<figure id=\"attachment_149618\" aria-describedby=\"caption-attachment-149618\" style=\"width: 784px\" class=\"wp-caption aligncenter\"><img decoding=\"async\" class=\"wp-image-149618 size-full\" src=\"https:\/\/www.pensarcursos.com.br\/blog\/wp-content\/uploads\/2026\/03\/gustavo-da-silva-pereira.jpg\" alt=\"Gustavo da Silva Pereira, jovem de 19 anos, sorrindo e usando \u00f3culos, vestindo uma camiseta cinza de refor\u00e7o escolar. Ele \u00e9 o estudante do Acre que alcan\u00e7ou 980 pontos na reda\u00e7\u00e3o do Enem.\" width=\"784\" height=\"750\" srcset=\"https:\/\/www.pensarcursos.com.br\/blog\/wp-content\/uploads\/2026\/03\/gustavo-da-silva-pereira.jpg 784w, https:\/\/www.pensarcursos.com.br\/blog\/wp-content\/uploads\/2026\/03\/gustavo-da-silva-pereira-300x287.jpg 300w, https:\/\/www.pensarcursos.com.br\/blog\/wp-content\/uploads\/2026\/03\/gustavo-da-silva-pereira-768x735.jpg 768w, https:\/\/www.pensarcursos.com.br\/blog\/wp-content\/uploads\/2026\/03\/gustavo-da-silva-pereira-750x717.jpg 750w\" sizes=\"(max-width: 784px) 100vw, 784px\" \/><figcaption id=\"caption-attachment-149618\" class=\"wp-caption-text\">Gustavo celebrou a aprova\u00e7\u00e3o em medicina na Ufac ap\u00f3s enfrentar uma concorr\u00eancia de quase 68 candidatos por vaga. Imagem: Arquivo Pessoal<\/figcaption><\/figure>\n<h2>Como Gustavo transformou a sua prepara\u00e7\u00e3o?<\/h2>\n<p>Ap\u00f3s dois anos seguidos batendo 840 pontos na <a href=\"https:\/\/www.pensarcursos.com.br\/blog\/redacao-do-enem-2026-veja-os-temas-que-estao-no-radar-e-voce-deveria-estudar-desde-ja\/\" target=\"_blank\" rel=\"noopener\">reda\u00e7\u00e3o<\/a>, Gustavo percebeu que precisava ir al\u00e9m do b\u00e1sico. Ele modificou completamente seu jeito de estudar para a reda\u00e7\u00e3o do Enem.<\/p>\n<ul>\n<li><strong>12 reda\u00e7\u00f5es por semana:<\/strong> o relato surpreende; Gustavo praticava textos completos e exerc\u00edcios de estrutura praticamente todos os dias \u00fateis, al\u00e9m de revisar erros e buscar temas variados.<\/li>\n<li><strong>Pr\u00e1tica focada em temas correntes:<\/strong> escolhia quest\u00f5es sociais pr\u00f3ximas da realidade, como fez ao citar &#8220;Quarto de Despejo&#8221;, de Carolina Maria de Jesus, para conectar literatura e \u00e9tica m\u00e9dica no vestibular.<\/li>\n<li><strong>Equil\u00edbrio entre pr\u00e1tica e descanso:<\/strong> organizava os estudos com aulas particulares, seu trabalho extra, mas mantinha tempo para lazer e fam\u00edlia.<\/li>\n<\/ul>\n<h2>Como aplicar o m\u00e9todo na sua prepara\u00e7\u00e3o para o Enem 2026<\/h2>\n<p>O exemplo real mostra que consist\u00eancia e revis\u00e3o criam resultados. Veja como adaptar as estrat\u00e9gias para sua rotina:<\/p>\n<ol>\n<li><strong>Estabele\u00e7a metas semanais de produ\u00e7\u00e3o:<\/strong> Defina um n\u00famero m\u00ednimo de textos completos a escrever (pode come\u00e7ar com 2-3 por semana e evoluir).<\/li>\n<li><strong>Varia\u00e7\u00e3o de temas:<\/strong> Escolha assuntos nas manchetes nacionais, quest\u00f5es de sa\u00fade, educa\u00e7\u00e3o e pol\u00edticas sociais, como ocorre frequentemente nas provas do Enem.<\/li>\n<li><strong>Revis\u00e3o ativa:<\/strong> Releia textos corrigidos, anote principais erros e pontos de melhora, construa uma lista com conectivos, repert\u00f3rios e estrat\u00e9gias argumentativas.<\/li>\n<li><strong>Replique condi\u00e7\u00f5es de prova:<\/strong> Cronometre parte das pr\u00e1ticas, simule o ambiente do exame \u2013 papel, caneta, tempo limitado.<\/li>\n<li><strong>Considere momentos de descanso:<\/strong> Inclua pausas, contato com a fam\u00edlia e pr\u00e1ticas que aliviem a ansiedade, inspirando-se no equil\u00edbrio mostrado por Gustavo.<\/li>\n<\/ol>\n<h2>O papel do apoio emocional e da f\u00e9<\/h2>\n<p>Al\u00e9m de disciplina nos estudos do Enem, Gustavo destacou a import\u00e2ncia da f\u00e9 e do apoio familiar. Ir \u00e0 missa com m\u00e3e e av\u00f3, criar rituais de ora\u00e7\u00e3o e manter equil\u00edbrio interior ajudou a controlar o nervosismo pr\u00e9-vestibular, fator ignorado por muitos candidatos.<\/p>\n<h2>Expectativas para a faculdade e pr\u00f3ximos sonhos<\/h2>\n<p>Aprovado em medicina e j\u00e1 interessado pelas \u00e1reas de cardiologia e cirurgia, Gustavo escolheu a Ufac como destino principal, embora tenha tentado outras federais com a mesma nota de reda\u00e7\u00e3o.<\/p>\n<p>Seu exemplo refor\u00e7a: <strong>const\u00e2ncia, adapta\u00e7\u00e3o e suporte familiar fazem a diferen\u00e7a entre um resultado mediano e um destaque nacional.<\/strong><\/p>\n<p>Se voc\u00ea tamb\u00e9m deseja elevar o n\u00edvel da sua prepara\u00e7\u00e3o e dominar as t\u00e9cnicas que levam \u00e0 nota m\u00e1xima, n\u00e3o deixe de acompanhar as atualiza\u00e7\u00f5es e guias pr\u00e1ticos no <a href=\"https:\/\/www.pensarcursos.com.br\/blog\/\" target=\"_blank\" rel=\"noopener\">Blog Pensar Cursos<\/a>. Aqui, voc\u00ea encontra conte\u00fados exclusivos para potencializar seus estudos e conquistar a vaga dos seus sonhos em 2026!<\/p>\n<p>Para mais dicas sobre o Enem, confira o v\u00eddeo a seguir:<\/p>\n<div class=\"jeg_video_container jeg_video_content\"><iframe title=\"REDA\u00c7\u00c3O ENEM: 90 Minutos que Valem 1000! O Segredo da GEST\u00c3O de TEMPO!\" width=\"500\" height=\"281\" src=\"https:\/\/www.youtube.com\/embed\/d-izk7B3kD4?feature=oembed\" frameborder=\"0\" allow=\"accelerometer; autoplay; clipboard-write; encrypted-media; gyroscope; picture-in-picture; web-share\" referrerpolicy=\"strict-origin-when-cross-origin\" allowfullscreen><\/iframe><\/div>\n","protected":false},"excerpt":{"rendered":"<p>O que faz estudantes obterem notas quase perfeitas na reda\u00e7\u00e3o do Enem? Descobrir a estrat\u00e9gia por tr\u00e1s desses resultados pode transformar sua pr\u00f3pria prepara\u00e7\u00e3o. Um estudante do Acre, sem recursos extras, chegou aos 980 pontos ap\u00f3s revisar sua abordagem de estudos para o Enem \u2014 e o segredo envolveu disciplina, t\u00e9cnica e equil\u00edbrio emocional. Entenda [&hellip;]<\/p>\n","protected":false},"author":48,"featured_media":149617,"comment_status":"open","ping_status":"closed","sticky":false,"template":"","format":"standard","meta":{"jnews-multi-image_gallery":[],"jnews_single_post":{"format":"standard","override":[{"template":"1","parallax":"1","fullscreen":"1","layout":"right-sidebar","sidebar":"default-sidebar","second_sidebar":"default-sidebar","sticky_sidebar":"1","share_position":"topbottom","share_float_style":"share-monocrhome","show_featured":"1","show_post_meta":"1","show_post_author":"1","show_post_author_image":"1","show_post_date":"1","post_date_format":"default","post_date_format_custom":"Y\/m\/d","show_post_category":"1","post_reading_time_wpm":"300","post_calculate_word_method":"str_word_count","show_zoom_button":"0","zoom_button_out_step":"2","zoom_button_in_step":"3","show_post_tag":"1","show_prev_next_post":"1","show_popup_post":"1","show_comment_section":"1","number_popup_post":"2","show_author_box":"1","show_post_related":"1","show_inline_post_related":"1"}],"image_override":[{"single_post_thumbnail_size":"crop-500","single_post_gallery_size":"crop-500"}],"trending_post_position":"meta","trending_post_label":"Trending","sponsored_post_label":"Sponsored by","disable_ad":"0","subtitle":"Veja como a pr\u00e1tica estrat\u00e9gica e o equil\u00edbrio emocional impulsionaram o desempenho de Gustavo da Silva Pereira."},"jnews_primary_category":[],"jnews_social_meta":[],"jnews_override_counter":{"view_counter_number":"0","share_counter_number":"0","like_counter_number":"0","dislike_counter_number":"0"},"footnotes":""},"categories":[30],"tags":[11892,39527,13628],"class_list":["post-149611","post","type-post","status-publish","format-standard","has-post-thumbnail","hentry","category-enem-vestibular","tag-dicas-redacao-enem","tag-estrategia-de-estudos-para-o-enem","tag-estudos-enem"],"yoast_head":"<!-- This site is optimized with the Yoast SEO Premium plugin v27.4 (Yoast SEO v27.4) - https:\/\/yoast.com\/product\/yoast-seo-premium-wordpress\/ -->\n<title>Nota 980 no Enem: estudante conta como a pr\u00e1tica de 12 reda\u00e7\u00f5es por semana fez a diferen\u00e7a - Blog Pensar Cursos<\/title>\n<meta name=\"description\" content=\"Estudante do Acre tira 980 na reda\u00e7\u00e3o do Enem com m\u00e9todo de 12 textos por semana. Aprenda a aplicar essa estrat\u00e9gia nos seus estudos!\" \/>\n<meta name=\"robots\" content=\"index, follow, max-snippet:-1, max-image-preview:large, max-video-preview:-1\" \/>\n<link rel=\"canonical\" href=\"https:\/\/www.pensarcursos.com.br\/blog\/nota-980-no-enem-estudante-conta-como-a-pratica-de-12-redacoes-por-semana-fez-a-diferenca\/\" \/>\n<meta property=\"og:locale\" content=\"pt_BR\" \/>\n<meta property=\"og:type\" content=\"article\" \/>\n<meta property=\"og:title\" content=\"Nota 980 no Enem: estudante conta como a pr\u00e1tica de 12 reda\u00e7\u00f5es por semana fez a diferen\u00e7a\" \/>\n<meta property=\"og:description\" content=\"Estudante do Acre tira 980 na reda\u00e7\u00e3o do Enem com m\u00e9todo de 12 textos por semana. Aprenda a aplicar essa estrat\u00e9gia nos seus estudos!\" \/>\n<meta property=\"og:url\" content=\"https:\/\/www.pensarcursos.com.br\/blog\/nota-980-no-enem-estudante-conta-como-a-pratica-de-12-redacoes-por-semana-fez-a-diferenca\/\" \/>\n<meta property=\"og:site_name\" content=\"Blog Pensar Cursos\" \/>\n<meta property=\"article:publisher\" content=\"https:\/\/www.facebook.com\/pensarcursos\/\" \/>\n<meta property=\"article:published_time\" content=\"2026-03-12T03:00:51+00:00\" \/>\n<meta property=\"article:modified_time\" content=\"2026-03-12T13:26:26+00:00\" \/>\n<meta property=\"og:image\" content=\"https:\/\/www.pensarcursos.com.br\/blog\/wp-content\/uploads\/2026\/03\/dicas-enem.webp\" \/>\n\t<meta property=\"og:image:width\" content=\"1200\" \/>\n\t<meta property=\"og:image:height\" content=\"800\" \/>\n\t<meta property=\"og:image:type\" content=\"image\/webp\" \/>\n<meta name=\"author\" content=\"Isabelli Ferreira\" \/>\n<meta name=\"twitter:card\" content=\"summary_large_image\" \/>\n<meta name=\"twitter:label1\" content=\"Escrito por\" \/>\n\t<meta name=\"twitter:data1\" content=\"Isabelli Ferreira\" \/>\n\t<meta name=\"twitter:label2\" content=\"Est. tempo de leitura\" \/>\n\t<meta name=\"twitter:data2\" content=\"4 minutos\" \/>\n<!-- \/ Yoast SEO Premium plugin. -->","yoast_head_json":{"title":"Nota 980 no Enem: estudante conta como a pr\u00e1tica de 12 reda\u00e7\u00f5es por semana fez a diferen\u00e7a - Blog Pensar Cursos","description":"Estudante do Acre tira 980 na reda\u00e7\u00e3o do Enem com m\u00e9todo de 12 textos por semana. Aprenda a aplicar essa estrat\u00e9gia nos seus estudos!","robots":{"index":"index","follow":"follow","max-snippet":"max-snippet:-1","max-image-preview":"max-image-preview:large","max-video-preview":"max-video-preview:-1"},"canonical":"https:\/\/www.pensarcursos.com.br\/blog\/nota-980-no-enem-estudante-conta-como-a-pratica-de-12-redacoes-por-semana-fez-a-diferenca\/","og_locale":"pt_BR","og_type":"article","og_title":"Nota 980 no Enem: estudante conta como a pr\u00e1tica de 12 reda\u00e7\u00f5es por semana fez a diferen\u00e7a","og_description":"Estudante do Acre tira 980 na reda\u00e7\u00e3o do Enem com m\u00e9todo de 12 textos por semana. Aprenda a aplicar essa estrat\u00e9gia nos seus estudos!","og_url":"https:\/\/www.pensarcursos.com.br\/blog\/nota-980-no-enem-estudante-conta-como-a-pratica-de-12-redacoes-por-semana-fez-a-diferenca\/","og_site_name":"Blog Pensar Cursos","article_publisher":"https:\/\/www.facebook.com\/pensarcursos\/","article_published_time":"2026-03-12T03:00:51+00:00","article_modified_time":"2026-03-12T13:26:26+00:00","og_image":[{"width":1200,"height":800,"url":"https:\/\/www.pensarcursos.com.br\/blog\/wp-content\/uploads\/2026\/03\/dicas-enem.webp","type":"image\/webp"}],"author":"Isabelli Ferreira","twitter_card":"summary_large_image","twitter_misc":{"Escrito por":"Isabelli Ferreira","Est. tempo de leitura":"4 minutos"},"schema":{"@context":"https:\/\/schema.org","@graph":[{"@type":["Article","BlogPosting"],"@id":"https:\/\/www.pensarcursos.com.br\/blog\/nota-980-no-enem-estudante-conta-como-a-pratica-de-12-redacoes-por-semana-fez-a-diferenca\/#article","isPartOf":{"@id":"https:\/\/www.pensarcursos.com.br\/blog\/nota-980-no-enem-estudante-conta-como-a-pratica-de-12-redacoes-por-semana-fez-a-diferenca\/"},"author":{"name":"Isabelli Ferreira","@id":"https:\/\/www.pensarcursos.com.br\/blog\/#\/schema\/person\/e387ba49ed4a778962271648452528c2"},"headline":"Nota 980 no Enem: estudante conta como a pr\u00e1tica de 12 reda\u00e7\u00f5es por semana fez a diferen\u00e7a","datePublished":"2026-03-12T03:00:51+00:00","dateModified":"2026-03-12T13:26:26+00:00","mainEntityOfPage":{"@id":"https:\/\/www.pensarcursos.com.br\/blog\/nota-980-no-enem-estudante-conta-como-a-pratica-de-12-redacoes-por-semana-fez-a-diferenca\/"},"wordCount":707,"commentCount":0,"publisher":{"@id":"https:\/\/www.pensarcursos.com.br\/blog\/#organization"},"image":{"@id":"https:\/\/www.pensarcursos.com.br\/blog\/nota-980-no-enem-estudante-conta-como-a-pratica-de-12-redacoes-por-semana-fez-a-diferenca\/#primaryimage"},"thumbnailUrl":"https:\/\/www.pensarcursos.com.br\/blog\/wp-content\/uploads\/2026\/03\/dicas-enem.webp","keywords":["Dicas reda\u00e7\u00e3o Enem","estrat\u00e9gia de estudos para o enem","estudos ENEM"],"articleSection":["Enem e Vestibular"],"inLanguage":"pt-BR","potentialAction":[{"@type":"CommentAction","name":"Comment","target":["https:\/\/www.pensarcursos.com.br\/blog\/nota-980-no-enem-estudante-conta-como-a-pratica-de-12-redacoes-por-semana-fez-a-diferenca\/#respond"]}],"copyrightYear":"2026","copyrightHolder":{"@id":"https:\/\/www.pensarcursos.com.br\/blog\/#organization"}},{"@type":"WebPage","@id":"https:\/\/www.pensarcursos.com.br\/blog\/nota-980-no-enem-estudante-conta-como-a-pratica-de-12-redacoes-por-semana-fez-a-diferenca\/","url":"https:\/\/www.pensarcursos.com.br\/blog\/nota-980-no-enem-estudante-conta-como-a-pratica-de-12-redacoes-por-semana-fez-a-diferenca\/","name":"Nota 980 no Enem: estudante conta como a pr\u00e1tica de 12 reda\u00e7\u00f5es por semana fez a diferen\u00e7a - Blog Pensar Cursos","isPartOf":{"@id":"https:\/\/www.pensarcursos.com.br\/blog\/#website"},"primaryImageOfPage":{"@id":"https:\/\/www.pensarcursos.com.br\/blog\/nota-980-no-enem-estudante-conta-como-a-pratica-de-12-redacoes-por-semana-fez-a-diferenca\/#primaryimage"},"image":{"@id":"https:\/\/www.pensarcursos.com.br\/blog\/nota-980-no-enem-estudante-conta-como-a-pratica-de-12-redacoes-por-semana-fez-a-diferenca\/#primaryimage"},"thumbnailUrl":"https:\/\/www.pensarcursos.com.br\/blog\/wp-content\/uploads\/2026\/03\/dicas-enem.webp","datePublished":"2026-03-12T03:00:51+00:00","dateModified":"2026-03-12T13:26:26+00:00","description":"Estudante do Acre tira 980 na reda\u00e7\u00e3o do Enem com m\u00e9todo de 12 textos por semana. Aprenda a aplicar essa estrat\u00e9gia nos seus estudos!","breadcrumb":{"@id":"https:\/\/www.pensarcursos.com.br\/blog\/nota-980-no-enem-estudante-conta-como-a-pratica-de-12-redacoes-por-semana-fez-a-diferenca\/#breadcrumb"},"inLanguage":"pt-BR","potentialAction":[{"@type":"ReadAction","target":["https:\/\/www.pensarcursos.com.br\/blog\/nota-980-no-enem-estudante-conta-como-a-pratica-de-12-redacoes-por-semana-fez-a-diferenca\/"]}]},{"@type":"ImageObject","inLanguage":"pt-BR","@id":"https:\/\/www.pensarcursos.com.br\/blog\/nota-980-no-enem-estudante-conta-como-a-pratica-de-12-redacoes-por-semana-fez-a-diferenca\/#primaryimage","url":"https:\/\/www.pensarcursos.com.br\/blog\/wp-content\/uploads\/2026\/03\/dicas-enem.webp","contentUrl":"https:\/\/www.pensarcursos.com.br\/blog\/wp-content\/uploads\/2026\/03\/dicas-enem.webp","width":1200,"height":800,"caption":"A pr\u00e1tica intensiva de reda\u00e7\u00f5es aliada ao uso de ferramentas digitais foi o diferencial para Gustavo alcan\u00e7ar os 980 pontos. Imagem: Blog Pensar Cursos"},{"@type":"BreadcrumbList","@id":"https:\/\/www.pensarcursos.com.br\/blog\/nota-980-no-enem-estudante-conta-como-a-pratica-de-12-redacoes-por-semana-fez-a-diferenca\/#breadcrumb","itemListElement":[{"@type":"ListItem","position":1,"name":"Home","item":"https:\/\/www.pensarcursos.com.br\/blog\/"},{"@type":"ListItem","position":2,"name":"Nota 980 no Enem: estudante conta como a pr\u00e1tica de 12 reda\u00e7\u00f5es por semana fez a diferen\u00e7a"}]},{"@type":"WebSite","@id":"https:\/\/www.pensarcursos.com.br\/blog\/#website","url":"https:\/\/www.pensarcursos.com.br\/blog\/","name":"Blog Pensar Cursos","description":"Maior Site de Cursos do Brasil","publisher":{"@id":"https:\/\/www.pensarcursos.com.br\/blog\/#organization"},"alternateName":"Blog Pensar","potentialAction":[{"@type":"SearchAction","target":{"@type":"EntryPoint","urlTemplate":"https:\/\/www.pensarcursos.com.br\/blog\/?s={search_term_string}"},"query-input":{"@type":"PropertyValueSpecification","valueRequired":true,"valueName":"search_term_string"}}],"inLanguage":"pt-BR"},{"@type":"Organization","@id":"https:\/\/www.pensarcursos.com.br\/blog\/#organization","name":"Pensar Cursos","alternateName":"Blog pensar","url":"https:\/\/www.pensarcursos.com.br\/blog\/","logo":{"@type":"ImageObject","inLanguage":"pt-BR","@id":"https:\/\/www.pensarcursos.com.br\/blog\/#\/schema\/logo\/image\/","url":"https:\/\/www.pensarcursos.com.br\/blog\/wp-content\/uploads\/2023\/11\/Nova-Logo-Pensar-Cursos-vertical.png","contentUrl":"https:\/\/www.pensarcursos.com.br\/blog\/wp-content\/uploads\/2023\/11\/Nova-Logo-Pensar-Cursos-vertical.png","width":1393,"height":1001,"caption":"Pensar Cursos"},"image":{"@id":"https:\/\/www.pensarcursos.com.br\/blog\/#\/schema\/logo\/image\/"},"sameAs":["https:\/\/www.facebook.com\/pensarcursos\/","https:\/\/instagram.com.br\/pensarcursos"],"description":"Pensar Cursos \u00e9 uma empresa especializada em oferecer cursos de alta qualidade voltados para o desenvolvimento profissional e acad\u00eamico. Com uma ampla gama de op\u00e7\u00f5es de treinamento, oferecemos conte\u00fados atualizados, ministrados por especialistas da \u00e1rea, para capacitar indiv\u00edduos e equipes a atingirem seus objetivos. Nossa miss\u00e3o \u00e9 proporcionar uma educa\u00e7\u00e3o transformadora, acess\u00edvel e personalizada para cada aluno, seja em cursos presenciais ou online. Com uma abordagem inovadora, buscamos adaptar os nossos programas de ensino \u00e0s necessidades do mercado, criando solu\u00e7\u00f5es que atendem aos desafios e exig\u00eancias do mundo corporativo e acad\u00eamico. Nossos cursos incluem desde forma\u00e7\u00f5es t\u00e9cnicas at\u00e9 habilidades essenciais, como lideran\u00e7a, gest\u00e3o e desenvolvimento pessoal.","email":"contato@pensarcursos.com.br","legalName":"Sena Servi\u00e7os de Informa\u00e7\u00e3o Online LTDA","foundingDate":"2013-04-18","vatID":"17956217000172","numberOfEmployees":{"@type":"QuantitativeValue","minValue":"11","maxValue":"50"},"publishingPrinciples":"https:\/\/www.pensarcursos.com.br\/blog\/principios-de-publicacao\/","ownershipFundingInfo":"https:\/\/www.pensarcursos.com.br\/blog\/informacoes-de-propriedade-financiamento\/","actionableFeedbackPolicy":"https:\/\/www.pensarcursos.com.br\/blog\/politica-de-feedback-acionavel\/","correctionsPolicy":"https:\/\/www.pensarcursos.com.br\/blog\/politica-de-correcoes\/","ethicsPolicy":"https:\/\/www.pensarcursos.com.br\/blog\/politica-de-etica\/"},{"@type":"Person","@id":"https:\/\/www.pensarcursos.com.br\/blog\/#\/schema\/person\/e387ba49ed4a778962271648452528c2","name":"Isabelli Ferreira","image":{"@type":"ImageObject","inLanguage":"pt-BR","@id":"https:\/\/secure.gravatar.com\/avatar\/8b3b203e0769d83b87c611279890be042a5e5060500e577af59e9930f6f93d0a?s=96&d=mm&r=g","url":"https:\/\/secure.gravatar.com\/avatar\/8b3b203e0769d83b87c611279890be042a5e5060500e577af59e9930f6f93d0a?s=96&d=mm&r=g","contentUrl":"https:\/\/secure.gravatar.com\/avatar\/8b3b203e0769d83b87c611279890be042a5e5060500e577af59e9930f6f93d0a?s=96&d=mm&r=g","caption":"Isabelli Ferreira"},"description":"Graduada em LETRAS Vern\u00e1culas pela Universidade do Estado da Bahia (UNEB). Redatora grupo Sena Online.","sameAs":["https:\/\/www.linkedin.com\/in\/isabelli-pires-7b8778314"],"url":"https:\/\/www.pensarcursos.com.br\/blog\/author\/isabelli\/"}]}},"_links":{"self":[{"href":"https:\/\/www.pensarcursos.com.br\/blog\/wp-json\/wp\/v2\/posts\/149611","targetHints":{"allow":["GET"]}}],"collection":[{"href":"https:\/\/www.pensarcursos.com.br\/blog\/wp-json\/wp\/v2\/posts"}],"about":[{"href":"https:\/\/www.pensarcursos.com.br\/blog\/wp-json\/wp\/v2\/types\/post"}],"author":[{"embeddable":true,"href":"https:\/\/www.pensarcursos.com.br\/blog\/wp-json\/wp\/v2\/users\/48"}],"replies":[{"embeddable":true,"href":"https:\/\/www.pensarcursos.com.br\/blog\/wp-json\/wp\/v2\/comments?post=149611"}],"version-history":[{"count":0,"href":"https:\/\/www.pensarcursos.com.br\/blog\/wp-json\/wp\/v2\/posts\/149611\/revisions"}],"wp:featuredmedia":[{"embeddable":true,"href":"https:\/\/www.pensarcursos.com.br\/blog\/wp-json\/wp\/v2\/media\/149617"}],"wp:attachment":[{"href":"https:\/\/www.pensarcursos.com.br\/blog\/wp-json\/wp\/v2\/media?parent=149611"}],"wp:term":[{"taxonomy":"category","embeddable":true,"href":"https:\/\/www.pensarcursos.com.br\/blog\/wp-json\/wp\/v2\/categories?post=149611"},{"taxonomy":"post_tag","embeddable":true,"href":"https:\/\/www.pensarcursos.com.br\/blog\/wp-json\/wp\/v2\/tags?post=149611"}],"curies":[{"name":"wp","href":"https:\/\/api.w.org\/{rel}","templated":true}]}}