{"id":149605,"date":"2026-03-12T13:59:36","date_gmt":"2026-03-12T16:59:36","guid":{"rendered":"https:\/\/www.pensarcursos.com.br\/blog\/?p=149605"},"modified":"2026-03-12T10:01:23","modified_gmt":"2026-03-12T13:01:23","slug":"prazo-de-matricula-no-pe-de-meia-como-garantir-o-pagamento-de-r-200-em-2026","status":"publish","type":"post","link":"https:\/\/www.pensarcursos.com.br\/blog\/prazo-de-matricula-no-pe-de-meia-como-garantir-o-pagamento-de-r-200-em-2026\/","title":{"rendered":"Prazo de matr\u00edcula no P\u00e9-de-Meia: como garantir o pagamento de R$ 200 em 2026"},"content":{"rendered":"<p>Quem deixar a matr\u00edcula para depois perde R$ 200 \u2014 sem chance de recuperar. Existe um prazo que poucos estudantes conhecem e que pode custar R$ 200 em mar\u00e7o.<\/p>\n<p>O <strong><a href=\"https:\/\/www.pensarcursos.com.br\/blog\/pe-de-meia-de-marco-pagamento-comeca-no-dia-16-ou-23\/\" target=\"_blank\" rel=\"noopener\">P\u00e9-de-Meia<\/a> 2026<\/strong> exige que a matr\u00edcula seja feita em at\u00e9 dois meses ap\u00f3s o in\u00edcio das aulas. Quem n\u00e3o cumprir essa condi\u00e7\u00e3o perde o <strong>Incentivo-Matr\u00edcula<\/strong> de forma definitiva, sem possibilidade de reembolso em outra data do ano.<\/p>\n<p>Com o pagamento previsto entre <strong>23 e 30 de mar\u00e7o de 2026<\/strong>, o tempo para regularizar a situa\u00e7\u00e3o est\u00e1 se esgotando. Entender as regras agora pode fazer diferen\u00e7a direta no bolso do estudante e da fam\u00edlia.<\/p>\n<h2>Qual \u00e9 o prazo de matr\u00edcula no P\u00e9-de-Meia para receber os R$ 200<\/h2>\n<h3>A regra dos dois meses<\/h3>\n<p>De acordo com as regras do <a href=\"https:\/\/www.pensarcursos.com.br\/blog\/pe-de-meia-2026-evite-esses-erros-para-nao-perder-o-beneficio\/\" target=\"_blank\" rel=\"noopener\"><strong>P\u00e9-de-Meia 2026<\/strong><\/a>, o estudante precisa realizar a matr\u00edcula em at\u00e9 <strong>dois meses ap\u00f3s o in\u00edcio das aulas<\/strong>. Esse passou a ser um crit\u00e9rio obrigat\u00f3rio para receber o Incentivo-Matr\u00edcula de R$ 200.<\/p>\n<p>Nas redes estaduais de ensino, o ano letivo geralmente tem in\u00edcio em fevereiro. Portanto, a matr\u00edcula deve estar registrada <strong>at\u00e9 abril<\/strong>, no limite dos dois meses contados a partir do come\u00e7o das aulas.<\/p>\n<h3>O que acontece se a matr\u00edcula for feita depois do prazo<\/h3>\n<p>Caso a matr\u00edcula seja realizada ap\u00f3s esse per\u00edodo, o estudante <strong>n\u00e3o ter\u00e1 direito ao Incentivo-Matr\u00edcula<\/strong>. No entanto, isso n\u00e3o impede o recebimento das demais parcelas do programa.<\/p>\n<p>Ou seja, quem se matricular fora desse prazo de dois meses <strong>perde apenas os R$ 200<\/strong> do incentivo-matr\u00edcula, mas ainda poder\u00e1 receber os incentivos de frequ\u00eancia e de aprova\u00e7\u00e3o, desde que cumpra os demais requisitos.<\/p>\n<h2>Valores do programa ao longo do ensino m\u00e9dio<\/h2>\n<p>O P\u00e9-de-Meia oferece incentivos que podem somar at\u00e9 <strong>R$ 9.200<\/strong> durante os tr\u00eas anos do ensino m\u00e9dio.<\/p>\n<p>Confira a estrutura completa:<\/p>\n<table>\n<thead>\n<tr>\n<th>Tipo de incentivo<\/th>\n<th>Valor<\/th>\n<th>Condi\u00e7\u00e3o<\/th>\n<\/tr>\n<\/thead>\n<tbody>\n<tr>\n<td>Incentivo-Matr\u00edcula<\/td>\n<td>R$ 200<\/td>\n<td>Parcela \u00fanica anual<\/td>\n<\/tr>\n<tr>\n<td>Incentivo-Frequ\u00eancia<\/td>\n<td>R$ 200\/m\u00eas<\/td>\n<td>At\u00e9 9 parcelas por ano<\/td>\n<\/tr>\n<tr>\n<td>Incentivo-Conclus\u00e3o<\/td>\n<td>R$ 1.000\/ano<\/td>\n<td>Aprova\u00e7\u00e3o ao final do ano letivo<\/td>\n<\/tr>\n<tr>\n<td>Incentivo-Enem<\/td>\n<td>R$ 200<\/td>\n<td>Participa\u00e7\u00e3o nos dois dias de prova<\/td>\n<\/tr>\n<\/tbody>\n<\/table>\n<h2>Calend\u00e1rio do Incentivo-Matr\u00edcula de R$ 200 em mar\u00e7o de 2026<\/h2>\n<p>O pagamento do <strong>incentivo-matr\u00edcula do P\u00e9-de-Meia 2026<\/strong> est\u00e1 programado para ocorrer entre os dias <strong>23 e 30 de mar\u00e7o<\/strong>, conforme o m\u00eas de nascimento do estudante. Veja o calend\u00e1rio oficial:<\/p>\n<table>\n<thead>\n<tr>\n<th scope=\"col\">M\u00eas de nascimento<\/th>\n<th scope=\"col\">Data do pagamento<\/th>\n<\/tr>\n<\/thead>\n<tbody>\n<tr>\n<td>Janeiro e fevereiro<\/td>\n<td>23 de mar\u00e7o de 2026<\/td>\n<\/tr>\n<tr>\n<td>Mar\u00e7o e abril<\/td>\n<td>24 de mar\u00e7o de 2026<\/td>\n<\/tr>\n<tr>\n<td>Maio e junho<\/td>\n<td>25 de mar\u00e7o de 2026<\/td>\n<\/tr>\n<tr>\n<td>Julho e agosto<\/td>\n<td>26 de mar\u00e7o de 2026<\/td>\n<\/tr>\n<tr>\n<td>Setembro e outubro<\/td>\n<td>27 de mar\u00e7o de 2026<\/td>\n<\/tr>\n<tr>\n<td>Novembro e dezembro<\/td>\n<td>30 de mar\u00e7o de 2026<\/td>\n<\/tr>\n<\/tbody>\n<\/table>\n<figure id=\"attachment_149608\" aria-describedby=\"caption-attachment-149608\" style=\"width: 1200px\" class=\"wp-caption aligncenter\"><img decoding=\"async\" class=\"wp-image-149608 size-full\" src=\"https:\/\/www.pensarcursos.com.br\/blog\/wp-content\/uploads\/2026\/03\/prazo-incentivo-matricula-pe-de-meia-2026.webp\" alt=\"Aluno do ensino m\u00e9dio com mochila e cadernos usando celular ao lado da marca do programa P\u00e9-de-Meia 2026.\" width=\"1200\" height=\"800\" srcset=\"https:\/\/www.pensarcursos.com.br\/blog\/wp-content\/uploads\/2026\/03\/prazo-incentivo-matricula-pe-de-meia-2026.webp 1200w, https:\/\/www.pensarcursos.com.br\/blog\/wp-content\/uploads\/2026\/03\/prazo-incentivo-matricula-pe-de-meia-2026-300x200.webp 300w, https:\/\/www.pensarcursos.com.br\/blog\/wp-content\/uploads\/2026\/03\/prazo-incentivo-matricula-pe-de-meia-2026-1024x683.webp 1024w, https:\/\/www.pensarcursos.com.br\/blog\/wp-content\/uploads\/2026\/03\/prazo-incentivo-matricula-pe-de-meia-2026-768x512.webp 768w, https:\/\/www.pensarcursos.com.br\/blog\/wp-content\/uploads\/2026\/03\/prazo-incentivo-matricula-pe-de-meia-2026-750x500.webp 750w, https:\/\/www.pensarcursos.com.br\/blog\/wp-content\/uploads\/2026\/03\/prazo-incentivo-matricula-pe-de-meia-2026-1140x760.webp 1140w\" sizes=\"(max-width: 1200px) 100vw, 1200px\" \/><figcaption id=\"caption-attachment-149608\" class=\"wp-caption-text\">Quem pode receber o Incentivo-Matr\u00edcula do P\u00e9-de-Meia. Fonte: Blog Pensar Cursos.<\/figcaption><\/figure>\n<h2>Quem tem direito ao Incentivo-Matr\u00edcula de R$ 200 em 2026<\/h2>\n<h3>Requisitos b\u00e1sicos<\/h3>\n<p>Para receber o <strong>incentivo-matr\u00edcula de R$ 200<\/strong>, o estudante precisa atender, simultaneamente, \u00e0s seguintes condi\u00e7\u00f5es:<\/p>\n<ul>\n<li>Estar <strong>matriculado no ensino m\u00e9dio p\u00fablico<\/strong> em 2026<\/li>\n<li>Ter realizado a matr\u00edcula <strong>dentro dos dois primeiros meses<\/strong> do ano letivo<\/li>\n<li>Estar <strong>inscrito no Cad\u00danico<\/strong> com renda familiar per capita de at\u00e9 meio sal\u00e1rio m\u00ednimo<\/li>\n<li>Ter <strong>conta ativa no Caixa Tem<\/strong> ou cadastro banc\u00e1rio vinculado ao programa<\/li>\n<\/ul>\n<h3>Estudantes que n\u00e3o t\u00eam direito ao incentivo-matr\u00edcula<\/h3>\n<p>Ficam exclu\u00eddos do incentivo-matr\u00edcula os estudantes que:<\/p>\n<ul>\n<li>Realizaram a matr\u00edcula <strong>ap\u00f3s o prazo de dois meses<\/strong><\/li>\n<li><strong>N\u00e3o est\u00e3o inscritos no Cad\u00danico<\/strong> ou com cadastro desatualizado<\/li>\n<li>Est\u00e3o em <strong>escola privada<\/strong> ou em modalidade n\u00e3o contemplada pelo programa<\/li>\n<li>J\u00e1 <strong>conclu\u00edram o ensino m\u00e9dio<\/strong> anteriormente<\/li>\n<\/ul>\n<h2>Como conferir se a matr\u00edcula est\u00e1 dentro do prazo<\/h2>\n<h3>Pelos canais oficiais do programa<\/h3>\n<p>O estudante pode verificar a sua situa\u00e7\u00e3o no programa pelos seguintes canais:<\/p>\n<ul>\n<li><strong>Aplicativo Jornada do Estudante<\/strong> (dispon\u00edvel para <a href=\"https:\/\/play.google.com\/store\/apps\/details?id=br.gov.mec.jornada.estudante&amp;hl=pt_BR\" target=\"_blank\" rel=\"noopener\">Android<\/a> e <a href=\"https:\/\/apps.apple.com\/br\/app\/jornada-do-estudante\/id1622441145\" target=\"_blank\" rel=\"noopener\">iOS<\/a>)<\/li>\n<li><strong>Site oficial do MEC: <\/strong><a href=\"https:\/\/estudante.pedemeia.mec.gov.br\/\" target=\"_blank\" rel=\"noopener\">p\u00e1gina do estudante<\/a><\/li>\n<li><strong>Aplicativo Caixa Tem <\/strong>(dispon\u00edvel para <a href=\"https:\/\/play.google.com\/store\/apps\/details?id=br.gov.caixa.tem&amp;hl=pt_BR\" target=\"_blank\" rel=\"noopener\">Android<\/a> e <a href=\"https:\/\/apps.apple.com\/br\/app\/caixa-tem\/id1485424267\" target=\"_blank\" rel=\"noopener\">iOS<\/a>)<\/li>\n<li><strong>Secretaria escolar<\/strong> da institui\u00e7\u00e3o de ensino<\/li>\n<\/ul>\n<p>Caso haja qualquer inconsist\u00eancia nos dados, o ideal \u00e9 procurar a secretaria da escola com documento de identidade e comprovante de matr\u00edcula para regularizar a situa\u00e7\u00e3o o quanto antes.<\/p>\n<h2>P\u00e9-de-Meia 2026: o que muda com as novas regras de matr\u00edcula<\/h2>\n<p>Em 2026, o prazo de matr\u00edcula tornou-se um crit\u00e9rio formal e obrigat\u00f3rio para o recebimento do incentivo. A mudan\u00e7a busca alinhar o pagamento ao in\u00edcio efetivo do ano letivo, garantindo que o incentivo financeiro chegue para quem realmente est\u00e1 em sala de aula.<\/p>\n<h2>O valor de R$ 200 pode ser sacado imediatamente<\/h2>\n<p>Diferentemente do Incentivo-Conclus\u00e3o de R$ 1.000, que fica retido at\u00e9 a formatura, o <strong>Incentivo-Matr\u00edcula de R$ 200 pode ser sacado assim que o dep\u00f3sito for realizado<\/strong>, sem necessidade de aguardar nenhuma outra etapa.<\/p>\n<p>O saque pode ser feito diretamente pelo <strong>Caixa Tem<\/strong>, em caixas eletr\u00f4nicos da Caixa Econ\u00f4mica Federal ou em casas lot\u00e9ricas com o cart\u00e3o do programa.<\/p>\n<p>Para mais informa\u00e7\u00f5es e not\u00edcias, continue acessando o<strong> <a href=\"https:\/\/www.pensarcursos.com.br\/blog\/\" target=\"_blank\" rel=\"noopener\">Blog Pensar Cursos<\/a><\/strong>.<\/p>\n<p>Assista ao v\u00eddeo abaixo e entenda como fazer o P\u00e9-de-Meia render:<\/p>\n<div class=\"jeg_video_container jeg_video_content\"><iframe title=\"Como fazer o P\u00e9-de-Meia render mais? Poupan\u00e7a ou Tesouro Selic? Descubra a diferen\u00e7a\" width=\"500\" height=\"281\" src=\"https:\/\/www.youtube.com\/embed\/YoZuXca5dZ4?feature=oembed\" frameborder=\"0\" allow=\"accelerometer; autoplay; clipboard-write; encrypted-media; gyroscope; picture-in-picture; web-share\" referrerpolicy=\"strict-origin-when-cross-origin\" allowfullscreen><\/iframe><\/div>\n","protected":false},"excerpt":{"rendered":"<p>Quem deixar a matr\u00edcula para depois perde R$ 200 \u2014 sem chance de recuperar. Existe um prazo que poucos estudantes conhecem e que pode custar R$ 200 em mar\u00e7o. O P\u00e9-de-Meia 2026 exige que a matr\u00edcula seja feita em at\u00e9 dois meses ap\u00f3s o in\u00edcio das aulas. Quem n\u00e3o cumprir essa condi\u00e7\u00e3o perde o Incentivo-Matr\u00edcula [&hellip;]<\/p>\n","protected":false},"author":56,"featured_media":149607,"comment_status":"open","ping_status":"closed","sticky":false,"template":"","format":"standard","meta":{"jnews-multi-image_gallery":[],"jnews_single_post":{"format":"standard","override":[{"template":"1","parallax":"1","fullscreen":"1","layout":"right-sidebar","sidebar":"default-sidebar","second_sidebar":"default-sidebar","sticky_sidebar":"1","share_position":"topbottom","share_float_style":"share-monocrhome","show_featured":"1","show_post_meta":"1","show_post_author":"1","show_post_author_image":"1","show_post_date":"1","post_date_format":"default","post_date_format_custom":"Y\/m\/d","show_post_category":"1","post_reading_time_wpm":"300","post_calculate_word_method":"str_word_count","show_zoom_button":"0","zoom_button_out_step":"2","zoom_button_in_step":"3","show_post_tag":"1","show_prev_next_post":"1","show_popup_post":"1","show_comment_section":"1","number_popup_post":"2","show_author_box":"1","show_post_related":"1","show_inline_post_related":"1"}],"image_override":[{"single_post_thumbnail_size":"crop-500","single_post_gallery_size":"crop-500"}],"trending_post_position":"meta","trending_post_label":"Trending","sponsored_post_label":"Sponsored by","disable_ad":"0","subtitle":"Entenda a regra dos dois meses, o calend\u00e1rio oficial de mar\u00e7o e o que acontece com quem perde o prazo"},"jnews_primary_category":[],"jnews_social_meta":[],"jnews_override_counter":{"view_counter_number":"0","share_counter_number":"0","like_counter_number":"0","dislike_counter_number":"0"},"footnotes":""},"categories":[1657,17201],"tags":[36014,39272,39245,29392],"class_list":["post-149605","post","type-post","status-publish","format-standard","has-post-thumbnail","hentry","category-beneficios-sociais","category-pe-de-meia","tag-calendario-pe-de-meia-2026","tag-incentivo-matricula-2026","tag-pe-de-meia-marco-2026","tag-regras-pe-de-meia"],"yoast_head":"<!-- This site is optimized with the Yoast SEO Premium plugin v27.4 (Yoast SEO v27.4) - https:\/\/yoast.com\/product\/yoast-seo-premium-wordpress\/ -->\n<title>Prazo de matr\u00edcula no P\u00e9-de-Meia: como garantir o pagamento de R$ 200 em 2026 - Blog Pensar Cursos<\/title>\n<meta name=\"description\" content=\"Saiba qual \u00e9 o prazo de matr\u00edcula no P\u00e9-de-Meia para receber R$ 200 em mar\u00e7o de 2026 e n\u00e3o perca o benef\u00edcio. Confira agora!\" \/>\n<meta name=\"robots\" content=\"index, follow, max-snippet:-1, max-image-preview:large, max-video-preview:-1\" \/>\n<link rel=\"canonical\" href=\"https:\/\/www.pensarcursos.com.br\/blog\/prazo-de-matricula-no-pe-de-meia-como-garantir-o-pagamento-de-r-200-em-2026\/\" \/>\n<meta property=\"og:locale\" content=\"pt_BR\" \/>\n<meta property=\"og:type\" content=\"article\" \/>\n<meta property=\"og:title\" content=\"Prazo de matr\u00edcula no P\u00e9-de-Meia: como garantir o pagamento de R$ 200 em 2026\" \/>\n<meta property=\"og:description\" content=\"Saiba qual \u00e9 o prazo de matr\u00edcula no P\u00e9-de-Meia para receber R$ 200 em mar\u00e7o de 2026 e n\u00e3o perca o benef\u00edcio. Confira agora!\" \/>\n<meta property=\"og:url\" content=\"https:\/\/www.pensarcursos.com.br\/blog\/prazo-de-matricula-no-pe-de-meia-como-garantir-o-pagamento-de-r-200-em-2026\/\" \/>\n<meta property=\"og:site_name\" content=\"Blog Pensar Cursos\" \/>\n<meta property=\"article:publisher\" content=\"https:\/\/www.facebook.com\/pensarcursos\/\" \/>\n<meta property=\"article:published_time\" content=\"2026-03-12T16:59:36+00:00\" \/>\n<meta property=\"og:image\" content=\"https:\/\/www.pensarcursos.com.br\/blog\/wp-content\/uploads\/2026\/03\/prazo-matricula-pe-de-meia-2026.png\" \/>\n\t<meta property=\"og:image:width\" content=\"1200\" \/>\n\t<meta property=\"og:image:height\" content=\"800\" \/>\n\t<meta property=\"og:image:type\" content=\"image\/png\" \/>\n<meta name=\"author\" content=\"Yasmin Santos\" \/>\n<meta name=\"twitter:card\" content=\"summary_large_image\" \/>\n<meta name=\"twitter:label1\" content=\"Escrito por\" \/>\n\t<meta name=\"twitter:data1\" content=\"Yasmin Santos\" \/>\n\t<meta name=\"twitter:label2\" content=\"Est. tempo de leitura\" \/>\n\t<meta name=\"twitter:data2\" content=\"5 minutos\" \/>\n<!-- \/ Yoast SEO Premium plugin. -->","yoast_head_json":{"title":"Prazo de matr\u00edcula no P\u00e9-de-Meia: como garantir o pagamento de R$ 200 em 2026 - Blog Pensar Cursos","description":"Saiba qual \u00e9 o prazo de matr\u00edcula no P\u00e9-de-Meia para receber R$ 200 em mar\u00e7o de 2026 e n\u00e3o perca o benef\u00edcio. Confira agora!","robots":{"index":"index","follow":"follow","max-snippet":"max-snippet:-1","max-image-preview":"max-image-preview:large","max-video-preview":"max-video-preview:-1"},"canonical":"https:\/\/www.pensarcursos.com.br\/blog\/prazo-de-matricula-no-pe-de-meia-como-garantir-o-pagamento-de-r-200-em-2026\/","og_locale":"pt_BR","og_type":"article","og_title":"Prazo de matr\u00edcula no P\u00e9-de-Meia: como garantir o pagamento de R$ 200 em 2026","og_description":"Saiba qual \u00e9 o prazo de matr\u00edcula no P\u00e9-de-Meia para receber R$ 200 em mar\u00e7o de 2026 e n\u00e3o perca o benef\u00edcio. Confira agora!","og_url":"https:\/\/www.pensarcursos.com.br\/blog\/prazo-de-matricula-no-pe-de-meia-como-garantir-o-pagamento-de-r-200-em-2026\/","og_site_name":"Blog Pensar Cursos","article_publisher":"https:\/\/www.facebook.com\/pensarcursos\/","article_published_time":"2026-03-12T16:59:36+00:00","og_image":[{"width":1200,"height":800,"url":"https:\/\/www.pensarcursos.com.br\/blog\/wp-content\/uploads\/2026\/03\/prazo-matricula-pe-de-meia-2026.png","type":"image\/png"}],"author":"Yasmin Santos","twitter_card":"summary_large_image","twitter_misc":{"Escrito por":"Yasmin Santos","Est. tempo de leitura":"5 minutos"},"schema":{"@context":"https:\/\/schema.org","@graph":[{"@type":["Article","BlogPosting"],"@id":"https:\/\/www.pensarcursos.com.br\/blog\/prazo-de-matricula-no-pe-de-meia-como-garantir-o-pagamento-de-r-200-em-2026\/#article","isPartOf":{"@id":"https:\/\/www.pensarcursos.com.br\/blog\/prazo-de-matricula-no-pe-de-meia-como-garantir-o-pagamento-de-r-200-em-2026\/"},"author":{"name":"Yasmin Santos","@id":"https:\/\/www.pensarcursos.com.br\/blog\/#\/schema\/person\/2700c09d818d989d5d4fff5f50d4b755"},"headline":"Prazo de matr\u00edcula no P\u00e9-de-Meia: como garantir o pagamento de R$ 200 em 2026","datePublished":"2026-03-12T16:59:36+00:00","mainEntityOfPage":{"@id":"https:\/\/www.pensarcursos.com.br\/blog\/prazo-de-matricula-no-pe-de-meia-como-garantir-o-pagamento-de-r-200-em-2026\/"},"wordCount":884,"commentCount":0,"publisher":{"@id":"https:\/\/www.pensarcursos.com.br\/blog\/#organization"},"image":{"@id":"https:\/\/www.pensarcursos.com.br\/blog\/prazo-de-matricula-no-pe-de-meia-como-garantir-o-pagamento-de-r-200-em-2026\/#primaryimage"},"thumbnailUrl":"https:\/\/www.pensarcursos.com.br\/blog\/wp-content\/uploads\/2026\/03\/prazo-matricula-pe-de-meia-2026.png","keywords":["calend\u00e1rio p\u00e9 de meia 2026","incentivo matricula 2026","p\u00e9 de meia mar\u00e7o 2026","regras p\u00e9 de meia"],"articleSection":["Benef\u00edcios Sociais","P\u00e9-de-Meia"],"inLanguage":"pt-BR","potentialAction":[{"@type":"CommentAction","name":"Comment","target":["https:\/\/www.pensarcursos.com.br\/blog\/prazo-de-matricula-no-pe-de-meia-como-garantir-o-pagamento-de-r-200-em-2026\/#respond"]}],"copyrightYear":"2026","copyrightHolder":{"@id":"https:\/\/www.pensarcursos.com.br\/blog\/#organization"}},{"@type":"WebPage","@id":"https:\/\/www.pensarcursos.com.br\/blog\/prazo-de-matricula-no-pe-de-meia-como-garantir-o-pagamento-de-r-200-em-2026\/","url":"https:\/\/www.pensarcursos.com.br\/blog\/prazo-de-matricula-no-pe-de-meia-como-garantir-o-pagamento-de-r-200-em-2026\/","name":"Prazo de matr\u00edcula no P\u00e9-de-Meia: como garantir o pagamento de R$ 200 em 2026 - Blog Pensar Cursos","isPartOf":{"@id":"https:\/\/www.pensarcursos.com.br\/blog\/#website"},"primaryImageOfPage":{"@id":"https:\/\/www.pensarcursos.com.br\/blog\/prazo-de-matricula-no-pe-de-meia-como-garantir-o-pagamento-de-r-200-em-2026\/#primaryimage"},"image":{"@id":"https:\/\/www.pensarcursos.com.br\/blog\/prazo-de-matricula-no-pe-de-meia-como-garantir-o-pagamento-de-r-200-em-2026\/#primaryimage"},"thumbnailUrl":"https:\/\/www.pensarcursos.com.br\/blog\/wp-content\/uploads\/2026\/03\/prazo-matricula-pe-de-meia-2026.png","datePublished":"2026-03-12T16:59:36+00:00","description":"Saiba qual \u00e9 o prazo de matr\u00edcula no P\u00e9-de-Meia para receber R$ 200 em mar\u00e7o de 2026 e n\u00e3o perca o benef\u00edcio. Confira agora!","breadcrumb":{"@id":"https:\/\/www.pensarcursos.com.br\/blog\/prazo-de-matricula-no-pe-de-meia-como-garantir-o-pagamento-de-r-200-em-2026\/#breadcrumb"},"inLanguage":"pt-BR","potentialAction":[{"@type":"ReadAction","target":["https:\/\/www.pensarcursos.com.br\/blog\/prazo-de-matricula-no-pe-de-meia-como-garantir-o-pagamento-de-r-200-em-2026\/"]}]},{"@type":"ImageObject","inLanguage":"pt-BR","@id":"https:\/\/www.pensarcursos.com.br\/blog\/prazo-de-matricula-no-pe-de-meia-como-garantir-o-pagamento-de-r-200-em-2026\/#primaryimage","url":"https:\/\/www.pensarcursos.com.br\/blog\/wp-content\/uploads\/2026\/03\/prazo-matricula-pe-de-meia-2026.png","contentUrl":"https:\/\/www.pensarcursos.com.br\/blog\/wp-content\/uploads\/2026\/03\/prazo-matricula-pe-de-meia-2026.png","width":1200,"height":800,"caption":"Estudantes do ensino m\u00e9dio precisam confirmar a matr\u00edcula dentro do prazo para n\u00e3o perder o incentivo de R$ 200 do programa P\u00e9-de-Meia. Fonte: Blog Pensar Cursos."},{"@type":"BreadcrumbList","@id":"https:\/\/www.pensarcursos.com.br\/blog\/prazo-de-matricula-no-pe-de-meia-como-garantir-o-pagamento-de-r-200-em-2026\/#breadcrumb","itemListElement":[{"@type":"ListItem","position":1,"name":"Home","item":"https:\/\/www.pensarcursos.com.br\/blog\/"},{"@type":"ListItem","position":2,"name":"Prazo de matr\u00edcula no P\u00e9-de-Meia: como garantir o pagamento de R$ 200 em 2026"}]},{"@type":"WebSite","@id":"https:\/\/www.pensarcursos.com.br\/blog\/#website","url":"https:\/\/www.pensarcursos.com.br\/blog\/","name":"Blog Pensar Cursos","description":"Maior Site de Cursos do Brasil","publisher":{"@id":"https:\/\/www.pensarcursos.com.br\/blog\/#organization"},"alternateName":"Blog Pensar","potentialAction":[{"@type":"SearchAction","target":{"@type":"EntryPoint","urlTemplate":"https:\/\/www.pensarcursos.com.br\/blog\/?s={search_term_string}"},"query-input":{"@type":"PropertyValueSpecification","valueRequired":true,"valueName":"search_term_string"}}],"inLanguage":"pt-BR"},{"@type":"Organization","@id":"https:\/\/www.pensarcursos.com.br\/blog\/#organization","name":"Pensar Cursos","alternateName":"Blog pensar","url":"https:\/\/www.pensarcursos.com.br\/blog\/","logo":{"@type":"ImageObject","inLanguage":"pt-BR","@id":"https:\/\/www.pensarcursos.com.br\/blog\/#\/schema\/logo\/image\/","url":"https:\/\/www.pensarcursos.com.br\/blog\/wp-content\/uploads\/2023\/11\/Nova-Logo-Pensar-Cursos-vertical.png","contentUrl":"https:\/\/www.pensarcursos.com.br\/blog\/wp-content\/uploads\/2023\/11\/Nova-Logo-Pensar-Cursos-vertical.png","width":1393,"height":1001,"caption":"Pensar Cursos"},"image":{"@id":"https:\/\/www.pensarcursos.com.br\/blog\/#\/schema\/logo\/image\/"},"sameAs":["https:\/\/www.facebook.com\/pensarcursos\/","https:\/\/instagram.com.br\/pensarcursos"],"description":"Pensar Cursos \u00e9 uma empresa especializada em oferecer cursos de alta qualidade voltados para o desenvolvimento profissional e acad\u00eamico. Com uma ampla gama de op\u00e7\u00f5es de treinamento, oferecemos conte\u00fados atualizados, ministrados por especialistas da \u00e1rea, para capacitar indiv\u00edduos e equipes a atingirem seus objetivos. Nossa miss\u00e3o \u00e9 proporcionar uma educa\u00e7\u00e3o transformadora, acess\u00edvel e personalizada para cada aluno, seja em cursos presenciais ou online. Com uma abordagem inovadora, buscamos adaptar os nossos programas de ensino \u00e0s necessidades do mercado, criando solu\u00e7\u00f5es que atendem aos desafios e exig\u00eancias do mundo corporativo e acad\u00eamico. Nossos cursos incluem desde forma\u00e7\u00f5es t\u00e9cnicas at\u00e9 habilidades essenciais, como lideran\u00e7a, gest\u00e3o e desenvolvimento pessoal.","email":"contato@pensarcursos.com.br","legalName":"Sena Servi\u00e7os de Informa\u00e7\u00e3o Online LTDA","foundingDate":"2013-04-18","vatID":"17956217000172","numberOfEmployees":{"@type":"QuantitativeValue","minValue":"11","maxValue":"50"},"publishingPrinciples":"https:\/\/www.pensarcursos.com.br\/blog\/principios-de-publicacao\/","ownershipFundingInfo":"https:\/\/www.pensarcursos.com.br\/blog\/informacoes-de-propriedade-financiamento\/","actionableFeedbackPolicy":"https:\/\/www.pensarcursos.com.br\/blog\/politica-de-feedback-acionavel\/","correctionsPolicy":"https:\/\/www.pensarcursos.com.br\/blog\/politica-de-correcoes\/","ethicsPolicy":"https:\/\/www.pensarcursos.com.br\/blog\/politica-de-etica\/"},{"@type":"Person","@id":"https:\/\/www.pensarcursos.com.br\/blog\/#\/schema\/person\/2700c09d818d989d5d4fff5f50d4b755","name":"Yasmin Santos","image":{"@type":"ImageObject","inLanguage":"pt-BR","@id":"https:\/\/secure.gravatar.com\/avatar\/b8d88d102398911030f7bd8e99bd07ffbbb62169f9a740f38705dc857853eb31?s=96&d=mm&r=g","url":"https:\/\/secure.gravatar.com\/avatar\/b8d88d102398911030f7bd8e99bd07ffbbb62169f9a740f38705dc857853eb31?s=96&d=mm&r=g","contentUrl":"https:\/\/secure.gravatar.com\/avatar\/b8d88d102398911030f7bd8e99bd07ffbbb62169f9a740f38705dc857853eb31?s=96&d=mm&r=g","caption":"Yasmin Santos"},"description":"Graduada em Letras Portugu\u00eas\/Ingl\u00eas pela Universidade Estadual de Santa Cruz (UESC), redatora do Grupo Sena Online","sameAs":["https:\/\/www.instagram.com\/yasmin0_20?igsh=MTdqZXF3NTA1b2gyMg=="],"url":"https:\/\/www.pensarcursos.com.br\/blog\/author\/yasmin\/"}]}},"_links":{"self":[{"href":"https:\/\/www.pensarcursos.com.br\/blog\/wp-json\/wp\/v2\/posts\/149605","targetHints":{"allow":["GET"]}}],"collection":[{"href":"https:\/\/www.pensarcursos.com.br\/blog\/wp-json\/wp\/v2\/posts"}],"about":[{"href":"https:\/\/www.pensarcursos.com.br\/blog\/wp-json\/wp\/v2\/types\/post"}],"author":[{"embeddable":true,"href":"https:\/\/www.pensarcursos.com.br\/blog\/wp-json\/wp\/v2\/users\/56"}],"replies":[{"embeddable":true,"href":"https:\/\/www.pensarcursos.com.br\/blog\/wp-json\/wp\/v2\/comments?post=149605"}],"version-history":[{"count":0,"href":"https:\/\/www.pensarcursos.com.br\/blog\/wp-json\/wp\/v2\/posts\/149605\/revisions"}],"wp:featuredmedia":[{"embeddable":true,"href":"https:\/\/www.pensarcursos.com.br\/blog\/wp-json\/wp\/v2\/media\/149607"}],"wp:attachment":[{"href":"https:\/\/www.pensarcursos.com.br\/blog\/wp-json\/wp\/v2\/media?parent=149605"}],"wp:term":[{"taxonomy":"category","embeddable":true,"href":"https:\/\/www.pensarcursos.com.br\/blog\/wp-json\/wp\/v2\/categories?post=149605"},{"taxonomy":"post_tag","embeddable":true,"href":"https:\/\/www.pensarcursos.com.br\/blog\/wp-json\/wp\/v2\/tags?post=149605"}],"curies":[{"name":"wp","href":"https:\/\/api.w.org\/{rel}","templated":true}]}}