{"id":149594,"date":"2026-03-12T14:29:07","date_gmt":"2026-03-12T17:29:07","guid":{"rendered":"https:\/\/www.pensarcursos.com.br\/blog\/?p=149594"},"modified":"2026-03-12T10:00:30","modified_gmt":"2026-03-12T13:00:30","slug":"inscricoes-do-enem-2026-estao-chegando-saiba-as-datas-regras-e-o-que-esperar","status":"publish","type":"post","link":"https:\/\/www.pensarcursos.com.br\/blog\/inscricoes-do-enem-2026-estao-chegando-saiba-as-datas-regras-e-o-que-esperar\/","title":{"rendered":"Inscri\u00e7\u00f5es do Enem 2026 est\u00e3o chegando: saiba as datas, regras e o que esperar"},"content":{"rendered":"<p><strong>Mais de 3 milh\u00f5es de estudantes<\/strong> disputam uma das maiores provas do pa\u00eds a cada ano \u2014 e quem se organiza antes sai na frente. O edital do <strong>Enem 2026<\/strong> ainda n\u00e3o foi publicado pelo Inep, mas com base no hist\u00f3rico das \u00faltimas edi\u00e7\u00f5es j\u00e1 \u00e9 poss\u00edvel antecipar as datas mais importantes e evitar surpresas de \u00faltima hora.<\/p>\n<p>A expectativa \u00e9 que as <strong>inscri\u00e7\u00f5es do <a href=\"https:\/\/www.pensarcursos.com.br\/blog\/enem-2026-quando-as-provas-serao-aplicadas\/\" target=\"_blank\" rel=\"noopener\">Enem 2026<\/a><\/strong> abram entre <strong>25 de maio e 5 de junho<\/strong>, com as provas marcadas para os dias <strong>8 e 15 de novembro<\/strong>. Quem come\u00e7a a se preparar agora tem meses de vantagem. E essa vantagem pode fazer toda a diferen\u00e7a na hora de garantir uma vaga na universidade, uma bolsa de estudos ou um financiamento.<\/p>\n<h2>Quando abrem as inscri\u00e7\u00f5es do Enem 2026?<\/h2>\n<p>O Inep ainda n\u00e3o divulgou o edital oficial, mas o padr\u00e3o dos \u00faltimos anos \u00e9 bastante consistente.<\/p>\n<h3>Hist\u00f3rico das inscri\u00e7\u00f5es por ano<\/h3>\n<table>\n<thead>\n<tr>\n<th scope=\"col\">Edi\u00e7\u00e3o<\/th>\n<th scope=\"col\">Abertura<\/th>\n<th scope=\"col\">Encerramento<\/th>\n<\/tr>\n<\/thead>\n<tbody>\n<tr>\n<td>Enem 2024<\/td>\n<td>27 de maio<\/td>\n<td>7 de junho<\/td>\n<\/tr>\n<tr>\n<td>Enem 2025<\/td>\n<td>26 de maio<\/td>\n<td>6 de junho<\/td>\n<\/tr>\n<tr>\n<td>Enem 2026 (estimativa)<\/td>\n<td>25 de maio<\/td>\n<td>5 de junho<\/td>\n<\/tr>\n<\/tbody>\n<\/table>\n<p>Com base nesse hist\u00f3rico, a previs\u00e3o \u00e9 que o per\u00edodo de inscri\u00e7\u00e3o siga o mesmo calend\u00e1rio. O ideal \u00e9 acompanhar o site oficial do Inep para n\u00e3o perder o prazo assim que o edital for publicado.<\/p>\n<h2>Quando ser\u00e3o as provas?<\/h2>\n<p>Seguindo o padr\u00e3o hist\u00f3rico, o <strong>Enem em 2026<\/strong> deve ser aplicado nos <strong>dois primeiros domingos de novembro<\/strong>. Como o dia 1\u00ba de novembro antecede um feriado nacional, a expectativa \u00e9 que as provas aconte\u00e7am nos dias <strong>8 e 15 de novembro de 2026<\/strong>.<\/p>\n<h3>O que cai em cada dia de prova?<\/h3>\n<ul>\n<li><strong>Primeiro domingo (8\/11):<\/strong> Linguagens, Ci\u00eancias Humanas e Reda\u00e7\u00e3o<\/li>\n<li><strong>Segundo domingo (15\/11):<\/strong> Matem\u00e1tica e Ci\u00eancias da Natureza<\/li>\n<\/ul>\n<p>Bloquear essas datas na agenda desde j\u00e1 \u00e9 uma atitude simples e que ajuda a organizar toda a rotina de estudos.<\/p>\n<h2>Como fazer a inscri\u00e7\u00e3o<\/h2>\n<p>A inscri\u00e7\u00e3o \u00e9 realizada <strong>exclusivamente pelo site oficial<\/strong> do <a href=\"https:\/\/enem.inep.gov.br\/participante\/\" target=\"_blank\" rel=\"noopener\">Inep<\/a>. O processo envolve poucos passos:<\/p>\n<ol>\n<li>Acessar ou criar uma conta no <strong>gov.br<\/strong><\/li>\n<li>Preencher os dados pessoais solicitados<\/li>\n<li>Escolher o local de prova de prefer\u00eancia<\/li>\n<li>Realizar o pagamento da taxa de inscri\u00e7\u00e3o (ou solicitar isen\u00e7\u00e3o)<\/li>\n<\/ol>\n<h3>Quanto custa a inscri\u00e7\u00e3o?<\/h3>\n<p>A taxa de inscri\u00e7\u00e3o do Enem gira em torno de <strong>R$ 85<\/strong>, com base nas edi\u00e7\u00f5es anteriores. O valor exato ser\u00e1 confirmado no edital oficial.<\/p>\n<h3>Quem tem direito \u00e0 isen\u00e7\u00e3o?<\/h3>\n<p>T\u00eam direito \u00e0 isen\u00e7\u00e3o da taxa:<\/p>\n<ul>\n<li>Estudantes matriculados em <strong>escola p\u00fablica<\/strong><\/li>\n<li>Pessoas de <strong>baixa renda<\/strong> que atendam aos crit\u00e9rios do edital<\/li>\n<li>Candidatos que <strong>comprovem car\u00eancia econ\u00f4mica<\/strong><\/li>\n<\/ul>\n<p>As vagas para isen\u00e7\u00e3o s\u00e3o limitadas e o prazo costuma ser curto. Por isso, vale ficar atento ao edital assim que ele for publicado.<\/p>\n<figure id=\"attachment_149602\" aria-describedby=\"caption-attachment-149602\" style=\"width: 1200px\" class=\"wp-caption aligncenter\"><img decoding=\"async\" class=\"wp-image-149602 size-full\" src=\"https:\/\/www.pensarcursos.com.br\/blog\/wp-content\/uploads\/2026\/03\/enem-2026-inscricoes-e-datas-previstas-da-prova.webp\" alt=\"Palavra ENEM escrita em quadro verde simbolizando a prepara\u00e7\u00e3o dos estudantes para o exame nacional de 2026.\" width=\"1200\" height=\"800\" srcset=\"https:\/\/www.pensarcursos.com.br\/blog\/wp-content\/uploads\/2026\/03\/enem-2026-inscricoes-e-datas-previstas-da-prova.webp 1200w, https:\/\/www.pensarcursos.com.br\/blog\/wp-content\/uploads\/2026\/03\/enem-2026-inscricoes-e-datas-previstas-da-prova-300x200.webp 300w, https:\/\/www.pensarcursos.com.br\/blog\/wp-content\/uploads\/2026\/03\/enem-2026-inscricoes-e-datas-previstas-da-prova-1024x683.webp 1024w, https:\/\/www.pensarcursos.com.br\/blog\/wp-content\/uploads\/2026\/03\/enem-2026-inscricoes-e-datas-previstas-da-prova-768x512.webp 768w, https:\/\/www.pensarcursos.com.br\/blog\/wp-content\/uploads\/2026\/03\/enem-2026-inscricoes-e-datas-previstas-da-prova-750x500.webp 750w, https:\/\/www.pensarcursos.com.br\/blog\/wp-content\/uploads\/2026\/03\/enem-2026-inscricoes-e-datas-previstas-da-prova-1140x760.webp 1140w\" sizes=\"(max-width: 1200px) 100vw, 1200px\" \/><figcaption id=\"caption-attachment-149602\" class=\"wp-caption-text\">Enem 2026 deve manter o calend\u00e1rio tradicional com inscri\u00e7\u00f5es no meio do ano e provas em novembro. Fonte: Blog Pensar Cursos.<\/figcaption><\/figure>\n<h2>O que \u00e9 poss\u00edvel fazer com a nota do Enem 2026?<\/h2>\n<p>A nota do <a href=\"https:\/\/www.pensarcursos.com.br\/blog\/mulheres-sao-maioria-no-enem-dados-atualizados-revelam-a-resposta\/\" target=\"_blank\" rel=\"noopener\">Enem<\/a> abre portas para diversas oportunidades no ensino superior.<\/p>\n<h3>Principais programas que usam a nota<\/h3>\n<ul>\n<li><strong>Sisu:<\/strong> acesso a vagas em universidades federais e estaduais p\u00fablicas<\/li>\n<li><strong>ProUni:<\/strong> bolsas de estudo de at\u00e9 100% em faculdades particulares<\/li>\n<li><strong>Fies:<\/strong> financiamento estudantil para cursos de gradua\u00e7\u00e3o<\/li>\n<li><strong>Ingresso direto:<\/strong> muitas institui\u00e7\u00f5es privadas aceitam a nota do Enem sem vestibular espec\u00edfico<\/li>\n<\/ul>\n<p>Uma \u00fanica prova pode abrir caminhos para diferentes trajet\u00f3rias acad\u00eamicas e profissionais. Entender isso ajuda o estudante a enxergar o exame com mais prop\u00f3sito \u2014 e a se preparar com mais foco.<\/p>\n<h2>Enem 2026: calend\u00e1rio resumido (estimativas)<\/h2>\n<table>\n<thead>\n<tr>\n<th scope=\"col\">Etapa<\/th>\n<th scope=\"col\">Data estimada<\/th>\n<\/tr>\n<\/thead>\n<tbody>\n<tr>\n<td>Publica\u00e7\u00e3o do edital<\/td>\n<td>Abril\/maio de 2026<\/td>\n<\/tr>\n<tr>\n<td>Per\u00edodo de inscri\u00e7\u00f5es<\/td>\n<td>25 de maio a 5 de junho de 2026<\/td>\n<\/tr>\n<tr>\n<td>Solicita\u00e7\u00e3o de isen\u00e7\u00e3o<\/td>\n<td>A confirmar no edital<\/td>\n<\/tr>\n<tr>\n<td>1\u00ba dia de provas<\/td>\n<td>8 de novembro de 2026<\/td>\n<\/tr>\n<tr>\n<td>2\u00ba dia de provas<\/td>\n<td>15 de novembro de 2026<\/td>\n<\/tr>\n<tr>\n<td>Divulga\u00e7\u00e3o dos resultados<\/td>\n<td>Janeiro\/fevereiro de 2027<\/td>\n<\/tr>\n<\/tbody>\n<\/table>\n<p>Todas as datas acima s\u00e3o estimativas baseadas no hist\u00f3rico das edi\u00e7\u00f5es anteriores. As datas oficiais ser\u00e3o confirmadas pelo Inep no edital do Enem 2026.<\/p>\n<h2>Como se preparar com anteced\u00eancia<\/h2>\n<p>Quem come\u00e7a a estudar cedo tem mais tempo para revisar conte\u00fados, treinar reda\u00e7\u00e3o e se familiarizar com o estilo das quest\u00f5es. Algumas estrat\u00e9gias pr\u00e1ticas:<\/p>\n<ul>\n<li><strong>Monte um cronograma de estudos<\/strong> dividido por disciplinas e semanas<\/li>\n<li><strong>Resolva provas anteriores<\/strong> para entender o padr\u00e3o das quest\u00f5es<\/li>\n<li><strong>Treine a reda\u00e7\u00e3o regularmente<\/strong>, seguindo os crit\u00e9rios de avalia\u00e7\u00e3o do Inep<\/li>\n<li><strong>Acompanhe temas de atualidade<\/strong> para n\u00e3o ser pego de surpresa na reda\u00e7\u00e3o<\/li>\n<li><strong>Use plataformas de cursos preparat\u00f3rios<\/strong> para organizar o aprendizado<\/li>\n<\/ul>\n<p>Para mais conte\u00fados como este, continue acessando o<a href=\"https:\/\/www.pensarcursos.com.br\/blog\/\" target=\"_blank\" rel=\"noopener\"><strong> Blog Pensar Cursos<\/strong><\/a>.<\/p>\n<p>Aproveite para assistir ao v\u00eddeo e descubra o segredo da gest\u00e3o de tempo que pode fazer toda a diferen\u00e7a na prova:<\/p>\n<div class=\"jeg_video_container jeg_video_content\"><iframe title=\"REDA\u00c7\u00c3O ENEM: 90 Minutos que Valem 1000! O Segredo da GEST\u00c3O de TEMPO!\" width=\"500\" height=\"281\" src=\"https:\/\/www.youtube.com\/embed\/d-izk7B3kD4?feature=oembed\" frameborder=\"0\" allow=\"accelerometer; autoplay; clipboard-write; encrypted-media; gyroscope; picture-in-picture; web-share\" referrerpolicy=\"strict-origin-when-cross-origin\" allowfullscreen><\/iframe><\/div>\n","protected":false},"excerpt":{"rendered":"<p>Mais de 3 milh\u00f5es de estudantes disputam uma das maiores provas do pa\u00eds a cada ano \u2014 e quem se organiza antes sai na frente. O edital do Enem 2026 ainda n\u00e3o foi publicado pelo Inep, mas com base no hist\u00f3rico das \u00faltimas edi\u00e7\u00f5es j\u00e1 \u00e9 poss\u00edvel antecipar as datas mais importantes e evitar surpresas [&hellip;]<\/p>\n","protected":false},"author":56,"featured_media":149599,"comment_status":"open","ping_status":"closed","sticky":false,"template":"","format":"standard","meta":{"jnews-multi-image_gallery":[],"jnews_single_post":{"format":"standard","override":[{"template":"1","parallax":"1","fullscreen":"1","layout":"right-sidebar","sidebar":"default-sidebar","second_sidebar":"default-sidebar","sticky_sidebar":"1","share_position":"topbottom","share_float_style":"share-monocrhome","show_featured":"1","show_post_meta":"1","show_post_author":"1","show_post_author_image":"1","show_post_date":"1","post_date_format":"default","post_date_format_custom":"Y\/m\/d","show_post_category":"1","post_reading_time_wpm":"300","post_calculate_word_method":"str_word_count","show_zoom_button":"0","zoom_button_out_step":"2","zoom_button_in_step":"3","show_post_tag":"1","show_prev_next_post":"1","show_popup_post":"1","show_comment_section":"1","number_popup_post":"2","show_author_box":"1","show_post_related":"1","show_inline_post_related":"1"}],"image_override":[{"single_post_thumbnail_size":"crop-500","single_post_gallery_size":"crop-500"}],"trending_post_position":"meta","trending_post_label":"Trending","sponsored_post_label":"Sponsored by","disable_ad":"0","subtitle":"Datas previstas, taxa de inscri\u00e7\u00e3o, isen\u00e7\u00e3o e como usar sua nota para entrar na faculdade"},"jnews_primary_category":[],"jnews_social_meta":[],"jnews_override_counter":{"view_counter_number":"0","share_counter_number":"0","like_counter_number":"0","dislike_counter_number":"0"},"footnotes":""},"categories":[28,30],"tags":[39020,37116,16180,11934],"class_list":["post-149594","post","type-post","status-publish","format-standard","has-post-thumbnail","hentry","category-educacao","category-enem-vestibular","tag-calendario-enem-2026","tag-enem-2026","tag-inscricao-enem","tag-nota-do-enem"],"yoast_head":"<!-- This site is optimized with the Yoast SEO Premium plugin v27.4 (Yoast SEO v27.4) - https:\/\/yoast.com\/product\/yoast-seo-premium-wordpress\/ -->\n<title>Inscri\u00e7\u00f5es do Enem 2026 est\u00e3o chegando: saiba as datas, regras e o que esperar - Blog Pensar Cursos<\/title>\n<meta name=\"description\" content=\"Saiba quando abrem as inscri\u00e7\u00f5es do Enem 2026, datas das provas, como pedir isen\u00e7\u00e3o e o que fazer com sua nota. Confira o calend\u00e1rio!\" \/>\n<meta name=\"robots\" content=\"index, follow, max-snippet:-1, max-image-preview:large, max-video-preview:-1\" \/>\n<link rel=\"canonical\" href=\"https:\/\/www.pensarcursos.com.br\/blog\/inscricoes-do-enem-2026-estao-chegando-saiba-as-datas-regras-e-o-que-esperar\/\" \/>\n<meta property=\"og:locale\" content=\"pt_BR\" \/>\n<meta property=\"og:type\" content=\"article\" \/>\n<meta property=\"og:title\" content=\"Inscri\u00e7\u00f5es do Enem 2026 est\u00e3o chegando: saiba as datas, regras e o que esperar\" \/>\n<meta property=\"og:description\" content=\"Saiba quando abrem as inscri\u00e7\u00f5es do Enem 2026, datas das provas, como pedir isen\u00e7\u00e3o e o que fazer com sua nota. Confira o calend\u00e1rio!\" \/>\n<meta property=\"og:url\" content=\"https:\/\/www.pensarcursos.com.br\/blog\/inscricoes-do-enem-2026-estao-chegando-saiba-as-datas-regras-e-o-que-esperar\/\" \/>\n<meta property=\"og:site_name\" content=\"Blog Pensar Cursos\" \/>\n<meta property=\"article:publisher\" content=\"https:\/\/www.facebook.com\/pensarcursos\/\" \/>\n<meta property=\"article:published_time\" content=\"2026-03-12T17:29:07+00:00\" \/>\n<meta property=\"og:image\" content=\"https:\/\/www.pensarcursos.com.br\/blog\/wp-content\/uploads\/2026\/03\/enem-2026-inscricoes-e-provas-previstas.webp\" \/>\n\t<meta property=\"og:image:width\" content=\"1200\" \/>\n\t<meta property=\"og:image:height\" content=\"800\" \/>\n\t<meta property=\"og:image:type\" content=\"image\/webp\" \/>\n<meta name=\"author\" content=\"Yasmin Santos\" \/>\n<meta name=\"twitter:card\" content=\"summary_large_image\" \/>\n<meta name=\"twitter:label1\" content=\"Escrito por\" \/>\n\t<meta name=\"twitter:data1\" content=\"Yasmin Santos\" \/>\n\t<meta name=\"twitter:label2\" content=\"Est. tempo de leitura\" \/>\n\t<meta name=\"twitter:data2\" content=\"5 minutos\" \/>\n<!-- \/ Yoast SEO Premium plugin. -->","yoast_head_json":{"title":"Inscri\u00e7\u00f5es do Enem 2026 est\u00e3o chegando: saiba as datas, regras e o que esperar - Blog Pensar Cursos","description":"Saiba quando abrem as inscri\u00e7\u00f5es do Enem 2026, datas das provas, como pedir isen\u00e7\u00e3o e o que fazer com sua nota. Confira o calend\u00e1rio!","robots":{"index":"index","follow":"follow","max-snippet":"max-snippet:-1","max-image-preview":"max-image-preview:large","max-video-preview":"max-video-preview:-1"},"canonical":"https:\/\/www.pensarcursos.com.br\/blog\/inscricoes-do-enem-2026-estao-chegando-saiba-as-datas-regras-e-o-que-esperar\/","og_locale":"pt_BR","og_type":"article","og_title":"Inscri\u00e7\u00f5es do Enem 2026 est\u00e3o chegando: saiba as datas, regras e o que esperar","og_description":"Saiba quando abrem as inscri\u00e7\u00f5es do Enem 2026, datas das provas, como pedir isen\u00e7\u00e3o e o que fazer com sua nota. Confira o calend\u00e1rio!","og_url":"https:\/\/www.pensarcursos.com.br\/blog\/inscricoes-do-enem-2026-estao-chegando-saiba-as-datas-regras-e-o-que-esperar\/","og_site_name":"Blog Pensar Cursos","article_publisher":"https:\/\/www.facebook.com\/pensarcursos\/","article_published_time":"2026-03-12T17:29:07+00:00","og_image":[{"width":1200,"height":800,"url":"https:\/\/www.pensarcursos.com.br\/blog\/wp-content\/uploads\/2026\/03\/enem-2026-inscricoes-e-provas-previstas.webp","type":"image\/webp"}],"author":"Yasmin Santos","twitter_card":"summary_large_image","twitter_misc":{"Escrito por":"Yasmin Santos","Est. tempo de leitura":"5 minutos"},"schema":{"@context":"https:\/\/schema.org","@graph":[{"@type":["Article","BlogPosting"],"@id":"https:\/\/www.pensarcursos.com.br\/blog\/inscricoes-do-enem-2026-estao-chegando-saiba-as-datas-regras-e-o-que-esperar\/#article","isPartOf":{"@id":"https:\/\/www.pensarcursos.com.br\/blog\/inscricoes-do-enem-2026-estao-chegando-saiba-as-datas-regras-e-o-que-esperar\/"},"author":{"name":"Yasmin Santos","@id":"https:\/\/www.pensarcursos.com.br\/blog\/#\/schema\/person\/2700c09d818d989d5d4fff5f50d4b755"},"headline":"Inscri\u00e7\u00f5es do Enem 2026 est\u00e3o chegando: saiba as datas, regras e o que esperar","datePublished":"2026-03-12T17:29:07+00:00","mainEntityOfPage":{"@id":"https:\/\/www.pensarcursos.com.br\/blog\/inscricoes-do-enem-2026-estao-chegando-saiba-as-datas-regras-e-o-que-esperar\/"},"wordCount":819,"commentCount":0,"publisher":{"@id":"https:\/\/www.pensarcursos.com.br\/blog\/#organization"},"image":{"@id":"https:\/\/www.pensarcursos.com.br\/blog\/inscricoes-do-enem-2026-estao-chegando-saiba-as-datas-regras-e-o-que-esperar\/#primaryimage"},"thumbnailUrl":"https:\/\/www.pensarcursos.com.br\/blog\/wp-content\/uploads\/2026\/03\/enem-2026-inscricoes-e-provas-previstas.webp","keywords":["calend\u00e1rio Enem 2026","enem 2026","inscri\u00e7\u00e3o enem","nota do ENEM"],"articleSection":["Educa\u00e7\u00e3o","Enem e Vestibular"],"inLanguage":"pt-BR","potentialAction":[{"@type":"CommentAction","name":"Comment","target":["https:\/\/www.pensarcursos.com.br\/blog\/inscricoes-do-enem-2026-estao-chegando-saiba-as-datas-regras-e-o-que-esperar\/#respond"]}],"copyrightYear":"2026","copyrightHolder":{"@id":"https:\/\/www.pensarcursos.com.br\/blog\/#organization"}},{"@type":"WebPage","@id":"https:\/\/www.pensarcursos.com.br\/blog\/inscricoes-do-enem-2026-estao-chegando-saiba-as-datas-regras-e-o-que-esperar\/","url":"https:\/\/www.pensarcursos.com.br\/blog\/inscricoes-do-enem-2026-estao-chegando-saiba-as-datas-regras-e-o-que-esperar\/","name":"Inscri\u00e7\u00f5es do Enem 2026 est\u00e3o chegando: saiba as datas, regras e o que esperar - Blog Pensar Cursos","isPartOf":{"@id":"https:\/\/www.pensarcursos.com.br\/blog\/#website"},"primaryImageOfPage":{"@id":"https:\/\/www.pensarcursos.com.br\/blog\/inscricoes-do-enem-2026-estao-chegando-saiba-as-datas-regras-e-o-que-esperar\/#primaryimage"},"image":{"@id":"https:\/\/www.pensarcursos.com.br\/blog\/inscricoes-do-enem-2026-estao-chegando-saiba-as-datas-regras-e-o-que-esperar\/#primaryimage"},"thumbnailUrl":"https:\/\/www.pensarcursos.com.br\/blog\/wp-content\/uploads\/2026\/03\/enem-2026-inscricoes-e-provas-previstas.webp","datePublished":"2026-03-12T17:29:07+00:00","description":"Saiba quando abrem as inscri\u00e7\u00f5es do Enem 2026, datas das provas, como pedir isen\u00e7\u00e3o e o que fazer com sua nota. Confira o calend\u00e1rio!","breadcrumb":{"@id":"https:\/\/www.pensarcursos.com.br\/blog\/inscricoes-do-enem-2026-estao-chegando-saiba-as-datas-regras-e-o-que-esperar\/#breadcrumb"},"inLanguage":"pt-BR","potentialAction":[{"@type":"ReadAction","target":["https:\/\/www.pensarcursos.com.br\/blog\/inscricoes-do-enem-2026-estao-chegando-saiba-as-datas-regras-e-o-que-esperar\/"]}]},{"@type":"ImageObject","inLanguage":"pt-BR","@id":"https:\/\/www.pensarcursos.com.br\/blog\/inscricoes-do-enem-2026-estao-chegando-saiba-as-datas-regras-e-o-que-esperar\/#primaryimage","url":"https:\/\/www.pensarcursos.com.br\/blog\/wp-content\/uploads\/2026\/03\/enem-2026-inscricoes-e-provas-previstas.webp","contentUrl":"https:\/\/www.pensarcursos.com.br\/blog\/wp-content\/uploads\/2026\/03\/enem-2026-inscricoes-e-provas-previstas.webp","width":1200,"height":800,"caption":"Enem 2026: confira o cronograma previsto e como se preparar desde j\u00e1. Fonte: Blog Pensar Cursos."},{"@type":"BreadcrumbList","@id":"https:\/\/www.pensarcursos.com.br\/blog\/inscricoes-do-enem-2026-estao-chegando-saiba-as-datas-regras-e-o-que-esperar\/#breadcrumb","itemListElement":[{"@type":"ListItem","position":1,"name":"Home","item":"https:\/\/www.pensarcursos.com.br\/blog\/"},{"@type":"ListItem","position":2,"name":"Inscri\u00e7\u00f5es do Enem 2026 est\u00e3o chegando: saiba as datas, regras e o que esperar"}]},{"@type":"WebSite","@id":"https:\/\/www.pensarcursos.com.br\/blog\/#website","url":"https:\/\/www.pensarcursos.com.br\/blog\/","name":"Blog Pensar Cursos","description":"Maior Site de Cursos do Brasil","publisher":{"@id":"https:\/\/www.pensarcursos.com.br\/blog\/#organization"},"alternateName":"Blog Pensar","potentialAction":[{"@type":"SearchAction","target":{"@type":"EntryPoint","urlTemplate":"https:\/\/www.pensarcursos.com.br\/blog\/?s={search_term_string}"},"query-input":{"@type":"PropertyValueSpecification","valueRequired":true,"valueName":"search_term_string"}}],"inLanguage":"pt-BR"},{"@type":"Organization","@id":"https:\/\/www.pensarcursos.com.br\/blog\/#organization","name":"Pensar Cursos","alternateName":"Blog pensar","url":"https:\/\/www.pensarcursos.com.br\/blog\/","logo":{"@type":"ImageObject","inLanguage":"pt-BR","@id":"https:\/\/www.pensarcursos.com.br\/blog\/#\/schema\/logo\/image\/","url":"https:\/\/www.pensarcursos.com.br\/blog\/wp-content\/uploads\/2023\/11\/Nova-Logo-Pensar-Cursos-vertical.png","contentUrl":"https:\/\/www.pensarcursos.com.br\/blog\/wp-content\/uploads\/2023\/11\/Nova-Logo-Pensar-Cursos-vertical.png","width":1393,"height":1001,"caption":"Pensar Cursos"},"image":{"@id":"https:\/\/www.pensarcursos.com.br\/blog\/#\/schema\/logo\/image\/"},"sameAs":["https:\/\/www.facebook.com\/pensarcursos\/","https:\/\/instagram.com.br\/pensarcursos"],"description":"Pensar Cursos \u00e9 uma empresa especializada em oferecer cursos de alta qualidade voltados para o desenvolvimento profissional e acad\u00eamico. Com uma ampla gama de op\u00e7\u00f5es de treinamento, oferecemos conte\u00fados atualizados, ministrados por especialistas da \u00e1rea, para capacitar indiv\u00edduos e equipes a atingirem seus objetivos. Nossa miss\u00e3o \u00e9 proporcionar uma educa\u00e7\u00e3o transformadora, acess\u00edvel e personalizada para cada aluno, seja em cursos presenciais ou online. Com uma abordagem inovadora, buscamos adaptar os nossos programas de ensino \u00e0s necessidades do mercado, criando solu\u00e7\u00f5es que atendem aos desafios e exig\u00eancias do mundo corporativo e acad\u00eamico. Nossos cursos incluem desde forma\u00e7\u00f5es t\u00e9cnicas at\u00e9 habilidades essenciais, como lideran\u00e7a, gest\u00e3o e desenvolvimento pessoal.","email":"contato@pensarcursos.com.br","legalName":"Sena Servi\u00e7os de Informa\u00e7\u00e3o Online LTDA","foundingDate":"2013-04-18","vatID":"17956217000172","numberOfEmployees":{"@type":"QuantitativeValue","minValue":"11","maxValue":"50"},"publishingPrinciples":"https:\/\/www.pensarcursos.com.br\/blog\/principios-de-publicacao\/","ownershipFundingInfo":"https:\/\/www.pensarcursos.com.br\/blog\/informacoes-de-propriedade-financiamento\/","actionableFeedbackPolicy":"https:\/\/www.pensarcursos.com.br\/blog\/politica-de-feedback-acionavel\/","correctionsPolicy":"https:\/\/www.pensarcursos.com.br\/blog\/politica-de-correcoes\/","ethicsPolicy":"https:\/\/www.pensarcursos.com.br\/blog\/politica-de-etica\/"},{"@type":"Person","@id":"https:\/\/www.pensarcursos.com.br\/blog\/#\/schema\/person\/2700c09d818d989d5d4fff5f50d4b755","name":"Yasmin Santos","image":{"@type":"ImageObject","inLanguage":"pt-BR","@id":"https:\/\/secure.gravatar.com\/avatar\/b8d88d102398911030f7bd8e99bd07ffbbb62169f9a740f38705dc857853eb31?s=96&d=mm&r=g","url":"https:\/\/secure.gravatar.com\/avatar\/b8d88d102398911030f7bd8e99bd07ffbbb62169f9a740f38705dc857853eb31?s=96&d=mm&r=g","contentUrl":"https:\/\/secure.gravatar.com\/avatar\/b8d88d102398911030f7bd8e99bd07ffbbb62169f9a740f38705dc857853eb31?s=96&d=mm&r=g","caption":"Yasmin Santos"},"description":"Graduada em Letras Portugu\u00eas\/Ingl\u00eas pela Universidade Estadual de Santa Cruz (UESC), redatora do Grupo Sena Online","sameAs":["https:\/\/www.instagram.com\/yasmin0_20?igsh=MTdqZXF3NTA1b2gyMg=="],"url":"https:\/\/www.pensarcursos.com.br\/blog\/author\/yasmin\/"}]}},"_links":{"self":[{"href":"https:\/\/www.pensarcursos.com.br\/blog\/wp-json\/wp\/v2\/posts\/149594","targetHints":{"allow":["GET"]}}],"collection":[{"href":"https:\/\/www.pensarcursos.com.br\/blog\/wp-json\/wp\/v2\/posts"}],"about":[{"href":"https:\/\/www.pensarcursos.com.br\/blog\/wp-json\/wp\/v2\/types\/post"}],"author":[{"embeddable":true,"href":"https:\/\/www.pensarcursos.com.br\/blog\/wp-json\/wp\/v2\/users\/56"}],"replies":[{"embeddable":true,"href":"https:\/\/www.pensarcursos.com.br\/blog\/wp-json\/wp\/v2\/comments?post=149594"}],"version-history":[{"count":0,"href":"https:\/\/www.pensarcursos.com.br\/blog\/wp-json\/wp\/v2\/posts\/149594\/revisions"}],"wp:featuredmedia":[{"embeddable":true,"href":"https:\/\/www.pensarcursos.com.br\/blog\/wp-json\/wp\/v2\/media\/149599"}],"wp:attachment":[{"href":"https:\/\/www.pensarcursos.com.br\/blog\/wp-json\/wp\/v2\/media?parent=149594"}],"wp:term":[{"taxonomy":"category","embeddable":true,"href":"https:\/\/www.pensarcursos.com.br\/blog\/wp-json\/wp\/v2\/categories?post=149594"},{"taxonomy":"post_tag","embeddable":true,"href":"https:\/\/www.pensarcursos.com.br\/blog\/wp-json\/wp\/v2\/tags?post=149594"}],"curies":[{"name":"wp","href":"https:\/\/api.w.org\/{rel}","templated":true}]}}