{"id":149580,"date":"2026-03-12T12:39:22","date_gmt":"2026-03-12T15:39:22","guid":{"rendered":"https:\/\/www.pensarcursos.com.br\/blog\/?p=149580"},"modified":"2026-03-12T08:30:09","modified_gmt":"2026-03-12T11:30:09","slug":"matricula-escolar-de-beneficiarios-do-bpc-atinge-recorde-entre-criancas-e-adolescentes","status":"publish","type":"post","link":"https:\/\/www.pensarcursos.com.br\/blog\/matricula-escolar-de-beneficiarios-do-bpc-atinge-recorde-entre-criancas-e-adolescentes\/","title":{"rendered":"Matr\u00edcula escolar de benefici\u00e1rios do BPC atinge recorde entre crian\u00e7as e adolescentes"},"content":{"rendered":"<p><strong>Em 2008, apenas 21% das crian\u00e7as e adolescentes com defici\u00eancia benefici\u00e1rios do BPC estavam matriculados na escola. Em 2024, esse \u00edndice chegou a 83,06% \u2014 o maior da hist\u00f3ria do programa.<\/strong> O dado, divulgado em mar\u00e7o de 2026 pelo Minist\u00e9rio do Desenvolvimento e Assist\u00eancia Social (MDS), revela um avan\u00e7o na inclus\u00e3o educacional de crian\u00e7as e adolescentes com defici\u00eancia no Brasil.<\/p>\n<p>O <strong>Benef\u00edcio de Presta\u00e7\u00e3o Continuada <a href=\"https:\/\/www.pensarcursos.com.br\/blog\/biometria-no-bpc-governo-define-prazos-para-beneficiarios-se-adequarem\/\" target=\"_blank\" rel=\"noopener\">(BPC)<\/a><\/strong> \u00e9 destinado a pessoas com defici\u00eancia e idosos em situa\u00e7\u00e3o de vulnerabilidade. Quando se trata das crian\u00e7as e adolescentes benefici\u00e1rios, a presen\u00e7a na escola \u00e9 um indicador direto de inclus\u00e3o social. E os n\u00fameros mostram que o pa\u00eds avan\u00e7ou bastante \u2014 mas que ainda h\u00e1 um caminho a percorrer.<\/p>\n<h2>BPC na Escola registra recorde hist\u00f3rico de matriculas em 2024<\/h2>\n<p>O \u00edndice de 83,06% representa o ponto mais alto j\u00e1 registrado pelo programa desde sua cria\u00e7\u00e3o. Em 2024, eram <strong>870.093 benefici\u00e1rios<\/strong> do BPC na faixa et\u00e1ria de zero a 18 anos, e a maioria deles estava com matr\u00edcula ativa na rede de ensino.<\/p>\n<h3>Evolu\u00e7\u00e3o ano a ano dos \u00edndices de matr\u00edcula<\/h3>\n<p>Os dados demonstram crescimento cont\u00ednuo na inclus\u00e3o escolar desse p\u00fablico:<\/p>\n<table>\n<thead>\n<tr>\n<th scope=\"col\">Ano<\/th>\n<th scope=\"col\">Total de benefici\u00e1rios (0\u201318 anos)<\/th>\n<th scope=\"col\">% matriculados<\/th>\n<\/tr>\n<\/thead>\n<tbody>\n<tr>\n<td>2008<\/td>\n<td>\u2013<\/td>\n<td>21%<\/td>\n<\/tr>\n<tr>\n<td>2021<\/td>\n<td>\u2013<\/td>\n<td>65,3%<\/td>\n<\/tr>\n<tr>\n<td>2022<\/td>\n<td>570.520<\/td>\n<td>78,92%<\/td>\n<\/tr>\n<tr>\n<td>2023<\/td>\n<td>680.679<\/td>\n<td>80,48%<\/td>\n<\/tr>\n<tr>\n<td>2024<\/td>\n<td>870.093<\/td>\n<td>83,06%<\/td>\n<\/tr>\n<\/tbody>\n<\/table>\n<p>O salto de 21% em 2008 para 83,06% em 2024 representa mais de seis d\u00e9cadas percentuais de avan\u00e7o em menos de duas d\u00e9cadas de programa. Al\u00e9m disso, o n\u00famero total de benefici\u00e1rios identificados cresceu significativamente \u2014 de 570.520 em 2022 para 870.093 em 2024 \u2014, o que indica tanto a amplia\u00e7\u00e3o do alcance do BPC quanto a melhora no mapeamento dessas crian\u00e7as e adolescentes.<\/p>\n<h2>Como os dados do BPC na Escola s\u00e3o levantados<\/h2>\n<p>Os n\u00fameros s\u00e3o resultado do <strong>Pareamento de Dados do Programa BPC na Escola<\/strong>, levantados pela Secretaria Nacional de Benef\u00edcios Assistenciais (SNBA) do MDS, em parceria com o Instituto Nacional de Estudos e Pesquisas Educacionais An\u00edsio Teixeira (Inep) e o Minist\u00e9rio da Educa\u00e7\u00e3o (MEC).<\/p>\n<h3>O cruzamento entre Censo Escolar e Cadastro do BPC<\/h3>\n<p>O estudo apresenta os resultados do cruzamento anual entre as bases do <strong>Censo Escolar<\/strong> e do <strong>Cadastro Administrativo do BPC<\/strong>. Esse m\u00e9todo permite identificar, com precis\u00e3o, quais benefici\u00e1rios est\u00e3o matriculados \u2014 e, igualmente importante, quais ainda est\u00e3o fora da escola.<\/p>\n<h2>O que diz o secret\u00e1rio respons\u00e1vel pelo programa<\/h2>\n<p>O secret\u00e1rio nacional de Benef\u00edcios Assistenciais, <strong>Amarildo Baesso<\/strong>, destacou que o resultado demonstra o avan\u00e7o na garantia do direito \u00e0 educa\u00e7\u00e3o para crian\u00e7as e adolescentes no BPC.<\/p>\n<p>Segundo o secret\u00e1rio do MDS, o principal objetivo do estudo \u00e9 acompanhar quantas crian\u00e7as e adolescentes com defici\u00eancia que recebem o benef\u00edcio est\u00e3o frequentando a escola e quantas ainda est\u00e3o fora dela, e que o monitoramento anual permite fortalecer a\u00e7\u00f5es de inclus\u00e3o e garantir o direito \u00e0 educa\u00e7\u00e3o.<\/p>\n<figure id=\"attachment_149590\" aria-describedby=\"caption-attachment-149590\" style=\"width: 1200px\" class=\"wp-caption aligncenter\"><img decoding=\"async\" class=\"wp-image-149590 size-full\" src=\"https:\/\/www.pensarcursos.com.br\/blog\/wp-content\/uploads\/2026\/03\/inclusao-na-educacao-com-BPC.jpg\" alt=\"Jovem com defici\u00eancia f\u00edsica em cadeira de rodas utilizando tablet em ambiente educacional colaborativo.\" width=\"1200\" height=\"800\" srcset=\"https:\/\/www.pensarcursos.com.br\/blog\/wp-content\/uploads\/2026\/03\/inclusao-na-educacao-com-BPC.jpg 1200w, https:\/\/www.pensarcursos.com.br\/blog\/wp-content\/uploads\/2026\/03\/inclusao-na-educacao-com-BPC-300x200.jpg 300w, https:\/\/www.pensarcursos.com.br\/blog\/wp-content\/uploads\/2026\/03\/inclusao-na-educacao-com-BPC-1024x683.jpg 1024w, https:\/\/www.pensarcursos.com.br\/blog\/wp-content\/uploads\/2026\/03\/inclusao-na-educacao-com-BPC-768x512.jpg 768w, https:\/\/www.pensarcursos.com.br\/blog\/wp-content\/uploads\/2026\/03\/inclusao-na-educacao-com-BPC-750x500.jpg 750w, https:\/\/www.pensarcursos.com.br\/blog\/wp-content\/uploads\/2026\/03\/inclusao-na-educacao-com-BPC-1140x760.jpg 1140w\" sizes=\"(max-width: 1200px) 100vw, 1200px\" \/><figcaption id=\"caption-attachment-149590\" class=\"wp-caption-text\">Programa BPC na Escola amplia acesso de estudantes com defici\u00eancia \u00e0 educa\u00e7\u00e3o. Fonte: Freepik.<\/figcaption><\/figure>\n<h2>O que \u00e9 o Programa BPC na Escola<\/h2>\n<p>O <strong>Programa BPC na Escola<\/strong> tem como objetivo garantir que crian\u00e7as e adolescentes de at\u00e9 18 anos, com defici\u00eancia e benefici\u00e1rios do BPC, possam acessar e permanecer na escola.<\/p>\n<h3>Como o programa \u00e9 organizado<\/h3>\n<p>A iniciativa \u00e9 desenvolvida de forma conjunta pela Uni\u00e3o, pelos estados, pelos munic\u00edpios e pelo Distrito Federal. O programa envolve a atua\u00e7\u00e3o integrada de diferentes minist\u00e9rios:<\/p>\n<ul>\n<li>Minist\u00e9rio do Desenvolvimento e Assist\u00eancia Social, Fam\u00edlia e Combate \u00e0 Fome<\/li>\n<li>Minist\u00e9rio da Educa\u00e7\u00e3o<\/li>\n<li>Minist\u00e9rio da Sa\u00fade<\/li>\n<li>Minist\u00e9rio dos Direitos Humanos e da Cidadania<\/li>\n<\/ul>\n<h3>Quais barreiras o programa busca identificar<\/h3>\n<p>O <a href=\"https:\/\/www.pensarcursos.com.br\/blog\/inss-e-bpc-pagamentos-de-2026-podem-ultrapassar-r-1-621\/\" target=\"_blank\" rel=\"noopener\">BPC<\/a> na Escola tamb\u00e9m busca identificar as barreiras que impedem ou dificultam o acesso e a perman\u00eancia de crian\u00e7as e adolescentes com defici\u00eancia na escola. Para isso, promove a\u00e7\u00f5es articuladas entre as \u00e1reas de <strong>assist\u00eancia social, educa\u00e7\u00e3o, sa\u00fade e direitos humanos<\/strong>.<\/p>\n<p>Essas barreiras podem envolver falta de transporte adaptado, aus\u00eancia de suporte pedag\u00f3gico especializado, dist\u00e2ncia das escolas ou desconhecimento das fam\u00edlias sobre os direitos assegurados por lei.<\/p>\n<h2>BPC na Escola: o que o recorde ainda n\u00e3o revela<\/h2>\n<p>O \u00edndice de 83,06% \u00e9 um avan\u00e7o real. No entanto, o dado tamb\u00e9m mostra que, em 2024, aproximadamente <strong>17% dos benefici\u00e1rios<\/strong> nessa faixa et\u00e1ria ainda n\u00e3o estavam matriculados. Em n\u00fameros absolutos, isso representa mais de 147 mil crian\u00e7as e adolescentes com defici\u00eancia fora da escola.<\/p>\n<p>A matr\u00edcula \u00e9 o primeiro passo. Garantir que esses alunos frequentem as aulas regularmente e tenham acesso a uma educa\u00e7\u00e3o de qualidade, com os recursos e o suporte necess\u00e1rios, \u00e9 o desafio seguinte \u2014 e que os \u00edndices de matr\u00edcula, por si s\u00f3, ainda n\u00e3o conseguem medir.<\/p>\n<p>Quer acompanhar mais conte\u00fados sobre benef\u00edcios sociais e direitos de quem mais precisa? Continue acessando diariamente o <a href=\"https:\/\/www.pensarcursos.com.br\/blog\/\" target=\"_blank\" rel=\"noopener\"><strong>Blog Pensar Cursos<\/strong><\/a>.<\/p>\n<p>Quer evitar problemas com o seu benef\u00edcio e entender o que pode levar ao bloqueio do BPC? Assista ao v\u00eddeo a seguir:<\/p>\n<div class=\"jeg_video_container jeg_video_content\"><iframe title=\"Aten\u00e7\u00e3o!! Saiba agora como n\u00e3o perder o benef\u00edcio BPC\" width=\"500\" height=\"281\" src=\"https:\/\/www.youtube.com\/embed\/q4oHnTUOMXQ?feature=oembed\" frameborder=\"0\" allow=\"accelerometer; autoplay; clipboard-write; encrypted-media; gyroscope; picture-in-picture; web-share\" referrerpolicy=\"strict-origin-when-cross-origin\" allowfullscreen><\/iframe><\/div>\n","protected":false},"excerpt":{"rendered":"<p>Em 2008, apenas 21% das crian\u00e7as e adolescentes com defici\u00eancia benefici\u00e1rios do BPC estavam matriculados na escola. Em 2024, esse \u00edndice chegou a 83,06% \u2014 o maior da hist\u00f3ria do programa. O dado, divulgado em mar\u00e7o de 2026 pelo Minist\u00e9rio do Desenvolvimento e Assist\u00eancia Social (MDS), revela um avan\u00e7o na inclus\u00e3o educacional de crian\u00e7as e [&hellip;]<\/p>\n","protected":false},"author":56,"featured_media":149588,"comment_status":"open","ping_status":"closed","sticky":false,"template":"","format":"standard","meta":{"jnews-multi-image_gallery":[],"jnews_single_post":{"subtitle":"De 21% para 83%: veja como o Programa BPC na Escola transformou a inclus\u00e3o educacional de crian\u00e7as com defici\u00eancia no Brasil","format":"standard","override":[{"template":"1","parallax":"1","fullscreen":"1","layout":"right-sidebar","sidebar":"default-sidebar","second_sidebar":"default-sidebar","sticky_sidebar":"1","share_position":"topbottom","share_float_style":"share-monocrhome","show_featured":"1","show_post_meta":"1","show_post_author":"1","show_post_author_image":"1","show_post_date":"1","post_date_format":"default","post_date_format_custom":"Y\/m\/d","show_post_category":"1","post_reading_time_wpm":"300","post_calculate_word_method":"str_word_count","show_zoom_button":"0","zoom_button_out_step":"2","zoom_button_in_step":"3","show_post_tag":"1","show_prev_next_post":"1","show_popup_post":"1","show_comment_section":"1","number_popup_post":"2","show_author_box":"1","show_post_related":"1","show_inline_post_related":"1"}],"image_override":[{"single_post_thumbnail_size":"crop-500","single_post_gallery_size":"crop-500"}],"trending_post_position":"meta","trending_post_label":"Trending","sponsored_post_label":"Sponsored by","disable_ad":"0"},"jnews_primary_category":[],"jnews_social_meta":[],"jnews_override_counter":{"view_counter_number":"0","share_counter_number":"0","like_counter_number":"0","dislike_counter_number":"0"},"footnotes":""},"categories":[1657,2026],"tags":[3763,39517,39518],"class_list":["post-149580","post","type-post","status-publish","format-standard","has-post-thumbnail","hentry","category-beneficios-sociais","category-bpc","tag-beneficio-de-prestacao-continuada","tag-bpc-na-escola","tag-inclusao-escolar"],"yoast_head":"<!-- This site is optimized with the Yoast SEO Premium plugin v27.4 (Yoast SEO v27.4) - https:\/\/yoast.com\/product\/yoast-seo-premium-wordpress\/ -->\n<title>Matr\u00edcula escolar de benefici\u00e1rios do BPC atinge recorde entre crian\u00e7as e adolescentes - Blog Pensar Cursos<\/title>\n<meta name=\"description\" content=\"BPC na Escola bate recorde: 83% das crian\u00e7as benefici\u00e1rias matriculadas em 2024. Entenda os dados e o que ainda precisa mudar. Leia agora!\" \/>\n<meta name=\"robots\" content=\"index, follow, max-snippet:-1, max-image-preview:large, max-video-preview:-1\" \/>\n<link rel=\"canonical\" href=\"https:\/\/www.pensarcursos.com.br\/blog\/matricula-escolar-de-beneficiarios-do-bpc-atinge-recorde-entre-criancas-e-adolescentes\/\" \/>\n<meta property=\"og:locale\" content=\"pt_BR\" \/>\n<meta property=\"og:type\" content=\"article\" \/>\n<meta property=\"og:title\" content=\"Matr\u00edcula escolar de benefici\u00e1rios do BPC atinge recorde entre crian\u00e7as e adolescentes\" \/>\n<meta property=\"og:description\" content=\"BPC na Escola bate recorde: 83% das crian\u00e7as benefici\u00e1rias matriculadas em 2024. Entenda os dados e o que ainda precisa mudar. Leia agora!\" \/>\n<meta property=\"og:url\" content=\"https:\/\/www.pensarcursos.com.br\/blog\/matricula-escolar-de-beneficiarios-do-bpc-atinge-recorde-entre-criancas-e-adolescentes\/\" \/>\n<meta property=\"og:site_name\" content=\"Blog Pensar Cursos\" \/>\n<meta property=\"article:publisher\" content=\"https:\/\/www.facebook.com\/pensarcursos\/\" \/>\n<meta property=\"article:published_time\" content=\"2026-03-12T15:39:22+00:00\" \/>\n<meta property=\"og:image\" content=\"https:\/\/www.pensarcursos.com.br\/blog\/wp-content\/uploads\/2026\/03\/BPC-registra-recorde-de-criancas-e-adolescentes-matriculados-na-escola.jpg\" \/>\n\t<meta property=\"og:image:width\" content=\"1427\" \/>\n\t<meta property=\"og:image:height\" content=\"800\" \/>\n\t<meta property=\"og:image:type\" content=\"image\/jpeg\" \/>\n<meta name=\"author\" content=\"Yasmin Santos\" \/>\n<meta name=\"twitter:card\" content=\"summary_large_image\" \/>\n<meta name=\"twitter:label1\" content=\"Escrito por\" \/>\n\t<meta name=\"twitter:data1\" content=\"Yasmin Santos\" \/>\n\t<meta name=\"twitter:label2\" content=\"Est. tempo de leitura\" \/>\n\t<meta name=\"twitter:data2\" content=\"5 minutos\" \/>\n<!-- \/ Yoast SEO Premium plugin. -->","yoast_head_json":{"title":"Matr\u00edcula escolar de benefici\u00e1rios do BPC atinge recorde entre crian\u00e7as e adolescentes - Blog Pensar Cursos","description":"BPC na Escola bate recorde: 83% das crian\u00e7as benefici\u00e1rias matriculadas em 2024. Entenda os dados e o que ainda precisa mudar. Leia agora!","robots":{"index":"index","follow":"follow","max-snippet":"max-snippet:-1","max-image-preview":"max-image-preview:large","max-video-preview":"max-video-preview:-1"},"canonical":"https:\/\/www.pensarcursos.com.br\/blog\/matricula-escolar-de-beneficiarios-do-bpc-atinge-recorde-entre-criancas-e-adolescentes\/","og_locale":"pt_BR","og_type":"article","og_title":"Matr\u00edcula escolar de benefici\u00e1rios do BPC atinge recorde entre crian\u00e7as e adolescentes","og_description":"BPC na Escola bate recorde: 83% das crian\u00e7as benefici\u00e1rias matriculadas em 2024. Entenda os dados e o que ainda precisa mudar. Leia agora!","og_url":"https:\/\/www.pensarcursos.com.br\/blog\/matricula-escolar-de-beneficiarios-do-bpc-atinge-recorde-entre-criancas-e-adolescentes\/","og_site_name":"Blog Pensar Cursos","article_publisher":"https:\/\/www.facebook.com\/pensarcursos\/","article_published_time":"2026-03-12T15:39:22+00:00","og_image":[{"width":1427,"height":800,"url":"https:\/\/www.pensarcursos.com.br\/blog\/wp-content\/uploads\/2026\/03\/BPC-registra-recorde-de-criancas-e-adolescentes-matriculados-na-escola.jpg","type":"image\/jpeg"}],"author":"Yasmin Santos","twitter_card":"summary_large_image","twitter_misc":{"Escrito por":"Yasmin Santos","Est. tempo de leitura":"5 minutos"},"schema":{"@context":"https:\/\/schema.org","@graph":[{"@type":["Article","BlogPosting"],"@id":"https:\/\/www.pensarcursos.com.br\/blog\/matricula-escolar-de-beneficiarios-do-bpc-atinge-recorde-entre-criancas-e-adolescentes\/#article","isPartOf":{"@id":"https:\/\/www.pensarcursos.com.br\/blog\/matricula-escolar-de-beneficiarios-do-bpc-atinge-recorde-entre-criancas-e-adolescentes\/"},"author":{"name":"Yasmin Santos","@id":"https:\/\/www.pensarcursos.com.br\/blog\/#\/schema\/person\/2700c09d818d989d5d4fff5f50d4b755"},"headline":"Matr\u00edcula escolar de benefici\u00e1rios do BPC atinge recorde entre crian\u00e7as e adolescentes","datePublished":"2026-03-12T15:39:22+00:00","mainEntityOfPage":{"@id":"https:\/\/www.pensarcursos.com.br\/blog\/matricula-escolar-de-beneficiarios-do-bpc-atinge-recorde-entre-criancas-e-adolescentes\/"},"wordCount":865,"commentCount":0,"publisher":{"@id":"https:\/\/www.pensarcursos.com.br\/blog\/#organization"},"image":{"@id":"https:\/\/www.pensarcursos.com.br\/blog\/matricula-escolar-de-beneficiarios-do-bpc-atinge-recorde-entre-criancas-e-adolescentes\/#primaryimage"},"thumbnailUrl":"https:\/\/www.pensarcursos.com.br\/blog\/wp-content\/uploads\/2026\/03\/BPC-registra-recorde-de-criancas-e-adolescentes-matriculados-na-escola.jpg","keywords":["Benef\u00edcio de Presta\u00e7\u00e3o Continuada","BPC na Escola","Inclus\u00e3o escolar"],"articleSection":["Benef\u00edcios Sociais","BPC"],"inLanguage":"pt-BR","potentialAction":[{"@type":"CommentAction","name":"Comment","target":["https:\/\/www.pensarcursos.com.br\/blog\/matricula-escolar-de-beneficiarios-do-bpc-atinge-recorde-entre-criancas-e-adolescentes\/#respond"]}],"copyrightYear":"2026","copyrightHolder":{"@id":"https:\/\/www.pensarcursos.com.br\/blog\/#organization"}},{"@type":"WebPage","@id":"https:\/\/www.pensarcursos.com.br\/blog\/matricula-escolar-de-beneficiarios-do-bpc-atinge-recorde-entre-criancas-e-adolescentes\/","url":"https:\/\/www.pensarcursos.com.br\/blog\/matricula-escolar-de-beneficiarios-do-bpc-atinge-recorde-entre-criancas-e-adolescentes\/","name":"Matr\u00edcula escolar de benefici\u00e1rios do BPC atinge recorde entre crian\u00e7as e adolescentes - Blog Pensar Cursos","isPartOf":{"@id":"https:\/\/www.pensarcursos.com.br\/blog\/#website"},"primaryImageOfPage":{"@id":"https:\/\/www.pensarcursos.com.br\/blog\/matricula-escolar-de-beneficiarios-do-bpc-atinge-recorde-entre-criancas-e-adolescentes\/#primaryimage"},"image":{"@id":"https:\/\/www.pensarcursos.com.br\/blog\/matricula-escolar-de-beneficiarios-do-bpc-atinge-recorde-entre-criancas-e-adolescentes\/#primaryimage"},"thumbnailUrl":"https:\/\/www.pensarcursos.com.br\/blog\/wp-content\/uploads\/2026\/03\/BPC-registra-recorde-de-criancas-e-adolescentes-matriculados-na-escola.jpg","datePublished":"2026-03-12T15:39:22+00:00","description":"BPC na Escola bate recorde: 83% das crian\u00e7as benefici\u00e1rias matriculadas em 2024. Entenda os dados e o que ainda precisa mudar. Leia agora!","breadcrumb":{"@id":"https:\/\/www.pensarcursos.com.br\/blog\/matricula-escolar-de-beneficiarios-do-bpc-atinge-recorde-entre-criancas-e-adolescentes\/#breadcrumb"},"inLanguage":"pt-BR","potentialAction":[{"@type":"ReadAction","target":["https:\/\/www.pensarcursos.com.br\/blog\/matricula-escolar-de-beneficiarios-do-bpc-atinge-recorde-entre-criancas-e-adolescentes\/"]}]},{"@type":"ImageObject","inLanguage":"pt-BR","@id":"https:\/\/www.pensarcursos.com.br\/blog\/matricula-escolar-de-beneficiarios-do-bpc-atinge-recorde-entre-criancas-e-adolescentes\/#primaryimage","url":"https:\/\/www.pensarcursos.com.br\/blog\/wp-content\/uploads\/2026\/03\/BPC-registra-recorde-de-criancas-e-adolescentes-matriculados-na-escola.jpg","contentUrl":"https:\/\/www.pensarcursos.com.br\/blog\/wp-content\/uploads\/2026\/03\/BPC-registra-recorde-de-criancas-e-adolescentes-matriculados-na-escola.jpg","width":1427,"height":800,"caption":"Cresce o n\u00famero de crian\u00e7as e adolescentes benefici\u00e1rios do BPC matriculados na escola. Fonte: Freepik."},{"@type":"BreadcrumbList","@id":"https:\/\/www.pensarcursos.com.br\/blog\/matricula-escolar-de-beneficiarios-do-bpc-atinge-recorde-entre-criancas-e-adolescentes\/#breadcrumb","itemListElement":[{"@type":"ListItem","position":1,"name":"Home","item":"https:\/\/www.pensarcursos.com.br\/blog\/"},{"@type":"ListItem","position":2,"name":"Matr\u00edcula escolar de benefici\u00e1rios do BPC atinge recorde entre crian\u00e7as e adolescentes"}]},{"@type":"WebSite","@id":"https:\/\/www.pensarcursos.com.br\/blog\/#website","url":"https:\/\/www.pensarcursos.com.br\/blog\/","name":"Blog Pensar Cursos","description":"Maior Site de Cursos do Brasil","publisher":{"@id":"https:\/\/www.pensarcursos.com.br\/blog\/#organization"},"alternateName":"Blog Pensar","potentialAction":[{"@type":"SearchAction","target":{"@type":"EntryPoint","urlTemplate":"https:\/\/www.pensarcursos.com.br\/blog\/?s={search_term_string}"},"query-input":{"@type":"PropertyValueSpecification","valueRequired":true,"valueName":"search_term_string"}}],"inLanguage":"pt-BR"},{"@type":"Organization","@id":"https:\/\/www.pensarcursos.com.br\/blog\/#organization","name":"Pensar Cursos","alternateName":"Blog pensar","url":"https:\/\/www.pensarcursos.com.br\/blog\/","logo":{"@type":"ImageObject","inLanguage":"pt-BR","@id":"https:\/\/www.pensarcursos.com.br\/blog\/#\/schema\/logo\/image\/","url":"https:\/\/www.pensarcursos.com.br\/blog\/wp-content\/uploads\/2023\/11\/Nova-Logo-Pensar-Cursos-vertical.png","contentUrl":"https:\/\/www.pensarcursos.com.br\/blog\/wp-content\/uploads\/2023\/11\/Nova-Logo-Pensar-Cursos-vertical.png","width":1393,"height":1001,"caption":"Pensar Cursos"},"image":{"@id":"https:\/\/www.pensarcursos.com.br\/blog\/#\/schema\/logo\/image\/"},"sameAs":["https:\/\/www.facebook.com\/pensarcursos\/","https:\/\/instagram.com.br\/pensarcursos"],"description":"Pensar Cursos \u00e9 uma empresa especializada em oferecer cursos de alta qualidade voltados para o desenvolvimento profissional e acad\u00eamico. Com uma ampla gama de op\u00e7\u00f5es de treinamento, oferecemos conte\u00fados atualizados, ministrados por especialistas da \u00e1rea, para capacitar indiv\u00edduos e equipes a atingirem seus objetivos. Nossa miss\u00e3o \u00e9 proporcionar uma educa\u00e7\u00e3o transformadora, acess\u00edvel e personalizada para cada aluno, seja em cursos presenciais ou online. Com uma abordagem inovadora, buscamos adaptar os nossos programas de ensino \u00e0s necessidades do mercado, criando solu\u00e7\u00f5es que atendem aos desafios e exig\u00eancias do mundo corporativo e acad\u00eamico. Nossos cursos incluem desde forma\u00e7\u00f5es t\u00e9cnicas at\u00e9 habilidades essenciais, como lideran\u00e7a, gest\u00e3o e desenvolvimento pessoal.","email":"contato@pensarcursos.com.br","legalName":"Sena Servi\u00e7os de Informa\u00e7\u00e3o Online LTDA","foundingDate":"2013-04-18","vatID":"17956217000172","numberOfEmployees":{"@type":"QuantitativeValue","minValue":"11","maxValue":"50"},"publishingPrinciples":"https:\/\/www.pensarcursos.com.br\/blog\/principios-de-publicacao\/","ownershipFundingInfo":"https:\/\/www.pensarcursos.com.br\/blog\/informacoes-de-propriedade-financiamento\/","actionableFeedbackPolicy":"https:\/\/www.pensarcursos.com.br\/blog\/politica-de-feedback-acionavel\/","correctionsPolicy":"https:\/\/www.pensarcursos.com.br\/blog\/politica-de-correcoes\/","ethicsPolicy":"https:\/\/www.pensarcursos.com.br\/blog\/politica-de-etica\/"},{"@type":"Person","@id":"https:\/\/www.pensarcursos.com.br\/blog\/#\/schema\/person\/2700c09d818d989d5d4fff5f50d4b755","name":"Yasmin Santos","image":{"@type":"ImageObject","inLanguage":"pt-BR","@id":"https:\/\/secure.gravatar.com\/avatar\/b8d88d102398911030f7bd8e99bd07ffbbb62169f9a740f38705dc857853eb31?s=96&d=mm&r=g","url":"https:\/\/secure.gravatar.com\/avatar\/b8d88d102398911030f7bd8e99bd07ffbbb62169f9a740f38705dc857853eb31?s=96&d=mm&r=g","contentUrl":"https:\/\/secure.gravatar.com\/avatar\/b8d88d102398911030f7bd8e99bd07ffbbb62169f9a740f38705dc857853eb31?s=96&d=mm&r=g","caption":"Yasmin Santos"},"description":"Graduada em Letras Portugu\u00eas\/Ingl\u00eas pela Universidade Estadual de Santa Cruz (UESC), redatora do Grupo Sena Online","sameAs":["https:\/\/www.instagram.com\/yasmin0_20?igsh=MTdqZXF3NTA1b2gyMg=="],"url":"https:\/\/www.pensarcursos.com.br\/blog\/author\/yasmin\/"}]}},"_links":{"self":[{"href":"https:\/\/www.pensarcursos.com.br\/blog\/wp-json\/wp\/v2\/posts\/149580","targetHints":{"allow":["GET"]}}],"collection":[{"href":"https:\/\/www.pensarcursos.com.br\/blog\/wp-json\/wp\/v2\/posts"}],"about":[{"href":"https:\/\/www.pensarcursos.com.br\/blog\/wp-json\/wp\/v2\/types\/post"}],"author":[{"embeddable":true,"href":"https:\/\/www.pensarcursos.com.br\/blog\/wp-json\/wp\/v2\/users\/56"}],"replies":[{"embeddable":true,"href":"https:\/\/www.pensarcursos.com.br\/blog\/wp-json\/wp\/v2\/comments?post=149580"}],"version-history":[{"count":0,"href":"https:\/\/www.pensarcursos.com.br\/blog\/wp-json\/wp\/v2\/posts\/149580\/revisions"}],"wp:featuredmedia":[{"embeddable":true,"href":"https:\/\/www.pensarcursos.com.br\/blog\/wp-json\/wp\/v2\/media\/149588"}],"wp:attachment":[{"href":"https:\/\/www.pensarcursos.com.br\/blog\/wp-json\/wp\/v2\/media?parent=149580"}],"wp:term":[{"taxonomy":"category","embeddable":true,"href":"https:\/\/www.pensarcursos.com.br\/blog\/wp-json\/wp\/v2\/categories?post=149580"},{"taxonomy":"post_tag","embeddable":true,"href":"https:\/\/www.pensarcursos.com.br\/blog\/wp-json\/wp\/v2\/tags?post=149580"}],"curies":[{"name":"wp","href":"https:\/\/api.w.org\/{rel}","templated":true}]}}