{"id":149567,"date":"2026-03-12T06:26:56","date_gmt":"2026-03-12T09:26:56","guid":{"rendered":"https:\/\/www.pensarcursos.com.br\/blog\/?p=149567"},"modified":"2026-03-12T11:17:14","modified_gmt":"2026-03-12T14:17:14","slug":"seu-13o-salario-do-inss-2026-esta-chegando-veja-quando-deve-cair-a-primeira-e-a-segunda-parcela-datas-para-quem-ganha-acima-de-r-1-621","status":"publish","type":"post","link":"https:\/\/www.pensarcursos.com.br\/blog\/seu-13o-salario-do-inss-2026-esta-chegando-veja-quando-deve-cair-a-primeira-e-a-segunda-parcela-datas-para-quem-ganha-acima-de-r-1-621\/","title":{"rendered":"Seu 13\u00ba sal\u00e1rio do INSS 2026 est\u00e1 chegando: veja quando deve cair a primeira e a segunda parcela (datas para quem ganha acima de R$ 1.621)"},"content":{"rendered":"<p>A expectativa pelo <strong>13\u00ba sal\u00e1rio do INSS em 2026<\/strong> j\u00e1 movimenta milh\u00f5es de aposentados e pensionistas. O governo avalia novamente a antecipa\u00e7\u00e3o do benef\u00edcio, e quem recebe acima de R$ 1.621 quer saber: afinal, quando a primeira e a segunda parcelas devem cair na conta?<\/p>\n<p>Com o calend\u00e1rio previsto e a possibilidade de pagamento antecipado, entender as datas pode ajudar benefici\u00e1rios a organizar o or\u00e7amento e aproveitar melhor esse dinheiro extra.<\/p>\n<h2>Previs\u00e3o de antecipa\u00e7\u00e3o do 13\u00ba do INSS em 2026<\/h2>\n<p>Assim como ocorreu nos \u00faltimos anos, <strong>a expectativa \u00e9 que a antecipa\u00e7\u00e3o seja confirmada mediante decreto presidencial at\u00e9 abril.<\/strong> A proposta \u00e9 que os dep\u00f3sitos ocorram j\u00e1 entre abril e junho, divididos em duas parcelas de 50% cada, beneficiando cerca de 35 milh\u00f5es de pessoas em todo o pa\u00eds.<\/p>\n<p>A pr\u00e1tica de antecipar o <a href=\"https:\/\/www.pensarcursos.com.br\/blog\/sem-surpresas-no-valor-saiba-o-que-pode-aumentar-ou-diminuir-o-seu-13o-salario-do-inss\/\">13\u00ba sal\u00e1rio do INSS<\/a> ganhou for\u00e7a a partir de 2020, passando de pagamento habitual em agosto e novembro para libera\u00e7\u00e3o j\u00e1 no primeiro semestre. Essa estrat\u00e9gia visa aquecer a economia e oferecer um adicional em um momento estrat\u00e9gico do ano.<\/p>\n<h2>Quem tem direito ao 13\u00ba sal\u00e1rio do INSS?<\/h2>\n<p>Nem todos os segurados recebem o abono anual. Veja quem est\u00e1 contemplado em 2026:<\/p>\n<ul>\n<li>Aposentados<\/li>\n<li>Pensionistas<\/li>\n<li>Benefici\u00e1rios do aux\u00edlio por incapacidade tempor\u00e1ria (antigo aux\u00edlio-doen\u00e7a)<\/li>\n<li>Aux\u00edlio-acidente<\/li>\n<li>Aux\u00edlio-reclus\u00e3o<\/li>\n<\/ul>\n<p>J\u00e1 quem recebe Benef\u00edcio de Presta\u00e7\u00e3o Continuada (BPC) ou Renda Mensal Vital\u00edcia (RMV) n\u00e3o participa desse pagamento, pois esses programas s\u00e3o exclusivamente assistenciais e n\u00e3o previdenci\u00e1rios.<\/p>\n<h2>Quando cai o 13\u00ba sal\u00e1rio do INSS para quem ganha acima de R$ 1.621?<\/h2>\n<p>Para aqueles cujo benef\u00edcio ultrapassa o piso previdenci\u00e1rio, h\u00e1 um calend\u00e1rio pr\u00f3prio, definido pelo d\u00edgito final do n\u00famero do benef\u00edcio (desconsiderando o d\u00edgito verificador ap\u00f3s o tra\u00e7o). Confira as datas previstas para dep\u00f3sito em 2026, caso a antecipa\u00e7\u00e3o seja decretada:<\/p>\n<table>\n<thead>\n<tr>\n<th>D\u00edgito final<\/th>\n<th>1\u00aa parcela<\/th>\n<th>2\u00aa parcela<\/th>\n<\/tr>\n<\/thead>\n<tbody>\n<tr>\n<td>1 e 6<\/td>\n<td>4 de maio<\/td>\n<td>1 de junho<\/td>\n<\/tr>\n<tr>\n<td>2 e 7<\/td>\n<td>5 de maio<\/td>\n<td>2 de junho<\/td>\n<\/tr>\n<tr>\n<td>3 e 8<\/td>\n<td>6 de maio<\/td>\n<td>3 de junho<\/td>\n<\/tr>\n<tr>\n<td>4 e 9<\/td>\n<td>7 de maio<\/td>\n<td>5 de junho<\/td>\n<\/tr>\n<tr>\n<td>5 e 0<\/td>\n<td>8 de maio<\/td>\n<td>8 de junho<\/td>\n<\/tr>\n<\/tbody>\n<\/table>\n<p><em>\u00c9 importante ficar atento ao d\u00edgito final do seu benef\u00edcio para identificar corretamente o dia do dep\u00f3sito.<\/em><\/p>\n<figure id=\"attachment_149569\" aria-describedby=\"caption-attachment-149569\" style=\"width: 1200px\" class=\"wp-caption aligncenter\"><img decoding=\"async\" class=\"wp-image-149569 size-full\" src=\"https:\/\/www.pensarcursos.com.br\/blog\/wp-content\/uploads\/2026\/03\/datas-previstas-para-o-pagamento-do-13-salario-do-inss.jpg\" alt=\"M\u00e3os contando c\u00e9dulas de R$ 100 reais \u2014 datas de pagamento do 13\u00ba sal\u00e1rio do INSS 2026 para quem ganha acima de R$ 1.621.\" width=\"1200\" height=\"600\" srcset=\"https:\/\/www.pensarcursos.com.br\/blog\/wp-content\/uploads\/2026\/03\/datas-previstas-para-o-pagamento-do-13-salario-do-inss.jpg 1200w, https:\/\/www.pensarcursos.com.br\/blog\/wp-content\/uploads\/2026\/03\/datas-previstas-para-o-pagamento-do-13-salario-do-inss-300x150.jpg 300w, https:\/\/www.pensarcursos.com.br\/blog\/wp-content\/uploads\/2026\/03\/datas-previstas-para-o-pagamento-do-13-salario-do-inss-1024x512.jpg 1024w, https:\/\/www.pensarcursos.com.br\/blog\/wp-content\/uploads\/2026\/03\/datas-previstas-para-o-pagamento-do-13-salario-do-inss-768x384.jpg 768w, https:\/\/www.pensarcursos.com.br\/blog\/wp-content\/uploads\/2026\/03\/datas-previstas-para-o-pagamento-do-13-salario-do-inss-360x180.jpg 360w, https:\/\/www.pensarcursos.com.br\/blog\/wp-content\/uploads\/2026\/03\/datas-previstas-para-o-pagamento-do-13-salario-do-inss-750x375.jpg 750w, https:\/\/www.pensarcursos.com.br\/blog\/wp-content\/uploads\/2026\/03\/datas-previstas-para-o-pagamento-do-13-salario-do-inss-1140x570.jpg 1140w\" sizes=\"(max-width: 1200px) 100vw, 1200px\" \/><figcaption id=\"caption-attachment-149569\" class=\"wp-caption-text\">Veja quando cai a primeira e a segunda parcela do 13\u00ba sal\u00e1rio do INSS 2026 para quem recebe acima de R$ 1.621. Imagem: Ag\u00eancia Brasil<\/figcaption><\/figure>\n<h3>Como funciona o pagamento para novos benefici\u00e1rios?<\/h3>\n<p>Quem passou a receber benef\u00edcio ao longo de 2026 ter\u00e1 direito ao<a href=\"https:\/\/www.pensarcursos.com.br\/blog\/nao-caia-em-fake-news-confira-6-verdades-e-5-mentiras-sobre-o-13o-salario-do-inss\/\" target=\"_blank\" rel=\"noopener\"> 13\u00ba<\/a> proporcional ao n\u00famero de meses recebidos. O c\u00e1lculo \u00e9 ajustado automaticamente pelo INSS, sem necessidade de solicita\u00e7\u00e3o.<\/p>\n<p>A primeira parcela representa a metade do valor bruto do benef\u00edcio. Na segunda, pode haver desconto de Imposto de Renda, de acordo com a faixa de rendimentos do benefici\u00e1rio.<\/p>\n<h2>Como consultar valores e datas no Meu INSS<\/h2>\n<p>Pouco antes do in\u00edcio dos pagamentos, estar\u00e1 dispon\u00edvel a consulta dos valores diretamente no site ou aplicativo <a href=\"https:\/\/meu.inss.gov.br\/#\/login\" target=\"_blank\" rel=\"noopener\">Meu INSS<\/a>. Basta acessar a plataforma com seu CPF e senha, e buscar por &#8220;Extrato de Pagamento de Benef\u00edcio&#8221;.<\/p>\n<p>Nesse ambiente digital, \u00e9 poss\u00edvel visualizar tanto o valor bruto quanto eventuais descontos e a data exata do dep\u00f3sito banc\u00e1rio.<\/p>\n<h2>Pr\u00f3ximos passos: como se planejar para o 13\u00ba sal\u00e1rio do INSS em 2026?<\/h2>\n<p>Al\u00e9m de acompanhar o calend\u00e1rio oficial, \u00e9 importante planejar o uso do valor. O pagamento em duas parcelas pode ser estrat\u00e9gico: utilize a primeira para resolver despesas essenciais ou emergenciais e a segunda para investimentos, poupan\u00e7a ou mesmo lazer.<\/p>\n<p>Se poss\u00edvel, utilize ferramentas de organiza\u00e7\u00e3o financeira, como cadernetas ou aplicativos, e preste aten\u00e7\u00e3o \u00e0s dicas de especialistas para aproveitar o dinheiro sem comprometer sua renda futura.<\/p>\n<h3>Como agir caso o pagamento n\u00e3o seja realizado na data prevista?<\/h3>\n<p>Se a parcela n\u00e3o cair at\u00e9 o \u00faltimo dia \u00fatil previsto, consulte seu extrato pelo Meu INSS ou compare\u00e7a a uma ag\u00eancia do INSS, portando documento oficial com foto e o n\u00famero do benef\u00edcio.<\/p>\n<p>Em muitos casos, imprevistos banc\u00e1rios ou atualiza\u00e7\u00f5es cadastrais pendentes impactam temporariamente o calend\u00e1rio, mas a regulariza\u00e7\u00e3o costuma ser r\u00e1pida.<\/p>\n<h2>Resumo das principais datas do 13\u00ba sal\u00e1rio do INSS em 2026 para quem recebe acima de R$ 1.621<\/h2>\n<ul>\n<li><strong>1\u00aa parcela:<\/strong>\u00a04 a 8 de maio de 2026<\/li>\n<li><strong>2\u00aa parcela:<\/strong>\u00a01 a 8 de junho de 2026<\/li>\n<li>Datas distribu\u00eddas conforme o n\u00famero final do benef\u00edcio<\/li>\n<li>Consulta dispon\u00edvel no aplicativo e site Meu INSS<\/li>\n<\/ul>\n<p>Fique atento \u00e0s pr\u00f3ximas comunica\u00e7\u00f5es oficiais do governo.<\/p>\n<p>Para conferir mais sobre o INSS, acesse a p\u00e1gina inicial do <a href=\"https:\/\/www.pensarcursos.com.br\/blog\/\" target=\"_blank\" rel=\"noopener\"><strong>Blog Pensar Cursos<\/strong><\/a>. Assista tamb\u00e9m ao v\u00eddeo abaixo:<\/p>\n<div class=\"jeg_video_container jeg_video_content\"><iframe title=\"Pagamento INSS: Apenas 2 Cliques Para Ver a Data Exata! (Guia Definitivo)\" width=\"500\" height=\"281\" src=\"https:\/\/www.youtube.com\/embed\/EgPIlBs_MhM?feature=oembed\" frameborder=\"0\" allow=\"accelerometer; autoplay; clipboard-write; encrypted-media; gyroscope; picture-in-picture; web-share\" referrerpolicy=\"strict-origin-when-cross-origin\" allowfullscreen><\/iframe><\/div>\n","protected":false},"excerpt":{"rendered":"<p>A expectativa pelo 13\u00ba sal\u00e1rio do INSS em 2026 j\u00e1 movimenta milh\u00f5es de aposentados e pensionistas. O governo avalia novamente a antecipa\u00e7\u00e3o do benef\u00edcio, e quem recebe acima de R$ 1.621 quer saber: afinal, quando a primeira e a segunda parcelas devem cair na conta? Com o calend\u00e1rio previsto e a possibilidade de pagamento antecipado, [&hellip;]<\/p>\n","protected":false},"author":41,"featured_media":149570,"comment_status":"open","ping_status":"closed","sticky":false,"template":"","format":"standard","meta":{"jnews-multi-image_gallery":[],"jnews_single_post":{"format":"standard","override":[{"template":"1","parallax":"1","fullscreen":"1","layout":"right-sidebar","sidebar":"default-sidebar","second_sidebar":"default-sidebar","sticky_sidebar":"1","share_position":"topbottom","share_float_style":"share-monocrhome","show_featured":"1","show_post_meta":"1","show_post_author":"1","show_post_author_image":"1","show_post_date":"1","post_date_format":"default","post_date_format_custom":"Y\/m\/d","show_post_category":"1","post_reading_time_wpm":"300","post_calculate_word_method":"str_word_count","show_zoom_button":"0","zoom_button_out_step":"2","zoom_button_in_step":"3","show_post_tag":"1","show_prev_next_post":"1","show_popup_post":"1","show_comment_section":"1","number_popup_post":"2","show_author_box":"1","show_post_related":"1","show_inline_post_related":"1"}],"image_override":[{"single_post_thumbnail_size":"crop-500","single_post_gallery_size":"crop-500"}],"trending_post_position":"meta","trending_post_label":"Trending","sponsored_post_label":"Sponsored by","disable_ad":"0","subtitle":"Calend\u00e1rio, valores e regras atualizadas para quem recebe acima do piso em 2026: confira tudo!"},"jnews_primary_category":[],"jnews_social_meta":[],"jnews_override_counter":{"view_counter_number":"0","share_counter_number":"0","like_counter_number":"0","dislike_counter_number":"0"},"footnotes":""},"categories":[1691],"tags":[39516,27397,39515],"class_list":["post-149567","post","type-post","status-publish","format-standard","has-post-thumbnail","hentry","category-direitos-do-trabalhador","tag-antecipacao-do-13-salario-inss","tag-calendario-13-salario-do-inss","tag-pagamentos-do-inss-acima-do-minimo"],"yoast_head":"<!-- This site is optimized with the Yoast SEO Premium plugin v27.4 (Yoast SEO v27.4) - https:\/\/yoast.com\/product\/yoast-seo-premium-wordpress\/ -->\n<title>Seu 13\u00ba sal\u00e1rio do INSS 2026 est\u00e1 chegando: veja quando deve cair a primeira e a segunda parcela (datas para quem ganha acima de R$ 1.621) - Blog Pensar Cursos<\/title>\n<meta name=\"description\" content=\"Confira o calend\u00e1rio previsto do 13\u00ba sal\u00e1rio do INSS 2026 para quem ganha acima de R$ 1.621. Veja datas das duas parcelas, regras, dicas e como consultar seu benef\u00edcio.\" \/>\n<meta name=\"robots\" content=\"index, follow, max-snippet:-1, max-image-preview:large, max-video-preview:-1\" \/>\n<link rel=\"canonical\" href=\"https:\/\/www.pensarcursos.com.br\/blog\/seu-13o-salario-do-inss-2026-esta-chegando-veja-quando-deve-cair-a-primeira-e-a-segunda-parcela-datas-para-quem-ganha-acima-de-r-1-621\/\" \/>\n<meta property=\"og:locale\" content=\"pt_BR\" \/>\n<meta property=\"og:type\" content=\"article\" \/>\n<meta property=\"og:title\" content=\"Seu 13\u00ba sal\u00e1rio do INSS 2026 est\u00e1 chegando: veja quando deve cair a primeira e a segunda parcela (datas para quem ganha acima de R$ 1.621)\" \/>\n<meta property=\"og:description\" content=\"Confira o calend\u00e1rio previsto do 13\u00ba sal\u00e1rio do INSS 2026 para quem ganha acima de R$ 1.621. Veja datas das duas parcelas, regras, dicas e como consultar seu benef\u00edcio.\" \/>\n<meta property=\"og:url\" content=\"https:\/\/www.pensarcursos.com.br\/blog\/seu-13o-salario-do-inss-2026-esta-chegando-veja-quando-deve-cair-a-primeira-e-a-segunda-parcela-datas-para-quem-ganha-acima-de-r-1-621\/\" \/>\n<meta property=\"og:site_name\" content=\"Blog Pensar Cursos\" \/>\n<meta property=\"article:publisher\" content=\"https:\/\/www.facebook.com\/pensarcursos\/\" \/>\n<meta property=\"article:published_time\" content=\"2026-03-12T09:26:56+00:00\" \/>\n<meta property=\"article:modified_time\" content=\"2026-03-12T14:17:14+00:00\" \/>\n<meta property=\"og:image\" content=\"https:\/\/www.pensarcursos.com.br\/blog\/wp-content\/uploads\/2026\/03\/calendario-de-antecipacao-do-13-do-inss.webp\" \/>\n\t<meta property=\"og:image:width\" content=\"770\" \/>\n\t<meta property=\"og:image:height\" content=\"513\" \/>\n\t<meta property=\"og:image:type\" content=\"image\/webp\" \/>\n<meta name=\"author\" content=\"F\u00e1tima Azevedo\" \/>\n<meta name=\"twitter:card\" content=\"summary_large_image\" \/>\n<meta name=\"twitter:label1\" content=\"Escrito por\" \/>\n\t<meta name=\"twitter:data1\" content=\"F\u00e1tima Azevedo\" \/>\n\t<meta name=\"twitter:label2\" content=\"Est. tempo de leitura\" \/>\n\t<meta name=\"twitter:data2\" content=\"5 minutos\" \/>\n<!-- \/ Yoast SEO Premium plugin. -->","yoast_head_json":{"title":"Seu 13\u00ba sal\u00e1rio do INSS 2026 est\u00e1 chegando: veja quando deve cair a primeira e a segunda parcela (datas para quem ganha acima de R$ 1.621) - Blog Pensar Cursos","description":"Confira o calend\u00e1rio previsto do 13\u00ba sal\u00e1rio do INSS 2026 para quem ganha acima de R$ 1.621. Veja datas das duas parcelas, regras, dicas e como consultar seu benef\u00edcio.","robots":{"index":"index","follow":"follow","max-snippet":"max-snippet:-1","max-image-preview":"max-image-preview:large","max-video-preview":"max-video-preview:-1"},"canonical":"https:\/\/www.pensarcursos.com.br\/blog\/seu-13o-salario-do-inss-2026-esta-chegando-veja-quando-deve-cair-a-primeira-e-a-segunda-parcela-datas-para-quem-ganha-acima-de-r-1-621\/","og_locale":"pt_BR","og_type":"article","og_title":"Seu 13\u00ba sal\u00e1rio do INSS 2026 est\u00e1 chegando: veja quando deve cair a primeira e a segunda parcela (datas para quem ganha acima de R$ 1.621)","og_description":"Confira o calend\u00e1rio previsto do 13\u00ba sal\u00e1rio do INSS 2026 para quem ganha acima de R$ 1.621. Veja datas das duas parcelas, regras, dicas e como consultar seu benef\u00edcio.","og_url":"https:\/\/www.pensarcursos.com.br\/blog\/seu-13o-salario-do-inss-2026-esta-chegando-veja-quando-deve-cair-a-primeira-e-a-segunda-parcela-datas-para-quem-ganha-acima-de-r-1-621\/","og_site_name":"Blog Pensar Cursos","article_publisher":"https:\/\/www.facebook.com\/pensarcursos\/","article_published_time":"2026-03-12T09:26:56+00:00","article_modified_time":"2026-03-12T14:17:14+00:00","og_image":[{"width":770,"height":513,"url":"https:\/\/www.pensarcursos.com.br\/blog\/wp-content\/uploads\/2026\/03\/calendario-de-antecipacao-do-13-do-inss.webp","type":"image\/webp"}],"author":"F\u00e1tima Azevedo","twitter_card":"summary_large_image","twitter_misc":{"Escrito por":"F\u00e1tima Azevedo","Est. tempo de leitura":"5 minutos"},"schema":{"@context":"https:\/\/schema.org","@graph":[{"@type":["Article","BlogPosting"],"@id":"https:\/\/www.pensarcursos.com.br\/blog\/seu-13o-salario-do-inss-2026-esta-chegando-veja-quando-deve-cair-a-primeira-e-a-segunda-parcela-datas-para-quem-ganha-acima-de-r-1-621\/#article","isPartOf":{"@id":"https:\/\/www.pensarcursos.com.br\/blog\/seu-13o-salario-do-inss-2026-esta-chegando-veja-quando-deve-cair-a-primeira-e-a-segunda-parcela-datas-para-quem-ganha-acima-de-r-1-621\/"},"author":{"name":"F\u00e1tima Azevedo","@id":"https:\/\/www.pensarcursos.com.br\/blog\/#\/schema\/person\/827343e4611913410dcf62144b5b2a2d"},"headline":"Seu 13\u00ba sal\u00e1rio do INSS 2026 est\u00e1 chegando: veja quando deve cair a primeira e a segunda parcela (datas para quem ganha acima de R$ 1.621)","datePublished":"2026-03-12T09:26:56+00:00","dateModified":"2026-03-12T14:17:14+00:00","mainEntityOfPage":{"@id":"https:\/\/www.pensarcursos.com.br\/blog\/seu-13o-salario-do-inss-2026-esta-chegando-veja-quando-deve-cair-a-primeira-e-a-segunda-parcela-datas-para-quem-ganha-acima-de-r-1-621\/"},"wordCount":811,"commentCount":0,"publisher":{"@id":"https:\/\/www.pensarcursos.com.br\/blog\/#organization"},"image":{"@id":"https:\/\/www.pensarcursos.com.br\/blog\/seu-13o-salario-do-inss-2026-esta-chegando-veja-quando-deve-cair-a-primeira-e-a-segunda-parcela-datas-para-quem-ganha-acima-de-r-1-621\/#primaryimage"},"thumbnailUrl":"https:\/\/www.pensarcursos.com.br\/blog\/wp-content\/uploads\/2026\/03\/calendario-de-antecipacao-do-13-do-inss.webp","keywords":["antecipa\u00e7\u00e3o do 13 sal\u00e1rio inss","calend\u00e1rio 13 sal\u00e1rio do inss","pagamentos do inss acima do m\u00ednimo"],"articleSection":["Direitos do Trabalhador"],"inLanguage":"pt-BR","potentialAction":[{"@type":"CommentAction","name":"Comment","target":["https:\/\/www.pensarcursos.com.br\/blog\/seu-13o-salario-do-inss-2026-esta-chegando-veja-quando-deve-cair-a-primeira-e-a-segunda-parcela-datas-para-quem-ganha-acima-de-r-1-621\/#respond"]}],"copyrightYear":"2026","copyrightHolder":{"@id":"https:\/\/www.pensarcursos.com.br\/blog\/#organization"}},{"@type":"WebPage","@id":"https:\/\/www.pensarcursos.com.br\/blog\/seu-13o-salario-do-inss-2026-esta-chegando-veja-quando-deve-cair-a-primeira-e-a-segunda-parcela-datas-para-quem-ganha-acima-de-r-1-621\/","url":"https:\/\/www.pensarcursos.com.br\/blog\/seu-13o-salario-do-inss-2026-esta-chegando-veja-quando-deve-cair-a-primeira-e-a-segunda-parcela-datas-para-quem-ganha-acima-de-r-1-621\/","name":"Seu 13\u00ba sal\u00e1rio do INSS 2026 est\u00e1 chegando: veja quando deve cair a primeira e a segunda parcela (datas para quem ganha acima de R$ 1.621) - Blog Pensar Cursos","isPartOf":{"@id":"https:\/\/www.pensarcursos.com.br\/blog\/#website"},"primaryImageOfPage":{"@id":"https:\/\/www.pensarcursos.com.br\/blog\/seu-13o-salario-do-inss-2026-esta-chegando-veja-quando-deve-cair-a-primeira-e-a-segunda-parcela-datas-para-quem-ganha-acima-de-r-1-621\/#primaryimage"},"image":{"@id":"https:\/\/www.pensarcursos.com.br\/blog\/seu-13o-salario-do-inss-2026-esta-chegando-veja-quando-deve-cair-a-primeira-e-a-segunda-parcela-datas-para-quem-ganha-acima-de-r-1-621\/#primaryimage"},"thumbnailUrl":"https:\/\/www.pensarcursos.com.br\/blog\/wp-content\/uploads\/2026\/03\/calendario-de-antecipacao-do-13-do-inss.webp","datePublished":"2026-03-12T09:26:56+00:00","dateModified":"2026-03-12T14:17:14+00:00","description":"Confira o calend\u00e1rio previsto do 13\u00ba sal\u00e1rio do INSS 2026 para quem ganha acima de R$ 1.621. Veja datas das duas parcelas, regras, dicas e como consultar seu benef\u00edcio.","breadcrumb":{"@id":"https:\/\/www.pensarcursos.com.br\/blog\/seu-13o-salario-do-inss-2026-esta-chegando-veja-quando-deve-cair-a-primeira-e-a-segunda-parcela-datas-para-quem-ganha-acima-de-r-1-621\/#breadcrumb"},"inLanguage":"pt-BR","potentialAction":[{"@type":"ReadAction","target":["https:\/\/www.pensarcursos.com.br\/blog\/seu-13o-salario-do-inss-2026-esta-chegando-veja-quando-deve-cair-a-primeira-e-a-segunda-parcela-datas-para-quem-ganha-acima-de-r-1-621\/"]}]},{"@type":"ImageObject","inLanguage":"pt-BR","@id":"https:\/\/www.pensarcursos.com.br\/blog\/seu-13o-salario-do-inss-2026-esta-chegando-veja-quando-deve-cair-a-primeira-e-a-segunda-parcela-datas-para-quem-ganha-acima-de-r-1-621\/#primaryimage","url":"https:\/\/www.pensarcursos.com.br\/blog\/wp-content\/uploads\/2026\/03\/calendario-de-antecipacao-do-13-do-inss.webp","contentUrl":"https:\/\/www.pensarcursos.com.br\/blog\/wp-content\/uploads\/2026\/03\/calendario-de-antecipacao-do-13-do-inss.webp","width":770,"height":513,"caption":"Confira quando cai a primeira e a segunda parcela do 13\u00ba sal\u00e1rio do INSS 2026 para benefici\u00e1rios acima de R$ 1.621. Imagem: Ag\u00eancia Brasil"},{"@type":"BreadcrumbList","@id":"https:\/\/www.pensarcursos.com.br\/blog\/seu-13o-salario-do-inss-2026-esta-chegando-veja-quando-deve-cair-a-primeira-e-a-segunda-parcela-datas-para-quem-ganha-acima-de-r-1-621\/#breadcrumb","itemListElement":[{"@type":"ListItem","position":1,"name":"Home","item":"https:\/\/www.pensarcursos.com.br\/blog\/"},{"@type":"ListItem","position":2,"name":"Seu 13\u00ba sal\u00e1rio do INSS 2026 est\u00e1 chegando: veja quando deve cair a primeira e a segunda parcela (datas para quem ganha acima de R$ 1.621)"}]},{"@type":"WebSite","@id":"https:\/\/www.pensarcursos.com.br\/blog\/#website","url":"https:\/\/www.pensarcursos.com.br\/blog\/","name":"Blog Pensar Cursos","description":"Maior Site de Cursos do Brasil","publisher":{"@id":"https:\/\/www.pensarcursos.com.br\/blog\/#organization"},"alternateName":"Blog Pensar","potentialAction":[{"@type":"SearchAction","target":{"@type":"EntryPoint","urlTemplate":"https:\/\/www.pensarcursos.com.br\/blog\/?s={search_term_string}"},"query-input":{"@type":"PropertyValueSpecification","valueRequired":true,"valueName":"search_term_string"}}],"inLanguage":"pt-BR"},{"@type":"Organization","@id":"https:\/\/www.pensarcursos.com.br\/blog\/#organization","name":"Pensar Cursos","alternateName":"Blog pensar","url":"https:\/\/www.pensarcursos.com.br\/blog\/","logo":{"@type":"ImageObject","inLanguage":"pt-BR","@id":"https:\/\/www.pensarcursos.com.br\/blog\/#\/schema\/logo\/image\/","url":"https:\/\/www.pensarcursos.com.br\/blog\/wp-content\/uploads\/2023\/11\/Nova-Logo-Pensar-Cursos-vertical.png","contentUrl":"https:\/\/www.pensarcursos.com.br\/blog\/wp-content\/uploads\/2023\/11\/Nova-Logo-Pensar-Cursos-vertical.png","width":1393,"height":1001,"caption":"Pensar Cursos"},"image":{"@id":"https:\/\/www.pensarcursos.com.br\/blog\/#\/schema\/logo\/image\/"},"sameAs":["https:\/\/www.facebook.com\/pensarcursos\/","https:\/\/instagram.com.br\/pensarcursos"],"description":"Pensar Cursos \u00e9 uma empresa especializada em oferecer cursos de alta qualidade voltados para o desenvolvimento profissional e acad\u00eamico. Com uma ampla gama de op\u00e7\u00f5es de treinamento, oferecemos conte\u00fados atualizados, ministrados por especialistas da \u00e1rea, para capacitar indiv\u00edduos e equipes a atingirem seus objetivos. Nossa miss\u00e3o \u00e9 proporcionar uma educa\u00e7\u00e3o transformadora, acess\u00edvel e personalizada para cada aluno, seja em cursos presenciais ou online. Com uma abordagem inovadora, buscamos adaptar os nossos programas de ensino \u00e0s necessidades do mercado, criando solu\u00e7\u00f5es que atendem aos desafios e exig\u00eancias do mundo corporativo e acad\u00eamico. Nossos cursos incluem desde forma\u00e7\u00f5es t\u00e9cnicas at\u00e9 habilidades essenciais, como lideran\u00e7a, gest\u00e3o e desenvolvimento pessoal.","email":"contato@pensarcursos.com.br","legalName":"Sena Servi\u00e7os de Informa\u00e7\u00e3o Online LTDA","foundingDate":"2013-04-18","vatID":"17956217000172","numberOfEmployees":{"@type":"QuantitativeValue","minValue":"11","maxValue":"50"},"publishingPrinciples":"https:\/\/www.pensarcursos.com.br\/blog\/principios-de-publicacao\/","ownershipFundingInfo":"https:\/\/www.pensarcursos.com.br\/blog\/informacoes-de-propriedade-financiamento\/","actionableFeedbackPolicy":"https:\/\/www.pensarcursos.com.br\/blog\/politica-de-feedback-acionavel\/","correctionsPolicy":"https:\/\/www.pensarcursos.com.br\/blog\/politica-de-correcoes\/","ethicsPolicy":"https:\/\/www.pensarcursos.com.br\/blog\/politica-de-etica\/"},{"@type":"Person","@id":"https:\/\/www.pensarcursos.com.br\/blog\/#\/schema\/person\/827343e4611913410dcf62144b5b2a2d","name":"F\u00e1tima Azevedo","image":{"@type":"ImageObject","inLanguage":"pt-BR","@id":"https:\/\/secure.gravatar.com\/avatar\/ea820c84e212573cc3f119ba576278fe7ad07b69ed7ca0c33223662227bb77ca?s=96&d=mm&r=g","url":"https:\/\/secure.gravatar.com\/avatar\/ea820c84e212573cc3f119ba576278fe7ad07b69ed7ca0c33223662227bb77ca?s=96&d=mm&r=g","contentUrl":"https:\/\/secure.gravatar.com\/avatar\/ea820c84e212573cc3f119ba576278fe7ad07b69ed7ca0c33223662227bb77ca?s=96&d=mm&r=g","caption":"F\u00e1tima Azevedo"},"description":"Graduada em Ci\u00eancias Biol\u00f3gicas. Professora. Redatora grupo Sena Online.","sameAs":["https:\/\/www.linkedin.com\/in\/maria-de-f\u00e1tima-oliveira-da-costa-74a1692a7"],"url":"https:\/\/www.pensarcursos.com.br\/blog\/author\/fatima\/"}]}},"_links":{"self":[{"href":"https:\/\/www.pensarcursos.com.br\/blog\/wp-json\/wp\/v2\/posts\/149567","targetHints":{"allow":["GET"]}}],"collection":[{"href":"https:\/\/www.pensarcursos.com.br\/blog\/wp-json\/wp\/v2\/posts"}],"about":[{"href":"https:\/\/www.pensarcursos.com.br\/blog\/wp-json\/wp\/v2\/types\/post"}],"author":[{"embeddable":true,"href":"https:\/\/www.pensarcursos.com.br\/blog\/wp-json\/wp\/v2\/users\/41"}],"replies":[{"embeddable":true,"href":"https:\/\/www.pensarcursos.com.br\/blog\/wp-json\/wp\/v2\/comments?post=149567"}],"version-history":[{"count":0,"href":"https:\/\/www.pensarcursos.com.br\/blog\/wp-json\/wp\/v2\/posts\/149567\/revisions"}],"wp:featuredmedia":[{"embeddable":true,"href":"https:\/\/www.pensarcursos.com.br\/blog\/wp-json\/wp\/v2\/media\/149570"}],"wp:attachment":[{"href":"https:\/\/www.pensarcursos.com.br\/blog\/wp-json\/wp\/v2\/media?parent=149567"}],"wp:term":[{"taxonomy":"category","embeddable":true,"href":"https:\/\/www.pensarcursos.com.br\/blog\/wp-json\/wp\/v2\/categories?post=149567"},{"taxonomy":"post_tag","embeddable":true,"href":"https:\/\/www.pensarcursos.com.br\/blog\/wp-json\/wp\/v2\/tags?post=149567"}],"curies":[{"name":"wp","href":"https:\/\/api.w.org\/{rel}","templated":true}]}}