{"id":149562,"date":"2026-03-12T05:45:16","date_gmt":"2026-03-12T08:45:16","guid":{"rendered":"https:\/\/www.pensarcursos.com.br\/blog\/?p=149562"},"modified":"2026-03-12T05:45:16","modified_gmt":"2026-03-12T08:45:16","slug":"mais-de-30-dos-empregos-no-brasil-seguem-a-escala-6x1-aponta-estudo","status":"publish","type":"post","link":"https:\/\/www.pensarcursos.com.br\/blog\/mais-de-30-dos-empregos-no-brasil-seguem-a-escala-6x1-aponta-estudo\/","title":{"rendered":"Mais de 30% dos empregos no Brasil seguem a escala 6&#215;1, aponta estudo"},"content":{"rendered":"<p><strong>Voc\u00ea sabia que mais de 14 milh\u00f5es de brasileiros ainda vivem a rotina intensa do trabalho seis dias por semana com apenas um de descanso?<\/strong><\/p>\n<p>Em pleno 2026, enquanto grande parte da economia nacional j\u00e1 migra para modelos de trabalho mais flex\u00edveis, um levantamento in\u00e9dito do Minist\u00e9rio do Trabalho e Emprego mostrou que a famosa \u201c<a href=\"https:\/\/www.pensarcursos.com.br\/blog\/fim-da-escala-6x1-sera-discutido-na-camara-nesta-terca-feira-10\/\" target=\"_blank\" rel=\"noopener\">escala 6&#215;1<\/a>\u201d ainda \u00e9 a realidade para 33,2% dos v\u00ednculos formais no pa\u00eds.<\/p>\n<p>Entender quem s\u00e3o esses trabalhadores, onde se concentram e quais impactos a poss\u00edvel mudan\u00e7a pode trazer \u00e9 fundamental para acompanhar a evolu\u00e7\u00e3o do mercado nacional.<\/p>\n<p>O estudo, apresentado na C\u00e2mara dos Deputados pelo ministro Luiz Marinho, analisou mais de 50 milh\u00f5es de v\u00ednculos cadastrados no eSocial, abrangendo celetistas, estatut\u00e1rios, aut\u00f4nomos, avulsos, cooperados, trabalhadores dom\u00e9sticos e estagi\u00e1rios.<\/p>\n<p>O resultado revela uma verdadeira divis\u00e3o: enquanto 14,8 milh\u00f5es de pessoas atuam sob a extenuante carga de 44 horas semanais, distribu\u00eddas em seis dias, outros 29,7 milh\u00f5es j\u00e1 usufruem de modelos menos r\u00edgidos, trabalhando 40 horas divididas em cinco dias, o chamado 5&#215;2.<\/p>\n<h2>Quem segue a escala 6&#215;1 no Brasil?<\/h2>\n<p>A concentra\u00e7\u00e3o da <a href=\"https:\/\/www.pensarcursos.com.br\/blog\/escala-6x1-pode-acabar-lula-propoe-negociacao-com-patroes-e-trabalhadores\/\" target=\"_blank\" rel=\"noopener\">escala 6&#215;1<\/a> est\u00e1 longe de ser uniforme. Setores como transporte a\u00e9reo (53,2%), servi\u00e7os de alojamento (52%), alimenta\u00e7\u00e3o (47,1%) e com\u00e9rcio (42,2%) despontam como os mais dependentes desse modelo.<\/p>\n<p>\u00c9 nesses segmentos que a rotina de trabalho puxada ainda prevalece, muitas vezes impulsionada por demandas de atendimento cont\u00ednuo e sazonalidade.<\/p>\n<p>Regionalmente, <strong>Tocantins (48,1%), Santa Catarina (44,7%) e Roraima (43,9%)<\/strong> aparecem como os estados com maior incid\u00eancia proporcional de trabalhadores na escala 6&#215;1.<\/p>\n<p>No entanto, em n\u00famero absoluto, o <strong>Sudeste lidera com impressionantes 7 milh\u00f5es de v\u00ednculos sob essa configura\u00e7\u00e3o<\/strong>, resultado do peso econ\u00f4mico da regi\u00e3o.<\/p>\n<h2>Impacto econ\u00f4mico da poss\u00edvel transi\u00e7\u00e3o do 6&#215;1 para o 5&#215;2<\/h2>\n<p>Uma das principais inquieta\u00e7\u00f5es sobre a mudan\u00e7a desse modelo \u00e9 o impacto nas finan\u00e7as do pa\u00eds e das empresas.<\/p>\n<p>Contudo, o Minist\u00e9rio do Trabalho aponta que a redu\u00e7\u00e3o da carga hor\u00e1ria, sem perdas salariais, representaria uma eleva\u00e7\u00e3o de apenas 4,7% na massa geral de rendimentos do Brasil. Segundo a an\u00e1lise, esse aumento \u00e9 facilmente absorvido, sem risco de ruptura econ\u00f4mica ou preju\u00edzo coletivo.<\/p>\n<p>Essa transforma\u00e7\u00e3o poderia tamb\u00e9m fomentar a cria\u00e7\u00e3o de empregos, como apontou outro estudo citado por Marinho \u2014 estima-se a gera\u00e7\u00e3o de 4,5 milh\u00f5es de novos postos de trabalho caso o pa\u00eds adote de vez o modelo 5&#215;2, com distribui\u00e7\u00e3o mais equilibrada das horas trabalhadas.<\/p>\n<figure id=\"attachment_149563\" aria-describedby=\"caption-attachment-149563\" style=\"width: 1024px\" class=\"wp-caption aligncenter\"><img decoding=\"async\" class=\"wp-image-149563 size-large\" src=\"https:\/\/www.pensarcursos.com.br\/blog\/wp-content\/uploads\/2026\/03\/transicao-da-escala-6-x-1-para-5-x-2-1024x683.jpg\" alt=\"Equipe de trabalho reunida em escrit\u00f3rio analisando dados \u2014 impacto econ\u00f4mico da transi\u00e7\u00e3o da escala 6x1 para 5x2.\" width=\"1024\" height=\"683\" srcset=\"https:\/\/www.pensarcursos.com.br\/blog\/wp-content\/uploads\/2026\/03\/transicao-da-escala-6-x-1-para-5-x-2-1024x683.jpg 1024w, https:\/\/www.pensarcursos.com.br\/blog\/wp-content\/uploads\/2026\/03\/transicao-da-escala-6-x-1-para-5-x-2-300x200.jpg 300w, https:\/\/www.pensarcursos.com.br\/blog\/wp-content\/uploads\/2026\/03\/transicao-da-escala-6-x-1-para-5-x-2-768x512.jpg 768w, https:\/\/www.pensarcursos.com.br\/blog\/wp-content\/uploads\/2026\/03\/transicao-da-escala-6-x-1-para-5-x-2-750x500.jpg 750w, https:\/\/www.pensarcursos.com.br\/blog\/wp-content\/uploads\/2026\/03\/transicao-da-escala-6-x-1-para-5-x-2-1140x760.jpg 1140w, https:\/\/www.pensarcursos.com.br\/blog\/wp-content\/uploads\/2026\/03\/transicao-da-escala-6-x-1-para-5-x-2.jpg 1500w\" sizes=\"(max-width: 1024px) 100vw, 1024px\" \/><figcaption id=\"caption-attachment-149563\" class=\"wp-caption-text\">Entenda o impacto econ\u00f4mico da poss\u00edvel transi\u00e7\u00e3o da escala 6&#215;1 para o modelo 5&#215;2 no Brasil. Imagem: Freepik<\/figcaption><\/figure>\n<h2>Por que a escala 6&#215;1 ainda persiste?<\/h2>\n<p>Apesar dos avan\u00e7os e da for\u00e7a dos argumentos econ\u00f4micos, mudar padr\u00f5es consolidados nunca \u00e9 simples. A perman\u00eancia da <a href=\"https:\/\/www.pensarcursos.com.br\/blog\/fim-da-escala-6x1-projeto-preve-diminuicao-gradual-no-horario-de-trabalho-dos-brasileiros\/\" target=\"_blank\" rel=\"noopener\">escala 6&#215;1<\/a> decorre de uma combina\u00e7\u00e3o de tradi\u00e7\u00e3o trabalhista, resist\u00eancia setorial e necessidades operacionais espec\u00edficas.<\/p>\n<p>Setores com atividades cont\u00ednuas ou hor\u00e1rios alternativos, como com\u00e9rcio e hospedagem, justificam a pr\u00e1tica por quest\u00f5es de atendimento a clientes e sazonalidade, mesmo diante de debates sobre bem-estar e sa\u00fade ocupacional.<\/p>\n<p>Enquanto isso, regi\u00f5es menos industrializadas mant\u00eam a configura\u00e7\u00e3o por falta de op\u00e7\u00f5es e din\u00e2mica econ\u00f4mica pr\u00f3pria.<\/p>\n<h2>O que muda para o trabalhador se a escala 6&#215;1 acabar?<\/h2>\n<p>Para o profissional diretamente afetado, o fim da<a href=\"https:\/\/www.pensarcursos.com.br\/blog\/fim-da-escala-6x1-projeto-preve-diminuicao-gradual-no-horario-de-trabalho-dos-brasileiros\/\" target=\"_blank\" rel=\"noopener\"> escala 6&#215;1<\/a> representa\u00a0<strong>mais tempo livre<\/strong>, melhoria no equil\u00edbrio entre vida pessoal e trabalho, al\u00e9m de poss\u00edveis benef\u00edcios \u00e0 sa\u00fade f\u00edsica e mental.<\/p>\n<p>Com a distribui\u00e7\u00e3o das horas em apenas cinco dias, o trabalhador passa a desfrutar de dois dias consecutivos de descanso, o que pode ampliar a qualidade de vida e a produtividade.<\/p>\n<p>Por outro lado, empregadores avaliam cuidadosamente o custo da transi\u00e7\u00e3o, principalmente nos setores mais dependentes da configura\u00e7\u00e3o tradicional.<\/p>\n<p>O debate est\u00e1 lan\u00e7ado. O Minist\u00e9rio do Trabalho, com base em dados coletados e an\u00e1lise minuciosa, declara que \u201c<strong>a economia brasileira est\u00e1 pronta para suportar 40 horas semanais<\/strong>\u201d. A pergunta que fica \u00e9: como os setores mais impactados se adaptar\u00e3o e qual ser\u00e1 o ritmo dessa reforma no cotidiano dos brasileiros?<\/p>\n<p>Discuss\u00f5es como estas chamam a sua aten\u00e7\u00e3o? Acesse a p\u00e1gina inicial do <a href=\"https:\/\/www.pensarcursos.com.br\/blog\/\" target=\"_blank\" rel=\"noopener\"><strong>Blog Pensar Cursos<\/strong><\/a> e confira mais sobre mercado de trabalho e profiss\u00f5es!<\/p>\n","protected":false},"excerpt":{"rendered":"<p>Voc\u00ea sabia que mais de 14 milh\u00f5es de brasileiros ainda vivem a rotina intensa do trabalho seis dias por semana com apenas um de descanso? Em pleno 2026, enquanto grande parte da economia nacional j\u00e1 migra para modelos de trabalho mais flex\u00edveis, um levantamento in\u00e9dito do Minist\u00e9rio do Trabalho e Emprego mostrou que a famosa [&hellip;]<\/p>\n","protected":false},"author":41,"featured_media":149564,"comment_status":"open","ping_status":"closed","sticky":false,"template":"","format":"standard","meta":{"jnews-multi-image_gallery":[],"jnews_single_post":{"format":"standard","override":[{"template":"1","parallax":"1","fullscreen":"1","layout":"right-sidebar","sidebar":"default-sidebar","second_sidebar":"default-sidebar","sticky_sidebar":"1","share_position":"topbottom","share_float_style":"share-monocrhome","show_featured":"1","show_post_meta":"1","show_post_author":"1","show_post_author_image":"1","show_post_date":"1","post_date_format":"default","post_date_format_custom":"Y\/m\/d","show_post_category":"1","post_reading_time_wpm":"300","post_calculate_word_method":"str_word_count","show_zoom_button":"0","zoom_button_out_step":"2","zoom_button_in_step":"3","show_post_tag":"1","show_prev_next_post":"1","show_popup_post":"1","show_comment_section":"1","number_popup_post":"2","show_author_box":"1","show_post_related":"1","show_inline_post_related":"1"}],"image_override":[{"single_post_thumbnail_size":"crop-500","single_post_gallery_size":"crop-500"}],"trending_post_position":"meta","trending_post_label":"Trending","sponsored_post_label":"Sponsored by","disable_ad":"0","subtitle":"Estudo revela cen\u00e1rio da escala 6x1 no Brasil e aponta caminhos para redu\u00e7\u00e3o da carga hor\u00e1ria"},"jnews_primary_category":[],"jnews_social_meta":[],"jnews_override_counter":{"view_counter_number":"0","share_counter_number":"0","like_counter_number":"0","dislike_counter_number":"0"},"footnotes":""},"categories":[1947,27,6194,26,150],"tags":[39512,39514,39513],"class_list":["post-149562","post","type-post","status-publish","format-standard","has-post-thumbnail","hentry","category-curiosidades","category-dicas","category-economia","category-empregos","category-negocios","tag-escala-6x-1","tag-jornada-semanal-de-trabalho","tag-mercardo-de-trabalho-brasil-2026"],"yoast_head":"<!-- This site is optimized with the Yoast SEO Premium plugin v27.4 (Yoast SEO v27.4) - https:\/\/yoast.com\/product\/yoast-seo-premium-wordpress\/ -->\n<title>Mais de 30% dos empregos no Brasil seguem a escala 6x1, aponta estudo - Blog Pensar Cursos<\/title>\n<meta name=\"description\" content=\"Mais de 30% dos empregos no Brasil ainda seguem a escala 6x1. Entenda o que isso significa, os impactos econ\u00f4micos e setoriais e o futuro da carga hor\u00e1ria no pa\u00eds.\" \/>\n<meta name=\"robots\" content=\"index, follow, max-snippet:-1, max-image-preview:large, max-video-preview:-1\" \/>\n<link rel=\"canonical\" href=\"https:\/\/www.pensarcursos.com.br\/blog\/mais-de-30-dos-empregos-no-brasil-seguem-a-escala-6x1-aponta-estudo\/\" \/>\n<meta property=\"og:locale\" content=\"pt_BR\" \/>\n<meta property=\"og:type\" content=\"article\" \/>\n<meta property=\"og:title\" content=\"Mais de 30% dos empregos no Brasil seguem a escala 6x1, aponta estudo\" \/>\n<meta property=\"og:description\" content=\"Mais de 30% dos empregos no Brasil ainda seguem a escala 6x1. Entenda o que isso significa, os impactos econ\u00f4micos e setoriais e o futuro da carga hor\u00e1ria no pa\u00eds.\" \/>\n<meta property=\"og:url\" content=\"https:\/\/www.pensarcursos.com.br\/blog\/mais-de-30-dos-empregos-no-brasil-seguem-a-escala-6x1-aponta-estudo\/\" \/>\n<meta property=\"og:site_name\" content=\"Blog Pensar Cursos\" \/>\n<meta property=\"article:publisher\" content=\"https:\/\/www.facebook.com\/pensarcursos\/\" \/>\n<meta property=\"article:published_time\" content=\"2026-03-12T08:45:16+00:00\" \/>\n<meta property=\"og:image\" content=\"https:\/\/www.pensarcursos.com.br\/blog\/wp-content\/uploads\/2026\/03\/escala-6-x-1.jpg\" \/>\n\t<meta property=\"og:image:width\" content=\"1500\" \/>\n\t<meta property=\"og:image:height\" content=\"816\" \/>\n\t<meta property=\"og:image:type\" content=\"image\/jpeg\" \/>\n<meta name=\"author\" content=\"F\u00e1tima Azevedo\" \/>\n<meta name=\"twitter:card\" content=\"summary_large_image\" \/>\n<meta name=\"twitter:label1\" content=\"Escrito por\" \/>\n\t<meta name=\"twitter:data1\" content=\"F\u00e1tima Azevedo\" \/>\n\t<meta name=\"twitter:label2\" content=\"Est. tempo de leitura\" \/>\n\t<meta name=\"twitter:data2\" content=\"5 minutos\" \/>\n<!-- \/ Yoast SEO Premium plugin. -->","yoast_head_json":{"title":"Mais de 30% dos empregos no Brasil seguem a escala 6x1, aponta estudo - Blog Pensar Cursos","description":"Mais de 30% dos empregos no Brasil ainda seguem a escala 6x1. Entenda o que isso significa, os impactos econ\u00f4micos e setoriais e o futuro da carga hor\u00e1ria no pa\u00eds.","robots":{"index":"index","follow":"follow","max-snippet":"max-snippet:-1","max-image-preview":"max-image-preview:large","max-video-preview":"max-video-preview:-1"},"canonical":"https:\/\/www.pensarcursos.com.br\/blog\/mais-de-30-dos-empregos-no-brasil-seguem-a-escala-6x1-aponta-estudo\/","og_locale":"pt_BR","og_type":"article","og_title":"Mais de 30% dos empregos no Brasil seguem a escala 6x1, aponta estudo","og_description":"Mais de 30% dos empregos no Brasil ainda seguem a escala 6x1. Entenda o que isso significa, os impactos econ\u00f4micos e setoriais e o futuro da carga hor\u00e1ria no pa\u00eds.","og_url":"https:\/\/www.pensarcursos.com.br\/blog\/mais-de-30-dos-empregos-no-brasil-seguem-a-escala-6x1-aponta-estudo\/","og_site_name":"Blog Pensar Cursos","article_publisher":"https:\/\/www.facebook.com\/pensarcursos\/","article_published_time":"2026-03-12T08:45:16+00:00","og_image":[{"width":1500,"height":816,"url":"https:\/\/www.pensarcursos.com.br\/blog\/wp-content\/uploads\/2026\/03\/escala-6-x-1.jpg","type":"image\/jpeg"}],"author":"F\u00e1tima Azevedo","twitter_card":"summary_large_image","twitter_misc":{"Escrito por":"F\u00e1tima Azevedo","Est. tempo de leitura":"5 minutos"},"schema":{"@context":"https:\/\/schema.org","@graph":[{"@type":["Article","BlogPosting"],"@id":"https:\/\/www.pensarcursos.com.br\/blog\/mais-de-30-dos-empregos-no-brasil-seguem-a-escala-6x1-aponta-estudo\/#article","isPartOf":{"@id":"https:\/\/www.pensarcursos.com.br\/blog\/mais-de-30-dos-empregos-no-brasil-seguem-a-escala-6x1-aponta-estudo\/"},"author":{"name":"F\u00e1tima Azevedo","@id":"https:\/\/www.pensarcursos.com.br\/blog\/#\/schema\/person\/827343e4611913410dcf62144b5b2a2d"},"headline":"Mais de 30% dos empregos no Brasil seguem a escala 6&#215;1, aponta estudo","datePublished":"2026-03-12T08:45:16+00:00","mainEntityOfPage":{"@id":"https:\/\/www.pensarcursos.com.br\/blog\/mais-de-30-dos-empregos-no-brasil-seguem-a-escala-6x1-aponta-estudo\/"},"wordCount":748,"commentCount":0,"publisher":{"@id":"https:\/\/www.pensarcursos.com.br\/blog\/#organization"},"image":{"@id":"https:\/\/www.pensarcursos.com.br\/blog\/mais-de-30-dos-empregos-no-brasil-seguem-a-escala-6x1-aponta-estudo\/#primaryimage"},"thumbnailUrl":"https:\/\/www.pensarcursos.com.br\/blog\/wp-content\/uploads\/2026\/03\/escala-6-x-1.jpg","keywords":["escala 6x 1","jornada semanal de trabalho","mercardo de trabalho brasil 2026"],"articleSection":["Curiosidades","Dicas","Economia","Empregos","Neg\u00f3cios"],"inLanguage":"pt-BR","potentialAction":[{"@type":"CommentAction","name":"Comment","target":["https:\/\/www.pensarcursos.com.br\/blog\/mais-de-30-dos-empregos-no-brasil-seguem-a-escala-6x1-aponta-estudo\/#respond"]}],"copyrightYear":"2026","copyrightHolder":{"@id":"https:\/\/www.pensarcursos.com.br\/blog\/#organization"}},{"@type":"WebPage","@id":"https:\/\/www.pensarcursos.com.br\/blog\/mais-de-30-dos-empregos-no-brasil-seguem-a-escala-6x1-aponta-estudo\/","url":"https:\/\/www.pensarcursos.com.br\/blog\/mais-de-30-dos-empregos-no-brasil-seguem-a-escala-6x1-aponta-estudo\/","name":"Mais de 30% dos empregos no Brasil seguem a escala 6x1, aponta estudo - Blog Pensar Cursos","isPartOf":{"@id":"https:\/\/www.pensarcursos.com.br\/blog\/#website"},"primaryImageOfPage":{"@id":"https:\/\/www.pensarcursos.com.br\/blog\/mais-de-30-dos-empregos-no-brasil-seguem-a-escala-6x1-aponta-estudo\/#primaryimage"},"image":{"@id":"https:\/\/www.pensarcursos.com.br\/blog\/mais-de-30-dos-empregos-no-brasil-seguem-a-escala-6x1-aponta-estudo\/#primaryimage"},"thumbnailUrl":"https:\/\/www.pensarcursos.com.br\/blog\/wp-content\/uploads\/2026\/03\/escala-6-x-1.jpg","datePublished":"2026-03-12T08:45:16+00:00","description":"Mais de 30% dos empregos no Brasil ainda seguem a escala 6x1. Entenda o que isso significa, os impactos econ\u00f4micos e setoriais e o futuro da carga hor\u00e1ria no pa\u00eds.","breadcrumb":{"@id":"https:\/\/www.pensarcursos.com.br\/blog\/mais-de-30-dos-empregos-no-brasil-seguem-a-escala-6x1-aponta-estudo\/#breadcrumb"},"inLanguage":"pt-BR","potentialAction":[{"@type":"ReadAction","target":["https:\/\/www.pensarcursos.com.br\/blog\/mais-de-30-dos-empregos-no-brasil-seguem-a-escala-6x1-aponta-estudo\/"]}]},{"@type":"ImageObject","inLanguage":"pt-BR","@id":"https:\/\/www.pensarcursos.com.br\/blog\/mais-de-30-dos-empregos-no-brasil-seguem-a-escala-6x1-aponta-estudo\/#primaryimage","url":"https:\/\/www.pensarcursos.com.br\/blog\/wp-content\/uploads\/2026\/03\/escala-6-x-1.jpg","contentUrl":"https:\/\/www.pensarcursos.com.br\/blog\/wp-content\/uploads\/2026\/03\/escala-6-x-1.jpg","width":1500,"height":816,"caption":"Estudo revela que mais de 30% dos empregos no Brasil ainda seguem a escala 6x1. Imagem: Freepik"},{"@type":"BreadcrumbList","@id":"https:\/\/www.pensarcursos.com.br\/blog\/mais-de-30-dos-empregos-no-brasil-seguem-a-escala-6x1-aponta-estudo\/#breadcrumb","itemListElement":[{"@type":"ListItem","position":1,"name":"Home","item":"https:\/\/www.pensarcursos.com.br\/blog\/"},{"@type":"ListItem","position":2,"name":"Mais de 30% dos empregos no Brasil seguem a escala 6&#215;1, aponta estudo"}]},{"@type":"WebSite","@id":"https:\/\/www.pensarcursos.com.br\/blog\/#website","url":"https:\/\/www.pensarcursos.com.br\/blog\/","name":"Blog Pensar Cursos","description":"Maior Site de Cursos do Brasil","publisher":{"@id":"https:\/\/www.pensarcursos.com.br\/blog\/#organization"},"alternateName":"Blog Pensar","potentialAction":[{"@type":"SearchAction","target":{"@type":"EntryPoint","urlTemplate":"https:\/\/www.pensarcursos.com.br\/blog\/?s={search_term_string}"},"query-input":{"@type":"PropertyValueSpecification","valueRequired":true,"valueName":"search_term_string"}}],"inLanguage":"pt-BR"},{"@type":"Organization","@id":"https:\/\/www.pensarcursos.com.br\/blog\/#organization","name":"Pensar Cursos","alternateName":"Blog pensar","url":"https:\/\/www.pensarcursos.com.br\/blog\/","logo":{"@type":"ImageObject","inLanguage":"pt-BR","@id":"https:\/\/www.pensarcursos.com.br\/blog\/#\/schema\/logo\/image\/","url":"https:\/\/www.pensarcursos.com.br\/blog\/wp-content\/uploads\/2023\/11\/Nova-Logo-Pensar-Cursos-vertical.png","contentUrl":"https:\/\/www.pensarcursos.com.br\/blog\/wp-content\/uploads\/2023\/11\/Nova-Logo-Pensar-Cursos-vertical.png","width":1393,"height":1001,"caption":"Pensar Cursos"},"image":{"@id":"https:\/\/www.pensarcursos.com.br\/blog\/#\/schema\/logo\/image\/"},"sameAs":["https:\/\/www.facebook.com\/pensarcursos\/","https:\/\/instagram.com.br\/pensarcursos"],"description":"Pensar Cursos \u00e9 uma empresa especializada em oferecer cursos de alta qualidade voltados para o desenvolvimento profissional e acad\u00eamico. Com uma ampla gama de op\u00e7\u00f5es de treinamento, oferecemos conte\u00fados atualizados, ministrados por especialistas da \u00e1rea, para capacitar indiv\u00edduos e equipes a atingirem seus objetivos. Nossa miss\u00e3o \u00e9 proporcionar uma educa\u00e7\u00e3o transformadora, acess\u00edvel e personalizada para cada aluno, seja em cursos presenciais ou online. Com uma abordagem inovadora, buscamos adaptar os nossos programas de ensino \u00e0s necessidades do mercado, criando solu\u00e7\u00f5es que atendem aos desafios e exig\u00eancias do mundo corporativo e acad\u00eamico. Nossos cursos incluem desde forma\u00e7\u00f5es t\u00e9cnicas at\u00e9 habilidades essenciais, como lideran\u00e7a, gest\u00e3o e desenvolvimento pessoal.","email":"contato@pensarcursos.com.br","legalName":"Sena Servi\u00e7os de Informa\u00e7\u00e3o Online LTDA","foundingDate":"2013-04-18","vatID":"17956217000172","numberOfEmployees":{"@type":"QuantitativeValue","minValue":"11","maxValue":"50"},"publishingPrinciples":"https:\/\/www.pensarcursos.com.br\/blog\/principios-de-publicacao\/","ownershipFundingInfo":"https:\/\/www.pensarcursos.com.br\/blog\/informacoes-de-propriedade-financiamento\/","actionableFeedbackPolicy":"https:\/\/www.pensarcursos.com.br\/blog\/politica-de-feedback-acionavel\/","correctionsPolicy":"https:\/\/www.pensarcursos.com.br\/blog\/politica-de-correcoes\/","ethicsPolicy":"https:\/\/www.pensarcursos.com.br\/blog\/politica-de-etica\/"},{"@type":"Person","@id":"https:\/\/www.pensarcursos.com.br\/blog\/#\/schema\/person\/827343e4611913410dcf62144b5b2a2d","name":"F\u00e1tima Azevedo","image":{"@type":"ImageObject","inLanguage":"pt-BR","@id":"https:\/\/secure.gravatar.com\/avatar\/ea820c84e212573cc3f119ba576278fe7ad07b69ed7ca0c33223662227bb77ca?s=96&d=mm&r=g","url":"https:\/\/secure.gravatar.com\/avatar\/ea820c84e212573cc3f119ba576278fe7ad07b69ed7ca0c33223662227bb77ca?s=96&d=mm&r=g","contentUrl":"https:\/\/secure.gravatar.com\/avatar\/ea820c84e212573cc3f119ba576278fe7ad07b69ed7ca0c33223662227bb77ca?s=96&d=mm&r=g","caption":"F\u00e1tima Azevedo"},"description":"Graduada em Ci\u00eancias Biol\u00f3gicas. Professora. Redatora grupo Sena Online.","sameAs":["https:\/\/www.linkedin.com\/in\/maria-de-f\u00e1tima-oliveira-da-costa-74a1692a7"],"url":"https:\/\/www.pensarcursos.com.br\/blog\/author\/fatima\/"}]}},"_links":{"self":[{"href":"https:\/\/www.pensarcursos.com.br\/blog\/wp-json\/wp\/v2\/posts\/149562","targetHints":{"allow":["GET"]}}],"collection":[{"href":"https:\/\/www.pensarcursos.com.br\/blog\/wp-json\/wp\/v2\/posts"}],"about":[{"href":"https:\/\/www.pensarcursos.com.br\/blog\/wp-json\/wp\/v2\/types\/post"}],"author":[{"embeddable":true,"href":"https:\/\/www.pensarcursos.com.br\/blog\/wp-json\/wp\/v2\/users\/41"}],"replies":[{"embeddable":true,"href":"https:\/\/www.pensarcursos.com.br\/blog\/wp-json\/wp\/v2\/comments?post=149562"}],"version-history":[{"count":0,"href":"https:\/\/www.pensarcursos.com.br\/blog\/wp-json\/wp\/v2\/posts\/149562\/revisions"}],"wp:featuredmedia":[{"embeddable":true,"href":"https:\/\/www.pensarcursos.com.br\/blog\/wp-json\/wp\/v2\/media\/149564"}],"wp:attachment":[{"href":"https:\/\/www.pensarcursos.com.br\/blog\/wp-json\/wp\/v2\/media?parent=149562"}],"wp:term":[{"taxonomy":"category","embeddable":true,"href":"https:\/\/www.pensarcursos.com.br\/blog\/wp-json\/wp\/v2\/categories?post=149562"},{"taxonomy":"post_tag","embeddable":true,"href":"https:\/\/www.pensarcursos.com.br\/blog\/wp-json\/wp\/v2\/tags?post=149562"}],"curies":[{"name":"wp","href":"https:\/\/api.w.org\/{rel}","templated":true}]}}