{"id":149539,"date":"2026-03-12T07:39:20","date_gmt":"2026-03-12T10:39:20","guid":{"rendered":"https:\/\/www.pensarcursos.com.br\/blog\/?p=149539"},"modified":"2026-03-11T17:36:22","modified_gmt":"2026-03-11T20:36:22","slug":"primeira-e-segunda-parcela-do-13o-salario-do-inss-2026-veja-as-datas-para-quem-recebe-ate-um-salario-minimo","status":"publish","type":"post","link":"https:\/\/www.pensarcursos.com.br\/blog\/primeira-e-segunda-parcela-do-13o-salario-do-inss-2026-veja-as-datas-para-quem-recebe-ate-um-salario-minimo\/","title":{"rendered":"Primeira e segunda parcela do 13\u00ba sal\u00e1rio do INSS 2026: veja as datas para quem recebe at\u00e9 um sal\u00e1rio m\u00ednimo"},"content":{"rendered":"<p>Mais de 30 milh\u00f5es de benefici\u00e1rios do Instituto Nacional do Seguro Social (INSS) aguardam a confirma\u00e7\u00e3o de uma medida para este primeiro semestre: <strong>a antecipa\u00e7\u00e3o do pagamento do <a href=\"https:\/\/www.pensarcursos.com.br\/blog\/4-perguntas-sobre-o-13o-salario-do-inss-que-ainda-seguem-sem-resposta-e-quando-devem-ser-definidas\/\">13\u00ba sal\u00e1rio<\/a><\/strong>. Seguindo uma estrat\u00e9gia adotada nos \u00faltimos anos, o governo federal avalia novamente a possibilidade de liberar o abono anual de forma antecipada, o que pode movimentar quase R$ 80 bilh\u00f5es na economia brasileira.<\/p>\n<p>Apesar de a decis\u00e3o ainda n\u00e3o ser oficial e depender da publica\u00e7\u00e3o de um decreto presidencial, a proposta em estudo j\u00e1 indica um poss\u00edvel cronograma de pagamentos. Caso seja aprovada, a antecipa\u00e7\u00e3o poder\u00e1 trazer um al\u00edvio para muitos benefici\u00e1rios.<\/p>\n<p>Mas afinal, quais podem ser as datas de pagamento para quem recebe at\u00e9 um sal\u00e1rio m\u00ednimo? Continue a leitura para conferir o calend\u00e1rio previsto e entender como consultar o seu benef\u00edcio.<\/p>\n<h2>O que esperar da antecipa\u00e7\u00e3o do 13\u00ba sal\u00e1rio em 2026?<\/h2>\n<p>A proposta em estudo pelo governo prev\u00ea a libera\u00e7\u00e3o das duas parcelas do <a href=\"https:\/\/www.pensarcursos.com.br\/blog\/nao-caia-em-fake-news-confira-6-verdades-e-5-mentiras-sobre-o-13o-salario-do-inss\/\">13\u00ba sal\u00e1rio do INSS<\/a> entre os meses de abril e maio de 2026. A medida, caso seja implementada, deve beneficiar mais de 30 milh\u00f5es de segurados da Previd\u00eancia Social.<\/p>\n<p>\u00c9 importante ressaltar que essa antecipa\u00e7\u00e3o n\u00e3o representa um custo fiscal adicional para os cofres p\u00fablicos, pois se trata apenas de uma altera\u00e7\u00e3o no fluxo de pagamentos previsto para o ano. Tradicionalmente, o abono \u00e9 pago nos meses de agosto e novembro, mas a antecipa\u00e7\u00e3o tem sido uma estrat\u00e9gia para estimular a economia.<\/p>\n<p>Para que o cronograma seja oficializado, \u00e9 necess\u00e1ria a publica\u00e7\u00e3o de um decreto assinado pelo Presidente da Rep\u00fablica, o que geralmente pode ocorrer at\u00e9 o in\u00edcio de abril.<\/p>\n<h2>Quem tem direito ao abono anual do INSS?<\/h2>\n<p>O 13\u00ba sal\u00e1rio \u00e9 um direito garantido a segurados e dependentes da Previd\u00eancia Social que, durante o ano, receberam algum dos benef\u00edcios listados abaixo:<\/p>\n<ul>\n<li>Aposentadoria;<\/li>\n<li>Pens\u00e3o por morte;<\/li>\n<li>Aux\u00edlio por incapacidade tempor\u00e1ria (antigo aux\u00edlio-doen\u00e7a);<\/li>\n<li>Aux\u00edlio-acidente;<\/li>\n<li>Aux\u00edlio-reclus\u00e3o.<\/li>\n<\/ul>\n<p><strong>Saiba disso:<\/strong>\u00a0Pessoas que recebem benef\u00edcios assistenciais, como o Benef\u00edcio de Presta\u00e7\u00e3o Continuada (BPC) e a Renda Mensal Vital\u00edcia,\u00a0n\u00e3o t\u00eam direito ao 13\u00ba sal\u00e1rio, pois esses n\u00e3o possuem natureza previdenci\u00e1ria.<\/p>\n<h2>Calend\u00e1rio previsto para o 13\u00ba sal\u00e1rio de 2026 (At\u00e9 um sal\u00e1rio m\u00ednimo)<\/h2>\n<figure id=\"attachment_149550\" aria-describedby=\"caption-attachment-149550\" style=\"width: 1200px\" class=\"wp-caption aligncenter\"><img decoding=\"async\" class=\"size-full wp-image-149550\" src=\"https:\/\/www.pensarcursos.com.br\/blog\/wp-content\/uploads\/2026\/03\/calendario-13o-do-inss.webp\" alt=\"Notas de real brasileiro nas m\u00e3os de um benefici\u00e1rio representando o pagamento do d\u00e9cimo terceiro sal\u00e1rio do INSS para quem recebe at\u00e9 um sal\u00e1rio m\u00ednimo em 2026.\" width=\"1200\" height=\"800\" srcset=\"https:\/\/www.pensarcursos.com.br\/blog\/wp-content\/uploads\/2026\/03\/calendario-13o-do-inss.webp 1200w, https:\/\/www.pensarcursos.com.br\/blog\/wp-content\/uploads\/2026\/03\/calendario-13o-do-inss-300x200.webp 300w, https:\/\/www.pensarcursos.com.br\/blog\/wp-content\/uploads\/2026\/03\/calendario-13o-do-inss-1024x683.webp 1024w, https:\/\/www.pensarcursos.com.br\/blog\/wp-content\/uploads\/2026\/03\/calendario-13o-do-inss-768x512.webp 768w, https:\/\/www.pensarcursos.com.br\/blog\/wp-content\/uploads\/2026\/03\/calendario-13o-do-inss-750x500.webp 750w, https:\/\/www.pensarcursos.com.br\/blog\/wp-content\/uploads\/2026\/03\/calendario-13o-do-inss-1140x760.webp 1140w\" sizes=\"(max-width: 1200px) 100vw, 1200px\" \/><figcaption id=\"caption-attachment-149550\" class=\"wp-caption-text\">Calend\u00e1rio previsto do 13\u00ba sal\u00e1rio do INSS em 2026 para segurados com renda de at\u00e9 um sal\u00e1rio m\u00ednimo.<br \/>Imagem: Blog Pensar Cursos<\/figcaption><\/figure>\n<p><strong>As datas abaixo representam apenas uma previs\u00e3o e dependem da confirma\u00e7\u00e3o oficial do governo<\/strong>. O calend\u00e1rio \u00e9 organizado com base no n\u00famero final do benef\u00edcio, sem considerar o d\u00edgito verificador. Este cronograma \u00e9 espec\u00edfico para quem recebe um benef\u00edcio de at\u00e9 um sal\u00e1rio m\u00ednimo. Confira:<\/p>\n<table>\n<thead>\n<tr>\n<th>Final do Benef\u00edcio<\/th>\n<th>Data da 1\u00aa Parcela (Abril\/Maio)<\/th>\n<th>Data da 2\u00aa Parcela (Maio\/Junho)<\/th>\n<\/tr>\n<\/thead>\n<tbody>\n<tr>\n<td>1<\/td>\n<td>24 de abril<\/td>\n<td>25 de maio<\/td>\n<\/tr>\n<tr>\n<td>2<\/td>\n<td>27 de abril<\/td>\n<td>26 de maio<\/td>\n<\/tr>\n<tr>\n<td>3<\/td>\n<td>28 de abril<\/td>\n<td>27 de maio<\/td>\n<\/tr>\n<tr>\n<td>4<\/td>\n<td>29 de abril<\/td>\n<td>28 de maio<\/td>\n<\/tr>\n<tr>\n<td>5<\/td>\n<td>30 de abril<\/td>\n<td>29 de maio<\/td>\n<\/tr>\n<tr>\n<td>6<\/td>\n<td>4 de maio<\/td>\n<td>1 de junho<\/td>\n<\/tr>\n<tr>\n<td>7<\/td>\n<td>5 de maio<\/td>\n<td>2 de junho<\/td>\n<\/tr>\n<tr>\n<td>8<\/td>\n<td>6 de maio<\/td>\n<td>3 de junho<\/td>\n<\/tr>\n<tr>\n<td>9<\/td>\n<td>7 de maio<\/td>\n<td>5 de junho<\/td>\n<\/tr>\n<tr>\n<td>0<\/td>\n<td>8 de maio<\/td>\n<td>8 de junho<\/td>\n<\/tr>\n<\/tbody>\n<\/table>\n<h2>Como \u00e9 feito o c\u00e1lculo e o pagamento das parcelas?<\/h2>\n<p>O abono anual \u00e9 dividido em duas parcelas. A primeira corresponde a 50% do valor do benef\u00edcio mensal do segurado e \u00e9 paga sem nenhum desconto. J\u00e1 a segunda parcela corresponde aos 50% restantes, mas sobre este valor pode incidir o desconto do Imposto de Renda (IR), caso o benefici\u00e1rio se enquadre na faixa de contribui\u00e7\u00e3o.<\/p>\n<p>Para quem come\u00e7ou a receber o benef\u00edcio ao longo de 2026, o <a href=\"https:\/\/www.pensarcursos.com.br\/blog\/qual-o-prazo-final-para-sacar-a-primeira-parcela-do-13o-salario-do-inss-regras-de-2026\/\">13\u00ba do INSS<\/a> ser\u00e1 proporcional ao n\u00famero de meses em que o benef\u00edcio foi pago.<\/p>\n<h2>Como consultar o extrato de pagamento do 13\u00ba sal\u00e1rio?<\/h2>\n<p>Alguns dias antes do in\u00edcio dos dep\u00f3sitos, o INSS libera a consulta ao extrato de pagamento. Este documento \u00e9 fundamental para que o segurado verifique o valor exato a ser recebido, a data do cr\u00e9dito e eventuais descontos. A consulta pode ser feita de forma simples e r\u00e1pida:<\/p>\n<h3>Pelo site ou aplicativo Meu INSS:<\/h3>\n<ol>\n<li>Acesse o site\u00a0<a href=\"https:\/\/meu.inss.gov.br\/\" target=\"_blank\" rel=\"noopener\">Meu INSS<\/a> ou baixe o aplicativo para celular, dispon\u00edvel para <a href=\"https:\/\/play.google.com\/store\/apps\/details?id=br.gov.dataprev.meuinss&amp;hl=pt_BR\" target=\"_blank\" rel=\"noopener\">Android<\/a> e <a href=\"https:\/\/apps.apple.com\/br\/app\/meu-inss-central-de-servi%C3%A7os\/id1243048358\" target=\"_blank\" rel=\"noopener\">iOS<\/a>.<\/li>\n<li>Fa\u00e7a login com seu CPF e senha cadastrados na plataforma Gov.br.<\/li>\n<li>Na tela inicial, procure pelo servi\u00e7o\u00a0<strong>&#8220;Extrato de Pagamento&#8221;<\/strong>.<\/li>\n<li>Selecione o extrato desejado para visualizar todos os detalhes do pagamento, incluindo as parcelas do 13\u00ba.<\/li>\n<\/ol>\n<h3>Pelo telefone:<\/h3>\n<p>Quem n\u00e3o possui acesso \u00e0 internet pode obter as informa\u00e7\u00f5es ligando para a <strong>central de atendimento 135<\/strong>. O servi\u00e7o funciona de segunda a s\u00e1bado, das 7h \u00e0s 22h. Ser\u00e1 necess\u00e1rio informar o n\u00famero do CPF e confirmar alguns dados cadastrais para garantir a seguran\u00e7a da consulta.<\/p>\n<p>Ficou com alguma d\u00favida? Continue acessando outros conte\u00fados do <a href=\"https:\/\/www.pensarcursos.com.br\/blog\/\" target=\"_blank\" rel=\"noopener\">Blog Pensar Cursos<\/a> para obter mais informa\u00e7\u00f5es.<\/p>\n<p>Veja mais no v\u00eddeo a seguir:<\/p>\n<div class=\"jeg_video_container jeg_video_content\"><iframe title=\"Quando o INSS vai pagar o 13\u00ba sal\u00e1rio em 2026? Saiu a resposta oficial\" width=\"500\" height=\"281\" src=\"https:\/\/www.youtube.com\/embed\/RcyreHuTfb4?feature=oembed\" frameborder=\"0\" allow=\"accelerometer; autoplay; clipboard-write; encrypted-media; gyroscope; picture-in-picture; web-share\" referrerpolicy=\"strict-origin-when-cross-origin\" allowfullscreen><\/iframe><\/div>\n","protected":false},"excerpt":{"rendered":"<p>Mais de 30 milh\u00f5es de benefici\u00e1rios do Instituto Nacional do Seguro Social (INSS) aguardam a confirma\u00e7\u00e3o de uma medida para este primeiro semestre: a antecipa\u00e7\u00e3o do pagamento do 13\u00ba sal\u00e1rio. Seguindo uma estrat\u00e9gia adotada nos \u00faltimos anos, o governo federal avalia novamente a possibilidade de liberar o abono anual de forma antecipada, o que pode [&hellip;]<\/p>\n","protected":false},"author":54,"featured_media":149547,"comment_status":"open","ping_status":"closed","sticky":false,"template":"","format":"standard","meta":{"jnews-multi-image_gallery":[],"jnews_single_post":{"subtitle":"Pagamento pode beneficiar mais de 30 milh\u00f5es de segurados; confira o calend\u00e1rio","format":"standard","override":[{"template":"1","parallax":"1","fullscreen":"1","layout":"right-sidebar","sidebar":"default-sidebar","second_sidebar":"default-sidebar","sticky_sidebar":"1","share_position":"topbottom","share_float_style":"share-monocrhome","show_featured":"1","show_post_meta":"1","show_post_author":"1","show_post_author_image":"1","show_post_date":"1","post_date_format":"default","post_date_format_custom":"Y\/m\/d","show_post_category":"1","post_reading_time_wpm":"300","post_calculate_word_method":"str_word_count","show_zoom_button":"0","zoom_button_out_step":"2","zoom_button_in_step":"3","show_post_tag":"1","show_prev_next_post":"1","show_popup_post":"1","show_comment_section":"1","number_popup_post":"2","show_author_box":"1","show_post_related":"1","show_inline_post_related":"1"}],"image_override":[{"single_post_thumbnail_size":"crop-500","single_post_gallery_size":"crop-500"}],"trending_post_position":"meta","trending_post_label":"Trending","sponsored_post_label":"Sponsored by","disable_ad":"0"},"jnews_primary_category":[],"jnews_social_meta":[],"jnews_override_counter":{"view_counter_number":"0","share_counter_number":"0","like_counter_number":"0","dislike_counter_number":"0"},"footnotes":""},"categories":[1691],"tags":[37226,39504,36170],"class_list":["post-149539","post","type-post","status-publish","format-standard","has-post-thumbnail","hentry","category-direitos-do-trabalhador","tag-13o-salario-do-inss","tag-calendario-13o-salario-do-inss","tag-inss-2026"],"yoast_head":"<!-- This site is optimized with the Yoast SEO Premium plugin v27.4 (Yoast SEO v27.4) - https:\/\/yoast.com\/product\/yoast-seo-premium-wordpress\/ -->\n<title>Primeira e segunda parcela do 13\u00ba sal\u00e1rio do INSS 2026: veja as datas para quem recebe at\u00e9 um sal\u00e1rio m\u00ednimo - Blog Pensar Cursos<\/title>\n<meta name=\"description\" content=\"Confira as datas previstas para a primeira e segunda parcela do 13\u00ba sal\u00e1rio do INSS 2026 para quem recebe at\u00e9 um sal\u00e1rio m\u00ednimo. Saiba mais!\" \/>\n<meta name=\"robots\" content=\"index, follow, max-snippet:-1, max-image-preview:large, max-video-preview:-1\" \/>\n<link rel=\"canonical\" href=\"https:\/\/www.pensarcursos.com.br\/blog\/primeira-e-segunda-parcela-do-13o-salario-do-inss-2026-veja-as-datas-para-quem-recebe-ate-um-salario-minimo\/\" \/>\n<meta property=\"og:locale\" content=\"pt_BR\" \/>\n<meta property=\"og:type\" content=\"article\" \/>\n<meta property=\"og:title\" content=\"Primeira e segunda parcela do 13\u00ba sal\u00e1rio do INSS 2026: veja as datas para quem recebe at\u00e9 um sal\u00e1rio m\u00ednimo\" \/>\n<meta property=\"og:description\" content=\"Confira as datas previstas para a primeira e segunda parcela do 13\u00ba sal\u00e1rio do INSS 2026 para quem recebe at\u00e9 um sal\u00e1rio m\u00ednimo. Saiba mais!\" \/>\n<meta property=\"og:url\" content=\"https:\/\/www.pensarcursos.com.br\/blog\/primeira-e-segunda-parcela-do-13o-salario-do-inss-2026-veja-as-datas-para-quem-recebe-ate-um-salario-minimo\/\" \/>\n<meta property=\"og:site_name\" content=\"Blog Pensar Cursos\" \/>\n<meta property=\"article:publisher\" content=\"https:\/\/www.facebook.com\/pensarcursos\/\" \/>\n<meta property=\"article:published_time\" content=\"2026-03-12T10:39:20+00:00\" \/>\n<meta property=\"og:image\" content=\"https:\/\/www.pensarcursos.com.br\/blog\/wp-content\/uploads\/2026\/03\/13o-inss-2.webp\" \/>\n\t<meta property=\"og:image:width\" content=\"1200\" \/>\n\t<meta property=\"og:image:height\" content=\"800\" \/>\n\t<meta property=\"og:image:type\" content=\"image\/webp\" \/>\n<meta name=\"author\" content=\"Quezia Andrade\" \/>\n<meta name=\"twitter:card\" content=\"summary_large_image\" \/>\n<meta name=\"twitter:label1\" content=\"Escrito por\" \/>\n\t<meta name=\"twitter:data1\" content=\"Quezia Andrade\" \/>\n\t<meta name=\"twitter:label2\" content=\"Est. tempo de leitura\" \/>\n\t<meta name=\"twitter:data2\" content=\"5 minutos\" \/>\n<!-- \/ Yoast SEO Premium plugin. -->","yoast_head_json":{"title":"Primeira e segunda parcela do 13\u00ba sal\u00e1rio do INSS 2026: veja as datas para quem recebe at\u00e9 um sal\u00e1rio m\u00ednimo - Blog Pensar Cursos","description":"Confira as datas previstas para a primeira e segunda parcela do 13\u00ba sal\u00e1rio do INSS 2026 para quem recebe at\u00e9 um sal\u00e1rio m\u00ednimo. Saiba mais!","robots":{"index":"index","follow":"follow","max-snippet":"max-snippet:-1","max-image-preview":"max-image-preview:large","max-video-preview":"max-video-preview:-1"},"canonical":"https:\/\/www.pensarcursos.com.br\/blog\/primeira-e-segunda-parcela-do-13o-salario-do-inss-2026-veja-as-datas-para-quem-recebe-ate-um-salario-minimo\/","og_locale":"pt_BR","og_type":"article","og_title":"Primeira e segunda parcela do 13\u00ba sal\u00e1rio do INSS 2026: veja as datas para quem recebe at\u00e9 um sal\u00e1rio m\u00ednimo","og_description":"Confira as datas previstas para a primeira e segunda parcela do 13\u00ba sal\u00e1rio do INSS 2026 para quem recebe at\u00e9 um sal\u00e1rio m\u00ednimo. Saiba mais!","og_url":"https:\/\/www.pensarcursos.com.br\/blog\/primeira-e-segunda-parcela-do-13o-salario-do-inss-2026-veja-as-datas-para-quem-recebe-ate-um-salario-minimo\/","og_site_name":"Blog Pensar Cursos","article_publisher":"https:\/\/www.facebook.com\/pensarcursos\/","article_published_time":"2026-03-12T10:39:20+00:00","og_image":[{"width":1200,"height":800,"url":"https:\/\/www.pensarcursos.com.br\/blog\/wp-content\/uploads\/2026\/03\/13o-inss-2.webp","type":"image\/webp"}],"author":"Quezia Andrade","twitter_card":"summary_large_image","twitter_misc":{"Escrito por":"Quezia Andrade","Est. tempo de leitura":"5 minutos"},"schema":{"@context":"https:\/\/schema.org","@graph":[{"@type":["Article","BlogPosting"],"@id":"https:\/\/www.pensarcursos.com.br\/blog\/primeira-e-segunda-parcela-do-13o-salario-do-inss-2026-veja-as-datas-para-quem-recebe-ate-um-salario-minimo\/#article","isPartOf":{"@id":"https:\/\/www.pensarcursos.com.br\/blog\/primeira-e-segunda-parcela-do-13o-salario-do-inss-2026-veja-as-datas-para-quem-recebe-ate-um-salario-minimo\/"},"author":{"name":"Quezia Andrade","@id":"https:\/\/www.pensarcursos.com.br\/blog\/#\/schema\/person\/28714c166fa847c28e0ba3e4d47c1033"},"headline":"Primeira e segunda parcela do 13\u00ba sal\u00e1rio do INSS 2026: veja as datas para quem recebe at\u00e9 um sal\u00e1rio m\u00ednimo","datePublished":"2026-03-12T10:39:20+00:00","mainEntityOfPage":{"@id":"https:\/\/www.pensarcursos.com.br\/blog\/primeira-e-segunda-parcela-do-13o-salario-do-inss-2026-veja-as-datas-para-quem-recebe-ate-um-salario-minimo\/"},"wordCount":856,"commentCount":0,"publisher":{"@id":"https:\/\/www.pensarcursos.com.br\/blog\/#organization"},"image":{"@id":"https:\/\/www.pensarcursos.com.br\/blog\/primeira-e-segunda-parcela-do-13o-salario-do-inss-2026-veja-as-datas-para-quem-recebe-ate-um-salario-minimo\/#primaryimage"},"thumbnailUrl":"https:\/\/www.pensarcursos.com.br\/blog\/wp-content\/uploads\/2026\/03\/13o-inss-2.webp","keywords":["13\u00ba sal\u00e1rio do inss","calend\u00e1rio 13\u00ba sal\u00e1rio do inss","inss 2026"],"articleSection":["Direitos do Trabalhador"],"inLanguage":"pt-BR","potentialAction":[{"@type":"CommentAction","name":"Comment","target":["https:\/\/www.pensarcursos.com.br\/blog\/primeira-e-segunda-parcela-do-13o-salario-do-inss-2026-veja-as-datas-para-quem-recebe-ate-um-salario-minimo\/#respond"]}],"copyrightYear":"2026","copyrightHolder":{"@id":"https:\/\/www.pensarcursos.com.br\/blog\/#organization"}},{"@type":"WebPage","@id":"https:\/\/www.pensarcursos.com.br\/blog\/primeira-e-segunda-parcela-do-13o-salario-do-inss-2026-veja-as-datas-para-quem-recebe-ate-um-salario-minimo\/","url":"https:\/\/www.pensarcursos.com.br\/blog\/primeira-e-segunda-parcela-do-13o-salario-do-inss-2026-veja-as-datas-para-quem-recebe-ate-um-salario-minimo\/","name":"Primeira e segunda parcela do 13\u00ba sal\u00e1rio do INSS 2026: veja as datas para quem recebe at\u00e9 um sal\u00e1rio m\u00ednimo - Blog Pensar Cursos","isPartOf":{"@id":"https:\/\/www.pensarcursos.com.br\/blog\/#website"},"primaryImageOfPage":{"@id":"https:\/\/www.pensarcursos.com.br\/blog\/primeira-e-segunda-parcela-do-13o-salario-do-inss-2026-veja-as-datas-para-quem-recebe-ate-um-salario-minimo\/#primaryimage"},"image":{"@id":"https:\/\/www.pensarcursos.com.br\/blog\/primeira-e-segunda-parcela-do-13o-salario-do-inss-2026-veja-as-datas-para-quem-recebe-ate-um-salario-minimo\/#primaryimage"},"thumbnailUrl":"https:\/\/www.pensarcursos.com.br\/blog\/wp-content\/uploads\/2026\/03\/13o-inss-2.webp","datePublished":"2026-03-12T10:39:20+00:00","description":"Confira as datas previstas para a primeira e segunda parcela do 13\u00ba sal\u00e1rio do INSS 2026 para quem recebe at\u00e9 um sal\u00e1rio m\u00ednimo. Saiba mais!","breadcrumb":{"@id":"https:\/\/www.pensarcursos.com.br\/blog\/primeira-e-segunda-parcela-do-13o-salario-do-inss-2026-veja-as-datas-para-quem-recebe-ate-um-salario-minimo\/#breadcrumb"},"inLanguage":"pt-BR","potentialAction":[{"@type":"ReadAction","target":["https:\/\/www.pensarcursos.com.br\/blog\/primeira-e-segunda-parcela-do-13o-salario-do-inss-2026-veja-as-datas-para-quem-recebe-ate-um-salario-minimo\/"]}]},{"@type":"ImageObject","inLanguage":"pt-BR","@id":"https:\/\/www.pensarcursos.com.br\/blog\/primeira-e-segunda-parcela-do-13o-salario-do-inss-2026-veja-as-datas-para-quem-recebe-ate-um-salario-minimo\/#primaryimage","url":"https:\/\/www.pensarcursos.com.br\/blog\/wp-content\/uploads\/2026\/03\/13o-inss-2.webp","contentUrl":"https:\/\/www.pensarcursos.com.br\/blog\/wp-content\/uploads\/2026\/03\/13o-inss-2.webp","width":1200,"height":800,"caption":"Datas do 13\u00ba sal\u00e1rio do INSS 2026 para segurados que ganham at\u00e9 o piso previdenci\u00e1rio; confira! Imagem: Blog Pensar Cursos"},{"@type":"BreadcrumbList","@id":"https:\/\/www.pensarcursos.com.br\/blog\/primeira-e-segunda-parcela-do-13o-salario-do-inss-2026-veja-as-datas-para-quem-recebe-ate-um-salario-minimo\/#breadcrumb","itemListElement":[{"@type":"ListItem","position":1,"name":"Home","item":"https:\/\/www.pensarcursos.com.br\/blog\/"},{"@type":"ListItem","position":2,"name":"Primeira e segunda parcela do 13\u00ba sal\u00e1rio do INSS 2026: veja as datas para quem recebe at\u00e9 um sal\u00e1rio m\u00ednimo"}]},{"@type":"WebSite","@id":"https:\/\/www.pensarcursos.com.br\/blog\/#website","url":"https:\/\/www.pensarcursos.com.br\/blog\/","name":"Blog Pensar Cursos","description":"Maior Site de Cursos do Brasil","publisher":{"@id":"https:\/\/www.pensarcursos.com.br\/blog\/#organization"},"alternateName":"Blog Pensar","potentialAction":[{"@type":"SearchAction","target":{"@type":"EntryPoint","urlTemplate":"https:\/\/www.pensarcursos.com.br\/blog\/?s={search_term_string}"},"query-input":{"@type":"PropertyValueSpecification","valueRequired":true,"valueName":"search_term_string"}}],"inLanguage":"pt-BR"},{"@type":"Organization","@id":"https:\/\/www.pensarcursos.com.br\/blog\/#organization","name":"Pensar Cursos","alternateName":"Blog pensar","url":"https:\/\/www.pensarcursos.com.br\/blog\/","logo":{"@type":"ImageObject","inLanguage":"pt-BR","@id":"https:\/\/www.pensarcursos.com.br\/blog\/#\/schema\/logo\/image\/","url":"https:\/\/www.pensarcursos.com.br\/blog\/wp-content\/uploads\/2023\/11\/Nova-Logo-Pensar-Cursos-vertical.png","contentUrl":"https:\/\/www.pensarcursos.com.br\/blog\/wp-content\/uploads\/2023\/11\/Nova-Logo-Pensar-Cursos-vertical.png","width":1393,"height":1001,"caption":"Pensar Cursos"},"image":{"@id":"https:\/\/www.pensarcursos.com.br\/blog\/#\/schema\/logo\/image\/"},"sameAs":["https:\/\/www.facebook.com\/pensarcursos\/","https:\/\/instagram.com.br\/pensarcursos"],"description":"Pensar Cursos \u00e9 uma empresa especializada em oferecer cursos de alta qualidade voltados para o desenvolvimento profissional e acad\u00eamico. Com uma ampla gama de op\u00e7\u00f5es de treinamento, oferecemos conte\u00fados atualizados, ministrados por especialistas da \u00e1rea, para capacitar indiv\u00edduos e equipes a atingirem seus objetivos. Nossa miss\u00e3o \u00e9 proporcionar uma educa\u00e7\u00e3o transformadora, acess\u00edvel e personalizada para cada aluno, seja em cursos presenciais ou online. Com uma abordagem inovadora, buscamos adaptar os nossos programas de ensino \u00e0s necessidades do mercado, criando solu\u00e7\u00f5es que atendem aos desafios e exig\u00eancias do mundo corporativo e acad\u00eamico. Nossos cursos incluem desde forma\u00e7\u00f5es t\u00e9cnicas at\u00e9 habilidades essenciais, como lideran\u00e7a, gest\u00e3o e desenvolvimento pessoal.","email":"contato@pensarcursos.com.br","legalName":"Sena Servi\u00e7os de Informa\u00e7\u00e3o Online LTDA","foundingDate":"2013-04-18","vatID":"17956217000172","numberOfEmployees":{"@type":"QuantitativeValue","minValue":"11","maxValue":"50"},"publishingPrinciples":"https:\/\/www.pensarcursos.com.br\/blog\/principios-de-publicacao\/","ownershipFundingInfo":"https:\/\/www.pensarcursos.com.br\/blog\/informacoes-de-propriedade-financiamento\/","actionableFeedbackPolicy":"https:\/\/www.pensarcursos.com.br\/blog\/politica-de-feedback-acionavel\/","correctionsPolicy":"https:\/\/www.pensarcursos.com.br\/blog\/politica-de-correcoes\/","ethicsPolicy":"https:\/\/www.pensarcursos.com.br\/blog\/politica-de-etica\/"},{"@type":"Person","@id":"https:\/\/www.pensarcursos.com.br\/blog\/#\/schema\/person\/28714c166fa847c28e0ba3e4d47c1033","name":"Quezia Andrade","image":{"@type":"ImageObject","inLanguage":"pt-BR","@id":"https:\/\/secure.gravatar.com\/avatar\/ca40343eca0c667f062032144581527936aae03191aca76e9d4c4de5a5c7cd14?s=96&d=mm&r=g","url":"https:\/\/secure.gravatar.com\/avatar\/ca40343eca0c667f062032144581527936aae03191aca76e9d4c4de5a5c7cd14?s=96&d=mm&r=g","contentUrl":"https:\/\/secure.gravatar.com\/avatar\/ca40343eca0c667f062032144581527936aae03191aca76e9d4c4de5a5c7cd14?s=96&d=mm&r=g","caption":"Quezia Andrade"},"description":"Biom\u00e9dica CRBM2 n\u00ba 17394. Redatora do grupo Sena Online.","sameAs":["https:\/\/www.instagram.com\/_quezia_b?igsh=cWF2dDNxbXd6ejF4&utm_source=qr","https:\/\/www.linkedin.com\/in\/quzia-borges-andrade-907778266?utm_source=share&utm_campaign=share_via&utm_content=profile&utm_medium=ios_app"],"url":"https:\/\/www.pensarcursos.com.br\/blog\/author\/quezia\/"}]}},"_links":{"self":[{"href":"https:\/\/www.pensarcursos.com.br\/blog\/wp-json\/wp\/v2\/posts\/149539","targetHints":{"allow":["GET"]}}],"collection":[{"href":"https:\/\/www.pensarcursos.com.br\/blog\/wp-json\/wp\/v2\/posts"}],"about":[{"href":"https:\/\/www.pensarcursos.com.br\/blog\/wp-json\/wp\/v2\/types\/post"}],"author":[{"embeddable":true,"href":"https:\/\/www.pensarcursos.com.br\/blog\/wp-json\/wp\/v2\/users\/54"}],"replies":[{"embeddable":true,"href":"https:\/\/www.pensarcursos.com.br\/blog\/wp-json\/wp\/v2\/comments?post=149539"}],"version-history":[{"count":0,"href":"https:\/\/www.pensarcursos.com.br\/blog\/wp-json\/wp\/v2\/posts\/149539\/revisions"}],"wp:featuredmedia":[{"embeddable":true,"href":"https:\/\/www.pensarcursos.com.br\/blog\/wp-json\/wp\/v2\/media\/149547"}],"wp:attachment":[{"href":"https:\/\/www.pensarcursos.com.br\/blog\/wp-json\/wp\/v2\/media?parent=149539"}],"wp:term":[{"taxonomy":"category","embeddable":true,"href":"https:\/\/www.pensarcursos.com.br\/blog\/wp-json\/wp\/v2\/categories?post=149539"},{"taxonomy":"post_tag","embeddable":true,"href":"https:\/\/www.pensarcursos.com.br\/blog\/wp-json\/wp\/v2\/tags?post=149539"}],"curies":[{"name":"wp","href":"https:\/\/api.w.org\/{rel}","templated":true}]}}