{"id":149524,"date":"2026-03-12T07:09:37","date_gmt":"2026-03-12T10:09:37","guid":{"rendered":"https:\/\/www.pensarcursos.com.br\/blog\/?p=149524"},"modified":"2026-03-11T16:45:55","modified_gmt":"2026-03-11T19:45:55","slug":"pe-de-meia-de-marco-pagamento-comeca-no-dia-16-ou-23","status":"publish","type":"post","link":"https:\/\/www.pensarcursos.com.br\/blog\/pe-de-meia-de-marco-pagamento-comeca-no-dia-16-ou-23\/","title":{"rendered":"P\u00e9-de-Meia de mar\u00e7o: pagamento come\u00e7a no dia 16 ou 23?"},"content":{"rendered":"<p>Se voc\u00ea \u00e9 estudante do ensino m\u00e9dio p\u00fablico e faz parte do programa<a href=\"https:\/\/www.pensarcursos.com.br\/blog\/pe-de-meia-novo-ensino-medio-e-fies-social-confira-as-medidas-do-governo-para-2024\/\" target=\"_blank\" rel=\"noopener\"><strong> P\u00e9-de-Meia<\/strong><\/a>, confira detalhes sobre o pagamento do m\u00eas de mar\u00e7o que ser\u00e1 depositado em breve na conta dos estudantes. O valor que ser\u00e1 disponibilizado no m\u00eas de mar\u00e7o representa um dos quatro tipos de incentivos oferecidos pelo programa, voltado para alunos que efetuaram a matr\u00edcula conforme as exig\u00eancias espec\u00edficas desse benef\u00edcio.<\/p>\n<p>O Incentivo-Matr\u00edcula faz a transfer\u00eancia direta, sem necessidade de comparecimento para quem cumpre todos os requisitos exigidos. Veja a seguir informa\u00e7\u00f5es sobre as regras, prazos e outras orienta\u00e7\u00f5es para garantir esse recurso.<\/p>\n<h2>O que \u00e9 o Programa P\u00e9-de-Meia?<\/h2>\n<p>O <a href=\"https:\/\/www.pensarcursos.com.br\/blog\/pagamento-unico-de-r-200-do-pe-de-meia-quando-cai-e-quem-tem-direito\/\" target=\"_blank\" rel=\"noopener\">P\u00e9-de-Meia<\/a> \u00e9 uma iniciativa do Minist\u00e9rio da Educa\u00e7\u00e3o (MEC) em parceria com \u00f3rg\u00e3os federais como a Caixa Econ\u00f4mica Federal. A a\u00e7\u00e3o foi criada para montar uma poupan\u00e7a social voltada aos alunos de baixa renda inscritos no ensino m\u00e9dio de escolas p\u00fablicas e que tenham registro atualizado no Cadastro \u00danico (Cad\u00danico).<\/p>\n<p>O programa busca aumentar a perman\u00eancia dos estudantes na escola e incentivar a conclus\u00e3o do ensino m\u00e9dio, ampliando o acesso e trabalhando pela inclus\u00e3o social por meio da educa\u00e7\u00e3o. Participantes recebem benef\u00edcios mensais, anuais e b\u00f4nus, sempre obedecendo \u00e0s normas estabelecidas a cada ano letivo.<\/p>\n<h2>Como funcionam os valores mensais do P\u00e9-de-Meia?<\/h2>\n<p>No P\u00e9-de-Meia, o aluno pode acumular at\u00e9 <strong>R$ 9.200<\/strong> durante os tr\u00eas anos do ensino m\u00e9dio. Esse total corresponde a quatro tipos diferentes de incentivos, cada um com crit\u00e9rios e valores pr\u00f3prios.<\/p>\n<p>Confira na tabela a seguir:<\/p>\n<table>\n<thead>\n<tr>\n<th>Tipo de Incentivo<\/th>\n<th>Valor<\/th>\n<th>Detalhes<\/th>\n<\/tr>\n<\/thead>\n<tbody>\n<tr>\n<td><strong>Incentivo-Matr\u00edcula<\/strong><\/td>\n<td><strong>R$ 200,00<\/strong><\/td>\n<td><strong>Valor pago uma vez a cada ano<\/strong><\/td>\n<\/tr>\n<tr>\n<td>Incentivo-Frequ\u00eancia<\/td>\n<td>R$ 200,00 (ensino regular) ou R$ 225,00 (EJA)<\/td>\n<td>At\u00e9 9 parcelas por ano (ensino regular) ou 4 por semestre (EJA)<\/td>\n<\/tr>\n<tr>\n<td>Incentivo-Conclus\u00e3o<\/td>\n<td>R$ 1.000,00<\/td>\n<td>Por ano conclu\u00eddo<\/td>\n<\/tr>\n<tr>\n<td>Incentivo-Enem<\/td>\n<td>R$ 200,00<\/td>\n<td>Para participantes do Enem<\/td>\n<\/tr>\n<\/tbody>\n<\/table>\n<p>O dinheiro \u00e9 depositado numa conta do aplicativo <a href=\"https:\/\/www.caixa.gov.br\/caixatem\/Paginas\/default.aspx\" target=\"_blank\" rel=\"noopener\">Caixa Tem<\/a>, aberta automaticamente pela Caixa no nome do estudante. Se o estudante for menor de idade, \u00e9 preciso que o respons\u00e1vel aprove a movimenta\u00e7\u00e3o do valor.<\/p>\n<h2>Qual \u00e9 o valor da parcela de mar\u00e7o?<\/h2>\n<p>O Incentivo-Matr\u00edcula corresponde a R$ 200,00 e \u00e9 direcionado a quem confirma a matr\u00edcula anual em escola p\u00fablica de ensino m\u00e9dio e cumpre os crit\u00e9rios definidos pelo MEC.<\/p>\n<ul>\n<li>Possuir cadastro ativo no Cad\u00danico dos programas do Governo Federal;<\/li>\n<li>Ter Cadastro de Pessoa F\u00edsica (CPF);<\/li>\n<li>Estar devidamente matriculado e ter a matr\u00edcula validada pela escola no come\u00e7o de 2026.<\/li>\n<\/ul>\n<p>Segundo o MEC, os jovens que ainda n\u00e3o t\u00eam CPF precisam regularizar a documenta\u00e7\u00e3o antes de efetivar a matr\u00edcula para garantir o dep\u00f3sito autom\u00e1tico. Estudantes de todas as s\u00e9ries (1\u00ba, 2\u00ba e 3\u00ba ano) podem receber o valor.<\/p>\n<h2>Quando come\u00e7ar\u00e1 o pagamento de mar\u00e7o?<\/h2>\n<p>O pagamento do Incentivo-Matr\u00edcula come\u00e7ar\u00e1 a ser pago no dia 23 de mar\u00e7o e seguir\u00e1 a ordem do dia de nascimento dos estudantes, confira na tabela abaixo:<\/p>\n<table>\n<thead>\n<tr>\n<th>M\u00eas de nascimento<\/th>\n<th>Data do pagamento<\/th>\n<\/tr>\n<\/thead>\n<tbody>\n<tr>\n<td><strong>Janeiro e fevereiro<\/strong><\/td>\n<td><strong>23 de mar\u00e7o de 2026<\/strong><\/td>\n<\/tr>\n<tr>\n<td><strong>Mar\u00e7o e abril<\/strong><\/td>\n<td><strong>24 de mar\u00e7o de 2026<\/strong><\/td>\n<\/tr>\n<tr>\n<td><strong>Maio e junho<\/strong><\/td>\n<td><strong>25 de mar\u00e7o de 2026<\/strong><\/td>\n<\/tr>\n<tr>\n<td><strong>Julho e agosto<\/strong><\/td>\n<td><strong>26 de mar\u00e7o de 2026<\/strong><\/td>\n<\/tr>\n<tr>\n<td><strong>Setembro e outubro<\/strong><\/td>\n<td><strong>27 de mar\u00e7o de 2026<\/strong><\/td>\n<\/tr>\n<tr>\n<td><strong>Novembro e dezembro<\/strong><\/td>\n<td><strong>30 de mar\u00e7o de 2026<\/strong><\/td>\n<\/tr>\n<\/tbody>\n<\/table>\n<h2>O que fazer para receber o benef\u00edcio?<\/h2>\n<ul>\n<li>Confirme a matr\u00edcula do estudante na rede estadual ou federal participante;<\/li>\n<li>Garanta que o CPF est\u00e1 correto e ativo;<\/li>\n<li>Revise e atualize os dados do Cad\u00danico, se necess\u00e1rio, no site oficial ou em um CRAS;<\/li>\n<li>Aguarde a comunica\u00e7\u00e3o da escola ou dos canais oficiais sobre a libera\u00e7\u00e3o do pagamento;<\/li>\n<li>Ap\u00f3s o dep\u00f3sito, acompanhe a conta digital da Caixa pelo aplicativo Caixa Tem ou diretamente na ag\u00eancia.<\/li>\n<\/ul>\n<figure id=\"attachment_149328\" aria-describedby=\"caption-attachment-149328\" style=\"width: 1200px\" class=\"wp-caption alignnone\"><img decoding=\"async\" class=\"size-full wp-image-149328\" src=\"https:\/\/www.pensarcursos.com.br\/blog\/wp-content\/uploads\/2026\/03\/Pagamentos-do-Incentivo-Matricula.webp\" alt=\"Jovem com mochila sorri ao lado do logo colorido do P\u00e9-de-Meia e slogan da poupan\u00e7a escolar.\" width=\"1200\" height=\"800\" srcset=\"https:\/\/www.pensarcursos.com.br\/blog\/wp-content\/uploads\/2026\/03\/Pagamentos-do-Incentivo-Matricula.webp 1200w, https:\/\/www.pensarcursos.com.br\/blog\/wp-content\/uploads\/2026\/03\/Pagamentos-do-Incentivo-Matricula-300x200.webp 300w, https:\/\/www.pensarcursos.com.br\/blog\/wp-content\/uploads\/2026\/03\/Pagamentos-do-Incentivo-Matricula-1024x683.webp 1024w, https:\/\/www.pensarcursos.com.br\/blog\/wp-content\/uploads\/2026\/03\/Pagamentos-do-Incentivo-Matricula-768x512.webp 768w, https:\/\/www.pensarcursos.com.br\/blog\/wp-content\/uploads\/2026\/03\/Pagamentos-do-Incentivo-Matricula-750x500.webp 750w, https:\/\/www.pensarcursos.com.br\/blog\/wp-content\/uploads\/2026\/03\/Pagamentos-do-Incentivo-Matricula-1140x760.webp 1140w\" sizes=\"(max-width: 1200px) 100vw, 1200px\" \/><figcaption id=\"caption-attachment-149328\" class=\"wp-caption-text\">Os pagamentos do Incentivo-Matr\u00edcula s\u00e3o feitos de acordo com o m\u00eas de nascimento do estudante. Imagem: Blog Pensar Cursos.<\/figcaption><\/figure>\n<h2>Perguntas frequentes<\/h2>\n<h3>Como sacar ou transferir o incentivo rapidamente?<\/h3>\n<p>A transfer\u00eancia ser\u00e1 feita pela Caixa diretamente para uma conta no nome do estudante. O acesso ao valor acontece pelo aplicativo Caixa Tem, e a maneira mais r\u00e1pida de movimentar \u00e9 usando o PIX para transfer\u00eancias.<\/p>\n<h3>\u00c9 preciso pedir o benef\u00edcio?<\/h3>\n<p>N\u00e3o \u00e9 necess\u00e1rio solicitar. O pagamento \u00e9 autom\u00e1tico ap\u00f3s a confirma\u00e7\u00e3o da matr\u00edcula e an\u00e1lise dos dados pelo MEC. A abertura da conta na Caixa tamb\u00e9m acontece sem precisar de pedido.<\/p>\n<h3>H\u00e1 direito ao benef\u00edcio para alunos do EJA?<\/h3>\n<p>N\u00e3o. O pagamento de R$ 200 \u00e9 direcionado apenas para estudantes do ensino m\u00e9dio regular na rede p\u00fablica.<\/p>\n<h3>Quem regularizou o Cad\u00danico depois do prazo recebe?<\/h3>\n<p>Pode haver pagamentos complementares para quem atualizou o Cad\u00danico ap\u00f3s o in\u00edcio do ano letivo. Siga as comunica\u00e7\u00f5es do MEC e da escola para conferir um poss\u00edvel novo calend\u00e1rio.<\/p>\n<h3>Onde encontrar orienta\u00e7\u00f5es?<\/h3>\n<p>Acompanhe as principais not\u00edcias e orienta\u00e7\u00f5es pelo site oficial do <a href=\"https:\/\/www.gov.br\/mec\/pt-br\/pe-de-meia\" target=\"_blank\" rel=\"noopener\">MEC<\/a> ou pelo<a href=\"https:\/\/estudante.pedemeia.mec.gov.br\/\" target=\"_blank\" rel=\"noopener\"> portal de consulta do estudante<\/a>.<\/p>\n<p>Para n\u00e3o perder nenhuma novidade sobre o programa P\u00e9-de-Meia em 2026, continue acessando o Blog Pensar Cursos! E se voc\u00ea quer saber mais detalhes sobre o calend\u00e1rio de pagamentos deste ano, assista ao v\u00eddeo abaixo!<\/p>\n<div class=\"jeg_video_container jeg_video_content\"><iframe title=\"Calend\u00e1rio P\u00e9-de-Meia 2026 saiu! Veja todas as datas e as mudan\u00e7as nas regras\" width=\"500\" height=\"281\" src=\"https:\/\/www.youtube.com\/embed\/pZW_azwnraA?feature=oembed\" frameborder=\"0\" allow=\"accelerometer; autoplay; clipboard-write; encrypted-media; gyroscope; picture-in-picture; web-share\" referrerpolicy=\"strict-origin-when-cross-origin\" allowfullscreen><\/iframe><\/div>\n","protected":false},"excerpt":{"rendered":"<p>Se voc\u00ea \u00e9 estudante do ensino m\u00e9dio p\u00fablico e faz parte do programa P\u00e9-de-Meia, confira detalhes sobre o pagamento do m\u00eas de mar\u00e7o que ser\u00e1 depositado em breve na conta dos estudantes. O valor que ser\u00e1 disponibilizado no m\u00eas de mar\u00e7o representa um dos quatro tipos de incentivos oferecidos pelo programa, voltado para alunos que [&hellip;]<\/p>\n","protected":false},"author":63,"featured_media":147838,"comment_status":"open","ping_status":"closed","sticky":false,"template":"","format":"standard","meta":{"jnews-multi-image_gallery":[],"jnews_single_post":{"format":"standard","override":[{"template":"1","parallax":"1","fullscreen":"1","layout":"right-sidebar","sidebar":"default-sidebar","second_sidebar":"default-sidebar","sticky_sidebar":"1","share_position":"topbottom","share_float_style":"share-monocrhome","show_featured":"1","show_post_meta":"1","show_post_author":"1","show_post_author_image":"1","show_post_date":"1","post_date_format":"default","post_date_format_custom":"Y\/m\/d","show_post_category":"1","post_reading_time_wpm":"300","post_calculate_word_method":"str_word_count","show_zoom_button":"0","zoom_button_out_step":"2","zoom_button_in_step":"3","show_post_tag":"1","show_prev_next_post":"1","show_popup_post":"1","show_comment_section":"1","number_popup_post":"2","show_author_box":"1","show_post_related":"1","show_inline_post_related":"1"}],"image_override":[{"single_post_thumbnail_size":"crop-500","single_post_gallery_size":"crop-500"}],"trending_post_position":"meta","trending_post_label":"Trending","sponsored_post_label":"Sponsored by","disable_ad":"0","subtitle":"Pagamento de R$ 200,00 do P\u00e9-de-Meia: quando cai e quem tem direito"},"jnews_primary_category":[],"jnews_social_meta":[],"jnews_override_counter":{"view_counter_number":"0","share_counter_number":"0","like_counter_number":"0","dislike_counter_number":"0"},"footnotes":""},"categories":[1657,28,17201],"tags":[28070,39502,39503],"class_list":["post-149524","post","type-post","status-publish","format-standard","has-post-thumbnail","hentry","category-beneficios-sociais","category-educacao","category-pe-de-meia","tag-incentivo-educacional","tag-incentivo-matricula","tag-pagamento-de-marco-pe-de-meia"],"yoast_head":"<!-- This site is optimized with the Yoast SEO Premium plugin v27.4 (Yoast SEO v27.4) - https:\/\/yoast.com\/product\/yoast-seo-premium-wordpress\/ -->\n<title>P\u00e9-de-Meia de mar\u00e7o: pagamento come\u00e7a no dia 16 ou 23? - Blog Pensar Cursos<\/title>\n<meta name=\"description\" content=\"P\u00e9-de-Meia de mar\u00e7o: pagamento confirmado! Descubra se voc\u00ea recebe dia 16 ou 23 e n\u00e3o perca o prazo para garantir o benef\u00edcio em 2026\" \/>\n<meta name=\"robots\" content=\"index, follow, max-snippet:-1, max-image-preview:large, max-video-preview:-1\" \/>\n<link rel=\"canonical\" href=\"https:\/\/www.pensarcursos.com.br\/blog\/pe-de-meia-de-marco-pagamento-comeca-no-dia-16-ou-23\/\" \/>\n<meta property=\"og:locale\" content=\"pt_BR\" \/>\n<meta property=\"og:type\" content=\"article\" \/>\n<meta property=\"og:title\" content=\"P\u00e9-de-Meia de mar\u00e7o: pagamento come\u00e7a no dia 16 ou 23?\" \/>\n<meta property=\"og:description\" content=\"P\u00e9-de-Meia de mar\u00e7o: pagamento confirmado! Descubra se voc\u00ea recebe dia 16 ou 23 e n\u00e3o perca o prazo para garantir o benef\u00edcio em 2026\" \/>\n<meta property=\"og:url\" content=\"https:\/\/www.pensarcursos.com.br\/blog\/pe-de-meia-de-marco-pagamento-comeca-no-dia-16-ou-23\/\" \/>\n<meta property=\"og:site_name\" content=\"Blog Pensar Cursos\" \/>\n<meta property=\"article:publisher\" content=\"https:\/\/www.facebook.com\/pensarcursos\/\" \/>\n<meta property=\"article:published_time\" content=\"2026-03-12T10:09:37+00:00\" \/>\n<meta property=\"og:image\" content=\"https:\/\/www.pensarcursos.com.br\/blog\/wp-content\/uploads\/2026\/03\/Pagamento-do-Pe-de-Meia-de-marco.webp\" \/>\n\t<meta property=\"og:image:width\" content=\"1200\" \/>\n\t<meta property=\"og:image:height\" content=\"800\" \/>\n\t<meta property=\"og:image:type\" content=\"image\/webp\" \/>\n<meta name=\"author\" content=\"Lorena Santos\" \/>\n<meta name=\"twitter:card\" content=\"summary_large_image\" \/>\n<meta name=\"twitter:label1\" content=\"Escrito por\" \/>\n\t<meta name=\"twitter:data1\" content=\"Lorena Santos\" \/>\n\t<meta name=\"twitter:label2\" content=\"Est. tempo de leitura\" \/>\n\t<meta name=\"twitter:data2\" content=\"5 minutos\" \/>\n<!-- \/ Yoast SEO Premium plugin. -->","yoast_head_json":{"title":"P\u00e9-de-Meia de mar\u00e7o: pagamento come\u00e7a no dia 16 ou 23? - Blog Pensar Cursos","description":"P\u00e9-de-Meia de mar\u00e7o: pagamento confirmado! Descubra se voc\u00ea recebe dia 16 ou 23 e n\u00e3o perca o prazo para garantir o benef\u00edcio em 2026","robots":{"index":"index","follow":"follow","max-snippet":"max-snippet:-1","max-image-preview":"max-image-preview:large","max-video-preview":"max-video-preview:-1"},"canonical":"https:\/\/www.pensarcursos.com.br\/blog\/pe-de-meia-de-marco-pagamento-comeca-no-dia-16-ou-23\/","og_locale":"pt_BR","og_type":"article","og_title":"P\u00e9-de-Meia de mar\u00e7o: pagamento come\u00e7a no dia 16 ou 23?","og_description":"P\u00e9-de-Meia de mar\u00e7o: pagamento confirmado! Descubra se voc\u00ea recebe dia 16 ou 23 e n\u00e3o perca o prazo para garantir o benef\u00edcio em 2026","og_url":"https:\/\/www.pensarcursos.com.br\/blog\/pe-de-meia-de-marco-pagamento-comeca-no-dia-16-ou-23\/","og_site_name":"Blog Pensar Cursos","article_publisher":"https:\/\/www.facebook.com\/pensarcursos\/","article_published_time":"2026-03-12T10:09:37+00:00","og_image":[{"width":1200,"height":800,"url":"https:\/\/www.pensarcursos.com.br\/blog\/wp-content\/uploads\/2026\/03\/Pagamento-do-Pe-de-Meia-de-marco.webp","type":"image\/webp"}],"author":"Lorena Santos","twitter_card":"summary_large_image","twitter_misc":{"Escrito por":"Lorena Santos","Est. tempo de leitura":"5 minutos"},"schema":{"@context":"https:\/\/schema.org","@graph":[{"@type":["Article","BlogPosting"],"@id":"https:\/\/www.pensarcursos.com.br\/blog\/pe-de-meia-de-marco-pagamento-comeca-no-dia-16-ou-23\/#article","isPartOf":{"@id":"https:\/\/www.pensarcursos.com.br\/blog\/pe-de-meia-de-marco-pagamento-comeca-no-dia-16-ou-23\/"},"author":{"name":"Lorena Santos","@id":"https:\/\/www.pensarcursos.com.br\/blog\/#\/schema\/person\/6d14404537fc6409c2563a04b6a33afa"},"headline":"P\u00e9-de-Meia de mar\u00e7o: pagamento come\u00e7a no dia 16 ou 23?","datePublished":"2026-03-12T10:09:37+00:00","mainEntityOfPage":{"@id":"https:\/\/www.pensarcursos.com.br\/blog\/pe-de-meia-de-marco-pagamento-comeca-no-dia-16-ou-23\/"},"wordCount":914,"commentCount":0,"publisher":{"@id":"https:\/\/www.pensarcursos.com.br\/blog\/#organization"},"image":{"@id":"https:\/\/www.pensarcursos.com.br\/blog\/pe-de-meia-de-marco-pagamento-comeca-no-dia-16-ou-23\/#primaryimage"},"thumbnailUrl":"https:\/\/www.pensarcursos.com.br\/blog\/wp-content\/uploads\/2026\/03\/Pagamento-do-Pe-de-Meia-de-marco.webp","keywords":["incentivo educacional","incentivo matricula","pagamento de mar\u00e7o pe de meia"],"articleSection":["Benef\u00edcios Sociais","Educa\u00e7\u00e3o","P\u00e9-de-Meia"],"inLanguage":"pt-BR","potentialAction":[{"@type":"CommentAction","name":"Comment","target":["https:\/\/www.pensarcursos.com.br\/blog\/pe-de-meia-de-marco-pagamento-comeca-no-dia-16-ou-23\/#respond"]}],"copyrightYear":"2026","copyrightHolder":{"@id":"https:\/\/www.pensarcursos.com.br\/blog\/#organization"}},{"@type":"WebPage","@id":"https:\/\/www.pensarcursos.com.br\/blog\/pe-de-meia-de-marco-pagamento-comeca-no-dia-16-ou-23\/","url":"https:\/\/www.pensarcursos.com.br\/blog\/pe-de-meia-de-marco-pagamento-comeca-no-dia-16-ou-23\/","name":"P\u00e9-de-Meia de mar\u00e7o: pagamento come\u00e7a no dia 16 ou 23? - Blog Pensar Cursos","isPartOf":{"@id":"https:\/\/www.pensarcursos.com.br\/blog\/#website"},"primaryImageOfPage":{"@id":"https:\/\/www.pensarcursos.com.br\/blog\/pe-de-meia-de-marco-pagamento-comeca-no-dia-16-ou-23\/#primaryimage"},"image":{"@id":"https:\/\/www.pensarcursos.com.br\/blog\/pe-de-meia-de-marco-pagamento-comeca-no-dia-16-ou-23\/#primaryimage"},"thumbnailUrl":"https:\/\/www.pensarcursos.com.br\/blog\/wp-content\/uploads\/2026\/03\/Pagamento-do-Pe-de-Meia-de-marco.webp","datePublished":"2026-03-12T10:09:37+00:00","description":"P\u00e9-de-Meia de mar\u00e7o: pagamento confirmado! Descubra se voc\u00ea recebe dia 16 ou 23 e n\u00e3o perca o prazo para garantir o benef\u00edcio em 2026","breadcrumb":{"@id":"https:\/\/www.pensarcursos.com.br\/blog\/pe-de-meia-de-marco-pagamento-comeca-no-dia-16-ou-23\/#breadcrumb"},"inLanguage":"pt-BR","potentialAction":[{"@type":"ReadAction","target":["https:\/\/www.pensarcursos.com.br\/blog\/pe-de-meia-de-marco-pagamento-comeca-no-dia-16-ou-23\/"]}]},{"@type":"ImageObject","inLanguage":"pt-BR","@id":"https:\/\/www.pensarcursos.com.br\/blog\/pe-de-meia-de-marco-pagamento-comeca-no-dia-16-ou-23\/#primaryimage","url":"https:\/\/www.pensarcursos.com.br\/blog\/wp-content\/uploads\/2026\/03\/Pagamento-do-Pe-de-Meia-de-marco.webp","contentUrl":"https:\/\/www.pensarcursos.com.br\/blog\/wp-content\/uploads\/2026\/03\/Pagamento-do-Pe-de-Meia-de-marco.webp","width":1200,"height":800,"caption":"Saiba quando o P\u00e9-de-Meia come\u00e7ar\u00e1 a depositar os valores de mar\u00e7o! Imagem: Blog Pensar Cursos."},{"@type":"BreadcrumbList","@id":"https:\/\/www.pensarcursos.com.br\/blog\/pe-de-meia-de-marco-pagamento-comeca-no-dia-16-ou-23\/#breadcrumb","itemListElement":[{"@type":"ListItem","position":1,"name":"Home","item":"https:\/\/www.pensarcursos.com.br\/blog\/"},{"@type":"ListItem","position":2,"name":"P\u00e9-de-Meia de mar\u00e7o: pagamento come\u00e7a no dia 16 ou 23?"}]},{"@type":"WebSite","@id":"https:\/\/www.pensarcursos.com.br\/blog\/#website","url":"https:\/\/www.pensarcursos.com.br\/blog\/","name":"Blog Pensar Cursos","description":"Maior Site de Cursos do Brasil","publisher":{"@id":"https:\/\/www.pensarcursos.com.br\/blog\/#organization"},"alternateName":"Blog Pensar","potentialAction":[{"@type":"SearchAction","target":{"@type":"EntryPoint","urlTemplate":"https:\/\/www.pensarcursos.com.br\/blog\/?s={search_term_string}"},"query-input":{"@type":"PropertyValueSpecification","valueRequired":true,"valueName":"search_term_string"}}],"inLanguage":"pt-BR"},{"@type":"Organization","@id":"https:\/\/www.pensarcursos.com.br\/blog\/#organization","name":"Pensar Cursos","alternateName":"Blog pensar","url":"https:\/\/www.pensarcursos.com.br\/blog\/","logo":{"@type":"ImageObject","inLanguage":"pt-BR","@id":"https:\/\/www.pensarcursos.com.br\/blog\/#\/schema\/logo\/image\/","url":"https:\/\/www.pensarcursos.com.br\/blog\/wp-content\/uploads\/2023\/11\/Nova-Logo-Pensar-Cursos-vertical.png","contentUrl":"https:\/\/www.pensarcursos.com.br\/blog\/wp-content\/uploads\/2023\/11\/Nova-Logo-Pensar-Cursos-vertical.png","width":1393,"height":1001,"caption":"Pensar Cursos"},"image":{"@id":"https:\/\/www.pensarcursos.com.br\/blog\/#\/schema\/logo\/image\/"},"sameAs":["https:\/\/www.facebook.com\/pensarcursos\/","https:\/\/instagram.com.br\/pensarcursos"],"description":"Pensar Cursos \u00e9 uma empresa especializada em oferecer cursos de alta qualidade voltados para o desenvolvimento profissional e acad\u00eamico. Com uma ampla gama de op\u00e7\u00f5es de treinamento, oferecemos conte\u00fados atualizados, ministrados por especialistas da \u00e1rea, para capacitar indiv\u00edduos e equipes a atingirem seus objetivos. Nossa miss\u00e3o \u00e9 proporcionar uma educa\u00e7\u00e3o transformadora, acess\u00edvel e personalizada para cada aluno, seja em cursos presenciais ou online. Com uma abordagem inovadora, buscamos adaptar os nossos programas de ensino \u00e0s necessidades do mercado, criando solu\u00e7\u00f5es que atendem aos desafios e exig\u00eancias do mundo corporativo e acad\u00eamico. Nossos cursos incluem desde forma\u00e7\u00f5es t\u00e9cnicas at\u00e9 habilidades essenciais, como lideran\u00e7a, gest\u00e3o e desenvolvimento pessoal.","email":"contato@pensarcursos.com.br","legalName":"Sena Servi\u00e7os de Informa\u00e7\u00e3o Online LTDA","foundingDate":"2013-04-18","vatID":"17956217000172","numberOfEmployees":{"@type":"QuantitativeValue","minValue":"11","maxValue":"50"},"publishingPrinciples":"https:\/\/www.pensarcursos.com.br\/blog\/principios-de-publicacao\/","ownershipFundingInfo":"https:\/\/www.pensarcursos.com.br\/blog\/informacoes-de-propriedade-financiamento\/","actionableFeedbackPolicy":"https:\/\/www.pensarcursos.com.br\/blog\/politica-de-feedback-acionavel\/","correctionsPolicy":"https:\/\/www.pensarcursos.com.br\/blog\/politica-de-correcoes\/","ethicsPolicy":"https:\/\/www.pensarcursos.com.br\/blog\/politica-de-etica\/"},{"@type":"Person","@id":"https:\/\/www.pensarcursos.com.br\/blog\/#\/schema\/person\/6d14404537fc6409c2563a04b6a33afa","name":"Lorena Santos","image":{"@type":"ImageObject","inLanguage":"pt-BR","@id":"https:\/\/secure.gravatar.com\/avatar\/941263bb699494bd4d142d8d9219ca4269af85a1fae17b916b7a324de278e15f?s=96&d=mm&r=g","url":"https:\/\/secure.gravatar.com\/avatar\/941263bb699494bd4d142d8d9219ca4269af85a1fae17b916b7a324de278e15f?s=96&d=mm&r=g","contentUrl":"https:\/\/secure.gravatar.com\/avatar\/941263bb699494bd4d142d8d9219ca4269af85a1fae17b916b7a324de278e15f?s=96&d=mm&r=g","caption":"Lorena Santos"},"description":"Redatora do Grupo Sena Online","sameAs":["https:\/\/www.instagram.com\/lorenassi_?igsh=dXRodHd0ZXpjZDZy&utm_source=qr"],"url":"https:\/\/www.pensarcursos.com.br\/blog\/author\/lorena\/"}]}},"_links":{"self":[{"href":"https:\/\/www.pensarcursos.com.br\/blog\/wp-json\/wp\/v2\/posts\/149524","targetHints":{"allow":["GET"]}}],"collection":[{"href":"https:\/\/www.pensarcursos.com.br\/blog\/wp-json\/wp\/v2\/posts"}],"about":[{"href":"https:\/\/www.pensarcursos.com.br\/blog\/wp-json\/wp\/v2\/types\/post"}],"author":[{"embeddable":true,"href":"https:\/\/www.pensarcursos.com.br\/blog\/wp-json\/wp\/v2\/users\/63"}],"replies":[{"embeddable":true,"href":"https:\/\/www.pensarcursos.com.br\/blog\/wp-json\/wp\/v2\/comments?post=149524"}],"version-history":[{"count":0,"href":"https:\/\/www.pensarcursos.com.br\/blog\/wp-json\/wp\/v2\/posts\/149524\/revisions"}],"wp:featuredmedia":[{"embeddable":true,"href":"https:\/\/www.pensarcursos.com.br\/blog\/wp-json\/wp\/v2\/media\/147838"}],"wp:attachment":[{"href":"https:\/\/www.pensarcursos.com.br\/blog\/wp-json\/wp\/v2\/media?parent=149524"}],"wp:term":[{"taxonomy":"category","embeddable":true,"href":"https:\/\/www.pensarcursos.com.br\/blog\/wp-json\/wp\/v2\/categories?post=149524"},{"taxonomy":"post_tag","embeddable":true,"href":"https:\/\/www.pensarcursos.com.br\/blog\/wp-json\/wp\/v2\/tags?post=149524"}],"curies":[{"name":"wp","href":"https:\/\/api.w.org\/{rel}","templated":true}]}}