{"id":149505,"date":"2026-03-12T05:29:03","date_gmt":"2026-03-12T08:29:03","guid":{"rendered":"https:\/\/www.pensarcursos.com.br\/blog\/?p=149505"},"modified":"2026-03-11T15:55:22","modified_gmt":"2026-03-11T18:55:22","slug":"infeliz-no-emprego-antes-de-pedir-demissao-leia-isso","status":"publish","type":"post","link":"https:\/\/www.pensarcursos.com.br\/blog\/infeliz-no-emprego-antes-de-pedir-demissao-leia-isso\/","title":{"rendered":"Infeliz no emprego? Antes de pedir demiss\u00e3o, leia isso"},"content":{"rendered":"<p>Muitas pessoas se sentem frustradas ou estagnadas em suas carreiras e enxergam no <strong>empreendedorismo<\/strong> uma oportunidade de construir uma trajet\u00f3ria com mais prop\u00f3sito, autonomia e realiza\u00e7\u00e3o. Se voc\u00ea est\u00e1 insatisfeito no emprego e a ideia de abandonar o crach\u00e1 da empresa passou pela sua cabe\u00e7a, saiba que n\u00e3o est\u00e1 sozinho. A transi\u00e7\u00e3o do regime CLT para o empreendedorismo tem se tornado cada vez mais comum no Brasil.<\/p>\n<p><a href=\"https:\/\/www.gov.br\/secom\/pt-br\/acompanhe-a-secom\/noticias\/2025\/04\/brasil-registra-abertura-de-1-4-milhao-de-pequenos-negocios-no-primeiro-trimestre-do-ano\" target=\"_blank\" rel=\"noopener\">Dados do Sebrae de 2025<\/a> confirmam essa tend\u00eancia: <strong>mais de 1,4 milh\u00e3o de novos CNPJs foram abertos<\/strong>, impulsionados tanto pelo crescimento dos trabalhos sob demanda quanto pelo desejo de mais flexibilidade e qualidade de vida. No entanto, antes de tomar a decis\u00e3o de pedir demiss\u00e3o, \u00e9 fundamental parar e analisar a situa\u00e7\u00e3o com calma e estrat\u00e9gia.<\/p>\n<p>Pedir demiss\u00e3o por impulso pode transformar um sonho em um grande desafio financeiro e emocional. Por isso, antes de dar esse passo, confira os principais pontos que voc\u00ea deve avaliar.<\/p>\n<h2>\u00c9 realmente a hora de mudar?<\/h2>\n<p>A <a href=\"https:\/\/www.pensarcursos.com.br\/blog\/aquele-aperto-no-peito-no-domingo-a-noite-tem-nome-e-atinge-70-das-pessoas\/\">insatisfa\u00e7\u00e3o no trabalho<\/a> pode ter diversas origens. Reflita honestamente sobre sua situa\u00e7\u00e3o atual:<\/p>\n<ul>\n<li><strong>Falta de perspectiva de crescimento:<\/strong>\u00a0Voc\u00ea olha para o futuro na empresa e n\u00e3o v\u00ea um caminho claro para o seu desenvolvimento? A aus\u00eancia de um plano de carreira pode ser um forte indicativo de que seu potencial seria melhor aproveitado em um projeto pr\u00f3prio.<\/li>\n<li><strong>Desalinhamento cultural:<\/strong>\u00a0Os valores da organiza\u00e7\u00e3o n\u00e3o conversam mais com os seus? Sentir-se um estranho no ambiente de trabalho, onde as miss\u00f5es e princ\u00edpios s\u00e3o contr\u00e1rios aos seus, gera um desgaste cont\u00ednuo que afeta a produtividade e o bem-estar.<\/li>\n<li><strong>Estagna\u00e7\u00e3o profissional:<\/strong>\u00a0A sensa\u00e7\u00e3o de que suas habilidades est\u00e3o sendo subaproveitadas e que a rotina se tornou mon\u00f3tona \u00e9 um sinal claro. Se voc\u00ea sente que poderia contribuir muito mais, talvez seja o momento de criar um espa\u00e7o onde suas compet\u00eancias possam brilhar.<\/li>\n<li><strong>Necessidade de autonomia:<\/strong>\u00a0O desejo por mais controle sobre seus hor\u00e1rios, decis\u00f5es e rotina \u00e9 um dos principais motores para o empreendedorismo. Se a rigidez do modelo tradicional o sufoca, construir uma vida profissional mais flex\u00edvel pode ser a resposta.<\/li>\n<\/ul>\n<figure id=\"attachment_149516\" aria-describedby=\"caption-attachment-149516\" style=\"width: 2500px\" class=\"wp-caption aligncenter\"><img decoding=\"async\" class=\"size-full wp-image-149516\" src=\"https:\/\/www.pensarcursos.com.br\/blog\/wp-content\/uploads\/2026\/03\/empreendedorismo.webp\" alt=\"Profissional de sal\u00e3o de beleza demonstrando confian\u00e7a no ambiente de trabalho, representando prepara\u00e7\u00e3o para iniciar um neg\u00f3cio pr\u00f3prio.\" width=\"2500\" height=\"1667\" srcset=\"https:\/\/www.pensarcursos.com.br\/blog\/wp-content\/uploads\/2026\/03\/empreendedorismo.webp 2500w, https:\/\/www.pensarcursos.com.br\/blog\/wp-content\/uploads\/2026\/03\/empreendedorismo-300x200.webp 300w, https:\/\/www.pensarcursos.com.br\/blog\/wp-content\/uploads\/2026\/03\/empreendedorismo-1024x683.webp 1024w, https:\/\/www.pensarcursos.com.br\/blog\/wp-content\/uploads\/2026\/03\/empreendedorismo-768x512.webp 768w, https:\/\/www.pensarcursos.com.br\/blog\/wp-content\/uploads\/2026\/03\/empreendedorismo-1536x1024.webp 1536w, https:\/\/www.pensarcursos.com.br\/blog\/wp-content\/uploads\/2026\/03\/empreendedorismo-2048x1366.webp 2048w, https:\/\/www.pensarcursos.com.br\/blog\/wp-content\/uploads\/2026\/03\/empreendedorismo-750x500.webp 750w, https:\/\/www.pensarcursos.com.br\/blog\/wp-content\/uploads\/2026\/03\/empreendedorismo-1140x760.webp 1140w\" sizes=\"(max-width: 2500px) 100vw, 2500px\" \/><figcaption id=\"caption-attachment-149516\" class=\"wp-caption-text\">Planejamento \u00e9 o primeiro passo para uma transi\u00e7\u00e3o segura rumo ao empreendedorismo.<br \/>Imagem: Freepik<\/figcaption><\/figure>\n<h2>O planejamento como base para uma transi\u00e7\u00e3o segura<\/h2>\n<p>Tomar a decis\u00e3o de empreender \u00e9 apenas o come\u00e7o. Para que a <a href=\"https:\/\/www.pensarcursos.com.br\/blog\/depois-dos-40-e-possivel-deixar-a-clt-veja-as-melhores-profissoes-para-recomecar\/\">transi\u00e7\u00e3o<\/a> ocorra com seguran\u00e7a, um planejamento cuidadoso \u00e9 indispens\u00e1vel. Deixar a estabilidade de um sal\u00e1rio fixo exige prepara\u00e7\u00e3o em v\u00e1rias frentes.<\/p>\n<h3>An\u00e1lise de mercado e autoconhecimento<\/h3>\n<p>Antes de investir tempo e dinheiro, analise o setor em que pretende atuar. Pesquise tend\u00eancias, identifique seu p\u00fablico-alvo e estude seus concorrentes. Uma boa pesquisa de mercado n\u00e3o elimina os riscos, mas ajuda a minimiz\u00e1-los.<\/p>\n<p>Paralelamente, fa\u00e7a uma autoavalia\u00e7\u00e3o. Nem todos t\u00eam o perfil para lidar com as incertezas do empreendedorismo. Voc\u00ea \u00e9 resiliente? Sabe liderar e tomar decis\u00f5es sob press\u00e3o? Reconhecer suas for\u00e7as e fraquezas \u00e9 fundamental para buscar desenvolvimento onde for necess\u00e1rio.<\/p>\n<h3>Planejamento financeiro<\/h3>\n<p>Este \u00e9, talvez, o ponto mais importante da transi\u00e7\u00e3o. Come\u00e7ar um neg\u00f3cio sem um <a href=\"https:\/\/www.pensarcursos.com.br\/blog\/se-voce-nao-mudar-nada-muda-veja-como-criar-metas-financeiras-possiveis-e-sair-do-vermelho-em-2026\/\">planejamento financeiro<\/a> \u00e9 um erro comum e perigoso. Analise seu custo de vida e calcule uma <strong>reserva de emerg\u00eancia<\/strong>\u00a0que possa cobrir suas despesas por, no m\u00ednimo, seis meses a um ano.<\/p>\n<p>Mapeie todos os custos iniciais do neg\u00f3cio: registro, equipamentos, mat\u00e9ria-prima, marketing, etc. O ideal \u00e9 iniciar a trajet\u00f3ria empreendedora com capital pr\u00f3prio, evitando d\u00edvidas logo no come\u00e7o.<\/p>\n<h2>Da ideia \u00e0 pr\u00e1tica: estrat\u00e9gias para um come\u00e7o<\/h2>\n<p>Com a decis\u00e3o tomada e o planejamento em m\u00e3os, \u00e9 hora de focar na execu\u00e7\u00e3o. A qualidade do que voc\u00ea oferece ao mercado definir\u00e1 sua reputa\u00e7\u00e3o e sustentabilidade a longo prazo.<\/p>\n<p>A excel\u00eancia do seu produto ou servi\u00e7o \u00e9 seu maior cart\u00e3o de visita. Escolha <strong>fornecedores confi\u00e1veis<\/strong>, negocie condi\u00e7\u00f5es favor\u00e1veis e certifique-se de que sua entrega gera valor real para o cliente. Um bom atendimento, somado a um produto de qualidade, cria uma base de clientes leais.<\/p>\n<p>Al\u00e9m disso, a formaliza\u00e7\u00e3o do neg\u00f3cio \u00e9 um passo que garante seguran\u00e7a jur\u00eddica e credibilidade. Abrir um\u00a0Microempreendedor Individual (MEI), por exemplo, \u00e9 uma maneira simplificada de obter um CNPJ, emitir notas fiscais e ter acesso a benef\u00edcios previdenci\u00e1rios.<\/p>\n<p>Por fim, invista em presen\u00e7a digital desde o in\u00edcio. Aprender no\u00e7\u00f5es b\u00e1sicas de marketing de conte\u00fado, gest\u00e3o de redes sociais e SEO permite que voc\u00ea alcance seu p\u00fablico de forma direcionada e com um custo mais baixo que os canais tradicionais. Avalie seus motivos, estruture um plano de a\u00e7\u00e3o detalhado e esteja pronto para aprender e se adaptar.<\/p>\n<p>Fique por dentro de mais informa\u00e7\u00f5es como essa no portal do<a href=\"https:\/\/www.pensarcursos.com.br\/blog\" target=\"_blank\" rel=\"noopener\"> Blog Pensar Cursos<\/a>.<\/p>\n","protected":false},"excerpt":{"rendered":"<p>Muitas pessoas se sentem frustradas ou estagnadas em suas carreiras e enxergam no empreendedorismo uma oportunidade de construir uma trajet\u00f3ria com mais prop\u00f3sito, autonomia e realiza\u00e7\u00e3o. Se voc\u00ea est\u00e1 insatisfeito no emprego e a ideia de abandonar o crach\u00e1 da empresa passou pela sua cabe\u00e7a, saiba que n\u00e3o est\u00e1 sozinho. A transi\u00e7\u00e3o do regime CLT [&hellip;]<\/p>\n","protected":false},"author":54,"featured_media":149515,"comment_status":"open","ping_status":"closed","sticky":false,"template":"","format":"standard","meta":{"jnews-multi-image_gallery":[],"jnews_single_post":{"subtitle":"Entenda o que voc\u00ea precisa considerar antes de fazer essa escolha","format":"standard","override":[{"template":"1","parallax":"1","fullscreen":"1","layout":"right-sidebar","sidebar":"default-sidebar","second_sidebar":"default-sidebar","sticky_sidebar":"1","share_position":"topbottom","share_float_style":"share-monocrhome","show_featured":"1","show_post_meta":"1","show_post_author":"1","show_post_author_image":"1","show_post_date":"1","post_date_format":"default","post_date_format_custom":"Y\/m\/d","show_post_category":"1","post_reading_time_wpm":"300","post_calculate_word_method":"str_word_count","show_zoom_button":"0","zoom_button_out_step":"2","zoom_button_in_step":"3","show_post_tag":"1","show_prev_next_post":"1","show_popup_post":"1","show_comment_section":"1","number_popup_post":"2","show_author_box":"1","show_post_related":"1","show_inline_post_related":"1"}],"image_override":[{"single_post_thumbnail_size":"crop-500","single_post_gallery_size":"crop-500"}],"trending_post_position":"meta","trending_post_label":"Trending","sponsored_post_label":"Sponsored by","disable_ad":"0"},"jnews_primary_category":[],"jnews_social_meta":[],"jnews_override_counter":{"view_counter_number":"0","share_counter_number":"0","like_counter_number":"0","dislike_counter_number":"0"},"footnotes":""},"categories":[13725],"tags":[196,39499,38579],"class_list":["post-149505","post","type-post","status-publish","format-standard","has-post-thumbnail","hentry","category-profissoes","tag-empreendedorismo","tag-empreendedorismo-no-brasil","tag-insatisfacao-profissional"],"yoast_head":"<!-- This site is optimized with the Yoast SEO Premium plugin v27.4 (Yoast SEO v27.4) - https:\/\/yoast.com\/product\/yoast-seo-premium-wordpress\/ -->\n<title>Infeliz no emprego? Antes de pedir demiss\u00e3o, leia isso - Blog Pensar Cursos<\/title>\n<meta name=\"description\" content=\"Infeliz no emprego e pensando em pedir demiss\u00e3o para empreender? Leia este guia completo e veja os principais sinais de que \u00e9 hora de mudar.\" \/>\n<meta name=\"robots\" content=\"index, follow, max-snippet:-1, max-image-preview:large, max-video-preview:-1\" \/>\n<link rel=\"canonical\" href=\"https:\/\/www.pensarcursos.com.br\/blog\/infeliz-no-emprego-antes-de-pedir-demissao-leia-isso\/\" \/>\n<meta property=\"og:locale\" content=\"pt_BR\" \/>\n<meta property=\"og:type\" content=\"article\" \/>\n<meta property=\"og:title\" content=\"Infeliz no emprego? Antes de pedir demiss\u00e3o, leia isso\" \/>\n<meta property=\"og:description\" content=\"Infeliz no emprego e pensando em pedir demiss\u00e3o para empreender? Leia este guia completo e veja os principais sinais de que \u00e9 hora de mudar.\" \/>\n<meta property=\"og:url\" content=\"https:\/\/www.pensarcursos.com.br\/blog\/infeliz-no-emprego-antes-de-pedir-demissao-leia-isso\/\" \/>\n<meta property=\"og:site_name\" content=\"Blog Pensar Cursos\" \/>\n<meta property=\"article:publisher\" content=\"https:\/\/www.facebook.com\/pensarcursos\/\" \/>\n<meta property=\"article:published_time\" content=\"2026-03-12T08:29:03+00:00\" \/>\n<meta property=\"og:image\" content=\"https:\/\/www.pensarcursos.com.br\/blog\/wp-content\/uploads\/2026\/03\/pessoa-infeliz-no-trabalho.webp\" \/>\n\t<meta property=\"og:image:width\" content=\"2500\" \/>\n\t<meta property=\"og:image:height\" content=\"1669\" \/>\n\t<meta property=\"og:image:type\" content=\"image\/webp\" \/>\n<meta name=\"author\" content=\"Quezia Andrade\" \/>\n<meta name=\"twitter:card\" content=\"summary_large_image\" \/>\n<meta name=\"twitter:label1\" content=\"Escrito por\" \/>\n\t<meta name=\"twitter:data1\" content=\"Quezia Andrade\" \/>\n\t<meta name=\"twitter:label2\" content=\"Est. tempo de leitura\" \/>\n\t<meta name=\"twitter:data2\" content=\"5 minutos\" \/>\n<!-- \/ Yoast SEO Premium plugin. -->","yoast_head_json":{"title":"Infeliz no emprego? Antes de pedir demiss\u00e3o, leia isso - Blog Pensar Cursos","description":"Infeliz no emprego e pensando em pedir demiss\u00e3o para empreender? Leia este guia completo e veja os principais sinais de que \u00e9 hora de mudar.","robots":{"index":"index","follow":"follow","max-snippet":"max-snippet:-1","max-image-preview":"max-image-preview:large","max-video-preview":"max-video-preview:-1"},"canonical":"https:\/\/www.pensarcursos.com.br\/blog\/infeliz-no-emprego-antes-de-pedir-demissao-leia-isso\/","og_locale":"pt_BR","og_type":"article","og_title":"Infeliz no emprego? Antes de pedir demiss\u00e3o, leia isso","og_description":"Infeliz no emprego e pensando em pedir demiss\u00e3o para empreender? Leia este guia completo e veja os principais sinais de que \u00e9 hora de mudar.","og_url":"https:\/\/www.pensarcursos.com.br\/blog\/infeliz-no-emprego-antes-de-pedir-demissao-leia-isso\/","og_site_name":"Blog Pensar Cursos","article_publisher":"https:\/\/www.facebook.com\/pensarcursos\/","article_published_time":"2026-03-12T08:29:03+00:00","og_image":[{"width":2500,"height":1669,"url":"https:\/\/www.pensarcursos.com.br\/blog\/wp-content\/uploads\/2026\/03\/pessoa-infeliz-no-trabalho.webp","type":"image\/webp"}],"author":"Quezia Andrade","twitter_card":"summary_large_image","twitter_misc":{"Escrito por":"Quezia Andrade","Est. tempo de leitura":"5 minutos"},"schema":{"@context":"https:\/\/schema.org","@graph":[{"@type":["Article","BlogPosting"],"@id":"https:\/\/www.pensarcursos.com.br\/blog\/infeliz-no-emprego-antes-de-pedir-demissao-leia-isso\/#article","isPartOf":{"@id":"https:\/\/www.pensarcursos.com.br\/blog\/infeliz-no-emprego-antes-de-pedir-demissao-leia-isso\/"},"author":{"name":"Quezia Andrade","@id":"https:\/\/www.pensarcursos.com.br\/blog\/#\/schema\/person\/28714c166fa847c28e0ba3e4d47c1033"},"headline":"Infeliz no emprego? Antes de pedir demiss\u00e3o, leia isso","datePublished":"2026-03-12T08:29:03+00:00","mainEntityOfPage":{"@id":"https:\/\/www.pensarcursos.com.br\/blog\/infeliz-no-emprego-antes-de-pedir-demissao-leia-isso\/"},"wordCount":839,"commentCount":0,"publisher":{"@id":"https:\/\/www.pensarcursos.com.br\/blog\/#organization"},"image":{"@id":"https:\/\/www.pensarcursos.com.br\/blog\/infeliz-no-emprego-antes-de-pedir-demissao-leia-isso\/#primaryimage"},"thumbnailUrl":"https:\/\/www.pensarcursos.com.br\/blog\/wp-content\/uploads\/2026\/03\/pessoa-infeliz-no-trabalho.webp","keywords":["Empreendedorismo","empreendedorismo no brasil","insatisfa\u00e7\u00e3o profissional"],"articleSection":["Profiss\u00f5es"],"inLanguage":"pt-BR","potentialAction":[{"@type":"CommentAction","name":"Comment","target":["https:\/\/www.pensarcursos.com.br\/blog\/infeliz-no-emprego-antes-de-pedir-demissao-leia-isso\/#respond"]}],"copyrightYear":"2026","copyrightHolder":{"@id":"https:\/\/www.pensarcursos.com.br\/blog\/#organization"}},{"@type":"WebPage","@id":"https:\/\/www.pensarcursos.com.br\/blog\/infeliz-no-emprego-antes-de-pedir-demissao-leia-isso\/","url":"https:\/\/www.pensarcursos.com.br\/blog\/infeliz-no-emprego-antes-de-pedir-demissao-leia-isso\/","name":"Infeliz no emprego? Antes de pedir demiss\u00e3o, leia isso - Blog Pensar Cursos","isPartOf":{"@id":"https:\/\/www.pensarcursos.com.br\/blog\/#website"},"primaryImageOfPage":{"@id":"https:\/\/www.pensarcursos.com.br\/blog\/infeliz-no-emprego-antes-de-pedir-demissao-leia-isso\/#primaryimage"},"image":{"@id":"https:\/\/www.pensarcursos.com.br\/blog\/infeliz-no-emprego-antes-de-pedir-demissao-leia-isso\/#primaryimage"},"thumbnailUrl":"https:\/\/www.pensarcursos.com.br\/blog\/wp-content\/uploads\/2026\/03\/pessoa-infeliz-no-trabalho.webp","datePublished":"2026-03-12T08:29:03+00:00","description":"Infeliz no emprego e pensando em pedir demiss\u00e3o para empreender? Leia este guia completo e veja os principais sinais de que \u00e9 hora de mudar.","breadcrumb":{"@id":"https:\/\/www.pensarcursos.com.br\/blog\/infeliz-no-emprego-antes-de-pedir-demissao-leia-isso\/#breadcrumb"},"inLanguage":"pt-BR","potentialAction":[{"@type":"ReadAction","target":["https:\/\/www.pensarcursos.com.br\/blog\/infeliz-no-emprego-antes-de-pedir-demissao-leia-isso\/"]}]},{"@type":"ImageObject","inLanguage":"pt-BR","@id":"https:\/\/www.pensarcursos.com.br\/blog\/infeliz-no-emprego-antes-de-pedir-demissao-leia-isso\/#primaryimage","url":"https:\/\/www.pensarcursos.com.br\/blog\/wp-content\/uploads\/2026\/03\/pessoa-infeliz-no-trabalho.webp","contentUrl":"https:\/\/www.pensarcursos.com.br\/blog\/wp-content\/uploads\/2026\/03\/pessoa-infeliz-no-trabalho.webp","width":2500,"height":1669,"caption":"Sentindo-se preso no trabalho? Veja o que considerar antes de pedir demiss\u00e3o. Imagem: Freepik"},{"@type":"BreadcrumbList","@id":"https:\/\/www.pensarcursos.com.br\/blog\/infeliz-no-emprego-antes-de-pedir-demissao-leia-isso\/#breadcrumb","itemListElement":[{"@type":"ListItem","position":1,"name":"Home","item":"https:\/\/www.pensarcursos.com.br\/blog\/"},{"@type":"ListItem","position":2,"name":"Infeliz no emprego? Antes de pedir demiss\u00e3o, leia isso"}]},{"@type":"WebSite","@id":"https:\/\/www.pensarcursos.com.br\/blog\/#website","url":"https:\/\/www.pensarcursos.com.br\/blog\/","name":"Blog Pensar Cursos","description":"Maior Site de Cursos do Brasil","publisher":{"@id":"https:\/\/www.pensarcursos.com.br\/blog\/#organization"},"alternateName":"Blog Pensar","potentialAction":[{"@type":"SearchAction","target":{"@type":"EntryPoint","urlTemplate":"https:\/\/www.pensarcursos.com.br\/blog\/?s={search_term_string}"},"query-input":{"@type":"PropertyValueSpecification","valueRequired":true,"valueName":"search_term_string"}}],"inLanguage":"pt-BR"},{"@type":"Organization","@id":"https:\/\/www.pensarcursos.com.br\/blog\/#organization","name":"Pensar Cursos","alternateName":"Blog pensar","url":"https:\/\/www.pensarcursos.com.br\/blog\/","logo":{"@type":"ImageObject","inLanguage":"pt-BR","@id":"https:\/\/www.pensarcursos.com.br\/blog\/#\/schema\/logo\/image\/","url":"https:\/\/www.pensarcursos.com.br\/blog\/wp-content\/uploads\/2023\/11\/Nova-Logo-Pensar-Cursos-vertical.png","contentUrl":"https:\/\/www.pensarcursos.com.br\/blog\/wp-content\/uploads\/2023\/11\/Nova-Logo-Pensar-Cursos-vertical.png","width":1393,"height":1001,"caption":"Pensar Cursos"},"image":{"@id":"https:\/\/www.pensarcursos.com.br\/blog\/#\/schema\/logo\/image\/"},"sameAs":["https:\/\/www.facebook.com\/pensarcursos\/","https:\/\/instagram.com.br\/pensarcursos"],"description":"Pensar Cursos \u00e9 uma empresa especializada em oferecer cursos de alta qualidade voltados para o desenvolvimento profissional e acad\u00eamico. Com uma ampla gama de op\u00e7\u00f5es de treinamento, oferecemos conte\u00fados atualizados, ministrados por especialistas da \u00e1rea, para capacitar indiv\u00edduos e equipes a atingirem seus objetivos. Nossa miss\u00e3o \u00e9 proporcionar uma educa\u00e7\u00e3o transformadora, acess\u00edvel e personalizada para cada aluno, seja em cursos presenciais ou online. Com uma abordagem inovadora, buscamos adaptar os nossos programas de ensino \u00e0s necessidades do mercado, criando solu\u00e7\u00f5es que atendem aos desafios e exig\u00eancias do mundo corporativo e acad\u00eamico. Nossos cursos incluem desde forma\u00e7\u00f5es t\u00e9cnicas at\u00e9 habilidades essenciais, como lideran\u00e7a, gest\u00e3o e desenvolvimento pessoal.","email":"contato@pensarcursos.com.br","legalName":"Sena Servi\u00e7os de Informa\u00e7\u00e3o Online LTDA","foundingDate":"2013-04-18","vatID":"17956217000172","numberOfEmployees":{"@type":"QuantitativeValue","minValue":"11","maxValue":"50"},"publishingPrinciples":"https:\/\/www.pensarcursos.com.br\/blog\/principios-de-publicacao\/","ownershipFundingInfo":"https:\/\/www.pensarcursos.com.br\/blog\/informacoes-de-propriedade-financiamento\/","actionableFeedbackPolicy":"https:\/\/www.pensarcursos.com.br\/blog\/politica-de-feedback-acionavel\/","correctionsPolicy":"https:\/\/www.pensarcursos.com.br\/blog\/politica-de-correcoes\/","ethicsPolicy":"https:\/\/www.pensarcursos.com.br\/blog\/politica-de-etica\/"},{"@type":"Person","@id":"https:\/\/www.pensarcursos.com.br\/blog\/#\/schema\/person\/28714c166fa847c28e0ba3e4d47c1033","name":"Quezia Andrade","image":{"@type":"ImageObject","inLanguage":"pt-BR","@id":"https:\/\/secure.gravatar.com\/avatar\/ca40343eca0c667f062032144581527936aae03191aca76e9d4c4de5a5c7cd14?s=96&d=mm&r=g","url":"https:\/\/secure.gravatar.com\/avatar\/ca40343eca0c667f062032144581527936aae03191aca76e9d4c4de5a5c7cd14?s=96&d=mm&r=g","contentUrl":"https:\/\/secure.gravatar.com\/avatar\/ca40343eca0c667f062032144581527936aae03191aca76e9d4c4de5a5c7cd14?s=96&d=mm&r=g","caption":"Quezia Andrade"},"description":"Biom\u00e9dica CRBM2 n\u00ba 17394. Redatora do grupo Sena Online.","sameAs":["https:\/\/www.instagram.com\/_quezia_b?igsh=cWF2dDNxbXd6ejF4&utm_source=qr","https:\/\/www.linkedin.com\/in\/quzia-borges-andrade-907778266?utm_source=share&utm_campaign=share_via&utm_content=profile&utm_medium=ios_app"],"url":"https:\/\/www.pensarcursos.com.br\/blog\/author\/quezia\/"}]}},"_links":{"self":[{"href":"https:\/\/www.pensarcursos.com.br\/blog\/wp-json\/wp\/v2\/posts\/149505","targetHints":{"allow":["GET"]}}],"collection":[{"href":"https:\/\/www.pensarcursos.com.br\/blog\/wp-json\/wp\/v2\/posts"}],"about":[{"href":"https:\/\/www.pensarcursos.com.br\/blog\/wp-json\/wp\/v2\/types\/post"}],"author":[{"embeddable":true,"href":"https:\/\/www.pensarcursos.com.br\/blog\/wp-json\/wp\/v2\/users\/54"}],"replies":[{"embeddable":true,"href":"https:\/\/www.pensarcursos.com.br\/blog\/wp-json\/wp\/v2\/comments?post=149505"}],"version-history":[{"count":0,"href":"https:\/\/www.pensarcursos.com.br\/blog\/wp-json\/wp\/v2\/posts\/149505\/revisions"}],"wp:featuredmedia":[{"embeddable":true,"href":"https:\/\/www.pensarcursos.com.br\/blog\/wp-json\/wp\/v2\/media\/149515"}],"wp:attachment":[{"href":"https:\/\/www.pensarcursos.com.br\/blog\/wp-json\/wp\/v2\/media?parent=149505"}],"wp:term":[{"taxonomy":"category","embeddable":true,"href":"https:\/\/www.pensarcursos.com.br\/blog\/wp-json\/wp\/v2\/categories?post=149505"},{"taxonomy":"post_tag","embeddable":true,"href":"https:\/\/www.pensarcursos.com.br\/blog\/wp-json\/wp\/v2\/tags?post=149505"}],"curies":[{"name":"wp","href":"https:\/\/api.w.org\/{rel}","templated":true}]}}