{"id":149504,"date":"2026-03-12T05:59:44","date_gmt":"2026-03-12T08:59:44","guid":{"rendered":"https:\/\/www.pensarcursos.com.br\/blog\/?p=149504"},"modified":"2026-03-11T16:17:03","modified_gmt":"2026-03-11T19:17:03","slug":"reestruturacao-aprovada-no-senado-pode-abrir-24-mil-portas-para-quem-busca-estabilidade","status":"publish","type":"post","link":"https:\/\/www.pensarcursos.com.br\/blog\/reestruturacao-aprovada-no-senado-pode-abrir-24-mil-portas-para-quem-busca-estabilidade\/","title":{"rendered":"Reestrutura\u00e7\u00e3o aprovada no Senado pode abrir 24 mil portas para quem busca estabilidade"},"content":{"rendered":"<p>Concursos p\u00fablicos tendem a atrair ainda mais candidatos em 2026, mas um novo projeto aprovado no Senado promete mexer com o cen\u00e1rio do servi\u00e7o p\u00fablico federal. Mais de 24 mil cargos efetivos ser\u00e3o criados, abrindo oportunidades para professores, t\u00e9cnicos e diversas carreiras, em uma reestrutura\u00e7\u00e3o que pode impactar a vida de quem busca estabilidade e progress\u00e3o funcional.<\/p>\n<p>O aguardado texto passou pelo Senado em 10 de mar\u00e7o e aguarda san\u00e7\u00e3o presidencial. O objetivo oficial \u00e9 valorizar o servi\u00e7o p\u00fablico e refor\u00e7ar \u00e1reas estrat\u00e9gicas do Estado. Descubra abaixo quem pode se beneficiar, qual ser\u00e1 o impacto pr\u00e1tico das vagas e das novas regras, e como essas mudan\u00e7as podem influenciar pr\u00f3ximos concursos e carreiras em 2026.<\/p>\n<h2>Reestrutura\u00e7\u00e3o e novas vagas: panorama das oportunidades<\/h2>\n<p>O projeto aprovado prev\u00ea a cria\u00e7\u00e3o de\u00a0<strong>24.088 vagas efetivas<\/strong>\u00a0em diferentes \u00f3rg\u00e3os federais. Entre os destaques est\u00e3o:<\/p>\n<ul>\n<li><strong>3.800 novas vagas<\/strong>\u00a0para <a href=\"https:\/\/www.pensarcursos.com.br\/blog\/quer-ser-professor-confira-o-salario-inicial-da-profissao-em-todos-os-estados-do-brasil\/\" target=\"_blank\" rel=\"noopener\">professor<\/a> do magist\u00e9rio superior e <strong>2.200<\/strong> para analista em educa\u00e7\u00e3o nas universidades federais;<\/li>\n<li><strong>9.587 vagas<\/strong> para professores do ensino b\u00e1sico, t\u00e9cnico e tecnol\u00f3gico, <strong>4.286<\/strong> de t\u00e9cnico em educa\u00e7\u00e3o e <strong>2.490<\/strong> de analista em educa\u00e7\u00e3o, todos para a Rede Federal de Educa\u00e7\u00e3o Profissional, Cient\u00edfica e Tecnol\u00f3gica.<\/li>\n<li><strong>200 vagas<\/strong> para especialista em regula\u00e7\u00e3o e vigil\u00e2ncia sanit\u00e1ria e <strong>25<\/strong> para t\u00e9cnico em regula\u00e7\u00e3o e vigil\u00e2ncia sanit\u00e1ria na Anvisa.<\/li>\n<li><strong>750 vagas<\/strong> para analista t\u00e9cnico de desenvolvimento socioecon\u00f4mico e <strong>750<\/strong> para analista t\u00e9cnico de Justi\u00e7a e Defesa, ambos no Minist\u00e9rio da Gest\u00e3o e Inova\u00e7\u00e3o (MGI).<\/li>\n<\/ul>\n<p>Al\u00e9m disso, est\u00e1 prevista a cria\u00e7\u00e3o do Instituto Federal do Sert\u00e3o Paraibano (IFSert\u00e3oPB), ampliando a rede de institutos federais.<\/p>\n<figure id=\"attachment_149521\" aria-describedby=\"caption-attachment-149521\" style=\"width: 750px\" class=\"wp-caption alignnone\"><img decoding=\"async\" class=\"wp-image-149521 size-jnews-featured-750\" src=\"https:\/\/www.pensarcursos.com.br\/blog\/wp-content\/uploads\/2026\/03\/novos-cargos-aprovados-senado-750x497.jpg\" alt=\"Senadores discutem e circulam em plen\u00e1rio com pain\u00e9is eletr\u00f4nicos ao fundo durante sess\u00e3o\" width=\"750\" height=\"497\" srcset=\"https:\/\/www.pensarcursos.com.br\/blog\/wp-content\/uploads\/2026\/03\/novos-cargos-aprovados-senado-750x497.jpg 750w, https:\/\/www.pensarcursos.com.br\/blog\/wp-content\/uploads\/2026\/03\/novos-cargos-aprovados-senado-300x199.jpg 300w, https:\/\/www.pensarcursos.com.br\/blog\/wp-content\/uploads\/2026\/03\/novos-cargos-aprovados-senado-768x509.jpg 768w, https:\/\/www.pensarcursos.com.br\/blog\/wp-content\/uploads\/2026\/03\/novos-cargos-aprovados-senado.jpg 860w\" sizes=\"(max-width: 750px) 100vw, 750px\" \/><figcaption id=\"caption-attachment-149521\" class=\"wp-caption-text\">Educa\u00e7\u00e3o e gest\u00e3o p\u00fablica lideram a cria\u00e7\u00e3o de novas vagas em 2026. Foto: Jefferson Rudy\/Ag\u00eancia Senado<\/figcaption><\/figure>\n<h2>Nova carreira no Executivo: o que muda para servidores administrativos<\/h2>\n<p>A proposta traz a cria\u00e7\u00e3o de uma carreira in\u00e9dita: o\u00a0<strong>Analista T\u00e9cnico do Poder Executivo Federal (ATE)<\/strong>, com 6.900 cargos vagos destinados a especialidades administrativas. <a href=\"https:\/\/www.pensarcursos.com.br\/blog\/apenas-2-em-cada-10-profissionais-do-futuro-no-brasil-sao-mulheres-revela-pesquisa\/\" target=\"_blank\" rel=\"noopener\">Profissionais<\/a> das \u00e1reas de administra\u00e7\u00e3o, contabilidade, biblioteconomia e arquivologia agora encontram oportunidades concentradas nessa nova estrutura, com lota\u00e7\u00e3o inicial no Minist\u00e9rio da Gest\u00e3o e Inova\u00e7\u00e3o.<\/p>\n<p>A remunera\u00e7\u00e3o prev\u00ea sal\u00e1rio b\u00e1sico e Gratifica\u00e7\u00e3o de Desempenho de Atividades Executivas (GDATE), que pode atingir at\u00e9\u00a0<strong>R$ 15.800<\/strong>\u00a0no topo da carreira ap\u00f3s o reenquadramento previsto para abril de 2026.<\/p>\n<h2>Como funcionar\u00e1 a progress\u00e3o nas novas carreiras<\/h2>\n<p>A progress\u00e3o na carreira de ATE e demais reestruturadas ser\u00e1 anual, mediante perman\u00eancia m\u00ednima de 12 meses em cada padr\u00e3o e cumprimento de pontua\u00e7\u00e3o m\u00ednima em avalia\u00e7\u00e3o de desempenho. Para avan\u00e7ar entre classes, contar\u00e1 experi\u00eancia profissional, participa\u00e7\u00e3o em cursos de aperfei\u00e7oamento e titula\u00e7\u00e3o acad\u00eamica.<\/p>\n<p>Servidores ter\u00e3o remunera\u00e7\u00e3o composta por vencimento b\u00e1sico mais Gratifica\u00e7\u00e3o de Desempenho de Atividades Executivas (GDATE), vari\u00e1vel segundo avalia\u00e7\u00f5es individuais (at\u00e9 20 pontos) e institucionais (at\u00e9 80 pontos), cada ponto valendo R$ 61,20. Se ocorrer redu\u00e7\u00e3o na remunera\u00e7\u00e3o em virtude da migra\u00e7\u00e3o, ser\u00e1 garantida uma vantagem pessoal (VPNI) para compensar diferen\u00e7as.<\/p>\n<h2>Impacto para servidores: quem pode ser beneficiado<\/h2>\n<p>De acordo com o relat\u00f3rio do senador Randolfe Rodrigues (PT-AP),\u00a0<strong>cerca de 270 mil servidores<\/strong>\u00a0j\u00e1 em exerc\u00edcio ser\u00e3o afetados positivamente pelas mudan\u00e7as. Isso inclui incorpora\u00e7\u00e3o de vantagens, preserva\u00e7\u00e3o de benef\u00edcios atuais e possibilidade de progress\u00e3o mais clara nas novas regras.<\/p>\n<p>Quem ingressar via futuros concursos poder\u00e1 contar com crit\u00e9rios transparentes para evolu\u00e7\u00e3o de carreira, remunera\u00e7\u00e3o inicial compat\u00edvel com padr\u00e3o federal e possibilidade de mobilidade interna.<\/p>\n<h2>Quais os requisitos e caminhos para quem deseja concorrer<\/h2>\n<p>Os detalhes espec\u00edficos dos concursos ainda dependem da regulamenta\u00e7\u00e3o a ser publicada ap\u00f3s a san\u00e7\u00e3o. Em regras gerais, concursos para vagas de professores exigem forma\u00e7\u00e3o superior e titula\u00e7\u00e3o acad\u00eamica compat\u00edvel com a vaga ofertada.<\/p>\n<p>Para carreiras administrativas, o acesso requer diploma de n\u00edvel superior nas \u00e1reas mencionadas e aprova\u00e7\u00e3o nas etapas do concurso p\u00fablico referente ao edital vigente.<\/p>\n<p>Documentos habitualmente exigidos incluem diploma reconhecido, documenta\u00e7\u00e3o pessoal, comprovantes de quita\u00e7\u00e3o eleitoral e militar, al\u00e9m de crit\u00e9rios espec\u00edficos para cada \u00f3rg\u00e3o. Consulte fontes oficiais para conferir a lista definitiva pr\u00f3xima \u00e0 abertura dos certames.<\/p>\n<p>Para mais informa\u00e7\u00f5es, acompanhe regularmente o <a href=\"https:\/\/www.pensarcursos.com.br\/blog\/\" target=\"_blank\" rel=\"noopener\"><strong>Blog Pensar Cursos<\/strong><\/a> e fique por dentro das futuras atualiza\u00e7\u00f5es.<\/p>\n","protected":false},"excerpt":{"rendered":"<p>Concursos p\u00fablicos tendem a atrair ainda mais candidatos em 2026, mas um novo projeto aprovado no Senado promete mexer com o cen\u00e1rio do servi\u00e7o p\u00fablico federal. Mais de 24 mil cargos efetivos ser\u00e3o criados, abrindo oportunidades para professores, t\u00e9cnicos e diversas carreiras, em uma reestrutura\u00e7\u00e3o que pode impactar a vida de quem busca estabilidade e [&hellip;]<\/p>\n","protected":false},"author":62,"featured_media":149520,"comment_status":"open","ping_status":"closed","sticky":false,"template":"","format":"standard","meta":{"jnews-multi-image_gallery":[],"jnews_single_post":{"format":"standard","override":[{"template":"1","parallax":"1","fullscreen":"1","layout":"right-sidebar","sidebar":"default-sidebar","second_sidebar":"default-sidebar","sticky_sidebar":"1","share_position":"topbottom","share_float_style":"share-monocrhome","show_featured":"1","show_post_meta":"1","show_post_author":"1","show_post_author_image":"1","show_post_date":"1","post_date_format":"default","post_date_format_custom":"Y\/m\/d","show_post_category":"1","post_reading_time_wpm":"300","post_calculate_word_method":"str_word_count","show_zoom_button":"0","zoom_button_out_step":"2","zoom_button_in_step":"3","show_post_tag":"1","show_prev_next_post":"1","show_popup_post":"1","show_comment_section":"1","number_popup_post":"2","show_author_box":"1","show_post_related":"1","show_inline_post_related":"1"}],"image_override":[{"single_post_thumbnail_size":"crop-500","single_post_gallery_size":"crop-500"}],"trending_post_position":"meta","trending_post_label":"Trending","sponsored_post_label":"Sponsored by","disable_ad":"0","subtitle":"Mais de 24 mil cargos efetivos abrangem educa\u00e7\u00e3o, sa\u00fade e \u00e1reas administrativas em todo o pa\u00eds"},"jnews_primary_category":[],"jnews_social_meta":[],"jnews_override_counter":{"view_counter_number":"0","share_counter_number":"0","like_counter_number":"0","dislike_counter_number":"0"},"footnotes":""},"categories":[13725],"tags":[21363,3848,39501,39500],"class_list":["post-149504","post","type-post","status-publish","format-standard","has-post-thumbnail","hentry","category-profissoes","tag-carreira-publica","tag-concurso-publico","tag-novos-cargos-federais","tag-reestruturacao"],"yoast_head":"<!-- This site is optimized with the Yoast SEO Premium plugin v27.4 (Yoast SEO v27.4) - https:\/\/yoast.com\/product\/yoast-seo-premium-wordpress\/ -->\n<title>Reestrutura\u00e7\u00e3o aprovada no Senado pode abrir 24 mil portas para quem busca estabilidade - Blog Pensar Cursos<\/title>\n<meta name=\"description\" content=\"Senado aprova reestrutura\u00e7\u00e3o que cria 24 mil vagas no servi\u00e7o p\u00fablico, novas carreiras e sal\u00e1rios de at\u00e9 R$ 15.800. Veja impactos e requisitos!\" \/>\n<meta name=\"robots\" content=\"index, follow, max-snippet:-1, max-image-preview:large, max-video-preview:-1\" \/>\n<link rel=\"canonical\" href=\"https:\/\/www.pensarcursos.com.br\/blog\/reestruturacao-aprovada-no-senado-pode-abrir-24-mil-portas-para-quem-busca-estabilidade\/\" \/>\n<meta property=\"og:locale\" content=\"pt_BR\" \/>\n<meta property=\"og:type\" content=\"article\" \/>\n<meta property=\"og:title\" content=\"Reestrutura\u00e7\u00e3o aprovada no Senado pode abrir 24 mil portas para quem busca estabilidade\" \/>\n<meta property=\"og:description\" content=\"Senado aprova reestrutura\u00e7\u00e3o que cria 24 mil vagas no servi\u00e7o p\u00fablico, novas carreiras e sal\u00e1rios de at\u00e9 R$ 15.800. Veja impactos e requisitos!\" \/>\n<meta property=\"og:url\" content=\"https:\/\/www.pensarcursos.com.br\/blog\/reestruturacao-aprovada-no-senado-pode-abrir-24-mil-portas-para-quem-busca-estabilidade\/\" \/>\n<meta property=\"og:site_name\" content=\"Blog Pensar Cursos\" \/>\n<meta property=\"article:publisher\" content=\"https:\/\/www.facebook.com\/pensarcursos\/\" \/>\n<meta property=\"article:published_time\" content=\"2026-03-12T08:59:44+00:00\" \/>\n<meta property=\"og:image\" content=\"https:\/\/www.pensarcursos.com.br\/blog\/wp-content\/uploads\/2026\/03\/novos-cargos-servico-publico.webp\" \/>\n\t<meta property=\"og:image:width\" content=\"1200\" \/>\n\t<meta property=\"og:image:height\" content=\"800\" \/>\n\t<meta property=\"og:image:type\" content=\"image\/webp\" \/>\n<meta name=\"author\" content=\"Gustavo Carvalho\" \/>\n<meta name=\"twitter:card\" content=\"summary_large_image\" \/>\n<meta name=\"twitter:label1\" content=\"Escrito por\" \/>\n\t<meta name=\"twitter:data1\" content=\"Gustavo Carvalho\" \/>\n\t<meta name=\"twitter:label2\" content=\"Est. tempo de leitura\" \/>\n\t<meta name=\"twitter:data2\" content=\"5 minutos\" \/>\n<!-- \/ Yoast SEO Premium plugin. -->","yoast_head_json":{"title":"Reestrutura\u00e7\u00e3o aprovada no Senado pode abrir 24 mil portas para quem busca estabilidade - Blog Pensar Cursos","description":"Senado aprova reestrutura\u00e7\u00e3o que cria 24 mil vagas no servi\u00e7o p\u00fablico, novas carreiras e sal\u00e1rios de at\u00e9 R$ 15.800. Veja impactos e requisitos!","robots":{"index":"index","follow":"follow","max-snippet":"max-snippet:-1","max-image-preview":"max-image-preview:large","max-video-preview":"max-video-preview:-1"},"canonical":"https:\/\/www.pensarcursos.com.br\/blog\/reestruturacao-aprovada-no-senado-pode-abrir-24-mil-portas-para-quem-busca-estabilidade\/","og_locale":"pt_BR","og_type":"article","og_title":"Reestrutura\u00e7\u00e3o aprovada no Senado pode abrir 24 mil portas para quem busca estabilidade","og_description":"Senado aprova reestrutura\u00e7\u00e3o que cria 24 mil vagas no servi\u00e7o p\u00fablico, novas carreiras e sal\u00e1rios de at\u00e9 R$ 15.800. Veja impactos e requisitos!","og_url":"https:\/\/www.pensarcursos.com.br\/blog\/reestruturacao-aprovada-no-senado-pode-abrir-24-mil-portas-para-quem-busca-estabilidade\/","og_site_name":"Blog Pensar Cursos","article_publisher":"https:\/\/www.facebook.com\/pensarcursos\/","article_published_time":"2026-03-12T08:59:44+00:00","og_image":[{"width":1200,"height":800,"url":"https:\/\/www.pensarcursos.com.br\/blog\/wp-content\/uploads\/2026\/03\/novos-cargos-servico-publico.webp","type":"image\/webp"}],"author":"Gustavo Carvalho","twitter_card":"summary_large_image","twitter_misc":{"Escrito por":"Gustavo Carvalho","Est. tempo de leitura":"5 minutos"},"schema":{"@context":"https:\/\/schema.org","@graph":[{"@type":["Article","BlogPosting"],"@id":"https:\/\/www.pensarcursos.com.br\/blog\/reestruturacao-aprovada-no-senado-pode-abrir-24-mil-portas-para-quem-busca-estabilidade\/#article","isPartOf":{"@id":"https:\/\/www.pensarcursos.com.br\/blog\/reestruturacao-aprovada-no-senado-pode-abrir-24-mil-portas-para-quem-busca-estabilidade\/"},"author":{"name":"Gustavo Carvalho","@id":"https:\/\/www.pensarcursos.com.br\/blog\/#\/schema\/person\/9afea5510aa32a28c7f997b61d3f9959"},"headline":"Reestrutura\u00e7\u00e3o aprovada no Senado pode abrir 24 mil portas para quem busca estabilidade","datePublished":"2026-03-12T08:59:44+00:00","mainEntityOfPage":{"@id":"https:\/\/www.pensarcursos.com.br\/blog\/reestruturacao-aprovada-no-senado-pode-abrir-24-mil-portas-para-quem-busca-estabilidade\/"},"wordCount":771,"commentCount":0,"publisher":{"@id":"https:\/\/www.pensarcursos.com.br\/blog\/#organization"},"image":{"@id":"https:\/\/www.pensarcursos.com.br\/blog\/reestruturacao-aprovada-no-senado-pode-abrir-24-mil-portas-para-quem-busca-estabilidade\/#primaryimage"},"thumbnailUrl":"https:\/\/www.pensarcursos.com.br\/blog\/wp-content\/uploads\/2026\/03\/novos-cargos-servico-publico.webp","keywords":["carreira p\u00fablica","concurso p\u00fablico","novos cargos federais","reestrutura\u00e7\u00e3o"],"articleSection":["Profiss\u00f5es"],"inLanguage":"pt-BR","potentialAction":[{"@type":"CommentAction","name":"Comment","target":["https:\/\/www.pensarcursos.com.br\/blog\/reestruturacao-aprovada-no-senado-pode-abrir-24-mil-portas-para-quem-busca-estabilidade\/#respond"]}],"copyrightYear":"2026","copyrightHolder":{"@id":"https:\/\/www.pensarcursos.com.br\/blog\/#organization"}},{"@type":"WebPage","@id":"https:\/\/www.pensarcursos.com.br\/blog\/reestruturacao-aprovada-no-senado-pode-abrir-24-mil-portas-para-quem-busca-estabilidade\/","url":"https:\/\/www.pensarcursos.com.br\/blog\/reestruturacao-aprovada-no-senado-pode-abrir-24-mil-portas-para-quem-busca-estabilidade\/","name":"Reestrutura\u00e7\u00e3o aprovada no Senado pode abrir 24 mil portas para quem busca estabilidade - Blog Pensar Cursos","isPartOf":{"@id":"https:\/\/www.pensarcursos.com.br\/blog\/#website"},"primaryImageOfPage":{"@id":"https:\/\/www.pensarcursos.com.br\/blog\/reestruturacao-aprovada-no-senado-pode-abrir-24-mil-portas-para-quem-busca-estabilidade\/#primaryimage"},"image":{"@id":"https:\/\/www.pensarcursos.com.br\/blog\/reestruturacao-aprovada-no-senado-pode-abrir-24-mil-portas-para-quem-busca-estabilidade\/#primaryimage"},"thumbnailUrl":"https:\/\/www.pensarcursos.com.br\/blog\/wp-content\/uploads\/2026\/03\/novos-cargos-servico-publico.webp","datePublished":"2026-03-12T08:59:44+00:00","description":"Senado aprova reestrutura\u00e7\u00e3o que cria 24 mil vagas no servi\u00e7o p\u00fablico, novas carreiras e sal\u00e1rios de at\u00e9 R$ 15.800. Veja impactos e requisitos!","breadcrumb":{"@id":"https:\/\/www.pensarcursos.com.br\/blog\/reestruturacao-aprovada-no-senado-pode-abrir-24-mil-portas-para-quem-busca-estabilidade\/#breadcrumb"},"inLanguage":"pt-BR","potentialAction":[{"@type":"ReadAction","target":["https:\/\/www.pensarcursos.com.br\/blog\/reestruturacao-aprovada-no-senado-pode-abrir-24-mil-portas-para-quem-busca-estabilidade\/"]}]},{"@type":"ImageObject","inLanguage":"pt-BR","@id":"https:\/\/www.pensarcursos.com.br\/blog\/reestruturacao-aprovada-no-senado-pode-abrir-24-mil-portas-para-quem-busca-estabilidade\/#primaryimage","url":"https:\/\/www.pensarcursos.com.br\/blog\/wp-content\/uploads\/2026\/03\/novos-cargos-servico-publico.webp","contentUrl":"https:\/\/www.pensarcursos.com.br\/blog\/wp-content\/uploads\/2026\/03\/novos-cargos-servico-publico.webp","width":1200,"height":800,"caption":"Nova carreira federal ir\u00e1 oferecer remunera\u00e7\u00e3o de at\u00e9 R$ 15.800. Confira! Foto: Supremo Tribunal Federal\/Divulga\u00e7\u00e3o"},{"@type":"BreadcrumbList","@id":"https:\/\/www.pensarcursos.com.br\/blog\/reestruturacao-aprovada-no-senado-pode-abrir-24-mil-portas-para-quem-busca-estabilidade\/#breadcrumb","itemListElement":[{"@type":"ListItem","position":1,"name":"Home","item":"https:\/\/www.pensarcursos.com.br\/blog\/"},{"@type":"ListItem","position":2,"name":"Reestrutura\u00e7\u00e3o aprovada no Senado pode abrir 24 mil portas para quem busca estabilidade"}]},{"@type":"WebSite","@id":"https:\/\/www.pensarcursos.com.br\/blog\/#website","url":"https:\/\/www.pensarcursos.com.br\/blog\/","name":"Blog Pensar Cursos","description":"Maior Site de Cursos do Brasil","publisher":{"@id":"https:\/\/www.pensarcursos.com.br\/blog\/#organization"},"alternateName":"Blog Pensar","potentialAction":[{"@type":"SearchAction","target":{"@type":"EntryPoint","urlTemplate":"https:\/\/www.pensarcursos.com.br\/blog\/?s={search_term_string}"},"query-input":{"@type":"PropertyValueSpecification","valueRequired":true,"valueName":"search_term_string"}}],"inLanguage":"pt-BR"},{"@type":"Organization","@id":"https:\/\/www.pensarcursos.com.br\/blog\/#organization","name":"Pensar Cursos","alternateName":"Blog pensar","url":"https:\/\/www.pensarcursos.com.br\/blog\/","logo":{"@type":"ImageObject","inLanguage":"pt-BR","@id":"https:\/\/www.pensarcursos.com.br\/blog\/#\/schema\/logo\/image\/","url":"https:\/\/www.pensarcursos.com.br\/blog\/wp-content\/uploads\/2023\/11\/Nova-Logo-Pensar-Cursos-vertical.png","contentUrl":"https:\/\/www.pensarcursos.com.br\/blog\/wp-content\/uploads\/2023\/11\/Nova-Logo-Pensar-Cursos-vertical.png","width":1393,"height":1001,"caption":"Pensar Cursos"},"image":{"@id":"https:\/\/www.pensarcursos.com.br\/blog\/#\/schema\/logo\/image\/"},"sameAs":["https:\/\/www.facebook.com\/pensarcursos\/","https:\/\/instagram.com.br\/pensarcursos"],"description":"Pensar Cursos \u00e9 uma empresa especializada em oferecer cursos de alta qualidade voltados para o desenvolvimento profissional e acad\u00eamico. Com uma ampla gama de op\u00e7\u00f5es de treinamento, oferecemos conte\u00fados atualizados, ministrados por especialistas da \u00e1rea, para capacitar indiv\u00edduos e equipes a atingirem seus objetivos. Nossa miss\u00e3o \u00e9 proporcionar uma educa\u00e7\u00e3o transformadora, acess\u00edvel e personalizada para cada aluno, seja em cursos presenciais ou online. Com uma abordagem inovadora, buscamos adaptar os nossos programas de ensino \u00e0s necessidades do mercado, criando solu\u00e7\u00f5es que atendem aos desafios e exig\u00eancias do mundo corporativo e acad\u00eamico. Nossos cursos incluem desde forma\u00e7\u00f5es t\u00e9cnicas at\u00e9 habilidades essenciais, como lideran\u00e7a, gest\u00e3o e desenvolvimento pessoal.","email":"contato@pensarcursos.com.br","legalName":"Sena Servi\u00e7os de Informa\u00e7\u00e3o Online LTDA","foundingDate":"2013-04-18","vatID":"17956217000172","numberOfEmployees":{"@type":"QuantitativeValue","minValue":"11","maxValue":"50"},"publishingPrinciples":"https:\/\/www.pensarcursos.com.br\/blog\/principios-de-publicacao\/","ownershipFundingInfo":"https:\/\/www.pensarcursos.com.br\/blog\/informacoes-de-propriedade-financiamento\/","actionableFeedbackPolicy":"https:\/\/www.pensarcursos.com.br\/blog\/politica-de-feedback-acionavel\/","correctionsPolicy":"https:\/\/www.pensarcursos.com.br\/blog\/politica-de-correcoes\/","ethicsPolicy":"https:\/\/www.pensarcursos.com.br\/blog\/politica-de-etica\/"},{"@type":"Person","@id":"https:\/\/www.pensarcursos.com.br\/blog\/#\/schema\/person\/9afea5510aa32a28c7f997b61d3f9959","name":"Gustavo Carvalho","image":{"@type":"ImageObject","inLanguage":"pt-BR","@id":"https:\/\/secure.gravatar.com\/avatar\/9d0ce64fdfa34fad70760fb6a6076a2a02e4a50981dc7195c901e8801552aaa5?s=96&d=mm&r=g","url":"https:\/\/secure.gravatar.com\/avatar\/9d0ce64fdfa34fad70760fb6a6076a2a02e4a50981dc7195c901e8801552aaa5?s=96&d=mm&r=g","contentUrl":"https:\/\/secure.gravatar.com\/avatar\/9d0ce64fdfa34fad70760fb6a6076a2a02e4a50981dc7195c901e8801552aaa5?s=96&d=mm&r=g","caption":"Gustavo Carvalho"},"description":"Redator do Grupo Sena Online","sameAs":["https:\/\/www.instagram.com\/crl_gustav?igsh=cGZhOXRsMWM1MzFp&utm_source=qr"],"url":"https:\/\/www.pensarcursos.com.br\/blog\/author\/gustavo\/"}]}},"_links":{"self":[{"href":"https:\/\/www.pensarcursos.com.br\/blog\/wp-json\/wp\/v2\/posts\/149504","targetHints":{"allow":["GET"]}}],"collection":[{"href":"https:\/\/www.pensarcursos.com.br\/blog\/wp-json\/wp\/v2\/posts"}],"about":[{"href":"https:\/\/www.pensarcursos.com.br\/blog\/wp-json\/wp\/v2\/types\/post"}],"author":[{"embeddable":true,"href":"https:\/\/www.pensarcursos.com.br\/blog\/wp-json\/wp\/v2\/users\/62"}],"replies":[{"embeddable":true,"href":"https:\/\/www.pensarcursos.com.br\/blog\/wp-json\/wp\/v2\/comments?post=149504"}],"version-history":[{"count":0,"href":"https:\/\/www.pensarcursos.com.br\/blog\/wp-json\/wp\/v2\/posts\/149504\/revisions"}],"wp:featuredmedia":[{"embeddable":true,"href":"https:\/\/www.pensarcursos.com.br\/blog\/wp-json\/wp\/v2\/media\/149520"}],"wp:attachment":[{"href":"https:\/\/www.pensarcursos.com.br\/blog\/wp-json\/wp\/v2\/media?parent=149504"}],"wp:term":[{"taxonomy":"category","embeddable":true,"href":"https:\/\/www.pensarcursos.com.br\/blog\/wp-json\/wp\/v2\/categories?post=149504"},{"taxonomy":"post_tag","embeddable":true,"href":"https:\/\/www.pensarcursos.com.br\/blog\/wp-json\/wp\/v2\/tags?post=149504"}],"curies":[{"name":"wp","href":"https:\/\/api.w.org\/{rel}","templated":true}]}}