{"id":149495,"date":"2026-03-11T15:39:12","date_gmt":"2026-03-11T18:39:12","guid":{"rendered":"https:\/\/www.pensarcursos.com.br\/blog\/?p=149495"},"modified":"2026-03-11T15:39:12","modified_gmt":"2026-03-11T18:39:12","slug":"guerra-no-oriente-medio-o-brasileiro-vai-sentir-no-bolso-na-hora-de-abastecer","status":"publish","type":"post","link":"https:\/\/www.pensarcursos.com.br\/blog\/guerra-no-oriente-medio-o-brasileiro-vai-sentir-no-bolso-na-hora-de-abastecer\/","title":{"rendered":"Guerra no Oriente M\u00e9dio: o brasileiro vai sentir no bolso na hora de abastecer?"},"content":{"rendered":"<p>Voc\u00ea foi abastecer o carro nos \u00faltimos dias e levou um susto com o pre\u00e7o? Pois saiba que n\u00e3o \u00e9 impress\u00e3o sua. A guerra no Oriente M\u00e9dio j\u00e1 est\u00e1 mexendo com o mercado de combust\u00edveis no Brasil \u2014 e o cen\u00e1rio pode piorar.<\/p>\n<p>O petr\u00f3leo disparou no mercado internacional, distribuidoras j\u00e1 subiram os pre\u00e7os por conta pr\u00f3pria e o governo precisou agir \u00e0s pressas para monitorar a situa\u00e7\u00e3o. Mas calma: antes de entrar em p\u00e2nico, \u00e9 importante entender o que realmente est\u00e1 acontecendo e como isso afeta o seu dia a dia.<\/p>\n<p>O Blog Pensar Cursos preparou esta mat\u00e9ria completa para voc\u00ea ficar por dentro de tudo!<\/p>\n<h2>O que est\u00e1 acontecendo no Oriente M\u00e9dio?<\/h2>\n<p>No final de fevereiro de 2026, Estados Unidos e Israel iniciaram uma opera\u00e7\u00e3o militar contra o Ir\u00e3, e desde ent\u00e3o o conflito s\u00f3 se intensificou. No dia 9 de mar\u00e7o, ap\u00f3s o Ir\u00e3 atingir uma importante refinaria no Bahrein, o barril de petr\u00f3leo chegou a quase US$ 120 \u2014 o patamar mais alto desde 2022, quando a guerra entre R\u00fassia e Ucr\u00e2nia abalou os mercados.<\/p>\n<p>Para agravar a situa\u00e7\u00e3o, o Estreito de Ormuz \u2014 uma passagem mar\u00edtima essencial para o transporte global de petr\u00f3leo \u2014 foi fechado. O Oriente M\u00e9dio det\u00e9m aproximadamente 60% das reservas mundiais de petr\u00f3leo. Quando essa regi\u00e3o entra em colapso, o planeta inteiro \u00e9 afetado \u2014 e o Brasil n\u00e3o fica de fora.<\/p>\n<h2>Por que o governo criou uma sala de monitoramento?<\/h2>\n<p>Diante da gravidade do cen\u00e1rio, o Minist\u00e9rio de Minas e Energia (MME) decidiu criar uma Sala de Monitoramento do Abastecimento. A ideia \u00e9 acompanhar, dia a dia, o que acontece com o mercado de combust\u00edveis no Brasil e no exterior.<\/p>\n<p>Na pr\u00e1tica, o governo quer evitar dois problemas: o desabastecimento e os aumentos abusivos. Para isso, o MME refor\u00e7ou o contato com a Ag\u00eancia Nacional do Petr\u00f3leo (ANP) e com empresas que atuam desde a produ\u00e7\u00e3o at\u00e9 a distribui\u00e7\u00e3o de combust\u00edveis.<\/p>\n<p>A miss\u00e3o \u00e9 clara: detectar riscos com rapidez e agir antes que o fornecimento de gasolina e diesel seja comprometido no pa\u00eds.<\/p>\n<h2>Distribuidoras j\u00e1 subiram os pre\u00e7os \u2014 e a Petrobras nem mexeu<\/h2>\n<p>Aqui \u00e9 onde a hist\u00f3ria fica estranha. Distribuidoras de pelo menos quatro estados e do Distrito Federal j\u00e1 reajustaram os valores cobrados dos postos, justificando a decis\u00e3o pela alta do petr\u00f3leo l\u00e1 fora.<\/p>\n<p>O detalhe? A Petrobras n\u00e3o anunciou nenhum reajuste nas refinarias at\u00e9 agora. Ou seja, as distribuidoras tomaram a iniciativa de subir os pre\u00e7os mesmo sem um aumento oficial por parte da estatal.<\/p>\n<p>Isso acendeu o alerta no governo. A Secretaria Nacional do Consumidor (Senacon) acionou o Cade \u2014 \u00f3rg\u00e3o que fiscaliza a concorr\u00eancia \u2014 pedindo que investigue se houve algum tipo de pr\u00e1tica abusiva ou combina\u00e7\u00e3o de pre\u00e7os entre as empresas.<\/p>\n<p>O pedido veio depois que sindicatos de postos de estados como Bahia, Rio Grande do Norte, Minas Gerais, Rio Grande do Sul e do Distrito Federal denunciaram publicamente os aumentos.<\/p>\n<h2>A gasolina e o diesel v\u00e3o subir ainda mais?<\/h2>\n<figure id=\"attachment_149506\" aria-describedby=\"caption-attachment-149506\" style=\"width: 1170px\" class=\"wp-caption aligncenter\"><img decoding=\"async\" class=\"wp-image-149506 size-full\" src=\"https:\/\/www.pensarcursos.com.br\/blog\/wp-content\/uploads\/2026\/03\/gasolina-mais-cara-durante-guerra.webp\" alt=\"Frentista abastecendo carro em posto de combust\u00edvel no Brasil durante alta dos pre\u00e7os causada pela guerra no Oriente M\u00e9dio\" width=\"1170\" height=\"700\" srcset=\"https:\/\/www.pensarcursos.com.br\/blog\/wp-content\/uploads\/2026\/03\/gasolina-mais-cara-durante-guerra.webp 1170w, https:\/\/www.pensarcursos.com.br\/blog\/wp-content\/uploads\/2026\/03\/gasolina-mais-cara-durante-guerra-300x179.webp 300w, https:\/\/www.pensarcursos.com.br\/blog\/wp-content\/uploads\/2026\/03\/gasolina-mais-cara-durante-guerra-1024x613.webp 1024w, https:\/\/www.pensarcursos.com.br\/blog\/wp-content\/uploads\/2026\/03\/gasolina-mais-cara-durante-guerra-768x459.webp 768w, https:\/\/www.pensarcursos.com.br\/blog\/wp-content\/uploads\/2026\/03\/gasolina-mais-cara-durante-guerra-750x449.webp 750w, https:\/\/www.pensarcursos.com.br\/blog\/wp-content\/uploads\/2026\/03\/gasolina-mais-cara-durante-guerra-1140x682.webp 1140w\" sizes=\"(max-width: 1170px) 100vw, 1170px\" \/><figcaption id=\"caption-attachment-149506\" class=\"wp-caption-text\">O brasileiro vai sentir no bolso na hora de abastecer? Guerra no Oriente M\u00e9dio j\u00e1 pressiona pre\u00e7os nos postos. Imagem: Ag\u00eancia Brasil<\/figcaption><\/figure>\n<p>Essa \u00e9 a pergunta que n\u00e3o quer calar. E a resposta, por enquanto, depende de como o conflito se desenrola nas pr\u00f3ximas semanas.<\/p>\n<p>Segundo especialistas do setor petrol\u00edfero, o impacto nos pre\u00e7os para o consumidor final n\u00e3o acontece da noite para o dia. As refinarias trabalham com estoques e contratos fechados com anteced\u00eancia, o que d\u00e1 uma margem de tempo antes de qualquer repasse.<\/p>\n<p>A estimativa \u00e9 de que, se o petr\u00f3leo continuar caro por um per\u00edodo prolongado, os reajustes podem come\u00e7ar a aparecer em at\u00e9 seis meses.<\/p>\n<p>Por\u00e9m, os primeiros sinais j\u00e1 est\u00e3o a\u00ed. Segundo dados recentes da ANP, a gasolina subiu de R$ 6,28 para R$ 6,30 na m\u00e9dia nacional, enquanto o diesel foi de R$ 6,03 para R$ 6,08. Parece pouco, mas \u00e9 o primeiro ind\u00edcio de que a crise internacional j\u00e1 bate \u00e0 porta dos postos brasileiros.<\/p>\n<h2>Por que o diesel preocupa mais?<\/h2>\n<p>Se tem um combust\u00edvel capaz de causar um efeito domin\u00f3 na economia, esse combust\u00edvel \u00e9 o diesel. A maior parte das cargas no Brasil \u2014 cerca de 80% \u2014 viaja de caminh\u00e3o. Quando o diesel encarece, o frete sobe junto. E com ele, tudo o que chega \u00e0s prateleiras dos supermercados, farm\u00e1cias e lojas.<\/p>\n<p>O agravante \u00e9 que o Brasil n\u00e3o produz diesel suficiente para atender a demanda interna. O pa\u00eds importa uma parcela significativa desse derivado, o que o torna mais vulner\u00e1vel \u00e0s oscila\u00e7\u00f5es do mercado internacional.<\/p>\n<p>A preocupa\u00e7\u00e3o j\u00e1 chegou ao campo. Entidades ligadas ao agroneg\u00f3cio alertam que produtores rurais de algumas regi\u00f5es j\u00e1 enfrentam dificuldades para encontrar combust\u00edvel, o que pode comprometer a produ\u00e7\u00e3o agr\u00edcola mecanizada \u2014 especialmente em estados com forte atividade de soja, milho e pecu\u00e1ria.<\/p>\n<h2>O Brasil produz petr\u00f3leo, mas isso n\u00e3o resolve tudo<\/h2>\n<p>Muita gente se pergunta: se o Brasil \u00e9 um grande produtor de petr\u00f3leo, por que sofre com a alta dos pre\u00e7os? A resposta est\u00e1 na capacidade de refino.<\/p>\n<p>Funciona assim:<\/p>\n<ol>\n<li>O Brasil tira o petr\u00f3leo do solo (petr\u00f3leo bruto).<\/li>\n<li>Para virar combust\u00edvel, esse petr\u00f3leo precisa passar por refinarias.<\/li>\n<li>O problema \u00e9 que o pa\u00eds n\u00e3o tem refinarias suficientes para transformar todo o petr\u00f3leo que produz.<\/li>\n<\/ol>\n<p>Ent\u00e3o acontece algo curioso:<\/p>\n<ul>\n<li>Parte do petr\u00f3leo brasileiro \u00e9 vendida para outros pa\u00edses.<\/li>\n<li>Ao mesmo tempo, o Brasil precisa comprar de fora combust\u00edveis j\u00e1 refinados, como diesel.<\/li>\n<\/ul>\n<p>Por causa disso, quando h\u00e1 crises no mundo, guerras ou aumento no pre\u00e7o do petr\u00f3leo internacional, o Brasil tamb\u00e9m sente o impacto \u2014 e os combust\u00edveis acabam ficando mais caros por aqui.<\/p>\n<p>Resumindo:<br \/>\nO Brasil tem petr\u00f3leo, mas falta capacidade para refin\u00e1-lo todo, e essa depend\u00eancia externa faz o pre\u00e7o dos combust\u00edveis subir quando o mercado internacional muda.<\/p>\n<h2>O que esperar daqui para frente?<\/h2>\n<p>Ainda \u00e9 cedo para cravar o que vai acontecer. Se o Estreito de Ormuz continuar bloqueado e os ataques se intensificarem, o petr\u00f3leo pode seguir pressionado. Por outro lado, se houver uma tr\u00e9gua ou reabertura das rotas de exporta\u00e7\u00e3o, os pre\u00e7os tendem a recuar.<\/p>\n<p>Um ponto positivo para o Brasil \u00e9 a sua posi\u00e7\u00e3o como grande produtor e exportador de petr\u00f3leo. Com a instabilidade no Oriente M\u00e9dio, pa\u00edses da \u00c1sia que dependem da regi\u00e3o \u2014 como China, Jap\u00e3o e \u00cdndia \u2014 podem buscar novos fornecedores. E o Brasil pode ganhar espa\u00e7o nesse mercado.<\/p>\n<p>Mas por enquanto, o governo segue de olho e o consumidor precisa ficar atento.<\/p>\n<h2>Como economizar combust\u00edvel nesse cen\u00e1rio?<\/h2>\n<p>Enquanto a situa\u00e7\u00e3o n\u00e3o se normaliza, algumas atitudes pr\u00e1ticas podem ajudar voc\u00ea a gastar menos na hora de abastecer:<\/p>\n<ul>\n<li>Pesquise pre\u00e7os antes de ir ao posto. Aplicativos de compara\u00e7\u00e3o de pre\u00e7os ajudam a encontrar o combust\u00edvel mais barato na sua regi\u00e3o.<\/li>\n<li>Cuide da manuten\u00e7\u00e3o do ve\u00edculo. Pneus calibrados e motor regulado fazem diferen\u00e7a no consumo.<\/li>\n<li>Dirija de forma econ\u00f4mica. Evite acelera\u00e7\u00f5es bruscas e mantenha uma velocidade constante sempre que poss\u00edvel.<\/li>\n<\/ul>\n<p>A situa\u00e7\u00e3o exige aten\u00e7\u00e3o, mas tamb\u00e9m informa\u00e7\u00e3o de qualidade. Para continuar por dentro de tudo o que impacta o seu bolso \u2014 desde benef\u00edcios do INSS at\u00e9 economia, concursos p\u00fablicos e muito mais \u2014 acompanhe diariamente o <a href=\"https:\/\/www.pensarcursos.com.br\/blog\/\" target=\"_blank\" rel=\"noopener\">Blog Pensar Cursos<\/a>. Aqui, voc\u00ea encontra conte\u00fado confi\u00e1vel, atualizado e de f\u00e1cil acesso!<\/p>\n<p>A seguir, confira alguns registros de destrui\u00e7\u00e3o causados pela guerra no Oriente M\u00e9dio:<\/p>\n<div class=\"jeg_video_container jeg_video_content\"><iframe title=\"EUA e Israel atacam o Ir\u00e3: casa de Ahmadinejad \u00e9 destru\u00edda em Teer\u00e3\" width=\"500\" height=\"281\" src=\"https:\/\/www.youtube.com\/embed\/ghw4ggw-zqk?feature=oembed\" frameborder=\"0\" allow=\"accelerometer; autoplay; clipboard-write; encrypted-media; gyroscope; picture-in-picture; web-share\" referrerpolicy=\"strict-origin-when-cross-origin\" allowfullscreen><\/iframe><\/div>\n","protected":false},"excerpt":{"rendered":"<p>Voc\u00ea foi abastecer o carro nos \u00faltimos dias e levou um susto com o pre\u00e7o? Pois saiba que n\u00e3o \u00e9 impress\u00e3o sua. A guerra no Oriente M\u00e9dio j\u00e1 est\u00e1 mexendo com o mercado de combust\u00edveis no Brasil \u2014 e o cen\u00e1rio pode piorar. O petr\u00f3leo disparou no mercado internacional, distribuidoras j\u00e1 subiram os pre\u00e7os por [&hellip;]<\/p>\n","protected":false},"author":60,"featured_media":149507,"comment_status":"open","ping_status":"closed","sticky":false,"template":"","format":"standard","meta":{"jnews-multi-image_gallery":[],"jnews_single_post":{"format":"standard","override":[{"template":"1","parallax":"1","fullscreen":"1","layout":"right-sidebar","sidebar":"default-sidebar","second_sidebar":"default-sidebar","sticky_sidebar":"1","share_position":"topbottom","share_float_style":"share-monocrhome","show_featured":"1","show_post_meta":"1","show_post_author":"1","show_post_author_image":"1","show_post_date":"1","post_date_format":"default","post_date_format_custom":"Y\/m\/d","show_post_category":"1","post_reading_time_wpm":"300","post_calculate_word_method":"str_word_count","show_zoom_button":"0","zoom_button_out_step":"2","zoom_button_in_step":"3","show_post_tag":"1","show_prev_next_post":"1","show_popup_post":"1","show_comment_section":"1","number_popup_post":"2","show_author_box":"1","show_post_related":"1","show_inline_post_related":"1"}],"image_override":[{"single_post_thumbnail_size":"crop-500","single_post_gallery_size":"crop-500"}],"trending_post_position":"meta","trending_post_label":"Trending","sponsored_post_label":"Sponsored by","disable_ad":"0","subtitle":"Governo refor\u00e7a fiscaliza\u00e7\u00e3o sobre distribuidoras ap\u00f3s alta localizada"},"jnews_primary_category":[],"jnews_social_meta":[],"jnews_override_counter":{"view_counter_number":"0","share_counter_number":"0","like_counter_number":"0","dislike_counter_number":"0"},"footnotes":""},"categories":[6194],"tags":[39496,39495,39497,39494],"class_list":["post-149495","post","type-post","status-publish","format-standard","has-post-thumbnail","hentry","category-economia","tag-aumento-petroleo","tag-guerra-oriente-medio","tag-impacto-economico-guerra","tag-preco-gasolina"],"yoast_head":"<!-- This site is optimized with the Yoast SEO Premium plugin v27.4 (Yoast SEO v27.4) - https:\/\/yoast.com\/product\/yoast-seo-premium-wordpress\/ -->\n<title>Guerra no Oriente M\u00e9dio: o brasileiro vai sentir no bolso na hora de abastecer? - Blog Pensar Cursos<\/title>\n<meta name=\"description\" content=\"Guerra no Oriente M\u00e9dio pressiona pre\u00e7o internacional do petr\u00f3leo. Veja como isso pode afetar o valor do combust\u00edvel nos postos!\" \/>\n<meta name=\"robots\" content=\"index, follow, max-snippet:-1, max-image-preview:large, max-video-preview:-1\" \/>\n<link rel=\"canonical\" href=\"https:\/\/www.pensarcursos.com.br\/blog\/guerra-no-oriente-medio-o-brasileiro-vai-sentir-no-bolso-na-hora-de-abastecer\/\" \/>\n<meta property=\"og:locale\" content=\"pt_BR\" \/>\n<meta property=\"og:type\" content=\"article\" \/>\n<meta property=\"og:title\" content=\"Guerra no Oriente M\u00e9dio: o brasileiro vai sentir no bolso na hora de abastecer?\" \/>\n<meta property=\"og:description\" content=\"Guerra no Oriente M\u00e9dio pressiona pre\u00e7o internacional do petr\u00f3leo. Veja como isso pode afetar o valor do combust\u00edvel nos postos!\" \/>\n<meta property=\"og:url\" content=\"https:\/\/www.pensarcursos.com.br\/blog\/guerra-no-oriente-medio-o-brasileiro-vai-sentir-no-bolso-na-hora-de-abastecer\/\" \/>\n<meta property=\"og:site_name\" content=\"Blog Pensar Cursos\" \/>\n<meta property=\"article:publisher\" content=\"https:\/\/www.facebook.com\/pensarcursos\/\" \/>\n<meta property=\"article:published_time\" content=\"2026-03-11T18:39:12+00:00\" \/>\n<meta property=\"og:image\" content=\"https:\/\/www.pensarcursos.com.br\/blog\/wp-content\/uploads\/2026\/03\/aumento-petroleo-guerra-oriente-medio.webp\" \/>\n\t<meta property=\"og:image:width\" content=\"1170\" \/>\n\t<meta property=\"og:image:height\" content=\"700\" \/>\n\t<meta property=\"og:image:type\" content=\"image\/webp\" \/>\n<meta name=\"author\" content=\"Luiza Pereira\" \/>\n<meta name=\"twitter:card\" content=\"summary_large_image\" \/>\n<meta name=\"twitter:label1\" content=\"Escrito por\" \/>\n\t<meta name=\"twitter:data1\" content=\"Luiza Pereira\" \/>\n\t<meta name=\"twitter:label2\" content=\"Est. tempo de leitura\" \/>\n\t<meta name=\"twitter:data2\" content=\"8 minutos\" \/>\n<!-- \/ Yoast SEO Premium plugin. -->","yoast_head_json":{"title":"Guerra no Oriente M\u00e9dio: o brasileiro vai sentir no bolso na hora de abastecer? - Blog Pensar Cursos","description":"Guerra no Oriente M\u00e9dio pressiona pre\u00e7o internacional do petr\u00f3leo. Veja como isso pode afetar o valor do combust\u00edvel nos postos!","robots":{"index":"index","follow":"follow","max-snippet":"max-snippet:-1","max-image-preview":"max-image-preview:large","max-video-preview":"max-video-preview:-1"},"canonical":"https:\/\/www.pensarcursos.com.br\/blog\/guerra-no-oriente-medio-o-brasileiro-vai-sentir-no-bolso-na-hora-de-abastecer\/","og_locale":"pt_BR","og_type":"article","og_title":"Guerra no Oriente M\u00e9dio: o brasileiro vai sentir no bolso na hora de abastecer?","og_description":"Guerra no Oriente M\u00e9dio pressiona pre\u00e7o internacional do petr\u00f3leo. Veja como isso pode afetar o valor do combust\u00edvel nos postos!","og_url":"https:\/\/www.pensarcursos.com.br\/blog\/guerra-no-oriente-medio-o-brasileiro-vai-sentir-no-bolso-na-hora-de-abastecer\/","og_site_name":"Blog Pensar Cursos","article_publisher":"https:\/\/www.facebook.com\/pensarcursos\/","article_published_time":"2026-03-11T18:39:12+00:00","og_image":[{"width":1170,"height":700,"url":"https:\/\/www.pensarcursos.com.br\/blog\/wp-content\/uploads\/2026\/03\/aumento-petroleo-guerra-oriente-medio.webp","type":"image\/webp"}],"author":"Luiza Pereira","twitter_card":"summary_large_image","twitter_misc":{"Escrito por":"Luiza Pereira","Est. tempo de leitura":"8 minutos"},"schema":{"@context":"https:\/\/schema.org","@graph":[{"@type":["Article","BlogPosting"],"@id":"https:\/\/www.pensarcursos.com.br\/blog\/guerra-no-oriente-medio-o-brasileiro-vai-sentir-no-bolso-na-hora-de-abastecer\/#article","isPartOf":{"@id":"https:\/\/www.pensarcursos.com.br\/blog\/guerra-no-oriente-medio-o-brasileiro-vai-sentir-no-bolso-na-hora-de-abastecer\/"},"author":{"name":"Luiza Pereira","@id":"https:\/\/www.pensarcursos.com.br\/blog\/#\/schema\/person\/b94ff84c7271a3cb9a5ce19e07b0ed5f"},"headline":"Guerra no Oriente M\u00e9dio: o brasileiro vai sentir no bolso na hora de abastecer?","datePublished":"2026-03-11T18:39:12+00:00","mainEntityOfPage":{"@id":"https:\/\/www.pensarcursos.com.br\/blog\/guerra-no-oriente-medio-o-brasileiro-vai-sentir-no-bolso-na-hora-de-abastecer\/"},"wordCount":1339,"commentCount":0,"publisher":{"@id":"https:\/\/www.pensarcursos.com.br\/blog\/#organization"},"image":{"@id":"https:\/\/www.pensarcursos.com.br\/blog\/guerra-no-oriente-medio-o-brasileiro-vai-sentir-no-bolso-na-hora-de-abastecer\/#primaryimage"},"thumbnailUrl":"https:\/\/www.pensarcursos.com.br\/blog\/wp-content\/uploads\/2026\/03\/aumento-petroleo-guerra-oriente-medio.webp","keywords":["aumento petr\u00f3leo","guerra oriente m\u00e9dio","impacto econ\u00f4mico guerra","pre\u00e7o gasolina"],"articleSection":["Economia"],"inLanguage":"pt-BR","potentialAction":[{"@type":"CommentAction","name":"Comment","target":["https:\/\/www.pensarcursos.com.br\/blog\/guerra-no-oriente-medio-o-brasileiro-vai-sentir-no-bolso-na-hora-de-abastecer\/#respond"]}],"copyrightYear":"2026","copyrightHolder":{"@id":"https:\/\/www.pensarcursos.com.br\/blog\/#organization"}},{"@type":"WebPage","@id":"https:\/\/www.pensarcursos.com.br\/blog\/guerra-no-oriente-medio-o-brasileiro-vai-sentir-no-bolso-na-hora-de-abastecer\/","url":"https:\/\/www.pensarcursos.com.br\/blog\/guerra-no-oriente-medio-o-brasileiro-vai-sentir-no-bolso-na-hora-de-abastecer\/","name":"Guerra no Oriente M\u00e9dio: o brasileiro vai sentir no bolso na hora de abastecer? - Blog Pensar Cursos","isPartOf":{"@id":"https:\/\/www.pensarcursos.com.br\/blog\/#website"},"primaryImageOfPage":{"@id":"https:\/\/www.pensarcursos.com.br\/blog\/guerra-no-oriente-medio-o-brasileiro-vai-sentir-no-bolso-na-hora-de-abastecer\/#primaryimage"},"image":{"@id":"https:\/\/www.pensarcursos.com.br\/blog\/guerra-no-oriente-medio-o-brasileiro-vai-sentir-no-bolso-na-hora-de-abastecer\/#primaryimage"},"thumbnailUrl":"https:\/\/www.pensarcursos.com.br\/blog\/wp-content\/uploads\/2026\/03\/aumento-petroleo-guerra-oriente-medio.webp","datePublished":"2026-03-11T18:39:12+00:00","description":"Guerra no Oriente M\u00e9dio pressiona pre\u00e7o internacional do petr\u00f3leo. Veja como isso pode afetar o valor do combust\u00edvel nos postos!","breadcrumb":{"@id":"https:\/\/www.pensarcursos.com.br\/blog\/guerra-no-oriente-medio-o-brasileiro-vai-sentir-no-bolso-na-hora-de-abastecer\/#breadcrumb"},"inLanguage":"pt-BR","potentialAction":[{"@type":"ReadAction","target":["https:\/\/www.pensarcursos.com.br\/blog\/guerra-no-oriente-medio-o-brasileiro-vai-sentir-no-bolso-na-hora-de-abastecer\/"]}]},{"@type":"ImageObject","inLanguage":"pt-BR","@id":"https:\/\/www.pensarcursos.com.br\/blog\/guerra-no-oriente-medio-o-brasileiro-vai-sentir-no-bolso-na-hora-de-abastecer\/#primaryimage","url":"https:\/\/www.pensarcursos.com.br\/blog\/wp-content\/uploads\/2026\/03\/aumento-petroleo-guerra-oriente-medio.webp","contentUrl":"https:\/\/www.pensarcursos.com.br\/blog\/wp-content\/uploads\/2026\/03\/aumento-petroleo-guerra-oriente-medio.webp","width":1170,"height":700,"caption":"Guerra no Oriente M\u00e9dio pressiona o mercado de combust\u00edveis: Petrobras ainda n\u00e3o reajustou pre\u00e7os, mas distribuidoras j\u00e1 subiram valores. Imagem: Ag\u00eancia Brasil"},{"@type":"BreadcrumbList","@id":"https:\/\/www.pensarcursos.com.br\/blog\/guerra-no-oriente-medio-o-brasileiro-vai-sentir-no-bolso-na-hora-de-abastecer\/#breadcrumb","itemListElement":[{"@type":"ListItem","position":1,"name":"Home","item":"https:\/\/www.pensarcursos.com.br\/blog\/"},{"@type":"ListItem","position":2,"name":"Guerra no Oriente M\u00e9dio: o brasileiro vai sentir no bolso na hora de abastecer?"}]},{"@type":"WebSite","@id":"https:\/\/www.pensarcursos.com.br\/blog\/#website","url":"https:\/\/www.pensarcursos.com.br\/blog\/","name":"Blog Pensar Cursos","description":"Maior Site de Cursos do Brasil","publisher":{"@id":"https:\/\/www.pensarcursos.com.br\/blog\/#organization"},"alternateName":"Blog Pensar","potentialAction":[{"@type":"SearchAction","target":{"@type":"EntryPoint","urlTemplate":"https:\/\/www.pensarcursos.com.br\/blog\/?s={search_term_string}"},"query-input":{"@type":"PropertyValueSpecification","valueRequired":true,"valueName":"search_term_string"}}],"inLanguage":"pt-BR"},{"@type":"Organization","@id":"https:\/\/www.pensarcursos.com.br\/blog\/#organization","name":"Pensar Cursos","alternateName":"Blog pensar","url":"https:\/\/www.pensarcursos.com.br\/blog\/","logo":{"@type":"ImageObject","inLanguage":"pt-BR","@id":"https:\/\/www.pensarcursos.com.br\/blog\/#\/schema\/logo\/image\/","url":"https:\/\/www.pensarcursos.com.br\/blog\/wp-content\/uploads\/2023\/11\/Nova-Logo-Pensar-Cursos-vertical.png","contentUrl":"https:\/\/www.pensarcursos.com.br\/blog\/wp-content\/uploads\/2023\/11\/Nova-Logo-Pensar-Cursos-vertical.png","width":1393,"height":1001,"caption":"Pensar Cursos"},"image":{"@id":"https:\/\/www.pensarcursos.com.br\/blog\/#\/schema\/logo\/image\/"},"sameAs":["https:\/\/www.facebook.com\/pensarcursos\/","https:\/\/instagram.com.br\/pensarcursos"],"description":"Pensar Cursos \u00e9 uma empresa especializada em oferecer cursos de alta qualidade voltados para o desenvolvimento profissional e acad\u00eamico. Com uma ampla gama de op\u00e7\u00f5es de treinamento, oferecemos conte\u00fados atualizados, ministrados por especialistas da \u00e1rea, para capacitar indiv\u00edduos e equipes a atingirem seus objetivos. Nossa miss\u00e3o \u00e9 proporcionar uma educa\u00e7\u00e3o transformadora, acess\u00edvel e personalizada para cada aluno, seja em cursos presenciais ou online. Com uma abordagem inovadora, buscamos adaptar os nossos programas de ensino \u00e0s necessidades do mercado, criando solu\u00e7\u00f5es que atendem aos desafios e exig\u00eancias do mundo corporativo e acad\u00eamico. Nossos cursos incluem desde forma\u00e7\u00f5es t\u00e9cnicas at\u00e9 habilidades essenciais, como lideran\u00e7a, gest\u00e3o e desenvolvimento pessoal.","email":"contato@pensarcursos.com.br","legalName":"Sena Servi\u00e7os de Informa\u00e7\u00e3o Online LTDA","foundingDate":"2013-04-18","vatID":"17956217000172","numberOfEmployees":{"@type":"QuantitativeValue","minValue":"11","maxValue":"50"},"publishingPrinciples":"https:\/\/www.pensarcursos.com.br\/blog\/principios-de-publicacao\/","ownershipFundingInfo":"https:\/\/www.pensarcursos.com.br\/blog\/informacoes-de-propriedade-financiamento\/","actionableFeedbackPolicy":"https:\/\/www.pensarcursos.com.br\/blog\/politica-de-feedback-acionavel\/","correctionsPolicy":"https:\/\/www.pensarcursos.com.br\/blog\/politica-de-correcoes\/","ethicsPolicy":"https:\/\/www.pensarcursos.com.br\/blog\/politica-de-etica\/"},{"@type":"Person","@id":"https:\/\/www.pensarcursos.com.br\/blog\/#\/schema\/person\/b94ff84c7271a3cb9a5ce19e07b0ed5f","name":"Luiza Pereira","image":{"@type":"ImageObject","inLanguage":"pt-BR","@id":"https:\/\/secure.gravatar.com\/avatar\/51a9cea3f558699054e6c6d962a79771188542d9b4d73e9f96d8c0586bc5f11d?s=96&d=mm&r=g","url":"https:\/\/secure.gravatar.com\/avatar\/51a9cea3f558699054e6c6d962a79771188542d9b4d73e9f96d8c0586bc5f11d?s=96&d=mm&r=g","contentUrl":"https:\/\/secure.gravatar.com\/avatar\/51a9cea3f558699054e6c6d962a79771188542d9b4d73e9f96d8c0586bc5f11d?s=96&d=mm&r=g","caption":"Luiza Pereira"},"description":"Graduanda em Pedagogia pela Universidade Estadual do Sudoeste da Bahia (UESB). Redatora do grupo Sena Online.","sameAs":["https:\/\/www.instagram.com\/luizza_pereiraa?igsh=MmltMGh0bHUzbnR0"],"url":"https:\/\/www.pensarcursos.com.br\/blog\/author\/luiza\/"}]}},"_links":{"self":[{"href":"https:\/\/www.pensarcursos.com.br\/blog\/wp-json\/wp\/v2\/posts\/149495","targetHints":{"allow":["GET"]}}],"collection":[{"href":"https:\/\/www.pensarcursos.com.br\/blog\/wp-json\/wp\/v2\/posts"}],"about":[{"href":"https:\/\/www.pensarcursos.com.br\/blog\/wp-json\/wp\/v2\/types\/post"}],"author":[{"embeddable":true,"href":"https:\/\/www.pensarcursos.com.br\/blog\/wp-json\/wp\/v2\/users\/60"}],"replies":[{"embeddable":true,"href":"https:\/\/www.pensarcursos.com.br\/blog\/wp-json\/wp\/v2\/comments?post=149495"}],"version-history":[{"count":0,"href":"https:\/\/www.pensarcursos.com.br\/blog\/wp-json\/wp\/v2\/posts\/149495\/revisions"}],"wp:featuredmedia":[{"embeddable":true,"href":"https:\/\/www.pensarcursos.com.br\/blog\/wp-json\/wp\/v2\/media\/149507"}],"wp:attachment":[{"href":"https:\/\/www.pensarcursos.com.br\/blog\/wp-json\/wp\/v2\/media?parent=149495"}],"wp:term":[{"taxonomy":"category","embeddable":true,"href":"https:\/\/www.pensarcursos.com.br\/blog\/wp-json\/wp\/v2\/categories?post=149495"},{"taxonomy":"post_tag","embeddable":true,"href":"https:\/\/www.pensarcursos.com.br\/blog\/wp-json\/wp\/v2\/tags?post=149495"}],"curies":[{"name":"wp","href":"https:\/\/api.w.org\/{rel}","templated":true}]}}