{"id":149485,"date":"2026-03-11T15:13:06","date_gmt":"2026-03-11T18:13:06","guid":{"rendered":"https:\/\/www.pensarcursos.com.br\/blog\/?p=149485"},"modified":"2026-03-11T15:13:06","modified_gmt":"2026-03-11T18:13:06","slug":"voce-se-sente-sozinho-mas-nao-quer-ver-ninguem-entenda-o-que-isso-significa","status":"publish","type":"post","link":"https:\/\/www.pensarcursos.com.br\/blog\/voce-se-sente-sozinho-mas-nao-quer-ver-ninguem-entenda-o-que-isso-significa\/","title":{"rendered":"Voc\u00ea se sente sozinho, mas n\u00e3o quer ver ningu\u00e9m? Entenda o que isso significa"},"content":{"rendered":"<p>J\u00e1 aconteceu de voc\u00ea <strong>se sentir sozinho<\/strong>, mas ao mesmo tempo perceber uma grande resist\u00eancia em procurar a companhia de outras pessoas? Se j\u00e1 passou por isso, saiba que essa aparente contradi\u00e7\u00e3o \u00e9 mais comum do que parece. Esse tipo de sentimento pode estar ligado a diferentes necessidades emocionais.<\/p>\n<p>Muitas vezes, essa vontade de se afastar n\u00e3o significa simplesmente rejeitar os outros, mas pode ser uma forma inconsciente de proteger suas emo\u00e7\u00f5es, organizar pensamentos ou recuperar a energia mental. Por isso, compreender o que est\u00e1 por tr\u00e1s desse impulso de isolamento \u00e9 um passo importante para fortalecer o autocuidado e a <a href=\"https:\/\/www.pensarcursos.com.br\/blog\/dizer-essas-frases-quando-esta-magoado-e-sinal-de-alta-inteligencia-emocional\/\">sa\u00fade emocional<\/a>.<\/p>\n<p>Nos pr\u00f3ximos t\u00f3picos, voc\u00ea vai entender melhor os poss\u00edveis significados desse comportamento e o que ele pode revelar sobre o seu momento emocional.<\/p>\n<h2>A solid\u00e3o como um espa\u00e7o de autoconhecimento<\/h2>\n<p>Em muitos casos, a vontade de ficar a s\u00f3s n\u00e3o \u00e9 um sinal de problema, mas sim uma necessidade genu\u00edna de recarregar as energias. A vida moderna, com suas constantes demandas sociais e profissionais, pode ser mentalmente exaustiva. Nesse contexto, o isolamento volunt\u00e1rio funciona como um ref\u00fagio, um momento para organizar os pensamentos, refletir sobre a vida e se reconectar consigo mesmo.<\/p>\n<p>Especialistas apontam que esse tempo de qualidade consigo mesmo \u00e9 fundamental para o desenvolvimento da autonomia e da independ\u00eancia. \u00c9 nesse sil\u00eancio que muitas vezes a criatividade floresce e a produtividade aumenta. A pessoa n\u00e3o rejeita os outros, mas prioriza um espa\u00e7o para o autocuidado, reconhecendo seus pr\u00f3prios limites e potencialidades.<\/p>\n<figure id=\"attachment_149501\" aria-describedby=\"caption-attachment-149501\" style=\"width: 2500px\" class=\"wp-caption aligncenter\"><img decoding=\"async\" class=\"size-full wp-image-149501\" src=\"https:\/\/www.pensarcursos.com.br\/blog\/wp-content\/uploads\/2026\/03\/se-sentir-sozinho.webp\" alt=\"Jovem sentado sozinho em um p\u00eder olhando para a \u00e1gua em um momento de reflex\u00e3o emocional.\" width=\"2500\" height=\"1667\" srcset=\"https:\/\/www.pensarcursos.com.br\/blog\/wp-content\/uploads\/2026\/03\/se-sentir-sozinho.webp 2500w, https:\/\/www.pensarcursos.com.br\/blog\/wp-content\/uploads\/2026\/03\/se-sentir-sozinho-300x200.webp 300w, https:\/\/www.pensarcursos.com.br\/blog\/wp-content\/uploads\/2026\/03\/se-sentir-sozinho-1024x683.webp 1024w, https:\/\/www.pensarcursos.com.br\/blog\/wp-content\/uploads\/2026\/03\/se-sentir-sozinho-768x512.webp 768w, https:\/\/www.pensarcursos.com.br\/blog\/wp-content\/uploads\/2026\/03\/se-sentir-sozinho-1536x1024.webp 1536w, https:\/\/www.pensarcursos.com.br\/blog\/wp-content\/uploads\/2026\/03\/se-sentir-sozinho-2048x1366.webp 2048w, https:\/\/www.pensarcursos.com.br\/blog\/wp-content\/uploads\/2026\/03\/se-sentir-sozinho-750x500.webp 750w, https:\/\/www.pensarcursos.com.br\/blog\/wp-content\/uploads\/2026\/03\/se-sentir-sozinho-1140x760.webp 1140w\" sizes=\"(max-width: 2500px) 100vw, 2500px\" \/><figcaption id=\"caption-attachment-149501\" class=\"wp-caption-text\">A prefer\u00eancia por ficar sozinho pode estar relacionada a fatores emocionais, psicol\u00f3gicos e at\u00e9 neurol\u00f3gicos.<br \/>Imagem: Freepik<\/figcaption><\/figure>\n<h2>O isolamento como prote\u00e7\u00e3o<\/h2>\n<p>Por outro lado, o desejo de se afastar pode funcionar como um mecanismo de defesa. Quando uma pessoa passa por experi\u00eancias de trauma, feridas emocionais ou simplesmente teme sair da sua zona de conforto, o isolamento pode parecer a op\u00e7\u00e3o mais segura. \u00c9 uma forma de evitar poss\u00edveis dores, julgamentos ou situa\u00e7\u00f5es que gerem desconforto.<\/p>\n<p>Essa necessidade de um ambiente controlado e previs\u00edvel tamb\u00e9m pode estar associada a condi\u00e7\u00f5es neurol\u00f3gicas, como o Transtorno do Espectro Autista (TEA). O importante \u00e9 observar a frequ\u00eancia e a intensidade desse comportamento. Quando o isolamento deixa de ser uma escolha pontual e se torna uma regra, pode ser um indicativo de que h\u00e1 quest\u00f5es emocionais que precisam ser trabalhadas.<\/p>\n<h2>A rela\u00e7\u00e3o com a ansiedade e a fobia social<\/h2>\n<p>Para algumas pessoas, a frase &#8220;sinto-me sozinho, mas n\u00e3o quero companhia&#8221; est\u00e1 diretamente ligada \u00e0\u00a0fobia social. Nesse transtorno, o medo intenso de ser julgado, criticado ou humilhado em situa\u00e7\u00f5es sociais \u00e9 paralisante. A pessoa at\u00e9 pode desejar a conex\u00e3o, mas a<a href=\"https:\/\/www.pensarcursos.com.br\/blog\/quais-sao-os-tracos-de-personalidade-mais-frequentes-em-pessoas-com-ansiedade-descubra-os-tres-principais\/\"> ansiedade<\/a> gerada pela simples ideia de interagir \u00e9 t\u00e3o grande que o isolamento se torna a \u00fanica sa\u00edda vi\u00e1vel.<\/p>\n<p>A evita\u00e7\u00e3o do contato social n\u00e3o \u00e9 por falta de vontade de se conectar, mas sim por um medo avassalador das intera\u00e7\u00f5es. Conversas, encontros e eventos sociais se transformam em fontes de grande estresse, levando ao afastamento como forma de autopreserva\u00e7\u00e3o.<\/p>\n<h2>Sinais de alerta: Quando o isolamento se torna preocupante?<\/h2>\n<p>Embora a solitude possa ser ben\u00e9fica, \u00e9 fundamental estar atento aos sinais de que ela est\u00e1 se tornando disfuncional. Se o desejo de ficar sozinho vem acompanhado de outros sintomas, pode ser um alerta para quadros como a depress\u00e3o. Fique atento a:<\/p>\n<ul>\n<li><strong>Tristeza persistente:<\/strong>\u00a0Um sentimento de melancolia que n\u00e3o vai embora.<\/li>\n<li><strong>Apatia:<\/strong>\u00a0Uma indiferen\u00e7a geral e falta de interesse pelas atividades cotidianas.<\/li>\n<li><strong>Anedonia:<\/strong>\u00a0A incapacidade ou dificuldade de sentir prazer em coisas que antes eram agrad\u00e1veis.<\/li>\n<li><strong>Cansa\u00e7o excessivo:<\/strong>\u00a0Uma fadiga constante, mesmo sem esfor\u00e7o f\u00edsico.<\/li>\n<\/ul>\n<p>Quando esses sinais est\u00e3o presentes, o isolamento deixa de ser uma escolha saud\u00e1vel e passa a ser um sintoma. Nesses casos, buscar ajuda profissional \u00e9 um passo fundamental. Conversar com um psic\u00f3logo ou psiquiatra pode ajudar a entender a raiz do problema e encontrar caminhos para o bem-estar.<\/p>\n<p>Se precisar de apoio emocional, organiza\u00e7\u00f5es como o\u00a0<a href=\"https:\/\/www.cvv.org.br\/\" target=\"_blank\" rel=\"noopener\">Centro de Valoriza\u00e7\u00e3o da Vida (CVV)<\/a>\u00a0oferecem suporte gratuito e sigiloso.<\/p>\n<h2>A busca pelo equil\u00edbrio saud\u00e1vel<\/h2>\n<p>O segredo para uma vida emocionalmente saud\u00e1vel reside no equil\u00edbrio. Nem o excesso de socializa\u00e7\u00e3o, nem o isolamento extremo s\u00e3o ben\u00e9ficos. \u00c9 perfeitamente normal e at\u00e9 necess\u00e1rio ter momentos de solitude para se reconectar e processar emo\u00e7\u00f5es. Contudo, as<a href=\"https:\/\/www.pensarcursos.com.br\/blog\/livro-aponta-que-o-segredo-da-felicidade-esta-no-amor-nao-no-sucesso-profissional-voce-concorda\/\"> rela\u00e7\u00f5es humanas<\/a> s\u00e3o pilares importantes para o seu bem-estar.<\/p>\n<p>Pergunte-se se essa \u00e9 uma necessidade de descanso ou uma fuga de algo mais profundo. A resposta a essa pergunta pode indicar se voc\u00ea est\u00e1 simplesmente cuidando de si ou se precisa de um pouco mais de aten\u00e7\u00e3o e, talvez, de ajuda para reencontrar o caminho do equil\u00edbrio.<\/p>\n<p>Quer entender melhor sobre o comportamento humano? Acesse outros conte\u00fados do <a href=\"https:\/\/www.pensarcursos.com.br\/blog\/\" target=\"_blank\" rel=\"noopener\">Blog Pensar Cursos<\/a>.<\/p>\n","protected":false},"excerpt":{"rendered":"<p>J\u00e1 aconteceu de voc\u00ea se sentir sozinho, mas ao mesmo tempo perceber uma grande resist\u00eancia em procurar a companhia de outras pessoas? Se j\u00e1 passou por isso, saiba que essa aparente contradi\u00e7\u00e3o \u00e9 mais comum do que parece. Esse tipo de sentimento pode estar ligado a diferentes necessidades emocionais. Muitas vezes, essa vontade de se [&hellip;]<\/p>\n","protected":false},"author":54,"featured_media":149498,"comment_status":"open","ping_status":"closed","sticky":false,"template":"","format":"standard","meta":{"jnews-multi-image_gallery":[],"jnews_single_post":{"format":"standard","override":[{"template":"1","parallax":"1","fullscreen":"1","layout":"right-sidebar","sidebar":"default-sidebar","second_sidebar":"default-sidebar","sticky_sidebar":"1","share_position":"topbottom","share_float_style":"share-monocrhome","show_featured":"1","show_post_meta":"1","show_post_author":"1","show_post_author_image":"1","show_post_date":"1","post_date_format":"default","post_date_format_custom":"Y\/m\/d","show_post_category":"1","post_reading_time_wpm":"300","post_calculate_word_method":"str_word_count","show_zoom_button":"0","zoom_button_out_step":"2","zoom_button_in_step":"3","show_post_tag":"1","show_prev_next_post":"1","show_popup_post":"1","show_comment_section":"1","number_popup_post":"2","show_author_box":"1","show_post_related":"1","show_inline_post_related":"1"}],"image_override":[{"single_post_thumbnail_size":"crop-500","single_post_gallery_size":"crop-500"}],"trending_post_position":"meta","trending_post_label":"Trending","sponsored_post_label":"Sponsored by","disable_ad":"0","subtitle":"Esse sentimento pode estar relacionado a diversas necessidades emocionais"},"jnews_primary_category":[],"jnews_social_meta":[],"jnews_override_counter":{"view_counter_number":"0","share_counter_number":"0","like_counter_number":"0","dislike_counter_number":"0"},"footnotes":""},"categories":[27431],"tags":[26735,39492,8096],"class_list":["post-149485","post","type-post","status-publish","format-standard","has-post-thumbnail","hentry","category-psicologia-e-comportamento","tag-saude-emocional","tag-se-sentir-sozinho","tag-solidao"],"yoast_head":"<!-- This site is optimized with the Yoast SEO Premium plugin v27.4 (Yoast SEO v27.4) - https:\/\/yoast.com\/product\/yoast-seo-premium-wordpress\/ -->\n<title>Voc\u00ea se sente sozinho, mas n\u00e3o quer ver ningu\u00e9m? Entenda o que isso significa - Blog Pensar Cursos<\/title>\n<meta name=\"description\" content=\"Sente-se sozinho, mas n\u00e3o quer ver ningu\u00e9m? Entenda por que esse sentimento contradit\u00f3rio acontece e quando \u00e9 hora de buscar apoio.\" \/>\n<meta name=\"robots\" content=\"index, follow, max-snippet:-1, max-image-preview:large, max-video-preview:-1\" \/>\n<link rel=\"canonical\" href=\"https:\/\/www.pensarcursos.com.br\/blog\/voce-se-sente-sozinho-mas-nao-quer-ver-ninguem-entenda-o-que-isso-significa\/\" \/>\n<meta property=\"og:locale\" content=\"pt_BR\" \/>\n<meta property=\"og:type\" content=\"article\" \/>\n<meta property=\"og:title\" content=\"Voc\u00ea se sente sozinho, mas n\u00e3o quer ver ningu\u00e9m? Entenda o que isso significa\" \/>\n<meta property=\"og:description\" content=\"Sente-se sozinho, mas n\u00e3o quer ver ningu\u00e9m? Entenda por que esse sentimento contradit\u00f3rio acontece e quando \u00e9 hora de buscar apoio.\" \/>\n<meta property=\"og:url\" content=\"https:\/\/www.pensarcursos.com.br\/blog\/voce-se-sente-sozinho-mas-nao-quer-ver-ninguem-entenda-o-que-isso-significa\/\" \/>\n<meta property=\"og:site_name\" content=\"Blog Pensar Cursos\" \/>\n<meta property=\"article:publisher\" content=\"https:\/\/www.facebook.com\/pensarcursos\/\" \/>\n<meta property=\"article:published_time\" content=\"2026-03-11T18:13:06+00:00\" \/>\n<meta property=\"og:image\" content=\"https:\/\/www.pensarcursos.com.br\/blog\/wp-content\/uploads\/2026\/03\/solidao.webp\" \/>\n\t<meta property=\"og:image:width\" content=\"2500\" \/>\n\t<meta property=\"og:image:height\" content=\"1667\" \/>\n\t<meta property=\"og:image:type\" content=\"image\/webp\" \/>\n<meta name=\"author\" content=\"Quezia Andrade\" \/>\n<meta name=\"twitter:card\" content=\"summary_large_image\" \/>\n<meta name=\"twitter:label1\" content=\"Escrito por\" \/>\n\t<meta name=\"twitter:data1\" content=\"Quezia Andrade\" \/>\n\t<meta name=\"twitter:label2\" content=\"Est. tempo de leitura\" \/>\n\t<meta name=\"twitter:data2\" content=\"5 minutos\" \/>\n<!-- \/ Yoast SEO Premium plugin. -->","yoast_head_json":{"title":"Voc\u00ea se sente sozinho, mas n\u00e3o quer ver ningu\u00e9m? Entenda o que isso significa - Blog Pensar Cursos","description":"Sente-se sozinho, mas n\u00e3o quer ver ningu\u00e9m? Entenda por que esse sentimento contradit\u00f3rio acontece e quando \u00e9 hora de buscar apoio.","robots":{"index":"index","follow":"follow","max-snippet":"max-snippet:-1","max-image-preview":"max-image-preview:large","max-video-preview":"max-video-preview:-1"},"canonical":"https:\/\/www.pensarcursos.com.br\/blog\/voce-se-sente-sozinho-mas-nao-quer-ver-ninguem-entenda-o-que-isso-significa\/","og_locale":"pt_BR","og_type":"article","og_title":"Voc\u00ea se sente sozinho, mas n\u00e3o quer ver ningu\u00e9m? Entenda o que isso significa","og_description":"Sente-se sozinho, mas n\u00e3o quer ver ningu\u00e9m? Entenda por que esse sentimento contradit\u00f3rio acontece e quando \u00e9 hora de buscar apoio.","og_url":"https:\/\/www.pensarcursos.com.br\/blog\/voce-se-sente-sozinho-mas-nao-quer-ver-ninguem-entenda-o-que-isso-significa\/","og_site_name":"Blog Pensar Cursos","article_publisher":"https:\/\/www.facebook.com\/pensarcursos\/","article_published_time":"2026-03-11T18:13:06+00:00","og_image":[{"width":2500,"height":1667,"url":"https:\/\/www.pensarcursos.com.br\/blog\/wp-content\/uploads\/2026\/03\/solidao.webp","type":"image\/webp"}],"author":"Quezia Andrade","twitter_card":"summary_large_image","twitter_misc":{"Escrito por":"Quezia Andrade","Est. tempo de leitura":"5 minutos"},"schema":{"@context":"https:\/\/schema.org","@graph":[{"@type":["Article","BlogPosting"],"@id":"https:\/\/www.pensarcursos.com.br\/blog\/voce-se-sente-sozinho-mas-nao-quer-ver-ninguem-entenda-o-que-isso-significa\/#article","isPartOf":{"@id":"https:\/\/www.pensarcursos.com.br\/blog\/voce-se-sente-sozinho-mas-nao-quer-ver-ninguem-entenda-o-que-isso-significa\/"},"author":{"name":"Quezia Andrade","@id":"https:\/\/www.pensarcursos.com.br\/blog\/#\/schema\/person\/28714c166fa847c28e0ba3e4d47c1033"},"headline":"Voc\u00ea se sente sozinho, mas n\u00e3o quer ver ningu\u00e9m? Entenda o que isso significa","datePublished":"2026-03-11T18:13:06+00:00","mainEntityOfPage":{"@id":"https:\/\/www.pensarcursos.com.br\/blog\/voce-se-sente-sozinho-mas-nao-quer-ver-ninguem-entenda-o-que-isso-significa\/"},"wordCount":851,"commentCount":0,"publisher":{"@id":"https:\/\/www.pensarcursos.com.br\/blog\/#organization"},"image":{"@id":"https:\/\/www.pensarcursos.com.br\/blog\/voce-se-sente-sozinho-mas-nao-quer-ver-ninguem-entenda-o-que-isso-significa\/#primaryimage"},"thumbnailUrl":"https:\/\/www.pensarcursos.com.br\/blog\/wp-content\/uploads\/2026\/03\/solidao.webp","keywords":["sa\u00fade emocional","se sentir sozinho","solid\u00e3o"],"articleSection":["Psicologia e Comportamento"],"inLanguage":"pt-BR","potentialAction":[{"@type":"CommentAction","name":"Comment","target":["https:\/\/www.pensarcursos.com.br\/blog\/voce-se-sente-sozinho-mas-nao-quer-ver-ninguem-entenda-o-que-isso-significa\/#respond"]}],"copyrightYear":"2026","copyrightHolder":{"@id":"https:\/\/www.pensarcursos.com.br\/blog\/#organization"}},{"@type":"WebPage","@id":"https:\/\/www.pensarcursos.com.br\/blog\/voce-se-sente-sozinho-mas-nao-quer-ver-ninguem-entenda-o-que-isso-significa\/","url":"https:\/\/www.pensarcursos.com.br\/blog\/voce-se-sente-sozinho-mas-nao-quer-ver-ninguem-entenda-o-que-isso-significa\/","name":"Voc\u00ea se sente sozinho, mas n\u00e3o quer ver ningu\u00e9m? Entenda o que isso significa - Blog Pensar Cursos","isPartOf":{"@id":"https:\/\/www.pensarcursos.com.br\/blog\/#website"},"primaryImageOfPage":{"@id":"https:\/\/www.pensarcursos.com.br\/blog\/voce-se-sente-sozinho-mas-nao-quer-ver-ninguem-entenda-o-que-isso-significa\/#primaryimage"},"image":{"@id":"https:\/\/www.pensarcursos.com.br\/blog\/voce-se-sente-sozinho-mas-nao-quer-ver-ninguem-entenda-o-que-isso-significa\/#primaryimage"},"thumbnailUrl":"https:\/\/www.pensarcursos.com.br\/blog\/wp-content\/uploads\/2026\/03\/solidao.webp","datePublished":"2026-03-11T18:13:06+00:00","description":"Sente-se sozinho, mas n\u00e3o quer ver ningu\u00e9m? Entenda por que esse sentimento contradit\u00f3rio acontece e quando \u00e9 hora de buscar apoio.","breadcrumb":{"@id":"https:\/\/www.pensarcursos.com.br\/blog\/voce-se-sente-sozinho-mas-nao-quer-ver-ninguem-entenda-o-que-isso-significa\/#breadcrumb"},"inLanguage":"pt-BR","potentialAction":[{"@type":"ReadAction","target":["https:\/\/www.pensarcursos.com.br\/blog\/voce-se-sente-sozinho-mas-nao-quer-ver-ninguem-entenda-o-que-isso-significa\/"]}]},{"@type":"ImageObject","inLanguage":"pt-BR","@id":"https:\/\/www.pensarcursos.com.br\/blog\/voce-se-sente-sozinho-mas-nao-quer-ver-ninguem-entenda-o-que-isso-significa\/#primaryimage","url":"https:\/\/www.pensarcursos.com.br\/blog\/wp-content\/uploads\/2026\/03\/solidao.webp","contentUrl":"https:\/\/www.pensarcursos.com.br\/blog\/wp-content\/uploads\/2026\/03\/solidao.webp","width":2500,"height":1667,"caption":"Voc\u00ea se sente sozinho, mas evita companhia? Entenda esse sentimento. Imagem: Freepik"},{"@type":"BreadcrumbList","@id":"https:\/\/www.pensarcursos.com.br\/blog\/voce-se-sente-sozinho-mas-nao-quer-ver-ninguem-entenda-o-que-isso-significa\/#breadcrumb","itemListElement":[{"@type":"ListItem","position":1,"name":"Home","item":"https:\/\/www.pensarcursos.com.br\/blog\/"},{"@type":"ListItem","position":2,"name":"Voc\u00ea se sente sozinho, mas n\u00e3o quer ver ningu\u00e9m? Entenda o que isso significa"}]},{"@type":"WebSite","@id":"https:\/\/www.pensarcursos.com.br\/blog\/#website","url":"https:\/\/www.pensarcursos.com.br\/blog\/","name":"Blog Pensar Cursos","description":"Maior Site de Cursos do Brasil","publisher":{"@id":"https:\/\/www.pensarcursos.com.br\/blog\/#organization"},"alternateName":"Blog Pensar","potentialAction":[{"@type":"SearchAction","target":{"@type":"EntryPoint","urlTemplate":"https:\/\/www.pensarcursos.com.br\/blog\/?s={search_term_string}"},"query-input":{"@type":"PropertyValueSpecification","valueRequired":true,"valueName":"search_term_string"}}],"inLanguage":"pt-BR"},{"@type":"Organization","@id":"https:\/\/www.pensarcursos.com.br\/blog\/#organization","name":"Pensar Cursos","alternateName":"Blog pensar","url":"https:\/\/www.pensarcursos.com.br\/blog\/","logo":{"@type":"ImageObject","inLanguage":"pt-BR","@id":"https:\/\/www.pensarcursos.com.br\/blog\/#\/schema\/logo\/image\/","url":"https:\/\/www.pensarcursos.com.br\/blog\/wp-content\/uploads\/2023\/11\/Nova-Logo-Pensar-Cursos-vertical.png","contentUrl":"https:\/\/www.pensarcursos.com.br\/blog\/wp-content\/uploads\/2023\/11\/Nova-Logo-Pensar-Cursos-vertical.png","width":1393,"height":1001,"caption":"Pensar Cursos"},"image":{"@id":"https:\/\/www.pensarcursos.com.br\/blog\/#\/schema\/logo\/image\/"},"sameAs":["https:\/\/www.facebook.com\/pensarcursos\/","https:\/\/instagram.com.br\/pensarcursos"],"description":"Pensar Cursos \u00e9 uma empresa especializada em oferecer cursos de alta qualidade voltados para o desenvolvimento profissional e acad\u00eamico. Com uma ampla gama de op\u00e7\u00f5es de treinamento, oferecemos conte\u00fados atualizados, ministrados por especialistas da \u00e1rea, para capacitar indiv\u00edduos e equipes a atingirem seus objetivos. Nossa miss\u00e3o \u00e9 proporcionar uma educa\u00e7\u00e3o transformadora, acess\u00edvel e personalizada para cada aluno, seja em cursos presenciais ou online. Com uma abordagem inovadora, buscamos adaptar os nossos programas de ensino \u00e0s necessidades do mercado, criando solu\u00e7\u00f5es que atendem aos desafios e exig\u00eancias do mundo corporativo e acad\u00eamico. Nossos cursos incluem desde forma\u00e7\u00f5es t\u00e9cnicas at\u00e9 habilidades essenciais, como lideran\u00e7a, gest\u00e3o e desenvolvimento pessoal.","email":"contato@pensarcursos.com.br","legalName":"Sena Servi\u00e7os de Informa\u00e7\u00e3o Online LTDA","foundingDate":"2013-04-18","vatID":"17956217000172","numberOfEmployees":{"@type":"QuantitativeValue","minValue":"11","maxValue":"50"},"publishingPrinciples":"https:\/\/www.pensarcursos.com.br\/blog\/principios-de-publicacao\/","ownershipFundingInfo":"https:\/\/www.pensarcursos.com.br\/blog\/informacoes-de-propriedade-financiamento\/","actionableFeedbackPolicy":"https:\/\/www.pensarcursos.com.br\/blog\/politica-de-feedback-acionavel\/","correctionsPolicy":"https:\/\/www.pensarcursos.com.br\/blog\/politica-de-correcoes\/","ethicsPolicy":"https:\/\/www.pensarcursos.com.br\/blog\/politica-de-etica\/"},{"@type":"Person","@id":"https:\/\/www.pensarcursos.com.br\/blog\/#\/schema\/person\/28714c166fa847c28e0ba3e4d47c1033","name":"Quezia Andrade","image":{"@type":"ImageObject","inLanguage":"pt-BR","@id":"https:\/\/secure.gravatar.com\/avatar\/ca40343eca0c667f062032144581527936aae03191aca76e9d4c4de5a5c7cd14?s=96&d=mm&r=g","url":"https:\/\/secure.gravatar.com\/avatar\/ca40343eca0c667f062032144581527936aae03191aca76e9d4c4de5a5c7cd14?s=96&d=mm&r=g","contentUrl":"https:\/\/secure.gravatar.com\/avatar\/ca40343eca0c667f062032144581527936aae03191aca76e9d4c4de5a5c7cd14?s=96&d=mm&r=g","caption":"Quezia Andrade"},"description":"Biom\u00e9dica CRBM2 n\u00ba 17394. Redatora do grupo Sena Online.","sameAs":["https:\/\/www.instagram.com\/_quezia_b?igsh=cWF2dDNxbXd6ejF4&utm_source=qr","https:\/\/www.linkedin.com\/in\/quzia-borges-andrade-907778266?utm_source=share&utm_campaign=share_via&utm_content=profile&utm_medium=ios_app"],"url":"https:\/\/www.pensarcursos.com.br\/blog\/author\/quezia\/"}]}},"_links":{"self":[{"href":"https:\/\/www.pensarcursos.com.br\/blog\/wp-json\/wp\/v2\/posts\/149485","targetHints":{"allow":["GET"]}}],"collection":[{"href":"https:\/\/www.pensarcursos.com.br\/blog\/wp-json\/wp\/v2\/posts"}],"about":[{"href":"https:\/\/www.pensarcursos.com.br\/blog\/wp-json\/wp\/v2\/types\/post"}],"author":[{"embeddable":true,"href":"https:\/\/www.pensarcursos.com.br\/blog\/wp-json\/wp\/v2\/users\/54"}],"replies":[{"embeddable":true,"href":"https:\/\/www.pensarcursos.com.br\/blog\/wp-json\/wp\/v2\/comments?post=149485"}],"version-history":[{"count":0,"href":"https:\/\/www.pensarcursos.com.br\/blog\/wp-json\/wp\/v2\/posts\/149485\/revisions"}],"wp:featuredmedia":[{"embeddable":true,"href":"https:\/\/www.pensarcursos.com.br\/blog\/wp-json\/wp\/v2\/media\/149498"}],"wp:attachment":[{"href":"https:\/\/www.pensarcursos.com.br\/blog\/wp-json\/wp\/v2\/media?parent=149485"}],"wp:term":[{"taxonomy":"category","embeddable":true,"href":"https:\/\/www.pensarcursos.com.br\/blog\/wp-json\/wp\/v2\/categories?post=149485"},{"taxonomy":"post_tag","embeddable":true,"href":"https:\/\/www.pensarcursos.com.br\/blog\/wp-json\/wp\/v2\/tags?post=149485"}],"curies":[{"name":"wp","href":"https:\/\/api.w.org\/{rel}","templated":true}]}}