{"id":149477,"date":"2026-03-11T15:14:13","date_gmt":"2026-03-11T18:14:13","guid":{"rendered":"https:\/\/www.pensarcursos.com.br\/blog\/?p=149477"},"modified":"2026-03-19T17:24:12","modified_gmt":"2026-03-19T20:24:12","slug":"a-antecipacao-do-pagamento-do-pis-pasep-para-o-dia-16-de-marco-vale-para-todos","status":"publish","type":"post","link":"https:\/\/www.pensarcursos.com.br\/blog\/a-antecipacao-do-pagamento-do-pis-pasep-para-o-dia-16-de-marco-vale-para-todos\/","title":{"rendered":"A antecipa\u00e7\u00e3o do pagamento do PIS\/Pasep para o dia 16 de mar\u00e7o vale para todos?"},"content":{"rendered":"<p>Quem conta com o abono salarial em 2026 precisa ficar atento: o an\u00fancio das novas datas do pagamento gerou d\u00favidas e expectativas sobre quem realmente ser\u00e1 contemplado com o saque antecipado j\u00e1 em mar\u00e7o. A not\u00edcia circulou r\u00e1pido, impulsionada pela necessidade de muitos trabalhadores que aguardam este valor para organizar o or\u00e7amento. No entanto, a antecipa\u00e7\u00e3o n\u00e3o ser\u00e1 autom\u00e1tica para todo o Brasil.<\/p>\n<p>Entender exatamente quem poder\u00e1 sacar antes do calend\u00e1rio nacional pode evitar deslocamentos desnecess\u00e1rios e expectativas frustradas. Confira se voc\u00ea faz parte do grupo beneficiado e veja como acessar seu abono salarial em 2026, quais os novos prazos, valores e procedimentos necess\u00e1rios.<\/p>\n<h2>O que \u00e9 o abono salarial PIS\/Pasep?<\/h2>\n<p>O abono salarial \u00e9 um benef\u00edcio anual destinado a trabalhadores do setor privado, vinculado ao <strong>Programa de Integra\u00e7\u00e3o Social (PIS)<\/strong>, e a servidores p\u00fablicos, relacionado ao <strong>Programa de Forma\u00e7\u00e3o do Patrim\u00f4nio do Servidor P\u00fablico (Pasep)<\/strong>. Administrado pelo Minist\u00e9rio do Trabalho e Emprego (MTE), o benef\u00edcio busca complementar a renda de quem recebe at\u00e9 dois sal\u00e1rios m\u00ednimos por m\u00eas.<\/p>\n<p>A Caixa Econ\u00f4mica Federal \u00e9 respons\u00e1vel pelo pagamento do PIS (setor privado) e o Banco do Brasil pelo Pasep (servidores p\u00fablicos). O calend\u00e1rio de pagamentos \u00e9 organizado de acordo com o m\u00eas de nascimento do trabalhador.<\/p>\n<h2>Quem tem direito ao abono salarial?<\/h2>\n<p>O benef\u00edcio destina-se a trabalhadores cadastrados h\u00e1 pelo menos cinco anos no <a href=\"https:\/\/www.pensarcursos.com.br\/blog\/pis-pasep-2026-onde-e-como-retirar-o-beneficio-este-ano\/\">PIS\/Pasep<\/a>, que trabalharam com carteira assinada por, no m\u00ednimo, 30 dias no ano-base de refer\u00eancia (2024) e receberam at\u00e9 dois sal\u00e1rios m\u00ednimos (R$ 2.766,00) em m\u00e9dia por m\u00eas.<\/p>\n<p>Tamb\u00e9m \u00e9 necess\u00e1rio que os dados estejam corretamente informados pelo empregador na Rela\u00e7\u00e3o Anual de Informa\u00e7\u00f5es Sociais (RAIS) ou no eSocial.<\/p>\n<figure id=\"attachment_149500\" aria-describedby=\"caption-attachment-149500\" style=\"width: 750px\" class=\"wp-caption alignnone\"><img decoding=\"async\" class=\"wp-image-149500 size-jnews-featured-750\" src=\"https:\/\/www.pensarcursos.com.br\/blog\/wp-content\/uploads\/2026\/03\/antecipacao-abono-salarial-2026-750x500.webp\" alt=\"M\u00e3os de pessoa idosa segurando c\u00e9dulas de 50 reais em ambiente fechado\" width=\"750\" height=\"500\" srcset=\"https:\/\/www.pensarcursos.com.br\/blog\/wp-content\/uploads\/2026\/03\/antecipacao-abono-salarial-2026-750x500.webp 750w, https:\/\/www.pensarcursos.com.br\/blog\/wp-content\/uploads\/2026\/03\/antecipacao-abono-salarial-2026-300x200.webp 300w, https:\/\/www.pensarcursos.com.br\/blog\/wp-content\/uploads\/2026\/03\/antecipacao-abono-salarial-2026-1024x683.webp 1024w, https:\/\/www.pensarcursos.com.br\/blog\/wp-content\/uploads\/2026\/03\/antecipacao-abono-salarial-2026-768x512.webp 768w, https:\/\/www.pensarcursos.com.br\/blog\/wp-content\/uploads\/2026\/03\/antecipacao-abono-salarial-2026-1140x760.webp 1140w, https:\/\/www.pensarcursos.com.br\/blog\/wp-content\/uploads\/2026\/03\/antecipacao-abono-salarial-2026.webp 1200w\" sizes=\"(max-width: 750px) 100vw, 750px\" \/><figcaption id=\"caption-attachment-149500\" class=\"wp-caption-text\">Veja como funciona a antecipa\u00e7\u00e3o do abono salarial. Fonte: Blog Pensar Cursos<\/figcaption><\/figure>\n<h2>Quem recebe o PIS\/Pasep antecipado em mar\u00e7o?<\/h2>\n<p>A antecipa\u00e7\u00e3o do pagamento do abono de 2026 n\u00e3o contempla todos os trabalhadores do pa\u00eds. <strong>O governo federal autorizou a medida exclusivamente para quem reside nos munic\u00edpios de Juiz de Fora, Matias Barbosa e Ub\u00e1, em Minas Gerais,<\/strong> e que foi diretamente atingido pelas chuvas e enchentes recentes. Essa decis\u00e3o consta nas Resolu\u00e7\u00f5es CODEFAT 1.036 e 1.037.<\/p>\n<p>O objetivo \u00e9 amparar financeiramente os trabalhadores dessas regi\u00f5es em situa\u00e7\u00e3o de calamidade reconhecida, permitindo que recebam o abono mais cedo. Para os demais munic\u00edpios, permanece o calend\u00e1rio nacional original, conforme previsto pelo Minist\u00e9rio do Trabalho.<\/p>\n<h2>Como funciona a antecipa\u00e7\u00e3o nessas cidades?<\/h2>\n<p>Trabalhadores empregados em empresas que t\u00eam domic\u00edlio nos munic\u00edpios citados e que, originalmente, receberiam o abono salarial PIS\/Pasep entre <strong>abril e agosto de 2026<\/strong>, ter\u00e3o agora o pagamento liberado j\u00e1 em <strong>16 de mar\u00e7o de 2026<\/strong>.<\/p>\n<p>N\u00e3o h\u00e1 necessidade de solicita\u00e7\u00e3o: a libera\u00e7\u00e3o ocorre automaticamente para quem atende aos crit\u00e9rios definidos pelo MTE.<\/p>\n<p>Al\u00e9m do abono, trabalhadores demitidos no per\u00edodo de 1\u00ba de setembro de 2025 a 31 de mar\u00e7o de 2026 nessas cidades ganham direito a duas parcelas extras do Seguro-Desemprego para aux\u00edlio emergencial durante a calamidade.<\/p>\n<h2>Qual o valor do abono em 2026?<\/h2>\n<p>O valor do abono \u00e9 calculado dividindo o <a href=\"https:\/\/www.pensarcursos.com.br\/blog\/maes-de-criancas-com-deficiencia-tem-direito-a-auxilio-valor-pode-chegar-a-um-salario-minimo\/\">sal\u00e1rio m\u00ednimo<\/a> vigente por 12 e, em seguida, multiplicando pelo n\u00famero de meses trabalhados no ano-base. No ano de 2026, o sal\u00e1rio m\u00ednimo \u00e9 de R$ 1.621,00.<\/p>\n<p>Veja na tabela a seguir como ficam as parcelas do abono salarial de acordo com a quantidade de meses trabalhados:<\/p>\n<table>\n<thead>\n<tr>\n<th>Meses trabalhados no ano-base<\/th>\n<th>Valor do abono salarial (R$)<\/th>\n<\/tr>\n<\/thead>\n<tbody>\n<tr>\n<td>1<\/td>\n<td>136,00<\/td>\n<\/tr>\n<tr>\n<td>2<\/td>\n<td>271,00<\/td>\n<\/tr>\n<tr>\n<td>3<\/td>\n<td>406,00<\/td>\n<\/tr>\n<tr>\n<td>4<\/td>\n<td>541,00<\/td>\n<\/tr>\n<tr>\n<td>5<\/td>\n<td>675,00<\/td>\n<\/tr>\n<tr>\n<td>6<\/td>\n<td>811,00<\/td>\n<\/tr>\n<tr>\n<td>7<\/td>\n<td>946,00<\/td>\n<\/tr>\n<tr>\n<td>8<\/td>\n<td>1.081,00<\/td>\n<\/tr>\n<tr>\n<td>9<\/td>\n<td>1.216,00<\/td>\n<\/tr>\n<tr>\n<td>10<\/td>\n<td>1.351,00<\/td>\n<\/tr>\n<tr>\n<td>11<\/td>\n<td>1.486,00<\/td>\n<\/tr>\n<tr>\n<td>12<\/td>\n<td>1.621,00<\/td>\n<\/tr>\n<\/tbody>\n<\/table>\n<h2>Como consultar e sacar o PIS\/Pasep antecipado<\/h2>\n<p>O pagamento do abono salarial \u00e9 feito, prioritariamente, por dep\u00f3sito em conta banc\u00e1ria na CAIXA (incluindo conta Poupan\u00e7a Social Digital, acess\u00edvel pelo aplicativo\u00a0<a href=\"https:\/\/www.caixa.gov.br\/caixatem\" target=\"_blank\" rel=\"noopener\">CAIXA Tem<\/a>).<\/p>\n<p>Caso n\u00e3o possua conta na CAIXA ou haja impedimento de abertura, o saque est\u00e1 dispon\u00edvel em terminais de autoatendimento, casas lot\u00e9ricas ou correspondentes CAIXA Aqui. \u00c9 poss\u00edvel tamb\u00e9m sacar sem cart\u00e3o, utilizando biometria cadastrada.<\/p>\n<p>Os residentes em Juiz de Fora, Matias Barbosa e Ub\u00e1 contemplados pela antecipa\u00e7\u00e3o receber\u00e3o automaticamente conforme a forma de pagamento habitual. Para demais cidades, siga o calend\u00e1rio nacional, consultando o app CAIXA Tem, o\u00a0<a href=\"https:\/\/cidadao.caixa.gov.br\/\" target=\"_blank\" rel=\"noopener\">Portal Cidad\u00e3o<\/a>\u00a0ou ligando 0800 726 0207.<\/p>\n<h2>Calend\u00e1rio PIS\/Pasep de 2026: entenda os demais prazos<\/h2>\n<p>Em 2026, o pagamento do Abono Salarial referente ao ano-base 2024 permanece unificado de acordo com o m\u00eas de nascimento do trabalhador. Essa regra foi estabelecida pelo artigo 15 da Resolu\u00e7\u00e3o Codefat\/MTE n\u00ba 1.032 de 2025. Os valores estar\u00e3o dispon\u00edveis at\u00e9 o encerramento do calend\u00e1rio, conforme a tabela a seguir:<\/p>\n<table>\n<thead>\n<tr>\n<th>Nascidos em<\/th>\n<th>Recebem a partir de<\/th>\n<th>Recebem at\u00e9<\/th>\n<\/tr>\n<\/thead>\n<tbody>\n<tr>\n<td>Janeiro<\/td>\n<td>16 de fevereiro<\/td>\n<td>30\/12\/2026<\/td>\n<\/tr>\n<tr>\n<td>Fevereiro<\/td>\n<td>16 de mar\u00e7o<\/td>\n<td>30\/12\/2026<\/td>\n<\/tr>\n<tr>\n<td>Mar\u00e7o<\/td>\n<td>15 de abril<\/td>\n<td>30\/12\/2026<\/td>\n<\/tr>\n<tr>\n<td>Abril<\/td>\n<td>15 de abril<\/td>\n<td>30\/12\/2026<\/td>\n<\/tr>\n<tr>\n<td>Maio<\/td>\n<td>15 de maio<\/td>\n<td>30\/12\/2026<\/td>\n<\/tr>\n<tr>\n<td>Junho<\/td>\n<td>15 de maio<\/td>\n<td>30\/12\/2026<\/td>\n<\/tr>\n<tr>\n<td>Julho<\/td>\n<td>15 de junho<\/td>\n<td>30\/12\/2026<\/td>\n<\/tr>\n<tr>\n<td>Agosto<\/td>\n<td>15 de junho<\/td>\n<td>30\/12\/2026<\/td>\n<\/tr>\n<tr>\n<td>Setembro<\/td>\n<td>15 de julho<\/td>\n<td>30\/12\/2026<\/td>\n<\/tr>\n<tr>\n<td>Outubro<\/td>\n<td>15 de julho<\/td>\n<td>30\/12\/2026<\/td>\n<\/tr>\n<tr>\n<td>Novembro<\/td>\n<td>17 de agosto<\/td>\n<td>30\/12\/2026<\/td>\n<\/tr>\n<tr>\n<td>Dezembro<\/td>\n<td>17 de agosto<\/td>\n<td>30\/12\/2026<\/td>\n<\/tr>\n<\/tbody>\n<\/table>\n<p>O pagamento antecipado em mar\u00e7o \u00e9 uma exce\u00e7\u00e3o restrita \u00e0s cidades em regime de calamidade.<\/p>\n<h2>O que fazer se o benef\u00edcio for negado?<\/h2>\n<p>Se o abono salarial ou o Seguro-Desemprego antecipado n\u00e3o for liberado e o trabalhador considerar que tem direito, recomenda-se:<\/p>\n<ul>\n<li>Verificar eventuais pend\u00eancias cadastrais no aplicativo\u00a0<a href=\"https:\/\/www.gov.br\/pt-br\/temas\/carteira-de-trabalho-digital\" target=\"_blank\" rel=\"noopener\">Carteira de Trabalho Digital<\/a>;<\/li>\n<li>Consultar informa\u00e7\u00f5es atualizadas na ag\u00eancia f\u00edsica da CAIXA ou Banco do Brasil;<\/li>\n<li>Entrar em contato com o setor de RH do empregador para checar envio da RAIS\/eSocial;<\/li>\n<li>Utilizar canais de atendimento do Minist\u00e9rio do Trabalho: telefone 158;<\/li>\n<li>Buscar orienta\u00e7\u00e3o presencial no CRAS ou posto do MTE, se necess\u00e1rio.<\/li>\n<\/ul>\n<p>Caso encontre inconsist\u00eancia, \u00e9 poss\u00edvel solicitar revis\u00e3o formal junto ao \u00f3rg\u00e3o pagador. Para mais informa\u00e7\u00f5es sobre o abono salarial, n\u00e3o deixe de acompanhar o <a href=\"https:\/\/www.pensarcursos.com.br\/blog\/\"><strong>Blog Pensar Cursos<\/strong><\/a> frequentemente.<\/p>\n<div class=\"jeg_video_container jeg_video_content\"><iframe title=\"PIS\/Pasep 2026 mudou a data? Veja o novo calend\u00e1rio e n\u00e3o perca o pagamento\" width=\"500\" height=\"281\" src=\"https:\/\/www.youtube.com\/embed\/GI15lGnzNkc?feature=oembed\" frameborder=\"0\" allow=\"accelerometer; autoplay; clipboard-write; encrypted-media; gyroscope; picture-in-picture; web-share\" referrerpolicy=\"strict-origin-when-cross-origin\" allowfullscreen><\/iframe><\/div>\n","protected":false},"excerpt":{"rendered":"<p>Quem conta com o abono salarial em 2026 precisa ficar atento: o an\u00fancio das novas datas do pagamento gerou d\u00favidas e expectativas sobre quem realmente ser\u00e1 contemplado com o saque antecipado j\u00e1 em mar\u00e7o. A not\u00edcia circulou r\u00e1pido, impulsionada pela necessidade de muitos trabalhadores que aguardam este valor para organizar o or\u00e7amento. No entanto, a [&hellip;]<\/p>\n","protected":false},"author":62,"featured_media":149497,"comment_status":"open","ping_status":"closed","sticky":false,"template":"","format":"standard","meta":{"jnews-multi-image_gallery":[],"jnews_single_post":{"format":"standard","override":[{"template":"1","parallax":"1","fullscreen":"1","layout":"right-sidebar","sidebar":"default-sidebar","second_sidebar":"default-sidebar","sticky_sidebar":"1","share_position":"topbottom","share_float_style":"share-monocrhome","show_featured":"1","show_post_meta":"1","show_post_author":"1","show_post_author_image":"1","show_post_date":"1","post_date_format":"default","post_date_format_custom":"Y\/m\/d","show_post_category":"1","post_reading_time_wpm":"300","post_calculate_word_method":"str_word_count","show_zoom_button":"0","zoom_button_out_step":"2","zoom_button_in_step":"3","show_post_tag":"1","show_prev_next_post":"1","show_popup_post":"1","show_comment_section":"1","number_popup_post":"2","show_author_box":"1","show_post_related":"1","show_inline_post_related":"1"}],"image_override":[{"single_post_thumbnail_size":"crop-500","single_post_gallery_size":"crop-500"}],"trending_post_position":"meta","trending_post_label":"Trending","sponsored_post_label":"Sponsored by","disable_ad":"0","subtitle":"Medida emergencial libera abono j\u00e1 em mar\u00e7o para um grupo espec\u00edfico"},"jnews_primary_category":[],"jnews_social_meta":[],"jnews_override_counter":{"view_counter_number":"0","share_counter_number":"0","like_counter_number":"0","dislike_counter_number":"0"},"footnotes":""},"categories":[1691],"tags":[36411,39360,36393,39493],"class_list":["post-149477","post","type-post","status-publish","format-standard","has-post-thumbnail","hentry","category-direitos-do-trabalhador","tag-abono-salarial-2026","tag-antecipacao-pis-pasep-2026","tag-calendario-pis-pasep-2026","tag-saque-pis-pasep-marco-2026"],"yoast_head":"<!-- This site is optimized with the Yoast SEO Premium plugin v27.4 (Yoast SEO v27.4) - https:\/\/yoast.com\/product\/yoast-seo-premium-wordpress\/ -->\n<title>A antecipa\u00e7\u00e3o do pagamento do PIS\/Pasep para o dia 16 de mar\u00e7o vale para todos? - Blog Pensar Cursos<\/title>\n<meta name=\"description\" content=\"Pagamento do PIS 2026 ser\u00e1 antecipado apenas para trabalhadores de cidades mineiras em calamidade. Entenda quem recebe e como sacar. Saiba mais!\" \/>\n<meta name=\"robots\" content=\"index, follow, max-snippet:-1, max-image-preview:large, max-video-preview:-1\" \/>\n<link rel=\"canonical\" href=\"https:\/\/www.pensarcursos.com.br\/blog\/a-antecipacao-do-pagamento-do-pis-pasep-para-o-dia-16-de-marco-vale-para-todos\/\" \/>\n<meta property=\"og:locale\" content=\"pt_BR\" \/>\n<meta property=\"og:type\" content=\"article\" \/>\n<meta property=\"og:title\" content=\"A antecipa\u00e7\u00e3o do pagamento do PIS\/Pasep para o dia 16 de mar\u00e7o vale para todos?\" \/>\n<meta property=\"og:description\" content=\"Pagamento do PIS 2026 ser\u00e1 antecipado apenas para trabalhadores de cidades mineiras em calamidade. Entenda quem recebe e como sacar. Saiba mais!\" \/>\n<meta property=\"og:url\" content=\"https:\/\/www.pensarcursos.com.br\/blog\/a-antecipacao-do-pagamento-do-pis-pasep-para-o-dia-16-de-marco-vale-para-todos\/\" \/>\n<meta property=\"og:site_name\" content=\"Blog Pensar Cursos\" \/>\n<meta property=\"article:publisher\" content=\"https:\/\/www.facebook.com\/pensarcursos\/\" \/>\n<meta property=\"article:published_time\" content=\"2026-03-11T18:14:13+00:00\" \/>\n<meta property=\"article:modified_time\" content=\"2026-03-19T20:24:12+00:00\" \/>\n<meta property=\"og:image\" content=\"https:\/\/www.pensarcursos.com.br\/blog\/wp-content\/uploads\/2026\/03\/antecipacao-pis-pasep-2026-1.webp\" \/>\n\t<meta property=\"og:image:width\" content=\"1200\" \/>\n\t<meta property=\"og:image:height\" content=\"800\" \/>\n\t<meta property=\"og:image:type\" content=\"image\/webp\" \/>\n<meta name=\"author\" content=\"Gustavo Carvalho\" \/>\n<meta name=\"twitter:card\" content=\"summary_large_image\" \/>\n<meta name=\"twitter:label1\" content=\"Escrito por\" \/>\n\t<meta name=\"twitter:data1\" content=\"Gustavo Carvalho\" \/>\n\t<meta name=\"twitter:label2\" content=\"Est. tempo de leitura\" \/>\n\t<meta name=\"twitter:data2\" content=\"6 minutos\" \/>\n<!-- \/ Yoast SEO Premium plugin. -->","yoast_head_json":{"title":"A antecipa\u00e7\u00e3o do pagamento do PIS\/Pasep para o dia 16 de mar\u00e7o vale para todos? - Blog Pensar Cursos","description":"Pagamento do PIS 2026 ser\u00e1 antecipado apenas para trabalhadores de cidades mineiras em calamidade. Entenda quem recebe e como sacar. Saiba mais!","robots":{"index":"index","follow":"follow","max-snippet":"max-snippet:-1","max-image-preview":"max-image-preview:large","max-video-preview":"max-video-preview:-1"},"canonical":"https:\/\/www.pensarcursos.com.br\/blog\/a-antecipacao-do-pagamento-do-pis-pasep-para-o-dia-16-de-marco-vale-para-todos\/","og_locale":"pt_BR","og_type":"article","og_title":"A antecipa\u00e7\u00e3o do pagamento do PIS\/Pasep para o dia 16 de mar\u00e7o vale para todos?","og_description":"Pagamento do PIS 2026 ser\u00e1 antecipado apenas para trabalhadores de cidades mineiras em calamidade. Entenda quem recebe e como sacar. Saiba mais!","og_url":"https:\/\/www.pensarcursos.com.br\/blog\/a-antecipacao-do-pagamento-do-pis-pasep-para-o-dia-16-de-marco-vale-para-todos\/","og_site_name":"Blog Pensar Cursos","article_publisher":"https:\/\/www.facebook.com\/pensarcursos\/","article_published_time":"2026-03-11T18:14:13+00:00","article_modified_time":"2026-03-19T20:24:12+00:00","og_image":[{"width":1200,"height":800,"url":"https:\/\/www.pensarcursos.com.br\/blog\/wp-content\/uploads\/2026\/03\/antecipacao-pis-pasep-2026-1.webp","type":"image\/webp"}],"author":"Gustavo Carvalho","twitter_card":"summary_large_image","twitter_misc":{"Escrito por":"Gustavo Carvalho","Est. tempo de leitura":"6 minutos"},"schema":{"@context":"https:\/\/schema.org","@graph":[{"@type":["Article","BlogPosting"],"@id":"https:\/\/www.pensarcursos.com.br\/blog\/a-antecipacao-do-pagamento-do-pis-pasep-para-o-dia-16-de-marco-vale-para-todos\/#article","isPartOf":{"@id":"https:\/\/www.pensarcursos.com.br\/blog\/a-antecipacao-do-pagamento-do-pis-pasep-para-o-dia-16-de-marco-vale-para-todos\/"},"author":{"name":"Gustavo Carvalho","@id":"https:\/\/www.pensarcursos.com.br\/blog\/#\/schema\/person\/9afea5510aa32a28c7f997b61d3f9959"},"headline":"A antecipa\u00e7\u00e3o do pagamento do PIS\/Pasep para o dia 16 de mar\u00e7o vale para todos?","datePublished":"2026-03-11T18:14:13+00:00","dateModified":"2026-03-19T20:24:12+00:00","mainEntityOfPage":{"@id":"https:\/\/www.pensarcursos.com.br\/blog\/a-antecipacao-do-pagamento-do-pis-pasep-para-o-dia-16-de-marco-vale-para-todos\/"},"wordCount":995,"commentCount":0,"publisher":{"@id":"https:\/\/www.pensarcursos.com.br\/blog\/#organization"},"image":{"@id":"https:\/\/www.pensarcursos.com.br\/blog\/a-antecipacao-do-pagamento-do-pis-pasep-para-o-dia-16-de-marco-vale-para-todos\/#primaryimage"},"thumbnailUrl":"https:\/\/www.pensarcursos.com.br\/blog\/wp-content\/uploads\/2026\/03\/antecipacao-pis-pasep-2026-1.webp","keywords":["abono salarial 2026","antecipa\u00e7\u00e3o pis pasep 2026","calend\u00e1rio Pis Pasep 2026","saque pis pasep mar\u00e7o 2026"],"articleSection":["Direitos do Trabalhador"],"inLanguage":"pt-BR","potentialAction":[{"@type":"CommentAction","name":"Comment","target":["https:\/\/www.pensarcursos.com.br\/blog\/a-antecipacao-do-pagamento-do-pis-pasep-para-o-dia-16-de-marco-vale-para-todos\/#respond"]}],"copyrightYear":"2026","copyrightHolder":{"@id":"https:\/\/www.pensarcursos.com.br\/blog\/#organization"}},{"@type":"WebPage","@id":"https:\/\/www.pensarcursos.com.br\/blog\/a-antecipacao-do-pagamento-do-pis-pasep-para-o-dia-16-de-marco-vale-para-todos\/","url":"https:\/\/www.pensarcursos.com.br\/blog\/a-antecipacao-do-pagamento-do-pis-pasep-para-o-dia-16-de-marco-vale-para-todos\/","name":"A antecipa\u00e7\u00e3o do pagamento do PIS\/Pasep para o dia 16 de mar\u00e7o vale para todos? - Blog Pensar Cursos","isPartOf":{"@id":"https:\/\/www.pensarcursos.com.br\/blog\/#website"},"primaryImageOfPage":{"@id":"https:\/\/www.pensarcursos.com.br\/blog\/a-antecipacao-do-pagamento-do-pis-pasep-para-o-dia-16-de-marco-vale-para-todos\/#primaryimage"},"image":{"@id":"https:\/\/www.pensarcursos.com.br\/blog\/a-antecipacao-do-pagamento-do-pis-pasep-para-o-dia-16-de-marco-vale-para-todos\/#primaryimage"},"thumbnailUrl":"https:\/\/www.pensarcursos.com.br\/blog\/wp-content\/uploads\/2026\/03\/antecipacao-pis-pasep-2026-1.webp","datePublished":"2026-03-11T18:14:13+00:00","dateModified":"2026-03-19T20:24:12+00:00","description":"Pagamento do PIS 2026 ser\u00e1 antecipado apenas para trabalhadores de cidades mineiras em calamidade. Entenda quem recebe e como sacar. Saiba mais!","breadcrumb":{"@id":"https:\/\/www.pensarcursos.com.br\/blog\/a-antecipacao-do-pagamento-do-pis-pasep-para-o-dia-16-de-marco-vale-para-todos\/#breadcrumb"},"inLanguage":"pt-BR","potentialAction":[{"@type":"ReadAction","target":["https:\/\/www.pensarcursos.com.br\/blog\/a-antecipacao-do-pagamento-do-pis-pasep-para-o-dia-16-de-marco-vale-para-todos\/"]}]},{"@type":"ImageObject","inLanguage":"pt-BR","@id":"https:\/\/www.pensarcursos.com.br\/blog\/a-antecipacao-do-pagamento-do-pis-pasep-para-o-dia-16-de-marco-vale-para-todos\/#primaryimage","url":"https:\/\/www.pensarcursos.com.br\/blog\/wp-content\/uploads\/2026\/03\/antecipacao-pis-pasep-2026-1.webp","contentUrl":"https:\/\/www.pensarcursos.com.br\/blog\/wp-content\/uploads\/2026\/03\/antecipacao-pis-pasep-2026-1.webp","width":1200,"height":800,"caption":"O calend\u00e1rio nacional permanece inalterado para outros benefici\u00e1rios. Fonte: Blog Pensar Cursos"},{"@type":"BreadcrumbList","@id":"https:\/\/www.pensarcursos.com.br\/blog\/a-antecipacao-do-pagamento-do-pis-pasep-para-o-dia-16-de-marco-vale-para-todos\/#breadcrumb","itemListElement":[{"@type":"ListItem","position":1,"name":"Home","item":"https:\/\/www.pensarcursos.com.br\/blog\/"},{"@type":"ListItem","position":2,"name":"A antecipa\u00e7\u00e3o do pagamento do PIS\/Pasep para o dia 16 de mar\u00e7o vale para todos?"}]},{"@type":"WebSite","@id":"https:\/\/www.pensarcursos.com.br\/blog\/#website","url":"https:\/\/www.pensarcursos.com.br\/blog\/","name":"Blog Pensar Cursos","description":"Maior Site de Cursos do Brasil","publisher":{"@id":"https:\/\/www.pensarcursos.com.br\/blog\/#organization"},"alternateName":"Blog Pensar","potentialAction":[{"@type":"SearchAction","target":{"@type":"EntryPoint","urlTemplate":"https:\/\/www.pensarcursos.com.br\/blog\/?s={search_term_string}"},"query-input":{"@type":"PropertyValueSpecification","valueRequired":true,"valueName":"search_term_string"}}],"inLanguage":"pt-BR"},{"@type":"Organization","@id":"https:\/\/www.pensarcursos.com.br\/blog\/#organization","name":"Pensar Cursos","alternateName":"Blog pensar","url":"https:\/\/www.pensarcursos.com.br\/blog\/","logo":{"@type":"ImageObject","inLanguage":"pt-BR","@id":"https:\/\/www.pensarcursos.com.br\/blog\/#\/schema\/logo\/image\/","url":"https:\/\/www.pensarcursos.com.br\/blog\/wp-content\/uploads\/2023\/11\/Nova-Logo-Pensar-Cursos-vertical.png","contentUrl":"https:\/\/www.pensarcursos.com.br\/blog\/wp-content\/uploads\/2023\/11\/Nova-Logo-Pensar-Cursos-vertical.png","width":1393,"height":1001,"caption":"Pensar Cursos"},"image":{"@id":"https:\/\/www.pensarcursos.com.br\/blog\/#\/schema\/logo\/image\/"},"sameAs":["https:\/\/www.facebook.com\/pensarcursos\/","https:\/\/instagram.com.br\/pensarcursos"],"description":"Pensar Cursos \u00e9 uma empresa especializada em oferecer cursos de alta qualidade voltados para o desenvolvimento profissional e acad\u00eamico. Com uma ampla gama de op\u00e7\u00f5es de treinamento, oferecemos conte\u00fados atualizados, ministrados por especialistas da \u00e1rea, para capacitar indiv\u00edduos e equipes a atingirem seus objetivos. Nossa miss\u00e3o \u00e9 proporcionar uma educa\u00e7\u00e3o transformadora, acess\u00edvel e personalizada para cada aluno, seja em cursos presenciais ou online. Com uma abordagem inovadora, buscamos adaptar os nossos programas de ensino \u00e0s necessidades do mercado, criando solu\u00e7\u00f5es que atendem aos desafios e exig\u00eancias do mundo corporativo e acad\u00eamico. Nossos cursos incluem desde forma\u00e7\u00f5es t\u00e9cnicas at\u00e9 habilidades essenciais, como lideran\u00e7a, gest\u00e3o e desenvolvimento pessoal.","email":"contato@pensarcursos.com.br","legalName":"Sena Servi\u00e7os de Informa\u00e7\u00e3o Online LTDA","foundingDate":"2013-04-18","vatID":"17956217000172","numberOfEmployees":{"@type":"QuantitativeValue","minValue":"11","maxValue":"50"},"publishingPrinciples":"https:\/\/www.pensarcursos.com.br\/blog\/principios-de-publicacao\/","ownershipFundingInfo":"https:\/\/www.pensarcursos.com.br\/blog\/informacoes-de-propriedade-financiamento\/","actionableFeedbackPolicy":"https:\/\/www.pensarcursos.com.br\/blog\/politica-de-feedback-acionavel\/","correctionsPolicy":"https:\/\/www.pensarcursos.com.br\/blog\/politica-de-correcoes\/","ethicsPolicy":"https:\/\/www.pensarcursos.com.br\/blog\/politica-de-etica\/"},{"@type":"Person","@id":"https:\/\/www.pensarcursos.com.br\/blog\/#\/schema\/person\/9afea5510aa32a28c7f997b61d3f9959","name":"Gustavo Carvalho","image":{"@type":"ImageObject","inLanguage":"pt-BR","@id":"https:\/\/secure.gravatar.com\/avatar\/9d0ce64fdfa34fad70760fb6a6076a2a02e4a50981dc7195c901e8801552aaa5?s=96&d=mm&r=g","url":"https:\/\/secure.gravatar.com\/avatar\/9d0ce64fdfa34fad70760fb6a6076a2a02e4a50981dc7195c901e8801552aaa5?s=96&d=mm&r=g","contentUrl":"https:\/\/secure.gravatar.com\/avatar\/9d0ce64fdfa34fad70760fb6a6076a2a02e4a50981dc7195c901e8801552aaa5?s=96&d=mm&r=g","caption":"Gustavo Carvalho"},"description":"Redator do Grupo Sena Online","sameAs":["https:\/\/www.instagram.com\/crl_gustav?igsh=cGZhOXRsMWM1MzFp&utm_source=qr"],"url":"https:\/\/www.pensarcursos.com.br\/blog\/author\/gustavo\/"}]}},"_links":{"self":[{"href":"https:\/\/www.pensarcursos.com.br\/blog\/wp-json\/wp\/v2\/posts\/149477","targetHints":{"allow":["GET"]}}],"collection":[{"href":"https:\/\/www.pensarcursos.com.br\/blog\/wp-json\/wp\/v2\/posts"}],"about":[{"href":"https:\/\/www.pensarcursos.com.br\/blog\/wp-json\/wp\/v2\/types\/post"}],"author":[{"embeddable":true,"href":"https:\/\/www.pensarcursos.com.br\/blog\/wp-json\/wp\/v2\/users\/62"}],"replies":[{"embeddable":true,"href":"https:\/\/www.pensarcursos.com.br\/blog\/wp-json\/wp\/v2\/comments?post=149477"}],"version-history":[{"count":0,"href":"https:\/\/www.pensarcursos.com.br\/blog\/wp-json\/wp\/v2\/posts\/149477\/revisions"}],"wp:featuredmedia":[{"embeddable":true,"href":"https:\/\/www.pensarcursos.com.br\/blog\/wp-json\/wp\/v2\/media\/149497"}],"wp:attachment":[{"href":"https:\/\/www.pensarcursos.com.br\/blog\/wp-json\/wp\/v2\/media?parent=149477"}],"wp:term":[{"taxonomy":"category","embeddable":true,"href":"https:\/\/www.pensarcursos.com.br\/blog\/wp-json\/wp\/v2\/categories?post=149477"},{"taxonomy":"post_tag","embeddable":true,"href":"https:\/\/www.pensarcursos.com.br\/blog\/wp-json\/wp\/v2\/tags?post=149477"}],"curies":[{"name":"wp","href":"https:\/\/api.w.org\/{rel}","templated":true}]}}