{"id":149473,"date":"2026-03-11T22:29:07","date_gmt":"2026-03-12T01:29:07","guid":{"rendered":"https:\/\/www.pensarcursos.com.br\/blog\/?p=149473"},"modified":"2026-03-11T14:48:42","modified_gmt":"2026-03-11T17:48:42","slug":"programa-partiu-estagio-abre-5-874-vagas-para-estudantes-de-pedagogia-administracao-e-outros-inscricoes-comecam-nesta-quinta-12","status":"publish","type":"post","link":"https:\/\/www.pensarcursos.com.br\/blog\/programa-partiu-estagio-abre-5-874-vagas-para-estudantes-de-pedagogia-administracao-e-outros-inscricoes-comecam-nesta-quinta-12\/","title":{"rendered":"Programa Partiu Est\u00e1gio abre 5.874 vagas para estudantes de Pedagogia, Administra\u00e7\u00e3o e outros &#8211; Inscri\u00e7\u00f5es come\u00e7am nesta quinta (12)"},"content":{"rendered":"<p>J\u00e1 pensou em conquistar uma <strong><a href=\"https:\/\/www.pensarcursos.com.br\/blog\/vagas-de-estagio-em-direito-e-economia-inscricoes-ate-15-de-marco-e-bolsas-de-ate-r-16-mil\/\" target=\"_blank\" rel=\"noopener\">vaga de est\u00e1gio<\/a><\/strong> em um dos maiores programas do Brasil, com bolsa garantida, carga hor\u00e1ria reduzida e prioridade para quem realmente precisa?<\/p>\n<p>O\u00a0<strong>Programa Partiu Est\u00e1gio<\/strong>\u00a0acaba de abrir incr\u00edveis\u00a0<strong>5.874 vagas<\/strong>\u00a0para estudantes de gradua\u00e7\u00e3o em toda a Bahia. As vagas contemplam cursos como\u00a0<strong>Pedagogia, Administra\u00e7\u00e3o, Letras, Matem\u00e1tica<\/strong>\u00a0e outras \u00e1reas estrat\u00e9gicas para o desenvolvimento do estado.<\/p>\n<p>Organizado pela Secretaria da Administra\u00e7\u00e3o do Estado da Bahia (Saeb), o edital publicado para 2026 promete ser um divisor (sem clich\u00eas) para milhares de jovens que buscam o primeiro contato com o mercado de trabalho.<\/p>\n<h2>Como participar do Programa Partiu Est\u00e1gio?<\/h2>\n<p>O principal requisito para concorrer \u00e0s oportunidades \u00e9 residir na Bahia e estar regularmente matriculado em uma gradua\u00e7\u00e3o (seja presencial, semipresencial ou EAD), com pelo menos 50% do curso j\u00e1 conclu\u00eddo. A idade m\u00ednima \u00e9 de 16 anos, e podem se inscrever tanto estudantes do interior quanto da capital.<\/p>\n<p>As inscri\u00e7\u00f5es come\u00e7am nesta <strong>quinta-feira, dia 12, \u00e0s 9h, e seguem at\u00e9 o dia 10 de abril<\/strong>, sendo realizadas exclusivamente pela plataforma\u00a0<a href=\"https:\/\/ba.gov.br\/\" target=\"_blank\" rel=\"noopener\">ba.gov.br<\/a>. \u00c9 fundamental ficar atento ao prazo, pois a sele\u00e7\u00e3o costuma atrair um grande n\u00famero de candidatos e oportunidades como essa n\u00e3o aparecem todos os dias.<\/p>\n<p>Para garantir a inclus\u00e3o, 10% das vagas s\u00e3o reservadas para pessoas com defici\u00eancia, conforme a Lei Federal n\u00ba 11.788\/2008. Alunos do Cadastro \u00danico (Cad\u00danico) e aqueles que estudaram todo o ensino m\u00e9dio em escola p\u00fablica ou como bolsistas integrais em institui\u00e7\u00f5es particulares t\u00eam prioridade no processo seletivo.<\/p>\n<h2>Distribui\u00e7\u00e3o das vagas e \u00e1reas contempladas<\/h2>\n<p>Do total das vagas ofertadas,\u00a0<strong>1.549<\/strong>\u00a0s\u00e3o destinadas a Salvador e\u00a0<strong>4.325<\/strong>\u00a0a cidades do interior e da Regi\u00e3o Metropolitana. Entre os munic\u00edpios que mais se destacam est\u00e3o\u00a0<strong>Teixeira de Freitas<\/strong>, com 222 vagas, e\u00a0<strong>Vit\u00f3ria da Conquista<\/strong>, com 193 oportunidades.<\/p>\n<p>Os cursos com o maior n\u00famero de vagas incluem:<\/p>\n<ul>\n<li><strong>Administra\u00e7\u00e3o<\/strong>: 764 vagas<\/li>\n<li><strong>Letras<\/strong>: 734 vagas<\/li>\n<li><strong>Matem\u00e1tica<\/strong>: 562 vagas<\/li>\n<li><strong>Pedagogia<\/strong>: 562 vagas<\/li>\n<\/ul>\n<p>Dentre os \u00f3rg\u00e3os e entidades que recebem os estagi\u00e1rios, destacam-se a\u00a0<strong>Secretaria da Educa\u00e7\u00e3o do Estado da Bahia<\/strong>, com 4.346 <a href=\"https:\/\/www.pensarcursos.com.br\/blog\/120-mil-vagas-em-cursos-de-tecnologia-gratuitos-sao-abertas-pela-fundec\/\" target=\"_blank\" rel=\"noopener\">vagas<\/a>, a\u00a0<strong>Secretaria da Sa\u00fade<\/strong>, com 226 vagas, e o\u00a0<strong>Departamento de Pol\u00edcia T\u00e9cnica<\/strong>, com 138 oportunidades.<\/p>\n<figure id=\"attachment_149480\" aria-describedby=\"caption-attachment-149480\" style=\"width: 1024px\" class=\"wp-caption aligncenter\"><img decoding=\"async\" class=\"wp-image-149480 size-large\" src=\"https:\/\/www.pensarcursos.com.br\/blog\/wp-content\/uploads\/2026\/03\/vagas-estagio-bahia-1024x684.jpg\" alt=\"Jovem estudante sorrindo com cadernos e celular \u2014 vagas de est\u00e1gio Programa Partiu Est\u00e1gio Bahia 2025\" width=\"1024\" height=\"684\" srcset=\"https:\/\/www.pensarcursos.com.br\/blog\/wp-content\/uploads\/2026\/03\/vagas-estagio-bahia-1024x684.jpg 1024w, https:\/\/www.pensarcursos.com.br\/blog\/wp-content\/uploads\/2026\/03\/vagas-estagio-bahia-300x200.jpg 300w, https:\/\/www.pensarcursos.com.br\/blog\/wp-content\/uploads\/2026\/03\/vagas-estagio-bahia-768x513.jpg 768w, https:\/\/www.pensarcursos.com.br\/blog\/wp-content\/uploads\/2026\/03\/vagas-estagio-bahia-750x501.jpg 750w, https:\/\/www.pensarcursos.com.br\/blog\/wp-content\/uploads\/2026\/03\/vagas-estagio-bahia-1140x762.jpg 1140w, https:\/\/www.pensarcursos.com.br\/blog\/wp-content\/uploads\/2026\/03\/vagas-estagio-bahia.jpg 1500w\" sizes=\"(max-width: 1024px) 100vw, 1024px\" \/><figcaption id=\"caption-attachment-149480\" class=\"wp-caption-text\">Programa Partiu Est\u00e1gio oferece 5.874 vagas em \u00e1reas como Pedagogia e Administra\u00e7\u00e3o na Bahia. Imagem: Freepik<\/figcaption><\/figure>\n<h2>Quais s\u00e3o os benef\u00edcios do Partiu Est\u00e1gio?<\/h2>\n<p>Cada selecionado recebe uma\u00a0<strong>bolsa mensal de R$ 607<\/strong> mais aux\u00edlio-transporte. A carga hor\u00e1ria \u00e9 de\u00a0<strong>quatro horas di\u00e1rias<\/strong>, totalizando vinte horas semanais \u2014 o equil\u00edbrio ideal para quem precisa conciliar estudo e pr\u00e1tica sem sobrecarga.<\/p>\n<p>A dura\u00e7\u00e3o do est\u00e1gio \u00e9 de\u00a0<strong>um ano<\/strong>, sem possibilidade de renova\u00e7\u00e3o, com exce\u00e7\u00e3o para pessoas com defici\u00eancia, que t\u00eam regras diferenciadas para perman\u00eancia. Esse per\u00edodo permite grande aprendizado e networking tanto nas capitais quanto nos munic\u00edpios do interior.<\/p>\n<h3>Etapas do processo seletivo<\/h3>\n<ul>\n<li><strong>Inscri\u00e7\u00e3o:<\/strong>\u00a0Feita via\u00a0plataforma de servi\u00e7os p\u00fablicos<a href=\"https:\/\/ba.gov.br\/\" target=\"_blank\" rel=\"noopener\"> Ba.gov.<\/a><\/li>\n<li><strong>Classifica\u00e7\u00e3o:<\/strong>\u00a0Prioridade no Cad\u00danico e forma\u00e7\u00e3o em ensino m\u00e9dio p\u00fablico ou com bolsa integral.<\/li>\n<li><strong>Convoca\u00e7\u00e3o:<\/strong>\u00a0Os aprovados recebem comunica\u00e7\u00e3o por WhatsApp e devem acompanhar prazos e documenta\u00e7\u00e3o pelo mesmo site das inscri\u00e7\u00f5es.<\/li>\n<li><strong>Divulga\u00e7\u00e3o da lista final:<\/strong>\u00a0Publica\u00e7\u00e3o no site da\u00a0<a href=\"http:\/\/www.saeb.ba.gov.br\/\" target=\"_blank\" rel=\"noopener\">Saeb<\/a>.<\/li>\n<\/ul>\n<h2>Quem tem prioridade nas vagas?<\/h2>\n<p>O\u00a0<strong>Programa Partiu Est\u00e1gio<\/strong> foi elaborado para democratizar o acesso ao mercado. Recebem prioridade:<\/p>\n<ul>\n<li>Estudantes cadastrados no Cad\u00danico<\/li>\n<li>Alunos que cursaram todo o ensino m\u00e9dio em escola p\u00fablica<\/li>\n<li>Bolsistas integrais de escolas privadas<\/li>\n<li>Pessoas com defici\u00eancia (10% das vagas reservadas)<\/li>\n<\/ul>\n<h2>Diversidade de cidades e impacto local<\/h2>\n<p>Com vagas distribu\u00eddas em\u00a0<strong>323 munic\u00edpios<\/strong>\u00a0da Bahia, o programa n\u00e3o s\u00f3 fomenta o crescimento regional, como tamb\u00e9m movimenta a economia local e fortalece as pol\u00edticas p\u00fablicas nas cidades atendidas.<\/p>\n<p>Os estagi\u00e1rios atuam diretamente nas secretarias e \u00f3rg\u00e3os estaduais, contribuindo para o aprimoramento dos servi\u00e7os oferecidos \u00e0 popula\u00e7\u00e3o.<\/p>\n<p>Quem deseja buscar oportunidade fora das capitais encontra no\u00a0<strong>Partiu Est\u00e1gio<\/strong> uma alternativa para iniciar a carreira, com possibilidade de aprendizado pr\u00e1tico nas regi\u00f5es em que vivem, sem necessidade de deslocamento para centros urbanos maiores.<\/p>\n<p>Para conferir outros temas, acesse a p\u00e1gina inicial do <a href=\"https:\/\/www.pensarcursos.com.br\/blog\/\" target=\"_blank\" rel=\"noopener\"><strong>Blog Pensar Cursos<\/strong><\/a>.<\/p>\n","protected":false},"excerpt":{"rendered":"<p>J\u00e1 pensou em conquistar uma vaga de est\u00e1gio em um dos maiores programas do Brasil, com bolsa garantida, carga hor\u00e1ria reduzida e prioridade para quem realmente precisa? O\u00a0Programa Partiu Est\u00e1gio\u00a0acaba de abrir incr\u00edveis\u00a05.874 vagas\u00a0para estudantes de gradua\u00e7\u00e3o em toda a Bahia. As vagas contemplam cursos como\u00a0Pedagogia, Administra\u00e7\u00e3o, Letras, Matem\u00e1tica\u00a0e outras \u00e1reas estrat\u00e9gicas para o desenvolvimento [&hellip;]<\/p>\n","protected":false},"author":41,"featured_media":149483,"comment_status":"open","ping_status":"closed","sticky":false,"template":"","format":"standard","meta":{"jnews-multi-image_gallery":[],"jnews_single_post":{"format":"standard","override":[{"template":"1","parallax":"1","fullscreen":"1","layout":"right-sidebar","sidebar":"default-sidebar","second_sidebar":"default-sidebar","sticky_sidebar":"1","share_position":"topbottom","share_float_style":"share-monocrhome","show_featured":"1","show_post_meta":"1","show_post_author":"1","show_post_author_image":"1","show_post_date":"1","post_date_format":"default","post_date_format_custom":"Y\/m\/d","show_post_category":"1","post_reading_time_wpm":"300","post_calculate_word_method":"str_word_count","show_zoom_button":"0","zoom_button_out_step":"2","zoom_button_in_step":"3","show_post_tag":"1","show_prev_next_post":"1","show_popup_post":"1","show_comment_section":"1","number_popup_post":"2","show_author_box":"1","show_post_related":"1","show_inline_post_related":"1"}],"image_override":[{"single_post_thumbnail_size":"crop-500","single_post_gallery_size":"crop-500"}],"trending_post_position":"meta","trending_post_label":"Trending","sponsored_post_label":"Sponsored by","disable_ad":"0","subtitle":"Inscri\u00e7\u00f5es para estudantes de gradua\u00e7\u00e3o come\u00e7am dia 12: saiba como participar"},"jnews_primary_category":[],"jnews_social_meta":[],"jnews_override_counter":{"view_counter_number":"0","share_counter_number":"0","like_counter_number":"0","dislike_counter_number":"0"},"footnotes":""},"categories":[31],"tags":[39486,39485,39484,39319],"class_list":["post-149473","post","type-post","status-publish","format-standard","has-post-thumbnail","hentry","category-estagio","tag-estagio-bahia","tag-estagio-pedagogia-2026","tag-programa-partiu-estagio-inscricoes","tag-vagas-de-estagio-2026"],"yoast_head":"<!-- This site is optimized with the Yoast SEO Premium plugin v27.4 (Yoast SEO v27.4) - https:\/\/yoast.com\/product\/yoast-seo-premium-wordpress\/ -->\n<title>Programa Partiu Est\u00e1gio abre 5.874 vagas para estudantes de Pedagogia, Administra\u00e7\u00e3o e outros - Inscri\u00e7\u00f5es come\u00e7am nesta quinta (12) - Blog Pensar Cursos<\/title>\n<meta name=\"description\" content=\"Programa Partiu Est\u00e1gio abre 5.874 vagas para estudantes de Pedagogia, Administra\u00e7\u00e3o, Letras e mais em 2026. Inscri\u00e7\u00f5es pela plataforma ba.gov.br de 12\/03 a 10\/04.\" \/>\n<meta name=\"robots\" content=\"index, follow, max-snippet:-1, max-image-preview:large, max-video-preview:-1\" \/>\n<link rel=\"canonical\" href=\"https:\/\/www.pensarcursos.com.br\/blog\/programa-partiu-estagio-abre-5-874-vagas-para-estudantes-de-pedagogia-administracao-e-outros-inscricoes-comecam-nesta-quinta-12\/\" \/>\n<meta property=\"og:locale\" content=\"pt_BR\" \/>\n<meta property=\"og:type\" content=\"article\" \/>\n<meta property=\"og:title\" content=\"Programa Partiu Est\u00e1gio abre 5.874 vagas para estudantes de Pedagogia, Administra\u00e7\u00e3o e outros - Inscri\u00e7\u00f5es come\u00e7am nesta quinta (12)\" \/>\n<meta property=\"og:description\" content=\"Programa Partiu Est\u00e1gio abre 5.874 vagas para estudantes de Pedagogia, Administra\u00e7\u00e3o, Letras e mais em 2026. Inscri\u00e7\u00f5es pela plataforma ba.gov.br de 12\/03 a 10\/04.\" \/>\n<meta property=\"og:url\" content=\"https:\/\/www.pensarcursos.com.br\/blog\/programa-partiu-estagio-abre-5-874-vagas-para-estudantes-de-pedagogia-administracao-e-outros-inscricoes-comecam-nesta-quinta-12\/\" \/>\n<meta property=\"og:site_name\" content=\"Blog Pensar Cursos\" \/>\n<meta property=\"article:publisher\" content=\"https:\/\/www.facebook.com\/pensarcursos\/\" \/>\n<meta property=\"article:published_time\" content=\"2026-03-12T01:29:07+00:00\" \/>\n<meta property=\"og:image\" content=\"https:\/\/www.pensarcursos.com.br\/blog\/wp-content\/uploads\/2026\/03\/vagas-no-programa-partiu-estagio.jpg\" \/>\n\t<meta property=\"og:image:width\" content=\"1500\" \/>\n\t<meta property=\"og:image:height\" content=\"965\" \/>\n\t<meta property=\"og:image:type\" content=\"image\/jpeg\" \/>\n<meta name=\"author\" content=\"F\u00e1tima Azevedo\" \/>\n<meta name=\"twitter:card\" content=\"summary_large_image\" \/>\n<meta name=\"twitter:label1\" content=\"Escrito por\" \/>\n\t<meta name=\"twitter:data1\" content=\"F\u00e1tima Azevedo\" \/>\n\t<meta name=\"twitter:label2\" content=\"Est. tempo de leitura\" \/>\n\t<meta name=\"twitter:data2\" content=\"5 minutos\" \/>\n<!-- \/ Yoast SEO Premium plugin. -->","yoast_head_json":{"title":"Programa Partiu Est\u00e1gio abre 5.874 vagas para estudantes de Pedagogia, Administra\u00e7\u00e3o e outros - Inscri\u00e7\u00f5es come\u00e7am nesta quinta (12) - Blog Pensar Cursos","description":"Programa Partiu Est\u00e1gio abre 5.874 vagas para estudantes de Pedagogia, Administra\u00e7\u00e3o, Letras e mais em 2026. Inscri\u00e7\u00f5es pela plataforma ba.gov.br de 12\/03 a 10\/04.","robots":{"index":"index","follow":"follow","max-snippet":"max-snippet:-1","max-image-preview":"max-image-preview:large","max-video-preview":"max-video-preview:-1"},"canonical":"https:\/\/www.pensarcursos.com.br\/blog\/programa-partiu-estagio-abre-5-874-vagas-para-estudantes-de-pedagogia-administracao-e-outros-inscricoes-comecam-nesta-quinta-12\/","og_locale":"pt_BR","og_type":"article","og_title":"Programa Partiu Est\u00e1gio abre 5.874 vagas para estudantes de Pedagogia, Administra\u00e7\u00e3o e outros - Inscri\u00e7\u00f5es come\u00e7am nesta quinta (12)","og_description":"Programa Partiu Est\u00e1gio abre 5.874 vagas para estudantes de Pedagogia, Administra\u00e7\u00e3o, Letras e mais em 2026. Inscri\u00e7\u00f5es pela plataforma ba.gov.br de 12\/03 a 10\/04.","og_url":"https:\/\/www.pensarcursos.com.br\/blog\/programa-partiu-estagio-abre-5-874-vagas-para-estudantes-de-pedagogia-administracao-e-outros-inscricoes-comecam-nesta-quinta-12\/","og_site_name":"Blog Pensar Cursos","article_publisher":"https:\/\/www.facebook.com\/pensarcursos\/","article_published_time":"2026-03-12T01:29:07+00:00","og_image":[{"width":1500,"height":965,"url":"https:\/\/www.pensarcursos.com.br\/blog\/wp-content\/uploads\/2026\/03\/vagas-no-programa-partiu-estagio.jpg","type":"image\/jpeg"}],"author":"F\u00e1tima Azevedo","twitter_card":"summary_large_image","twitter_misc":{"Escrito por":"F\u00e1tima Azevedo","Est. tempo de leitura":"5 minutos"},"schema":{"@context":"https:\/\/schema.org","@graph":[{"@type":["Article","BlogPosting"],"@id":"https:\/\/www.pensarcursos.com.br\/blog\/programa-partiu-estagio-abre-5-874-vagas-para-estudantes-de-pedagogia-administracao-e-outros-inscricoes-comecam-nesta-quinta-12\/#article","isPartOf":{"@id":"https:\/\/www.pensarcursos.com.br\/blog\/programa-partiu-estagio-abre-5-874-vagas-para-estudantes-de-pedagogia-administracao-e-outros-inscricoes-comecam-nesta-quinta-12\/"},"author":{"name":"F\u00e1tima Azevedo","@id":"https:\/\/www.pensarcursos.com.br\/blog\/#\/schema\/person\/827343e4611913410dcf62144b5b2a2d"},"headline":"Programa Partiu Est\u00e1gio abre 5.874 vagas para estudantes de Pedagogia, Administra\u00e7\u00e3o e outros &#8211; Inscri\u00e7\u00f5es come\u00e7am nesta quinta (12)","datePublished":"2026-03-12T01:29:07+00:00","mainEntityOfPage":{"@id":"https:\/\/www.pensarcursos.com.br\/blog\/programa-partiu-estagio-abre-5-874-vagas-para-estudantes-de-pedagogia-administracao-e-outros-inscricoes-comecam-nesta-quinta-12\/"},"wordCount":745,"commentCount":0,"publisher":{"@id":"https:\/\/www.pensarcursos.com.br\/blog\/#organization"},"image":{"@id":"https:\/\/www.pensarcursos.com.br\/blog\/programa-partiu-estagio-abre-5-874-vagas-para-estudantes-de-pedagogia-administracao-e-outros-inscricoes-comecam-nesta-quinta-12\/#primaryimage"},"thumbnailUrl":"https:\/\/www.pensarcursos.com.br\/blog\/wp-content\/uploads\/2026\/03\/vagas-no-programa-partiu-estagio.jpg","keywords":["est\u00e1gio bahia","est\u00e1gio pedagogia 2026","programa partiu est\u00e1gio inscri\u00e7\u00f5es","vagas de est\u00e1gio 2026"],"articleSection":["Est\u00e1gio"],"inLanguage":"pt-BR","potentialAction":[{"@type":"CommentAction","name":"Comment","target":["https:\/\/www.pensarcursos.com.br\/blog\/programa-partiu-estagio-abre-5-874-vagas-para-estudantes-de-pedagogia-administracao-e-outros-inscricoes-comecam-nesta-quinta-12\/#respond"]}],"copyrightYear":"2026","copyrightHolder":{"@id":"https:\/\/www.pensarcursos.com.br\/blog\/#organization"}},{"@type":"WebPage","@id":"https:\/\/www.pensarcursos.com.br\/blog\/programa-partiu-estagio-abre-5-874-vagas-para-estudantes-de-pedagogia-administracao-e-outros-inscricoes-comecam-nesta-quinta-12\/","url":"https:\/\/www.pensarcursos.com.br\/blog\/programa-partiu-estagio-abre-5-874-vagas-para-estudantes-de-pedagogia-administracao-e-outros-inscricoes-comecam-nesta-quinta-12\/","name":"Programa Partiu Est\u00e1gio abre 5.874 vagas para estudantes de Pedagogia, Administra\u00e7\u00e3o e outros - Inscri\u00e7\u00f5es come\u00e7am nesta quinta (12) - Blog Pensar Cursos","isPartOf":{"@id":"https:\/\/www.pensarcursos.com.br\/blog\/#website"},"primaryImageOfPage":{"@id":"https:\/\/www.pensarcursos.com.br\/blog\/programa-partiu-estagio-abre-5-874-vagas-para-estudantes-de-pedagogia-administracao-e-outros-inscricoes-comecam-nesta-quinta-12\/#primaryimage"},"image":{"@id":"https:\/\/www.pensarcursos.com.br\/blog\/programa-partiu-estagio-abre-5-874-vagas-para-estudantes-de-pedagogia-administracao-e-outros-inscricoes-comecam-nesta-quinta-12\/#primaryimage"},"thumbnailUrl":"https:\/\/www.pensarcursos.com.br\/blog\/wp-content\/uploads\/2026\/03\/vagas-no-programa-partiu-estagio.jpg","datePublished":"2026-03-12T01:29:07+00:00","description":"Programa Partiu Est\u00e1gio abre 5.874 vagas para estudantes de Pedagogia, Administra\u00e7\u00e3o, Letras e mais em 2026. Inscri\u00e7\u00f5es pela plataforma ba.gov.br de 12\/03 a 10\/04.","breadcrumb":{"@id":"https:\/\/www.pensarcursos.com.br\/blog\/programa-partiu-estagio-abre-5-874-vagas-para-estudantes-de-pedagogia-administracao-e-outros-inscricoes-comecam-nesta-quinta-12\/#breadcrumb"},"inLanguage":"pt-BR","potentialAction":[{"@type":"ReadAction","target":["https:\/\/www.pensarcursos.com.br\/blog\/programa-partiu-estagio-abre-5-874-vagas-para-estudantes-de-pedagogia-administracao-e-outros-inscricoes-comecam-nesta-quinta-12\/"]}]},{"@type":"ImageObject","inLanguage":"pt-BR","@id":"https:\/\/www.pensarcursos.com.br\/blog\/programa-partiu-estagio-abre-5-874-vagas-para-estudantes-de-pedagogia-administracao-e-outros-inscricoes-comecam-nesta-quinta-12\/#primaryimage","url":"https:\/\/www.pensarcursos.com.br\/blog\/wp-content\/uploads\/2026\/03\/vagas-no-programa-partiu-estagio.jpg","contentUrl":"https:\/\/www.pensarcursos.com.br\/blog\/wp-content\/uploads\/2026\/03\/vagas-no-programa-partiu-estagio.jpg","width":1500,"height":965,"caption":"Inscri\u00e7\u00f5es do Programa Partiu Est\u00e1gio come\u00e7am nesta quinta (12) com 5.874 vagas para estudantes da Bahia. Imagem: Freepik"},{"@type":"BreadcrumbList","@id":"https:\/\/www.pensarcursos.com.br\/blog\/programa-partiu-estagio-abre-5-874-vagas-para-estudantes-de-pedagogia-administracao-e-outros-inscricoes-comecam-nesta-quinta-12\/#breadcrumb","itemListElement":[{"@type":"ListItem","position":1,"name":"Home","item":"https:\/\/www.pensarcursos.com.br\/blog\/"},{"@type":"ListItem","position":2,"name":"Programa Partiu Est\u00e1gio abre 5.874 vagas para estudantes de Pedagogia, Administra\u00e7\u00e3o e outros &#8211; Inscri\u00e7\u00f5es come\u00e7am nesta quinta (12)"}]},{"@type":"WebSite","@id":"https:\/\/www.pensarcursos.com.br\/blog\/#website","url":"https:\/\/www.pensarcursos.com.br\/blog\/","name":"Blog Pensar Cursos","description":"Maior Site de Cursos do Brasil","publisher":{"@id":"https:\/\/www.pensarcursos.com.br\/blog\/#organization"},"alternateName":"Blog Pensar","potentialAction":[{"@type":"SearchAction","target":{"@type":"EntryPoint","urlTemplate":"https:\/\/www.pensarcursos.com.br\/blog\/?s={search_term_string}"},"query-input":{"@type":"PropertyValueSpecification","valueRequired":true,"valueName":"search_term_string"}}],"inLanguage":"pt-BR"},{"@type":"Organization","@id":"https:\/\/www.pensarcursos.com.br\/blog\/#organization","name":"Pensar Cursos","alternateName":"Blog pensar","url":"https:\/\/www.pensarcursos.com.br\/blog\/","logo":{"@type":"ImageObject","inLanguage":"pt-BR","@id":"https:\/\/www.pensarcursos.com.br\/blog\/#\/schema\/logo\/image\/","url":"https:\/\/www.pensarcursos.com.br\/blog\/wp-content\/uploads\/2023\/11\/Nova-Logo-Pensar-Cursos-vertical.png","contentUrl":"https:\/\/www.pensarcursos.com.br\/blog\/wp-content\/uploads\/2023\/11\/Nova-Logo-Pensar-Cursos-vertical.png","width":1393,"height":1001,"caption":"Pensar Cursos"},"image":{"@id":"https:\/\/www.pensarcursos.com.br\/blog\/#\/schema\/logo\/image\/"},"sameAs":["https:\/\/www.facebook.com\/pensarcursos\/","https:\/\/instagram.com.br\/pensarcursos"],"description":"Pensar Cursos \u00e9 uma empresa especializada em oferecer cursos de alta qualidade voltados para o desenvolvimento profissional e acad\u00eamico. Com uma ampla gama de op\u00e7\u00f5es de treinamento, oferecemos conte\u00fados atualizados, ministrados por especialistas da \u00e1rea, para capacitar indiv\u00edduos e equipes a atingirem seus objetivos. Nossa miss\u00e3o \u00e9 proporcionar uma educa\u00e7\u00e3o transformadora, acess\u00edvel e personalizada para cada aluno, seja em cursos presenciais ou online. Com uma abordagem inovadora, buscamos adaptar os nossos programas de ensino \u00e0s necessidades do mercado, criando solu\u00e7\u00f5es que atendem aos desafios e exig\u00eancias do mundo corporativo e acad\u00eamico. Nossos cursos incluem desde forma\u00e7\u00f5es t\u00e9cnicas at\u00e9 habilidades essenciais, como lideran\u00e7a, gest\u00e3o e desenvolvimento pessoal.","email":"contato@pensarcursos.com.br","legalName":"Sena Servi\u00e7os de Informa\u00e7\u00e3o Online LTDA","foundingDate":"2013-04-18","vatID":"17956217000172","numberOfEmployees":{"@type":"QuantitativeValue","minValue":"11","maxValue":"50"},"publishingPrinciples":"https:\/\/www.pensarcursos.com.br\/blog\/principios-de-publicacao\/","ownershipFundingInfo":"https:\/\/www.pensarcursos.com.br\/blog\/informacoes-de-propriedade-financiamento\/","actionableFeedbackPolicy":"https:\/\/www.pensarcursos.com.br\/blog\/politica-de-feedback-acionavel\/","correctionsPolicy":"https:\/\/www.pensarcursos.com.br\/blog\/politica-de-correcoes\/","ethicsPolicy":"https:\/\/www.pensarcursos.com.br\/blog\/politica-de-etica\/"},{"@type":"Person","@id":"https:\/\/www.pensarcursos.com.br\/blog\/#\/schema\/person\/827343e4611913410dcf62144b5b2a2d","name":"F\u00e1tima Azevedo","image":{"@type":"ImageObject","inLanguage":"pt-BR","@id":"https:\/\/secure.gravatar.com\/avatar\/ea820c84e212573cc3f119ba576278fe7ad07b69ed7ca0c33223662227bb77ca?s=96&d=mm&r=g","url":"https:\/\/secure.gravatar.com\/avatar\/ea820c84e212573cc3f119ba576278fe7ad07b69ed7ca0c33223662227bb77ca?s=96&d=mm&r=g","contentUrl":"https:\/\/secure.gravatar.com\/avatar\/ea820c84e212573cc3f119ba576278fe7ad07b69ed7ca0c33223662227bb77ca?s=96&d=mm&r=g","caption":"F\u00e1tima Azevedo"},"description":"Graduada em Ci\u00eancias Biol\u00f3gicas. Professora. Redatora grupo Sena Online.","sameAs":["https:\/\/www.linkedin.com\/in\/maria-de-f\u00e1tima-oliveira-da-costa-74a1692a7"],"url":"https:\/\/www.pensarcursos.com.br\/blog\/author\/fatima\/"}]}},"_links":{"self":[{"href":"https:\/\/www.pensarcursos.com.br\/blog\/wp-json\/wp\/v2\/posts\/149473","targetHints":{"allow":["GET"]}}],"collection":[{"href":"https:\/\/www.pensarcursos.com.br\/blog\/wp-json\/wp\/v2\/posts"}],"about":[{"href":"https:\/\/www.pensarcursos.com.br\/blog\/wp-json\/wp\/v2\/types\/post"}],"author":[{"embeddable":true,"href":"https:\/\/www.pensarcursos.com.br\/blog\/wp-json\/wp\/v2\/users\/41"}],"replies":[{"embeddable":true,"href":"https:\/\/www.pensarcursos.com.br\/blog\/wp-json\/wp\/v2\/comments?post=149473"}],"version-history":[{"count":0,"href":"https:\/\/www.pensarcursos.com.br\/blog\/wp-json\/wp\/v2\/posts\/149473\/revisions"}],"wp:featuredmedia":[{"embeddable":true,"href":"https:\/\/www.pensarcursos.com.br\/blog\/wp-json\/wp\/v2\/media\/149483"}],"wp:attachment":[{"href":"https:\/\/www.pensarcursos.com.br\/blog\/wp-json\/wp\/v2\/media?parent=149473"}],"wp:term":[{"taxonomy":"category","embeddable":true,"href":"https:\/\/www.pensarcursos.com.br\/blog\/wp-json\/wp\/v2\/categories?post=149473"},{"taxonomy":"post_tag","embeddable":true,"href":"https:\/\/www.pensarcursos.com.br\/blog\/wp-json\/wp\/v2\/tags?post=149473"}],"curies":[{"name":"wp","href":"https:\/\/api.w.org\/{rel}","templated":true}]}}