{"id":149439,"date":"2026-03-11T19:29:35","date_gmt":"2026-03-11T22:29:35","guid":{"rendered":"https:\/\/www.pensarcursos.com.br\/blog\/?p=149439"},"modified":"2026-03-11T13:18:44","modified_gmt":"2026-03-11T16:18:44","slug":"vai-faltar-combustivel-no-brasil","status":"publish","type":"post","link":"https:\/\/www.pensarcursos.com.br\/blog\/vai-faltar-combustivel-no-brasil\/","title":{"rendered":"Vai faltar combust\u00edvel no Brasil?"},"content":{"rendered":"<p>Artur Watt, diretor-geral da Ag\u00eancia Nacional do Petr\u00f3leo, G\u00e1s Natural e Biocombust\u00edveis (ANP), declarou nesta ter\u00e7a-feira, 10 de mar\u00e7o de 2026, que n\u00e3o existe risco de falta de <a href=\"https:\/\/www.pensarcursos.com.br\/blog\/gasolina-diesel-e-gas-combustiveis-ficam-mais-caros-em-todo-o-brasil\/\" target=\"_blank\" rel=\"noopener\">combust\u00edvel<\/a> no Brasil. A fala ocorreu durante evento oficial da ag\u00eancia no Rio de Janeiro, em resposta \u00e0 recente instabilidade do mercado internacional de petr\u00f3leo.<\/p>\n<p>Segundo Watt, a ag\u00eancia n\u00e3o identificou d\u00e9ficit f\u00edsico de combust\u00edveis no territ\u00f3rio nacional at\u00e9 o momento. O monitoramento regular realizado pela ANP observa os estoques e opera\u00e7\u00f5es de entrega das principais distribuidoras, incluindo a Petrobras, apontando para abastecimento est\u00e1vel.<\/p>\n<p>Mesmo diante de oscila\u00e7\u00f5es e incertezas globais, a ag\u00eancia indicou, em pronunciamento oficial, que os estoques internos seguem em n\u00edveis regulares e n\u00e3o h\u00e1 falhas sist\u00eamicas detectadas que prejudiquem a circula\u00e7\u00e3o de combust\u00edveis pelo pa\u00eds.<\/p>\n<p>Apesar de relatos restritos a algumas \u00e1reas, como dificuldades pontuais de aquisi\u00e7\u00e3o de diesel por produtores rurais no Rio Grande do Sul, a ANP acompanha de perto esses casos para evitar eventuais gargalos locais no abastecimento nacional.<\/p>\n<h2>Monitoramento cont\u00ednuo e respostas regionais mant\u00eam fluxo de combust\u00edveis<\/h2>\n<p>De acordo com informa\u00e7\u00f5es da ANP, o monitoramento do mercado ocorre diariamente por meio de sistemas informatizados e do recebimento direto de reclama\u00e7\u00f5es de consumidores e agentes dos setores produtivos. Segundo Artur Watt, a equipe avalia cada novo epis\u00f3dio relatado no intuito de impedir anomalias no fluxo dos combust\u00edveis essenciais, como gasolina, diesel e etanol.<\/p>\n<figure id=\"attachment_149462\" aria-describedby=\"caption-attachment-149462\" style=\"width: 750px\" class=\"wp-caption alignnone\"><img decoding=\"async\" class=\"wp-image-149462 size-jnews-featured-750\" src=\"https:\/\/www.pensarcursos.com.br\/blog\/wp-content\/uploads\/2026\/03\/combustivel-no-Brasil-750x500.webp\" alt=\"M\u00e3o segura bomba de combust\u00edvel verde enquanto abastece carro em posto\" width=\"750\" height=\"500\" srcset=\"https:\/\/www.pensarcursos.com.br\/blog\/wp-content\/uploads\/2026\/03\/combustivel-no-Brasil-750x500.webp 750w, https:\/\/www.pensarcursos.com.br\/blog\/wp-content\/uploads\/2026\/03\/combustivel-no-Brasil-300x200.webp 300w, https:\/\/www.pensarcursos.com.br\/blog\/wp-content\/uploads\/2026\/03\/combustivel-no-Brasil-1024x683.webp 1024w, https:\/\/www.pensarcursos.com.br\/blog\/wp-content\/uploads\/2026\/03\/combustivel-no-Brasil-768x512.webp 768w, https:\/\/www.pensarcursos.com.br\/blog\/wp-content\/uploads\/2026\/03\/combustivel-no-Brasil-1536x1024.webp 1536w, https:\/\/www.pensarcursos.com.br\/blog\/wp-content\/uploads\/2026\/03\/combustivel-no-Brasil-2048x1365.webp 2048w, https:\/\/www.pensarcursos.com.br\/blog\/wp-content\/uploads\/2026\/03\/combustivel-no-Brasil-1140x760.webp 1140w\" sizes=\"(max-width: 750px) 100vw, 750px\" \/><figcaption id=\"caption-attachment-149462\" class=\"wp-caption-text\">Continue lendo e entenda a motiva\u00e7\u00e3o do pronunciamento da ANP. Foto: Freepik<\/figcaption><\/figure>\n<p>A ag\u00eancia reconheceu, oficialmente, que foram recebidos avisos de dificuldades para a compra de diesel em alguns munic\u00edpios do Rio Grande do Sul. A situa\u00e7\u00e3o, por\u00e9m, n\u00e3o se estende a todo o Brasil e at\u00e9 o momento n\u00e3o h\u00e1 impacto significativo no quadro geral de abastecimento.<\/p>\n<p>&#8220;N\u00e3o <a href=\"https:\/\/www.pensarcursos.com.br\/blog\/91916-2\/\" target=\"_blank\" rel=\"noopener\">subestimamos<\/a> a situa\u00e7\u00e3o de forma nenhuma. Estamos avaliando diariamente cada momento para garantir que o mercado funcione normalmente e que os estoques estejam circulando&#8221;, afirmou Watt, refor\u00e7ando a transpar\u00eancia do \u00f3rg\u00e3o regulador quanto aos procedimentos de monitoramento e resposta.<\/p>\n<h2>Estabilidade dos estoques e atua\u00e7\u00e3o da Petrobras<\/h2>\n<p>A Petrobras permanece entre os principais agentes observados pelo sistema regulador da ANP. Conforme informado pelo diretor-geral, a estatal mant\u00e9m estoques classificados como regulares, dando suporte ao abastecimento nacional em meio \u00e0 volatilidade internacional.<\/p>\n<p>Conforme o \u00f3rg\u00e3o regulador, seguem normais as opera\u00e7\u00f5es de entrega \u00e0s distribuidoras e postos, sem interrup\u00e7\u00f5es reportadas em grandes centros urbanos ou \u00e1reas estrat\u00e9gicas.<\/p>\n<p>O acompanhamento das opera\u00e7\u00f5es \u00e9 parte dos esfor\u00e7os do setor para antecipar poss\u00edveis impactos log\u00edsticos, especialmente em per\u00edodos de maior demanda, como eventos sazonais ou altera\u00e7\u00f5es no comportamento do mercado global de combust\u00edveis f\u00f3sseis.<\/p>\n<h2>Contexto recente do mercado de combust\u00edveis f\u00f3sseis<\/h2>\n<p>O an\u00fancio da ANP foi motivado por oscila\u00e7\u00f5es recentes no pre\u00e7o do petr\u00f3leo, que elevaram discuss\u00f5es sobre uma potencial crise energ\u00e9tica e risco de falta de combust\u00edvel no Brasil. Apesar das incertezas geopol\u00edticas e do aumento recente nas cota\u00e7\u00f5es internacionais, a ag\u00eancia assegura, com base em dados atualizados, a regularidade do abastecimento interno.<\/p>\n<p>Movimentos de aumento no pre\u00e7o dos combust\u00edveis continuam sendo monitorados, com aten\u00e7\u00e3o aos poss\u00edveis impactos para consumidores e setores produtivos, inclusive considerando gargalos observados somente em situa\u00e7\u00f5es pontuais.<\/p>\n<p>Para ficar por dentro das \u00faltimas not\u00edcias, acompanhe o <a href=\"https:\/\/www.pensarcursos.com.br\/blog\/\" target=\"_blank\" rel=\"noopener\"><strong>Blog Pensar Cursos<\/strong><\/a> diariamente e mantenha-se sempre informado.<\/p>\n","protected":false},"excerpt":{"rendered":"<p>Artur Watt, diretor-geral da Ag\u00eancia Nacional do Petr\u00f3leo, G\u00e1s Natural e Biocombust\u00edveis (ANP), declarou nesta ter\u00e7a-feira, 10 de mar\u00e7o de 2026, que n\u00e3o existe risco de falta de combust\u00edvel no Brasil. A fala ocorreu durante evento oficial da ag\u00eancia no Rio de Janeiro, em resposta \u00e0 recente instabilidade do mercado internacional de petr\u00f3leo. Segundo Watt, [&hellip;]<\/p>\n","protected":false},"author":62,"featured_media":149460,"comment_status":"open","ping_status":"closed","sticky":false,"template":"","format":"standard","meta":{"jnews-multi-image_gallery":[],"jnews_single_post":{"format":"standard","override":[{"template":"1","parallax":"1","fullscreen":"1","layout":"right-sidebar","sidebar":"default-sidebar","second_sidebar":"default-sidebar","sticky_sidebar":"1","share_position":"topbottom","share_float_style":"share-monocrhome","show_featured":"1","show_post_meta":"1","show_post_author":"1","show_post_author_image":"1","show_post_date":"1","post_date_format":"default","post_date_format_custom":"Y\/m\/d","show_post_category":"1","post_reading_time_wpm":"300","post_calculate_word_method":"str_word_count","show_zoom_button":"0","zoom_button_out_step":"2","zoom_button_in_step":"3","show_post_tag":"1","show_prev_next_post":"1","show_popup_post":"1","show_comment_section":"1","number_popup_post":"2","show_author_box":"1","show_post_related":"1","show_inline_post_related":"1"}],"image_override":[{"single_post_thumbnail_size":"crop-500","single_post_gallery_size":"crop-500"}],"trending_post_position":"meta","trending_post_label":"Trending","sponsored_post_label":"Sponsored by","disable_ad":"0","subtitle":"Monitoramento inclui falhas pontuais no Rio Grande do Sul, mas descarta crise de abastecimento nacional"},"jnews_primary_category":[],"jnews_social_meta":[],"jnews_override_counter":{"view_counter_number":"0","share_counter_number":"0","like_counter_number":"0","dislike_counter_number":"0"},"footnotes":""},"categories":[22],"tags":[39473,39475,39474,18923],"class_list":["post-149439","post","type-post","status-publish","format-standard","has-post-thumbnail","hentry","category-noticias","tag-abastecimento","tag-crise-energetica","tag-mercado-de-combustiveis","tag-petroleo"],"yoast_head":"<!-- This site is optimized with the Yoast SEO Premium plugin v27.4 (Yoast SEO v27.4) - https:\/\/yoast.com\/product\/yoast-seo-premium-wordpress\/ -->\n<title>Vai faltar combust\u00edvel no Brasil? - Blog Pensar Cursos<\/title>\n<meta name=\"description\" content=\"ANP garante que n\u00e3o h\u00e1 risco de falta de combust\u00edvel no Brasil em 2026, mesmo com instabilidade global. Estoques seguem regulares. Veja os detalhes!\" \/>\n<meta name=\"robots\" content=\"index, follow, max-snippet:-1, max-image-preview:large, max-video-preview:-1\" \/>\n<link rel=\"canonical\" href=\"https:\/\/www.pensarcursos.com.br\/blog\/vai-faltar-combustivel-no-brasil\/\" \/>\n<meta property=\"og:locale\" content=\"pt_BR\" \/>\n<meta property=\"og:type\" content=\"article\" \/>\n<meta property=\"og:title\" content=\"Vai faltar combust\u00edvel no Brasil?\" \/>\n<meta property=\"og:description\" content=\"ANP garante que n\u00e3o h\u00e1 risco de falta de combust\u00edvel no Brasil em 2026, mesmo com instabilidade global. Estoques seguem regulares. Veja os detalhes!\" \/>\n<meta property=\"og:url\" content=\"https:\/\/www.pensarcursos.com.br\/blog\/vai-faltar-combustivel-no-brasil\/\" \/>\n<meta property=\"og:site_name\" content=\"Blog Pensar Cursos\" \/>\n<meta property=\"article:publisher\" content=\"https:\/\/www.facebook.com\/pensarcursos\/\" \/>\n<meta property=\"article:published_time\" content=\"2026-03-11T22:29:35+00:00\" \/>\n<meta property=\"og:image\" content=\"https:\/\/www.pensarcursos.com.br\/blog\/wp-content\/uploads\/2026\/03\/falta-de-combustivel-no-brasil-scaled.webp\" \/>\n\t<meta property=\"og:image:width\" content=\"2560\" \/>\n\t<meta property=\"og:image:height\" content=\"1707\" \/>\n\t<meta property=\"og:image:type\" content=\"image\/webp\" \/>\n<meta name=\"author\" content=\"Gustavo Carvalho\" \/>\n<meta name=\"twitter:card\" content=\"summary_large_image\" \/>\n<meta name=\"twitter:label1\" content=\"Escrito por\" \/>\n\t<meta name=\"twitter:data1\" content=\"Gustavo Carvalho\" \/>\n\t<meta name=\"twitter:label2\" content=\"Est. tempo de leitura\" \/>\n\t<meta name=\"twitter:data2\" content=\"4 minutos\" \/>\n<!-- \/ Yoast SEO Premium plugin. -->","yoast_head_json":{"title":"Vai faltar combust\u00edvel no Brasil? - Blog Pensar Cursos","description":"ANP garante que n\u00e3o h\u00e1 risco de falta de combust\u00edvel no Brasil em 2026, mesmo com instabilidade global. Estoques seguem regulares. Veja os detalhes!","robots":{"index":"index","follow":"follow","max-snippet":"max-snippet:-1","max-image-preview":"max-image-preview:large","max-video-preview":"max-video-preview:-1"},"canonical":"https:\/\/www.pensarcursos.com.br\/blog\/vai-faltar-combustivel-no-brasil\/","og_locale":"pt_BR","og_type":"article","og_title":"Vai faltar combust\u00edvel no Brasil?","og_description":"ANP garante que n\u00e3o h\u00e1 risco de falta de combust\u00edvel no Brasil em 2026, mesmo com instabilidade global. Estoques seguem regulares. Veja os detalhes!","og_url":"https:\/\/www.pensarcursos.com.br\/blog\/vai-faltar-combustivel-no-brasil\/","og_site_name":"Blog Pensar Cursos","article_publisher":"https:\/\/www.facebook.com\/pensarcursos\/","article_published_time":"2026-03-11T22:29:35+00:00","og_image":[{"width":2560,"height":1707,"url":"https:\/\/www.pensarcursos.com.br\/blog\/wp-content\/uploads\/2026\/03\/falta-de-combustivel-no-brasil-scaled.webp","type":"image\/webp"}],"author":"Gustavo Carvalho","twitter_card":"summary_large_image","twitter_misc":{"Escrito por":"Gustavo Carvalho","Est. tempo de leitura":"4 minutos"},"schema":{"@context":"https:\/\/schema.org","@graph":[{"@type":["Article","BlogPosting"],"@id":"https:\/\/www.pensarcursos.com.br\/blog\/vai-faltar-combustivel-no-brasil\/#article","isPartOf":{"@id":"https:\/\/www.pensarcursos.com.br\/blog\/vai-faltar-combustivel-no-brasil\/"},"author":{"name":"Gustavo Carvalho","@id":"https:\/\/www.pensarcursos.com.br\/blog\/#\/schema\/person\/9afea5510aa32a28c7f997b61d3f9959"},"headline":"Vai faltar combust\u00edvel no Brasil?","datePublished":"2026-03-11T22:29:35+00:00","mainEntityOfPage":{"@id":"https:\/\/www.pensarcursos.com.br\/blog\/vai-faltar-combustivel-no-brasil\/"},"wordCount":616,"commentCount":0,"publisher":{"@id":"https:\/\/www.pensarcursos.com.br\/blog\/#organization"},"image":{"@id":"https:\/\/www.pensarcursos.com.br\/blog\/vai-faltar-combustivel-no-brasil\/#primaryimage"},"thumbnailUrl":"https:\/\/www.pensarcursos.com.br\/blog\/wp-content\/uploads\/2026\/03\/falta-de-combustivel-no-brasil-scaled.webp","keywords":["abastecimento","crise energ\u00e9tica","mercado de combust\u00edveis","petr\u00f3leo"],"articleSection":["Not\u00edcias"],"inLanguage":"pt-BR","potentialAction":[{"@type":"CommentAction","name":"Comment","target":["https:\/\/www.pensarcursos.com.br\/blog\/vai-faltar-combustivel-no-brasil\/#respond"]}],"copyrightYear":"2026","copyrightHolder":{"@id":"https:\/\/www.pensarcursos.com.br\/blog\/#organization"}},{"@type":"WebPage","@id":"https:\/\/www.pensarcursos.com.br\/blog\/vai-faltar-combustivel-no-brasil\/","url":"https:\/\/www.pensarcursos.com.br\/blog\/vai-faltar-combustivel-no-brasil\/","name":"Vai faltar combust\u00edvel no Brasil? - Blog Pensar Cursos","isPartOf":{"@id":"https:\/\/www.pensarcursos.com.br\/blog\/#website"},"primaryImageOfPage":{"@id":"https:\/\/www.pensarcursos.com.br\/blog\/vai-faltar-combustivel-no-brasil\/#primaryimage"},"image":{"@id":"https:\/\/www.pensarcursos.com.br\/blog\/vai-faltar-combustivel-no-brasil\/#primaryimage"},"thumbnailUrl":"https:\/\/www.pensarcursos.com.br\/blog\/wp-content\/uploads\/2026\/03\/falta-de-combustivel-no-brasil-scaled.webp","datePublished":"2026-03-11T22:29:35+00:00","description":"ANP garante que n\u00e3o h\u00e1 risco de falta de combust\u00edvel no Brasil em 2026, mesmo com instabilidade global. Estoques seguem regulares. Veja os detalhes!","breadcrumb":{"@id":"https:\/\/www.pensarcursos.com.br\/blog\/vai-faltar-combustivel-no-brasil\/#breadcrumb"},"inLanguage":"pt-BR","potentialAction":[{"@type":"ReadAction","target":["https:\/\/www.pensarcursos.com.br\/blog\/vai-faltar-combustivel-no-brasil\/"]}]},{"@type":"ImageObject","inLanguage":"pt-BR","@id":"https:\/\/www.pensarcursos.com.br\/blog\/vai-faltar-combustivel-no-brasil\/#primaryimage","url":"https:\/\/www.pensarcursos.com.br\/blog\/wp-content\/uploads\/2026\/03\/falta-de-combustivel-no-brasil-scaled.webp","contentUrl":"https:\/\/www.pensarcursos.com.br\/blog\/wp-content\/uploads\/2026\/03\/falta-de-combustivel-no-brasil-scaled.webp","width":2560,"height":1707,"caption":"Estoques das distribuidoras permanecem regulares ap\u00f3s avalia\u00e7\u00e3o da ANP. Foto: Freepik"},{"@type":"BreadcrumbList","@id":"https:\/\/www.pensarcursos.com.br\/blog\/vai-faltar-combustivel-no-brasil\/#breadcrumb","itemListElement":[{"@type":"ListItem","position":1,"name":"Home","item":"https:\/\/www.pensarcursos.com.br\/blog\/"},{"@type":"ListItem","position":2,"name":"Vai faltar combust\u00edvel no Brasil?"}]},{"@type":"WebSite","@id":"https:\/\/www.pensarcursos.com.br\/blog\/#website","url":"https:\/\/www.pensarcursos.com.br\/blog\/","name":"Blog Pensar Cursos","description":"Maior Site de Cursos do Brasil","publisher":{"@id":"https:\/\/www.pensarcursos.com.br\/blog\/#organization"},"alternateName":"Blog Pensar","potentialAction":[{"@type":"SearchAction","target":{"@type":"EntryPoint","urlTemplate":"https:\/\/www.pensarcursos.com.br\/blog\/?s={search_term_string}"},"query-input":{"@type":"PropertyValueSpecification","valueRequired":true,"valueName":"search_term_string"}}],"inLanguage":"pt-BR"},{"@type":"Organization","@id":"https:\/\/www.pensarcursos.com.br\/blog\/#organization","name":"Pensar Cursos","alternateName":"Blog pensar","url":"https:\/\/www.pensarcursos.com.br\/blog\/","logo":{"@type":"ImageObject","inLanguage":"pt-BR","@id":"https:\/\/www.pensarcursos.com.br\/blog\/#\/schema\/logo\/image\/","url":"https:\/\/www.pensarcursos.com.br\/blog\/wp-content\/uploads\/2023\/11\/Nova-Logo-Pensar-Cursos-vertical.png","contentUrl":"https:\/\/www.pensarcursos.com.br\/blog\/wp-content\/uploads\/2023\/11\/Nova-Logo-Pensar-Cursos-vertical.png","width":1393,"height":1001,"caption":"Pensar Cursos"},"image":{"@id":"https:\/\/www.pensarcursos.com.br\/blog\/#\/schema\/logo\/image\/"},"sameAs":["https:\/\/www.facebook.com\/pensarcursos\/","https:\/\/instagram.com.br\/pensarcursos"],"description":"Pensar Cursos \u00e9 uma empresa especializada em oferecer cursos de alta qualidade voltados para o desenvolvimento profissional e acad\u00eamico. Com uma ampla gama de op\u00e7\u00f5es de treinamento, oferecemos conte\u00fados atualizados, ministrados por especialistas da \u00e1rea, para capacitar indiv\u00edduos e equipes a atingirem seus objetivos. Nossa miss\u00e3o \u00e9 proporcionar uma educa\u00e7\u00e3o transformadora, acess\u00edvel e personalizada para cada aluno, seja em cursos presenciais ou online. Com uma abordagem inovadora, buscamos adaptar os nossos programas de ensino \u00e0s necessidades do mercado, criando solu\u00e7\u00f5es que atendem aos desafios e exig\u00eancias do mundo corporativo e acad\u00eamico. Nossos cursos incluem desde forma\u00e7\u00f5es t\u00e9cnicas at\u00e9 habilidades essenciais, como lideran\u00e7a, gest\u00e3o e desenvolvimento pessoal.","email":"contato@pensarcursos.com.br","legalName":"Sena Servi\u00e7os de Informa\u00e7\u00e3o Online LTDA","foundingDate":"2013-04-18","vatID":"17956217000172","numberOfEmployees":{"@type":"QuantitativeValue","minValue":"11","maxValue":"50"},"publishingPrinciples":"https:\/\/www.pensarcursos.com.br\/blog\/principios-de-publicacao\/","ownershipFundingInfo":"https:\/\/www.pensarcursos.com.br\/blog\/informacoes-de-propriedade-financiamento\/","actionableFeedbackPolicy":"https:\/\/www.pensarcursos.com.br\/blog\/politica-de-feedback-acionavel\/","correctionsPolicy":"https:\/\/www.pensarcursos.com.br\/blog\/politica-de-correcoes\/","ethicsPolicy":"https:\/\/www.pensarcursos.com.br\/blog\/politica-de-etica\/"},{"@type":"Person","@id":"https:\/\/www.pensarcursos.com.br\/blog\/#\/schema\/person\/9afea5510aa32a28c7f997b61d3f9959","name":"Gustavo Carvalho","image":{"@type":"ImageObject","inLanguage":"pt-BR","@id":"https:\/\/secure.gravatar.com\/avatar\/9d0ce64fdfa34fad70760fb6a6076a2a02e4a50981dc7195c901e8801552aaa5?s=96&d=mm&r=g","url":"https:\/\/secure.gravatar.com\/avatar\/9d0ce64fdfa34fad70760fb6a6076a2a02e4a50981dc7195c901e8801552aaa5?s=96&d=mm&r=g","contentUrl":"https:\/\/secure.gravatar.com\/avatar\/9d0ce64fdfa34fad70760fb6a6076a2a02e4a50981dc7195c901e8801552aaa5?s=96&d=mm&r=g","caption":"Gustavo Carvalho"},"description":"Redator do Grupo Sena Online","sameAs":["https:\/\/www.instagram.com\/crl_gustav?igsh=cGZhOXRsMWM1MzFp&utm_source=qr"],"url":"https:\/\/www.pensarcursos.com.br\/blog\/author\/gustavo\/"}]}},"_links":{"self":[{"href":"https:\/\/www.pensarcursos.com.br\/blog\/wp-json\/wp\/v2\/posts\/149439","targetHints":{"allow":["GET"]}}],"collection":[{"href":"https:\/\/www.pensarcursos.com.br\/blog\/wp-json\/wp\/v2\/posts"}],"about":[{"href":"https:\/\/www.pensarcursos.com.br\/blog\/wp-json\/wp\/v2\/types\/post"}],"author":[{"embeddable":true,"href":"https:\/\/www.pensarcursos.com.br\/blog\/wp-json\/wp\/v2\/users\/62"}],"replies":[{"embeddable":true,"href":"https:\/\/www.pensarcursos.com.br\/blog\/wp-json\/wp\/v2\/comments?post=149439"}],"version-history":[{"count":0,"href":"https:\/\/www.pensarcursos.com.br\/blog\/wp-json\/wp\/v2\/posts\/149439\/revisions"}],"wp:featuredmedia":[{"embeddable":true,"href":"https:\/\/www.pensarcursos.com.br\/blog\/wp-json\/wp\/v2\/media\/149460"}],"wp:attachment":[{"href":"https:\/\/www.pensarcursos.com.br\/blog\/wp-json\/wp\/v2\/media?parent=149439"}],"wp:term":[{"taxonomy":"category","embeddable":true,"href":"https:\/\/www.pensarcursos.com.br\/blog\/wp-json\/wp\/v2\/categories?post=149439"},{"taxonomy":"post_tag","embeddable":true,"href":"https:\/\/www.pensarcursos.com.br\/blog\/wp-json\/wp\/v2\/tags?post=149439"}],"curies":[{"name":"wp","href":"https:\/\/api.w.org\/{rel}","templated":true}]}}