{"id":149428,"date":"2026-03-11T18:19:29","date_gmt":"2026-03-11T21:19:29","guid":{"rendered":"https:\/\/www.pensarcursos.com.br\/blog\/?p=149428"},"modified":"2026-03-18T08:10:02","modified_gmt":"2026-03-18T11:10:02","slug":"precisa-tirar-a-carteira-de-identidade-sac-movel-oferece-atendimento-ate-o-dia-17-de-marco","status":"publish","type":"post","link":"https:\/\/www.pensarcursos.com.br\/blog\/precisa-tirar-a-carteira-de-identidade-sac-movel-oferece-atendimento-ate-o-dia-17-de-marco\/","title":{"rendered":"Precisa tirar a Carteira de Identidade? SAC M\u00f3vel oferece atendimento at\u00e9 o dia 17 de mar\u00e7o"},"content":{"rendered":"<p>Moradores que precisam tirar a <strong>Carteira de Identidade<\/strong> ter\u00e3o uma nova oportunidade de atendimento nos pr\u00f3ximos dias. O <strong>SAC M\u00f3vel<\/strong> est\u00e1 oferecendo servi\u00e7os gratuitos e seguir\u00e1 atendendo a popula\u00e7\u00e3o <strong>at\u00e9 o dia 17 de mar\u00e7o<\/strong>.<\/p>\n<p>A iniciativa busca facilitar o acesso da popula\u00e7\u00e3o a atendimentos importantes sem a necessidade de se deslocar para unidades fixas do SAC.<\/p>\n<p>Confira a seguir onde o atendimento est\u00e1 sendo realizado e quais servi\u00e7os podem ser solicitados durante a a\u00e7\u00e3o.<\/p>\n<h2>Vantagens do atendimento do SAC M\u00f3vel<\/h2>\n<p>Utilizar o SAC M\u00f3vel tem muitos benef\u00edcios para a popula\u00e7\u00e3o. Al\u00e9m de economizar tempo e recursos com deslocamentos, a iniciativa facilita o acesso \u00e0 documenta\u00e7\u00e3o b\u00e1sica.<\/p>\n<p>Em especial para quem mora em \u00e1reas rurais ou localidades distantes de centros urbanos, o atendimento m\u00f3vel reduz barreiras e amplia o alcance dos servi\u00e7os p\u00fablicos.<\/p>\n<p>Outro diferencial \u00e9 a qualidade do atendimento, j\u00e1 que os profissionais s\u00e3o treinados para oferecer suporte completo ao cidad\u00e3o.<\/p>\n<p>O ambiente \u00e9 organizado para reduzir burocracias e tornar o processo de solicita\u00e7\u00e3o de documentos mais eficiente.<\/p>\n<h2>Quais servi\u00e7os est\u00e3o dispon\u00edveis<\/h2>\n<p>A unidade m\u00f3vel oferece alguns dos principais atendimentos procurados pelos cidad\u00e3os, como emiss\u00e3o da primeira via da Carteira de Identidade Nacional (CIN), consulta de <strong>antecedentes criminais<\/strong> e atendimento da <strong>Ouvidoria Geral do Estado<\/strong> (OGE).<\/p>\n<p>A iniciativa busca facilitar o acesso da popula\u00e7\u00e3o a servi\u00e7os p\u00fablicos sem a necessidade de deslocamento para unidades fixas.<\/p>\n<h2>Novo modelo utiliza CPF como n\u00famero \u00fanico<\/h2>\n<p>Uma das principais mudan\u00e7as da nova <a href=\"https:\/\/www.pensarcursos.com.br\/blog\/como-a-nova-carteira-de-identidade-pode-facilitar-a-vida-de-quem-se-muda-de-estado\/\" target=\"_blank\" rel=\"noopener\">Carteira de Identidade<\/a> Nacional \u00e9 a ado\u00e7\u00e3o do <strong>CPF como n\u00famero \u00fanico de identifica\u00e7\u00e3o<\/strong>.<\/p>\n<p>Com essa integra\u00e7\u00e3o, o documento passa a concentrar diferentes informa\u00e7\u00f5es em um \u00fanico registro, reduzindo duplicidades e facilitando a identifica\u00e7\u00e3o do cidad\u00e3o em servi\u00e7os p\u00fablicos e privados.<\/p>\n<p>Al\u00e9m dos dados b\u00e1sicos, a nova identidade permite incluir informa\u00e7\u00f5es adicionais importantes, como condi\u00e7\u00f5es de sa\u00fade, Transtorno do Espectro Autista (TEA), defici\u00eancias auditivas, visuais, f\u00edsicas ou intelectuais, tipo sangu\u00edneo, fator RH e a indica\u00e7\u00e3o de doador de \u00f3rg\u00e3os.<\/p>\n<figure id=\"attachment_149458\" aria-describedby=\"caption-attachment-149458\" style=\"width: 1200px\" class=\"wp-caption aligncenter\"><img decoding=\"async\" class=\"wp-image-149458 size-full\" src=\"https:\/\/www.pensarcursos.com.br\/blog\/wp-content\/uploads\/2026\/03\/sac-movel-emissao-nova-carteira-identidade-itabuna.jpg.png\" alt=\"SAC m\u00f3vel realizando atendimento para emiss\u00e3o da nova carteira de identidade\" width=\"1200\" height=\"800\" srcset=\"https:\/\/www.pensarcursos.com.br\/blog\/wp-content\/uploads\/2026\/03\/sac-movel-emissao-nova-carteira-identidade-itabuna.jpg.png 1200w, https:\/\/www.pensarcursos.com.br\/blog\/wp-content\/uploads\/2026\/03\/sac-movel-emissao-nova-carteira-identidade-itabuna.jpg-300x200.png 300w, https:\/\/www.pensarcursos.com.br\/blog\/wp-content\/uploads\/2026\/03\/sac-movel-emissao-nova-carteira-identidade-itabuna.jpg-1024x683.png 1024w, https:\/\/www.pensarcursos.com.br\/blog\/wp-content\/uploads\/2026\/03\/sac-movel-emissao-nova-carteira-identidade-itabuna.jpg-768x512.png 768w, https:\/\/www.pensarcursos.com.br\/blog\/wp-content\/uploads\/2026\/03\/sac-movel-emissao-nova-carteira-identidade-itabuna.jpg-750x500.png 750w, https:\/\/www.pensarcursos.com.br\/blog\/wp-content\/uploads\/2026\/03\/sac-movel-emissao-nova-carteira-identidade-itabuna.jpg-1140x760.png 1140w\" sizes=\"(max-width: 1200px) 100vw, 1200px\" \/><figcaption id=\"caption-attachment-149458\" class=\"wp-caption-text\">Confira onde est\u00e1 acontecendo o atendimento do SAC M\u00f3vel para emiss\u00e3o da nova carteira de identidade. Imagem: Governo da Bahia<\/figcaption><\/figure>\n<h2>Onde acontece o atendimento do SAC M\u00f3vel<\/h2>\n<p>A cidade de <strong>Itabuna<\/strong>, no sul da Bahia, come\u00e7ou a receber <strong>nesta quarta-feira (11)<\/strong> a carreta do SAC M\u00f3vel, unidade itinerante que oferece servi\u00e7os p\u00fablicos \u00e0 popula\u00e7\u00e3o.<\/p>\n<p>O atendimento acontece no <strong>estacionamento da C\u00e2mara de Vereadores<\/strong> do munic\u00edpio.<\/p>\n<p>O funcionamento ocorre das <strong>7h30 \u00e0s 17h<\/strong>, com distribui\u00e7\u00e3o de senhas limitadas e atendimento realizado <strong>por ordem de chegada<\/strong>.<\/p>\n<p>Durante o per\u00edodo de funcionamento, os servi\u00e7os n\u00e3o ser\u00e3o oferecidos no <strong>domingo (15)<\/strong>.<\/p>\n<h2>Documento para emiss\u00e3o da nova Carteira de Identidade Nacional<\/h2>\n<p>A<a href=\"https:\/\/www.pensarcursos.com.br\/blog\/carteira-de-identidade-nacional-cin-veja-o-passo-a-passo-para-emitir-seu-documento-em-2026\/\" rel=\"noopener\"> emiss\u00e3o da Carteira de Identidade Nacional<\/a> (CIN) \u00e9 realizada mediante a apresenta\u00e7\u00e3o dos documentos exigidos no momento do atendimento. Para solicitar o documento, o cidad\u00e3o deve apresentar a certid\u00e3o de nascimento original ou a certid\u00e3o correspondente ao estado civil.<\/p>\n<p>Caso a certid\u00e3o esteja plastificada, tamb\u00e9m \u00e9 necess\u00e1rio apresentar uma c\u00f3pia do documento.<\/p>\n<p>A <strong>primeira via da CIN \u00e9 gratuita<\/strong>.<\/p>\n<h2>Onde encontrar o SAC M\u00f3vel em funcionamento?<\/h2>\n<p>O cronograma do SAC M\u00f3vel \u00e9 atualizado periodicamente no <a href=\"https:\/\/www.ba.gov.br\/\" target=\"_blank\" rel=\"noopener\">site oficial do SAC<\/a> e nos canais das prefeituras.<\/p>\n<p>As cidades e bairros atendidos variam conforme planejamento log\u00edstico, priorizando regi\u00f5es com maior demanda e menor acesso a postos fixos.<\/p>\n<p>Quem pretende emitir a Carteira de Identidade deve consultar previamente o cronograma, pois as datas de cada localidade s\u00e3o restritas e atendem a uma agenda espec\u00edfica.<\/p>\n<h2 class=\"text-center\">Documento tamb\u00e9m possui vers\u00e3o digital<\/h2>\n<p>Al\u00e9m da vers\u00e3o f\u00edsica, a nova carteira de identidade tamb\u00e9m possui vers\u00e3o digital.<\/p>\n<p>Ap\u00f3s a emiss\u00e3o do documento impresso, o cidad\u00e3o poder\u00e1 acessar a vers\u00e3o digital <strong>no portal gov.br<\/strong>, normalmente <strong>em at\u00e9 tr\u00eas dias<\/strong>.<\/p>\n<p>A vers\u00e3o digital tem a mesma validade jur\u00eddica do documento f\u00edsico e pode ser apresentada diretamente pelo celular.<\/p>\n<h2>Qual \u00e9 o prazo de validade da nova identidade<\/h2>\n<p>A validade da <strong>Carteira de Identidade Nacional<\/strong> varia de acordo com a idade do cidad\u00e3o.<\/p>\n<p>Os prazos definidos s\u00e3o:<\/p>\n<ul>\n<li><strong>At\u00e9 12 anos:<\/strong> validade de 5 anos<\/li>\n<li><strong>De 12 a 60 anos:<\/strong> validade de 10 anos<\/li>\n<li><strong>Acima de 60 anos:<\/strong> validade indeterminada<\/li>\n<\/ul>\n<p>Essas regras fazem parte da padroniza\u00e7\u00e3o nacional do novo documento.<\/p>\n<h2>At\u00e9 quando o RG antigo ser\u00e1 v\u00e1lido<\/h2>\n<p>Apesar da implanta\u00e7\u00e3o do novo modelo, n\u00e3o \u00e9 necess\u00e1rio substituir o documento antigo imediatamente. O RG atual continuar\u00e1 v\u00e1lido em todo o Brasil at\u00e9<strong> fevereiro de 2032<\/strong>.<\/p>\n<p>A partir de <strong>mar\u00e7o de 2032<\/strong>, a <strong>Carteira de Identidade Nacional passar\u00e1 a ser obrigat\u00f3ria<\/strong> para todos os cidad\u00e3os brasileiros.<\/p>\n<p>Para acompanhar mais atualiza\u00e7\u00f5es sobre documentos, continue acessando o <a href=\"https:\/\/www.pensarcursos.com.br\/blog\/\" rel=\"noopener\"><strong>Blog Pensar Cursos<\/strong>.<\/a><\/p>\n<p>Assista ao v\u00eddeo e saiba mais detalhes sobre a nova Carteira de Identidade Nacional (CIN):<\/p>\n","protected":false},"excerpt":{"rendered":"<p>Moradores que precisam tirar a Carteira de Identidade ter\u00e3o uma nova oportunidade de atendimento nos pr\u00f3ximos dias. O SAC M\u00f3vel est\u00e1 oferecendo servi\u00e7os gratuitos e seguir\u00e1 atendendo a popula\u00e7\u00e3o at\u00e9 o dia 17 de mar\u00e7o. A iniciativa busca facilitar o acesso da popula\u00e7\u00e3o a atendimentos importantes sem a necessidade de se deslocar para unidades fixas [&hellip;]<\/p>\n","protected":false},"author":55,"featured_media":149456,"comment_status":"open","ping_status":"closed","sticky":false,"template":"","format":"standard","meta":{"jnews-multi-image_gallery":[],"jnews_single_post":{"subtitle":"Veja onde o atendimento est\u00e1 sendo realizado e quais servi\u00e7os est\u00e3o dispon\u00edveis para a popula\u00e7\u00e3o.","format":"standard","override":[{"template":"1","parallax":"1","fullscreen":"1","layout":"right-sidebar","sidebar":"default-sidebar","second_sidebar":"default-sidebar","sticky_sidebar":"1","share_position":"topbottom","share_float_style":"share-monocrhome","show_featured":"1","show_post_meta":"1","show_post_author":"1","show_post_author_image":"1","show_post_date":"1","post_date_format":"default","post_date_format_custom":"Y\/m\/d","show_post_category":"1","post_reading_time_wpm":"300","post_calculate_word_method":"str_word_count","show_zoom_button":"0","zoom_button_out_step":"2","zoom_button_in_step":"3","show_post_tag":"1","show_prev_next_post":"1","show_popup_post":"1","show_comment_section":"1","number_popup_post":"2","show_author_box":"1","show_post_related":"1","show_inline_post_related":"1"}],"image_override":[{"single_post_thumbnail_size":"crop-500","single_post_gallery_size":"crop-500"}],"trending_post_position":"meta","trending_post_label":"Trending","sponsored_post_label":"Sponsored by","disable_ad":"0"},"jnews_primary_category":[],"jnews_social_meta":[],"jnews_override_counter":{"view_counter_number":"0","share_counter_number":"0","like_counter_number":"0","dislike_counter_number":"0"},"footnotes":""},"categories":[22],"tags":[39460,35385,39461,39462],"class_list":["post-149428","post","type-post","status-publish","format-standard","has-post-thumbnail","hentry","category-noticias","tag-como-tirar-nova-identidade","tag-emitir-carteira-de-identidade","tag-nova-cin-documento","tag-validade-da-nova-identidade"],"yoast_head":"<!-- This site is optimized with the Yoast SEO Premium plugin v27.4 (Yoast SEO v27.4) - https:\/\/yoast.com\/product\/yoast-seo-premium-wordpress\/ -->\n<title>Precisa tirar a Carteira de Identidade? SAC M\u00f3vel oferece atendimento at\u00e9 o dia 17 de mar\u00e7o - Blog Pensar Cursos<\/title>\n<meta name=\"description\" content=\"Precisa tirar a Carteira de Identidade? O SAC M\u00f3vel realiza atendimentos at\u00e9 17 de mar\u00e7o. Agende j\u00e1 e facilite seu documento em 2026!\" \/>\n<meta name=\"robots\" content=\"index, follow, max-snippet:-1, max-image-preview:large, max-video-preview:-1\" \/>\n<link rel=\"canonical\" href=\"https:\/\/www.pensarcursos.com.br\/blog\/precisa-tirar-a-carteira-de-identidade-sac-movel-oferece-atendimento-ate-o-dia-17-de-marco\/\" \/>\n<meta property=\"og:locale\" content=\"pt_BR\" \/>\n<meta property=\"og:type\" content=\"article\" \/>\n<meta property=\"og:title\" content=\"Precisa tirar a Carteira de Identidade? SAC M\u00f3vel oferece atendimento at\u00e9 o dia 17 de mar\u00e7o\" \/>\n<meta property=\"og:description\" content=\"Precisa tirar a Carteira de Identidade? O SAC M\u00f3vel realiza atendimentos at\u00e9 17 de mar\u00e7o. Agende j\u00e1 e facilite seu documento em 2026!\" \/>\n<meta property=\"og:url\" content=\"https:\/\/www.pensarcursos.com.br\/blog\/precisa-tirar-a-carteira-de-identidade-sac-movel-oferece-atendimento-ate-o-dia-17-de-marco\/\" \/>\n<meta property=\"og:site_name\" content=\"Blog Pensar Cursos\" \/>\n<meta property=\"article:publisher\" content=\"https:\/\/www.facebook.com\/pensarcursos\/\" \/>\n<meta property=\"article:published_time\" content=\"2026-03-11T21:19:29+00:00\" \/>\n<meta property=\"article:modified_time\" content=\"2026-03-18T11:10:02+00:00\" \/>\n<meta property=\"og:image\" content=\"https:\/\/www.pensarcursos.com.br\/blog\/wp-content\/uploads\/2026\/03\/sac-movel-emissao-carteira-identidade-marco.jpg.webp\" \/>\n\t<meta property=\"og:image:width\" content=\"1200\" \/>\n\t<meta property=\"og:image:height\" content=\"800\" \/>\n\t<meta property=\"og:image:type\" content=\"image\/webp\" \/>\n<meta name=\"author\" content=\"Thais Reis\" \/>\n<meta name=\"twitter:card\" content=\"summary_large_image\" \/>\n<meta name=\"twitter:label1\" content=\"Escrito por\" \/>\n\t<meta name=\"twitter:data1\" content=\"Thais Reis\" \/>\n\t<meta name=\"twitter:label2\" content=\"Est. tempo de leitura\" \/>\n\t<meta name=\"twitter:data2\" content=\"5 minutos\" \/>\n<!-- \/ Yoast SEO Premium plugin. -->","yoast_head_json":{"title":"Precisa tirar a Carteira de Identidade? SAC M\u00f3vel oferece atendimento at\u00e9 o dia 17 de mar\u00e7o - Blog Pensar Cursos","description":"Precisa tirar a Carteira de Identidade? O SAC M\u00f3vel realiza atendimentos at\u00e9 17 de mar\u00e7o. Agende j\u00e1 e facilite seu documento em 2026!","robots":{"index":"index","follow":"follow","max-snippet":"max-snippet:-1","max-image-preview":"max-image-preview:large","max-video-preview":"max-video-preview:-1"},"canonical":"https:\/\/www.pensarcursos.com.br\/blog\/precisa-tirar-a-carteira-de-identidade-sac-movel-oferece-atendimento-ate-o-dia-17-de-marco\/","og_locale":"pt_BR","og_type":"article","og_title":"Precisa tirar a Carteira de Identidade? SAC M\u00f3vel oferece atendimento at\u00e9 o dia 17 de mar\u00e7o","og_description":"Precisa tirar a Carteira de Identidade? O SAC M\u00f3vel realiza atendimentos at\u00e9 17 de mar\u00e7o. Agende j\u00e1 e facilite seu documento em 2026!","og_url":"https:\/\/www.pensarcursos.com.br\/blog\/precisa-tirar-a-carteira-de-identidade-sac-movel-oferece-atendimento-ate-o-dia-17-de-marco\/","og_site_name":"Blog Pensar Cursos","article_publisher":"https:\/\/www.facebook.com\/pensarcursos\/","article_published_time":"2026-03-11T21:19:29+00:00","article_modified_time":"2026-03-18T11:10:02+00:00","og_image":[{"width":1200,"height":800,"url":"https:\/\/www.pensarcursos.com.br\/blog\/wp-content\/uploads\/2026\/03\/sac-movel-emissao-carteira-identidade-marco.jpg.webp","type":"image\/webp"}],"author":"Thais Reis","twitter_card":"summary_large_image","twitter_misc":{"Escrito por":"Thais Reis","Est. tempo de leitura":"5 minutos"},"schema":{"@context":"https:\/\/schema.org","@graph":[{"@type":["Article","BlogPosting"],"@id":"https:\/\/www.pensarcursos.com.br\/blog\/precisa-tirar-a-carteira-de-identidade-sac-movel-oferece-atendimento-ate-o-dia-17-de-marco\/#article","isPartOf":{"@id":"https:\/\/www.pensarcursos.com.br\/blog\/precisa-tirar-a-carteira-de-identidade-sac-movel-oferece-atendimento-ate-o-dia-17-de-marco\/"},"author":{"name":"Thais Reis","@id":"https:\/\/www.pensarcursos.com.br\/blog\/#\/schema\/person\/881f83771a39132112a6684081cf8c64"},"headline":"Precisa tirar a Carteira de Identidade? SAC M\u00f3vel oferece atendimento at\u00e9 o dia 17 de mar\u00e7o","datePublished":"2026-03-11T21:19:29+00:00","dateModified":"2026-03-18T11:10:02+00:00","mainEntityOfPage":{"@id":"https:\/\/www.pensarcursos.com.br\/blog\/precisa-tirar-a-carteira-de-identidade-sac-movel-oferece-atendimento-ate-o-dia-17-de-marco\/"},"wordCount":867,"commentCount":0,"publisher":{"@id":"https:\/\/www.pensarcursos.com.br\/blog\/#organization"},"image":{"@id":"https:\/\/www.pensarcursos.com.br\/blog\/precisa-tirar-a-carteira-de-identidade-sac-movel-oferece-atendimento-ate-o-dia-17-de-marco\/#primaryimage"},"thumbnailUrl":"https:\/\/www.pensarcursos.com.br\/blog\/wp-content\/uploads\/2026\/03\/sac-movel-emissao-carteira-identidade-marco.jpg.webp","keywords":["como tirar nova identidade","emitir carteira de identidade","nova CIN documento","validade da nova identidade"],"articleSection":["Not\u00edcias"],"inLanguage":"pt-BR","potentialAction":[{"@type":"CommentAction","name":"Comment","target":["https:\/\/www.pensarcursos.com.br\/blog\/precisa-tirar-a-carteira-de-identidade-sac-movel-oferece-atendimento-ate-o-dia-17-de-marco\/#respond"]}],"copyrightYear":"2026","copyrightHolder":{"@id":"https:\/\/www.pensarcursos.com.br\/blog\/#organization"}},{"@type":"WebPage","@id":"https:\/\/www.pensarcursos.com.br\/blog\/precisa-tirar-a-carteira-de-identidade-sac-movel-oferece-atendimento-ate-o-dia-17-de-marco\/","url":"https:\/\/www.pensarcursos.com.br\/blog\/precisa-tirar-a-carteira-de-identidade-sac-movel-oferece-atendimento-ate-o-dia-17-de-marco\/","name":"Precisa tirar a Carteira de Identidade? SAC M\u00f3vel oferece atendimento at\u00e9 o dia 17 de mar\u00e7o - Blog Pensar Cursos","isPartOf":{"@id":"https:\/\/www.pensarcursos.com.br\/blog\/#website"},"primaryImageOfPage":{"@id":"https:\/\/www.pensarcursos.com.br\/blog\/precisa-tirar-a-carteira-de-identidade-sac-movel-oferece-atendimento-ate-o-dia-17-de-marco\/#primaryimage"},"image":{"@id":"https:\/\/www.pensarcursos.com.br\/blog\/precisa-tirar-a-carteira-de-identidade-sac-movel-oferece-atendimento-ate-o-dia-17-de-marco\/#primaryimage"},"thumbnailUrl":"https:\/\/www.pensarcursos.com.br\/blog\/wp-content\/uploads\/2026\/03\/sac-movel-emissao-carteira-identidade-marco.jpg.webp","datePublished":"2026-03-11T21:19:29+00:00","dateModified":"2026-03-18T11:10:02+00:00","description":"Precisa tirar a Carteira de Identidade? O SAC M\u00f3vel realiza atendimentos at\u00e9 17 de mar\u00e7o. Agende j\u00e1 e facilite seu documento em 2026!","breadcrumb":{"@id":"https:\/\/www.pensarcursos.com.br\/blog\/precisa-tirar-a-carteira-de-identidade-sac-movel-oferece-atendimento-ate-o-dia-17-de-marco\/#breadcrumb"},"inLanguage":"pt-BR","potentialAction":[{"@type":"ReadAction","target":["https:\/\/www.pensarcursos.com.br\/blog\/precisa-tirar-a-carteira-de-identidade-sac-movel-oferece-atendimento-ate-o-dia-17-de-marco\/"]}]},{"@type":"ImageObject","inLanguage":"pt-BR","@id":"https:\/\/www.pensarcursos.com.br\/blog\/precisa-tirar-a-carteira-de-identidade-sac-movel-oferece-atendimento-ate-o-dia-17-de-marco\/#primaryimage","url":"https:\/\/www.pensarcursos.com.br\/blog\/wp-content\/uploads\/2026\/03\/sac-movel-emissao-carteira-identidade-marco.jpg.webp","contentUrl":"https:\/\/www.pensarcursos.com.br\/blog\/wp-content\/uploads\/2026\/03\/sac-movel-emissao-carteira-identidade-marco.jpg.webp","width":1200,"height":800,"caption":"Veja como funciona o atendimento do SAC M\u00f3vel para emiss\u00e3o da Carteira de Identidade. Imagem: Blog Pensar Cursos"},{"@type":"BreadcrumbList","@id":"https:\/\/www.pensarcursos.com.br\/blog\/precisa-tirar-a-carteira-de-identidade-sac-movel-oferece-atendimento-ate-o-dia-17-de-marco\/#breadcrumb","itemListElement":[{"@type":"ListItem","position":1,"name":"Home","item":"https:\/\/www.pensarcursos.com.br\/blog\/"},{"@type":"ListItem","position":2,"name":"Precisa tirar a Carteira de Identidade? SAC M\u00f3vel oferece atendimento at\u00e9 o dia 17 de mar\u00e7o"}]},{"@type":"WebSite","@id":"https:\/\/www.pensarcursos.com.br\/blog\/#website","url":"https:\/\/www.pensarcursos.com.br\/blog\/","name":"Blog Pensar Cursos","description":"Maior Site de Cursos do Brasil","publisher":{"@id":"https:\/\/www.pensarcursos.com.br\/blog\/#organization"},"alternateName":"Blog Pensar","potentialAction":[{"@type":"SearchAction","target":{"@type":"EntryPoint","urlTemplate":"https:\/\/www.pensarcursos.com.br\/blog\/?s={search_term_string}"},"query-input":{"@type":"PropertyValueSpecification","valueRequired":true,"valueName":"search_term_string"}}],"inLanguage":"pt-BR"},{"@type":"Organization","@id":"https:\/\/www.pensarcursos.com.br\/blog\/#organization","name":"Pensar Cursos","alternateName":"Blog pensar","url":"https:\/\/www.pensarcursos.com.br\/blog\/","logo":{"@type":"ImageObject","inLanguage":"pt-BR","@id":"https:\/\/www.pensarcursos.com.br\/blog\/#\/schema\/logo\/image\/","url":"https:\/\/www.pensarcursos.com.br\/blog\/wp-content\/uploads\/2023\/11\/Nova-Logo-Pensar-Cursos-vertical.png","contentUrl":"https:\/\/www.pensarcursos.com.br\/blog\/wp-content\/uploads\/2023\/11\/Nova-Logo-Pensar-Cursos-vertical.png","width":1393,"height":1001,"caption":"Pensar Cursos"},"image":{"@id":"https:\/\/www.pensarcursos.com.br\/blog\/#\/schema\/logo\/image\/"},"sameAs":["https:\/\/www.facebook.com\/pensarcursos\/","https:\/\/instagram.com.br\/pensarcursos"],"description":"Pensar Cursos \u00e9 uma empresa especializada em oferecer cursos de alta qualidade voltados para o desenvolvimento profissional e acad\u00eamico. Com uma ampla gama de op\u00e7\u00f5es de treinamento, oferecemos conte\u00fados atualizados, ministrados por especialistas da \u00e1rea, para capacitar indiv\u00edduos e equipes a atingirem seus objetivos. Nossa miss\u00e3o \u00e9 proporcionar uma educa\u00e7\u00e3o transformadora, acess\u00edvel e personalizada para cada aluno, seja em cursos presenciais ou online. Com uma abordagem inovadora, buscamos adaptar os nossos programas de ensino \u00e0s necessidades do mercado, criando solu\u00e7\u00f5es que atendem aos desafios e exig\u00eancias do mundo corporativo e acad\u00eamico. Nossos cursos incluem desde forma\u00e7\u00f5es t\u00e9cnicas at\u00e9 habilidades essenciais, como lideran\u00e7a, gest\u00e3o e desenvolvimento pessoal.","email":"contato@pensarcursos.com.br","legalName":"Sena Servi\u00e7os de Informa\u00e7\u00e3o Online LTDA","foundingDate":"2013-04-18","vatID":"17956217000172","numberOfEmployees":{"@type":"QuantitativeValue","minValue":"11","maxValue":"50"},"publishingPrinciples":"https:\/\/www.pensarcursos.com.br\/blog\/principios-de-publicacao\/","ownershipFundingInfo":"https:\/\/www.pensarcursos.com.br\/blog\/informacoes-de-propriedade-financiamento\/","actionableFeedbackPolicy":"https:\/\/www.pensarcursos.com.br\/blog\/politica-de-feedback-acionavel\/","correctionsPolicy":"https:\/\/www.pensarcursos.com.br\/blog\/politica-de-correcoes\/","ethicsPolicy":"https:\/\/www.pensarcursos.com.br\/blog\/politica-de-etica\/"},{"@type":"Person","@id":"https:\/\/www.pensarcursos.com.br\/blog\/#\/schema\/person\/881f83771a39132112a6684081cf8c64","name":"Thais Reis","image":{"@type":"ImageObject","inLanguage":"pt-BR","@id":"https:\/\/secure.gravatar.com\/avatar\/5bc8c0a39e5486cc0eefd3bffe55939e00af621e6f56c61f6500e723d92858fd?s=96&d=mm&r=g","url":"https:\/\/secure.gravatar.com\/avatar\/5bc8c0a39e5486cc0eefd3bffe55939e00af621e6f56c61f6500e723d92858fd?s=96&d=mm&r=g","contentUrl":"https:\/\/secure.gravatar.com\/avatar\/5bc8c0a39e5486cc0eefd3bffe55939e00af621e6f56c61f6500e723d92858fd?s=96&d=mm&r=g","caption":"Thais Reis"},"description":"Graduada em Pedagogia. Redatora especialista em Benef\u00edcios Sociais e Direitos do Cidad\u00e3o do grupo Sena Online.","sameAs":["https:\/\/www.instagram.com\/izy_reis\/"],"url":"https:\/\/www.pensarcursos.com.br\/blog\/author\/thais\/"}]}},"_links":{"self":[{"href":"https:\/\/www.pensarcursos.com.br\/blog\/wp-json\/wp\/v2\/posts\/149428","targetHints":{"allow":["GET"]}}],"collection":[{"href":"https:\/\/www.pensarcursos.com.br\/blog\/wp-json\/wp\/v2\/posts"}],"about":[{"href":"https:\/\/www.pensarcursos.com.br\/blog\/wp-json\/wp\/v2\/types\/post"}],"author":[{"embeddable":true,"href":"https:\/\/www.pensarcursos.com.br\/blog\/wp-json\/wp\/v2\/users\/55"}],"replies":[{"embeddable":true,"href":"https:\/\/www.pensarcursos.com.br\/blog\/wp-json\/wp\/v2\/comments?post=149428"}],"version-history":[{"count":0,"href":"https:\/\/www.pensarcursos.com.br\/blog\/wp-json\/wp\/v2\/posts\/149428\/revisions"}],"wp:featuredmedia":[{"embeddable":true,"href":"https:\/\/www.pensarcursos.com.br\/blog\/wp-json\/wp\/v2\/media\/149456"}],"wp:attachment":[{"href":"https:\/\/www.pensarcursos.com.br\/blog\/wp-json\/wp\/v2\/media?parent=149428"}],"wp:term":[{"taxonomy":"category","embeddable":true,"href":"https:\/\/www.pensarcursos.com.br\/blog\/wp-json\/wp\/v2\/categories?post=149428"},{"taxonomy":"post_tag","embeddable":true,"href":"https:\/\/www.pensarcursos.com.br\/blog\/wp-json\/wp\/v2\/tags?post=149428"}],"curies":[{"name":"wp","href":"https:\/\/api.w.org\/{rel}","templated":true}]}}