{"id":149425,"date":"2026-03-11T17:39:23","date_gmt":"2026-03-11T20:39:23","guid":{"rendered":"https:\/\/www.pensarcursos.com.br\/blog\/?p=149425"},"modified":"2026-03-11T12:07:40","modified_gmt":"2026-03-11T15:07:40","slug":"saque-aniversario-do-fgts-de-marco-liberado-e-o-pis-pasep-quando-cai-veja-os-calendarios-completos-de-2026","status":"publish","type":"post","link":"https:\/\/www.pensarcursos.com.br\/blog\/saque-aniversario-do-fgts-de-marco-liberado-e-o-pis-pasep-quando-cai-veja-os-calendarios-completos-de-2026\/","title":{"rendered":"Saque anivers\u00e1rio do FGTS de mar\u00e7o liberado! E o PIS\/Pasep quando cai? (veja os calend\u00e1rios completos de 2026)"},"content":{"rendered":"<p>Dinheiro liberado em mar\u00e7o \u2014 e vem mais por a\u00ed. Veja se o seu saque do FGTS j\u00e1 est\u00e1 dispon\u00edvel e quando o PIS\/Pasep cai na sua conta.<\/p>\n<p>Se voc\u00ea nasceu em mar\u00e7o, o saque-anivers\u00e1rio do FGTS j\u00e1 est\u00e1 liberado desde o dia 2 deste m\u00eas. E se ainda n\u00e3o fez a retirada, aten\u00e7\u00e3o: o prazo vai at\u00e9 29 de maio. Mas n\u00e3o \u00e9 s\u00f3 isso. O PIS\/Pasep de 2026 tamb\u00e9m j\u00e1 tem calend\u00e1rio definido \u2014 e muita gente nem sabe que tem dinheiro esperando.<\/p>\n<p>Nesta mat\u00e9ria voc\u00ea encontra os dois calend\u00e1rios completos, as regras de quem tem direito e o passo a passo para n\u00e3o perder nenhuma data.<\/p>\n<h2>Entenda o saque-anivers\u00e1rio do FGTS<\/h2>\n<p>Pensa assim: todo m\u00eas, uma parte do seu sal\u00e1rio vai para uma conta que voc\u00ea nem v\u00ea \u2014 o FGTS. Esse dinheiro fica guardado l\u00e1, rendendo, e normalmente voc\u00ea s\u00f3 consegue sacar tudo de uma vez se for demitido sem justa causa.<\/p>\n<p>Com essa modalidade, voc\u00ea pode retirar uma parte do seu saldo todo ano, no m\u00eas em que voc\u00ea nasceu. N\u00e3o precisa esperar ser demitido. N\u00e3o precisa de nenhuma situa\u00e7\u00e3o de emerg\u00eancia. \u00c9 o seu dinheiro, dispon\u00edvel todo ano, s\u00f3 porque voc\u00ea fez anivers\u00e1rio.<\/p>\n<p>Mas tem um ponto importante que voc\u00ea precisa entender antes de aderir: <strong>se voc\u00ea for demitido sem justa causa enquanto estiver no saque-anivers\u00e1rio, voc\u00ea recebe apenas a multa de 40% \u2014 e o restante do saldo fica na conta para os pr\u00f3ximos saques anuais<\/strong>. Ou seja, voc\u00ea abre m\u00e3o do saque total em troca de poder retirar uma parte todo ano.<\/p>\n<p>Quer voltar para o modelo tradicional? Pode \u2014 mas ter\u00e1 que esperar dois anos de car\u00eancia. E se a demiss\u00e3o acontecer antes disso, as regras do <a href=\"https:\/\/www.pensarcursos.com.br\/blog\/5-regras-do-saque-aniversario-do-fgts-que-todo-trabalhador-precisa-conhecer-antes-de-solicitar\/\" target=\"_blank\" rel=\"noopener\">saque-anivers\u00e1rio<\/a> valem imediatamente.<\/p>\n<h2>Como sacar o FGTS pelo saque-anivers\u00e1rio?<\/h2>\n<p>O resgate pode ser feito de forma totalmente digital, em poucos minutos. Veja o passo a passo:<\/p>\n<ol>\n<li>Acesse o<a href=\"https:\/\/play.google.com\/store\/apps\/details?id=br.gov.caixa.fgts.trabalhador&amp;pcampaignid=web_share\" target=\"_blank\" rel=\"noopener\"> aplicativo FGTS<\/a> e fa\u00e7a login com sua conta Gov.br<\/li>\n<li>No menu inicial, toque em &#8220;Saque-anivers\u00e1rio&#8221;<\/li>\n<li>Selecione &#8220;Indicar conta para cr\u00e9dito&#8221;<\/li>\n<li>Cadastre uma conta corrente ou poupan\u00e7a<\/li>\n<li>Confirme os dados e aguarde o dep\u00f3sito<\/li>\n<\/ol>\n<p>Tamb\u00e9m \u00e9 poss\u00edvel sacar presencialmente nas ag\u00eancias da Caixa, casas lot\u00e9ricas ou correspondentes Caixa Aqui.<\/p>\n<h2>Calend\u00e1rio completo do saque-anivers\u00e1rio em 2026<\/h2>\n<p>O valor fica dispon\u00edvel a partir do primeiro dia \u00fatil do m\u00eas de anivers\u00e1rio e pode ser retirado at\u00e9 quase 3 meses. Confira as datas:<\/p>\n<table>\n<thead>\n<tr>\n<th>M\u00eas de nascimento<\/th>\n<th>Dispon\u00edvel a partir de<\/th>\n<th>Prazo final<\/th>\n<\/tr>\n<\/thead>\n<tbody>\n<tr>\n<td>Janeiro<\/td>\n<td>2 de janeiro<\/td>\n<td>31 de mar\u00e7o de 2026<\/td>\n<\/tr>\n<tr>\n<td>Fevereiro<\/td>\n<td>2 de fevereiro<\/td>\n<td>30 de abril de 2026<\/td>\n<\/tr>\n<tr>\n<td>Mar\u00e7o<\/td>\n<td>2 de mar\u00e7o<\/td>\n<td>29 de maio de 2026<\/td>\n<\/tr>\n<tr>\n<td>Abril<\/td>\n<td>1\u00ba de abril<\/td>\n<td>30 de junho de 2026<\/td>\n<\/tr>\n<tr>\n<td>Maio<\/td>\n<td>4 de maio<\/td>\n<td>31 de julho de 2026<\/td>\n<\/tr>\n<tr>\n<td>Junho<\/td>\n<td>1\u00ba de junho<\/td>\n<td>31 de agosto de 2026<\/td>\n<\/tr>\n<tr>\n<td>Julho<\/td>\n<td>1\u00ba de julho<\/td>\n<td>30 de setembro de 2026<\/td>\n<\/tr>\n<tr>\n<td>Agosto<\/td>\n<td>3 de agosto<\/td>\n<td>30 de outubro de 2026<\/td>\n<\/tr>\n<tr>\n<td>Setembro<\/td>\n<td>1\u00ba de setembro<\/td>\n<td>30 de novembro de 2026<\/td>\n<\/tr>\n<tr>\n<td>Outubro<\/td>\n<td>1\u00ba de outubro<\/td>\n<td>30 de dezembro de 2026<\/td>\n<\/tr>\n<tr>\n<td>Novembro<\/td>\n<td>2 de novembro<\/td>\n<td>29 de janeiro de 2027<\/td>\n<\/tr>\n<tr>\n<td>Dezembro<\/td>\n<td>1\u00ba de dezembro<\/td>\n<td>26 de fevereiro de 2027<\/td>\n<\/tr>\n<\/tbody>\n<\/table>\n<p>Se o valor n\u00e3o for sacado dentro do prazo, o dinheiro retorna automaticamente para a conta do FGTS e s\u00f3 poder\u00e1 ser retirado no ano seguinte.<\/p>\n<p>Aproveite para conferir as novas regras do Saque-anivers\u00e1rio em 2026:<\/p>\n<div class=\"jeg_video_container jeg_video_content\"><iframe title=\"FGTS: Novas Regras DO SAQUE-ANIVERS\u00c1RIO! \u26a0\ufe0f 90 DIAS e R$500 Mudam TUDO!\" width=\"500\" height=\"281\" src=\"https:\/\/www.youtube.com\/embed\/icJXLsMn3bQ?feature=oembed\" frameborder=\"0\" allow=\"accelerometer; autoplay; clipboard-write; encrypted-media; gyroscope; picture-in-picture; web-share\" referrerpolicy=\"strict-origin-when-cross-origin\" allowfullscreen><\/iframe><\/div>\n<h2>O que \u00e9 o PIS\/Pasep e quem tem direito?<\/h2>\n<p>O PIS\/Pasep \u2014 tamb\u00e9m chamado de<a href=\"https:\/\/www.pensarcursos.com.br\/blog\/nasceu-em-marco-veja-quando-a-caixa-vai-depositar-o-seu-abono-salarial-2026\/\" target=\"_blank\" rel=\"noopener\"> Abono Salarial <\/a>\u2014 \u00e9 um benef\u00edcio anual garantido pela Constitui\u00e7\u00e3o Federal aos trabalhadores de baixa renda com carteira assinada. O valor equivale a um sal\u00e1rio m\u00ednimo proporcional ao n\u00famero de meses trabalhados no ano-base.<\/p>\n<p>Para ter direito ao abono salarial em 2026, referente ao ano-base 2024, o trabalhador precisa:<\/p>\n<ul>\n<li>Ter recebido remunera\u00e7\u00e3o m\u00e9dia de at\u00e9 R$ 2.766,00 no ano-base 2024.<\/li>\n<li>Ter trabalhado para empregadores que contribuem para o PIS ou Pasep.<\/li>\n<li>Ter exercido atividade remunerada por pelo menos 30 dias, consecutivos ou n\u00e3o.<\/li>\n<li>Estar cadastrado h\u00e1 pelo menos 5 anos no Fundo de Participa\u00e7\u00e3o PIS-Pasep.<\/li>\n<li>Ter seus dados informados corretamente pelo empregador no eSocial at\u00e9 13\/10\/2025.<\/li>\n<\/ul>\n<h2>Quanto vale o PIS\/Pasep em 2026?<\/h2>\n<p>O valor \u00e9 calculado com base no sal\u00e1rio m\u00ednimo de 2026, que \u00e9 de <strong>R$ 1.621,00<\/strong>, dividido por 12 e multiplicado pelo n\u00famero de meses trabalhados no ano-base. Veja a tabela completa:<\/p>\n<table>\n<thead>\n<tr>\n<th>Meses trabalhados no ano-base<\/th>\n<th>Valor do abono (R$)<\/th>\n<\/tr>\n<\/thead>\n<tbody>\n<tr>\n<td>1 m\u00eas<\/td>\n<td>R$ 136,00<\/td>\n<\/tr>\n<tr>\n<td>2 meses<\/td>\n<td>R$ 271,00<\/td>\n<\/tr>\n<tr>\n<td>3 meses<\/td>\n<td>R$ 406,00<\/td>\n<\/tr>\n<tr>\n<td>4 meses<\/td>\n<td>R$ 541,00<\/td>\n<\/tr>\n<tr>\n<td>5 meses<\/td>\n<td>R$ 675,00<\/td>\n<\/tr>\n<tr>\n<td>6 meses<\/td>\n<td>R$ 811,00<\/td>\n<\/tr>\n<tr>\n<td>7 meses<\/td>\n<td>R$ 946,00<\/td>\n<\/tr>\n<tr>\n<td>8 meses<\/td>\n<td>R$ 1.081,00<\/td>\n<\/tr>\n<tr>\n<td>9 meses<\/td>\n<td>R$ 1.216,00<\/td>\n<\/tr>\n<tr>\n<td>10 meses<\/td>\n<td>R$ 1.351,00<\/td>\n<\/tr>\n<tr>\n<td>11 meses<\/td>\n<td>R$ 1.486,00<\/td>\n<\/tr>\n<tr>\n<td>12 meses<\/td>\n<td>R$ 1.621,00<\/td>\n<\/tr>\n<\/tbody>\n<\/table>\n<h2>Calend\u00e1rio do PIS\/Pasep 2026: quando cai na sua conta?<\/h2>\n<figure id=\"attachment_149443\" aria-describedby=\"caption-attachment-149443\" style=\"width: 1200px\" class=\"wp-caption aligncenter\"><img decoding=\"async\" class=\"wp-image-149443 size-full\" src=\"https:\/\/www.pensarcursos.com.br\/blog\/wp-content\/uploads\/2026\/03\/calendario-pis-pasep-2026-1.webp\" alt=\"Notas de 100 e 50 reais empilhadas ao lado de moeda de 1 real sobre fundo de c\u00e9dulas, representando o pagamento do abono salarial PIS\/Pasep em 2026\" width=\"1200\" height=\"800\" srcset=\"https:\/\/www.pensarcursos.com.br\/blog\/wp-content\/uploads\/2026\/03\/calendario-pis-pasep-2026-1.webp 1200w, https:\/\/www.pensarcursos.com.br\/blog\/wp-content\/uploads\/2026\/03\/calendario-pis-pasep-2026-1-300x200.webp 300w, https:\/\/www.pensarcursos.com.br\/blog\/wp-content\/uploads\/2026\/03\/calendario-pis-pasep-2026-1-1024x683.webp 1024w, https:\/\/www.pensarcursos.com.br\/blog\/wp-content\/uploads\/2026\/03\/calendario-pis-pasep-2026-1-768x512.webp 768w, https:\/\/www.pensarcursos.com.br\/blog\/wp-content\/uploads\/2026\/03\/calendario-pis-pasep-2026-1-750x500.webp 750w, https:\/\/www.pensarcursos.com.br\/blog\/wp-content\/uploads\/2026\/03\/calendario-pis-pasep-2026-1-1140x760.webp 1140w\" sizes=\"(max-width: 1200px) 100vw, 1200px\" \/><figcaption id=\"caption-attachment-149443\" class=\"wp-caption-text\">Abono salarial PIS\/Pasep 2026 pode chegar a R$ 1.621; saiba quando o seu dinheiro cai. Imagem: Blog Pensar Cursos<\/figcaption><\/figure>\n<p>O calend\u00e1rio de pagamento do Abono Salarial 2026 \u2014 referente ao ano-base 2024 \u2014 segue o m\u00eas de nascimento do trabalhador. Os valores ficam dispon\u00edveis at\u00e9 <strong>30 de dezembro de 2026<\/strong>:<\/p>\n<table>\n<thead>\n<tr>\n<th>Nascidos em<\/th>\n<th>Recebem a partir de<\/th>\n<\/tr>\n<\/thead>\n<tbody>\n<tr>\n<td>Janeiro<\/td>\n<td>16 de fevereiro<\/td>\n<\/tr>\n<tr>\n<td>Fevereiro<\/td>\n<td>16 de mar\u00e7o<\/td>\n<\/tr>\n<tr>\n<td>Mar\u00e7o e Abril<\/td>\n<td>15 de abril<\/td>\n<\/tr>\n<tr>\n<td>Maio e Junho<\/td>\n<td>15 de maio<\/td>\n<\/tr>\n<tr>\n<td>Julho e Agosto<\/td>\n<td>15 de junho<\/td>\n<\/tr>\n<tr>\n<td>Setembro e Outubro<\/td>\n<td>15 de julho<\/td>\n<\/tr>\n<tr>\n<td>Novembro e Dezembro<\/td>\n<td>17 de agosto<\/td>\n<\/tr>\n<\/tbody>\n<\/table>\n<p>O pagamento do PIS \u00e9 feito pela <strong>Caixa Econ\u00f4mica Federal<\/strong>, enquanto o Pasep \u00e9 pago pelo <strong>Banco do Brasil<\/strong>, para trabalhadores vinculados a empregadores do setor p\u00fablico.<\/p>\n<h2>Como consultar e receber o PIS\/Pasep?<\/h2>\n<p>As informa\u00e7\u00f5es sobre o abono salarial podem ser consultadas a partir de <strong>5 de fevereiro de 2026<\/strong> pela<a href=\"https:\/\/play.google.com\/store\/apps\/details?id=br.gov.dataprev.carteiradigital&amp;pcampaignid=web_share\" target=\"_blank\" rel=\"noopener\"> Carteira de Trabalho Digital<\/a> ou pelo <a href=\"https:\/\/www.gov.br\/pt-br\/servicos\/receber-o-abono-salarial\" target=\"_blank\" rel=\"noopener\">portal Gov.br<\/a>.<\/p>\n<p>Para receber, os canais dispon\u00edveis s\u00e3o:<\/p>\n<p><strong>Caixa Econ\u00f4mica Federal (PIS):<\/strong><\/p>\n<ul>\n<li>Cr\u00e9dito direto em conta corrente, poupan\u00e7a ou Conta Digital Caixa<\/li>\n<li>Cr\u00e9dito pelo Caixa Tem<\/li>\n<li>Caixas eletr\u00f4nicos, casas lot\u00e9ricas e correspondentes Caixa Aqui com Cart\u00e3o Social e senha<\/li>\n<li>Apresentando documento de identifica\u00e7\u00e3o na ag\u00eancia<\/li>\n<\/ul>\n<p><strong>Banco do Brasil (Pasep):<\/strong><\/p>\n<ul>\n<li>Cr\u00e9dito em conta para correntistas do Banco do Brasil<\/li>\n<li>TED para correntistas de outros bancos<\/li>\n<li>Transfer\u00eancia via Pix<\/li>\n<li>Recebimento direto no caixa para quem n\u00e3o recebeu via cr\u00e9dito<\/li>\n<\/ul>\n<p>Em caso de d\u00favidas, o trabalhador pode ligar para a Central Al\u00f4 Trabalho, pelo n\u00famero 158, dispon\u00edvel de segunda a s\u00e1bado, das 7h \u00e0s 22h, com liga\u00e7\u00e3o gratuita.<\/p>\n<p>Para mais informa\u00e7\u00f5es sobre o Pis\/Pasep, acesse o v\u00eddeo abaixo:<\/p>\n<div class=\"jeg_video_container jeg_video_content\"><iframe title=\"PIS\/Pasep 2026 mudou a data? Veja o novo calend\u00e1rio e n\u00e3o perca o pagamento\" width=\"500\" height=\"281\" src=\"https:\/\/www.youtube.com\/embed\/GI15lGnzNkc?feature=oembed\" frameborder=\"0\" allow=\"accelerometer; autoplay; clipboard-write; encrypted-media; gyroscope; picture-in-picture; web-share\" referrerpolicy=\"strict-origin-when-cross-origin\" allowfullscreen><\/iframe><\/div>\n<h2>Fique sempre \u00e0 frente das datas que importam<\/h2>\n<p>No <a href=\"https:\/\/www.pensarcursos.com.br\/blog\/\" target=\"_blank\" rel=\"noopener\">Blog Pensar Cursos<\/a> voc\u00ea encontra calend\u00e1rios, direitos e informa\u00e7\u00f5es explicados de forma clara e direta. Benef\u00edcios, prazos e tudo que mexe com o seu bolso \u2014 em um s\u00f3 lugar. Continue explorando o site e garanta cada centavo que voc\u00ea tem direito de receber.<\/p>\n","protected":false},"excerpt":{"rendered":"<p>Dinheiro liberado em mar\u00e7o \u2014 e vem mais por a\u00ed. Veja se o seu saque do FGTS j\u00e1 est\u00e1 dispon\u00edvel e quando o PIS\/Pasep cai na sua conta. Se voc\u00ea nasceu em mar\u00e7o, o saque-anivers\u00e1rio do FGTS j\u00e1 est\u00e1 liberado desde o dia 2 deste m\u00eas. E se ainda n\u00e3o fez a retirada, aten\u00e7\u00e3o: o [&hellip;]<\/p>\n","protected":false},"author":60,"featured_media":149442,"comment_status":"open","ping_status":"closed","sticky":false,"template":"","format":"standard","meta":{"jnews-multi-image_gallery":[],"jnews_single_post":{"format":"standard","override":[{"template":"1","parallax":"1","fullscreen":"1","layout":"right-sidebar","sidebar":"default-sidebar","second_sidebar":"default-sidebar","sticky_sidebar":"1","share_position":"topbottom","share_float_style":"share-monocrhome","show_featured":"1","show_post_meta":"1","show_post_author":"1","show_post_author_image":"1","show_post_date":"1","post_date_format":"default","post_date_format_custom":"Y\/m\/d","show_post_category":"1","post_reading_time_wpm":"300","post_calculate_word_method":"str_word_count","show_zoom_button":"0","zoom_button_out_step":"2","zoom_button_in_step":"3","show_post_tag":"1","show_prev_next_post":"1","show_popup_post":"1","show_comment_section":"1","number_popup_post":"2","show_author_box":"1","show_post_related":"1","show_inline_post_related":"1"}],"image_override":[{"single_post_thumbnail_size":"crop-500","single_post_gallery_size":"crop-500"}],"trending_post_position":"meta","trending_post_label":"Trending","sponsored_post_label":"Sponsored by","disable_ad":"0","subtitle":"Saiba como consultar e descubra quem pode receber os pagamentos"},"jnews_primary_category":[],"jnews_social_meta":[],"jnews_override_counter":{"view_counter_number":"0","share_counter_number":"0","like_counter_number":"0","dislike_counter_number":"0"},"footnotes":""},"categories":[1691],"tags":[36393,38504,26419,39476],"class_list":["post-149425","post","type-post","status-publish","format-standard","has-post-thumbnail","hentry","category-direitos-do-trabalhador","tag-calendario-pis-pasep-2026","tag-consulta-pis-pasep-2026","tag-pagamento-saque-aniversario-fgts","tag-saque-fgts-calendario"],"yoast_head":"<!-- This site is optimized with the Yoast SEO Premium plugin v27.4 (Yoast SEO v27.4) - https:\/\/yoast.com\/product\/yoast-seo-premium-wordpress\/ -->\n<title>Saque anivers\u00e1rio do FGTS de mar\u00e7o liberado! E o PIS\/Pasep quando cai? (veja os calend\u00e1rios completos de 2026) - Blog Pensar Cursos<\/title>\n<meta name=\"description\" content=\"Saque-anivers\u00e1rio libera pagamento para mar\u00e7o; PIS\/Pasep segue novo calend\u00e1rio. Veja datas, valores e como garantir o benef\u00edcio. Saiba mais\" \/>\n<meta name=\"robots\" content=\"index, follow, max-snippet:-1, max-image-preview:large, max-video-preview:-1\" \/>\n<link rel=\"canonical\" href=\"https:\/\/www.pensarcursos.com.br\/blog\/saque-aniversario-do-fgts-de-marco-liberado-e-o-pis-pasep-quando-cai-veja-os-calendarios-completos-de-2026\/\" \/>\n<meta property=\"og:locale\" content=\"pt_BR\" \/>\n<meta property=\"og:type\" content=\"article\" \/>\n<meta property=\"og:title\" content=\"Saque anivers\u00e1rio do FGTS de mar\u00e7o liberado! E o PIS\/Pasep quando cai? (veja os calend\u00e1rios completos de 2026)\" \/>\n<meta property=\"og:description\" content=\"Saque-anivers\u00e1rio libera pagamento para mar\u00e7o; PIS\/Pasep segue novo calend\u00e1rio. Veja datas, valores e como garantir o benef\u00edcio. Saiba mais\" \/>\n<meta property=\"og:url\" content=\"https:\/\/www.pensarcursos.com.br\/blog\/saque-aniversario-do-fgts-de-marco-liberado-e-o-pis-pasep-quando-cai-veja-os-calendarios-completos-de-2026\/\" \/>\n<meta property=\"og:site_name\" content=\"Blog Pensar Cursos\" \/>\n<meta property=\"article:publisher\" content=\"https:\/\/www.facebook.com\/pensarcursos\/\" \/>\n<meta property=\"article:published_time\" content=\"2026-03-11T20:39:23+00:00\" \/>\n<meta property=\"og:image\" content=\"https:\/\/www.pensarcursos.com.br\/blog\/wp-content\/uploads\/2026\/03\/pagamento-saque-aniversario-2026.webp\" \/>\n\t<meta property=\"og:image:width\" content=\"1200\" \/>\n\t<meta property=\"og:image:height\" content=\"800\" \/>\n\t<meta property=\"og:image:type\" content=\"image\/webp\" \/>\n<meta name=\"author\" content=\"Luiza Pereira\" \/>\n<meta name=\"twitter:card\" content=\"summary_large_image\" \/>\n<meta name=\"twitter:label1\" content=\"Escrito por\" \/>\n\t<meta name=\"twitter:data1\" content=\"Luiza Pereira\" \/>\n\t<meta name=\"twitter:label2\" content=\"Est. tempo de leitura\" \/>\n\t<meta name=\"twitter:data2\" content=\"7 minutos\" \/>\n<!-- \/ Yoast SEO Premium plugin. -->","yoast_head_json":{"title":"Saque anivers\u00e1rio do FGTS de mar\u00e7o liberado! E o PIS\/Pasep quando cai? (veja os calend\u00e1rios completos de 2026) - Blog Pensar Cursos","description":"Saque-anivers\u00e1rio libera pagamento para mar\u00e7o; PIS\/Pasep segue novo calend\u00e1rio. Veja datas, valores e como garantir o benef\u00edcio. Saiba mais","robots":{"index":"index","follow":"follow","max-snippet":"max-snippet:-1","max-image-preview":"max-image-preview:large","max-video-preview":"max-video-preview:-1"},"canonical":"https:\/\/www.pensarcursos.com.br\/blog\/saque-aniversario-do-fgts-de-marco-liberado-e-o-pis-pasep-quando-cai-veja-os-calendarios-completos-de-2026\/","og_locale":"pt_BR","og_type":"article","og_title":"Saque anivers\u00e1rio do FGTS de mar\u00e7o liberado! E o PIS\/Pasep quando cai? (veja os calend\u00e1rios completos de 2026)","og_description":"Saque-anivers\u00e1rio libera pagamento para mar\u00e7o; PIS\/Pasep segue novo calend\u00e1rio. Veja datas, valores e como garantir o benef\u00edcio. Saiba mais","og_url":"https:\/\/www.pensarcursos.com.br\/blog\/saque-aniversario-do-fgts-de-marco-liberado-e-o-pis-pasep-quando-cai-veja-os-calendarios-completos-de-2026\/","og_site_name":"Blog Pensar Cursos","article_publisher":"https:\/\/www.facebook.com\/pensarcursos\/","article_published_time":"2026-03-11T20:39:23+00:00","og_image":[{"width":1200,"height":800,"url":"https:\/\/www.pensarcursos.com.br\/blog\/wp-content\/uploads\/2026\/03\/pagamento-saque-aniversario-2026.webp","type":"image\/webp"}],"author":"Luiza Pereira","twitter_card":"summary_large_image","twitter_misc":{"Escrito por":"Luiza Pereira","Est. tempo de leitura":"7 minutos"},"schema":{"@context":"https:\/\/schema.org","@graph":[{"@type":["Article","BlogPosting"],"@id":"https:\/\/www.pensarcursos.com.br\/blog\/saque-aniversario-do-fgts-de-marco-liberado-e-o-pis-pasep-quando-cai-veja-os-calendarios-completos-de-2026\/#article","isPartOf":{"@id":"https:\/\/www.pensarcursos.com.br\/blog\/saque-aniversario-do-fgts-de-marco-liberado-e-o-pis-pasep-quando-cai-veja-os-calendarios-completos-de-2026\/"},"author":{"name":"Luiza Pereira","@id":"https:\/\/www.pensarcursos.com.br\/blog\/#\/schema\/person\/b94ff84c7271a3cb9a5ce19e07b0ed5f"},"headline":"Saque anivers\u00e1rio do FGTS de mar\u00e7o liberado! E o PIS\/Pasep quando cai? (veja os calend\u00e1rios completos de 2026)","datePublished":"2026-03-11T20:39:23+00:00","mainEntityOfPage":{"@id":"https:\/\/www.pensarcursos.com.br\/blog\/saque-aniversario-do-fgts-de-marco-liberado-e-o-pis-pasep-quando-cai-veja-os-calendarios-completos-de-2026\/"},"wordCount":1128,"commentCount":0,"publisher":{"@id":"https:\/\/www.pensarcursos.com.br\/blog\/#organization"},"image":{"@id":"https:\/\/www.pensarcursos.com.br\/blog\/saque-aniversario-do-fgts-de-marco-liberado-e-o-pis-pasep-quando-cai-veja-os-calendarios-completos-de-2026\/#primaryimage"},"thumbnailUrl":"https:\/\/www.pensarcursos.com.br\/blog\/wp-content\/uploads\/2026\/03\/pagamento-saque-aniversario-2026.webp","keywords":["calend\u00e1rio Pis Pasep 2026","consulta pis pasep 2026","pagamento saque anivers\u00e1rio fgts","saque fgts calend\u00e1rio"],"articleSection":["Direitos do Trabalhador"],"inLanguage":"pt-BR","potentialAction":[{"@type":"CommentAction","name":"Comment","target":["https:\/\/www.pensarcursos.com.br\/blog\/saque-aniversario-do-fgts-de-marco-liberado-e-o-pis-pasep-quando-cai-veja-os-calendarios-completos-de-2026\/#respond"]}],"copyrightYear":"2026","copyrightHolder":{"@id":"https:\/\/www.pensarcursos.com.br\/blog\/#organization"}},{"@type":"WebPage","@id":"https:\/\/www.pensarcursos.com.br\/blog\/saque-aniversario-do-fgts-de-marco-liberado-e-o-pis-pasep-quando-cai-veja-os-calendarios-completos-de-2026\/","url":"https:\/\/www.pensarcursos.com.br\/blog\/saque-aniversario-do-fgts-de-marco-liberado-e-o-pis-pasep-quando-cai-veja-os-calendarios-completos-de-2026\/","name":"Saque anivers\u00e1rio do FGTS de mar\u00e7o liberado! E o PIS\/Pasep quando cai? (veja os calend\u00e1rios completos de 2026) - Blog Pensar Cursos","isPartOf":{"@id":"https:\/\/www.pensarcursos.com.br\/blog\/#website"},"primaryImageOfPage":{"@id":"https:\/\/www.pensarcursos.com.br\/blog\/saque-aniversario-do-fgts-de-marco-liberado-e-o-pis-pasep-quando-cai-veja-os-calendarios-completos-de-2026\/#primaryimage"},"image":{"@id":"https:\/\/www.pensarcursos.com.br\/blog\/saque-aniversario-do-fgts-de-marco-liberado-e-o-pis-pasep-quando-cai-veja-os-calendarios-completos-de-2026\/#primaryimage"},"thumbnailUrl":"https:\/\/www.pensarcursos.com.br\/blog\/wp-content\/uploads\/2026\/03\/pagamento-saque-aniversario-2026.webp","datePublished":"2026-03-11T20:39:23+00:00","description":"Saque-anivers\u00e1rio libera pagamento para mar\u00e7o; PIS\/Pasep segue novo calend\u00e1rio. Veja datas, valores e como garantir o benef\u00edcio. Saiba mais","breadcrumb":{"@id":"https:\/\/www.pensarcursos.com.br\/blog\/saque-aniversario-do-fgts-de-marco-liberado-e-o-pis-pasep-quando-cai-veja-os-calendarios-completos-de-2026\/#breadcrumb"},"inLanguage":"pt-BR","potentialAction":[{"@type":"ReadAction","target":["https:\/\/www.pensarcursos.com.br\/blog\/saque-aniversario-do-fgts-de-marco-liberado-e-o-pis-pasep-quando-cai-veja-os-calendarios-completos-de-2026\/"]}]},{"@type":"ImageObject","inLanguage":"pt-BR","@id":"https:\/\/www.pensarcursos.com.br\/blog\/saque-aniversario-do-fgts-de-marco-liberado-e-o-pis-pasep-quando-cai-veja-os-calendarios-completos-de-2026\/#primaryimage","url":"https:\/\/www.pensarcursos.com.br\/blog\/wp-content\/uploads\/2026\/03\/pagamento-saque-aniversario-2026.webp","contentUrl":"https:\/\/www.pensarcursos.com.br\/blog\/wp-content\/uploads\/2026\/03\/pagamento-saque-aniversario-2026.webp","width":1200,"height":800,"caption":"Saque-anivers\u00e1rio do FGTS de mar\u00e7o fica dispon\u00edvel por at\u00e9 90 dias \u2014 n\u00e3o deixe o prazo passar e o dinheiro voltar para o fundo. Imagem: Blog Pensar Cursos"},{"@type":"BreadcrumbList","@id":"https:\/\/www.pensarcursos.com.br\/blog\/saque-aniversario-do-fgts-de-marco-liberado-e-o-pis-pasep-quando-cai-veja-os-calendarios-completos-de-2026\/#breadcrumb","itemListElement":[{"@type":"ListItem","position":1,"name":"Home","item":"https:\/\/www.pensarcursos.com.br\/blog\/"},{"@type":"ListItem","position":2,"name":"Saque anivers\u00e1rio do FGTS de mar\u00e7o liberado! E o PIS\/Pasep quando cai? (veja os calend\u00e1rios completos de 2026)"}]},{"@type":"WebSite","@id":"https:\/\/www.pensarcursos.com.br\/blog\/#website","url":"https:\/\/www.pensarcursos.com.br\/blog\/","name":"Blog Pensar Cursos","description":"Maior Site de Cursos do Brasil","publisher":{"@id":"https:\/\/www.pensarcursos.com.br\/blog\/#organization"},"alternateName":"Blog Pensar","potentialAction":[{"@type":"SearchAction","target":{"@type":"EntryPoint","urlTemplate":"https:\/\/www.pensarcursos.com.br\/blog\/?s={search_term_string}"},"query-input":{"@type":"PropertyValueSpecification","valueRequired":true,"valueName":"search_term_string"}}],"inLanguage":"pt-BR"},{"@type":"Organization","@id":"https:\/\/www.pensarcursos.com.br\/blog\/#organization","name":"Pensar Cursos","alternateName":"Blog pensar","url":"https:\/\/www.pensarcursos.com.br\/blog\/","logo":{"@type":"ImageObject","inLanguage":"pt-BR","@id":"https:\/\/www.pensarcursos.com.br\/blog\/#\/schema\/logo\/image\/","url":"https:\/\/www.pensarcursos.com.br\/blog\/wp-content\/uploads\/2023\/11\/Nova-Logo-Pensar-Cursos-vertical.png","contentUrl":"https:\/\/www.pensarcursos.com.br\/blog\/wp-content\/uploads\/2023\/11\/Nova-Logo-Pensar-Cursos-vertical.png","width":1393,"height":1001,"caption":"Pensar Cursos"},"image":{"@id":"https:\/\/www.pensarcursos.com.br\/blog\/#\/schema\/logo\/image\/"},"sameAs":["https:\/\/www.facebook.com\/pensarcursos\/","https:\/\/instagram.com.br\/pensarcursos"],"description":"Pensar Cursos \u00e9 uma empresa especializada em oferecer cursos de alta qualidade voltados para o desenvolvimento profissional e acad\u00eamico. Com uma ampla gama de op\u00e7\u00f5es de treinamento, oferecemos conte\u00fados atualizados, ministrados por especialistas da \u00e1rea, para capacitar indiv\u00edduos e equipes a atingirem seus objetivos. Nossa miss\u00e3o \u00e9 proporcionar uma educa\u00e7\u00e3o transformadora, acess\u00edvel e personalizada para cada aluno, seja em cursos presenciais ou online. Com uma abordagem inovadora, buscamos adaptar os nossos programas de ensino \u00e0s necessidades do mercado, criando solu\u00e7\u00f5es que atendem aos desafios e exig\u00eancias do mundo corporativo e acad\u00eamico. Nossos cursos incluem desde forma\u00e7\u00f5es t\u00e9cnicas at\u00e9 habilidades essenciais, como lideran\u00e7a, gest\u00e3o e desenvolvimento pessoal.","email":"contato@pensarcursos.com.br","legalName":"Sena Servi\u00e7os de Informa\u00e7\u00e3o Online LTDA","foundingDate":"2013-04-18","vatID":"17956217000172","numberOfEmployees":{"@type":"QuantitativeValue","minValue":"11","maxValue":"50"},"publishingPrinciples":"https:\/\/www.pensarcursos.com.br\/blog\/principios-de-publicacao\/","ownershipFundingInfo":"https:\/\/www.pensarcursos.com.br\/blog\/informacoes-de-propriedade-financiamento\/","actionableFeedbackPolicy":"https:\/\/www.pensarcursos.com.br\/blog\/politica-de-feedback-acionavel\/","correctionsPolicy":"https:\/\/www.pensarcursos.com.br\/blog\/politica-de-correcoes\/","ethicsPolicy":"https:\/\/www.pensarcursos.com.br\/blog\/politica-de-etica\/"},{"@type":"Person","@id":"https:\/\/www.pensarcursos.com.br\/blog\/#\/schema\/person\/b94ff84c7271a3cb9a5ce19e07b0ed5f","name":"Luiza Pereira","image":{"@type":"ImageObject","inLanguage":"pt-BR","@id":"https:\/\/secure.gravatar.com\/avatar\/51a9cea3f558699054e6c6d962a79771188542d9b4d73e9f96d8c0586bc5f11d?s=96&d=mm&r=g","url":"https:\/\/secure.gravatar.com\/avatar\/51a9cea3f558699054e6c6d962a79771188542d9b4d73e9f96d8c0586bc5f11d?s=96&d=mm&r=g","contentUrl":"https:\/\/secure.gravatar.com\/avatar\/51a9cea3f558699054e6c6d962a79771188542d9b4d73e9f96d8c0586bc5f11d?s=96&d=mm&r=g","caption":"Luiza Pereira"},"description":"Graduanda em Pedagogia pela Universidade Estadual do Sudoeste da Bahia (UESB). Redatora do grupo Sena Online.","sameAs":["https:\/\/www.instagram.com\/luizza_pereiraa?igsh=MmltMGh0bHUzbnR0"],"url":"https:\/\/www.pensarcursos.com.br\/blog\/author\/luiza\/"}]}},"_links":{"self":[{"href":"https:\/\/www.pensarcursos.com.br\/blog\/wp-json\/wp\/v2\/posts\/149425","targetHints":{"allow":["GET"]}}],"collection":[{"href":"https:\/\/www.pensarcursos.com.br\/blog\/wp-json\/wp\/v2\/posts"}],"about":[{"href":"https:\/\/www.pensarcursos.com.br\/blog\/wp-json\/wp\/v2\/types\/post"}],"author":[{"embeddable":true,"href":"https:\/\/www.pensarcursos.com.br\/blog\/wp-json\/wp\/v2\/users\/60"}],"replies":[{"embeddable":true,"href":"https:\/\/www.pensarcursos.com.br\/blog\/wp-json\/wp\/v2\/comments?post=149425"}],"version-history":[{"count":0,"href":"https:\/\/www.pensarcursos.com.br\/blog\/wp-json\/wp\/v2\/posts\/149425\/revisions"}],"wp:featuredmedia":[{"embeddable":true,"href":"https:\/\/www.pensarcursos.com.br\/blog\/wp-json\/wp\/v2\/media\/149442"}],"wp:attachment":[{"href":"https:\/\/www.pensarcursos.com.br\/blog\/wp-json\/wp\/v2\/media?parent=149425"}],"wp:term":[{"taxonomy":"category","embeddable":true,"href":"https:\/\/www.pensarcursos.com.br\/blog\/wp-json\/wp\/v2\/categories?post=149425"},{"taxonomy":"post_tag","embeddable":true,"href":"https:\/\/www.pensarcursos.com.br\/blog\/wp-json\/wp\/v2\/tags?post=149425"}],"curies":[{"name":"wp","href":"https:\/\/api.w.org\/{rel}","templated":true}]}}