{"id":149420,"date":"2026-03-11T17:09:42","date_gmt":"2026-03-11T20:09:42","guid":{"rendered":"https:\/\/www.pensarcursos.com.br\/blog\/?p=149420"},"modified":"2026-03-11T11:51:45","modified_gmt":"2026-03-11T14:51:45","slug":"se-voce-vive-dizendo-essas-6-frases-no-dia-a-dia-elas-podem-revelar-uma-carencia-emocional-que-voce-nao-percebe","status":"publish","type":"post","link":"https:\/\/www.pensarcursos.com.br\/blog\/se-voce-vive-dizendo-essas-6-frases-no-dia-a-dia-elas-podem-revelar-uma-carencia-emocional-que-voce-nao-percebe\/","title":{"rendered":"Se voc\u00ea vive dizendo essas 6 frases no dia a dia, elas podem revelar uma car\u00eancia emocional que voc\u00ea n\u00e3o percebe"},"content":{"rendered":"<p>Tem frases que parecem simples desabafos \u2014 mas, quando se repetem toda semana, toda<a href=\"https:\/\/www.pensarcursos.com.br\/blog\/o-que-significa-quando-conversa-sozinho-de-acordo-com-a-psicologia\/\" target=\"_blank\" rel=\"noopener\"> conversa<\/a>, todo dia, podem dizer muito mais sobre o estado emocional de uma pessoa do que ela pr\u00f3pria imagina. <strong>Car\u00eancia emocional<\/strong> \u00e9 um padr\u00e3o silencioso, que se instala nas palavras antes mesmo de ser reconhecido na mente.<\/p>\n<p>Segundo a psic\u00f3loga comportamental Rejane Sbrissa, pessoas com car\u00eancia emocional cr\u00f4nica vivem em constante insatisfa\u00e7\u00e3o. Elas buscam reconhecimento, aten\u00e7\u00e3o e valida\u00e7\u00e3o de forma incessante \u2014 e isso acaba esgotando as rela\u00e7\u00f5es ao redor. O mais dif\u00edcil \u00e9 que, na maioria das vezes, elas n\u00e3o percebem esse ciclo.<\/p>\n<p>Se ao menos uma das frases abaixo soar familiar, vale a pena continuar a leitura. N\u00e3o para julgamento \u2014 mas para reflex\u00e3o.<\/p>\n<h2>O que \u00e9 car\u00eancia emocional, afinal?<\/h2>\n<p>Antes de analisar as frases, vale entender o que est\u00e1 por tr\u00e1s delas. <strong>Car\u00eancia emocional<\/strong> n\u00e3o \u00e9 simplesmente querer aten\u00e7\u00e3o. \u00c9 um estado interno de insatisfa\u00e7\u00e3o que persiste mesmo quando h\u00e1 afeto, cuidado e presen\u00e7a ao redor.<\/p>\n<h3>Por que a pessoa carente nunca se sente preenchida?<\/h3>\n<p>A psic\u00f3loga Rejane Sbrissa descreve esse estado como um &#8220;buraco que nunca se preenche&#8221;. A pessoa n\u00e3o consegue enxergar o que j\u00e1 tem porque est\u00e1 sempre buscando algo al\u00e9m \u2014 algo mais intenso, mais confirmador.<\/p>\n<p>Esse padr\u00e3o costuma ter ra\u00edzes na inf\u00e2ncia, em v\u00ednculos inseguros ou em experi\u00eancias de abandono emocional. Com o tempo, a car\u00eancia deixa de ser uma rea\u00e7\u00e3o pontual e vira um modo de funcionamento.<\/p>\n<h2>As 6 frases que revelam car\u00eancia emocional sem que a pessoa perceba<\/h2>\n<h3>1. &#8220;Ningu\u00e9m me d\u00e1 aten\u00e7\u00e3o&#8221;<\/h3>\n<p>Essa \u00e9 uma das frases mais comuns entre quem vive com <strong>car\u00eancia afetiva<\/strong>. A sensa\u00e7\u00e3o \u00e9 real para quem a sente \u2014 mas nem sempre corresponde \u00e0 realidade externa.<\/p>\n<p>Pessoas pr\u00f3ximas podem demonstrar afeto regularmente, e ainda assim o sentimento de neglig\u00eancia persiste. Isso acontece porque a dificuldade n\u00e3o est\u00e1 na falta de aten\u00e7\u00e3o do outro, mas na incapacidade de reconhec\u00ea-la e absorv\u00ea-la.<\/p>\n<h3>2. &#8220;Me sinto invis\u00edvel&#8221;<\/h3>\n<p>Estar rodeado de pessoas e ainda assim sentir que n\u00e3o existe \u2014 essa \u00e9 uma das descri\u00e7\u00f5es mais precisas da car\u00eancia emocional cr\u00f4nica.<\/p>\n<p>Segundo Rejane Sbrissa, esse sentimento est\u00e1 mais ligado \u00e0 <strong>baixa autoestima<\/strong> e \u00e0 aus\u00eancia de prop\u00f3sito interno do que \u00e0 neglig\u00eancia real de quem est\u00e1 por perto. &#8220;\u00c9 a falta de si mesma, n\u00e3o dos outros&#8221;, pontua a especialista.<\/p>\n<h3>3. &#8220;Tudo para os outros, nada pra mim&#8221;<\/h3>\n<p>Essa frase carrega um tom de vitimismo que pode surgir diante de situa\u00e7\u00f5es pequenas: um colega recebeu um elogio, um amigo ganhou um presente, algu\u00e9m foi promovido.<\/p>\n<p>Para quem tem <strong>depend\u00eancia emocional<\/strong>, esses momentos se transformam em prova de que o mundo \u00e9 injusto \u2014 especificamente com ela. Mesmo quando coisas boas acontecem, o foco vai automaticamente para o que ainda est\u00e1 faltando.<\/p>\n<figure id=\"attachment_149440\" aria-describedby=\"caption-attachment-149440\" style=\"width: 1302px\" class=\"wp-caption aligncenter\"><img decoding=\"async\" class=\"wp-image-149440 size-full\" src=\"https:\/\/www.pensarcursos.com.br\/blog\/wp-content\/uploads\/2026\/03\/frases-que-pessoas-carentes-costumam-repetir-sem-perceber.jpg\" alt=\"Mulher sentada no ch\u00e3o apoiada no sof\u00e1 demonstrando tristeza enquanto reflete sobre padr\u00f5es de car\u00eancia emocional. \" width=\"1302\" height=\"800\" srcset=\"https:\/\/www.pensarcursos.com.br\/blog\/wp-content\/uploads\/2026\/03\/frases-que-pessoas-carentes-costumam-repetir-sem-perceber.jpg 1302w, https:\/\/www.pensarcursos.com.br\/blog\/wp-content\/uploads\/2026\/03\/frases-que-pessoas-carentes-costumam-repetir-sem-perceber-300x184.jpg 300w, https:\/\/www.pensarcursos.com.br\/blog\/wp-content\/uploads\/2026\/03\/frases-que-pessoas-carentes-costumam-repetir-sem-perceber-1024x629.jpg 1024w, https:\/\/www.pensarcursos.com.br\/blog\/wp-content\/uploads\/2026\/03\/frases-que-pessoas-carentes-costumam-repetir-sem-perceber-768x472.jpg 768w, https:\/\/www.pensarcursos.com.br\/blog\/wp-content\/uploads\/2026\/03\/frases-que-pessoas-carentes-costumam-repetir-sem-perceber-750x461.jpg 750w, https:\/\/www.pensarcursos.com.br\/blog\/wp-content\/uploads\/2026\/03\/frases-que-pessoas-carentes-costumam-repetir-sem-perceber-1140x700.jpg 1140w\" sizes=\"(max-width: 1302px) 100vw, 1302px\" \/><figcaption id=\"caption-attachment-149440\" class=\"wp-caption-text\">Nem toda car\u00eancia \u00e9 vis\u00edvel \u2014 \u00e0s vezes ela se revela nas frases mais comuns. Fonte: Freepik.<\/figcaption><\/figure>\n<h3>4. &#8220;Eu nunca recebo mensagem&#8221;<\/h3>\n<p>Em tempos de notifica\u00e7\u00f5es constantes e redes sociais, o sil\u00eancio pode ser interpretado como rejei\u00e7\u00e3o. Essa frase \u00e9, muitas vezes, um pedido disfar\u00e7ado de aten\u00e7\u00e3o.<\/p>\n<p>&#8220;\u00c9 um desejo constante de ser lembrado, de se sentir importante. Mas \u00e9 preciso entender que os outros tamb\u00e9m t\u00eam suas vidas&#8221;, alerta Rejane Sbrissa. A car\u00eancia emocional faz com que a aus\u00eancia de contato imediato seja lida como abandono \u2014 o que sobrecarrega as rela\u00e7\u00f5es.<\/p>\n<h3>5. &#8220;S\u00f3 quero algu\u00e9m que me ou\u00e7a&#8221;<\/h3>\n<p>A frase parece razo\u00e1vel. E \u00e9 \u2014 at\u00e9 certo ponto. O problema aparece quando ela se torna uma cobran\u00e7a constante, que recai sobre as mesmas pessoas repetidamente.<\/p>\n<p>Quando o desejo de ser ouvido vira uma exig\u00eancia di\u00e1ria, o outro come\u00e7a a se sentir pressionado a estar sempre dispon\u00edvel. A rela\u00e7\u00e3o perde equil\u00edbrio, e a <strong>depend\u00eancia emocional<\/strong> se aprofunda.<\/p>\n<h3>6. &#8220;Tudo \u00e9 culpa minha&#8221;<\/h3>\n<p>Essa <a href=\"https:\/\/www.pensarcursos.com.br\/blog\/uma-frase-simples-que-muda-sua-entrevista-de-emprego\/\" target=\"_blank\" rel=\"noopener\">frase<\/a> pode parecer o oposto da car\u00eancia, mas tem a mesma raiz. A pessoa assume responsabilidade por tudo \u2014 erros seus, erros dos outros, situa\u00e7\u00f5es que fogem ao seu controle \u2014 como forma de manter v\u00ednculos.<\/p>\n<p>A l\u00f3gica interna, segundo Rejane Sbrissa, \u00e9: &#8220;se eu for perfeita, nunca errar, vou ser amada&#8221;. \u00c9 uma tentativa distorcida de controlar o afeto do outro, que nasce do medo de ser rejeitada ou abandonada.<\/p>\n<h2>Car\u00eancia emocional nas rela\u00e7\u00f5es: quando o padr\u00e3o prejudica<\/h2>\n<p>Reconhecer esses padr\u00f5es de linguagem \u00e9 importante n\u00e3o s\u00f3 para quem os vive, mas tamb\u00e9m para quem est\u00e1 ao redor. Rela\u00e7\u00f5es marcadas por <strong>car\u00eancia emocional<\/strong> tendem a se desequilibrar com o tempo.<\/p>\n<h3>O impacto para quem est\u00e1 por perto<\/h3>\n<p>Quem convive com uma pessoa com car\u00eancia emocional cr\u00f4nica pode sentir:<\/p>\n<ul>\n<li><strong>Esgotamento emocional<\/strong> pelo esfor\u00e7o constante de reassegurar o outro<\/li>\n<li>Sensa\u00e7\u00e3o de que nada que faz \u00e9 suficiente<\/li>\n<li>Dist\u00e2ncia progressiva como mecanismo de prote\u00e7\u00e3o<\/li>\n<\/ul>\n<p>Isso n\u00e3o significa que a rela\u00e7\u00e3o n\u00e3o pode funcionar \u2014 mas ela exige mais consci\u00eancia de ambos os lados.<\/p>\n<h2>Como lidar com a car\u00eancia emocional<\/h2>\n<p>Identificar o padr\u00e3o \u00e9 o come\u00e7o. Mas transform\u00e1-lo exige mais do que boa vontade.<\/p>\n<h3>O Papel da psicoterapia<\/h3>\n<p>A psic\u00f3loga Rejane Sbrissa \u00e9 direta: &#8220;A <strong>psicoterapia<\/strong> \u00e9 uma ferramenta central nesse processo. A car\u00eancia emocional vem da instabilidade interna e da dificuldade de lidar com os pr\u00f3prios vazios. Com apoio profissional, \u00e9 poss\u00edvel fortalecer a autoestima, criar prop\u00f3sito e construir uma vida interior mais s\u00f3lida \u2014 sem depender da aprova\u00e7\u00e3o constante do outro.&#8221;<\/p>\n<p>Al\u00e9m da terapia, algumas pr\u00e1ticas podem ajudar no dia a dia:<\/p>\n<ul>\n<li>Praticar o <strong>autoconhecimento<\/strong> com regularidade (journaling, medita\u00e7\u00e3o)<\/li>\n<li>Aprender a identificar e nomear as pr\u00f3prias emo\u00e7\u00f5es<\/li>\n<li>Trabalhar a <strong>autoestima<\/strong> de forma gradual e consistente<\/li>\n<li>Estabelecer limites saud\u00e1veis nas rela\u00e7\u00f5es<\/li>\n<\/ul>\n<p>Para quem deseja aprofundar-se no tema da sa\u00fade emocional, o<strong> <a href=\"https:\/\/www.pensarcursos.com.br\" target=\"_blank\" rel=\"noopener\">Blog Pensar Cursos<\/a><\/strong> oferece diversos conte\u00fados sobre o assunto.<\/p>\n","protected":false},"excerpt":{"rendered":"<p>Tem frases que parecem simples desabafos \u2014 mas, quando se repetem toda semana, toda conversa, todo dia, podem dizer muito mais sobre o estado emocional de uma pessoa do que ela pr\u00f3pria imagina. Car\u00eancia emocional \u00e9 um padr\u00e3o silencioso, que se instala nas palavras antes mesmo de ser reconhecido na mente. Segundo a psic\u00f3loga comportamental [&hellip;]<\/p>\n","protected":false},"author":56,"featured_media":149432,"comment_status":"open","ping_status":"closed","sticky":false,"template":"","format":"standard","meta":{"jnews-multi-image_gallery":[],"jnews_single_post":{"subtitle":"Como identificar sinais de car\u00eancia afetiva nas suas pr\u00f3prias palavras \u2014 e o que fazer a respeito","format":"standard","override":[{"template":"1","parallax":"1","fullscreen":"1","layout":"right-sidebar","sidebar":"default-sidebar","second_sidebar":"default-sidebar","sticky_sidebar":"1","share_position":"topbottom","share_float_style":"share-monocrhome","show_featured":"1","show_post_meta":"1","show_post_author":"1","show_post_author_image":"1","show_post_date":"1","post_date_format":"default","post_date_format_custom":"Y\/m\/d","show_post_category":"1","post_reading_time_wpm":"300","post_calculate_word_method":"str_word_count","show_zoom_button":"0","zoom_button_out_step":"2","zoom_button_in_step":"3","show_post_tag":"1","show_prev_next_post":"1","show_popup_post":"1","show_comment_section":"1","number_popup_post":"2","show_author_box":"1","show_post_related":"1","show_inline_post_related":"1"}],"image_override":[{"single_post_thumbnail_size":"crop-500","single_post_gallery_size":"crop-500"}],"trending_post_position":"meta","trending_post_label":"Trending","sponsored_post_label":"Sponsored by","disable_ad":"0"},"jnews_primary_category":[],"jnews_social_meta":[],"jnews_override_counter":{"view_counter_number":"0","share_counter_number":"0","like_counter_number":"0","dislike_counter_number":"0"},"footnotes":""},"categories":[27431],"tags":[39470,39471,39472,1055],"class_list":["post-149420","post","type-post","status-publish","format-standard","has-post-thumbnail","hentry","category-psicologia-e-comportamento","tag-carencia-emocional","tag-dependencia-afetiva","tag-pessoa-carente","tag-psicologia-comportamental"],"yoast_head":"<!-- This site is optimized with the Yoast SEO Premium plugin v27.4 (Yoast SEO v27.4) - https:\/\/yoast.com\/product\/yoast-seo-premium-wordpress\/ -->\n<title>Se voc\u00ea vive dizendo essas 6 frases no dia a dia, elas podem revelar uma car\u00eancia emocional que voc\u00ea n\u00e3o percebe - Blog Pensar Cursos<\/title>\n<meta name=\"description\" content=\"Essas 6 frases do dia a dia podem revelar car\u00eancia emocional. Descubra os sinais e saiba como transformar esse padr\u00e3o.\" \/>\n<meta name=\"robots\" content=\"index, follow, max-snippet:-1, max-image-preview:large, max-video-preview:-1\" \/>\n<link rel=\"canonical\" href=\"https:\/\/www.pensarcursos.com.br\/blog\/se-voce-vive-dizendo-essas-6-frases-no-dia-a-dia-elas-podem-revelar-uma-carencia-emocional-que-voce-nao-percebe\/\" \/>\n<meta property=\"og:locale\" content=\"pt_BR\" \/>\n<meta property=\"og:type\" content=\"article\" \/>\n<meta property=\"og:title\" content=\"Se voc\u00ea vive dizendo essas 6 frases no dia a dia, elas podem revelar uma car\u00eancia emocional que voc\u00ea n\u00e3o percebe\" \/>\n<meta property=\"og:description\" content=\"Essas 6 frases do dia a dia podem revelar car\u00eancia emocional. Descubra os sinais e saiba como transformar esse padr\u00e3o.\" \/>\n<meta property=\"og:url\" content=\"https:\/\/www.pensarcursos.com.br\/blog\/se-voce-vive-dizendo-essas-6-frases-no-dia-a-dia-elas-podem-revelar-uma-carencia-emocional-que-voce-nao-percebe\/\" \/>\n<meta property=\"og:site_name\" content=\"Blog Pensar Cursos\" \/>\n<meta property=\"article:publisher\" content=\"https:\/\/www.facebook.com\/pensarcursos\/\" \/>\n<meta property=\"article:published_time\" content=\"2026-03-11T20:09:42+00:00\" \/>\n<meta property=\"og:image\" content=\"https:\/\/www.pensarcursos.com.br\/blog\/wp-content\/uploads\/2026\/03\/carencia-emocional.jpg\" \/>\n\t<meta property=\"og:image:width\" content=\"1200\" \/>\n\t<meta property=\"og:image:height\" content=\"804\" \/>\n\t<meta property=\"og:image:type\" content=\"image\/jpeg\" \/>\n<meta name=\"author\" content=\"Yasmin Santos\" \/>\n<meta name=\"twitter:card\" content=\"summary_large_image\" \/>\n<meta name=\"twitter:label1\" content=\"Escrito por\" \/>\n\t<meta name=\"twitter:data1\" content=\"Yasmin Santos\" \/>\n\t<meta name=\"twitter:label2\" content=\"Est. tempo de leitura\" \/>\n\t<meta name=\"twitter:data2\" content=\"6 minutos\" \/>\n<!-- \/ Yoast SEO Premium plugin. -->","yoast_head_json":{"title":"Se voc\u00ea vive dizendo essas 6 frases no dia a dia, elas podem revelar uma car\u00eancia emocional que voc\u00ea n\u00e3o percebe - Blog Pensar Cursos","description":"Essas 6 frases do dia a dia podem revelar car\u00eancia emocional. Descubra os sinais e saiba como transformar esse padr\u00e3o.","robots":{"index":"index","follow":"follow","max-snippet":"max-snippet:-1","max-image-preview":"max-image-preview:large","max-video-preview":"max-video-preview:-1"},"canonical":"https:\/\/www.pensarcursos.com.br\/blog\/se-voce-vive-dizendo-essas-6-frases-no-dia-a-dia-elas-podem-revelar-uma-carencia-emocional-que-voce-nao-percebe\/","og_locale":"pt_BR","og_type":"article","og_title":"Se voc\u00ea vive dizendo essas 6 frases no dia a dia, elas podem revelar uma car\u00eancia emocional que voc\u00ea n\u00e3o percebe","og_description":"Essas 6 frases do dia a dia podem revelar car\u00eancia emocional. Descubra os sinais e saiba como transformar esse padr\u00e3o.","og_url":"https:\/\/www.pensarcursos.com.br\/blog\/se-voce-vive-dizendo-essas-6-frases-no-dia-a-dia-elas-podem-revelar-uma-carencia-emocional-que-voce-nao-percebe\/","og_site_name":"Blog Pensar Cursos","article_publisher":"https:\/\/www.facebook.com\/pensarcursos\/","article_published_time":"2026-03-11T20:09:42+00:00","og_image":[{"width":1200,"height":804,"url":"https:\/\/www.pensarcursos.com.br\/blog\/wp-content\/uploads\/2026\/03\/carencia-emocional.jpg","type":"image\/jpeg"}],"author":"Yasmin Santos","twitter_card":"summary_large_image","twitter_misc":{"Escrito por":"Yasmin Santos","Est. tempo de leitura":"6 minutos"},"schema":{"@context":"https:\/\/schema.org","@graph":[{"@type":["Article","BlogPosting"],"@id":"https:\/\/www.pensarcursos.com.br\/blog\/se-voce-vive-dizendo-essas-6-frases-no-dia-a-dia-elas-podem-revelar-uma-carencia-emocional-que-voce-nao-percebe\/#article","isPartOf":{"@id":"https:\/\/www.pensarcursos.com.br\/blog\/se-voce-vive-dizendo-essas-6-frases-no-dia-a-dia-elas-podem-revelar-uma-carencia-emocional-que-voce-nao-percebe\/"},"author":{"name":"Yasmin Santos","@id":"https:\/\/www.pensarcursos.com.br\/blog\/#\/schema\/person\/2700c09d818d989d5d4fff5f50d4b755"},"headline":"Se voc\u00ea vive dizendo essas 6 frases no dia a dia, elas podem revelar uma car\u00eancia emocional que voc\u00ea n\u00e3o percebe","datePublished":"2026-03-11T20:09:42+00:00","mainEntityOfPage":{"@id":"https:\/\/www.pensarcursos.com.br\/blog\/se-voce-vive-dizendo-essas-6-frases-no-dia-a-dia-elas-podem-revelar-uma-carencia-emocional-que-voce-nao-percebe\/"},"wordCount":1028,"commentCount":0,"publisher":{"@id":"https:\/\/www.pensarcursos.com.br\/blog\/#organization"},"image":{"@id":"https:\/\/www.pensarcursos.com.br\/blog\/se-voce-vive-dizendo-essas-6-frases-no-dia-a-dia-elas-podem-revelar-uma-carencia-emocional-que-voce-nao-percebe\/#primaryimage"},"thumbnailUrl":"https:\/\/www.pensarcursos.com.br\/blog\/wp-content\/uploads\/2026\/03\/carencia-emocional.jpg","keywords":["car\u00eancia emocional","depend\u00eancia afetiva","pessoa carente","Psicologia comportamental"],"articleSection":["Psicologia e Comportamento"],"inLanguage":"pt-BR","potentialAction":[{"@type":"CommentAction","name":"Comment","target":["https:\/\/www.pensarcursos.com.br\/blog\/se-voce-vive-dizendo-essas-6-frases-no-dia-a-dia-elas-podem-revelar-uma-carencia-emocional-que-voce-nao-percebe\/#respond"]}],"copyrightYear":"2026","copyrightHolder":{"@id":"https:\/\/www.pensarcursos.com.br\/blog\/#organization"}},{"@type":"WebPage","@id":"https:\/\/www.pensarcursos.com.br\/blog\/se-voce-vive-dizendo-essas-6-frases-no-dia-a-dia-elas-podem-revelar-uma-carencia-emocional-que-voce-nao-percebe\/","url":"https:\/\/www.pensarcursos.com.br\/blog\/se-voce-vive-dizendo-essas-6-frases-no-dia-a-dia-elas-podem-revelar-uma-carencia-emocional-que-voce-nao-percebe\/","name":"Se voc\u00ea vive dizendo essas 6 frases no dia a dia, elas podem revelar uma car\u00eancia emocional que voc\u00ea n\u00e3o percebe - Blog Pensar Cursos","isPartOf":{"@id":"https:\/\/www.pensarcursos.com.br\/blog\/#website"},"primaryImageOfPage":{"@id":"https:\/\/www.pensarcursos.com.br\/blog\/se-voce-vive-dizendo-essas-6-frases-no-dia-a-dia-elas-podem-revelar-uma-carencia-emocional-que-voce-nao-percebe\/#primaryimage"},"image":{"@id":"https:\/\/www.pensarcursos.com.br\/blog\/se-voce-vive-dizendo-essas-6-frases-no-dia-a-dia-elas-podem-revelar-uma-carencia-emocional-que-voce-nao-percebe\/#primaryimage"},"thumbnailUrl":"https:\/\/www.pensarcursos.com.br\/blog\/wp-content\/uploads\/2026\/03\/carencia-emocional.jpg","datePublished":"2026-03-11T20:09:42+00:00","description":"Essas 6 frases do dia a dia podem revelar car\u00eancia emocional. Descubra os sinais e saiba como transformar esse padr\u00e3o.","breadcrumb":{"@id":"https:\/\/www.pensarcursos.com.br\/blog\/se-voce-vive-dizendo-essas-6-frases-no-dia-a-dia-elas-podem-revelar-uma-carencia-emocional-que-voce-nao-percebe\/#breadcrumb"},"inLanguage":"pt-BR","potentialAction":[{"@type":"ReadAction","target":["https:\/\/www.pensarcursos.com.br\/blog\/se-voce-vive-dizendo-essas-6-frases-no-dia-a-dia-elas-podem-revelar-uma-carencia-emocional-que-voce-nao-percebe\/"]}]},{"@type":"ImageObject","inLanguage":"pt-BR","@id":"https:\/\/www.pensarcursos.com.br\/blog\/se-voce-vive-dizendo-essas-6-frases-no-dia-a-dia-elas-podem-revelar-uma-carencia-emocional-que-voce-nao-percebe\/#primaryimage","url":"https:\/\/www.pensarcursos.com.br\/blog\/wp-content\/uploads\/2026\/03\/carencia-emocional.jpg","contentUrl":"https:\/\/www.pensarcursos.com.br\/blog\/wp-content\/uploads\/2026\/03\/carencia-emocional.jpg","width":1200,"height":804,"caption":"Entenda como certas express\u00f5es comuns podem indicar necessidades afetivas n\u00e3o resolvidas. Fonte: Freepik."},{"@type":"BreadcrumbList","@id":"https:\/\/www.pensarcursos.com.br\/blog\/se-voce-vive-dizendo-essas-6-frases-no-dia-a-dia-elas-podem-revelar-uma-carencia-emocional-que-voce-nao-percebe\/#breadcrumb","itemListElement":[{"@type":"ListItem","position":1,"name":"Home","item":"https:\/\/www.pensarcursos.com.br\/blog\/"},{"@type":"ListItem","position":2,"name":"Se voc\u00ea vive dizendo essas 6 frases no dia a dia, elas podem revelar uma car\u00eancia emocional que voc\u00ea n\u00e3o percebe"}]},{"@type":"WebSite","@id":"https:\/\/www.pensarcursos.com.br\/blog\/#website","url":"https:\/\/www.pensarcursos.com.br\/blog\/","name":"Blog Pensar Cursos","description":"Maior Site de Cursos do Brasil","publisher":{"@id":"https:\/\/www.pensarcursos.com.br\/blog\/#organization"},"alternateName":"Blog Pensar","potentialAction":[{"@type":"SearchAction","target":{"@type":"EntryPoint","urlTemplate":"https:\/\/www.pensarcursos.com.br\/blog\/?s={search_term_string}"},"query-input":{"@type":"PropertyValueSpecification","valueRequired":true,"valueName":"search_term_string"}}],"inLanguage":"pt-BR"},{"@type":"Organization","@id":"https:\/\/www.pensarcursos.com.br\/blog\/#organization","name":"Pensar Cursos","alternateName":"Blog pensar","url":"https:\/\/www.pensarcursos.com.br\/blog\/","logo":{"@type":"ImageObject","inLanguage":"pt-BR","@id":"https:\/\/www.pensarcursos.com.br\/blog\/#\/schema\/logo\/image\/","url":"https:\/\/www.pensarcursos.com.br\/blog\/wp-content\/uploads\/2023\/11\/Nova-Logo-Pensar-Cursos-vertical.png","contentUrl":"https:\/\/www.pensarcursos.com.br\/blog\/wp-content\/uploads\/2023\/11\/Nova-Logo-Pensar-Cursos-vertical.png","width":1393,"height":1001,"caption":"Pensar Cursos"},"image":{"@id":"https:\/\/www.pensarcursos.com.br\/blog\/#\/schema\/logo\/image\/"},"sameAs":["https:\/\/www.facebook.com\/pensarcursos\/","https:\/\/instagram.com.br\/pensarcursos"],"description":"Pensar Cursos \u00e9 uma empresa especializada em oferecer cursos de alta qualidade voltados para o desenvolvimento profissional e acad\u00eamico. Com uma ampla gama de op\u00e7\u00f5es de treinamento, oferecemos conte\u00fados atualizados, ministrados por especialistas da \u00e1rea, para capacitar indiv\u00edduos e equipes a atingirem seus objetivos. Nossa miss\u00e3o \u00e9 proporcionar uma educa\u00e7\u00e3o transformadora, acess\u00edvel e personalizada para cada aluno, seja em cursos presenciais ou online. Com uma abordagem inovadora, buscamos adaptar os nossos programas de ensino \u00e0s necessidades do mercado, criando solu\u00e7\u00f5es que atendem aos desafios e exig\u00eancias do mundo corporativo e acad\u00eamico. Nossos cursos incluem desde forma\u00e7\u00f5es t\u00e9cnicas at\u00e9 habilidades essenciais, como lideran\u00e7a, gest\u00e3o e desenvolvimento pessoal.","email":"contato@pensarcursos.com.br","legalName":"Sena Servi\u00e7os de Informa\u00e7\u00e3o Online LTDA","foundingDate":"2013-04-18","vatID":"17956217000172","numberOfEmployees":{"@type":"QuantitativeValue","minValue":"11","maxValue":"50"},"publishingPrinciples":"https:\/\/www.pensarcursos.com.br\/blog\/principios-de-publicacao\/","ownershipFundingInfo":"https:\/\/www.pensarcursos.com.br\/blog\/informacoes-de-propriedade-financiamento\/","actionableFeedbackPolicy":"https:\/\/www.pensarcursos.com.br\/blog\/politica-de-feedback-acionavel\/","correctionsPolicy":"https:\/\/www.pensarcursos.com.br\/blog\/politica-de-correcoes\/","ethicsPolicy":"https:\/\/www.pensarcursos.com.br\/blog\/politica-de-etica\/"},{"@type":"Person","@id":"https:\/\/www.pensarcursos.com.br\/blog\/#\/schema\/person\/2700c09d818d989d5d4fff5f50d4b755","name":"Yasmin Santos","image":{"@type":"ImageObject","inLanguage":"pt-BR","@id":"https:\/\/secure.gravatar.com\/avatar\/b8d88d102398911030f7bd8e99bd07ffbbb62169f9a740f38705dc857853eb31?s=96&d=mm&r=g","url":"https:\/\/secure.gravatar.com\/avatar\/b8d88d102398911030f7bd8e99bd07ffbbb62169f9a740f38705dc857853eb31?s=96&d=mm&r=g","contentUrl":"https:\/\/secure.gravatar.com\/avatar\/b8d88d102398911030f7bd8e99bd07ffbbb62169f9a740f38705dc857853eb31?s=96&d=mm&r=g","caption":"Yasmin Santos"},"description":"Graduada em Letras Portugu\u00eas\/Ingl\u00eas pela Universidade Estadual de Santa Cruz (UESC), redatora do Grupo Sena Online","sameAs":["https:\/\/www.instagram.com\/yasmin0_20?igsh=MTdqZXF3NTA1b2gyMg=="],"url":"https:\/\/www.pensarcursos.com.br\/blog\/author\/yasmin\/"}]}},"_links":{"self":[{"href":"https:\/\/www.pensarcursos.com.br\/blog\/wp-json\/wp\/v2\/posts\/149420","targetHints":{"allow":["GET"]}}],"collection":[{"href":"https:\/\/www.pensarcursos.com.br\/blog\/wp-json\/wp\/v2\/posts"}],"about":[{"href":"https:\/\/www.pensarcursos.com.br\/blog\/wp-json\/wp\/v2\/types\/post"}],"author":[{"embeddable":true,"href":"https:\/\/www.pensarcursos.com.br\/blog\/wp-json\/wp\/v2\/users\/56"}],"replies":[{"embeddable":true,"href":"https:\/\/www.pensarcursos.com.br\/blog\/wp-json\/wp\/v2\/comments?post=149420"}],"version-history":[{"count":0,"href":"https:\/\/www.pensarcursos.com.br\/blog\/wp-json\/wp\/v2\/posts\/149420\/revisions"}],"wp:featuredmedia":[{"embeddable":true,"href":"https:\/\/www.pensarcursos.com.br\/blog\/wp-json\/wp\/v2\/media\/149432"}],"wp:attachment":[{"href":"https:\/\/www.pensarcursos.com.br\/blog\/wp-json\/wp\/v2\/media?parent=149420"}],"wp:term":[{"taxonomy":"category","embeddable":true,"href":"https:\/\/www.pensarcursos.com.br\/blog\/wp-json\/wp\/v2\/categories?post=149420"},{"taxonomy":"post_tag","embeddable":true,"href":"https:\/\/www.pensarcursos.com.br\/blog\/wp-json\/wp\/v2\/tags?post=149420"}],"curies":[{"name":"wp","href":"https:\/\/api.w.org\/{rel}","templated":true}]}}