{"id":149419,"date":"2026-03-11T16:39:10","date_gmt":"2026-03-11T19:39:10","guid":{"rendered":"https:\/\/www.pensarcursos.com.br\/blog\/?p=149419"},"modified":"2026-03-11T11:48:26","modified_gmt":"2026-03-11T14:48:26","slug":"sobra-diploma-falta-vaga-por-que-o-mercado-de-trabalho-esta-preferindo-profissionais-tecnicos","status":"publish","type":"post","link":"https:\/\/www.pensarcursos.com.br\/blog\/sobra-diploma-falta-vaga-por-que-o-mercado-de-trabalho-esta-preferindo-profissionais-tecnicos\/","title":{"rendered":"Sobra diploma, falta vaga: por que o mercado de trabalho est\u00e1 preferindo profissionais t\u00e9cnicos"},"content":{"rendered":"<p>Voc\u00ea j\u00e1 se perguntou por que tantos rec\u00e9m-formados est\u00e3o desempregados enquanto as empresas clamam por profissionais t\u00e9cnicos? O cen\u00e1rio nunca foi t\u00e3o incerto para quem seguiu o caminho acad\u00eamico tradicional, mas para quem apostou na forma\u00e7\u00e3o pr\u00e1tica, a realidade \u00e9 de plena expans\u00e3o. Descubra o que est\u00e1 impulsionando essa tend\u00eancia e veja por que o mercado de trabalho decidiu trocar o peso do diploma pela agilidade da compet\u00eancia.<\/p>\n<h2>Press\u00e3o nos universit\u00e1rios cresce nos EUA e reflete no Brasil<\/h2>\n<p>Nos Estados Unidos, o desconforto da Gera\u00e7\u00e3o Z com o <a href=\"https:\/\/www.pensarcursos.com.br\/blog\/voce-nao-precisa-de-diploma-para-ganhar-bem-6-carreiras-com-salarios-de-ate-r-20-mil\/\" target=\"_blank\" rel=\"noopener\">diploma<\/a> universit\u00e1rio se aprofunda. Dados do Federal Reserve Bank de Nova York no final de 2025 mostram que <strong>a taxa de desemprego entre graduados recentes atingiu 5,7%, enquanto a subocupa\u00e7\u00e3o \u2014 quando algu\u00e9m trabalha em fun\u00e7\u00f5es abaixo da qualifica\u00e7\u00e3o \u2014 alcan\u00e7ou 42,5%, maior patamar desde 2020.<\/strong> O Federal Reserve de Cleveland aponta que a vantagem salarial dos jovens graduados frente ao ensino m\u00e9dio encolheu ao menor n\u00edvel desde fins dos anos 1970.<\/p>\n<p>Puxado por essas mudan\u00e7as, o ensino t\u00e9cnico assume uma posi\u00e7\u00e3o de destaque. Nos EUA, setores como sa\u00fade seguem contratando em ritmo constante: o <a href=\"https:\/\/www.bls.gov\/\" target=\"_blank\" rel=\"noopener\">Bureau of Labor Statistics<\/a> estima cerca de 1,9 milh\u00e3o de vagas ao ano no setor entre 2024 e 2034, todas exigindo forma\u00e7\u00e3o t\u00e9cnica, n\u00e3o universit\u00e1ria.<\/p>\n<h2>Brasil tem panorama menos cr\u00edtico, mas a valoriza\u00e7\u00e3o t\u00e9cnica cresce<\/h2>\n<p>O Brasil apresenta panorama mais otimista, mas tamb\u00e9m passa por reacomoda\u00e7\u00e3o de expectativas. Segundo a <a href=\"https:\/\/www.ibge.gov.br\/estatisticas\/sociais\/saude\/17270-pnad-continua.html\" target=\"_blank\" rel=\"noopener\">PNAD Cont\u00ednua<\/a>, a taxa de desocupa\u00e7\u00e3o ficou em <strong>5,4% no trimestre m\u00f3vel at\u00e9 janeiro de 2026.<\/strong> O Ipea apontou<strong> 7,4% em mar\u00e7o de 2025<\/strong>, indicando mercado aquecido, especialmente para jovens.<\/p>\n<p>O Minist\u00e9rio do Trabalho registrou queda expressiva no <a href=\"https:\/\/www.pensarcursos.com.br\/blog\/antecipacao-do-pis-pasep-inss-parcelas-extras-do-seguro-desemprego-e-novo-beneficio-de-r-73-mil-veja-quem-tem-direito\/\" target=\"_blank\" rel=\"noopener\">desemprego<\/a> entre jovens de 14 a 24 anos: de 25,2% para 14,3% entre o fim de 2019 e 2024. A informalidade tamb\u00e9m cedeu, de 48% para 44%. Contudo, o IBGE mostrou que, em 2023, 21,2% dos jovens de 15 a 29 anos n\u00e3o estudavam nem trabalhavam, totalizando 10,3 milh\u00f5es de pessoas. O pa\u00eds consegue, ao menos, alinhar a melhora do emprego jovem com o aumento das matr\u00edculas em cursos t\u00e9cnicos.<\/p>\n<h2>O avan\u00e7o do ensino t\u00e9cnico: dados e tend\u00eancias atuais<\/h2>\n<p>Em 2024, o Brasil contou com 9,4 milh\u00f5es de universit\u00e1rios. Destes, apenas 1,4 milh\u00e3o optaram por cursos tecn\u00f3logos, ou seja, gradua\u00e7\u00f5es curtas e direcionadas, representando 15% do total.<\/p>\n<p>No ensino m\u00e9dio, <strong>a fatia de estudantes matriculados em cursos t\u00e9cnicos ou magist\u00e9rio cresceu de 7% em 2019 para 9,2% em 2024, somando 832 mil alunos \u2014 um salto de quase 29%.<\/strong> Segundo o Censo Escolar, a participa\u00e7\u00e3o da educa\u00e7\u00e3o t\u00e9cnica e profissional no ensino m\u00e9dio saltou de 15% para 17,2% em apenas um ano.<\/p>\n<h2>Por que o diploma t\u00e9cnico atrai mais o mercado?<\/h2>\n<p>O <a href=\"https:\/\/www.pensarcursos.com.br\/blog\/menos-salario-menos-promocao-e-menos-poder-a-realidade-das-mulheres-no-mercado-de-trabalho\/\" target=\"_blank\" rel=\"noopener\">mercado<\/a> aposta em profissionais t\u00e9cnicos por fatores objetivos: <strong>forma\u00e7\u00e3o mais \u00e1gil, foco em compet\u00eancias pr\u00e1ticas e ader\u00eancia imediata \u00e0s demandas.<\/strong> Empresas enfrentam dificuldade em preencher vagas t\u00e9cnicas devido ao descompasso entre universidades e necessidades atuais. A remunera\u00e7\u00e3o inicial e a empregabilidade imediata t\u00eam peso maior do que a tradi\u00e7\u00e3o acad\u00eamica.<\/p>\n<p>Nos EUA, o diploma perdeu valor principalmente na porta de entrada do mercado. No Brasil, ele ainda mant\u00e9m peso institucional. No entanto, a expans\u00e3o do ensino t\u00e9cnico revela uma tend\u00eancia clara: empregabilidade r\u00e1pida e oportunidades concretas n\u00e3o dependem mais apenas do diploma universit\u00e1rio.<\/p>\n<figure id=\"attachment_149429\" aria-describedby=\"caption-attachment-149429\" style=\"width: 1000px\" class=\"wp-caption aligncenter\"><img decoding=\"async\" class=\"wp-image-149429 size-full\" src=\"https:\/\/www.pensarcursos.com.br\/blog\/wp-content\/uploads\/2026\/03\/curso-tecnico.jpg\" alt=\"Grupo de profissionais e estudantes em um ambiente industrial. Um instrutor aponta para um quadro branco com gr\u00e1ficos, enquanto homens e mulheres usando uniformes azuis e equipamentos de seguran\u00e7a (capacetes e luvas) observam atentamente.\" width=\"1000\" height=\"667\" srcset=\"https:\/\/www.pensarcursos.com.br\/blog\/wp-content\/uploads\/2026\/03\/curso-tecnico.jpg 1000w, https:\/\/www.pensarcursos.com.br\/blog\/wp-content\/uploads\/2026\/03\/curso-tecnico-300x200.jpg 300w, https:\/\/www.pensarcursos.com.br\/blog\/wp-content\/uploads\/2026\/03\/curso-tecnico-768x512.jpg 768w, https:\/\/www.pensarcursos.com.br\/blog\/wp-content\/uploads\/2026\/03\/curso-tecnico-750x500.jpg 750w\" sizes=\"(max-width: 1000px) 100vw, 1000px\" \/><figcaption id=\"caption-attachment-149429\" class=\"wp-caption-text\">O foco em compet\u00eancias pr\u00e1ticas e a r\u00e1pida adapta\u00e7\u00e3o \u00e0s demandas das empresas tornam o profissional t\u00e9cnico um dos mais disputados do mercado em 2026. Imagem: Freepik<\/figcaption><\/figure>\n<h2>Mudan\u00e7as no olhar dos jovens sobre a carreira<\/h2>\n<p>Entre a expectativa dos jovens e a real demanda do mercado, cresce a procura por carreiras t\u00e9cnicas. Muitos enxergam nessas \u00e1reas um caminho mais curto para independ\u00eancia financeira e estabilidade profissional, fugindo de longos ciclos acad\u00eamicos com retorno incerto.<\/p>\n<p>A ascens\u00e3o do ensino t\u00e9cnico em 2026 n\u00e3o anula o valor da universidade, mas redesenha as prioridades de um mercado que exige resultados imediatos e compet\u00eancias espec\u00edficas. Para o jovem profissional, a decis\u00e3o entre um curso t\u00e9cnico e uma gradua\u00e7\u00e3o tradicional deve basear-se na an\u00e1lise das taxas de empregabilidade e na agilidade de inser\u00e7\u00e3o no setor desejado.<\/p>\n<p>O cen\u00e1rio atual mostra que o sucesso profissional est\u00e1 cada vez mais atrelado \u00e0 capacidade de adapta\u00e7\u00e3o e \u00e0 busca por forma\u00e7\u00f5es que conversem diretamente com as car\u00eancias das empresas. Seja qual for o seu caminho, manter-se atualizado sobre as transforma\u00e7\u00f5es do mundo do trabalho \u00e9 o diferencial para garantir estabilidade e crescimento.<\/p>\n<p>Para acompanhar mais an\u00e1lises sobre educa\u00e7\u00e3o, tend\u00eancias de contrata\u00e7\u00e3o e guias de carreira, visite o <b><a href=\"https:\/\/www.pensarcursos.com.br\/blog\/\" target=\"_blank\" rel=\"noopener\">Blog Pensar Cursos<\/a><\/b>.<\/p>\n","protected":false},"excerpt":{"rendered":"<p>Voc\u00ea j\u00e1 se perguntou por que tantos rec\u00e9m-formados est\u00e3o desempregados enquanto as empresas clamam por profissionais t\u00e9cnicos? O cen\u00e1rio nunca foi t\u00e3o incerto para quem seguiu o caminho acad\u00eamico tradicional, mas para quem apostou na forma\u00e7\u00e3o pr\u00e1tica, a realidade \u00e9 de plena expans\u00e3o. Descubra o que est\u00e1 impulsionando essa tend\u00eancia e veja por que o [&hellip;]<\/p>\n","protected":false},"author":48,"featured_media":149426,"comment_status":"open","ping_status":"closed","sticky":false,"template":"","format":"standard","meta":{"jnews-multi-image_gallery":[],"jnews_single_post":{"format":"standard","override":[{"template":"1","parallax":"1","fullscreen":"1","layout":"right-sidebar","sidebar":"default-sidebar","second_sidebar":"default-sidebar","sticky_sidebar":"1","share_position":"topbottom","share_float_style":"share-monocrhome","show_featured":"1","show_post_meta":"1","show_post_author":"1","show_post_author_image":"1","show_post_date":"1","post_date_format":"default","post_date_format_custom":"Y\/m\/d","show_post_category":"1","post_reading_time_wpm":"300","post_calculate_word_method":"str_word_count","show_zoom_button":"0","zoom_button_out_step":"2","zoom_button_in_step":"3","show_post_tag":"1","show_prev_next_post":"1","show_popup_post":"1","show_comment_section":"1","number_popup_post":"2","show_author_box":"1","show_post_related":"1","show_inline_post_related":"1"}],"image_override":[{"single_post_thumbnail_size":"crop-500","single_post_gallery_size":"crop-500"}],"trending_post_position":"meta","trending_post_label":"Trending","sponsored_post_label":"Sponsored by","disable_ad":"0","subtitle":"Diploma universit\u00e1rio em xeque? Entenda a ascens\u00e3o das carreiras t\u00e9cnicas em 2026."},"jnews_primary_category":[],"jnews_social_meta":[],"jnews_override_counter":{"view_counter_number":"0","share_counter_number":"0","like_counter_number":"0","dislike_counter_number":"0"},"footnotes":""},"categories":[13725],"tags":[39469,569,219],"class_list":["post-149419","post","type-post","status-publish","format-standard","has-post-thumbnail","hentry","category-profissoes","tag-desemprego-entre-jovens","tag-formacao-tecnica","tag-mercado-de-trabalho"],"yoast_head":"<!-- This site is optimized with the Yoast SEO Premium plugin v27.4 (Yoast SEO v27.4) - https:\/\/yoast.com\/product\/yoast-seo-premium-wordpress\/ -->\n<title>Sobra diploma, falta vaga: por que o mercado de trabalho est\u00e1 preferindo profissionais t\u00e9cnicos - Blog Pensar Cursos<\/title>\n<meta name=\"description\" content=\"Vagas t\u00e9cnicas ganham espa\u00e7o e desafiam o diploma universit\u00e1rio. Entenda por que o mercado est\u00e1 priorizando habilidades pr\u00e1ticas.\" \/>\n<meta name=\"robots\" content=\"index, follow, max-snippet:-1, max-image-preview:large, max-video-preview:-1\" \/>\n<link rel=\"canonical\" href=\"https:\/\/www.pensarcursos.com.br\/blog\/sobra-diploma-falta-vaga-por-que-o-mercado-de-trabalho-esta-preferindo-profissionais-tecnicos\/\" \/>\n<meta property=\"og:locale\" content=\"pt_BR\" \/>\n<meta property=\"og:type\" content=\"article\" \/>\n<meta property=\"og:title\" content=\"Sobra diploma, falta vaga: por que o mercado de trabalho est\u00e1 preferindo profissionais t\u00e9cnicos\" \/>\n<meta property=\"og:description\" content=\"Vagas t\u00e9cnicas ganham espa\u00e7o e desafiam o diploma universit\u00e1rio. Entenda por que o mercado est\u00e1 priorizando habilidades pr\u00e1ticas.\" \/>\n<meta property=\"og:url\" content=\"https:\/\/www.pensarcursos.com.br\/blog\/sobra-diploma-falta-vaga-por-que-o-mercado-de-trabalho-esta-preferindo-profissionais-tecnicos\/\" \/>\n<meta property=\"og:site_name\" content=\"Blog Pensar Cursos\" \/>\n<meta property=\"article:publisher\" content=\"https:\/\/www.facebook.com\/pensarcursos\/\" \/>\n<meta property=\"article:published_time\" content=\"2026-03-11T19:39:10+00:00\" \/>\n<meta property=\"og:image\" content=\"https:\/\/www.pensarcursos.com.br\/blog\/wp-content\/uploads\/2026\/03\/universitaria-na-formatura.jpg\" \/>\n\t<meta property=\"og:image:width\" content=\"1200\" \/>\n\t<meta property=\"og:image:height\" content=\"800\" \/>\n\t<meta property=\"og:image:type\" content=\"image\/jpeg\" \/>\n<meta name=\"author\" content=\"Isabelli Ferreira\" \/>\n<meta name=\"twitter:card\" content=\"summary_large_image\" \/>\n<meta name=\"twitter:label1\" content=\"Escrito por\" \/>\n\t<meta name=\"twitter:data1\" content=\"Isabelli Ferreira\" \/>\n\t<meta name=\"twitter:label2\" content=\"Est. tempo de leitura\" \/>\n\t<meta name=\"twitter:data2\" content=\"5 minutos\" \/>\n<!-- \/ Yoast SEO Premium plugin. -->","yoast_head_json":{"title":"Sobra diploma, falta vaga: por que o mercado de trabalho est\u00e1 preferindo profissionais t\u00e9cnicos - Blog Pensar Cursos","description":"Vagas t\u00e9cnicas ganham espa\u00e7o e desafiam o diploma universit\u00e1rio. Entenda por que o mercado est\u00e1 priorizando habilidades pr\u00e1ticas.","robots":{"index":"index","follow":"follow","max-snippet":"max-snippet:-1","max-image-preview":"max-image-preview:large","max-video-preview":"max-video-preview:-1"},"canonical":"https:\/\/www.pensarcursos.com.br\/blog\/sobra-diploma-falta-vaga-por-que-o-mercado-de-trabalho-esta-preferindo-profissionais-tecnicos\/","og_locale":"pt_BR","og_type":"article","og_title":"Sobra diploma, falta vaga: por que o mercado de trabalho est\u00e1 preferindo profissionais t\u00e9cnicos","og_description":"Vagas t\u00e9cnicas ganham espa\u00e7o e desafiam o diploma universit\u00e1rio. Entenda por que o mercado est\u00e1 priorizando habilidades pr\u00e1ticas.","og_url":"https:\/\/www.pensarcursos.com.br\/blog\/sobra-diploma-falta-vaga-por-que-o-mercado-de-trabalho-esta-preferindo-profissionais-tecnicos\/","og_site_name":"Blog Pensar Cursos","article_publisher":"https:\/\/www.facebook.com\/pensarcursos\/","article_published_time":"2026-03-11T19:39:10+00:00","og_image":[{"width":1200,"height":800,"url":"https:\/\/www.pensarcursos.com.br\/blog\/wp-content\/uploads\/2026\/03\/universitaria-na-formatura.jpg","type":"image\/jpeg"}],"author":"Isabelli Ferreira","twitter_card":"summary_large_image","twitter_misc":{"Escrito por":"Isabelli Ferreira","Est. tempo de leitura":"5 minutos"},"schema":{"@context":"https:\/\/schema.org","@graph":[{"@type":["Article","BlogPosting"],"@id":"https:\/\/www.pensarcursos.com.br\/blog\/sobra-diploma-falta-vaga-por-que-o-mercado-de-trabalho-esta-preferindo-profissionais-tecnicos\/#article","isPartOf":{"@id":"https:\/\/www.pensarcursos.com.br\/blog\/sobra-diploma-falta-vaga-por-que-o-mercado-de-trabalho-esta-preferindo-profissionais-tecnicos\/"},"author":{"name":"Isabelli Ferreira","@id":"https:\/\/www.pensarcursos.com.br\/blog\/#\/schema\/person\/e387ba49ed4a778962271648452528c2"},"headline":"Sobra diploma, falta vaga: por que o mercado de trabalho est\u00e1 preferindo profissionais t\u00e9cnicos","datePublished":"2026-03-11T19:39:10+00:00","mainEntityOfPage":{"@id":"https:\/\/www.pensarcursos.com.br\/blog\/sobra-diploma-falta-vaga-por-que-o-mercado-de-trabalho-esta-preferindo-profissionais-tecnicos\/"},"wordCount":822,"commentCount":0,"publisher":{"@id":"https:\/\/www.pensarcursos.com.br\/blog\/#organization"},"image":{"@id":"https:\/\/www.pensarcursos.com.br\/blog\/sobra-diploma-falta-vaga-por-que-o-mercado-de-trabalho-esta-preferindo-profissionais-tecnicos\/#primaryimage"},"thumbnailUrl":"https:\/\/www.pensarcursos.com.br\/blog\/wp-content\/uploads\/2026\/03\/universitaria-na-formatura.jpg","keywords":["desemprego entre jovens","Forma\u00e7\u00e3o T\u00e9cnica","mercado de trabalho"],"articleSection":["Profiss\u00f5es"],"inLanguage":"pt-BR","potentialAction":[{"@type":"CommentAction","name":"Comment","target":["https:\/\/www.pensarcursos.com.br\/blog\/sobra-diploma-falta-vaga-por-que-o-mercado-de-trabalho-esta-preferindo-profissionais-tecnicos\/#respond"]}],"copyrightYear":"2026","copyrightHolder":{"@id":"https:\/\/www.pensarcursos.com.br\/blog\/#organization"}},{"@type":"WebPage","@id":"https:\/\/www.pensarcursos.com.br\/blog\/sobra-diploma-falta-vaga-por-que-o-mercado-de-trabalho-esta-preferindo-profissionais-tecnicos\/","url":"https:\/\/www.pensarcursos.com.br\/blog\/sobra-diploma-falta-vaga-por-que-o-mercado-de-trabalho-esta-preferindo-profissionais-tecnicos\/","name":"Sobra diploma, falta vaga: por que o mercado de trabalho est\u00e1 preferindo profissionais t\u00e9cnicos - Blog Pensar Cursos","isPartOf":{"@id":"https:\/\/www.pensarcursos.com.br\/blog\/#website"},"primaryImageOfPage":{"@id":"https:\/\/www.pensarcursos.com.br\/blog\/sobra-diploma-falta-vaga-por-que-o-mercado-de-trabalho-esta-preferindo-profissionais-tecnicos\/#primaryimage"},"image":{"@id":"https:\/\/www.pensarcursos.com.br\/blog\/sobra-diploma-falta-vaga-por-que-o-mercado-de-trabalho-esta-preferindo-profissionais-tecnicos\/#primaryimage"},"thumbnailUrl":"https:\/\/www.pensarcursos.com.br\/blog\/wp-content\/uploads\/2026\/03\/universitaria-na-formatura.jpg","datePublished":"2026-03-11T19:39:10+00:00","description":"Vagas t\u00e9cnicas ganham espa\u00e7o e desafiam o diploma universit\u00e1rio. Entenda por que o mercado est\u00e1 priorizando habilidades pr\u00e1ticas.","breadcrumb":{"@id":"https:\/\/www.pensarcursos.com.br\/blog\/sobra-diploma-falta-vaga-por-que-o-mercado-de-trabalho-esta-preferindo-profissionais-tecnicos\/#breadcrumb"},"inLanguage":"pt-BR","potentialAction":[{"@type":"ReadAction","target":["https:\/\/www.pensarcursos.com.br\/blog\/sobra-diploma-falta-vaga-por-que-o-mercado-de-trabalho-esta-preferindo-profissionais-tecnicos\/"]}]},{"@type":"ImageObject","inLanguage":"pt-BR","@id":"https:\/\/www.pensarcursos.com.br\/blog\/sobra-diploma-falta-vaga-por-que-o-mercado-de-trabalho-esta-preferindo-profissionais-tecnicos\/#primaryimage","url":"https:\/\/www.pensarcursos.com.br\/blog\/wp-content\/uploads\/2026\/03\/universitaria-na-formatura.jpg","contentUrl":"https:\/\/www.pensarcursos.com.br\/blog\/wp-content\/uploads\/2026\/03\/universitaria-na-formatura.jpg","width":1200,"height":800,"caption":"Com a satura\u00e7\u00e3o de algumas \u00e1reas acad\u00eamicas, rec\u00e9m-formados enfrentam o desafio da subocupa\u00e7\u00e3o e alta concorr\u00eancia. Imagem: Freepik"},{"@type":"BreadcrumbList","@id":"https:\/\/www.pensarcursos.com.br\/blog\/sobra-diploma-falta-vaga-por-que-o-mercado-de-trabalho-esta-preferindo-profissionais-tecnicos\/#breadcrumb","itemListElement":[{"@type":"ListItem","position":1,"name":"Home","item":"https:\/\/www.pensarcursos.com.br\/blog\/"},{"@type":"ListItem","position":2,"name":"Sobra diploma, falta vaga: por que o mercado de trabalho est\u00e1 preferindo profissionais t\u00e9cnicos"}]},{"@type":"WebSite","@id":"https:\/\/www.pensarcursos.com.br\/blog\/#website","url":"https:\/\/www.pensarcursos.com.br\/blog\/","name":"Blog Pensar Cursos","description":"Maior Site de Cursos do Brasil","publisher":{"@id":"https:\/\/www.pensarcursos.com.br\/blog\/#organization"},"alternateName":"Blog Pensar","potentialAction":[{"@type":"SearchAction","target":{"@type":"EntryPoint","urlTemplate":"https:\/\/www.pensarcursos.com.br\/blog\/?s={search_term_string}"},"query-input":{"@type":"PropertyValueSpecification","valueRequired":true,"valueName":"search_term_string"}}],"inLanguage":"pt-BR"},{"@type":"Organization","@id":"https:\/\/www.pensarcursos.com.br\/blog\/#organization","name":"Pensar Cursos","alternateName":"Blog pensar","url":"https:\/\/www.pensarcursos.com.br\/blog\/","logo":{"@type":"ImageObject","inLanguage":"pt-BR","@id":"https:\/\/www.pensarcursos.com.br\/blog\/#\/schema\/logo\/image\/","url":"https:\/\/www.pensarcursos.com.br\/blog\/wp-content\/uploads\/2023\/11\/Nova-Logo-Pensar-Cursos-vertical.png","contentUrl":"https:\/\/www.pensarcursos.com.br\/blog\/wp-content\/uploads\/2023\/11\/Nova-Logo-Pensar-Cursos-vertical.png","width":1393,"height":1001,"caption":"Pensar Cursos"},"image":{"@id":"https:\/\/www.pensarcursos.com.br\/blog\/#\/schema\/logo\/image\/"},"sameAs":["https:\/\/www.facebook.com\/pensarcursos\/","https:\/\/instagram.com.br\/pensarcursos"],"description":"Pensar Cursos \u00e9 uma empresa especializada em oferecer cursos de alta qualidade voltados para o desenvolvimento profissional e acad\u00eamico. Com uma ampla gama de op\u00e7\u00f5es de treinamento, oferecemos conte\u00fados atualizados, ministrados por especialistas da \u00e1rea, para capacitar indiv\u00edduos e equipes a atingirem seus objetivos. Nossa miss\u00e3o \u00e9 proporcionar uma educa\u00e7\u00e3o transformadora, acess\u00edvel e personalizada para cada aluno, seja em cursos presenciais ou online. Com uma abordagem inovadora, buscamos adaptar os nossos programas de ensino \u00e0s necessidades do mercado, criando solu\u00e7\u00f5es que atendem aos desafios e exig\u00eancias do mundo corporativo e acad\u00eamico. Nossos cursos incluem desde forma\u00e7\u00f5es t\u00e9cnicas at\u00e9 habilidades essenciais, como lideran\u00e7a, gest\u00e3o e desenvolvimento pessoal.","email":"contato@pensarcursos.com.br","legalName":"Sena Servi\u00e7os de Informa\u00e7\u00e3o Online LTDA","foundingDate":"2013-04-18","vatID":"17956217000172","numberOfEmployees":{"@type":"QuantitativeValue","minValue":"11","maxValue":"50"},"publishingPrinciples":"https:\/\/www.pensarcursos.com.br\/blog\/principios-de-publicacao\/","ownershipFundingInfo":"https:\/\/www.pensarcursos.com.br\/blog\/informacoes-de-propriedade-financiamento\/","actionableFeedbackPolicy":"https:\/\/www.pensarcursos.com.br\/blog\/politica-de-feedback-acionavel\/","correctionsPolicy":"https:\/\/www.pensarcursos.com.br\/blog\/politica-de-correcoes\/","ethicsPolicy":"https:\/\/www.pensarcursos.com.br\/blog\/politica-de-etica\/"},{"@type":"Person","@id":"https:\/\/www.pensarcursos.com.br\/blog\/#\/schema\/person\/e387ba49ed4a778962271648452528c2","name":"Isabelli Ferreira","image":{"@type":"ImageObject","inLanguage":"pt-BR","@id":"https:\/\/secure.gravatar.com\/avatar\/8b3b203e0769d83b87c611279890be042a5e5060500e577af59e9930f6f93d0a?s=96&d=mm&r=g","url":"https:\/\/secure.gravatar.com\/avatar\/8b3b203e0769d83b87c611279890be042a5e5060500e577af59e9930f6f93d0a?s=96&d=mm&r=g","contentUrl":"https:\/\/secure.gravatar.com\/avatar\/8b3b203e0769d83b87c611279890be042a5e5060500e577af59e9930f6f93d0a?s=96&d=mm&r=g","caption":"Isabelli Ferreira"},"description":"Graduada em LETRAS Vern\u00e1culas pela Universidade do Estado da Bahia (UNEB). Redatora grupo Sena Online.","sameAs":["https:\/\/www.linkedin.com\/in\/isabelli-pires-7b8778314"],"url":"https:\/\/www.pensarcursos.com.br\/blog\/author\/isabelli\/"}]}},"_links":{"self":[{"href":"https:\/\/www.pensarcursos.com.br\/blog\/wp-json\/wp\/v2\/posts\/149419","targetHints":{"allow":["GET"]}}],"collection":[{"href":"https:\/\/www.pensarcursos.com.br\/blog\/wp-json\/wp\/v2\/posts"}],"about":[{"href":"https:\/\/www.pensarcursos.com.br\/blog\/wp-json\/wp\/v2\/types\/post"}],"author":[{"embeddable":true,"href":"https:\/\/www.pensarcursos.com.br\/blog\/wp-json\/wp\/v2\/users\/48"}],"replies":[{"embeddable":true,"href":"https:\/\/www.pensarcursos.com.br\/blog\/wp-json\/wp\/v2\/comments?post=149419"}],"version-history":[{"count":0,"href":"https:\/\/www.pensarcursos.com.br\/blog\/wp-json\/wp\/v2\/posts\/149419\/revisions"}],"wp:featuredmedia":[{"embeddable":true,"href":"https:\/\/www.pensarcursos.com.br\/blog\/wp-json\/wp\/v2\/media\/149426"}],"wp:attachment":[{"href":"https:\/\/www.pensarcursos.com.br\/blog\/wp-json\/wp\/v2\/media?parent=149419"}],"wp:term":[{"taxonomy":"category","embeddable":true,"href":"https:\/\/www.pensarcursos.com.br\/blog\/wp-json\/wp\/v2\/categories?post=149419"},{"taxonomy":"post_tag","embeddable":true,"href":"https:\/\/www.pensarcursos.com.br\/blog\/wp-json\/wp\/v2\/tags?post=149419"}],"curies":[{"name":"wp","href":"https:\/\/api.w.org\/{rel}","templated":true}]}}