{"id":149417,"date":"2026-03-11T15:09:28","date_gmt":"2026-03-11T18:09:28","guid":{"rendered":"https:\/\/www.pensarcursos.com.br\/blog\/?p=149417"},"modified":"2026-03-11T15:10:13","modified_gmt":"2026-03-11T18:10:13","slug":"inss-2026-cpfs-com-finais-0-1-2-3-4-5-6-7-8-e-9-podem-receber-r-3-242-neste-mes-de-marco","status":"publish","type":"post","link":"https:\/\/www.pensarcursos.com.br\/blog\/inss-2026-cpfs-com-finais-0-1-2-3-4-5-6-7-8-e-9-podem-receber-r-3-242-neste-mes-de-marco\/","title":{"rendered":"INSS 2026: CPFs com finais 0, 1, 2, 3, 4, 5, 6, 7, 8 e 9 podem receber R$ 3.242 neste m\u00eas de mar\u00e7o"},"content":{"rendered":"<p>Voc\u00ea sonhou em dobrar seu benef\u00edcio do Instituto Nacional do Seguro Social (<a href=\"https:\/\/www.pensarcursos.com.br\/blog\/inss-2026-quando-sai-o-novo-pagamento-de-r-8-47555\/\" target=\"_blank\" rel=\"noopener\">INSS<\/a>) este m\u00eas?<\/p>\n<p>Mar\u00e7o chegou com uma novidade que vai transformar a rotina financeira de milhares de fam\u00edlias: <strong>benefici\u00e1rios com CPFs de finais 0, 1, 2, 3, 4, 5, 6, 7, 8 e 9, poder\u00e3o acessar at\u00e9 R$ 3.242 neste ciclo<\/strong>.<\/p>\n<p>Mas aten\u00e7\u00e3o: apenas o CPF n\u00e3o \u00e9 suficiente para garantir o valor. \u00c9 preciso atender a outros requisitos obrigat\u00f3rios. Veja abaixo se voc\u00ea est\u00e1 dentro das condi\u00e7\u00f5es.<\/p>\n<h2>Entenda a medida do INSS<\/h2>\n<p>O reconhecimento do estado de calamidade p\u00fablica pelo governo federal, foi uma resposta direta \u00e0s fortes chuvas e seus impactos dram\u00e1ticos na vida da popula\u00e7\u00e3o.<\/p>\n<p>Enchentes, deslizamentos e destrui\u00e7\u00e3o de moradias impactaram a rotina de milhares de fam\u00edlias, tornando urgente o apoio institucional e financeiro.<\/p>\n<p>Diante desse cen\u00e1rio, a <a href=\"https:\/\/in.gov.br\/web\/dou\/-\/portaria-conjunta-mps\/mds-n-11-de-4-de-marco-de-2026-690847568\" target=\"_blank\" rel=\"noopener\">Portaria Conjunta MPS\/MDS n\u00ba 11<\/a> foi publicada autorizando o Instituto Nacional do Seguro Social a refor\u00e7ar o amparo aos segurados dessas cidades.<\/p>\n<p>A ideia \u00e9 garantir recursos emergenciais e prote\u00e7\u00e3o social imediata, evitando que a popula\u00e7\u00e3o mais vulner\u00e1vel fique desassistida em tempos cr\u00edticos.<\/p>\n<h2>Quem tem direito a antecipa\u00e7\u00e3o do INSS 2026<\/h2>\n<figure id=\"attachment_149435\" aria-describedby=\"caption-attachment-149435\" style=\"width: 1200px\" class=\"wp-caption aligncenter\"><img decoding=\"async\" class=\"wp-image-149435 size-full\" src=\"https:\/\/www.pensarcursos.com.br\/blog\/wp-content\/uploads\/2026\/03\/quem-tem-direito-ao-pagamento-emergencial-do-inss.jpg\" alt=\"M\u00e3os contando c\u00e9dulas de R$ 100 reais referentes ao pagamento emergencial do INSS 2026\" width=\"1200\" height=\"600\" srcset=\"https:\/\/www.pensarcursos.com.br\/blog\/wp-content\/uploads\/2026\/03\/quem-tem-direito-ao-pagamento-emergencial-do-inss.jpg 1200w, https:\/\/www.pensarcursos.com.br\/blog\/wp-content\/uploads\/2026\/03\/quem-tem-direito-ao-pagamento-emergencial-do-inss-300x150.jpg 300w, https:\/\/www.pensarcursos.com.br\/blog\/wp-content\/uploads\/2026\/03\/quem-tem-direito-ao-pagamento-emergencial-do-inss-1024x512.jpg 1024w, https:\/\/www.pensarcursos.com.br\/blog\/wp-content\/uploads\/2026\/03\/quem-tem-direito-ao-pagamento-emergencial-do-inss-768x384.jpg 768w, https:\/\/www.pensarcursos.com.br\/blog\/wp-content\/uploads\/2026\/03\/quem-tem-direito-ao-pagamento-emergencial-do-inss-360x180.jpg 360w, https:\/\/www.pensarcursos.com.br\/blog\/wp-content\/uploads\/2026\/03\/quem-tem-direito-ao-pagamento-emergencial-do-inss-750x375.jpg 750w, https:\/\/www.pensarcursos.com.br\/blog\/wp-content\/uploads\/2026\/03\/quem-tem-direito-ao-pagamento-emergencial-do-inss-1140x570.jpg 1140w\" sizes=\"(max-width: 1200px) 100vw, 1200px\" \/><figcaption id=\"caption-attachment-149435\" class=\"wp-caption-text\">Benefici\u00e1rios do INSS podem receber at\u00e9 R$ 3.242 em mar\u00e7o de 2026. Imagem: Ag\u00eancia Brasil<\/figcaption><\/figure>\n<p>A medida envolveu uma a\u00e7\u00e3o coordenada e espec\u00edfica:\u00a0<strong>Juiz de Fora, Ub\u00e1 e Matias Barbosa, no estado de Minas Gerais<\/strong>\u00a0receberam aten\u00e7\u00e3o priorit\u00e1ria nas decis\u00f5es federais.<\/p>\n<p>Nessas cidades, mais de 170 mil benefici\u00e1rios do <a href=\"https:\/\/www.pensarcursos.com.br\/blog\/4-perguntas-sobre-o-13o-salario-do-inss-que-ainda-seguem-sem-resposta-e-quando-devem-ser-definidas\/\" target=\"_blank\" rel=\"noopener\"><strong>INSS<\/strong><\/a> foram contemplados com a flexibiliza\u00e7\u00e3o do cronograma e com a possibilidade de adiantamento dos valores previstos para mar\u00e7o, ampliando a capacidade de resposta das fam\u00edlias aos desafios locais.<\/p>\n<p>Al\u00e9m disso, a abrang\u00eancia inclui tanto benef\u00edcios permanentes quanto tempor\u00e1rios, proporcionando uma rede segura para quem depende desse sustento regular.<\/p>\n<h2>Antecipa\u00e7\u00e3o in\u00e9dita do calend\u00e1rio e impacto para mais de 172 mil pessoas<\/h2>\n<p>No \u00e2mbito do\u00a0<strong>INSS 2026<\/strong>, uma das decis\u00f5es mais aguardadas foi a antecipa\u00e7\u00e3o do pagamento dos benef\u00edcios previdenci\u00e1rios e assistenciais para o\u00a0primeiro dia do cronograma, <strong>25 de mar\u00e7o<\/strong>, conforme o calend\u00e1rio do <a href=\"https:\/\/www.gov.br\/inss\/pt-br\/assuntos\/calendario-de-pagamentos-do-inss-de-2026-esta-disponivel\" target=\"_blank\" rel=\"noopener\">INSS<\/a>.<\/p>\n<p>Isso significa que n\u00e3o haver\u00e1 espera: os recursos estar\u00e3o dispon\u00edveis imediatamente para 172.396 segurados dos munic\u00edpios afetados.<\/p>\n<p>O governo optou por manter a antecipa\u00e7\u00e3o enquanto perdurar a situa\u00e7\u00e3o de calamidade p\u00fablica, garantindo que a popula\u00e7\u00e3o impactada continue contando com fluxo financeiro est\u00e1vel.<\/p>\n<h2>Prioridade na an\u00e1lise dos novos pedidos: rapidez e efici\u00eancia para quem precisa<\/h2>\n<p>Reconhecendo que situa\u00e7\u00f5es de emerg\u00eancia exigem respostas r\u00e1pidas tamb\u00e9m nas concess\u00f5es, o INSS determinou prioridade m\u00e1xima na an\u00e1lise de\u00a0<strong>novos requerimentos<\/strong>\u00a0vindos dos moradores de Juiz de Fora, Ub\u00e1 e Matias Barbosa.<\/p>\n<p>Essa prioridade vale mesmo que o pedido seja feito em outra cidade, acelerando a concess\u00e3o de novos benef\u00edcios e evitando burocracias excessivas nesses casos.<\/p>\n<p>Com isso, o <a href=\"https:\/\/www.pensarcursos.com.br\/blog\/calendario-de-marco-do-inss-veja-quem-recebe-na-primeira-semana-de-pagamentos-dias-25-26-e-27\/\" target=\"_blank\" rel=\"noopener\">INSS<\/a> busca assegurar prote\u00e7\u00e3o imediata a quem teve sua rotina radicalmente transformada pelas chuvas e agora precisa de agilidade administrativa para voltar a ter estabilidade financeira.<\/p>\n<h2>Quem pode receber at\u00e9 R$ 3.242 em mar\u00e7o?<\/h2>\n<p>O\u00a0<strong>adiantamento de renda mensal<\/strong> de at\u00e9 R$ 3.242 representa um suporte imediato para 160.583 titulares de benef\u00edcios permanentes nessas regi\u00f5es.<\/p>\n<p>A proposta \u00e9 simples: quem recebe normalmente o valor de R$ 1.621 ter\u00e1, dentro deste m\u00eas, a chance de sacar o valor em dobro, totalizando\u00a0<strong>R$ 3.242<\/strong>\u00a0em uma \u00fanica compet\u00eancia.<\/p>\n<p><strong>Nesta medida de adiantamento, n\u00e3o est\u00e3o inclu\u00eddos <\/strong>os segurados que recebem benef\u00edcios como aux\u00edlio-reclus\u00e3o, sal\u00e1rio-maternidade ou aux\u00edlio por incapacidade tempor\u00e1ria (antigo aux\u00edlio-doen\u00e7a).<\/p>\n<p>A medida atende, ent\u00e3o, aposentados, pensionistas e assistidos por<strong> benef\u00edcios permanentes<\/strong>.<\/p>\n<h3>Por que n\u00e3o todos os benef\u00edcios podem ser adiantados?<\/h3>\n<p>O pr\u00f3prio texto legal e as instru\u00e7\u00f5es do INSS explicam: os benef\u00edcios de car\u00e1ter tempor\u00e1rio t\u00eam natureza diferenciada e <strong>n\u00e3o entram nas regras especiais de adiantamento<\/strong>, isto evita riscos ao fundo previdenci\u00e1rio e assegura a sustentabilidade da medida emergencial para quem realmente depende dela a longo prazo.<\/p>\n<h2>Como funciona o ressarcimento do valor adiantado?<\/h2>\n<p>Para tornar o processo ainda menos oneroso para o segurado, o INSS implementou regras flex\u00edveis de devolu\u00e7\u00e3o do adiantamento:<\/p>\n<ul>\n<li><strong>Parcelamento em at\u00e9 36 vezes<\/strong>\u00a0\u2013 O valor recebido antecipadamente ser\u00e1 descontado do benef\u00edcio mensal em 36 parcelas suaves.<\/li>\n<li><strong>Per\u00edodo de car\u00eancia de tr\u00eas meses<\/strong>\u00a0\u2013 Os descontos s\u00f3 come\u00e7am ap\u00f3s tr\u00eas meses do recebimento do adiantamento, dando espa\u00e7o e al\u00edvio financeiro para o benefici\u00e1rio se reorganizar.<\/li>\n<li><strong>Planejamento para evitar sobrecarga<\/strong>\u00a0\u2013 A devolu\u00e7\u00e3o foi desenhada para n\u00e3o comprometer o or\u00e7amento mensal, respeitando o limite financeiro e as necessidades dos benefici\u00e1rios.<\/li>\n<\/ul>\n<p>Com essa estrat\u00e9gia, o governo busca oferecer suporte emergencial imediato sem criar preju\u00edzos futuros para quem depende do INSS.<\/p>\n<h3>Impactos positivos: seguran\u00e7a, economia local e confian\u00e7a no Sistema<\/h3>\n<p>O adiantamento emergencial e a prioridade de an\u00e1lise dos novos pedidos criam um efeito direto no restabelecimento das fam\u00edlias, al\u00e9m de promover movimenta\u00e7\u00e3o na economia dos munic\u00edpios atingidos.<\/p>\n<p>Com mais recursos dispon\u00edveis, o com\u00e9rcio local tamb\u00e9m ganha novo f\u00f4lego, dinamizando a recupera\u00e7\u00e3o econ\u00f4mica regional ap\u00f3s as chuvas.<\/p>\n<h2>Passo a passo para garantir o valor antecipado em mar\u00e7o<\/h2>\n<p>Quem j\u00e1 reside em Juiz de Fora, Ub\u00e1 ou Matias Barbosa com benef\u00edcio permanente ativo n\u00e3o precisa de grandes esfor\u00e7os para acessar o adiantamento. Confira como proceder:<\/p>\n<ol>\n<li><strong>Acompanhe o calend\u00e1rio oficial<\/strong>\u00a0do INSS: o pagamento adiantado segue o novo cronograma especial para mar\u00e7o.<\/li>\n<li><strong>Verifique o cr\u00e9dito em sua conta<\/strong>\u00a0na data prevista (primeiro dia do calend\u00e1rio antecipado).<\/li>\n<li><strong>E, caso deseje mais detalhes<\/strong>\u00a0sobre prazos e condi\u00e7\u00f5es do ressarcimento, entre em contato com a central de atendimento do INSS por telefone ou pelas ag\u00eancias regionais.<\/li>\n<\/ol>\n<h3>Dicas para organizar as finan\u00e7as ap\u00f3s o recebimento<\/h3>\n<p>A recomenda\u00e7\u00e3o para quem recebe o valor adiantado \u00e9 planejar com cautela o uso do montante extra. Como os descontos futuros j\u00e1 t\u00eam data para iniciar, priorize despesas essenciais, renegocie d\u00edvidas se necess\u00e1rio e busque equilibrar o or\u00e7amento para preservar o bem-estar durante o per\u00edodo de ressarcimento.<\/p>\n<p>Para conferir mais sobre os pagamentos do INSS, acesse a p\u00e1gina inicial do <a href=\"https:\/\/www.pensarcursos.com.br\/blog\/\" target=\"_blank\" rel=\"noopener\"><strong>Blog Pensar Cursos<\/strong><\/a>. Tamb\u00e9m vale conferir o v\u00eddeo abaixo:<\/p>\n<div class=\"jeg_video_container jeg_video_content\"><iframe title=\"Quando cai a primeira parcela do 13\u00ba do INSS em 2026? Datas e valores revelados\" width=\"500\" height=\"281\" src=\"https:\/\/www.youtube.com\/embed\/SN08VLgwClo?feature=oembed\" frameborder=\"0\" allow=\"accelerometer; autoplay; clipboard-write; encrypted-media; gyroscope; picture-in-picture; web-share\" referrerpolicy=\"strict-origin-when-cross-origin\" allowfullscreen><\/iframe><\/div>\n","protected":false},"excerpt":{"rendered":"<p>Voc\u00ea sonhou em dobrar seu benef\u00edcio do Instituto Nacional do Seguro Social (INSS) este m\u00eas? Mar\u00e7o chegou com uma novidade que vai transformar a rotina financeira de milhares de fam\u00edlias: benefici\u00e1rios com CPFs de finais 0, 1, 2, 3, 4, 5, 6, 7, 8 e 9, poder\u00e3o acessar at\u00e9 R$ 3.242 neste ciclo. Mas aten\u00e7\u00e3o: [&hellip;]<\/p>\n","protected":false},"author":41,"featured_media":149436,"comment_status":"open","ping_status":"closed","sticky":false,"template":"","format":"standard","meta":{"jnews-multi-image_gallery":[],"jnews_single_post":{"subtitle":"Pagamento em dobro at\u00e9 mar\u00e7o: saiba quem recebe R$ 3.242 com a nova medida do INSS","format":"standard","override":[{"template":"1","parallax":"1","fullscreen":"1","layout":"right-sidebar","sidebar":"default-sidebar","second_sidebar":"default-sidebar","sticky_sidebar":"1","share_position":"topbottom","share_float_style":"share-monocrhome","show_featured":"1","show_post_meta":"1","show_post_author":"1","show_post_author_image":"1","show_post_date":"1","post_date_format":"default","post_date_format_custom":"Y\/m\/d","show_post_category":"1","post_reading_time_wpm":"300","post_calculate_word_method":"str_word_count","show_zoom_button":"0","zoom_button_out_step":"2","zoom_button_in_step":"3","show_post_tag":"1","show_prev_next_post":"1","show_popup_post":"1","show_comment_section":"1","number_popup_post":"2","show_author_box":"1","show_post_related":"1","show_inline_post_related":"1"}],"image_override":[{"single_post_thumbnail_size":"crop-500","single_post_gallery_size":"crop-500"}],"trending_post_position":"meta","trending_post_label":"Trending","sponsored_post_label":"Sponsored by","disable_ad":"0"},"jnews_primary_category":[],"jnews_social_meta":[],"jnews_override_counter":{"view_counter_number":"0","share_counter_number":"0","like_counter_number":"0","dislike_counter_number":"0"},"footnotes":""},"categories":[1691],"tags":[36234,39468,39421],"class_list":["post-149417","post","type-post","status-publish","format-standard","has-post-thumbnail","hentry","category-direitos-do-trabalhador","tag-calendario-inss-2026","tag-pagamento-emergencial-inss-minas","tag-pagamento-inss-marco-2026"],"yoast_head":"<!-- This site is optimized with the Yoast SEO Premium plugin v27.4 (Yoast SEO v27.4) - https:\/\/yoast.com\/product\/yoast-seo-premium-wordpress\/ -->\n<title>INSS 2026: CPFs com finais 0, 1, 2, 3, 4, 5, 6, 7, 8 e 9 podem receber R$ 3.242 neste m\u00eas de mar\u00e7o - Blog Pensar Cursos<\/title>\n<meta name=\"description\" content=\"INSS 2026 antecipa at\u00e9 R$ 3.242 para benefici\u00e1rios de Juiz de Fora, Ub\u00e1 e Matias Barbosa em mar\u00e7o; confira quem tem direito e como funcionam os pagamentos.\" \/>\n<meta name=\"robots\" content=\"index, follow, max-snippet:-1, max-image-preview:large, max-video-preview:-1\" \/>\n<link rel=\"canonical\" href=\"https:\/\/www.pensarcursos.com.br\/blog\/inss-2026-cpfs-com-finais-0-1-2-3-4-5-6-7-8-e-9-podem-receber-r-3-242-neste-mes-de-marco\/\" \/>\n<meta property=\"og:locale\" content=\"pt_BR\" \/>\n<meta property=\"og:type\" content=\"article\" \/>\n<meta property=\"og:title\" content=\"INSS 2026: CPFs com finais 0, 1, 2, 3, 4, 5, 6, 7, 8 e 9 podem receber R$ 3.242 neste m\u00eas de mar\u00e7o\" \/>\n<meta property=\"og:description\" content=\"INSS 2026 antecipa at\u00e9 R$ 3.242 para benefici\u00e1rios de Juiz de Fora, Ub\u00e1 e Matias Barbosa em mar\u00e7o; confira quem tem direito e como funcionam os pagamentos.\" \/>\n<meta property=\"og:url\" content=\"https:\/\/www.pensarcursos.com.br\/blog\/inss-2026-cpfs-com-finais-0-1-2-3-4-5-6-7-8-e-9-podem-receber-r-3-242-neste-mes-de-marco\/\" \/>\n<meta property=\"og:site_name\" content=\"Blog Pensar Cursos\" \/>\n<meta property=\"article:publisher\" content=\"https:\/\/www.facebook.com\/pensarcursos\/\" \/>\n<meta property=\"article:published_time\" content=\"2026-03-11T18:09:28+00:00\" \/>\n<meta property=\"article:modified_time\" content=\"2026-03-11T18:10:13+00:00\" \/>\n<meta property=\"og:image\" content=\"https:\/\/www.pensarcursos.com.br\/blog\/wp-content\/uploads\/2026\/03\/pagamento-emergencial-do-inss.webp\" \/>\n\t<meta property=\"og:image:width\" content=\"1200\" \/>\n\t<meta property=\"og:image:height\" content=\"800\" \/>\n\t<meta property=\"og:image:type\" content=\"image\/webp\" \/>\n<meta name=\"author\" content=\"F\u00e1tima Azevedo\" \/>\n<meta name=\"twitter:card\" content=\"summary_large_image\" \/>\n<meta name=\"twitter:label1\" content=\"Escrito por\" \/>\n\t<meta name=\"twitter:data1\" content=\"F\u00e1tima Azevedo\" \/>\n\t<meta name=\"twitter:label2\" content=\"Est. tempo de leitura\" \/>\n\t<meta name=\"twitter:data2\" content=\"6 minutos\" \/>\n<!-- \/ Yoast SEO Premium plugin. -->","yoast_head_json":{"title":"INSS 2026: CPFs com finais 0, 1, 2, 3, 4, 5, 6, 7, 8 e 9 podem receber R$ 3.242 neste m\u00eas de mar\u00e7o - Blog Pensar Cursos","description":"INSS 2026 antecipa at\u00e9 R$ 3.242 para benefici\u00e1rios de Juiz de Fora, Ub\u00e1 e Matias Barbosa em mar\u00e7o; confira quem tem direito e como funcionam os pagamentos.","robots":{"index":"index","follow":"follow","max-snippet":"max-snippet:-1","max-image-preview":"max-image-preview:large","max-video-preview":"max-video-preview:-1"},"canonical":"https:\/\/www.pensarcursos.com.br\/blog\/inss-2026-cpfs-com-finais-0-1-2-3-4-5-6-7-8-e-9-podem-receber-r-3-242-neste-mes-de-marco\/","og_locale":"pt_BR","og_type":"article","og_title":"INSS 2026: CPFs com finais 0, 1, 2, 3, 4, 5, 6, 7, 8 e 9 podem receber R$ 3.242 neste m\u00eas de mar\u00e7o","og_description":"INSS 2026 antecipa at\u00e9 R$ 3.242 para benefici\u00e1rios de Juiz de Fora, Ub\u00e1 e Matias Barbosa em mar\u00e7o; confira quem tem direito e como funcionam os pagamentos.","og_url":"https:\/\/www.pensarcursos.com.br\/blog\/inss-2026-cpfs-com-finais-0-1-2-3-4-5-6-7-8-e-9-podem-receber-r-3-242-neste-mes-de-marco\/","og_site_name":"Blog Pensar Cursos","article_publisher":"https:\/\/www.facebook.com\/pensarcursos\/","article_published_time":"2026-03-11T18:09:28+00:00","article_modified_time":"2026-03-11T18:10:13+00:00","og_image":[{"width":1200,"height":800,"url":"https:\/\/www.pensarcursos.com.br\/blog\/wp-content\/uploads\/2026\/03\/pagamento-emergencial-do-inss.webp","type":"image\/webp"}],"author":"F\u00e1tima Azevedo","twitter_card":"summary_large_image","twitter_misc":{"Escrito por":"F\u00e1tima Azevedo","Est. tempo de leitura":"6 minutos"},"schema":{"@context":"https:\/\/schema.org","@graph":[{"@type":["Article","BlogPosting"],"@id":"https:\/\/www.pensarcursos.com.br\/blog\/inss-2026-cpfs-com-finais-0-1-2-3-4-5-6-7-8-e-9-podem-receber-r-3-242-neste-mes-de-marco\/#article","isPartOf":{"@id":"https:\/\/www.pensarcursos.com.br\/blog\/inss-2026-cpfs-com-finais-0-1-2-3-4-5-6-7-8-e-9-podem-receber-r-3-242-neste-mes-de-marco\/"},"author":{"name":"F\u00e1tima Azevedo","@id":"https:\/\/www.pensarcursos.com.br\/blog\/#\/schema\/person\/827343e4611913410dcf62144b5b2a2d"},"headline":"INSS 2026: CPFs com finais 0, 1, 2, 3, 4, 5, 6, 7, 8 e 9 podem receber R$ 3.242 neste m\u00eas de mar\u00e7o","datePublished":"2026-03-11T18:09:28+00:00","dateModified":"2026-03-11T18:10:13+00:00","mainEntityOfPage":{"@id":"https:\/\/www.pensarcursos.com.br\/blog\/inss-2026-cpfs-com-finais-0-1-2-3-4-5-6-7-8-e-9-podem-receber-r-3-242-neste-mes-de-marco\/"},"wordCount":1106,"commentCount":0,"publisher":{"@id":"https:\/\/www.pensarcursos.com.br\/blog\/#organization"},"image":{"@id":"https:\/\/www.pensarcursos.com.br\/blog\/inss-2026-cpfs-com-finais-0-1-2-3-4-5-6-7-8-e-9-podem-receber-r-3-242-neste-mes-de-marco\/#primaryimage"},"thumbnailUrl":"https:\/\/www.pensarcursos.com.br\/blog\/wp-content\/uploads\/2026\/03\/pagamento-emergencial-do-inss.webp","keywords":["calend\u00e1rio inss 2026","pagamento emergencial inss minas","pagamento inss mar\u00e7o 2026"],"articleSection":["Direitos do Trabalhador"],"inLanguage":"pt-BR","potentialAction":[{"@type":"CommentAction","name":"Comment","target":["https:\/\/www.pensarcursos.com.br\/blog\/inss-2026-cpfs-com-finais-0-1-2-3-4-5-6-7-8-e-9-podem-receber-r-3-242-neste-mes-de-marco\/#respond"]}],"copyrightYear":"2026","copyrightHolder":{"@id":"https:\/\/www.pensarcursos.com.br\/blog\/#organization"}},{"@type":"WebPage","@id":"https:\/\/www.pensarcursos.com.br\/blog\/inss-2026-cpfs-com-finais-0-1-2-3-4-5-6-7-8-e-9-podem-receber-r-3-242-neste-mes-de-marco\/","url":"https:\/\/www.pensarcursos.com.br\/blog\/inss-2026-cpfs-com-finais-0-1-2-3-4-5-6-7-8-e-9-podem-receber-r-3-242-neste-mes-de-marco\/","name":"INSS 2026: CPFs com finais 0, 1, 2, 3, 4, 5, 6, 7, 8 e 9 podem receber R$ 3.242 neste m\u00eas de mar\u00e7o - Blog Pensar Cursos","isPartOf":{"@id":"https:\/\/www.pensarcursos.com.br\/blog\/#website"},"primaryImageOfPage":{"@id":"https:\/\/www.pensarcursos.com.br\/blog\/inss-2026-cpfs-com-finais-0-1-2-3-4-5-6-7-8-e-9-podem-receber-r-3-242-neste-mes-de-marco\/#primaryimage"},"image":{"@id":"https:\/\/www.pensarcursos.com.br\/blog\/inss-2026-cpfs-com-finais-0-1-2-3-4-5-6-7-8-e-9-podem-receber-r-3-242-neste-mes-de-marco\/#primaryimage"},"thumbnailUrl":"https:\/\/www.pensarcursos.com.br\/blog\/wp-content\/uploads\/2026\/03\/pagamento-emergencial-do-inss.webp","datePublished":"2026-03-11T18:09:28+00:00","dateModified":"2026-03-11T18:10:13+00:00","description":"INSS 2026 antecipa at\u00e9 R$ 3.242 para benefici\u00e1rios de Juiz de Fora, Ub\u00e1 e Matias Barbosa em mar\u00e7o; confira quem tem direito e como funcionam os pagamentos.","breadcrumb":{"@id":"https:\/\/www.pensarcursos.com.br\/blog\/inss-2026-cpfs-com-finais-0-1-2-3-4-5-6-7-8-e-9-podem-receber-r-3-242-neste-mes-de-marco\/#breadcrumb"},"inLanguage":"pt-BR","potentialAction":[{"@type":"ReadAction","target":["https:\/\/www.pensarcursos.com.br\/blog\/inss-2026-cpfs-com-finais-0-1-2-3-4-5-6-7-8-e-9-podem-receber-r-3-242-neste-mes-de-marco\/"]}]},{"@type":"ImageObject","inLanguage":"pt-BR","@id":"https:\/\/www.pensarcursos.com.br\/blog\/inss-2026-cpfs-com-finais-0-1-2-3-4-5-6-7-8-e-9-podem-receber-r-3-242-neste-mes-de-marco\/#primaryimage","url":"https:\/\/www.pensarcursos.com.br\/blog\/wp-content\/uploads\/2026\/03\/pagamento-emergencial-do-inss.webp","contentUrl":"https:\/\/www.pensarcursos.com.br\/blog\/wp-content\/uploads\/2026\/03\/pagamento-emergencial-do-inss.webp","width":1200,"height":800,"caption":"INSS libera R$ 3.242 em mar\u00e7o de 2026 para CPFs com finais 0 a 9. Imagem: Blog Pensar Cursos"},{"@type":"BreadcrumbList","@id":"https:\/\/www.pensarcursos.com.br\/blog\/inss-2026-cpfs-com-finais-0-1-2-3-4-5-6-7-8-e-9-podem-receber-r-3-242-neste-mes-de-marco\/#breadcrumb","itemListElement":[{"@type":"ListItem","position":1,"name":"Home","item":"https:\/\/www.pensarcursos.com.br\/blog\/"},{"@type":"ListItem","position":2,"name":"INSS 2026: CPFs com finais 0, 1, 2, 3, 4, 5, 6, 7, 8 e 9 podem receber R$ 3.242 neste m\u00eas de mar\u00e7o"}]},{"@type":"WebSite","@id":"https:\/\/www.pensarcursos.com.br\/blog\/#website","url":"https:\/\/www.pensarcursos.com.br\/blog\/","name":"Blog Pensar Cursos","description":"Maior Site de Cursos do Brasil","publisher":{"@id":"https:\/\/www.pensarcursos.com.br\/blog\/#organization"},"alternateName":"Blog Pensar","potentialAction":[{"@type":"SearchAction","target":{"@type":"EntryPoint","urlTemplate":"https:\/\/www.pensarcursos.com.br\/blog\/?s={search_term_string}"},"query-input":{"@type":"PropertyValueSpecification","valueRequired":true,"valueName":"search_term_string"}}],"inLanguage":"pt-BR"},{"@type":"Organization","@id":"https:\/\/www.pensarcursos.com.br\/blog\/#organization","name":"Pensar Cursos","alternateName":"Blog pensar","url":"https:\/\/www.pensarcursos.com.br\/blog\/","logo":{"@type":"ImageObject","inLanguage":"pt-BR","@id":"https:\/\/www.pensarcursos.com.br\/blog\/#\/schema\/logo\/image\/","url":"https:\/\/www.pensarcursos.com.br\/blog\/wp-content\/uploads\/2023\/11\/Nova-Logo-Pensar-Cursos-vertical.png","contentUrl":"https:\/\/www.pensarcursos.com.br\/blog\/wp-content\/uploads\/2023\/11\/Nova-Logo-Pensar-Cursos-vertical.png","width":1393,"height":1001,"caption":"Pensar Cursos"},"image":{"@id":"https:\/\/www.pensarcursos.com.br\/blog\/#\/schema\/logo\/image\/"},"sameAs":["https:\/\/www.facebook.com\/pensarcursos\/","https:\/\/instagram.com.br\/pensarcursos"],"description":"Pensar Cursos \u00e9 uma empresa especializada em oferecer cursos de alta qualidade voltados para o desenvolvimento profissional e acad\u00eamico. Com uma ampla gama de op\u00e7\u00f5es de treinamento, oferecemos conte\u00fados atualizados, ministrados por especialistas da \u00e1rea, para capacitar indiv\u00edduos e equipes a atingirem seus objetivos. Nossa miss\u00e3o \u00e9 proporcionar uma educa\u00e7\u00e3o transformadora, acess\u00edvel e personalizada para cada aluno, seja em cursos presenciais ou online. Com uma abordagem inovadora, buscamos adaptar os nossos programas de ensino \u00e0s necessidades do mercado, criando solu\u00e7\u00f5es que atendem aos desafios e exig\u00eancias do mundo corporativo e acad\u00eamico. Nossos cursos incluem desde forma\u00e7\u00f5es t\u00e9cnicas at\u00e9 habilidades essenciais, como lideran\u00e7a, gest\u00e3o e desenvolvimento pessoal.","email":"contato@pensarcursos.com.br","legalName":"Sena Servi\u00e7os de Informa\u00e7\u00e3o Online LTDA","foundingDate":"2013-04-18","vatID":"17956217000172","numberOfEmployees":{"@type":"QuantitativeValue","minValue":"11","maxValue":"50"},"publishingPrinciples":"https:\/\/www.pensarcursos.com.br\/blog\/principios-de-publicacao\/","ownershipFundingInfo":"https:\/\/www.pensarcursos.com.br\/blog\/informacoes-de-propriedade-financiamento\/","actionableFeedbackPolicy":"https:\/\/www.pensarcursos.com.br\/blog\/politica-de-feedback-acionavel\/","correctionsPolicy":"https:\/\/www.pensarcursos.com.br\/blog\/politica-de-correcoes\/","ethicsPolicy":"https:\/\/www.pensarcursos.com.br\/blog\/politica-de-etica\/"},{"@type":"Person","@id":"https:\/\/www.pensarcursos.com.br\/blog\/#\/schema\/person\/827343e4611913410dcf62144b5b2a2d","name":"F\u00e1tima Azevedo","image":{"@type":"ImageObject","inLanguage":"pt-BR","@id":"https:\/\/secure.gravatar.com\/avatar\/ea820c84e212573cc3f119ba576278fe7ad07b69ed7ca0c33223662227bb77ca?s=96&d=mm&r=g","url":"https:\/\/secure.gravatar.com\/avatar\/ea820c84e212573cc3f119ba576278fe7ad07b69ed7ca0c33223662227bb77ca?s=96&d=mm&r=g","contentUrl":"https:\/\/secure.gravatar.com\/avatar\/ea820c84e212573cc3f119ba576278fe7ad07b69ed7ca0c33223662227bb77ca?s=96&d=mm&r=g","caption":"F\u00e1tima Azevedo"},"description":"Graduada em Ci\u00eancias Biol\u00f3gicas. Professora. Redatora grupo Sena Online.","sameAs":["https:\/\/www.linkedin.com\/in\/maria-de-f\u00e1tima-oliveira-da-costa-74a1692a7"],"url":"https:\/\/www.pensarcursos.com.br\/blog\/author\/fatima\/"}]}},"_links":{"self":[{"href":"https:\/\/www.pensarcursos.com.br\/blog\/wp-json\/wp\/v2\/posts\/149417","targetHints":{"allow":["GET"]}}],"collection":[{"href":"https:\/\/www.pensarcursos.com.br\/blog\/wp-json\/wp\/v2\/posts"}],"about":[{"href":"https:\/\/www.pensarcursos.com.br\/blog\/wp-json\/wp\/v2\/types\/post"}],"author":[{"embeddable":true,"href":"https:\/\/www.pensarcursos.com.br\/blog\/wp-json\/wp\/v2\/users\/41"}],"replies":[{"embeddable":true,"href":"https:\/\/www.pensarcursos.com.br\/blog\/wp-json\/wp\/v2\/comments?post=149417"}],"version-history":[{"count":0,"href":"https:\/\/www.pensarcursos.com.br\/blog\/wp-json\/wp\/v2\/posts\/149417\/revisions"}],"wp:featuredmedia":[{"embeddable":true,"href":"https:\/\/www.pensarcursos.com.br\/blog\/wp-json\/wp\/v2\/media\/149436"}],"wp:attachment":[{"href":"https:\/\/www.pensarcursos.com.br\/blog\/wp-json\/wp\/v2\/media?parent=149417"}],"wp:term":[{"taxonomy":"category","embeddable":true,"href":"https:\/\/www.pensarcursos.com.br\/blog\/wp-json\/wp\/v2\/categories?post=149417"},{"taxonomy":"post_tag","embeddable":true,"href":"https:\/\/www.pensarcursos.com.br\/blog\/wp-json\/wp\/v2\/tags?post=149417"}],"curies":[{"name":"wp","href":"https:\/\/api.w.org\/{rel}","templated":true}]}}