{"id":149398,"date":"2026-03-11T21:39:33","date_gmt":"2026-03-12T00:39:33","guid":{"rendered":"https:\/\/www.pensarcursos.com.br\/blog\/?p=149398"},"modified":"2026-03-11T11:12:29","modified_gmt":"2026-03-11T14:12:29","slug":"desafio-visual-qual-flor-esta-sem-par","status":"publish","type":"post","link":"https:\/\/www.pensarcursos.com.br\/blog\/desafio-visual-qual-flor-esta-sem-par\/","title":{"rendered":"Desafio Visual: Qual flor est\u00e1 sem par? Teste sua concentra\u00e7\u00e3o agora"},"content":{"rendered":"<p>Desenvolva sua habilidade de notar detalhes, pratique o pensamento l\u00f3gico e mantenha-se atento aos aspectos mais discretos por meio deste <strong>desafio visual<\/strong> criado para estimular suas fun\u00e7\u00f5es cognitivas. Use essa oportunidade para trabalhar a rapidez mental e refor\u00e7ar capacidades como mem\u00f3ria, foco e poder de observa\u00e7\u00e3o de forma leve e prazerosa.<\/p>\n<p>Conhe\u00e7a uma op\u00e7\u00e3o que beneficia o funcionamento do c\u00e9rebro, agu\u00e7a a curiosidade e ajuda no desenvolvimento constante. Opte por essa experi\u00eancia interativa para manter a mente em movimento e cuidar do seu bem-estar mental.<\/p>\n<h2>Identifique a flor que n\u00e3o tem um par na imagem:<\/h2>\n<p>A<a href=\"https:\/\/www.pensarcursos.com.br\/blog\/teste-visual-descubra-o-que-esta-faltando-na-imagem\/\"> imagem<\/a> mostra uma ilustra\u00e7\u00e3o repleta de flores com diferentes cores e formatos, organizadas sobre fundo verde. Seu objetivo \u00e9 conseguir achar a \u00fanica flor que n\u00e3o tem um par na imagem <strong>em at\u00e9 20 segundos.<\/strong><\/p>\n<p>Para quem gosta de passatempos divertidos e envolventes, atividades assim s\u00e3o uma \u00f3tima pedida, j\u00e1 que ajudam a melhorar a concentra\u00e7\u00e3o e a aten\u00e7\u00e3o aos detalhes.<\/p>\n<p>Al\u00e9m de garantirem entretenimento, tamb\u00e9m servem como um treino valioso para o c\u00e9rebro, deixando o racioc\u00ednio mais \u00e1gil e focado no dia a dia.<\/p>\n<figure id=\"attachment_149411\" aria-describedby=\"caption-attachment-149411\" style=\"width: 728px\" class=\"wp-caption aligncenter\"><img decoding=\"async\" src=\"https:\/\/www.pensarcursos.com.br\/blog\/wp-content\/uploads\/2026\/03\/Desafio-Visual-Qual-flor-esta-sem-par-Teste-sua-concentracao-agora-.webp\" alt=\"Desafio visual com diversas flores desenhadas e coloridas que est\u00e3o espalhadas sobre fundo verde, simulando um teste de concentra\u00e7\u00e3o\" width=\"728\" height=\"736\" \/><figcaption id=\"caption-attachment-149411\" class=\"wp-caption-text\">Flores coloridas em teste de aten\u00e7\u00e3o. Desafio Visual. Imagem: Reddit<\/figcaption><\/figure>\n<h2>Dicas para aumentar suas chances de sucesso:<\/h2>\n<ul>\n<li><strong>Observe os detalhes das p\u00e9talas<\/strong> \u2013 pequenas diferen\u00e7as podem indicar a flor \u00fanica.<\/li>\n<li><strong>Compare os tons de cor<\/strong> \u2013 algumas flores t\u00eam varia\u00e7\u00f5es sutis de tonalidade.<\/li>\n<li><strong>Olhe para o centro da flor<\/strong> \u2013 o miolo pode ter formato ou cor distintos.<\/li>\n<li><strong>Verifique o n\u00famero de p\u00e9talas<\/strong> \u2013 algumas flores t\u00eam mais ou menos p\u00e9talas que as demais.<\/li>\n<li><strong>Analise o tamanho<\/strong> \u2013 a flor diferente pode ser maior ou menor.<\/li>\n<li><strong>Cheque o contorno das p\u00e9talas<\/strong> \u2013 bordas arredondadas ou pontiagudas fazem diferen\u00e7a.<\/li>\n<li><strong>Preste aten\u00e7\u00e3o ao posicionamento<\/strong> \u2013 a flor \u00fanica pode estar em um canto ou isolada.<\/li>\n<li><strong>Fa\u00e7a compara\u00e7\u00f5es r\u00e1pidas em pares<\/strong> \u2013 elimine as iguais at\u00e9 sobrar a solit\u00e1ria.<\/li>\n<\/ul>\n<h2>Chegou o momento de conferir a resposta:<\/h2>\n<figure id=\"attachment_149413\" aria-describedby=\"caption-attachment-149413\" style=\"width: 728px\" class=\"wp-caption aligncenter\"><img decoding=\"async\" src=\"https:\/\/www.pensarcursos.com.br\/blog\/wp-content\/uploads\/2026\/03\/Desafio-Visual-Qual-flor-esta-sem-par-Teste-sua-concentracao-agora-solucao.webp\" alt=\"Desafio visual com diversas flores desenhadas e coloridas que est\u00e3o espalhadas sobre fundo verde, simulando um teste de concentra\u00e7\u00e3o\" width=\"728\" height=\"736\" \/><figcaption id=\"caption-attachment-149413\" class=\"wp-caption-text\">Solu\u00e7\u00e3o para o desafio visual. Imagem: Reddit<\/figcaption><\/figure>\n<p>Voc\u00ea conseguiu localizar a flor que n\u00e3o tem repeti\u00e7\u00e3o na imagem? Se encontrou rapidamente, isso <strong>revela uma \u00f3tima capacidade de concentra\u00e7\u00e3o<\/strong>, olhar atento e aten\u00e7\u00e3o especial aos pormenores.<\/p>\n<p>Se ainda n\u00e3o descobriu onde ela est\u00e1, n\u00e3o se preocupe e continue procurando. Fazer atividades que trabalhem sua concentra\u00e7\u00e3o e aten\u00e7\u00e3o \u00e9 uma maneira muito eficiente de aprimorar suas fun\u00e7\u00f5es cognitivas.<\/p>\n<p>Como foi sua experi\u00eancia ao tentar resolver esse desafio? Compartilhe sua opini\u00e3o nos coment\u00e1rios! Indique este teste para seus amigos tamb\u00e9m e veja quem consegue solucionar este <a href=\"https:\/\/www.pensarcursos.com.br\/blog\/teste-visual-encontre-o-cavalo-marinho-escondido\/?utm_source=organicjLj694591b67b8799ee29ff3635&amp;utm_campaign=&amp;utm_medium=&amp;utm_content=&amp;utm_term=\" target=\"_blank\" rel=\"noopener\">quebra-cabe\u00e7a<\/a> primeiro.<\/p>\n<p>\ud83d\udc49 Continue ampliando seus conhecimentos! Acesse diariamente o <a href=\"https:\/\/www.pensarcursos.com.br\/blog\/teste-de-qi\/?utm_source=organicjLj694591b67b8799ee29ff3635&amp;utm_campaign=&amp;utm_medium=&amp;utm_content=&amp;utm_term=\" target=\"_blank\" rel=\"noopener\"><strong>Blog do Pensar Cursos<\/strong><\/a> e descubra novos desafios e conte\u00fados que v\u00e3o impulsionar sua aprendizagem. N\u00e3o perca a oportunidade de evoluir a cada leitura!<\/p>\n","protected":false},"excerpt":{"rendered":"<p>Desenvolva sua habilidade de notar detalhes, pratique o pensamento l\u00f3gico e mantenha-se atento aos aspectos mais discretos por meio deste desafio visual criado para estimular suas fun\u00e7\u00f5es cognitivas. Use essa oportunidade para trabalhar a rapidez mental e refor\u00e7ar capacidades como mem\u00f3ria, foco e poder de observa\u00e7\u00e3o de forma leve e prazerosa. Conhe\u00e7a uma op\u00e7\u00e3o que [&hellip;]<\/p>\n","protected":false},"author":45,"featured_media":149405,"comment_status":"open","ping_status":"closed","sticky":false,"template":"","format":"standard","meta":{"jnews-multi-image_gallery":[],"jnews_single_post":{"format":"standard","override":[{"template":"1","parallax":"1","fullscreen":"1","layout":"right-sidebar","sidebar":"default-sidebar","second_sidebar":"default-sidebar","sticky_sidebar":"1","share_position":"topbottom","share_float_style":"share-monocrhome","show_featured":"1","show_post_meta":"1","show_post_author":"1","show_post_author_image":"1","show_post_date":"1","post_date_format":"default","post_date_format_custom":"Y\/m\/d","show_post_category":"1","post_reading_time_wpm":"300","post_calculate_word_method":"str_word_count","show_zoom_button":"0","zoom_button_out_step":"2","zoom_button_in_step":"3","show_post_tag":"1","show_prev_next_post":"1","show_popup_post":"1","show_comment_section":"1","number_popup_post":"2","show_author_box":"1","show_post_related":"1","show_inline_post_related":"1"}],"image_override":[{"single_post_thumbnail_size":"crop-500","single_post_gallery_size":"crop-500"}],"trending_post_position":"meta","trending_post_label":"Trending","sponsored_post_label":"Sponsored by","disable_ad":"0","subtitle":"Desafie sua habilidade visual encontrando a flor que n\u00e3o se repete antes que o tempo acabe."},"jnews_primary_category":[],"jnews_social_meta":[],"jnews_override_counter":{"view_counter_number":"0","share_counter_number":"0","like_counter_number":"0","dislike_counter_number":"0"},"footnotes":""},"categories":[23322],"tags":[1464,1623,1978],"class_list":["post-149398","post","type-post","status-publish","format-standard","has-post-thumbnail","hentry","category-teste-de-qi","tag-desafio-visual","tag-teste-de-atencao","tag-teste-visual"],"yoast_head":"<!-- This site is optimized with the Yoast SEO Premium plugin v27.4 (Yoast SEO v27.4) - https:\/\/yoast.com\/product\/yoast-seo-premium-wordpress\/ -->\n<title>Desafio Visual: Qual flor est\u00e1 sem par? Teste sua concentra\u00e7\u00e3o agora - Blog Pensar Cursos<\/title>\n<meta name=\"description\" content=\"Desafio Visual: Qual flor est\u00e1 sem par? Prove j\u00e1 sua aten\u00e7\u00e3o em 2026! Resolva antes que outros encontrem. Aceite o desafio e compartilhe seus resultados!\" \/>\n<meta name=\"robots\" content=\"index, follow, max-snippet:-1, max-image-preview:large, max-video-preview:-1\" \/>\n<link rel=\"canonical\" href=\"https:\/\/www.pensarcursos.com.br\/blog\/desafio-visual-qual-flor-esta-sem-par\/\" \/>\n<meta property=\"og:locale\" content=\"pt_BR\" \/>\n<meta property=\"og:type\" content=\"article\" \/>\n<meta property=\"og:title\" content=\"Desafio Visual: Qual flor est\u00e1 sem par? Teste sua concentra\u00e7\u00e3o agora\" \/>\n<meta property=\"og:description\" content=\"Desafio Visual: Qual flor est\u00e1 sem par? Prove j\u00e1 sua aten\u00e7\u00e3o em 2026! Resolva antes que outros encontrem. Aceite o desafio e compartilhe seus resultados!\" \/>\n<meta property=\"og:url\" content=\"https:\/\/www.pensarcursos.com.br\/blog\/desafio-visual-qual-flor-esta-sem-par\/\" \/>\n<meta property=\"og:site_name\" content=\"Blog Pensar Cursos\" \/>\n<meta property=\"article:publisher\" content=\"https:\/\/www.facebook.com\/pensarcursos\/\" \/>\n<meta property=\"article:author\" content=\"https:\/\/www.facebook.com\/lferias\" \/>\n<meta property=\"article:published_time\" content=\"2026-03-12T00:39:33+00:00\" \/>\n<meta property=\"og:image\" content=\"https:\/\/www.pensarcursos.com.br\/blog\/wp-content\/uploads\/2026\/03\/Desafio-Visual-Qual-flor-esta-sem-par-Teste-sua-concentracao-agora.jpg\" \/>\n\t<meta property=\"og:image:width\" content=\"1200\" \/>\n\t<meta property=\"og:image:height\" content=\"800\" \/>\n\t<meta property=\"og:image:type\" content=\"image\/jpeg\" \/>\n<meta name=\"author\" content=\"Leandro Macedo\" \/>\n<meta name=\"twitter:card\" content=\"summary_large_image\" \/>\n<meta name=\"twitter:label1\" content=\"Escrito por\" \/>\n\t<meta name=\"twitter:data1\" content=\"Leandro Macedo\" \/>\n\t<meta name=\"twitter:label2\" content=\"Est. tempo de leitura\" \/>\n\t<meta name=\"twitter:data2\" content=\"4 minutos\" \/>\n<!-- \/ Yoast SEO Premium plugin. -->","yoast_head_json":{"title":"Desafio Visual: Qual flor est\u00e1 sem par? Teste sua concentra\u00e7\u00e3o agora - Blog Pensar Cursos","description":"Desafio Visual: Qual flor est\u00e1 sem par? Prove j\u00e1 sua aten\u00e7\u00e3o em 2026! Resolva antes que outros encontrem. Aceite o desafio e compartilhe seus resultados!","robots":{"index":"index","follow":"follow","max-snippet":"max-snippet:-1","max-image-preview":"max-image-preview:large","max-video-preview":"max-video-preview:-1"},"canonical":"https:\/\/www.pensarcursos.com.br\/blog\/desafio-visual-qual-flor-esta-sem-par\/","og_locale":"pt_BR","og_type":"article","og_title":"Desafio Visual: Qual flor est\u00e1 sem par? Teste sua concentra\u00e7\u00e3o agora","og_description":"Desafio Visual: Qual flor est\u00e1 sem par? Prove j\u00e1 sua aten\u00e7\u00e3o em 2026! Resolva antes que outros encontrem. Aceite o desafio e compartilhe seus resultados!","og_url":"https:\/\/www.pensarcursos.com.br\/blog\/desafio-visual-qual-flor-esta-sem-par\/","og_site_name":"Blog Pensar Cursos","article_publisher":"https:\/\/www.facebook.com\/pensarcursos\/","article_author":"https:\/\/www.facebook.com\/lferias","article_published_time":"2026-03-12T00:39:33+00:00","og_image":[{"width":1200,"height":800,"url":"https:\/\/www.pensarcursos.com.br\/blog\/wp-content\/uploads\/2026\/03\/Desafio-Visual-Qual-flor-esta-sem-par-Teste-sua-concentracao-agora.jpg","type":"image\/jpeg"}],"author":"Leandro Macedo","twitter_card":"summary_large_image","twitter_misc":{"Escrito por":"Leandro Macedo","Est. tempo de leitura":"4 minutos"},"schema":{"@context":"https:\/\/schema.org","@graph":[{"@type":["Article","BlogPosting"],"@id":"https:\/\/www.pensarcursos.com.br\/blog\/desafio-visual-qual-flor-esta-sem-par\/#article","isPartOf":{"@id":"https:\/\/www.pensarcursos.com.br\/blog\/desafio-visual-qual-flor-esta-sem-par\/"},"author":{"name":"Leandro Macedo","@id":"https:\/\/www.pensarcursos.com.br\/blog\/#\/schema\/person\/634d9130f0a946531a5127a8a11de377"},"headline":"Desafio Visual: Qual flor est\u00e1 sem par? Teste sua concentra\u00e7\u00e3o agora","datePublished":"2026-03-12T00:39:33+00:00","mainEntityOfPage":{"@id":"https:\/\/www.pensarcursos.com.br\/blog\/desafio-visual-qual-flor-esta-sem-par\/"},"wordCount":509,"commentCount":0,"publisher":{"@id":"https:\/\/www.pensarcursos.com.br\/blog\/#organization"},"image":{"@id":"https:\/\/www.pensarcursos.com.br\/blog\/desafio-visual-qual-flor-esta-sem-par\/#primaryimage"},"thumbnailUrl":"https:\/\/www.pensarcursos.com.br\/blog\/wp-content\/uploads\/2026\/03\/Desafio-Visual-Qual-flor-esta-sem-par-Teste-sua-concentracao-agora.jpg","keywords":["desafio visual","teste de aten\u00e7\u00e3o","teste visual"],"articleSection":["Teste de QI"],"inLanguage":"pt-BR","potentialAction":[{"@type":"CommentAction","name":"Comment","target":["https:\/\/www.pensarcursos.com.br\/blog\/desafio-visual-qual-flor-esta-sem-par\/#respond"]}],"copyrightYear":"2026","copyrightHolder":{"@id":"https:\/\/www.pensarcursos.com.br\/blog\/#organization"}},{"@type":"WebPage","@id":"https:\/\/www.pensarcursos.com.br\/blog\/desafio-visual-qual-flor-esta-sem-par\/","url":"https:\/\/www.pensarcursos.com.br\/blog\/desafio-visual-qual-flor-esta-sem-par\/","name":"Desafio Visual: Qual flor est\u00e1 sem par? Teste sua concentra\u00e7\u00e3o agora - Blog Pensar Cursos","isPartOf":{"@id":"https:\/\/www.pensarcursos.com.br\/blog\/#website"},"primaryImageOfPage":{"@id":"https:\/\/www.pensarcursos.com.br\/blog\/desafio-visual-qual-flor-esta-sem-par\/#primaryimage"},"image":{"@id":"https:\/\/www.pensarcursos.com.br\/blog\/desafio-visual-qual-flor-esta-sem-par\/#primaryimage"},"thumbnailUrl":"https:\/\/www.pensarcursos.com.br\/blog\/wp-content\/uploads\/2026\/03\/Desafio-Visual-Qual-flor-esta-sem-par-Teste-sua-concentracao-agora.jpg","datePublished":"2026-03-12T00:39:33+00:00","description":"Desafio Visual: Qual flor est\u00e1 sem par? Prove j\u00e1 sua aten\u00e7\u00e3o em 2026! Resolva antes que outros encontrem. Aceite o desafio e compartilhe seus resultados!","breadcrumb":{"@id":"https:\/\/www.pensarcursos.com.br\/blog\/desafio-visual-qual-flor-esta-sem-par\/#breadcrumb"},"inLanguage":"pt-BR","potentialAction":[{"@type":"ReadAction","target":["https:\/\/www.pensarcursos.com.br\/blog\/desafio-visual-qual-flor-esta-sem-par\/"]}]},{"@type":"ImageObject","inLanguage":"pt-BR","@id":"https:\/\/www.pensarcursos.com.br\/blog\/desafio-visual-qual-flor-esta-sem-par\/#primaryimage","url":"https:\/\/www.pensarcursos.com.br\/blog\/wp-content\/uploads\/2026\/03\/Desafio-Visual-Qual-flor-esta-sem-par-Teste-sua-concentracao-agora.jpg","contentUrl":"https:\/\/www.pensarcursos.com.br\/blog\/wp-content\/uploads\/2026\/03\/Desafio-Visual-Qual-flor-esta-sem-par-Teste-sua-concentracao-agora.jpg","width":1200,"height":800,"caption":"Ser\u00e1 que voc\u00ea consegue encontrar a flor sem par? Imagem: Reddit"},{"@type":"BreadcrumbList","@id":"https:\/\/www.pensarcursos.com.br\/blog\/desafio-visual-qual-flor-esta-sem-par\/#breadcrumb","itemListElement":[{"@type":"ListItem","position":1,"name":"Home","item":"https:\/\/www.pensarcursos.com.br\/blog\/"},{"@type":"ListItem","position":2,"name":"Desafio Visual: Qual flor est\u00e1 sem par? Teste sua concentra\u00e7\u00e3o agora"}]},{"@type":"WebSite","@id":"https:\/\/www.pensarcursos.com.br\/blog\/#website","url":"https:\/\/www.pensarcursos.com.br\/blog\/","name":"Blog Pensar Cursos","description":"Maior Site de Cursos do Brasil","publisher":{"@id":"https:\/\/www.pensarcursos.com.br\/blog\/#organization"},"alternateName":"Blog Pensar","potentialAction":[{"@type":"SearchAction","target":{"@type":"EntryPoint","urlTemplate":"https:\/\/www.pensarcursos.com.br\/blog\/?s={search_term_string}"},"query-input":{"@type":"PropertyValueSpecification","valueRequired":true,"valueName":"search_term_string"}}],"inLanguage":"pt-BR"},{"@type":"Organization","@id":"https:\/\/www.pensarcursos.com.br\/blog\/#organization","name":"Pensar Cursos","alternateName":"Blog pensar","url":"https:\/\/www.pensarcursos.com.br\/blog\/","logo":{"@type":"ImageObject","inLanguage":"pt-BR","@id":"https:\/\/www.pensarcursos.com.br\/blog\/#\/schema\/logo\/image\/","url":"https:\/\/www.pensarcursos.com.br\/blog\/wp-content\/uploads\/2023\/11\/Nova-Logo-Pensar-Cursos-vertical.png","contentUrl":"https:\/\/www.pensarcursos.com.br\/blog\/wp-content\/uploads\/2023\/11\/Nova-Logo-Pensar-Cursos-vertical.png","width":1393,"height":1001,"caption":"Pensar Cursos"},"image":{"@id":"https:\/\/www.pensarcursos.com.br\/blog\/#\/schema\/logo\/image\/"},"sameAs":["https:\/\/www.facebook.com\/pensarcursos\/","https:\/\/instagram.com.br\/pensarcursos"],"description":"Pensar Cursos \u00e9 uma empresa especializada em oferecer cursos de alta qualidade voltados para o desenvolvimento profissional e acad\u00eamico. Com uma ampla gama de op\u00e7\u00f5es de treinamento, oferecemos conte\u00fados atualizados, ministrados por especialistas da \u00e1rea, para capacitar indiv\u00edduos e equipes a atingirem seus objetivos. Nossa miss\u00e3o \u00e9 proporcionar uma educa\u00e7\u00e3o transformadora, acess\u00edvel e personalizada para cada aluno, seja em cursos presenciais ou online. Com uma abordagem inovadora, buscamos adaptar os nossos programas de ensino \u00e0s necessidades do mercado, criando solu\u00e7\u00f5es que atendem aos desafios e exig\u00eancias do mundo corporativo e acad\u00eamico. Nossos cursos incluem desde forma\u00e7\u00f5es t\u00e9cnicas at\u00e9 habilidades essenciais, como lideran\u00e7a, gest\u00e3o e desenvolvimento pessoal.","email":"contato@pensarcursos.com.br","legalName":"Sena Servi\u00e7os de Informa\u00e7\u00e3o Online LTDA","foundingDate":"2013-04-18","vatID":"17956217000172","numberOfEmployees":{"@type":"QuantitativeValue","minValue":"11","maxValue":"50"},"publishingPrinciples":"https:\/\/www.pensarcursos.com.br\/blog\/principios-de-publicacao\/","ownershipFundingInfo":"https:\/\/www.pensarcursos.com.br\/blog\/informacoes-de-propriedade-financiamento\/","actionableFeedbackPolicy":"https:\/\/www.pensarcursos.com.br\/blog\/politica-de-feedback-acionavel\/","correctionsPolicy":"https:\/\/www.pensarcursos.com.br\/blog\/politica-de-correcoes\/","ethicsPolicy":"https:\/\/www.pensarcursos.com.br\/blog\/politica-de-etica\/"},{"@type":"Person","@id":"https:\/\/www.pensarcursos.com.br\/blog\/#\/schema\/person\/634d9130f0a946531a5127a8a11de377","name":"Leandro Macedo","image":{"@type":"ImageObject","inLanguage":"pt-BR","@id":"https:\/\/secure.gravatar.com\/avatar\/bd5c84a956e2609c5844e1eed35517c63494be8421e663f95dd3ba75ff82c742?s=96&d=mm&r=g","url":"https:\/\/secure.gravatar.com\/avatar\/bd5c84a956e2609c5844e1eed35517c63494be8421e663f95dd3ba75ff82c742?s=96&d=mm&r=g","contentUrl":"https:\/\/secure.gravatar.com\/avatar\/bd5c84a956e2609c5844e1eed35517c63494be8421e663f95dd3ba75ff82c742?s=96&d=mm&r=g","caption":"Leandro Macedo"},"description":"Graduando em Marketing. Redator do Grupo Sena Online","sameAs":["https:\/\/www.facebook.com\/lferias"],"url":"https:\/\/www.pensarcursos.com.br\/blog\/author\/leandro\/"}]}},"_links":{"self":[{"href":"https:\/\/www.pensarcursos.com.br\/blog\/wp-json\/wp\/v2\/posts\/149398","targetHints":{"allow":["GET"]}}],"collection":[{"href":"https:\/\/www.pensarcursos.com.br\/blog\/wp-json\/wp\/v2\/posts"}],"about":[{"href":"https:\/\/www.pensarcursos.com.br\/blog\/wp-json\/wp\/v2\/types\/post"}],"author":[{"embeddable":true,"href":"https:\/\/www.pensarcursos.com.br\/blog\/wp-json\/wp\/v2\/users\/45"}],"replies":[{"embeddable":true,"href":"https:\/\/www.pensarcursos.com.br\/blog\/wp-json\/wp\/v2\/comments?post=149398"}],"version-history":[{"count":0,"href":"https:\/\/www.pensarcursos.com.br\/blog\/wp-json\/wp\/v2\/posts\/149398\/revisions"}],"wp:featuredmedia":[{"embeddable":true,"href":"https:\/\/www.pensarcursos.com.br\/blog\/wp-json\/wp\/v2\/media\/149405"}],"wp:attachment":[{"href":"https:\/\/www.pensarcursos.com.br\/blog\/wp-json\/wp\/v2\/media?parent=149398"}],"wp:term":[{"taxonomy":"category","embeddable":true,"href":"https:\/\/www.pensarcursos.com.br\/blog\/wp-json\/wp\/v2\/categories?post=149398"},{"taxonomy":"post_tag","embeddable":true,"href":"https:\/\/www.pensarcursos.com.br\/blog\/wp-json\/wp\/v2\/tags?post=149398"}],"curies":[{"name":"wp","href":"https:\/\/api.w.org\/{rel}","templated":true}]}}