{"id":149393,"date":"2026-03-11T13:29:41","date_gmt":"2026-03-11T16:29:41","guid":{"rendered":"https:\/\/www.pensarcursos.com.br\/blog\/?p=149393"},"modified":"2026-03-11T10:42:39","modified_gmt":"2026-03-11T13:42:39","slug":"qual-o-prazo-final-para-sacar-a-primeira-parcela-do-13o-salario-do-inss-regras-de-2026","status":"publish","type":"post","link":"https:\/\/www.pensarcursos.com.br\/blog\/qual-o-prazo-final-para-sacar-a-primeira-parcela-do-13o-salario-do-inss-regras-de-2026\/","title":{"rendered":"Qual o prazo final para sacar a primeira parcela do 13\u00ba sal\u00e1rio do INSS? (regras de 2026)"},"content":{"rendered":"<p>Voc\u00ea sabia que o dinheiro do 13\u00ba do INSS pode ser devolvido se voc\u00ea n\u00e3o sacar a tempo? Veja o prazo e n\u00e3o perca nenhum centavo.<\/p>\n<p>O 13\u00ba do INSS est\u00e1 chegando \u2014 e com ele vem uma regra que muita gente desconhece e acaba pagando caro por isso. Existe um prazo limite para sacar o dinheiro. Quem perde essa janela v\u00ea o valor ser devolvido ao instituto e precisa correr atr\u00e1s de regulariza\u00e7\u00e3o.<\/p>\n<p>Antes de se preocupar com quando o dinheiro vai cair, \u00e9 importante entender quando ele pode sair da sua conta \u2014 e o que fazer para garantir que isso n\u00e3o aconte\u00e7a com voc\u00ea.<\/p>\n<p>Para continuar e descobrir como se proteger de atrasos, pend\u00eancias e descontos inesperados, siga a leitura e confira todas as orienta\u00e7\u00f5es e regras importantes sobre o 13\u00ba do INSS.<\/p>\n<h2>O que \u00e9 o 13\u00b0 sal\u00e1rio do INSS?<\/h2>\n<p>O <a href=\"https:\/\/www.pensarcursos.com.br\/blog\/a-primeira-parcela-do-13o-do-inss-vai-cair-em-marco-de-2026-veja-datas-valor-situacao-do-decreto-e-como-consultar\/\" target=\"_blank\" rel=\"noopener\">13\u00ba do INSS<\/a> \u2014 chamado oficialmente de <strong>abono anual<\/strong> \u2014 \u00e9 um pagamento extra garantido por lei aos segurados da Previd\u00eancia Social. Funciona como o d\u00e9cimo terceiro dos trabalhadores com carteira assinada: um valor adicional depositado uma vez por ano, dividido em duas parcelas.<\/p>\n<p>O montante varia conforme o benef\u00edcio mensal de cada segurado e o tempo em que ele recebeu o benef\u00edcio ao longo do ano \u2014 quem recebeu os 12 meses completos leva o valor integral; quem entrou no meio do ano recebe de forma proporcional.<\/p>\n<h2>Quem tem direito ao 13\u00ba do INSS em 2026?<\/h2>\n<p>Antes de falar em prazo, vale confirmar se voc\u00ea est\u00e1 na lista de quem tem direito. O abono anual \u2014 nome oficial do 13\u00ba do INSS \u2014 \u00e9 exclusivo para benef\u00edcios de natureza previdenci\u00e1ria. Confira os cinco grupos contemplados:<\/p>\n<ul>\n<li>Aposentados (por idade, tempo de contribui\u00e7\u00e3o, invalidez ou especial).<\/li>\n<li>Pensionistas por morte.<\/li>\n<li>Benefici\u00e1rios de aux\u00edlio por incapacidade tempor\u00e1ria (antigo aux\u00edlio-doen\u00e7a).<\/li>\n<li>Benefici\u00e1rios de aux\u00edlio-acidente.<\/li>\n<li>Benefici\u00e1rios de aux\u00edlio-reclus\u00e3o.<\/li>\n<\/ul>\n<p>Se voc\u00ea recebe o BPC (Benef\u00edcio de Presta\u00e7\u00e3o Continuada), n\u00e3o h\u00e1 direito ao abono anual. O BPC tem car\u00e1ter assistencial, n\u00e3o previdenci\u00e1rio, e por isso fica fora das regras do 13\u00ba.<\/p>\n<h2>Como funciona o pagamento em 2026?<\/h2>\n<figure id=\"attachment_149402\" aria-describedby=\"caption-attachment-149402\" style=\"width: 1200px\" class=\"wp-caption aligncenter\"><img decoding=\"async\" class=\"wp-image-149402 size-full\" src=\"https:\/\/www.pensarcursos.com.br\/blog\/wp-content\/uploads\/2026\/03\/regras-13-salario-inss-1.webp\" alt=\"Aposentada comemora o recebimento do 13\u00ba sal\u00e1rio do INSS ap\u00f3s sacar dentro do prazo de 60 dias\" width=\"1200\" height=\"800\" srcset=\"https:\/\/www.pensarcursos.com.br\/blog\/wp-content\/uploads\/2026\/03\/regras-13-salario-inss-1.webp 1200w, https:\/\/www.pensarcursos.com.br\/blog\/wp-content\/uploads\/2026\/03\/regras-13-salario-inss-1-300x200.webp 300w, https:\/\/www.pensarcursos.com.br\/blog\/wp-content\/uploads\/2026\/03\/regras-13-salario-inss-1-1024x683.webp 1024w, https:\/\/www.pensarcursos.com.br\/blog\/wp-content\/uploads\/2026\/03\/regras-13-salario-inss-1-768x512.webp 768w, https:\/\/www.pensarcursos.com.br\/blog\/wp-content\/uploads\/2026\/03\/regras-13-salario-inss-1-750x500.webp 750w, https:\/\/www.pensarcursos.com.br\/blog\/wp-content\/uploads\/2026\/03\/regras-13-salario-inss-1-1140x760.webp 1140w\" sizes=\"(max-width: 1200px) 100vw, 1200px\" \/><figcaption id=\"caption-attachment-149402\" class=\"wp-caption-text\">Entenda as regras do 13\u00ba sal\u00e1rio do INSS e descubra como sacar o benef\u00edcio dentro do prazo em 2026! Imagem: Blog Pensar Cursos<\/figcaption><\/figure>\n<p>A expectativa \u00e9 que o governo repita a <a href=\"https:\/\/www.pensarcursos.com.br\/blog\/governo-vai-antecipar-o-13o-do-inss-em-2026-veja-meses-previstos-e-como-ficam-as-parcelas\/\" target=\"_blank\" rel=\"noopener\">antecipa\u00e7\u00e3o do pagamento<\/a> para o primeiro semestre, como aconteceu nos \u00faltimos anos. O dep\u00f3sito deve ser feito em duas parcelas:<\/p>\n<ul>\n<li><strong>1\u00aa parcela:<\/strong> 50% do valor bruto, sem descontos, prevista para abril<\/li>\n<li><strong>2\u00aa parcela:<\/strong> 50% restantes, com poss\u00edvel desconto de Imposto de Renda, prevista para maio<\/li>\n<\/ul>\n<p>Para isso se confirmar, ainda depende da publica\u00e7\u00e3o de um decreto presidencial. A expectativa \u00e9 que o documento saia at\u00e9 o in\u00edcio de abril. At\u00e9 l\u00e1, as datas seguem como previs\u00e3o \u2014 n\u00e3o como confirma\u00e7\u00e3o oficial.<\/p>\n<h2>Qual \u00e9 o prazo final para sacar a primeira parcela?<\/h2>\n<p>Aqui est\u00e1 a informa\u00e7\u00e3o que a maioria das pessoas n\u00e3o sabe \u2014 e que pode custar caro.<\/p>\n<p><strong>As regras do Instituto Nacional do Seguro Social determinam que o benefici\u00e1rio tem at\u00e9 60 dias<\/strong>, ou seja, <strong>dois meses<\/strong>, a partir da data de dep\u00f3sito para realizar o saque. Na pr\u00e1tica, se a primeira parcela cair em abril, voc\u00ea ter\u00e1 at\u00e9 o final de junho para movimentar o valor.<\/p>\n<p>Parece tempo suficiente. Mas muita gente esquece, viaja, fica doente ou simplesmente n\u00e3o acompanha o extrato \u2014 e o prazo passa.<\/p>\n<h2>O que acontece se voc\u00ea n\u00e3o sacar dentro do prazo?<\/h2>\n<p>Segundo o INSS, caso os valores n\u00e3o sejam retirados em at\u00e9 60 dias ap\u00f3s a data prevista para o pagamento, os cr\u00e9ditos s\u00e3o devolvidos pelo banco ao INSS automaticamente.<\/p>\n<p>Essa devolu\u00e7\u00e3o n\u00e3o \u00e9 um erro \u2014 \u00e9 uma medida de seguran\u00e7a adotada para evitar pagamentos indevidos e tentativas de fraude, como o saque do benef\u00edcio de um segurado j\u00e1 falecido. De acordo com a norma vigente, a institui\u00e7\u00e3o banc\u00e1ria devolve o valor ao INSS, que suspende o pagamento at\u00e9 que o benefici\u00e1rio regularize sua situa\u00e7\u00e3o.<\/p>\n<p>Ou seja: se o prazo expirar, o dinheiro some do extrato, o banco n\u00e3o mant\u00e9m mais o valor e voc\u00ea precisar\u00e1 acionar o Instituto Nacional do Seguro Social para reaver o que \u00e9 seu.<\/p>\n<h2>Como acompanhar o pagamento e n\u00e3o perder o prazo?<\/h2>\n<p>A boa not\u00edcia \u00e9 que voc\u00ea n\u00e3o precisa sair de casa para acompanhar tudo. O Instituto Nacional do Seguro Social oferece tr\u00eas canais oficiais:<\/p>\n<ol>\n<li><a href=\"https:\/\/play.google.com\/store\/apps\/details?id=br.gov.dataprev.meuinss&amp;pcampaignid=web_share\" target=\"_blank\" rel=\"noopener\">Aplicativo Meu INSS<\/a> \u2014 permite consultar extrato, saldo, hist\u00f3rico de pagamentos, valor de cada parcela, datas previstas de dep\u00f3sito e poss\u00edveis pend\u00eancias no cadastro.<\/li>\n<li><a href=\"https:\/\/meu.inss.gov.br\/\" target=\"_blank\" rel=\"noopener\">Portal Meu INSS<\/a> \u2014 oferece as mesmas funcionalidades do aplicativo pelo navegador, possibilitando acessar extratos, verificar pagamentos e checar se h\u00e1 pend\u00eancias ou dados desatualizados.<\/li>\n<li>Central 135 \u2014 atendimento telef\u00f4nico de segunda a s\u00e1bado, das 7h \u00e0s 22h, para tirar d\u00favidas, receber orienta\u00e7\u00f5es e confirmar informa\u00e7\u00f5es sobre os pagamentos.<\/li>\n<\/ol>\n<p>Mantenha seu cadastro sempre atualizado. Qualquer inconsist\u00eancia pode atrasar o cr\u00e9dito, gerar pend\u00eancias e at\u00e9 bloquear temporariamente o recebimento do benef\u00edcio.<\/p>\n<h2>Continue por dentro dos seus direitos<\/h2>\n<p>No <a href=\"https:\/\/www.pensarcursos.com.br\/blog\/\" target=\"_blank\" rel=\"noopener\">Blog Pensar Cursos<\/a>, voc\u00ea encontra informa\u00e7\u00f5es diretas sobre benef\u00edcios, previd\u00eancia e assuntos que impactam o seu bolso \u2014 explicadas de forma clara e objetiva.<\/p>\n<p>Quando a antecipa\u00e7\u00e3o do 13\u00ba sal\u00e1rio for confirmada, o portal divulgar\u00e1 as datas e detalhes em primeira m\u00e3o, garantindo acesso imediato \u00e0s informa\u00e7\u00f5es oficiais. Continue explorando o site e saiba tudo o que voc\u00ea tem direito.<\/p>\n<p>Para conferir mais detalhes sobre o calend\u00e1rio de pagamentos e a antecipa\u00e7\u00e3o do 13\u00ba do INSS, assista ao v\u00eddeo abaixo:<\/p>\n<div class=\"jeg_video_container jeg_video_content\"><iframe title=\"Quando cai a primeira parcela do 13\u00ba do INSS em 2026? Datas e valores revelados\" width=\"500\" height=\"281\" src=\"https:\/\/www.youtube.com\/embed\/SN08VLgwClo?feature=oembed\" frameborder=\"0\" allow=\"accelerometer; autoplay; clipboard-write; encrypted-media; gyroscope; picture-in-picture; web-share\" referrerpolicy=\"strict-origin-when-cross-origin\" allowfullscreen><\/iframe><\/div>\n","protected":false},"excerpt":{"rendered":"<p>Voc\u00ea sabia que o dinheiro do 13\u00ba do INSS pode ser devolvido se voc\u00ea n\u00e3o sacar a tempo? Veja o prazo e n\u00e3o perca nenhum centavo. O 13\u00ba do INSS est\u00e1 chegando \u2014 e com ele vem uma regra que muita gente desconhece e acaba pagando caro por isso. Existe um prazo limite para sacar [&hellip;]<\/p>\n","protected":false},"author":60,"featured_media":149401,"comment_status":"open","ping_status":"closed","sticky":false,"template":"","format":"standard","meta":{"jnews-multi-image_gallery":[],"jnews_single_post":{"format":"standard","override":[{"template":"1","parallax":"1","fullscreen":"1","layout":"right-sidebar","sidebar":"default-sidebar","second_sidebar":"default-sidebar","sticky_sidebar":"1","share_position":"topbottom","share_float_style":"share-monocrhome","show_featured":"1","show_post_meta":"1","show_post_author":"1","show_post_author_image":"1","show_post_date":"1","post_date_format":"default","post_date_format_custom":"Y\/m\/d","show_post_category":"1","post_reading_time_wpm":"300","post_calculate_word_method":"str_word_count","show_zoom_button":"0","zoom_button_out_step":"2","zoom_button_in_step":"3","show_post_tag":"1","show_prev_next_post":"1","show_popup_post":"1","show_comment_section":"1","number_popup_post":"2","show_author_box":"1","show_post_related":"1","show_inline_post_related":"1"}],"image_override":[{"single_post_thumbnail_size":"crop-500","single_post_gallery_size":"crop-500"}],"trending_post_position":"meta","trending_post_label":"Trending","sponsored_post_label":"Sponsored by","disable_ad":"0","subtitle":"Seu 13\u00ba pode ser devolvido ao INSS sem voc\u00ea perceber. Saiba o prazo exato e como se proteger"},"jnews_primary_category":[],"jnews_social_meta":[],"jnews_override_counter":{"view_counter_number":"0","share_counter_number":"0","like_counter_number":"0","dislike_counter_number":"0"},"footnotes":""},"categories":[1691],"tags":[2787,39453,27135,39454],"class_list":["post-149393","post","type-post","status-publish","format-standard","has-post-thumbnail","hentry","category-direitos-do-trabalhador","tag-13-salario-inss","tag-consulta-13o-inss-salario-2026","tag-pagamento-13-salario-inss","tag-prazo-13-salario-2026"],"yoast_head":"<!-- This site is optimized with the Yoast SEO Premium plugin v27.4 (Yoast SEO v27.4) - https:\/\/yoast.com\/product\/yoast-seo-premium-wordpress\/ -->\n<title>Qual o prazo final para sacar a primeira parcela do 13\u00ba sal\u00e1rio do INSS? (regras de 2026) - Blog Pensar Cursos<\/title>\n<meta name=\"description\" content=\"Descubra qual \u00e9 o prazo para sacar a primeira parcela do 13\u00ba sal\u00e1rio do INSS em 2026 e saiba como garantir o pagamento. Veja como funciona!\" \/>\n<meta name=\"robots\" content=\"index, follow, max-snippet:-1, max-image-preview:large, max-video-preview:-1\" \/>\n<link rel=\"canonical\" href=\"https:\/\/www.pensarcursos.com.br\/blog\/qual-o-prazo-final-para-sacar-a-primeira-parcela-do-13o-salario-do-inss-regras-de-2026\/\" \/>\n<meta property=\"og:locale\" content=\"pt_BR\" \/>\n<meta property=\"og:type\" content=\"article\" \/>\n<meta property=\"og:title\" content=\"Qual o prazo final para sacar a primeira parcela do 13\u00ba sal\u00e1rio do INSS? (regras de 2026)\" \/>\n<meta property=\"og:description\" content=\"Descubra qual \u00e9 o prazo para sacar a primeira parcela do 13\u00ba sal\u00e1rio do INSS em 2026 e saiba como garantir o pagamento. Veja como funciona!\" \/>\n<meta property=\"og:url\" content=\"https:\/\/www.pensarcursos.com.br\/blog\/qual-o-prazo-final-para-sacar-a-primeira-parcela-do-13o-salario-do-inss-regras-de-2026\/\" \/>\n<meta property=\"og:site_name\" content=\"Blog Pensar Cursos\" \/>\n<meta property=\"article:publisher\" content=\"https:\/\/www.facebook.com\/pensarcursos\/\" \/>\n<meta property=\"article:published_time\" content=\"2026-03-11T16:29:41+00:00\" \/>\n<meta property=\"og:image\" content=\"https:\/\/www.pensarcursos.com.br\/blog\/wp-content\/uploads\/2026\/03\/pagamento-13-salario-inss-2.webp\" \/>\n\t<meta property=\"og:image:width\" content=\"1200\" \/>\n\t<meta property=\"og:image:height\" content=\"800\" \/>\n\t<meta property=\"og:image:type\" content=\"image\/webp\" \/>\n<meta name=\"author\" content=\"Luiza Pereira\" \/>\n<meta name=\"twitter:card\" content=\"summary_large_image\" \/>\n<meta name=\"twitter:label1\" content=\"Escrito por\" \/>\n\t<meta name=\"twitter:data1\" content=\"Luiza Pereira\" \/>\n\t<meta name=\"twitter:label2\" content=\"Est. tempo de leitura\" \/>\n\t<meta name=\"twitter:data2\" content=\"6 minutos\" \/>\n<!-- \/ Yoast SEO Premium plugin. -->","yoast_head_json":{"title":"Qual o prazo final para sacar a primeira parcela do 13\u00ba sal\u00e1rio do INSS? (regras de 2026) - Blog Pensar Cursos","description":"Descubra qual \u00e9 o prazo para sacar a primeira parcela do 13\u00ba sal\u00e1rio do INSS em 2026 e saiba como garantir o pagamento. Veja como funciona!","robots":{"index":"index","follow":"follow","max-snippet":"max-snippet:-1","max-image-preview":"max-image-preview:large","max-video-preview":"max-video-preview:-1"},"canonical":"https:\/\/www.pensarcursos.com.br\/blog\/qual-o-prazo-final-para-sacar-a-primeira-parcela-do-13o-salario-do-inss-regras-de-2026\/","og_locale":"pt_BR","og_type":"article","og_title":"Qual o prazo final para sacar a primeira parcela do 13\u00ba sal\u00e1rio do INSS? (regras de 2026)","og_description":"Descubra qual \u00e9 o prazo para sacar a primeira parcela do 13\u00ba sal\u00e1rio do INSS em 2026 e saiba como garantir o pagamento. Veja como funciona!","og_url":"https:\/\/www.pensarcursos.com.br\/blog\/qual-o-prazo-final-para-sacar-a-primeira-parcela-do-13o-salario-do-inss-regras-de-2026\/","og_site_name":"Blog Pensar Cursos","article_publisher":"https:\/\/www.facebook.com\/pensarcursos\/","article_published_time":"2026-03-11T16:29:41+00:00","og_image":[{"width":1200,"height":800,"url":"https:\/\/www.pensarcursos.com.br\/blog\/wp-content\/uploads\/2026\/03\/pagamento-13-salario-inss-2.webp","type":"image\/webp"}],"author":"Luiza Pereira","twitter_card":"summary_large_image","twitter_misc":{"Escrito por":"Luiza Pereira","Est. tempo de leitura":"6 minutos"},"schema":{"@context":"https:\/\/schema.org","@graph":[{"@type":["Article","BlogPosting"],"@id":"https:\/\/www.pensarcursos.com.br\/blog\/qual-o-prazo-final-para-sacar-a-primeira-parcela-do-13o-salario-do-inss-regras-de-2026\/#article","isPartOf":{"@id":"https:\/\/www.pensarcursos.com.br\/blog\/qual-o-prazo-final-para-sacar-a-primeira-parcela-do-13o-salario-do-inss-regras-de-2026\/"},"author":{"name":"Luiza Pereira","@id":"https:\/\/www.pensarcursos.com.br\/blog\/#\/schema\/person\/b94ff84c7271a3cb9a5ce19e07b0ed5f"},"headline":"Qual o prazo final para sacar a primeira parcela do 13\u00ba sal\u00e1rio do INSS? (regras de 2026)","datePublished":"2026-03-11T16:29:41+00:00","mainEntityOfPage":{"@id":"https:\/\/www.pensarcursos.com.br\/blog\/qual-o-prazo-final-para-sacar-a-primeira-parcela-do-13o-salario-do-inss-regras-de-2026\/"},"wordCount":989,"commentCount":0,"publisher":{"@id":"https:\/\/www.pensarcursos.com.br\/blog\/#organization"},"image":{"@id":"https:\/\/www.pensarcursos.com.br\/blog\/qual-o-prazo-final-para-sacar-a-primeira-parcela-do-13o-salario-do-inss-regras-de-2026\/#primaryimage"},"thumbnailUrl":"https:\/\/www.pensarcursos.com.br\/blog\/wp-content\/uploads\/2026\/03\/pagamento-13-salario-inss-2.webp","keywords":["13 sal\u00e1rio inss","consulta 13\u00ba inss sal\u00e1rio 2026","pagamento 13 sal\u00e1rio inss","prazo 13\u00b0 sal\u00e1rio 2026"],"articleSection":["Direitos do Trabalhador"],"inLanguage":"pt-BR","potentialAction":[{"@type":"CommentAction","name":"Comment","target":["https:\/\/www.pensarcursos.com.br\/blog\/qual-o-prazo-final-para-sacar-a-primeira-parcela-do-13o-salario-do-inss-regras-de-2026\/#respond"]}],"copyrightYear":"2026","copyrightHolder":{"@id":"https:\/\/www.pensarcursos.com.br\/blog\/#organization"}},{"@type":"WebPage","@id":"https:\/\/www.pensarcursos.com.br\/blog\/qual-o-prazo-final-para-sacar-a-primeira-parcela-do-13o-salario-do-inss-regras-de-2026\/","url":"https:\/\/www.pensarcursos.com.br\/blog\/qual-o-prazo-final-para-sacar-a-primeira-parcela-do-13o-salario-do-inss-regras-de-2026\/","name":"Qual o prazo final para sacar a primeira parcela do 13\u00ba sal\u00e1rio do INSS? (regras de 2026) - Blog Pensar Cursos","isPartOf":{"@id":"https:\/\/www.pensarcursos.com.br\/blog\/#website"},"primaryImageOfPage":{"@id":"https:\/\/www.pensarcursos.com.br\/blog\/qual-o-prazo-final-para-sacar-a-primeira-parcela-do-13o-salario-do-inss-regras-de-2026\/#primaryimage"},"image":{"@id":"https:\/\/www.pensarcursos.com.br\/blog\/qual-o-prazo-final-para-sacar-a-primeira-parcela-do-13o-salario-do-inss-regras-de-2026\/#primaryimage"},"thumbnailUrl":"https:\/\/www.pensarcursos.com.br\/blog\/wp-content\/uploads\/2026\/03\/pagamento-13-salario-inss-2.webp","datePublished":"2026-03-11T16:29:41+00:00","description":"Descubra qual \u00e9 o prazo para sacar a primeira parcela do 13\u00ba sal\u00e1rio do INSS em 2026 e saiba como garantir o pagamento. Veja como funciona!","breadcrumb":{"@id":"https:\/\/www.pensarcursos.com.br\/blog\/qual-o-prazo-final-para-sacar-a-primeira-parcela-do-13o-salario-do-inss-regras-de-2026\/#breadcrumb"},"inLanguage":"pt-BR","potentialAction":[{"@type":"ReadAction","target":["https:\/\/www.pensarcursos.com.br\/blog\/qual-o-prazo-final-para-sacar-a-primeira-parcela-do-13o-salario-do-inss-regras-de-2026\/"]}]},{"@type":"ImageObject","inLanguage":"pt-BR","@id":"https:\/\/www.pensarcursos.com.br\/blog\/qual-o-prazo-final-para-sacar-a-primeira-parcela-do-13o-salario-do-inss-regras-de-2026\/#primaryimage","url":"https:\/\/www.pensarcursos.com.br\/blog\/wp-content\/uploads\/2026\/03\/pagamento-13-salario-inss-2.webp","contentUrl":"https:\/\/www.pensarcursos.com.br\/blog\/wp-content\/uploads\/2026\/03\/pagamento-13-salario-inss-2.webp","width":1200,"height":800,"caption":"13\u00ba do INSS pode ser antecipado em 2026, mas o prazo para saque \u00e9 curto! Imagem: Blog Pensar Cursos"},{"@type":"BreadcrumbList","@id":"https:\/\/www.pensarcursos.com.br\/blog\/qual-o-prazo-final-para-sacar-a-primeira-parcela-do-13o-salario-do-inss-regras-de-2026\/#breadcrumb","itemListElement":[{"@type":"ListItem","position":1,"name":"Home","item":"https:\/\/www.pensarcursos.com.br\/blog\/"},{"@type":"ListItem","position":2,"name":"Qual o prazo final para sacar a primeira parcela do 13\u00ba sal\u00e1rio do INSS? (regras de 2026)"}]},{"@type":"WebSite","@id":"https:\/\/www.pensarcursos.com.br\/blog\/#website","url":"https:\/\/www.pensarcursos.com.br\/blog\/","name":"Blog Pensar Cursos","description":"Maior Site de Cursos do Brasil","publisher":{"@id":"https:\/\/www.pensarcursos.com.br\/blog\/#organization"},"alternateName":"Blog Pensar","potentialAction":[{"@type":"SearchAction","target":{"@type":"EntryPoint","urlTemplate":"https:\/\/www.pensarcursos.com.br\/blog\/?s={search_term_string}"},"query-input":{"@type":"PropertyValueSpecification","valueRequired":true,"valueName":"search_term_string"}}],"inLanguage":"pt-BR"},{"@type":"Organization","@id":"https:\/\/www.pensarcursos.com.br\/blog\/#organization","name":"Pensar Cursos","alternateName":"Blog pensar","url":"https:\/\/www.pensarcursos.com.br\/blog\/","logo":{"@type":"ImageObject","inLanguage":"pt-BR","@id":"https:\/\/www.pensarcursos.com.br\/blog\/#\/schema\/logo\/image\/","url":"https:\/\/www.pensarcursos.com.br\/blog\/wp-content\/uploads\/2023\/11\/Nova-Logo-Pensar-Cursos-vertical.png","contentUrl":"https:\/\/www.pensarcursos.com.br\/blog\/wp-content\/uploads\/2023\/11\/Nova-Logo-Pensar-Cursos-vertical.png","width":1393,"height":1001,"caption":"Pensar Cursos"},"image":{"@id":"https:\/\/www.pensarcursos.com.br\/blog\/#\/schema\/logo\/image\/"},"sameAs":["https:\/\/www.facebook.com\/pensarcursos\/","https:\/\/instagram.com.br\/pensarcursos"],"description":"Pensar Cursos \u00e9 uma empresa especializada em oferecer cursos de alta qualidade voltados para o desenvolvimento profissional e acad\u00eamico. Com uma ampla gama de op\u00e7\u00f5es de treinamento, oferecemos conte\u00fados atualizados, ministrados por especialistas da \u00e1rea, para capacitar indiv\u00edduos e equipes a atingirem seus objetivos. Nossa miss\u00e3o \u00e9 proporcionar uma educa\u00e7\u00e3o transformadora, acess\u00edvel e personalizada para cada aluno, seja em cursos presenciais ou online. Com uma abordagem inovadora, buscamos adaptar os nossos programas de ensino \u00e0s necessidades do mercado, criando solu\u00e7\u00f5es que atendem aos desafios e exig\u00eancias do mundo corporativo e acad\u00eamico. Nossos cursos incluem desde forma\u00e7\u00f5es t\u00e9cnicas at\u00e9 habilidades essenciais, como lideran\u00e7a, gest\u00e3o e desenvolvimento pessoal.","email":"contato@pensarcursos.com.br","legalName":"Sena Servi\u00e7os de Informa\u00e7\u00e3o Online LTDA","foundingDate":"2013-04-18","vatID":"17956217000172","numberOfEmployees":{"@type":"QuantitativeValue","minValue":"11","maxValue":"50"},"publishingPrinciples":"https:\/\/www.pensarcursos.com.br\/blog\/principios-de-publicacao\/","ownershipFundingInfo":"https:\/\/www.pensarcursos.com.br\/blog\/informacoes-de-propriedade-financiamento\/","actionableFeedbackPolicy":"https:\/\/www.pensarcursos.com.br\/blog\/politica-de-feedback-acionavel\/","correctionsPolicy":"https:\/\/www.pensarcursos.com.br\/blog\/politica-de-correcoes\/","ethicsPolicy":"https:\/\/www.pensarcursos.com.br\/blog\/politica-de-etica\/"},{"@type":"Person","@id":"https:\/\/www.pensarcursos.com.br\/blog\/#\/schema\/person\/b94ff84c7271a3cb9a5ce19e07b0ed5f","name":"Luiza Pereira","image":{"@type":"ImageObject","inLanguage":"pt-BR","@id":"https:\/\/secure.gravatar.com\/avatar\/51a9cea3f558699054e6c6d962a79771188542d9b4d73e9f96d8c0586bc5f11d?s=96&d=mm&r=g","url":"https:\/\/secure.gravatar.com\/avatar\/51a9cea3f558699054e6c6d962a79771188542d9b4d73e9f96d8c0586bc5f11d?s=96&d=mm&r=g","contentUrl":"https:\/\/secure.gravatar.com\/avatar\/51a9cea3f558699054e6c6d962a79771188542d9b4d73e9f96d8c0586bc5f11d?s=96&d=mm&r=g","caption":"Luiza Pereira"},"description":"Graduanda em Pedagogia pela Universidade Estadual do Sudoeste da Bahia (UESB). Redatora do grupo Sena Online.","sameAs":["https:\/\/www.instagram.com\/luizza_pereiraa?igsh=MmltMGh0bHUzbnR0"],"url":"https:\/\/www.pensarcursos.com.br\/blog\/author\/luiza\/"}]}},"_links":{"self":[{"href":"https:\/\/www.pensarcursos.com.br\/blog\/wp-json\/wp\/v2\/posts\/149393","targetHints":{"allow":["GET"]}}],"collection":[{"href":"https:\/\/www.pensarcursos.com.br\/blog\/wp-json\/wp\/v2\/posts"}],"about":[{"href":"https:\/\/www.pensarcursos.com.br\/blog\/wp-json\/wp\/v2\/types\/post"}],"author":[{"embeddable":true,"href":"https:\/\/www.pensarcursos.com.br\/blog\/wp-json\/wp\/v2\/users\/60"}],"replies":[{"embeddable":true,"href":"https:\/\/www.pensarcursos.com.br\/blog\/wp-json\/wp\/v2\/comments?post=149393"}],"version-history":[{"count":0,"href":"https:\/\/www.pensarcursos.com.br\/blog\/wp-json\/wp\/v2\/posts\/149393\/revisions"}],"wp:featuredmedia":[{"embeddable":true,"href":"https:\/\/www.pensarcursos.com.br\/blog\/wp-json\/wp\/v2\/media\/149401"}],"wp:attachment":[{"href":"https:\/\/www.pensarcursos.com.br\/blog\/wp-json\/wp\/v2\/media?parent=149393"}],"wp:term":[{"taxonomy":"category","embeddable":true,"href":"https:\/\/www.pensarcursos.com.br\/blog\/wp-json\/wp\/v2\/categories?post=149393"},{"taxonomy":"post_tag","embeddable":true,"href":"https:\/\/www.pensarcursos.com.br\/blog\/wp-json\/wp\/v2\/tags?post=149393"}],"curies":[{"name":"wp","href":"https:\/\/api.w.org\/{rel}","templated":true}]}}