{"id":149274,"date":"2026-03-10T00:00:10","date_gmt":"2026-03-10T03:00:10","guid":{"rendered":"https:\/\/www.pensarcursos.com.br\/blog\/?p=149274"},"modified":"2026-03-10T15:31:51","modified_gmt":"2026-03-10T18:31:51","slug":"paradoxo-salarial-por-que-mulheres-so-lideram-em-renda-onde-sao-excecao","status":"publish","type":"post","link":"https:\/\/www.pensarcursos.com.br\/blog\/paradoxo-salarial-por-que-mulheres-so-lideram-em-renda-onde-sao-excecao\/","title":{"rendered":"Paradoxo salarial: por que mulheres s\u00f3 lideram em renda onde s\u00e3o exce\u00e7\u00e3o?"},"content":{"rendered":"<p>Voc\u00ea sabia que, no Brasil, ser a maioria em uma profiss\u00e3o pode significar ganhar menos? <strong>Em \u00e1reas dominadas por mulheres, como Sa\u00fade e Educa\u00e7\u00e3o, elas chegam a receber 39% menos que seus colegas homens.<\/strong> Entender por que o &#8216;teto de vidro&#8217; persiste mesmo onde somos maioria \u00e9 o primeiro passo para romper o ciclo e conquistar o sal\u00e1rio que sua dedica\u00e7\u00e3o realmente merece.<\/p>\n<h2>A presen\u00e7a feminina maior n\u00e3o significa renda maior<\/h2>\n<p>Segundo a<a href=\"https:\/\/portalibre.fgv.br\/\" target=\"_blank\" rel=\"noopener\"> Funda\u00e7\u00e3o Getulio Vargas (FGV IBRE)<\/a>, em 2025, <a href=\"https:\/\/www.pensarcursos.com.br\/blog\/apenas-2-em-cada-10-profissionais-do-futuro-no-brasil-sao-mulheres-revela-pesquisa\/\" target=\"_blank\" rel=\"noopener\">mulheres<\/a> compunham <strong>74% dos trabalhadores em Educa\u00e7\u00e3o, Sa\u00fade e Servi\u00e7os Sociais.<\/strong> Ainda assim, <strong>ocupam majoritariamente cargos de menor prest\u00edgio e remunera\u00e7\u00e3o.<\/strong> Isso pode ser percebido, por exemplo, no ensino: enquanto a maioria das professoras atua no ensino infantil \u2014 que paga menos \u2014 os homens concentram-se em cargos de ensino superior, com sal\u00e1rios mais altos.<\/p>\n<p>Na \u00e1rea da sa\u00fade, a l\u00f3gica tamb\u00e9m se mant\u00e9m. Homens tendem a ser m\u00e9dicos \u2014 remunerados acima da m\u00e9dia \u2014 enquanto mulheres s\u00e3o maioria entre as enfermeiras, que recebem menos pela fun\u00e7\u00e3o, mesmo quando t\u00eam forma\u00e7\u00e3o semelhante.<\/p>\n<p>Al\u00e9m disso, o impacto da dupla jornada \u2014 <a href=\"https:\/\/www.pensarcursos.com.br\/blog\/denunciar-assedio-no-trabalho-quais-provas-voce-precisa-ter-em-maos\/\" target=\"_blank\" rel=\"noopener\">trabalho<\/a> formal e obriga\u00e7\u00f5es dom\u00e9sticas \u2014 limita o tempo dispon\u00edvel para qualifica\u00e7\u00e3o e ascens\u00e3o na carreira, o que perpetua a diferen\u00e7a salarial mesmo diante da maior participa\u00e7\u00e3o feminina.<\/p>\n<h2>Quando a exce\u00e7\u00e3o vira vantagem: reflexo estrutural<\/h2>\n<p>A \u00fanica categoria em que a renda das mulheres supera a dos homens \u00e9 <strong>constru\u00e7\u00e3o<\/strong>, <strong>mas elas representam apenas 4% entre os profissionais desse setor<\/strong>. Mesmo recebendo cerca de 50% a mais que os homens, o dado revela outro aspecto da desigualdade: sua presen\u00e7a ainda \u00e9 marginal, limitada a fun\u00e7\u00f5es de destaque at\u00edpicas para o segmento.<\/p>\n<p>Segundo a pesquisadora Isabela Duarte Kelly, <strong>as poucas mulheres que conseguem romper a barreira e ingressar na constru\u00e7\u00e3o civil acabam ocupando cargos diferenciados, o que distorce a m\u00e9dia salarial, mas n\u00e3o representa avan\u00e7o coletivo.<\/strong> O problema central permanece: a paridade s\u00f3 aparece quando elas ainda s\u00e3o exce\u00e7\u00e3o.<\/p>\n<figure id=\"attachment_149278\" aria-describedby=\"caption-attachment-149278\" style=\"width: 1000px\" class=\"wp-caption aligncenter\"><img decoding=\"async\" class=\"wp-image-149278 size-full\" src=\"https:\/\/www.pensarcursos.com.br\/blog\/wp-content\/uploads\/2026\/03\/mulher-na-construcao-civil.jpg\" alt=\"Mulher jovem com capacete laranja e colete de seguran\u00e7a reflexivo, de bra\u00e7os cruzados, em frente a um pr\u00e9dio em constru\u00e7\u00e3o sob um c\u00e9u claro.\" width=\"1000\" height=\"667\" srcset=\"https:\/\/www.pensarcursos.com.br\/blog\/wp-content\/uploads\/2026\/03\/mulher-na-construcao-civil.jpg 1000w, https:\/\/www.pensarcursos.com.br\/blog\/wp-content\/uploads\/2026\/03\/mulher-na-construcao-civil-300x200.jpg 300w, https:\/\/www.pensarcursos.com.br\/blog\/wp-content\/uploads\/2026\/03\/mulher-na-construcao-civil-768x512.jpg 768w, https:\/\/www.pensarcursos.com.br\/blog\/wp-content\/uploads\/2026\/03\/mulher-na-construcao-civil-750x500.jpg 750w\" sizes=\"(max-width: 1000px) 100vw, 1000px\" \/><figcaption id=\"caption-attachment-149278\" class=\"wp-caption-text\">Embora representem apenas 4% do setor, mulheres na constru\u00e7\u00e3o civil chegam a receber 50% mais que os homens em cargos espec\u00edficos. Imagem: Freepik<\/figcaption><\/figure>\n<h2>Diferen\u00e7a salarial aumenta com o tempo<\/h2>\n<p>O estudo da FGV IBRE identificou que, no in\u00edcio da carreira, homens e mulheres recebem sal\u00e1rios semelhantes. No entanto, esse equil\u00edbrio se desfaz com os anos.<strong> As mulheres acabam sendo preteridas em promo\u00e7\u00f5es, muitas param a<a href=\"https:\/\/www.pensarcursos.com.br\/blog\/quais-sao-as-carreiras-mais-desejadas-nos-concursos-censo-revela-o-ranking-e-os-motivos\/\" target=\"_blank\" rel=\"noopener\"> carreira<\/a> devido \u00e0 maternidade ou atribui\u00e7\u00f5es dom\u00e9sticas.<\/strong> Isso reduz suas chances de ascens\u00e3o em compara\u00e7\u00e3o aos colegas homens. Em 2025, a diferen\u00e7a m\u00e9dia atingiu 21%, chegando a 40% quando se compara homens brancos a mulheres negras.<\/p>\n<h2>Como reverter esse cen\u00e1rio na sua carreira?<\/h2>\n<ul>\n<li><strong>Negocie seu sal\u00e1rio:<\/strong> Esteja preparada e busque informa\u00e7\u00f5es sobre o piso salarial da \u00e1rea. Use dados concretos para argumentar em promo\u00e7\u00f5es ou novas vagas.<\/li>\n<li><strong>Invista em qualifica\u00e7\u00e3o:<\/strong> Cursos, especializa\u00e7\u00f5es e networking aumentam seu valor no mercado e podem abrir portas para cargos de melhor remunera\u00e7\u00e3o.<\/li>\n<li><strong>Compartilhe tarefas dom\u00e9sticas:<\/strong> Busque dividir responsabilidades familiares, a fim de liberar tempo para crescimento profissional.<\/li>\n<li><strong>Procure setores em expans\u00e3o:<\/strong> \u00c1reas onde a presen\u00e7a feminina \u00e9 menor podem valorizar sua forma\u00e7\u00e3o e experi\u00eancia, mas estude a cultura da empresa antes de aceitar desafios.<\/li>\n<li><strong>Lute por igualdade de g\u00eanero na sua empresa:<\/strong> Participe ou incentive comit\u00eas, iniciativas e pol\u00edticas de equidade. Resultados s\u00e3o mais consistentes quando h\u00e1 apoio institucional.<\/li>\n<\/ul>\n<p>Compreender as ra\u00edzes da desigualdade salarial \u00e9 o primeiro passo para transformar essa realidade estrutural em uma trajet\u00f3ria de valoriza\u00e7\u00e3o pessoal. Ao investir em si mesma e ocupar espa\u00e7os de decis\u00e3o, voc\u00ea n\u00e3o apenas melhora sua pr\u00f3pria renda, mas contribui para que as pr\u00f3ximas gera\u00e7\u00f5es encontrem um mercado mais equilibrado.<\/p>\n<p>Para continuar se informando sobre carreira, direitos trabalhistas e desenvolvimento profissional, acompanhe os conte\u00fados do <b><a href=\"https:\/\/www.pensarcursos.com.br\/blog\/\" target=\"_blank\" rel=\"noopener\">Blog Pensar Cursos<\/a><\/b>.<\/p>\n","protected":false},"excerpt":{"rendered":"<p>Voc\u00ea sabia que, no Brasil, ser a maioria em uma profiss\u00e3o pode significar ganhar menos? Em \u00e1reas dominadas por mulheres, como Sa\u00fade e Educa\u00e7\u00e3o, elas chegam a receber 39% menos que seus colegas homens. Entender por que o &#8216;teto de vidro&#8217; persiste mesmo onde somos maioria \u00e9 o primeiro passo para romper o ciclo e [&hellip;]<\/p>\n","protected":false},"author":48,"featured_media":149279,"comment_status":"open","ping_status":"closed","sticky":false,"template":"","format":"standard","meta":{"jnews-multi-image_gallery":[],"jnews_single_post":{"format":"standard","override":[{"template":"1","parallax":"1","fullscreen":"1","layout":"right-sidebar","sidebar":"default-sidebar","second_sidebar":"default-sidebar","sticky_sidebar":"1","share_position":"topbottom","share_float_style":"share-monocrhome","show_featured":"1","show_post_meta":"1","show_post_author":"1","show_post_author_image":"1","show_post_date":"1","post_date_format":"default","post_date_format_custom":"Y\/m\/d","show_post_category":"1","post_reading_time_wpm":"300","post_calculate_word_method":"str_word_count","show_zoom_button":"0","zoom_button_out_step":"2","zoom_button_in_step":"3","show_post_tag":"1","show_prev_next_post":"1","show_popup_post":"1","show_comment_section":"1","number_popup_post":"2","show_author_box":"1","show_post_related":"1","show_inline_post_related":"1"}],"image_override":[{"single_post_thumbnail_size":"crop-500","single_post_gallery_size":"crop-500"}],"trending_post_position":"meta","trending_post_label":"Trending","sponsored_post_label":"Sponsored by","disable_ad":"0","subtitle":"Sal\u00e1rio de mulheres cresce apenas onde representam s\u00f3 4% dos profissionais; diferen\u00e7a chega a 39% negativo em setores femininos."},"jnews_primary_category":[],"jnews_social_meta":[],"jnews_override_counter":{"view_counter_number":"0","share_counter_number":"0","like_counter_number":"0","dislike_counter_number":"0"},"footnotes":""},"categories":[13725],"tags":[39432,26850,39433],"class_list":["post-149274","post","type-post","status-publish","format-standard","has-post-thumbnail","hentry","category-profissoes","tag-diferenca-salarial","tag-igualdade-de-genero","tag-mulheres-no-mercado-de-trabalho"],"yoast_head":"<!-- This site is optimized with the Yoast SEO Premium plugin v27.5 (Yoast SEO v27.5) - https:\/\/yoast.com\/product\/yoast-seo-premium-wordpress\/ -->\n<title>Paradoxo salarial: por que mulheres s\u00f3 lideram em renda onde s\u00e3o exce\u00e7\u00e3o? - Blog Pensar Cursos<\/title>\n<meta name=\"description\" content=\"Mulheres ganham mais apenas onde s\u00e3o minoria; em \u00e1reas femininas, a desigualdade salarial persiste. Entenda o estudo.\" \/>\n<meta name=\"robots\" content=\"index, follow, max-snippet:-1, max-image-preview:large, max-video-preview:-1\" \/>\n<link rel=\"canonical\" href=\"https:\/\/www.pensarcursos.com.br\/blog\/paradoxo-salarial-por-que-mulheres-so-lideram-em-renda-onde-sao-excecao\/\" \/>\n<meta property=\"og:locale\" content=\"pt_BR\" \/>\n<meta property=\"og:type\" content=\"article\" \/>\n<meta property=\"og:title\" content=\"Paradoxo salarial: por que mulheres s\u00f3 lideram em renda onde s\u00e3o exce\u00e7\u00e3o?\" \/>\n<meta property=\"og:description\" content=\"Mulheres ganham mais apenas onde s\u00e3o minoria; em \u00e1reas femininas, a desigualdade salarial persiste. Entenda o estudo.\" \/>\n<meta property=\"og:url\" content=\"https:\/\/www.pensarcursos.com.br\/blog\/paradoxo-salarial-por-que-mulheres-so-lideram-em-renda-onde-sao-excecao\/\" \/>\n<meta property=\"og:site_name\" content=\"Blog Pensar Cursos\" \/>\n<meta property=\"article:publisher\" content=\"https:\/\/www.facebook.com\/pensarcursos\/\" \/>\n<meta property=\"article:published_time\" content=\"2026-03-10T03:00:10+00:00\" \/>\n<meta property=\"article:modified_time\" content=\"2026-03-10T18:31:51+00:00\" \/>\n<meta property=\"og:image\" content=\"https:\/\/www.pensarcursos.com.br\/blog\/wp-content\/uploads\/2026\/03\/desigualdade-salarial.jpg\" \/>\n\t<meta property=\"og:image:width\" content=\"1200\" \/>\n\t<meta property=\"og:image:height\" content=\"800\" \/>\n\t<meta property=\"og:image:type\" content=\"image\/jpeg\" \/>\n<meta name=\"author\" content=\"Isabelli Ferreira\" \/>\n<meta name=\"twitter:card\" content=\"summary_large_image\" \/>\n<meta name=\"twitter:label1\" content=\"Escrito por\" \/>\n\t<meta name=\"twitter:data1\" content=\"Isabelli Ferreira\" \/>\n\t<meta name=\"twitter:label2\" content=\"Est. tempo de leitura\" \/>\n\t<meta name=\"twitter:data2\" content=\"4 minutos\" \/>\n<!-- \/ Yoast SEO Premium plugin. -->","yoast_head_json":{"title":"Paradoxo salarial: por que mulheres s\u00f3 lideram em renda onde s\u00e3o exce\u00e7\u00e3o? - Blog Pensar Cursos","description":"Mulheres ganham mais apenas onde s\u00e3o minoria; em \u00e1reas femininas, a desigualdade salarial persiste. Entenda o estudo.","robots":{"index":"index","follow":"follow","max-snippet":"max-snippet:-1","max-image-preview":"max-image-preview:large","max-video-preview":"max-video-preview:-1"},"canonical":"https:\/\/www.pensarcursos.com.br\/blog\/paradoxo-salarial-por-que-mulheres-so-lideram-em-renda-onde-sao-excecao\/","og_locale":"pt_BR","og_type":"article","og_title":"Paradoxo salarial: por que mulheres s\u00f3 lideram em renda onde s\u00e3o exce\u00e7\u00e3o?","og_description":"Mulheres ganham mais apenas onde s\u00e3o minoria; em \u00e1reas femininas, a desigualdade salarial persiste. Entenda o estudo.","og_url":"https:\/\/www.pensarcursos.com.br\/blog\/paradoxo-salarial-por-que-mulheres-so-lideram-em-renda-onde-sao-excecao\/","og_site_name":"Blog Pensar Cursos","article_publisher":"https:\/\/www.facebook.com\/pensarcursos\/","article_published_time":"2026-03-10T03:00:10+00:00","article_modified_time":"2026-03-10T18:31:51+00:00","og_image":[{"width":1200,"height":800,"url":"https:\/\/www.pensarcursos.com.br\/blog\/wp-content\/uploads\/2026\/03\/desigualdade-salarial.jpg","type":"image\/jpeg"}],"author":"Isabelli Ferreira","twitter_card":"summary_large_image","twitter_misc":{"Escrito por":"Isabelli Ferreira","Est. tempo de leitura":"4 minutos"},"schema":{"@context":"https:\/\/schema.org","@graph":[{"@type":["Article","BlogPosting"],"@id":"https:\/\/www.pensarcursos.com.br\/blog\/paradoxo-salarial-por-que-mulheres-so-lideram-em-renda-onde-sao-excecao\/#article","isPartOf":{"@id":"https:\/\/www.pensarcursos.com.br\/blog\/paradoxo-salarial-por-que-mulheres-so-lideram-em-renda-onde-sao-excecao\/"},"author":{"name":"Isabelli Ferreira","@id":"https:\/\/www.pensarcursos.com.br\/blog\/#\/schema\/person\/e387ba49ed4a778962271648452528c2"},"headline":"Paradoxo salarial: por que mulheres s\u00f3 lideram em renda onde s\u00e3o exce\u00e7\u00e3o?","datePublished":"2026-03-10T03:00:10+00:00","dateModified":"2026-03-10T18:31:51+00:00","mainEntityOfPage":{"@id":"https:\/\/www.pensarcursos.com.br\/blog\/paradoxo-salarial-por-que-mulheres-so-lideram-em-renda-onde-sao-excecao\/"},"wordCount":687,"commentCount":0,"publisher":{"@id":"https:\/\/www.pensarcursos.com.br\/blog\/#organization"},"image":{"@id":"https:\/\/www.pensarcursos.com.br\/blog\/paradoxo-salarial-por-que-mulheres-so-lideram-em-renda-onde-sao-excecao\/#primaryimage"},"thumbnailUrl":"https:\/\/www.pensarcursos.com.br\/blog\/wp-content\/uploads\/2026\/03\/desigualdade-salarial.jpg","keywords":["diferen\u00e7a salarial","igualdade de g\u00eanero","mulheres no mercado de trabalho"],"articleSection":["Profiss\u00f5es"],"inLanguage":"pt-BR","potentialAction":[{"@type":"CommentAction","name":"Comment","target":["https:\/\/www.pensarcursos.com.br\/blog\/paradoxo-salarial-por-que-mulheres-so-lideram-em-renda-onde-sao-excecao\/#respond"]}],"copyrightYear":"2026","copyrightHolder":{"@id":"https:\/\/www.pensarcursos.com.br\/blog\/#organization"}},{"@type":"WebPage","@id":"https:\/\/www.pensarcursos.com.br\/blog\/paradoxo-salarial-por-que-mulheres-so-lideram-em-renda-onde-sao-excecao\/","url":"https:\/\/www.pensarcursos.com.br\/blog\/paradoxo-salarial-por-que-mulheres-so-lideram-em-renda-onde-sao-excecao\/","name":"Paradoxo salarial: por que mulheres s\u00f3 lideram em renda onde s\u00e3o exce\u00e7\u00e3o? - Blog Pensar Cursos","isPartOf":{"@id":"https:\/\/www.pensarcursos.com.br\/blog\/#website"},"primaryImageOfPage":{"@id":"https:\/\/www.pensarcursos.com.br\/blog\/paradoxo-salarial-por-que-mulheres-so-lideram-em-renda-onde-sao-excecao\/#primaryimage"},"image":{"@id":"https:\/\/www.pensarcursos.com.br\/blog\/paradoxo-salarial-por-que-mulheres-so-lideram-em-renda-onde-sao-excecao\/#primaryimage"},"thumbnailUrl":"https:\/\/www.pensarcursos.com.br\/blog\/wp-content\/uploads\/2026\/03\/desigualdade-salarial.jpg","datePublished":"2026-03-10T03:00:10+00:00","dateModified":"2026-03-10T18:31:51+00:00","description":"Mulheres ganham mais apenas onde s\u00e3o minoria; em \u00e1reas femininas, a desigualdade salarial persiste. Entenda o estudo.","breadcrumb":{"@id":"https:\/\/www.pensarcursos.com.br\/blog\/paradoxo-salarial-por-que-mulheres-so-lideram-em-renda-onde-sao-excecao\/#breadcrumb"},"inLanguage":"pt-BR","potentialAction":[{"@type":"ReadAction","target":["https:\/\/www.pensarcursos.com.br\/blog\/paradoxo-salarial-por-que-mulheres-so-lideram-em-renda-onde-sao-excecao\/"]}]},{"@type":"ImageObject","inLanguage":"pt-BR","@id":"https:\/\/www.pensarcursos.com.br\/blog\/paradoxo-salarial-por-que-mulheres-so-lideram-em-renda-onde-sao-excecao\/#primaryimage","url":"https:\/\/www.pensarcursos.com.br\/blog\/wp-content\/uploads\/2026\/03\/desigualdade-salarial.jpg","contentUrl":"https:\/\/www.pensarcursos.com.br\/blog\/wp-content\/uploads\/2026\/03\/desigualdade-salarial.jpg","width":1200,"height":800,"caption":"Mulheres representam 74% da for\u00e7a de trabalho em \u00e1reas como educa\u00e7\u00e3o e sa\u00fade, mas ainda enfrentam barreiras para cargos de alta remunera\u00e7\u00e3o. Imagem: Freepik"},{"@type":"BreadcrumbList","@id":"https:\/\/www.pensarcursos.com.br\/blog\/paradoxo-salarial-por-que-mulheres-so-lideram-em-renda-onde-sao-excecao\/#breadcrumb","itemListElement":[{"@type":"ListItem","position":1,"name":"Home","item":"https:\/\/www.pensarcursos.com.br\/blog\/"},{"@type":"ListItem","position":2,"name":"Paradoxo salarial: por que mulheres s\u00f3 lideram em renda onde s\u00e3o exce\u00e7\u00e3o?"}]},{"@type":"WebSite","@id":"https:\/\/www.pensarcursos.com.br\/blog\/#website","url":"https:\/\/www.pensarcursos.com.br\/blog\/","name":"Blog Pensar Cursos","description":"Maior Site de Cursos do Brasil","publisher":{"@id":"https:\/\/www.pensarcursos.com.br\/blog\/#organization"},"alternateName":"Blog Pensar","potentialAction":[{"@type":"SearchAction","target":{"@type":"EntryPoint","urlTemplate":"https:\/\/www.pensarcursos.com.br\/blog\/?s={search_term_string}"},"query-input":{"@type":"PropertyValueSpecification","valueRequired":true,"valueName":"search_term_string"}}],"inLanguage":"pt-BR"},{"@type":"Organization","@id":"https:\/\/www.pensarcursos.com.br\/blog\/#organization","name":"Pensar Cursos","alternateName":"Blog pensar","url":"https:\/\/www.pensarcursos.com.br\/blog\/","logo":{"@type":"ImageObject","inLanguage":"pt-BR","@id":"https:\/\/www.pensarcursos.com.br\/blog\/#\/schema\/logo\/image\/","url":"https:\/\/www.pensarcursos.com.br\/blog\/wp-content\/uploads\/2023\/11\/Nova-Logo-Pensar-Cursos-vertical.png","contentUrl":"https:\/\/www.pensarcursos.com.br\/blog\/wp-content\/uploads\/2023\/11\/Nova-Logo-Pensar-Cursos-vertical.png","width":1393,"height":1001,"caption":"Pensar Cursos"},"image":{"@id":"https:\/\/www.pensarcursos.com.br\/blog\/#\/schema\/logo\/image\/"},"sameAs":["https:\/\/www.facebook.com\/pensarcursos\/","https:\/\/instagram.com.br\/pensarcursos"],"description":"Pensar Cursos \u00e9 uma empresa especializada em oferecer cursos de alta qualidade voltados para o desenvolvimento profissional e acad\u00eamico. Com uma ampla gama de op\u00e7\u00f5es de treinamento, oferecemos conte\u00fados atualizados, ministrados por especialistas da \u00e1rea, para capacitar indiv\u00edduos e equipes a atingirem seus objetivos. Nossa miss\u00e3o \u00e9 proporcionar uma educa\u00e7\u00e3o transformadora, acess\u00edvel e personalizada para cada aluno, seja em cursos presenciais ou online. Com uma abordagem inovadora, buscamos adaptar os nossos programas de ensino \u00e0s necessidades do mercado, criando solu\u00e7\u00f5es que atendem aos desafios e exig\u00eancias do mundo corporativo e acad\u00eamico. Nossos cursos incluem desde forma\u00e7\u00f5es t\u00e9cnicas at\u00e9 habilidades essenciais, como lideran\u00e7a, gest\u00e3o e desenvolvimento pessoal.","email":"contato@pensarcursos.com.br","legalName":"Sena Servi\u00e7os de Informa\u00e7\u00e3o Online LTDA","foundingDate":"2013-04-18","vatID":"17956217000172","numberOfEmployees":{"@type":"QuantitativeValue","minValue":"11","maxValue":"50"},"publishingPrinciples":"https:\/\/www.pensarcursos.com.br\/blog\/principios-de-publicacao\/","ownershipFundingInfo":"https:\/\/www.pensarcursos.com.br\/blog\/informacoes-de-propriedade-financiamento\/","actionableFeedbackPolicy":"https:\/\/www.pensarcursos.com.br\/blog\/politica-de-feedback-acionavel\/","correctionsPolicy":"https:\/\/www.pensarcursos.com.br\/blog\/politica-de-correcoes\/","ethicsPolicy":"https:\/\/www.pensarcursos.com.br\/blog\/politica-de-etica\/"},{"@type":"Person","@id":"https:\/\/www.pensarcursos.com.br\/blog\/#\/schema\/person\/e387ba49ed4a778962271648452528c2","name":"Isabelli Ferreira","image":{"@type":"ImageObject","inLanguage":"pt-BR","@id":"https:\/\/secure.gravatar.com\/avatar\/8b3b203e0769d83b87c611279890be042a5e5060500e577af59e9930f6f93d0a?s=96&d=mm&r=g","url":"https:\/\/secure.gravatar.com\/avatar\/8b3b203e0769d83b87c611279890be042a5e5060500e577af59e9930f6f93d0a?s=96&d=mm&r=g","contentUrl":"https:\/\/secure.gravatar.com\/avatar\/8b3b203e0769d83b87c611279890be042a5e5060500e577af59e9930f6f93d0a?s=96&d=mm&r=g","caption":"Isabelli Ferreira"},"description":"Graduada em LETRAS Vern\u00e1culas pela Universidade do Estado da Bahia (UNEB). Redatora grupo Sena Online.","sameAs":["https:\/\/www.linkedin.com\/in\/isabelli-pires-7b8778314"],"url":"https:\/\/www.pensarcursos.com.br\/blog\/author\/isabelli\/"}]}},"_links":{"self":[{"href":"https:\/\/www.pensarcursos.com.br\/blog\/wp-json\/wp\/v2\/posts\/149274","targetHints":{"allow":["GET"]}}],"collection":[{"href":"https:\/\/www.pensarcursos.com.br\/blog\/wp-json\/wp\/v2\/posts"}],"about":[{"href":"https:\/\/www.pensarcursos.com.br\/blog\/wp-json\/wp\/v2\/types\/post"}],"author":[{"embeddable":true,"href":"https:\/\/www.pensarcursos.com.br\/blog\/wp-json\/wp\/v2\/users\/48"}],"replies":[{"embeddable":true,"href":"https:\/\/www.pensarcursos.com.br\/blog\/wp-json\/wp\/v2\/comments?post=149274"}],"version-history":[{"count":0,"href":"https:\/\/www.pensarcursos.com.br\/blog\/wp-json\/wp\/v2\/posts\/149274\/revisions"}],"wp:featuredmedia":[{"embeddable":true,"href":"https:\/\/www.pensarcursos.com.br\/blog\/wp-json\/wp\/v2\/media\/149279"}],"wp:attachment":[{"href":"https:\/\/www.pensarcursos.com.br\/blog\/wp-json\/wp\/v2\/media?parent=149274"}],"wp:term":[{"taxonomy":"category","embeddable":true,"href":"https:\/\/www.pensarcursos.com.br\/blog\/wp-json\/wp\/v2\/categories?post=149274"},{"taxonomy":"post_tag","embeddable":true,"href":"https:\/\/www.pensarcursos.com.br\/blog\/wp-json\/wp\/v2\/tags?post=149274"}],"curies":[{"name":"wp","href":"https:\/\/api.w.org\/{rel}","templated":true}]}}