{"id":149181,"date":"2026-03-10T15:09:57","date_gmt":"2026-03-10T18:09:57","guid":{"rendered":"https:\/\/www.pensarcursos.com.br\/blog\/?p=149181"},"modified":"2026-03-18T08:10:03","modified_gmt":"2026-03-18T11:10:03","slug":"novo-salario-de-quem-trabalha-no-comercio-pode-chegar-a-r-2-75000-jornada-de-40-horas","status":"publish","type":"post","link":"https:\/\/www.pensarcursos.com.br\/blog\/novo-salario-de-quem-trabalha-no-comercio-pode-chegar-a-r-2-75000-jornada-de-40-horas\/","title":{"rendered":"Novo sal\u00e1rio de quem trabalha no com\u00e9rcio pode chegar a R$ 2.750,00 (jornada de 40 horas)"},"content":{"rendered":"<p>O sal\u00e1rio de trabalhadores do com\u00e9rcio voltou a ganhar destaque em debates sobre renda e valoriza\u00e7\u00e3o profissional. Uma proposta em discuss\u00e3o no pa\u00eds prev\u00ea que a remunera\u00e7\u00e3o desses profissionais <strong>possa chegar a at\u00e9 R$ 2.750 para jornadas de trabalho de 40 horas semanais<\/strong>.<\/p>\n<p>Diante desse cen\u00e1rio, muitos profissionais passaram a buscar informa\u00e7\u00f5es para entender como funcionaria essa mudan\u00e7a e quem poderia ser impactado.<\/p>\n<p>A seguir, veja como funciona a proposta em debate, o valor considerado e quais trabalhadores do com\u00e9rcio podem ser beneficiados.<\/p>\n<h2>Import\u00e2ncia do com\u00e9rcio para o mercado de trabalho<\/h2>\n<p>O com\u00e9rcio \u00e9 um dos setores que mais geram empregos no Brasil. Milh\u00f5es de trabalhadores atuam diariamente em atividades relacionadas \u00e0 venda de produtos, atendimento ao p\u00fablico e organiza\u00e7\u00e3o de mercadorias.<\/p>\n<p>Entre as fun\u00e7\u00f5es mais comuns dentro do setor est\u00e3o vendedores, operadores de caixa, atendentes, estoquistas, gerentes de loja e auxiliares de servi\u00e7os comerciais.<\/p>\n<p>Esses profissionais desempenham um papel fundamental na din\u00e2mica econ\u00f4mica do pa\u00eds, pois o com\u00e9rcio \u00e9 respons\u00e1vel por conectar empresas, fornecedores e consumidores em diferentes regi\u00f5es.<\/p>\n<p>Por essa raz\u00e3o, mudan\u00e7as relacionadas a sal\u00e1rios e condi\u00e7\u00f5es de trabalho nessa \u00e1rea costumam chamar a aten\u00e7\u00e3o de trabalhadores, sindicatos e empresas.<\/p>\n<h2>Discuss\u00f5es sobre remunera\u00e7\u00e3o no setor<\/h2>\n<p>Nos \u00faltimos anos, especialistas e representantes de trabalhadores passaram a discutir formas de estabelecer valores salariais mais adequados para determinadas atividades profissionais.<\/p>\n<p>No caso do com\u00e9rcio, uma das ideias debatidas envolve a cria\u00e7\u00e3o de um novo valor de refer\u00eancia para a remunera\u00e7\u00e3o dos trabalhadores do setor.<\/p>\n<p>A proposta considera aspectos como carga hor\u00e1ria, tipo de fun\u00e7\u00e3o exercida e a realidade econ\u00f4mica do segmento comercial.<\/p>\n<p>Esse tipo de discuss\u00e3o busca avaliar se a remunera\u00e7\u00e3o atual acompanha as transforma\u00e7\u00f5es do mercado de trabalho e o crescimento do setor.<\/p>\n<h2>Proposta em an\u00e1lise no Congresso<\/h2>\n<p>O tema ganhou for\u00e7a ap\u00f3s a apresenta\u00e7\u00e3o de um <strong>projeto que est\u00e1 em tramita\u00e7\u00e3o na C\u00e2mara dos Deputados<\/strong>.<\/p>\n<p>A proposta sugere a cria\u00e7\u00e3o de um piso salarial nacional de <strong>R$ 2.500 para trabalhadores do com\u00e9rcio<\/strong>. Esse valor funcionaria como refer\u00eancia m\u00ednima para profissionais da categoria em todo o pa\u00eds, independentemente do estado onde atuam.<\/p>\n<p>Segundo o texto apresentado, a medida busca estabelecer um novo valor de refer\u00eancia para a remunera\u00e7\u00e3o no setor comercial, diferente do <a href=\"https:\/\/www.pensarcursos.com.br\/blog\/salario-minimo-2026-pode-ter-novo-aumento\/\" rel=\"noopener\">sal\u00e1rio m\u00ednimo<\/a> nacional atualmente vigente.<\/p>\n<figure id=\"attachment_149192\" aria-describedby=\"caption-attachment-149192\" style=\"width: 1200px\" class=\"wp-caption aligncenter\"><img decoding=\"async\" class=\"wp-image-149192 size-full\" src=\"https:\/\/www.pensarcursos.com.br\/blog\/wp-content\/uploads\/2026\/03\/calculo-remuneracao-trabalhadores-comercio-salario.webp.webp\" alt=\"C\u00e1lculo da remunera\u00e7\u00e3o de trabalhadores do com\u00e9rcio pode mudar\" width=\"1200\" height=\"800\" srcset=\"https:\/\/www.pensarcursos.com.br\/blog\/wp-content\/uploads\/2026\/03\/calculo-remuneracao-trabalhadores-comercio-salario.webp.webp 1200w, https:\/\/www.pensarcursos.com.br\/blog\/wp-content\/uploads\/2026\/03\/calculo-remuneracao-trabalhadores-comercio-salario.webp-300x200.webp 300w, https:\/\/www.pensarcursos.com.br\/blog\/wp-content\/uploads\/2026\/03\/calculo-remuneracao-trabalhadores-comercio-salario.webp-1024x683.webp 1024w, https:\/\/www.pensarcursos.com.br\/blog\/wp-content\/uploads\/2026\/03\/calculo-remuneracao-trabalhadores-comercio-salario.webp-768x512.webp 768w, https:\/\/www.pensarcursos.com.br\/blog\/wp-content\/uploads\/2026\/03\/calculo-remuneracao-trabalhadores-comercio-salario.webp-750x500.webp 750w, https:\/\/www.pensarcursos.com.br\/blog\/wp-content\/uploads\/2026\/03\/calculo-remuneracao-trabalhadores-comercio-salario.webp-1140x760.webp 1140w\" sizes=\"(max-width: 1200px) 100vw, 1200px\" \/><figcaption id=\"caption-attachment-149192\" class=\"wp-caption-text\">Saiba como poderia funcionar o c\u00e1lculo do sal\u00e1rio para trabalhadores do com\u00e9rcio. Imagem: Blog Pensar Cursos<\/figcaption><\/figure>\n<h2>Como funcionaria o c\u00e1lculo da remunera\u00e7\u00e3o<\/h2>\n<p>De acordo com a estrutura prevista na proposta, o <a href=\"https:\/\/www.pensarcursos.com.br\/blog\/salario-minimo-regional-quais-estados-pagam-acima-do-piso-nacional-em-2026\/\" rel=\"noopener\">valor do sal\u00e1rio<\/a> levaria em considera\u00e7\u00e3o a jornada semanal de trabalho adotada pelas empresas.<\/p>\n<p>Nesse cen\u00e1rio, profissionais que cumprem <strong>carga hor\u00e1ria de at\u00e9 40 horas por semana<\/strong> poderiam alcan\u00e7ar uma remunera\u00e7\u00e3o aproximada de <strong>R$ 2.750<\/strong>, considerando o piso sugerido e a adapta\u00e7\u00e3o da jornada dentro das regras trabalhistas.<\/p>\n<p>Caso a medida avance nas etapas do processo legislativo, o novo modelo salarial poder\u00e1 alterar o valor recebido por trabalhadores do com\u00e9rcio em diferentes regi\u00f5es do pa\u00eds.<\/p>\n<p>Isso ocorre porque muitos profissionais do setor atualmente recebem sal\u00e1rios pr\u00f3ximos ao m\u00ednimo nacional ou valores definidos por conven\u00e7\u00f5es coletivas regionais.<\/p>\n<h2>Diferen\u00e7a entre sal\u00e1rio m\u00ednimo e piso da categoria<\/h2>\n<p>\u00c9 importante entender que sal\u00e1rio m\u00ednimo e piso salarial n\u00e3o s\u00e3o a mesma coisa.<\/p>\n<p>O sal\u00e1rio m\u00ednimo \u00e9 definido pelo governo federal e funciona como refer\u00eancia b\u00e1sica para diversas rela\u00e7\u00f5es de trabalho no pa\u00eds. J\u00e1 o piso salarial \u00e9 um valor m\u00ednimo estabelecido especificamente para determinadas categorias profissionais.<\/p>\n<p>Esse tipo de remunera\u00e7\u00e3o costuma considerar fatores como as atividades exercidas, as condi\u00e7\u00f5es do mercado de trabalho, os acordos coletivos firmados entre sindicatos e empresas e a realidade econ\u00f4mica do setor.<\/p>\n<p>Por esse motivo, diferentes categorias podem possuir pisos salariais pr\u00f3prios, superiores ao sal\u00e1rio m\u00ednimo nacional.<\/p>\n<h2>Profissionais que poderiam ser impactados<\/h2>\n<p>Caso a proposta seja aprovada e entre em vigor, diversos trabalhadores do com\u00e9rcio poderiam ser beneficiados.<\/p>\n<p>Entre os profissionais presentes nesse setor est\u00e3o:<\/p>\n<ul>\n<li>Vendedores de lojas<\/li>\n<li>Atendentes de estabelecimentos comerciais<\/li>\n<li>Operadores de caixa<\/li>\n<li>Auxiliares de loja<\/li>\n<li>Profissionais respons\u00e1veis pela reposi\u00e7\u00e3o de mercadorias<\/li>\n<li>Funcion\u00e1rios de supermercados e centros comerciais<\/li>\n<\/ul>\n<p>Essas fun\u00e7\u00f5es fazem parte de um dos segmentos que mais empregam no pa\u00eds. Por isso, qualquer altera\u00e7\u00e3o nas regras de remunera\u00e7\u00e3o pode atingir um grande n\u00famero de trabalhadores.<\/p>\n<h2>Tramita\u00e7\u00e3o do projeto no Congresso<\/h2>\n<p>Para que a proposta se transforme em lei, ela ainda precisa passar por v\u00e1rias etapas do processo legislativo.<\/p>\n<p>Entre os principais passos est\u00e3o:<\/p>\n<ul>\n<li>An\u00e1lise nas comiss\u00f5es da C\u00e2mara dos Deputados<\/li>\n<li>Vota\u00e7\u00e3o pelos parlamentares<\/li>\n<li>Poss\u00edvel avalia\u00e7\u00e3o no Senado Federal<\/li>\n<li>San\u00e7\u00e3o presidencial<\/li>\n<\/ul>\n<p>Somente ap\u00f3s a conclus\u00e3o dessas fases a medida poderia entrar em vigor. Durante esse percurso, o texto do projeto tamb\u00e9m pode sofrer ajustes ou altera\u00e7\u00f5es.<\/p>\n<h2>Tema segue sendo acompanhado por trabalhadores<\/h2>\n<p>Enquanto o projeto continua em an\u00e1lise no Congresso, muitos profissionais do com\u00e9rcio acompanham as atualiza\u00e7\u00f5es sobre o tema.<\/p>\n<p>Isso ocorre porque mudan\u00e7as relacionadas ao piso salarial podem impactar diretamente a renda mensal de quem atua nesse setor.<\/p>\n<p>A discuss\u00e3o tamb\u00e9m envolve empresas, sindicatos e representantes do mercado, j\u00e1 que qualquer altera\u00e7\u00e3o na pol\u00edtica salarial pode influenciar rela\u00e7\u00f5es de trabalho e custos operacionais.<\/p>\n<p>Por esse motivo, o andamento da proposta segue sendo observado por diferentes setores da economia.<\/p>\n<p>Para mais atualiza\u00e7\u00f5es, acesse o<a href=\"https:\/\/www.pensarcursos.com.br\/blog\/\" rel=\"noopener\"><strong> Blog Pensar Cursos<\/strong><\/a>.<\/p>\n<p>Assista ao v\u00eddeo abaixo e confira informa\u00e7\u00f5es detalhadas sobre o sal\u00e1rio m\u00ednimo em 2026:<\/p>\n","protected":false},"excerpt":{"rendered":"<p>O sal\u00e1rio de trabalhadores do com\u00e9rcio voltou a ganhar destaque em debates sobre renda e valoriza\u00e7\u00e3o profissional. Uma proposta em discuss\u00e3o no pa\u00eds prev\u00ea que a remunera\u00e7\u00e3o desses profissionais possa chegar a at\u00e9 R$ 2.750 para jornadas de trabalho de 40 horas semanais. Diante desse cen\u00e1rio, muitos profissionais passaram a buscar informa\u00e7\u00f5es para entender como [&hellip;]<\/p>\n","protected":false},"author":55,"featured_media":149191,"comment_status":"open","ping_status":"closed","sticky":false,"template":"","format":"standard","meta":{"jnews-multi-image_gallery":[],"jnews_single_post":{"format":"standard","override":[{"template":"1","parallax":"1","fullscreen":"1","layout":"right-sidebar","sidebar":"default-sidebar","second_sidebar":"default-sidebar","sticky_sidebar":"1","share_position":"topbottom","share_float_style":"share-monocrhome","show_featured":"1","show_post_meta":"1","show_post_author":"1","show_post_author_image":"1","show_post_date":"1","post_date_format":"default","post_date_format_custom":"Y\/m\/d","show_post_category":"1","post_reading_time_wpm":"300","post_calculate_word_method":"str_word_count","show_zoom_button":"0","zoom_button_out_step":"2","zoom_button_in_step":"3","show_post_tag":"1","show_prev_next_post":"1","show_popup_post":"1","show_comment_section":"1","number_popup_post":"2","show_author_box":"1","show_post_related":"1","show_inline_post_related":"1"}],"image_override":[{"single_post_thumbnail_size":"crop-500","single_post_gallery_size":"crop-500"}],"trending_post_position":"meta","trending_post_label":"Trending","sponsored_post_label":"Sponsored by","disable_ad":"0","subtitle":"Mudan\u00e7a discutida pode impactar diretamente a remunera\u00e7\u00e3o de milh\u00f5es de trabalhadores."},"jnews_primary_category":[],"jnews_social_meta":[],"jnews_override_counter":{"view_counter_number":"0","share_counter_number":"0","like_counter_number":"0","dislike_counter_number":"0"},"footnotes":""},"categories":[1691],"tags":[39396,39397,39395],"class_list":["post-149181","post","type-post","status-publish","format-standard","has-post-thumbnail","hentry","category-direitos-do-trabalhador","tag-aumento-salarial-comercio-2026","tag-piso-salarial-comercio-2026","tag-reajuste-salario-comercio-2026"],"yoast_head":"<!-- This site is optimized with the Yoast SEO Premium plugin v27.4 (Yoast SEO v27.4) - https:\/\/yoast.com\/product\/yoast-seo-premium-wordpress\/ -->\n<title>Novo sal\u00e1rio de quem trabalha no com\u00e9rcio pode chegar a R$ 2.750,00 (jornada de 40 horas) - Blog Pensar Cursos<\/title>\n<meta name=\"description\" content=\"Novo sal\u00e1rio para quem trabalha no com\u00e9rcio chega a R$ 2.750 em 2026! Veja como garantir esse valor na sua jornada de 40 horas.\" \/>\n<meta name=\"robots\" content=\"index, follow, max-snippet:-1, max-image-preview:large, max-video-preview:-1\" \/>\n<link rel=\"canonical\" href=\"https:\/\/www.pensarcursos.com.br\/blog\/novo-salario-de-quem-trabalha-no-comercio-pode-chegar-a-r-2-75000-jornada-de-40-horas\/\" \/>\n<meta property=\"og:locale\" content=\"pt_BR\" \/>\n<meta property=\"og:type\" content=\"article\" \/>\n<meta property=\"og:title\" content=\"Novo sal\u00e1rio de quem trabalha no com\u00e9rcio pode chegar a R$ 2.750,00 (jornada de 40 horas)\" \/>\n<meta property=\"og:description\" content=\"Novo sal\u00e1rio para quem trabalha no com\u00e9rcio chega a R$ 2.750 em 2026! Veja como garantir esse valor na sua jornada de 40 horas.\" \/>\n<meta property=\"og:url\" content=\"https:\/\/www.pensarcursos.com.br\/blog\/novo-salario-de-quem-trabalha-no-comercio-pode-chegar-a-r-2-75000-jornada-de-40-horas\/\" \/>\n<meta property=\"og:site_name\" content=\"Blog Pensar Cursos\" \/>\n<meta property=\"article:publisher\" content=\"https:\/\/www.facebook.com\/pensarcursos\/\" \/>\n<meta property=\"article:published_time\" content=\"2026-03-10T18:09:57+00:00\" \/>\n<meta property=\"article:modified_time\" content=\"2026-03-18T11:10:03+00:00\" \/>\n<meta property=\"og:image\" content=\"https:\/\/www.pensarcursos.com.br\/blog\/wp-content\/uploads\/2026\/03\/novo-salario-comercio-2750-jornada-40-horas.webp.webp\" \/>\n\t<meta property=\"og:image:width\" content=\"1200\" \/>\n\t<meta property=\"og:image:height\" content=\"800\" \/>\n\t<meta property=\"og:image:type\" content=\"image\/webp\" \/>\n<meta name=\"author\" content=\"Thais Reis\" \/>\n<meta name=\"twitter:card\" content=\"summary_large_image\" \/>\n<meta name=\"twitter:label1\" content=\"Escrito por\" \/>\n\t<meta name=\"twitter:data1\" content=\"Thais Reis\" \/>\n\t<meta name=\"twitter:label2\" content=\"Est. tempo de leitura\" \/>\n\t<meta name=\"twitter:data2\" content=\"6 minutos\" \/>\n<!-- \/ Yoast SEO Premium plugin. -->","yoast_head_json":{"title":"Novo sal\u00e1rio de quem trabalha no com\u00e9rcio pode chegar a R$ 2.750,00 (jornada de 40 horas) - Blog Pensar Cursos","description":"Novo sal\u00e1rio para quem trabalha no com\u00e9rcio chega a R$ 2.750 em 2026! Veja como garantir esse valor na sua jornada de 40 horas.","robots":{"index":"index","follow":"follow","max-snippet":"max-snippet:-1","max-image-preview":"max-image-preview:large","max-video-preview":"max-video-preview:-1"},"canonical":"https:\/\/www.pensarcursos.com.br\/blog\/novo-salario-de-quem-trabalha-no-comercio-pode-chegar-a-r-2-75000-jornada-de-40-horas\/","og_locale":"pt_BR","og_type":"article","og_title":"Novo sal\u00e1rio de quem trabalha no com\u00e9rcio pode chegar a R$ 2.750,00 (jornada de 40 horas)","og_description":"Novo sal\u00e1rio para quem trabalha no com\u00e9rcio chega a R$ 2.750 em 2026! Veja como garantir esse valor na sua jornada de 40 horas.","og_url":"https:\/\/www.pensarcursos.com.br\/blog\/novo-salario-de-quem-trabalha-no-comercio-pode-chegar-a-r-2-75000-jornada-de-40-horas\/","og_site_name":"Blog Pensar Cursos","article_publisher":"https:\/\/www.facebook.com\/pensarcursos\/","article_published_time":"2026-03-10T18:09:57+00:00","article_modified_time":"2026-03-18T11:10:03+00:00","og_image":[{"width":1200,"height":800,"url":"https:\/\/www.pensarcursos.com.br\/blog\/wp-content\/uploads\/2026\/03\/novo-salario-comercio-2750-jornada-40-horas.webp.webp","type":"image\/webp"}],"author":"Thais Reis","twitter_card":"summary_large_image","twitter_misc":{"Escrito por":"Thais Reis","Est. tempo de leitura":"6 minutos"},"schema":{"@context":"https:\/\/schema.org","@graph":[{"@type":["Article","BlogPosting"],"@id":"https:\/\/www.pensarcursos.com.br\/blog\/novo-salario-de-quem-trabalha-no-comercio-pode-chegar-a-r-2-75000-jornada-de-40-horas\/#article","isPartOf":{"@id":"https:\/\/www.pensarcursos.com.br\/blog\/novo-salario-de-quem-trabalha-no-comercio-pode-chegar-a-r-2-75000-jornada-de-40-horas\/"},"author":{"name":"Thais Reis","@id":"https:\/\/www.pensarcursos.com.br\/blog\/#\/schema\/person\/881f83771a39132112a6684081cf8c64"},"headline":"Novo sal\u00e1rio de quem trabalha no com\u00e9rcio pode chegar a R$ 2.750,00 (jornada de 40 horas)","datePublished":"2026-03-10T18:09:57+00:00","dateModified":"2026-03-18T11:10:03+00:00","mainEntityOfPage":{"@id":"https:\/\/www.pensarcursos.com.br\/blog\/novo-salario-de-quem-trabalha-no-comercio-pode-chegar-a-r-2-75000-jornada-de-40-horas\/"},"wordCount":998,"commentCount":0,"publisher":{"@id":"https:\/\/www.pensarcursos.com.br\/blog\/#organization"},"image":{"@id":"https:\/\/www.pensarcursos.com.br\/blog\/novo-salario-de-quem-trabalha-no-comercio-pode-chegar-a-r-2-75000-jornada-de-40-horas\/#primaryimage"},"thumbnailUrl":"https:\/\/www.pensarcursos.com.br\/blog\/wp-content\/uploads\/2026\/03\/novo-salario-comercio-2750-jornada-40-horas.webp.webp","keywords":["aumento salarial com\u00e9rcio 2026","piso salarial com\u00e9rcio 2026","reajuste sal\u00e1rio com\u00e9rcio 2026"],"articleSection":["Direitos do Trabalhador"],"inLanguage":"pt-BR","potentialAction":[{"@type":"CommentAction","name":"Comment","target":["https:\/\/www.pensarcursos.com.br\/blog\/novo-salario-de-quem-trabalha-no-comercio-pode-chegar-a-r-2-75000-jornada-de-40-horas\/#respond"]}],"copyrightYear":"2026","copyrightHolder":{"@id":"https:\/\/www.pensarcursos.com.br\/blog\/#organization"}},{"@type":"WebPage","@id":"https:\/\/www.pensarcursos.com.br\/blog\/novo-salario-de-quem-trabalha-no-comercio-pode-chegar-a-r-2-75000-jornada-de-40-horas\/","url":"https:\/\/www.pensarcursos.com.br\/blog\/novo-salario-de-quem-trabalha-no-comercio-pode-chegar-a-r-2-75000-jornada-de-40-horas\/","name":"Novo sal\u00e1rio de quem trabalha no com\u00e9rcio pode chegar a R$ 2.750,00 (jornada de 40 horas) - Blog Pensar Cursos","isPartOf":{"@id":"https:\/\/www.pensarcursos.com.br\/blog\/#website"},"primaryImageOfPage":{"@id":"https:\/\/www.pensarcursos.com.br\/blog\/novo-salario-de-quem-trabalha-no-comercio-pode-chegar-a-r-2-75000-jornada-de-40-horas\/#primaryimage"},"image":{"@id":"https:\/\/www.pensarcursos.com.br\/blog\/novo-salario-de-quem-trabalha-no-comercio-pode-chegar-a-r-2-75000-jornada-de-40-horas\/#primaryimage"},"thumbnailUrl":"https:\/\/www.pensarcursos.com.br\/blog\/wp-content\/uploads\/2026\/03\/novo-salario-comercio-2750-jornada-40-horas.webp.webp","datePublished":"2026-03-10T18:09:57+00:00","dateModified":"2026-03-18T11:10:03+00:00","description":"Novo sal\u00e1rio para quem trabalha no com\u00e9rcio chega a R$ 2.750 em 2026! Veja como garantir esse valor na sua jornada de 40 horas.","breadcrumb":{"@id":"https:\/\/www.pensarcursos.com.br\/blog\/novo-salario-de-quem-trabalha-no-comercio-pode-chegar-a-r-2-75000-jornada-de-40-horas\/#breadcrumb"},"inLanguage":"pt-BR","potentialAction":[{"@type":"ReadAction","target":["https:\/\/www.pensarcursos.com.br\/blog\/novo-salario-de-quem-trabalha-no-comercio-pode-chegar-a-r-2-75000-jornada-de-40-horas\/"]}]},{"@type":"ImageObject","inLanguage":"pt-BR","@id":"https:\/\/www.pensarcursos.com.br\/blog\/novo-salario-de-quem-trabalha-no-comercio-pode-chegar-a-r-2-75000-jornada-de-40-horas\/#primaryimage","url":"https:\/\/www.pensarcursos.com.br\/blog\/wp-content\/uploads\/2026\/03\/novo-salario-comercio-2750-jornada-40-horas.webp.webp","contentUrl":"https:\/\/www.pensarcursos.com.br\/blog\/wp-content\/uploads\/2026\/03\/novo-salario-comercio-2750-jornada-40-horas.webp.webp","width":1200,"height":800,"caption":"Veja quanto pode chegar o novo sal\u00e1rio de quem trabalha no com\u00e9rcio. Imagem: Blog Pensar Cursos"},{"@type":"BreadcrumbList","@id":"https:\/\/www.pensarcursos.com.br\/blog\/novo-salario-de-quem-trabalha-no-comercio-pode-chegar-a-r-2-75000-jornada-de-40-horas\/#breadcrumb","itemListElement":[{"@type":"ListItem","position":1,"name":"Home","item":"https:\/\/www.pensarcursos.com.br\/blog\/"},{"@type":"ListItem","position":2,"name":"Novo sal\u00e1rio de quem trabalha no com\u00e9rcio pode chegar a R$ 2.750,00 (jornada de 40 horas)"}]},{"@type":"WebSite","@id":"https:\/\/www.pensarcursos.com.br\/blog\/#website","url":"https:\/\/www.pensarcursos.com.br\/blog\/","name":"Blog Pensar Cursos","description":"Maior Site de Cursos do Brasil","publisher":{"@id":"https:\/\/www.pensarcursos.com.br\/blog\/#organization"},"alternateName":"Blog Pensar","potentialAction":[{"@type":"SearchAction","target":{"@type":"EntryPoint","urlTemplate":"https:\/\/www.pensarcursos.com.br\/blog\/?s={search_term_string}"},"query-input":{"@type":"PropertyValueSpecification","valueRequired":true,"valueName":"search_term_string"}}],"inLanguage":"pt-BR"},{"@type":"Organization","@id":"https:\/\/www.pensarcursos.com.br\/blog\/#organization","name":"Pensar Cursos","alternateName":"Blog pensar","url":"https:\/\/www.pensarcursos.com.br\/blog\/","logo":{"@type":"ImageObject","inLanguage":"pt-BR","@id":"https:\/\/www.pensarcursos.com.br\/blog\/#\/schema\/logo\/image\/","url":"https:\/\/www.pensarcursos.com.br\/blog\/wp-content\/uploads\/2023\/11\/Nova-Logo-Pensar-Cursos-vertical.png","contentUrl":"https:\/\/www.pensarcursos.com.br\/blog\/wp-content\/uploads\/2023\/11\/Nova-Logo-Pensar-Cursos-vertical.png","width":1393,"height":1001,"caption":"Pensar Cursos"},"image":{"@id":"https:\/\/www.pensarcursos.com.br\/blog\/#\/schema\/logo\/image\/"},"sameAs":["https:\/\/www.facebook.com\/pensarcursos\/","https:\/\/instagram.com.br\/pensarcursos"],"description":"Pensar Cursos \u00e9 uma empresa especializada em oferecer cursos de alta qualidade voltados para o desenvolvimento profissional e acad\u00eamico. Com uma ampla gama de op\u00e7\u00f5es de treinamento, oferecemos conte\u00fados atualizados, ministrados por especialistas da \u00e1rea, para capacitar indiv\u00edduos e equipes a atingirem seus objetivos. Nossa miss\u00e3o \u00e9 proporcionar uma educa\u00e7\u00e3o transformadora, acess\u00edvel e personalizada para cada aluno, seja em cursos presenciais ou online. Com uma abordagem inovadora, buscamos adaptar os nossos programas de ensino \u00e0s necessidades do mercado, criando solu\u00e7\u00f5es que atendem aos desafios e exig\u00eancias do mundo corporativo e acad\u00eamico. Nossos cursos incluem desde forma\u00e7\u00f5es t\u00e9cnicas at\u00e9 habilidades essenciais, como lideran\u00e7a, gest\u00e3o e desenvolvimento pessoal.","email":"contato@pensarcursos.com.br","legalName":"Sena Servi\u00e7os de Informa\u00e7\u00e3o Online LTDA","foundingDate":"2013-04-18","vatID":"17956217000172","numberOfEmployees":{"@type":"QuantitativeValue","minValue":"11","maxValue":"50"},"publishingPrinciples":"https:\/\/www.pensarcursos.com.br\/blog\/principios-de-publicacao\/","ownershipFundingInfo":"https:\/\/www.pensarcursos.com.br\/blog\/informacoes-de-propriedade-financiamento\/","actionableFeedbackPolicy":"https:\/\/www.pensarcursos.com.br\/blog\/politica-de-feedback-acionavel\/","correctionsPolicy":"https:\/\/www.pensarcursos.com.br\/blog\/politica-de-correcoes\/","ethicsPolicy":"https:\/\/www.pensarcursos.com.br\/blog\/politica-de-etica\/"},{"@type":"Person","@id":"https:\/\/www.pensarcursos.com.br\/blog\/#\/schema\/person\/881f83771a39132112a6684081cf8c64","name":"Thais Reis","image":{"@type":"ImageObject","inLanguage":"pt-BR","@id":"https:\/\/secure.gravatar.com\/avatar\/5bc8c0a39e5486cc0eefd3bffe55939e00af621e6f56c61f6500e723d92858fd?s=96&d=mm&r=g","url":"https:\/\/secure.gravatar.com\/avatar\/5bc8c0a39e5486cc0eefd3bffe55939e00af621e6f56c61f6500e723d92858fd?s=96&d=mm&r=g","contentUrl":"https:\/\/secure.gravatar.com\/avatar\/5bc8c0a39e5486cc0eefd3bffe55939e00af621e6f56c61f6500e723d92858fd?s=96&d=mm&r=g","caption":"Thais Reis"},"description":"Graduada em Pedagogia. Redatora especialista em Benef\u00edcios Sociais e Direitos do Cidad\u00e3o do grupo Sena Online.","sameAs":["https:\/\/www.instagram.com\/izy_reis\/"],"url":"https:\/\/www.pensarcursos.com.br\/blog\/author\/thais\/"}]}},"_links":{"self":[{"href":"https:\/\/www.pensarcursos.com.br\/blog\/wp-json\/wp\/v2\/posts\/149181","targetHints":{"allow":["GET"]}}],"collection":[{"href":"https:\/\/www.pensarcursos.com.br\/blog\/wp-json\/wp\/v2\/posts"}],"about":[{"href":"https:\/\/www.pensarcursos.com.br\/blog\/wp-json\/wp\/v2\/types\/post"}],"author":[{"embeddable":true,"href":"https:\/\/www.pensarcursos.com.br\/blog\/wp-json\/wp\/v2\/users\/55"}],"replies":[{"embeddable":true,"href":"https:\/\/www.pensarcursos.com.br\/blog\/wp-json\/wp\/v2\/comments?post=149181"}],"version-history":[{"count":0,"href":"https:\/\/www.pensarcursos.com.br\/blog\/wp-json\/wp\/v2\/posts\/149181\/revisions"}],"wp:featuredmedia":[{"embeddable":true,"href":"https:\/\/www.pensarcursos.com.br\/blog\/wp-json\/wp\/v2\/media\/149191"}],"wp:attachment":[{"href":"https:\/\/www.pensarcursos.com.br\/blog\/wp-json\/wp\/v2\/media?parent=149181"}],"wp:term":[{"taxonomy":"category","embeddable":true,"href":"https:\/\/www.pensarcursos.com.br\/blog\/wp-json\/wp\/v2\/categories?post=149181"},{"taxonomy":"post_tag","embeddable":true,"href":"https:\/\/www.pensarcursos.com.br\/blog\/wp-json\/wp\/v2\/tags?post=149181"}],"curies":[{"name":"wp","href":"https:\/\/api.w.org\/{rel}","templated":true}]}}