{"id":149179,"date":"2026-03-10T15:39:21","date_gmt":"2026-03-10T18:39:21","guid":{"rendered":"https:\/\/www.pensarcursos.com.br\/blog\/?p=149179"},"modified":"2026-03-10T10:15:49","modified_gmt":"2026-03-10T13:15:49","slug":"estudantes-do-ensino-medio-ja-podem-consultar-o-calendario-dos-r-3-000-do-pe-de-meia","status":"publish","type":"post","link":"https:\/\/www.pensarcursos.com.br\/blog\/estudantes-do-ensino-medio-ja-podem-consultar-o-calendario-dos-r-3-000-do-pe-de-meia\/","title":{"rendered":"Estudantes do ensino m\u00e9dio j\u00e1 podem consultar o calend\u00e1rio dos R$ 3.000 do P\u00e9-de-Meia"},"content":{"rendered":"<p>O programa P\u00e9-de-Meia traz uma informa\u00e7\u00e3o relevante para quem est\u00e1 no ensino m\u00e9dio da rede p\u00fablica: j\u00e1 \u00e9 poss\u00edvel consultar o calend\u00e1rio dos pagamentos para 2026.<\/p>\n<p>O benef\u00edcio pode chegar a at\u00e9\u00a0<strong>R$ 3.000 do P\u00e9-de-Meia<\/strong>\u00a0ao longo do ano, dependendo da assiduidade, aprova\u00e7\u00e3o e participa\u00e7\u00e3o no Enem.<\/p>\n<p>O objetivo principal \u00e9 ajudar estudantes a se manterem na escola, reduzindo a evas\u00e3o e valorizando o esfor\u00e7o de cada participante.<\/p>\n<p>Com as novas datas anunciadas pelo governo federal e as regras definidas pelo Minist\u00e9rio da Educa\u00e7\u00e3o, alunos e fam\u00edlias conseguem se organizar melhor para aproveitar as oportunidades que o <a href=\"https:\/\/www.pensarcursos.com.br\/blog\/pe-de-meia-2026-o-que-o-ministerio-da-educacao-disse-sobre-o-atraso-do-pagamento-de-r-1-000\/\" target=\"_blank\" rel=\"noopener\">P\u00e9-de-Meia<\/a> oferece.<\/p>\n<p>O incentivo funciona como uma poupan\u00e7a educacional, depositada diretamente no Caixa Tem, garantindo aux\u00edlio para jovens de baixa renda.<\/p>\n<h2>Como funciona o programa P\u00e9-de-Meia em 2026?<\/h2>\n<p>O P\u00e9-de-Meia \u00e9 um incentivo financeiro criado pela Lei n\u00ba 14.818\/2024 e regulamentado por decreto federal, destinado a alunos do ensino m\u00e9dio da rede p\u00fablica.<\/p>\n<p>Para participar, o estudante precisa estar inscrito no Cadastro \u00danico (Cad\u00danico) para Programas Sociais e possuir renda familiar de at\u00e9 meio sal\u00e1rio m\u00ednimo por pessoa.<\/p>\n<p>O valor do benef\u00edcio pode variar conforme a participa\u00e7\u00e3o do estudante nas etapas do programa, mas pode chegar pr\u00f3ximo aos R$ 3.000, somando-se todas as parcelas e bonifica\u00e7\u00f5es ao longo do ciclo anual. O repasse \u00e9 feito por meio da conta digital no Caixa Tem, o que facilita o acompanhamento e o recebimento.<\/p>\n<h3>Etapas do benef\u00edcio e valores pagos no ano<\/h3>\n<p>O modelo segue o mesmo padr\u00e3o de anos anteriores com algumas atualiza\u00e7\u00f5es:<\/p>\n<ul>\n<li>Parcela \u00fanica referente \u00e0 matr\u00edcula;<\/li>\n<li>At\u00e9 nove parcelas de R$ 200 pelo comparecimento mensal para ensino regular;<\/li>\n<li>Parcela de R$ 1.000 pela conclus\u00e3o do ano letivo;<\/li>\n<li>Parcela extra de R$ 200 para participa\u00e7\u00e3o nos dois dias do Enem;<\/li>\n<li>No caso da EJA, at\u00e9 quatro parcelas de R$ 225 por semestre.<\/li>\n<\/ul>\n<p>Essas etapas somadas permitem que estudantes alcancem os valores m\u00e1ximos de repasse do programa.<\/p>\n<h2>Calend\u00e1rio de pagamentos do P\u00e9-de-Meia para 2026<\/h2>\n<p>O cronograma de pagamentos \u00e9 fundamental para quem quer planejar o uso do benef\u00edcio durante o ano. As datas est\u00e3o organizadas pela Portaria n\u00ba 169\/2026, que detalha as previs\u00f5es de repasse conforme a refer\u00eancia dos dados enviados pelas secretarias de educa\u00e7\u00e3o das redes estaduais e federal.<\/p>\n<table>\n<thead>\n<tr>\n<th>M\u00eas de Refer\u00eancia<\/th>\n<th>Per\u00edodo de Pagamento<\/th>\n<\/tr>\n<\/thead>\n<tbody>\n<tr>\n<td>\u00a0 \u00a0 \u00a0&#8211;<\/td>\n<td>23 a 30 de mar\u00e7o de 2026 (matr\u00edcula)<\/td>\n<\/tr>\n<tr>\n<td>Fevereiro<\/td>\n<td>27 de abril a 4 de maio de 2026<\/td>\n<\/tr>\n<tr>\n<td>Mar\u00e7o<\/td>\n<td>25 de maio a 1\u00ba de junho de 2026<\/td>\n<\/tr>\n<tr>\n<td>Abril<\/td>\n<td>29 de junho a 6 de julho de 2026<\/td>\n<\/tr>\n<tr>\n<td>Maio e junho<\/td>\n<td>24 a 31 de agosto de 2026<\/td>\n<\/tr>\n<tr>\n<td>Julho<\/td>\n<td>21 a 28 de setembro de 2026<\/td>\n<\/tr>\n<tr>\n<td>Agosto<\/td>\n<td>19 a 26 de outubro de 2026<\/td>\n<\/tr>\n<tr>\n<td>Setembro<\/td>\n<td>23 a 30 de novembro de 2026<\/td>\n<\/tr>\n<tr>\n<td>Outubro<\/td>\n<td>21 a 28 de dezembro de 2026<\/td>\n<\/tr>\n<tr>\n<td>Novembro<\/td>\n<td>25 de janeiro a 1\u00ba de fevereiro de 2027<\/td>\n<\/tr>\n<tr>\n<td>Dezembro<\/td>\n<td>22 de fevereiro a 1\u00ba de mar\u00e7o de 2027<\/td>\n<\/tr>\n<\/tbody>\n<\/table>\n<figure id=\"attachment_149186\" aria-describedby=\"caption-attachment-149186\" style=\"width: 1200px\" class=\"wp-caption aligncenter\"><img decoding=\"async\" class=\"wp-image-149186 size-full\" src=\"https:\/\/www.pensarcursos.com.br\/blog\/wp-content\/uploads\/2026\/03\/pagamento-pe-de-meia-4.webp\" alt=\"Jovem estudante masculino sorrindo com mochila preta ao lado do logotipo colorido do programa P\u00e9-de-Meia com a inscri\u00e7\u00e3o 2026 em fundo claro\" width=\"1200\" height=\"800\" srcset=\"https:\/\/www.pensarcursos.com.br\/blog\/wp-content\/uploads\/2026\/03\/pagamento-pe-de-meia-4.webp 1200w, https:\/\/www.pensarcursos.com.br\/blog\/wp-content\/uploads\/2026\/03\/pagamento-pe-de-meia-4-300x200.webp 300w, https:\/\/www.pensarcursos.com.br\/blog\/wp-content\/uploads\/2026\/03\/pagamento-pe-de-meia-4-1024x683.webp 1024w, https:\/\/www.pensarcursos.com.br\/blog\/wp-content\/uploads\/2026\/03\/pagamento-pe-de-meia-4-768x512.webp 768w, https:\/\/www.pensarcursos.com.br\/blog\/wp-content\/uploads\/2026\/03\/pagamento-pe-de-meia-4-750x500.webp 750w, https:\/\/www.pensarcursos.com.br\/blog\/wp-content\/uploads\/2026\/03\/pagamento-pe-de-meia-4-1140x760.webp 1140w\" sizes=\"(max-width: 1200px) 100vw, 1200px\" \/><figcaption id=\"caption-attachment-149186\" class=\"wp-caption-text\">O calend\u00e1rio oficial do P\u00e9-de-Meia 2026 j\u00e1 est\u00e1 dispon\u00edvel para consulta e define as datas de pagamento das parcelas de matr\u00edcula, frequ\u00eancia, conclus\u00e3o e b\u00f4nus Enem. Imagem: Blog Pensar Cursos<\/figcaption><\/figure>\n<h2>Regras atualizadas para recebimento do incentivo<\/h2>\n<p>Para conquistar o benef\u00edcio, os estudantes precisam seguir algumas regras importantes:<\/p>\n<ul>\n<li><strong>Matr\u00edcula:<\/strong>\u00a0deve ser realizada em at\u00e9 dois meses ap\u00f3s o in\u00edcio das aulas para ter direito \u00e0 parcela correspondente;<\/li>\n<li>Alunos matriculados depois desse prazo perdem a parcela de matr\u00edcula, mas permanecem eleg\u00edveis para as demais etapas, caso cumpram os requisitos;<\/li>\n<li><a href=\"https:\/\/www.pensarcursos.com.br\/blog\/a-mudanca-no-pe-de-meia-que-bloqueou-os-r-1-000-de-muitos-estudantes\/\" target=\"_blank\" rel=\"noopener\">Cadastro no Cad\u00danico<\/a> v\u00e1lido at\u00e9 7 de agosto de 2026;<\/li>\n<li>Renda familiar mensal de at\u00e9 meio sal\u00e1rio m\u00ednimo por pessoa.<\/li>\n<\/ul>\n<p>Para o ensino regular, o pagamento das nove parcelas mensais depende da frequ\u00eancia m\u00ednima exigida, j\u00e1 os estudantes da EJA recebem distribu\u00eddos em quatro parcelas semestrais. O incentivo de R$ 1.000 \u00e9 reservado para quem concluiu o ano letivo, e existe ainda um b\u00f4nus de R$ 200 para a participa\u00e7\u00e3o completa no Enem.<\/p>\n<h2>Como consultar e receber o valor do P\u00e9-de-Meia pelo Caixa Tem<\/h2>\n<p>O acompanhamento dos pagamentos pode ser feito diretamente no aplicativo Caixa Tem. Ap\u00f3s a inclus\u00e3o dos dados pelas secretarias de educa\u00e7\u00e3o, os valores ficam dispon\u00edveis conforme o cronograma de repasses. \u00c9 importante manter as informa\u00e7\u00f5es do cadastro sempre atualizadas para evitar contratempos no recebimento.<\/p>\n<p>Os estudantes devem estar atentos \u00e0s notifica\u00e7\u00f5es do aplicativo, onde poder\u00e3o confirmar o cr\u00e9dito das parcelas e obter detalhes sobre cada benef\u00edcio recebido. Eventuais d\u00favidas podem ser esclarecidas junto \u00e0 secretaria de educa\u00e7\u00e3o local ou na central de atendimento da Caixa.<\/p>\n<h2>Pagamentos finais referentes ao ano anterior<\/h2>\n<p>Al\u00e9m do calend\u00e1rio regular de 2026, h\u00e1 pagamentos para alunos que conclu\u00edram o ensino m\u00e9dio em 2025:<\/p>\n<ul>\n<li>Parcela de R$ 1.000 pela conclus\u00e3o do ensino m\u00e9dio realizada entre 26 de fevereiro e 5 de mar\u00e7o de 2026;<\/li>\n<li>Parcela de R$ 200 para quem participou dos dois dias do Enem.<\/li>\n<\/ul>\n<p>Destes pagamentos, ainda est\u00e3o previstas janelas residuais entre mar\u00e7o e junho de 2027 para poss\u00edveis ajustes e regulariza\u00e7\u00f5es de dados enviados pelas escolas.<\/p>\n<p>\u00c9 fundamental conferir todas as informa\u00e7\u00f5es e garantir o cumprimento dos crit\u00e9rios para n\u00e3o perder nenhum direito.<\/p>\n<p>Quer conferir mais sobre o P\u00e9-de-Meia? Acesse a p\u00e1gina inicial do <a href=\"https:\/\/www.pensarcursos.com.br\/blog\/\" target=\"_blank\" rel=\"noopener\"><strong>Blog Pensar Cursos<\/strong><\/a>. Vale conferir tamb\u00e9m o v\u00eddeo abaixo e ficar ainda mais por dentro do calend\u00e1rio do programa:<\/p>\n<div class=\"jeg_video_container jeg_video_content\"><iframe title=\"Calend\u00e1rio P\u00e9-de-Meia 2026 saiu! Veja todas as datas e as mudan\u00e7as nas regras\" width=\"500\" height=\"281\" src=\"https:\/\/www.youtube.com\/embed\/pZW_azwnraA?start=2&#038;feature=oembed\" frameborder=\"0\" allow=\"accelerometer; autoplay; clipboard-write; encrypted-media; gyroscope; picture-in-picture; web-share\" referrerpolicy=\"strict-origin-when-cross-origin\" allowfullscreen><\/iframe><\/div>\n","protected":false},"excerpt":{"rendered":"<p>O programa P\u00e9-de-Meia traz uma informa\u00e7\u00e3o relevante para quem est\u00e1 no ensino m\u00e9dio da rede p\u00fablica: j\u00e1 \u00e9 poss\u00edvel consultar o calend\u00e1rio dos pagamentos para 2026. O benef\u00edcio pode chegar a at\u00e9\u00a0R$ 3.000 do P\u00e9-de-Meia\u00a0ao longo do ano, dependendo da assiduidade, aprova\u00e7\u00e3o e participa\u00e7\u00e3o no Enem. O objetivo principal \u00e9 ajudar estudantes a se manterem [&hellip;]<\/p>\n","protected":false},"author":41,"featured_media":149185,"comment_status":"open","ping_status":"closed","sticky":false,"template":"","format":"standard","meta":{"jnews-multi-image_gallery":[],"jnews_single_post":{"format":"standard","override":[{"template":"1","parallax":"1","fullscreen":"1","layout":"right-sidebar","sidebar":"default-sidebar","second_sidebar":"default-sidebar","sticky_sidebar":"1","share_position":"topbottom","share_float_style":"share-monocrhome","show_featured":"1","show_post_meta":"1","show_post_author":"1","show_post_author_image":"1","show_post_date":"1","post_date_format":"default","post_date_format_custom":"Y\/m\/d","show_post_category":"1","post_reading_time_wpm":"300","post_calculate_word_method":"str_word_count","show_zoom_button":"0","zoom_button_out_step":"2","zoom_button_in_step":"3","show_post_tag":"1","show_prev_next_post":"1","show_popup_post":"1","show_comment_section":"1","number_popup_post":"2","show_author_box":"1","show_post_related":"1","show_inline_post_related":"1"}],"image_override":[{"single_post_thumbnail_size":"crop-500","single_post_gallery_size":"crop-500"}],"trending_post_position":"meta","trending_post_label":"Trending","sponsored_post_label":"Sponsored by","disable_ad":"0","subtitle":"Confira as novidades e datas do benef\u00edcio que incentiva a perman\u00eancia dos jovens no ensino m\u00e9dio"},"jnews_primary_category":[],"jnews_social_meta":[],"jnews_override_counter":{"view_counter_number":"0","share_counter_number":"0","like_counter_number":"0","dislike_counter_number":"0"},"footnotes":""},"categories":[1657,17201],"tags":[39401,17214,39400,39399],"class_list":["post-149179","post","type-post","status-publish","format-standard","has-post-thumbnail","hentry","category-beneficios-sociais","category-pe-de-meia","tag-bolsa-estudante-ensino-medio","tag-calendario-pe-de-meia","tag-consultar-calendario-pe-de-meia-2026","tag-pagamento-pe-de-meia-ensino-medio"],"yoast_head":"<!-- This site is optimized with the Yoast SEO Premium plugin v27.4 (Yoast SEO v27.4) - https:\/\/yoast.com\/product\/yoast-seo-premium-wordpress\/ -->\n<title>Estudantes do ensino m\u00e9dio j\u00e1 podem consultar o calend\u00e1rio dos R$ 3.000 do P\u00e9-de-Meia - Blog Pensar Cursos<\/title>\n<meta name=\"description\" content=\"Descubra como consultar o calend\u00e1rio dos pagamentos de at\u00e9 R$ 3.000 do P\u00e9-de-Meia para estudantes do ensino m\u00e9dio em 2026, e saiba quem tem direito, datas e valores.\" \/>\n<meta name=\"robots\" content=\"index, follow, max-snippet:-1, max-image-preview:large, max-video-preview:-1\" \/>\n<link rel=\"canonical\" href=\"https:\/\/www.pensarcursos.com.br\/blog\/estudantes-do-ensino-medio-ja-podem-consultar-o-calendario-dos-r-3-000-do-pe-de-meia\/\" \/>\n<meta property=\"og:locale\" content=\"pt_BR\" \/>\n<meta property=\"og:type\" content=\"article\" \/>\n<meta property=\"og:title\" content=\"Estudantes do ensino m\u00e9dio j\u00e1 podem consultar o calend\u00e1rio dos R$ 3.000 do P\u00e9-de-Meia\" \/>\n<meta property=\"og:description\" content=\"Descubra como consultar o calend\u00e1rio dos pagamentos de at\u00e9 R$ 3.000 do P\u00e9-de-Meia para estudantes do ensino m\u00e9dio em 2026, e saiba quem tem direito, datas e valores.\" \/>\n<meta property=\"og:url\" content=\"https:\/\/www.pensarcursos.com.br\/blog\/estudantes-do-ensino-medio-ja-podem-consultar-o-calendario-dos-r-3-000-do-pe-de-meia\/\" \/>\n<meta property=\"og:site_name\" content=\"Blog Pensar Cursos\" \/>\n<meta property=\"article:publisher\" content=\"https:\/\/www.facebook.com\/pensarcursos\/\" \/>\n<meta property=\"article:published_time\" content=\"2026-03-10T18:39:21+00:00\" \/>\n<meta property=\"og:image\" content=\"https:\/\/www.pensarcursos.com.br\/blog\/wp-content\/uploads\/2026\/03\/calendario-de-pagamentos-do-pe-de-meia-2026.webp\" \/>\n\t<meta property=\"og:image:width\" content=\"1200\" \/>\n\t<meta property=\"og:image:height\" content=\"800\" \/>\n\t<meta property=\"og:image:type\" content=\"image\/webp\" \/>\n<meta name=\"author\" content=\"F\u00e1tima Azevedo\" \/>\n<meta name=\"twitter:card\" content=\"summary_large_image\" \/>\n<meta name=\"twitter:label1\" content=\"Escrito por\" \/>\n\t<meta name=\"twitter:data1\" content=\"F\u00e1tima Azevedo\" \/>\n\t<meta name=\"twitter:label2\" content=\"Est. tempo de leitura\" \/>\n\t<meta name=\"twitter:data2\" content=\"6 minutos\" \/>\n<!-- \/ Yoast SEO Premium plugin. -->","yoast_head_json":{"title":"Estudantes do ensino m\u00e9dio j\u00e1 podem consultar o calend\u00e1rio dos R$ 3.000 do P\u00e9-de-Meia - Blog Pensar Cursos","description":"Descubra como consultar o calend\u00e1rio dos pagamentos de at\u00e9 R$ 3.000 do P\u00e9-de-Meia para estudantes do ensino m\u00e9dio em 2026, e saiba quem tem direito, datas e valores.","robots":{"index":"index","follow":"follow","max-snippet":"max-snippet:-1","max-image-preview":"max-image-preview:large","max-video-preview":"max-video-preview:-1"},"canonical":"https:\/\/www.pensarcursos.com.br\/blog\/estudantes-do-ensino-medio-ja-podem-consultar-o-calendario-dos-r-3-000-do-pe-de-meia\/","og_locale":"pt_BR","og_type":"article","og_title":"Estudantes do ensino m\u00e9dio j\u00e1 podem consultar o calend\u00e1rio dos R$ 3.000 do P\u00e9-de-Meia","og_description":"Descubra como consultar o calend\u00e1rio dos pagamentos de at\u00e9 R$ 3.000 do P\u00e9-de-Meia para estudantes do ensino m\u00e9dio em 2026, e saiba quem tem direito, datas e valores.","og_url":"https:\/\/www.pensarcursos.com.br\/blog\/estudantes-do-ensino-medio-ja-podem-consultar-o-calendario-dos-r-3-000-do-pe-de-meia\/","og_site_name":"Blog Pensar Cursos","article_publisher":"https:\/\/www.facebook.com\/pensarcursos\/","article_published_time":"2026-03-10T18:39:21+00:00","og_image":[{"width":1200,"height":800,"url":"https:\/\/www.pensarcursos.com.br\/blog\/wp-content\/uploads\/2026\/03\/calendario-de-pagamentos-do-pe-de-meia-2026.webp","type":"image\/webp"}],"author":"F\u00e1tima Azevedo","twitter_card":"summary_large_image","twitter_misc":{"Escrito por":"F\u00e1tima Azevedo","Est. tempo de leitura":"6 minutos"},"schema":{"@context":"https:\/\/schema.org","@graph":[{"@type":["Article","BlogPosting"],"@id":"https:\/\/www.pensarcursos.com.br\/blog\/estudantes-do-ensino-medio-ja-podem-consultar-o-calendario-dos-r-3-000-do-pe-de-meia\/#article","isPartOf":{"@id":"https:\/\/www.pensarcursos.com.br\/blog\/estudantes-do-ensino-medio-ja-podem-consultar-o-calendario-dos-r-3-000-do-pe-de-meia\/"},"author":{"name":"F\u00e1tima Azevedo","@id":"https:\/\/www.pensarcursos.com.br\/blog\/#\/schema\/person\/827343e4611913410dcf62144b5b2a2d"},"headline":"Estudantes do ensino m\u00e9dio j\u00e1 podem consultar o calend\u00e1rio dos R$ 3.000 do P\u00e9-de-Meia","datePublished":"2026-03-10T18:39:21+00:00","mainEntityOfPage":{"@id":"https:\/\/www.pensarcursos.com.br\/blog\/estudantes-do-ensino-medio-ja-podem-consultar-o-calendario-dos-r-3-000-do-pe-de-meia\/"},"wordCount":924,"commentCount":0,"publisher":{"@id":"https:\/\/www.pensarcursos.com.br\/blog\/#organization"},"image":{"@id":"https:\/\/www.pensarcursos.com.br\/blog\/estudantes-do-ensino-medio-ja-podem-consultar-o-calendario-dos-r-3-000-do-pe-de-meia\/#primaryimage"},"thumbnailUrl":"https:\/\/www.pensarcursos.com.br\/blog\/wp-content\/uploads\/2026\/03\/calendario-de-pagamentos-do-pe-de-meia-2026.webp","keywords":["bolsa estudante ensino m\u00e9dio","calendario pe de meia","consultar calend\u00e1rio p\u00e9 de meia 2026","pagamento p\u00e9 de meia ensino m\u00e9dio"],"articleSection":["Benef\u00edcios Sociais","P\u00e9-de-Meia"],"inLanguage":"pt-BR","potentialAction":[{"@type":"CommentAction","name":"Comment","target":["https:\/\/www.pensarcursos.com.br\/blog\/estudantes-do-ensino-medio-ja-podem-consultar-o-calendario-dos-r-3-000-do-pe-de-meia\/#respond"]}],"copyrightYear":"2026","copyrightHolder":{"@id":"https:\/\/www.pensarcursos.com.br\/blog\/#organization"}},{"@type":"WebPage","@id":"https:\/\/www.pensarcursos.com.br\/blog\/estudantes-do-ensino-medio-ja-podem-consultar-o-calendario-dos-r-3-000-do-pe-de-meia\/","url":"https:\/\/www.pensarcursos.com.br\/blog\/estudantes-do-ensino-medio-ja-podem-consultar-o-calendario-dos-r-3-000-do-pe-de-meia\/","name":"Estudantes do ensino m\u00e9dio j\u00e1 podem consultar o calend\u00e1rio dos R$ 3.000 do P\u00e9-de-Meia - Blog Pensar Cursos","isPartOf":{"@id":"https:\/\/www.pensarcursos.com.br\/blog\/#website"},"primaryImageOfPage":{"@id":"https:\/\/www.pensarcursos.com.br\/blog\/estudantes-do-ensino-medio-ja-podem-consultar-o-calendario-dos-r-3-000-do-pe-de-meia\/#primaryimage"},"image":{"@id":"https:\/\/www.pensarcursos.com.br\/blog\/estudantes-do-ensino-medio-ja-podem-consultar-o-calendario-dos-r-3-000-do-pe-de-meia\/#primaryimage"},"thumbnailUrl":"https:\/\/www.pensarcursos.com.br\/blog\/wp-content\/uploads\/2026\/03\/calendario-de-pagamentos-do-pe-de-meia-2026.webp","datePublished":"2026-03-10T18:39:21+00:00","description":"Descubra como consultar o calend\u00e1rio dos pagamentos de at\u00e9 R$ 3.000 do P\u00e9-de-Meia para estudantes do ensino m\u00e9dio em 2026, e saiba quem tem direito, datas e valores.","breadcrumb":{"@id":"https:\/\/www.pensarcursos.com.br\/blog\/estudantes-do-ensino-medio-ja-podem-consultar-o-calendario-dos-r-3-000-do-pe-de-meia\/#breadcrumb"},"inLanguage":"pt-BR","potentialAction":[{"@type":"ReadAction","target":["https:\/\/www.pensarcursos.com.br\/blog\/estudantes-do-ensino-medio-ja-podem-consultar-o-calendario-dos-r-3-000-do-pe-de-meia\/"]}]},{"@type":"ImageObject","inLanguage":"pt-BR","@id":"https:\/\/www.pensarcursos.com.br\/blog\/estudantes-do-ensino-medio-ja-podem-consultar-o-calendario-dos-r-3-000-do-pe-de-meia\/#primaryimage","url":"https:\/\/www.pensarcursos.com.br\/blog\/wp-content\/uploads\/2026\/03\/calendario-de-pagamentos-do-pe-de-meia-2026.webp","contentUrl":"https:\/\/www.pensarcursos.com.br\/blog\/wp-content\/uploads\/2026\/03\/calendario-de-pagamentos-do-pe-de-meia-2026.webp","width":1200,"height":800,"caption":"Estudantes do ensino m\u00e9dio p\u00fablico j\u00e1 podem acessar o calend\u00e1rio do P\u00e9-de-Meia 2026 e verificar as datas previstas para receber os valores acumulados no programa. Imagem: Blog Pensar Cursos"},{"@type":"BreadcrumbList","@id":"https:\/\/www.pensarcursos.com.br\/blog\/estudantes-do-ensino-medio-ja-podem-consultar-o-calendario-dos-r-3-000-do-pe-de-meia\/#breadcrumb","itemListElement":[{"@type":"ListItem","position":1,"name":"Home","item":"https:\/\/www.pensarcursos.com.br\/blog\/"},{"@type":"ListItem","position":2,"name":"Estudantes do ensino m\u00e9dio j\u00e1 podem consultar o calend\u00e1rio dos R$ 3.000 do P\u00e9-de-Meia"}]},{"@type":"WebSite","@id":"https:\/\/www.pensarcursos.com.br\/blog\/#website","url":"https:\/\/www.pensarcursos.com.br\/blog\/","name":"Blog Pensar Cursos","description":"Maior Site de Cursos do Brasil","publisher":{"@id":"https:\/\/www.pensarcursos.com.br\/blog\/#organization"},"alternateName":"Blog Pensar","potentialAction":[{"@type":"SearchAction","target":{"@type":"EntryPoint","urlTemplate":"https:\/\/www.pensarcursos.com.br\/blog\/?s={search_term_string}"},"query-input":{"@type":"PropertyValueSpecification","valueRequired":true,"valueName":"search_term_string"}}],"inLanguage":"pt-BR"},{"@type":"Organization","@id":"https:\/\/www.pensarcursos.com.br\/blog\/#organization","name":"Pensar Cursos","alternateName":"Blog pensar","url":"https:\/\/www.pensarcursos.com.br\/blog\/","logo":{"@type":"ImageObject","inLanguage":"pt-BR","@id":"https:\/\/www.pensarcursos.com.br\/blog\/#\/schema\/logo\/image\/","url":"https:\/\/www.pensarcursos.com.br\/blog\/wp-content\/uploads\/2023\/11\/Nova-Logo-Pensar-Cursos-vertical.png","contentUrl":"https:\/\/www.pensarcursos.com.br\/blog\/wp-content\/uploads\/2023\/11\/Nova-Logo-Pensar-Cursos-vertical.png","width":1393,"height":1001,"caption":"Pensar Cursos"},"image":{"@id":"https:\/\/www.pensarcursos.com.br\/blog\/#\/schema\/logo\/image\/"},"sameAs":["https:\/\/www.facebook.com\/pensarcursos\/","https:\/\/instagram.com.br\/pensarcursos"],"description":"Pensar Cursos \u00e9 uma empresa especializada em oferecer cursos de alta qualidade voltados para o desenvolvimento profissional e acad\u00eamico. Com uma ampla gama de op\u00e7\u00f5es de treinamento, oferecemos conte\u00fados atualizados, ministrados por especialistas da \u00e1rea, para capacitar indiv\u00edduos e equipes a atingirem seus objetivos. Nossa miss\u00e3o \u00e9 proporcionar uma educa\u00e7\u00e3o transformadora, acess\u00edvel e personalizada para cada aluno, seja em cursos presenciais ou online. Com uma abordagem inovadora, buscamos adaptar os nossos programas de ensino \u00e0s necessidades do mercado, criando solu\u00e7\u00f5es que atendem aos desafios e exig\u00eancias do mundo corporativo e acad\u00eamico. Nossos cursos incluem desde forma\u00e7\u00f5es t\u00e9cnicas at\u00e9 habilidades essenciais, como lideran\u00e7a, gest\u00e3o e desenvolvimento pessoal.","email":"contato@pensarcursos.com.br","legalName":"Sena Servi\u00e7os de Informa\u00e7\u00e3o Online LTDA","foundingDate":"2013-04-18","vatID":"17956217000172","numberOfEmployees":{"@type":"QuantitativeValue","minValue":"11","maxValue":"50"},"publishingPrinciples":"https:\/\/www.pensarcursos.com.br\/blog\/principios-de-publicacao\/","ownershipFundingInfo":"https:\/\/www.pensarcursos.com.br\/blog\/informacoes-de-propriedade-financiamento\/","actionableFeedbackPolicy":"https:\/\/www.pensarcursos.com.br\/blog\/politica-de-feedback-acionavel\/","correctionsPolicy":"https:\/\/www.pensarcursos.com.br\/blog\/politica-de-correcoes\/","ethicsPolicy":"https:\/\/www.pensarcursos.com.br\/blog\/politica-de-etica\/"},{"@type":"Person","@id":"https:\/\/www.pensarcursos.com.br\/blog\/#\/schema\/person\/827343e4611913410dcf62144b5b2a2d","name":"F\u00e1tima Azevedo","image":{"@type":"ImageObject","inLanguage":"pt-BR","@id":"https:\/\/secure.gravatar.com\/avatar\/ea820c84e212573cc3f119ba576278fe7ad07b69ed7ca0c33223662227bb77ca?s=96&d=mm&r=g","url":"https:\/\/secure.gravatar.com\/avatar\/ea820c84e212573cc3f119ba576278fe7ad07b69ed7ca0c33223662227bb77ca?s=96&d=mm&r=g","contentUrl":"https:\/\/secure.gravatar.com\/avatar\/ea820c84e212573cc3f119ba576278fe7ad07b69ed7ca0c33223662227bb77ca?s=96&d=mm&r=g","caption":"F\u00e1tima Azevedo"},"description":"Graduada em Ci\u00eancias Biol\u00f3gicas. Professora. Redatora grupo Sena Online.","sameAs":["https:\/\/www.linkedin.com\/in\/maria-de-f\u00e1tima-oliveira-da-costa-74a1692a7"],"url":"https:\/\/www.pensarcursos.com.br\/blog\/author\/fatima\/"}]}},"_links":{"self":[{"href":"https:\/\/www.pensarcursos.com.br\/blog\/wp-json\/wp\/v2\/posts\/149179","targetHints":{"allow":["GET"]}}],"collection":[{"href":"https:\/\/www.pensarcursos.com.br\/blog\/wp-json\/wp\/v2\/posts"}],"about":[{"href":"https:\/\/www.pensarcursos.com.br\/blog\/wp-json\/wp\/v2\/types\/post"}],"author":[{"embeddable":true,"href":"https:\/\/www.pensarcursos.com.br\/blog\/wp-json\/wp\/v2\/users\/41"}],"replies":[{"embeddable":true,"href":"https:\/\/www.pensarcursos.com.br\/blog\/wp-json\/wp\/v2\/comments?post=149179"}],"version-history":[{"count":0,"href":"https:\/\/www.pensarcursos.com.br\/blog\/wp-json\/wp\/v2\/posts\/149179\/revisions"}],"wp:featuredmedia":[{"embeddable":true,"href":"https:\/\/www.pensarcursos.com.br\/blog\/wp-json\/wp\/v2\/media\/149185"}],"wp:attachment":[{"href":"https:\/\/www.pensarcursos.com.br\/blog\/wp-json\/wp\/v2\/media?parent=149179"}],"wp:term":[{"taxonomy":"category","embeddable":true,"href":"https:\/\/www.pensarcursos.com.br\/blog\/wp-json\/wp\/v2\/categories?post=149179"},{"taxonomy":"post_tag","embeddable":true,"href":"https:\/\/www.pensarcursos.com.br\/blog\/wp-json\/wp\/v2\/tags?post=149179"}],"curies":[{"name":"wp","href":"https:\/\/api.w.org\/{rel}","templated":true}]}}