{"id":149154,"date":"2026-03-10T13:29:03","date_gmt":"2026-03-10T16:29:03","guid":{"rendered":"https:\/\/www.pensarcursos.com.br\/blog\/?p=149154"},"modified":"2026-03-10T16:34:04","modified_gmt":"2026-03-10T19:34:04","slug":"declaracao-do-imposto-de-renda-2026-comeca-na-proxima-semana-saiba-o-que-muda-este-ano","status":"publish","type":"post","link":"https:\/\/www.pensarcursos.com.br\/blog\/declaracao-do-imposto-de-renda-2026-comeca-na-proxima-semana-saiba-o-que-muda-este-ano\/","title":{"rendered":"Declara\u00e7\u00e3o do Imposto de Renda 2026 come\u00e7a na pr\u00f3xima semana; saiba o que muda este ano"},"content":{"rendered":"<p>Muitos brasileiros ter\u00e3o surpresas ao iniciar a declara\u00e7\u00e3o do Imposto de Renda deste ano. Algumas mudan\u00e7as importantes n\u00e3o entrar\u00e3o em vigor nesta etapa, mas regras fundamentais se mant\u00eam e definem quem precisa ou n\u00e3o prestar contas \u00e0 Receita Federal em 2026. Veja como se preparar e entenda o que realmente muda.<\/p>\n<p>A Receita Federal definir\u00e1 as regras oficiais para a Declara\u00e7\u00e3o do Imposto de Renda Pessoa F\u00edsica (IRPF) 2026 na pr\u00f3xima segunda-feira, dia 16.<\/p>\n<p>A expectativa \u00e9 que o per\u00edodo de entrega da declara\u00e7\u00e3o comece nesta mesma data e v\u00e1 at\u00e9 29 de maio, \u00faltimo dia \u00fatil do m\u00eas, repetindo o padr\u00e3o dos anos anteriores.<\/p>\n<h2>Nova faixa de isen\u00e7\u00e3o: entenda o que muda<\/h2>\n<p>Em 2026, trabalhadores que recebem at\u00e9 <strong>R$ 5 mil mensais<\/strong> come\u00e7aram a sentir al\u00edvio no or\u00e7amento por causa da nova tabela do imposto.<\/p>\n<p>Por\u00e9m, na<a href=\"https:\/\/www.pensarcursos.com.br\/blog\/quando-comeca-a-declaracao-do-imposto-de-renda-2026-e-quem-precisa-declarar\/\"> declara\u00e7\u00e3o<\/a> de 2026, v\u00e1lida para rendimentos obtidos em 2025, a faixa de isen\u00e7\u00e3o oficial permanece em <strong>R$ 2.428,80<\/strong>\u00a0por m\u00eas. Considerando dedu\u00e7\u00f5es, esse valor pode chegar a\u00a0<strong>R$ 3.036<\/strong>, equivalente a dois sal\u00e1rios m\u00ednimos em 2025.<\/p>\n<p>A regra do novo limite de isen\u00e7\u00e3o valer\u00e1 apenas para rendimentos de 2026, com reflexos pr\u00e1ticos na declara\u00e7\u00e3o de 2027. Por isso, \u00e9 frequente a confus\u00e3o entre n\u00e3o pagar imposto e a obriga\u00e7\u00e3o de entregar a declara\u00e7\u00e3o.<\/p>\n<figure id=\"attachment_149164\" aria-describedby=\"caption-attachment-149164\" style=\"width: 750px\" class=\"wp-caption alignnone\"><img decoding=\"async\" class=\"wp-image-149164 size-jnews-featured-750\" src=\"https:\/\/www.pensarcursos.com.br\/blog\/wp-content\/uploads\/2026\/03\/regras-imposto-de-renda-750x500.webp\" alt=\"Duas m\u00e3os segurando e contando notas de cinquenta reais novas em destaque, simbolizando as regras do Imposto de Renda 2026.\" width=\"750\" height=\"500\" srcset=\"https:\/\/www.pensarcursos.com.br\/blog\/wp-content\/uploads\/2026\/03\/regras-imposto-de-renda-750x500.webp 750w, https:\/\/www.pensarcursos.com.br\/blog\/wp-content\/uploads\/2026\/03\/regras-imposto-de-renda-300x200.webp 300w, https:\/\/www.pensarcursos.com.br\/blog\/wp-content\/uploads\/2026\/03\/regras-imposto-de-renda-1024x683.webp 1024w, https:\/\/www.pensarcursos.com.br\/blog\/wp-content\/uploads\/2026\/03\/regras-imposto-de-renda-768x512.webp 768w, https:\/\/www.pensarcursos.com.br\/blog\/wp-content\/uploads\/2026\/03\/regras-imposto-de-renda-1140x760.webp 1140w, https:\/\/www.pensarcursos.com.br\/blog\/wp-content\/uploads\/2026\/03\/regras-imposto-de-renda.webp 1200w\" sizes=\"(max-width: 750px) 100vw, 750px\" \/><figcaption id=\"caption-attachment-149164\" class=\"wp-caption-text\">Abaixo, confira quem precisa declarar em 2026. Fonte: Blog Pensar Cursos<\/figcaption><\/figure>\n<h2>Quem precisa declarar o Imposto de Renda em 2026?<\/h2>\n<p>De acordo com as regras mantidas para o exerc\u00edcio fiscal de 2026, \u00e9 necess\u00e1rio declarar se, em 2025, voc\u00ea:<\/p>\n<ul>\n<li>Recebeu rendimentos tribut\u00e1veis (sal\u00e1rio, aposentadoria, aluguel) acima de\u00a0<strong>R$ 33.888<\/strong>\u00a0no ano;<\/li>\n<li>Teve rendimentos isentos, n\u00e3o tribut\u00e1veis ou tributados exclusivamente na fonte acima de\u00a0<strong>R$ 200 mil<\/strong>;<\/li>\n<li>Obteve receita bruta de atividade rural acima de\u00a0<strong>R$ 169.440<\/strong>;<\/li>\n<li>Ganhou capital na venda de bens ou direitos;<\/li>\n<li>Realizou opera\u00e7\u00f5es em bolsa de valores, mercadorias ou futuros superiores a\u00a0<strong>R$ 40 mil<\/strong>;<\/li>\n<li>Fez opera\u00e7\u00f5es de day trade na bolsa com lucro;<\/li>\n<li>Vendeu a\u00e7\u00f5es com lucro em meses com volume acima de\u00a0<strong>R$ 20 mil<\/strong>;<\/li>\n<li>Tinha, at\u00e9 31 de dezembro, bens ou direitos que totalizam mais de\u00a0<strong>R$ 800 mil<\/strong>;<\/li>\n<li>Passou a residir no Brasil em 2025;<\/li>\n<li>Declarou bens ou participa\u00e7\u00f5es fora do pa\u00eds, foi titular ou benefici\u00e1rio de trusts no exterior, atualizou bens exteriores a valor de mercado ou recebeu rendimentos financeiros de entidades estrangeiras;<\/li>\n<li>Optou por isen\u00e7\u00e3o de ganho de capital na venda de im\u00f3vel residencial, desde que tenha reinvestido em outro im\u00f3vel em at\u00e9 180 dias.<\/li>\n<\/ul>\n<h2>Ficar isento do imposto elimina a obriga\u00e7\u00e3o de declarar?<\/h2>\n<p>Nem sempre. Quem est\u00e1 isento do pagamento mensal n\u00e3o est\u00e1 automaticamente livre de declarar. O Fisco tamb\u00e9m observa crit\u00e9rios como patrim\u00f4nio, opera\u00e7\u00f5es financeiras e investimentos.<\/p>\n<p>Portanto, mesmo com recebimentos abaixo do limite mensal, outros fatores podem obrigar o contribuinte a entregar a <a href=\"https:\/\/www.pensarcursos.com.br\/blog\/imposto-de-renda-2026-nao-perca-o-prazo-da-declaracao-e-fuja-da-malha-fina\/\">declara\u00e7\u00e3o<\/a>.<\/p>\n<h2>Documentos para a declara\u00e7\u00e3o do IRPF em 2026<\/h2>\n<h3>Documentos pessoais<\/h3>\n<ul>\n<li>Documento com CPF (RG ou CNH);<\/li>\n<li>Comprovante de endere\u00e7o atualizado;<\/li>\n<li>CPF do c\u00f4njuge;<\/li>\n<li>N\u00famero do t\u00edtulo de eleitor;<\/li>\n<li>Recibo da declara\u00e7\u00e3o anterior;<\/li>\n<li>N\u00famero do PIS, NIT ou INSS;<\/li>\n<li>Dados de dependentes ou alimentandos.<\/li>\n<\/ul>\n<h3>Comprovantes de renda<\/h3>\n<ul>\n<li>Informes de rendimentos do titular e dependentes;<\/li>\n<li>Extratos banc\u00e1rios e de aplica\u00e7\u00f5es;<\/li>\n<li>Relat\u00f3rios de alugu\u00e9is recebidos;<\/li>\n<li>Informes de previd\u00eancia privada;<\/li>\n<li>Comprovantes de programas de incentivo \u00e0 nota fiscal.<\/li>\n<\/ul>\n<h3>Renda vari\u00e1vel<\/h3>\n<ul>\n<li>Notas de corretagem;<\/li>\n<li>Comprovantes de DARF pagos;<\/li>\n<li>Informes dos investimentos.<\/li>\n<\/ul>\n<h3>Comprovantes para dedu\u00e7\u00f5es<\/h3>\n<ul>\n<li>Informes e comprovantes de pagamento a planos de sa\u00fade e de fundos de pens\u00e3o;<\/li>\n<li>Comprovantes de despesas dedut\u00edveis devem ser guardados para poss\u00edvel comprova\u00e7\u00e3o.<\/li>\n<\/ul>\n<h2>Restitui\u00e7\u00e3o: datas previstas para o pagamento<\/h2>\n<p>O pagamento da restitui\u00e7\u00e3o seguir\u00e1 o padr\u00e3o dos \u00faltimos anos. A previs\u00e3o \u00e9 de que o <strong>primeiro lote<\/strong>\u00a0seja liberado em\u00a0<strong>29 de maio<\/strong>\u00a0e o <strong>quinto e \u00faltimo lote<\/strong>\u00a0deve ser pago em\u00a0<strong>30 de setembro<\/strong>. Quem faz a declara\u00e7\u00e3o no in\u00edcio e indica conta banc\u00e1ria correta normalmente recebe primeiro.<\/p>\n<h2>Informe de rendimentos: onde obter?<\/h2>\n<p>Empregadores, INSS e institui\u00e7\u00f5es financeiras enviaram os informes at\u00e9 27 de fevereiro. Caso o contribuinte n\u00e3o tenha recebido, pode solicitar diretamente \u00e0 empresa ou acessar a declara\u00e7\u00e3o pr\u00e9-preenchida pelo sistema da Receita Federal a partir do in\u00edcio do prazo.<\/p>\n<p>Para obter mais informa\u00e7\u00f5es sobre o IR de 2026, acompanhe o <a href=\"https:\/\/www.pensarcursos.com.br\/blog\/\"><strong>Blog Pensar Cursos<\/strong><\/a> diariamente e fique sempre atualizado.<\/p>\n<blockquote class=\"instagram-media\" data-instgrm-captioned data-instgrm-permalink=\"https:\/\/www.instagram.com\/reel\/DVttNcMjxt-\/?utm_source=ig_embed&amp;utm_campaign=loading\" data-instgrm-version=\"14\" style=\" background:#FFF; border:0; border-radius:3px; box-shadow:0 0 1px 0 rgba(0,0,0,0.5),0 1px 10px 0 rgba(0,0,0,0.15); margin: 1px; max-width:540px; min-width:326px; padding:0; width:99.375%; width:-webkit-calc(100% - 2px); width:calc(100% - 2px);\">\n<div style=\"padding:16px;\"> <a href=\"https:\/\/www.instagram.com\/reel\/DVttNcMjxt-\/?utm_source=ig_embed&amp;utm_campaign=loading\" style=\" background:#FFFFFF; line-height:0; padding:0 0; text-align:center; text-decoration:none; width:100%;\" target=\"_blank\"> <\/p>\n<div style=\" display: flex; flex-direction: row; align-items: center;\">\n<div style=\"background-color: #F4F4F4; border-radius: 50%; flex-grow: 0; height: 40px; margin-right: 14px; width: 40px;\"><\/div>\n<div style=\"display: flex; flex-direction: column; flex-grow: 1; justify-content: center;\">\n<div style=\" background-color: #F4F4F4; border-radius: 4px; flex-grow: 0; height: 14px; margin-bottom: 6px; width: 100px;\"><\/div>\n<div style=\" background-color: #F4F4F4; border-radius: 4px; flex-grow: 0; height: 14px; width: 60px;\"><\/div>\n<\/div>\n<\/div>\n<div style=\"padding: 19% 0;\"><\/div>\n<div style=\"display:block; height:50px; margin:0 auto 12px; width:50px;\"><svg width=\"50px\" height=\"50px\" viewBox=\"0 0 60 60\" version=\"1.1\" xmlns=\"https:\/\/www.w3.org\/2000\/svg\" xmlns:xlink=\"https:\/\/www.w3.org\/1999\/xlink\"><g stroke=\"none\" stroke-width=\"1\" fill=\"none\" fill-rule=\"evenodd\"><g transform=\"translate(-511.000000, -20.000000)\" fill=\"#000000\"><g><path d=\"M556.869,30.41 C554.814,30.41 553.148,32.076 553.148,34.131 C553.148,36.186 554.814,37.852 556.869,37.852 C558.924,37.852 560.59,36.186 560.59,34.131 C560.59,32.076 558.924,30.41 556.869,30.41 M541,60.657 C535.114,60.657 530.342,55.887 530.342,50 C530.342,44.114 535.114,39.342 541,39.342 C546.887,39.342 551.658,44.114 551.658,50 C551.658,55.887 546.887,60.657 541,60.657 M541,33.886 C532.1,33.886 524.886,41.1 524.886,50 C524.886,58.899 532.1,66.113 541,66.113 C549.9,66.113 557.115,58.899 557.115,50 C557.115,41.1 549.9,33.886 541,33.886 M565.378,62.101 C565.244,65.022 564.756,66.606 564.346,67.663 C563.803,69.06 563.154,70.057 562.106,71.106 C561.058,72.155 560.06,72.803 558.662,73.347 C557.607,73.757 556.021,74.244 553.102,74.378 C549.944,74.521 548.997,74.552 541,74.552 C533.003,74.552 532.056,74.521 528.898,74.378 C525.979,74.244 524.393,73.757 523.338,73.347 C521.94,72.803 520.942,72.155 519.894,71.106 C518.846,70.057 518.197,69.06 517.654,67.663 C517.244,66.606 516.755,65.022 516.623,62.101 C516.479,58.943 516.448,57.996 516.448,50 C516.448,42.003 516.479,41.056 516.623,37.899 C516.755,34.978 517.244,33.391 517.654,32.338 C518.197,30.938 518.846,29.942 519.894,28.894 C520.942,27.846 521.94,27.196 523.338,26.654 C524.393,26.244 525.979,25.756 528.898,25.623 C532.057,25.479 533.004,25.448 541,25.448 C548.997,25.448 549.943,25.479 553.102,25.623 C556.021,25.756 557.607,26.244 558.662,26.654 C560.06,27.196 561.058,27.846 562.106,28.894 C563.154,29.942 563.803,30.938 564.346,32.338 C564.756,33.391 565.244,34.978 565.378,37.899 C565.522,41.056 565.552,42.003 565.552,50 C565.552,57.996 565.522,58.943 565.378,62.101 M570.82,37.631 C570.674,34.438 570.167,32.258 569.425,30.349 C568.659,28.377 567.633,26.702 565.965,25.035 C564.297,23.368 562.623,22.342 560.652,21.575 C558.743,20.834 556.562,20.326 553.369,20.18 C550.169,20.033 549.148,20 541,20 C532.853,20 531.831,20.033 528.631,20.18 C525.438,20.326 523.257,20.834 521.349,21.575 C519.376,22.342 517.703,23.368 516.035,25.035 C514.368,26.702 513.342,28.377 512.574,30.349 C511.834,32.258 511.326,34.438 511.181,37.631 C511.035,40.831 511,41.851 511,50 C511,58.147 511.035,59.17 511.181,62.369 C511.326,65.562 511.834,67.743 512.574,69.651 C513.342,71.625 514.368,73.296 516.035,74.965 C517.703,76.634 519.376,77.658 521.349,78.425 C523.257,79.167 525.438,79.673 528.631,79.82 C531.831,79.965 532.853,80.001 541,80.001 C549.148,80.001 550.169,79.965 553.369,79.82 C556.562,79.673 558.743,79.167 560.652,78.425 C562.623,77.658 564.297,76.634 565.965,74.965 C567.633,73.296 568.659,71.625 569.425,69.651 C570.167,67.743 570.674,65.562 570.82,62.369 C570.966,59.17 571,58.147 571,50 C571,41.851 570.966,40.831 570.82,37.631\"><\/path><\/g><\/g><\/g><\/svg><\/div>\n<div style=\"padding-top: 8px;\">\n<div style=\" color:#3897f0; font-family:Arial,sans-serif; font-size:14px; font-style:normal; font-weight:550; line-height:18px;\">Ver essa foto no Instagram<\/div>\n<\/div>\n<div style=\"padding: 12.5% 0;\"><\/div>\n<div style=\"display: flex; flex-direction: row; margin-bottom: 14px; align-items: center;\">\n<div>\n<div style=\"background-color: #F4F4F4; border-radius: 50%; height: 12.5px; width: 12.5px; transform: translateX(0px) translateY(7px);\"><\/div>\n<div style=\"background-color: #F4F4F4; height: 12.5px; transform: rotate(-45deg) translateX(3px) translateY(1px); width: 12.5px; flex-grow: 0; margin-right: 14px; margin-left: 2px;\"><\/div>\n<div style=\"background-color: #F4F4F4; border-radius: 50%; height: 12.5px; width: 12.5px; transform: translateX(9px) translateY(-18px);\"><\/div>\n<\/div>\n<div style=\"margin-left: 8px;\">\n<div style=\" background-color: #F4F4F4; border-radius: 50%; flex-grow: 0; height: 20px; width: 20px;\"><\/div>\n<div style=\" width: 0; height: 0; border-top: 2px solid transparent; border-left: 6px solid #f4f4f4; border-bottom: 2px solid transparent; transform: translateX(16px) translateY(-4px) rotate(30deg)\"><\/div>\n<\/div>\n<div style=\"margin-left: auto;\">\n<div style=\" width: 0px; border-top: 8px solid #F4F4F4; border-right: 8px solid transparent; transform: translateY(16px);\"><\/div>\n<div style=\" background-color: #F4F4F4; flex-grow: 0; height: 12px; width: 16px; transform: translateY(-4px);\"><\/div>\n<div style=\" width: 0; height: 0; border-top: 8px solid #F4F4F4; border-left: 8px solid transparent; transform: translateY(-4px) translateX(8px);\"><\/div>\n<\/div>\n<\/div>\n<div style=\"display: flex; flex-direction: column; flex-grow: 1; justify-content: center; margin-bottom: 24px;\">\n<div style=\" background-color: #F4F4F4; border-radius: 4px; flex-grow: 0; height: 14px; margin-bottom: 6px; width: 224px;\"><\/div>\n<div style=\" background-color: #F4F4F4; border-radius: 4px; flex-grow: 0; height: 14px; width: 144px;\"><\/div>\n<\/div>\n<p><\/a><\/p>\n<p style=\" color:#c9c8cd; font-family:Arial,sans-serif; font-size:14px; line-height:17px; margin-bottom:0; margin-top:8px; overflow:hidden; padding:8px 0 7px; text-align:center; text-overflow:ellipsis; white-space:nowrap;\"><a href=\"https:\/\/www.instagram.com\/reel\/DVttNcMjxt-\/?utm_source=ig_embed&amp;utm_campaign=loading\" style=\" color:#c9c8cd; font-family:Arial,sans-serif; font-size:14px; font-style:normal; font-weight:normal; line-height:17px; text-decoration:none;\" target=\"_blank\">Um post compartilhado por Jornal Mix (@jornalmixbr)<\/a><\/p>\n<\/div>\n<\/blockquote>\n<p><script async src=\"\/\/www.instagram.com\/embed.js\"><\/script><\/p>\n","protected":false},"excerpt":{"rendered":"<p>Muitos brasileiros ter\u00e3o surpresas ao iniciar a declara\u00e7\u00e3o do Imposto de Renda deste ano. Algumas mudan\u00e7as importantes n\u00e3o entrar\u00e3o em vigor nesta etapa, mas regras fundamentais se mant\u00eam e definem quem precisa ou n\u00e3o prestar contas \u00e0 Receita Federal em 2026. Veja como se preparar e entenda o que realmente muda. A Receita Federal definir\u00e1 [&hellip;]<\/p>\n","protected":false},"author":62,"featured_media":149163,"comment_status":"open","ping_status":"closed","sticky":false,"template":"","format":"standard","meta":{"jnews-multi-image_gallery":[],"jnews_single_post":{"format":"standard","override":[{"template":"1","parallax":"1","fullscreen":"1","layout":"right-sidebar","sidebar":"default-sidebar","second_sidebar":"default-sidebar","sticky_sidebar":"1","share_position":"topbottom","share_float_style":"share-monocrhome","show_featured":"1","show_post_meta":"1","show_post_author":"1","show_post_author_image":"1","show_post_date":"1","post_date_format":"default","post_date_format_custom":"Y\/m\/d","show_post_category":"1","post_reading_time_wpm":"300","post_calculate_word_method":"str_word_count","show_zoom_button":"0","zoom_button_out_step":"2","zoom_button_in_step":"3","show_post_tag":"1","show_prev_next_post":"1","show_popup_post":"1","show_comment_section":"1","number_popup_post":"2","show_author_box":"1","show_post_related":"1","show_inline_post_related":"1"}],"image_override":[{"single_post_thumbnail_size":"crop-500","single_post_gallery_size":"crop-500"}],"trending_post_position":"meta","trending_post_label":"Trending","sponsored_post_label":"Sponsored by","disable_ad":"0","subtitle":"Documentos, crit\u00e9rios de obrigatoriedade e cronograma: veja o que permanece e o que muda no IR 2026"},"jnews_primary_category":[],"jnews_social_meta":[],"jnews_override_counter":{"view_counter_number":"0","share_counter_number":"0","like_counter_number":"0","dislike_counter_number":"0"},"footnotes":""},"categories":[6194],"tags":[39389,33710,38929,39388],"class_list":["post-149154","post","type-post","status-publish","format-standard","has-post-thumbnail","hentry","category-economia","tag-faixa-de-isencao","tag-imposto-de-renda-2026","tag-irpf-2026","tag-prazo-entrega-ir"],"yoast_head":"<!-- This site is optimized with the Yoast SEO Premium plugin v27.4 (Yoast SEO v27.4) - https:\/\/yoast.com\/product\/yoast-seo-premium-wordpress\/ -->\n<title>Declara\u00e7\u00e3o do Imposto de Renda 2026 come\u00e7a na pr\u00f3xima semana; saiba o que muda este ano - Blog Pensar Cursos<\/title>\n<meta name=\"description\" content=\"Imposto de renda 2026 traz regras mantidas e novidades para isen\u00e7\u00e3o s\u00f3 em 2027. Evite erros na declara\u00e7\u00e3o e saiba quem deve entregar. Veja mais!\" \/>\n<meta name=\"robots\" content=\"index, follow, max-snippet:-1, max-image-preview:large, max-video-preview:-1\" \/>\n<link rel=\"canonical\" href=\"https:\/\/www.pensarcursos.com.br\/blog\/declaracao-do-imposto-de-renda-2026-comeca-na-proxima-semana-saiba-o-que-muda-este-ano\/\" \/>\n<meta property=\"og:locale\" content=\"pt_BR\" \/>\n<meta property=\"og:type\" content=\"article\" \/>\n<meta property=\"og:title\" content=\"Declara\u00e7\u00e3o do Imposto de Renda 2026 come\u00e7a na pr\u00f3xima semana; saiba o que muda este ano\" \/>\n<meta property=\"og:description\" content=\"Imposto de renda 2026 traz regras mantidas e novidades para isen\u00e7\u00e3o s\u00f3 em 2027. Evite erros na declara\u00e7\u00e3o e saiba quem deve entregar. Veja mais!\" \/>\n<meta property=\"og:url\" content=\"https:\/\/www.pensarcursos.com.br\/blog\/declaracao-do-imposto-de-renda-2026-comeca-na-proxima-semana-saiba-o-que-muda-este-ano\/\" \/>\n<meta property=\"og:site_name\" content=\"Blog Pensar Cursos\" \/>\n<meta property=\"article:publisher\" content=\"https:\/\/www.facebook.com\/pensarcursos\/\" \/>\n<meta property=\"article:published_time\" content=\"2026-03-10T16:29:03+00:00\" \/>\n<meta property=\"article:modified_time\" content=\"2026-03-10T19:34:04+00:00\" \/>\n<meta property=\"og:image\" content=\"https:\/\/www.pensarcursos.com.br\/blog\/wp-content\/uploads\/2026\/03\/regras-imposto-de-renda-2026.webp\" \/>\n\t<meta property=\"og:image:width\" content=\"1200\" \/>\n\t<meta property=\"og:image:height\" content=\"800\" \/>\n\t<meta property=\"og:image:type\" content=\"image\/webp\" \/>\n<meta name=\"author\" content=\"Gustavo Carvalho\" \/>\n<meta name=\"twitter:card\" content=\"summary_large_image\" \/>\n<meta name=\"twitter:label1\" content=\"Escrito por\" \/>\n\t<meta name=\"twitter:data1\" content=\"Gustavo Carvalho\" \/>\n\t<meta name=\"twitter:label2\" content=\"Est. tempo de leitura\" \/>\n\t<meta name=\"twitter:data2\" content=\"5 minutos\" \/>\n<!-- \/ Yoast SEO Premium plugin. -->","yoast_head_json":{"title":"Declara\u00e7\u00e3o do Imposto de Renda 2026 come\u00e7a na pr\u00f3xima semana; saiba o que muda este ano - Blog Pensar Cursos","description":"Imposto de renda 2026 traz regras mantidas e novidades para isen\u00e7\u00e3o s\u00f3 em 2027. Evite erros na declara\u00e7\u00e3o e saiba quem deve entregar. Veja mais!","robots":{"index":"index","follow":"follow","max-snippet":"max-snippet:-1","max-image-preview":"max-image-preview:large","max-video-preview":"max-video-preview:-1"},"canonical":"https:\/\/www.pensarcursos.com.br\/blog\/declaracao-do-imposto-de-renda-2026-comeca-na-proxima-semana-saiba-o-que-muda-este-ano\/","og_locale":"pt_BR","og_type":"article","og_title":"Declara\u00e7\u00e3o do Imposto de Renda 2026 come\u00e7a na pr\u00f3xima semana; saiba o que muda este ano","og_description":"Imposto de renda 2026 traz regras mantidas e novidades para isen\u00e7\u00e3o s\u00f3 em 2027. Evite erros na declara\u00e7\u00e3o e saiba quem deve entregar. Veja mais!","og_url":"https:\/\/www.pensarcursos.com.br\/blog\/declaracao-do-imposto-de-renda-2026-comeca-na-proxima-semana-saiba-o-que-muda-este-ano\/","og_site_name":"Blog Pensar Cursos","article_publisher":"https:\/\/www.facebook.com\/pensarcursos\/","article_published_time":"2026-03-10T16:29:03+00:00","article_modified_time":"2026-03-10T19:34:04+00:00","og_image":[{"width":1200,"height":800,"url":"https:\/\/www.pensarcursos.com.br\/blog\/wp-content\/uploads\/2026\/03\/regras-imposto-de-renda-2026.webp","type":"image\/webp"}],"author":"Gustavo Carvalho","twitter_card":"summary_large_image","twitter_misc":{"Escrito por":"Gustavo Carvalho","Est. tempo de leitura":"5 minutos"},"schema":{"@context":"https:\/\/schema.org","@graph":[{"@type":["Article","BlogPosting"],"@id":"https:\/\/www.pensarcursos.com.br\/blog\/declaracao-do-imposto-de-renda-2026-comeca-na-proxima-semana-saiba-o-que-muda-este-ano\/#article","isPartOf":{"@id":"https:\/\/www.pensarcursos.com.br\/blog\/declaracao-do-imposto-de-renda-2026-comeca-na-proxima-semana-saiba-o-que-muda-este-ano\/"},"author":{"name":"Gustavo Carvalho","@id":"https:\/\/www.pensarcursos.com.br\/blog\/#\/schema\/person\/9afea5510aa32a28c7f997b61d3f9959"},"headline":"Declara\u00e7\u00e3o do Imposto de Renda 2026 come\u00e7a na pr\u00f3xima semana; saiba o que muda este ano","datePublished":"2026-03-10T16:29:03+00:00","dateModified":"2026-03-10T19:34:04+00:00","mainEntityOfPage":{"@id":"https:\/\/www.pensarcursos.com.br\/blog\/declaracao-do-imposto-de-renda-2026-comeca-na-proxima-semana-saiba-o-que-muda-este-ano\/"},"wordCount":776,"commentCount":0,"publisher":{"@id":"https:\/\/www.pensarcursos.com.br\/blog\/#organization"},"image":{"@id":"https:\/\/www.pensarcursos.com.br\/blog\/declaracao-do-imposto-de-renda-2026-comeca-na-proxima-semana-saiba-o-que-muda-este-ano\/#primaryimage"},"thumbnailUrl":"https:\/\/www.pensarcursos.com.br\/blog\/wp-content\/uploads\/2026\/03\/regras-imposto-de-renda-2026.webp","keywords":["faixa de isen\u00e7\u00e3o","Imposto de Renda 2026","irpf 2026","prazo entrega ir"],"articleSection":["Economia"],"inLanguage":"pt-BR","potentialAction":[{"@type":"CommentAction","name":"Comment","target":["https:\/\/www.pensarcursos.com.br\/blog\/declaracao-do-imposto-de-renda-2026-comeca-na-proxima-semana-saiba-o-que-muda-este-ano\/#respond"]}],"copyrightYear":"2026","copyrightHolder":{"@id":"https:\/\/www.pensarcursos.com.br\/blog\/#organization"}},{"@type":"WebPage","@id":"https:\/\/www.pensarcursos.com.br\/blog\/declaracao-do-imposto-de-renda-2026-comeca-na-proxima-semana-saiba-o-que-muda-este-ano\/","url":"https:\/\/www.pensarcursos.com.br\/blog\/declaracao-do-imposto-de-renda-2026-comeca-na-proxima-semana-saiba-o-que-muda-este-ano\/","name":"Declara\u00e7\u00e3o do Imposto de Renda 2026 come\u00e7a na pr\u00f3xima semana; saiba o que muda este ano - Blog Pensar Cursos","isPartOf":{"@id":"https:\/\/www.pensarcursos.com.br\/blog\/#website"},"primaryImageOfPage":{"@id":"https:\/\/www.pensarcursos.com.br\/blog\/declaracao-do-imposto-de-renda-2026-comeca-na-proxima-semana-saiba-o-que-muda-este-ano\/#primaryimage"},"image":{"@id":"https:\/\/www.pensarcursos.com.br\/blog\/declaracao-do-imposto-de-renda-2026-comeca-na-proxima-semana-saiba-o-que-muda-este-ano\/#primaryimage"},"thumbnailUrl":"https:\/\/www.pensarcursos.com.br\/blog\/wp-content\/uploads\/2026\/03\/regras-imposto-de-renda-2026.webp","datePublished":"2026-03-10T16:29:03+00:00","dateModified":"2026-03-10T19:34:04+00:00","description":"Imposto de renda 2026 traz regras mantidas e novidades para isen\u00e7\u00e3o s\u00f3 em 2027. Evite erros na declara\u00e7\u00e3o e saiba quem deve entregar. Veja mais!","breadcrumb":{"@id":"https:\/\/www.pensarcursos.com.br\/blog\/declaracao-do-imposto-de-renda-2026-comeca-na-proxima-semana-saiba-o-que-muda-este-ano\/#breadcrumb"},"inLanguage":"pt-BR","potentialAction":[{"@type":"ReadAction","target":["https:\/\/www.pensarcursos.com.br\/blog\/declaracao-do-imposto-de-renda-2026-comeca-na-proxima-semana-saiba-o-que-muda-este-ano\/"]}]},{"@type":"ImageObject","inLanguage":"pt-BR","@id":"https:\/\/www.pensarcursos.com.br\/blog\/declaracao-do-imposto-de-renda-2026-comeca-na-proxima-semana-saiba-o-que-muda-este-ano\/#primaryimage","url":"https:\/\/www.pensarcursos.com.br\/blog\/wp-content\/uploads\/2026\/03\/regras-imposto-de-renda-2026.webp","contentUrl":"https:\/\/www.pensarcursos.com.br\/blog\/wp-content\/uploads\/2026\/03\/regras-imposto-de-renda-2026.webp","width":1200,"height":800,"caption":"Restitui\u00e7\u00e3o prevista j\u00e1 para 29 de maio de 2026. Confira! Fonte: Blog Pensar Cursos"},{"@type":"BreadcrumbList","@id":"https:\/\/www.pensarcursos.com.br\/blog\/declaracao-do-imposto-de-renda-2026-comeca-na-proxima-semana-saiba-o-que-muda-este-ano\/#breadcrumb","itemListElement":[{"@type":"ListItem","position":1,"name":"Home","item":"https:\/\/www.pensarcursos.com.br\/blog\/"},{"@type":"ListItem","position":2,"name":"Declara\u00e7\u00e3o do Imposto de Renda 2026 come\u00e7a na pr\u00f3xima semana; saiba o que muda este ano"}]},{"@type":"WebSite","@id":"https:\/\/www.pensarcursos.com.br\/blog\/#website","url":"https:\/\/www.pensarcursos.com.br\/blog\/","name":"Blog Pensar Cursos","description":"Maior Site de Cursos do Brasil","publisher":{"@id":"https:\/\/www.pensarcursos.com.br\/blog\/#organization"},"alternateName":"Blog Pensar","potentialAction":[{"@type":"SearchAction","target":{"@type":"EntryPoint","urlTemplate":"https:\/\/www.pensarcursos.com.br\/blog\/?s={search_term_string}"},"query-input":{"@type":"PropertyValueSpecification","valueRequired":true,"valueName":"search_term_string"}}],"inLanguage":"pt-BR"},{"@type":"Organization","@id":"https:\/\/www.pensarcursos.com.br\/blog\/#organization","name":"Pensar Cursos","alternateName":"Blog pensar","url":"https:\/\/www.pensarcursos.com.br\/blog\/","logo":{"@type":"ImageObject","inLanguage":"pt-BR","@id":"https:\/\/www.pensarcursos.com.br\/blog\/#\/schema\/logo\/image\/","url":"https:\/\/www.pensarcursos.com.br\/blog\/wp-content\/uploads\/2023\/11\/Nova-Logo-Pensar-Cursos-vertical.png","contentUrl":"https:\/\/www.pensarcursos.com.br\/blog\/wp-content\/uploads\/2023\/11\/Nova-Logo-Pensar-Cursos-vertical.png","width":1393,"height":1001,"caption":"Pensar Cursos"},"image":{"@id":"https:\/\/www.pensarcursos.com.br\/blog\/#\/schema\/logo\/image\/"},"sameAs":["https:\/\/www.facebook.com\/pensarcursos\/","https:\/\/instagram.com.br\/pensarcursos"],"description":"Pensar Cursos \u00e9 uma empresa especializada em oferecer cursos de alta qualidade voltados para o desenvolvimento profissional e acad\u00eamico. Com uma ampla gama de op\u00e7\u00f5es de treinamento, oferecemos conte\u00fados atualizados, ministrados por especialistas da \u00e1rea, para capacitar indiv\u00edduos e equipes a atingirem seus objetivos. Nossa miss\u00e3o \u00e9 proporcionar uma educa\u00e7\u00e3o transformadora, acess\u00edvel e personalizada para cada aluno, seja em cursos presenciais ou online. Com uma abordagem inovadora, buscamos adaptar os nossos programas de ensino \u00e0s necessidades do mercado, criando solu\u00e7\u00f5es que atendem aos desafios e exig\u00eancias do mundo corporativo e acad\u00eamico. Nossos cursos incluem desde forma\u00e7\u00f5es t\u00e9cnicas at\u00e9 habilidades essenciais, como lideran\u00e7a, gest\u00e3o e desenvolvimento pessoal.","email":"contato@pensarcursos.com.br","legalName":"Sena Servi\u00e7os de Informa\u00e7\u00e3o Online LTDA","foundingDate":"2013-04-18","vatID":"17956217000172","numberOfEmployees":{"@type":"QuantitativeValue","minValue":"11","maxValue":"50"},"publishingPrinciples":"https:\/\/www.pensarcursos.com.br\/blog\/principios-de-publicacao\/","ownershipFundingInfo":"https:\/\/www.pensarcursos.com.br\/blog\/informacoes-de-propriedade-financiamento\/","actionableFeedbackPolicy":"https:\/\/www.pensarcursos.com.br\/blog\/politica-de-feedback-acionavel\/","correctionsPolicy":"https:\/\/www.pensarcursos.com.br\/blog\/politica-de-correcoes\/","ethicsPolicy":"https:\/\/www.pensarcursos.com.br\/blog\/politica-de-etica\/"},{"@type":"Person","@id":"https:\/\/www.pensarcursos.com.br\/blog\/#\/schema\/person\/9afea5510aa32a28c7f997b61d3f9959","name":"Gustavo Carvalho","image":{"@type":"ImageObject","inLanguage":"pt-BR","@id":"https:\/\/secure.gravatar.com\/avatar\/9d0ce64fdfa34fad70760fb6a6076a2a02e4a50981dc7195c901e8801552aaa5?s=96&d=mm&r=g","url":"https:\/\/secure.gravatar.com\/avatar\/9d0ce64fdfa34fad70760fb6a6076a2a02e4a50981dc7195c901e8801552aaa5?s=96&d=mm&r=g","contentUrl":"https:\/\/secure.gravatar.com\/avatar\/9d0ce64fdfa34fad70760fb6a6076a2a02e4a50981dc7195c901e8801552aaa5?s=96&d=mm&r=g","caption":"Gustavo Carvalho"},"description":"Redator do Grupo Sena Online","sameAs":["https:\/\/www.instagram.com\/crl_gustav?igsh=cGZhOXRsMWM1MzFp&utm_source=qr"],"url":"https:\/\/www.pensarcursos.com.br\/blog\/author\/gustavo\/"}]}},"_links":{"self":[{"href":"https:\/\/www.pensarcursos.com.br\/blog\/wp-json\/wp\/v2\/posts\/149154","targetHints":{"allow":["GET"]}}],"collection":[{"href":"https:\/\/www.pensarcursos.com.br\/blog\/wp-json\/wp\/v2\/posts"}],"about":[{"href":"https:\/\/www.pensarcursos.com.br\/blog\/wp-json\/wp\/v2\/types\/post"}],"author":[{"embeddable":true,"href":"https:\/\/www.pensarcursos.com.br\/blog\/wp-json\/wp\/v2\/users\/62"}],"replies":[{"embeddable":true,"href":"https:\/\/www.pensarcursos.com.br\/blog\/wp-json\/wp\/v2\/comments?post=149154"}],"version-history":[{"count":0,"href":"https:\/\/www.pensarcursos.com.br\/blog\/wp-json\/wp\/v2\/posts\/149154\/revisions"}],"wp:featuredmedia":[{"embeddable":true,"href":"https:\/\/www.pensarcursos.com.br\/blog\/wp-json\/wp\/v2\/media\/149163"}],"wp:attachment":[{"href":"https:\/\/www.pensarcursos.com.br\/blog\/wp-json\/wp\/v2\/media?parent=149154"}],"wp:term":[{"taxonomy":"category","embeddable":true,"href":"https:\/\/www.pensarcursos.com.br\/blog\/wp-json\/wp\/v2\/categories?post=149154"},{"taxonomy":"post_tag","embeddable":true,"href":"https:\/\/www.pensarcursos.com.br\/blog\/wp-json\/wp\/v2\/tags?post=149154"}],"curies":[{"name":"wp","href":"https:\/\/api.w.org\/{rel}","templated":true}]}}