{"id":148550,"date":"2026-03-06T07:33:36","date_gmt":"2026-03-06T10:33:36","guid":{"rendered":"https:\/\/www.pensarcursos.com.br\/blog\/?p=148550"},"modified":"2026-03-06T07:33:36","modified_gmt":"2026-03-06T10:33:36","slug":"13o-salario-do-inss-2026-novo-valor-datas-de-pagamento-e-como-as-mudancas-impactam-os-beneficiarios","status":"publish","type":"post","link":"https:\/\/www.pensarcursos.com.br\/blog\/13o-salario-do-inss-2026-novo-valor-datas-de-pagamento-e-como-as-mudancas-impactam-os-beneficiarios\/","title":{"rendered":"13\u00ba sal\u00e1rio do INSS 2026: novo valor, datas de pagamento e como as mudan\u00e7as impactam os benefici\u00e1rios"},"content":{"rendered":"<p>Quem recebe aposentadoria ou pens\u00e3o vai encontrar um valor diferente no contracheque ainda no primeiro semestre \u2014 e a diferen\u00e7a pode ser maior do que muitos esperam.<\/p>\n<p>O <strong><a href=\"https:\/\/www.pensarcursos.com.br\/blog\/mesmo-se-o-13o-salario-do-inss-2026-for-antecipado-alguns-aposentados-so-recebem-no-final-do-ano-e-o-valor-ainda-e-menor\/\" target=\"_blank\" rel=\"noopener\">13\u00ba sal\u00e1rio do INSS<\/a> 2026<\/strong> chegou com o reajuste confirmado pelo governo federal, novos valores de piso e teto previdenci\u00e1rio, e a antecipa\u00e7\u00e3o mantida para abril e maio. Mas nem todo benefici\u00e1rio sabe exatamente quanto vai receber, quando o dinheiro cai na conta ou se tem direito ao abono. Entender essas regras antes do pagamento \u00e9 o que separa quem planeja de quem \u00e9 pego de surpresa.<\/p>\n<h2>O que mudou no 13\u00ba sal\u00e1rio do INSS em 2026<\/h2>\n<h3>Reajuste do piso e do teto previdenci\u00e1rio<\/h3>\n<p>A base de c\u00e1lculo do <strong>13\u00ba sal\u00e1rio INSS<\/strong> mudou porque os benef\u00edcios previdenci\u00e1rios foram reajustados no in\u00edcio do ano. O <strong>sal\u00e1rio m\u00ednimo passou para R$ 1.621,00<\/strong>, com aumento real de <strong>6,79%<\/strong> \u2014 \u00edndice que serve de refer\u00eancia absoluta para a maioria dos segurados.<\/p>\n<p>Para quem recebe acima do m\u00ednimo, o \u00edndice aplicado foi de <strong>3,9%<\/strong>, seguindo o INPC. Com isso, o <strong>teto m\u00e1ximo da Previd\u00eancia Social chegou a R$ 8.475,55<\/strong>.<\/p>\n<p>Na pr\u00e1tica:<\/p>\n<ul>\n<li>Benefici\u00e1rio que recebe o piso \u2192 13\u00ba de, no m\u00ednimo, <strong>R$ 1.621,00<\/strong><\/li>\n<li>Benefici\u00e1rio acima do m\u00ednimo \u2192 reajuste de <strong>3,9%<\/strong> sobre o valor do benef\u00edcio<\/li>\n<li>Benefici\u00e1rio no teto \u2192 13\u00ba limitado a <strong>R$ 8.475,55<\/strong><\/li>\n<\/ul>\n<h3>Como o sal\u00e1rio m\u00ednimo afeta o c\u00e1lculo<\/h3>\n<p>O abono anual \u00e9 calculado com base no valor vigente do benef\u00edcio. Para quem recebeu o piso durante os 12 meses, o 13\u00ba integral n\u00e3o pode ser inferior ao novo valor m\u00ednimo. Qualquer diverg\u00eancia deve ser contestada diretamente no INSS.<\/p>\n<h2>Calend\u00e1rio de pagamento do 13\u00ba do INSS 2026<\/h2>\n<h3>Datas da 1\u00aa e 2\u00aa parcela<\/h3>\n<p>A antecipa\u00e7\u00e3o do <strong><a href=\"https:\/\/www.pensarcursos.com.br\/blog\/veja-as-regras-e-mudancas-atualizadas-do-13o-salario-do-inss-e-nao-seja-pego-de-surpresa-no-pagamento\/\" target=\"_blank\" rel=\"noopener\">13\u00ba sal\u00e1rio do INSS<\/a> 2026<\/strong> segue o modelo dos anos anteriores: pagamento no primeiro semestre, junto \u00e0 folha mensal, dividido em duas parcelas. A estimativa do governo \u00e9 que cerca de <strong>R$ 78 bilh\u00f5es<\/strong> sejam injetados na economia com esse pagamento.<\/p>\n<table>\n<thead>\n<tr>\n<th scope=\"col\">Parcela<\/th>\n<th scope=\"col\">M\u00eas de pagamento<\/th>\n<th scope=\"col\">Desconto de IR<\/th>\n<\/tr>\n<\/thead>\n<tbody>\n<tr>\n<td>1\u00aa parcela (50%)<\/td>\n<td>Abril\/2026<\/td>\n<td>N\u00e3o<\/td>\n<\/tr>\n<tr>\n<td>2\u00aa parcela (50%)<\/td>\n<td>Maio\/2026<\/td>\n<td>Sim, se aplic\u00e1vel<\/td>\n<\/tr>\n<\/tbody>\n<\/table>\n<h3>Ordem de pagamento por NIS<\/h3>\n<p>Os pagamentos seguem o <strong>n\u00famero final do benef\u00edcio (NIS)<\/strong>, de forma escalonada, para evitar sobrecarga no sistema banc\u00e1rio. O calend\u00e1rio detalhado com as datas por d\u00edgito final \u00e9 divulgado oficialmente pelo INSS \u2014 os benefici\u00e1rios podem consultar pelo portal <strong>Meu INSS<\/strong> ou pela Central <strong>135<\/strong>.<\/p>\n<p>A consulta ao valor individual do 13\u00ba s\u00f3 poder\u00e1 ser feita ap\u00f3s a libera\u00e7\u00e3o oficial pelo INSS.<\/p>\n<figure id=\"attachment_148553\" aria-describedby=\"caption-attachment-148553\" style=\"width: 1170px\" class=\"wp-caption aligncenter\"><img decoding=\"async\" class=\"wp-image-148553 size-full\" src=\"https:\/\/www.pensarcursos.com.br\/blog\/wp-content\/uploads\/2026\/03\/valor-do-13-salario-do-inss-em-2026-1.webp\" alt=\"Aposentado segurando notas de real ao receber pagamento do abono anual do INSS ap\u00f3s reajuste de benef\u00edcios em 2026.\" width=\"1170\" height=\"700\" srcset=\"https:\/\/www.pensarcursos.com.br\/blog\/wp-content\/uploads\/2026\/03\/valor-do-13-salario-do-inss-em-2026-1.webp 1170w, https:\/\/www.pensarcursos.com.br\/blog\/wp-content\/uploads\/2026\/03\/valor-do-13-salario-do-inss-em-2026-1-300x179.webp 300w, https:\/\/www.pensarcursos.com.br\/blog\/wp-content\/uploads\/2026\/03\/valor-do-13-salario-do-inss-em-2026-1-1024x613.webp 1024w, https:\/\/www.pensarcursos.com.br\/blog\/wp-content\/uploads\/2026\/03\/valor-do-13-salario-do-inss-em-2026-1-768x459.webp 768w, https:\/\/www.pensarcursos.com.br\/blog\/wp-content\/uploads\/2026\/03\/valor-do-13-salario-do-inss-em-2026-1-750x449.webp 750w, https:\/\/www.pensarcursos.com.br\/blog\/wp-content\/uploads\/2026\/03\/valor-do-13-salario-do-inss-em-2026-1-1140x682.webp 1140w\" sizes=\"(max-width: 1170px) 100vw, 1170px\" \/><figcaption id=\"caption-attachment-148553\" class=\"wp-caption-text\">Reajuste do 13\u00ba do INSS em 2026 aumenta valores para aposentados e pensionistas. Fonte: Ag\u00eancia Brasil.<\/figcaption><\/figure>\n<h2>Quem tem direito ao 13\u00ba sal\u00e1rio do INSS em 2026<\/h2>\n<h3>Benef\u00edcios que recebem o abono anual<\/h3>\n<p>Nem todo benef\u00edcio pago pelo governo gera direito ao <strong>13\u00ba INSS<\/strong>. O abono \u00e9 exclusivo para benef\u00edcios de natureza <strong>previdenci\u00e1ria<\/strong>, ou seja, vinculados a contribui\u00e7\u00f5es ao longo da vida laboral.<\/p>\n<p>T\u00eam direito ao 13\u00ba:<\/p>\n<ul>\n<li><strong>Aposentadorias<\/strong> (por idade, tempo de contribui\u00e7\u00e3o, invalidez)<\/li>\n<li><strong>Pens\u00e3o por morte<\/strong><\/li>\n<li><strong>Aux\u00edlio-doen\u00e7a<\/strong> (incapacidade tempor\u00e1ria)<\/li>\n<li><strong>Aux\u00edlio-acidente<\/strong><\/li>\n<li><strong>Aux\u00edlio-reclus\u00e3o<\/strong><\/li>\n<li><strong>Sal\u00e1rio-maternidade<\/strong><\/li>\n<\/ul>\n<h3>Quem n\u00e3o recebe o 13\u00ba<\/h3>\n<p>O <strong>BPC\/Loas<\/strong> \u2014 benef\u00edcio assistencial pago a idosos e pessoas com defici\u00eancia de baixa renda \u2014 <strong>n\u00e3o gera direito ao 13\u00ba<\/strong>, mesmo que seu valor seja igual ao sal\u00e1rio m\u00ednimo. Por ser um benef\u00edcio assistencial, e n\u00e3o previdenci\u00e1rio, as regras s\u00e3o diferentes.<\/p>\n<p>Essa distin\u00e7\u00e3o \u00e9 fundamental para quem planeja as finan\u00e7as com base em um valor que pode n\u00e3o chegar.<\/p>\n<h2>Como consultar o valor do seu 13\u00ba do INSS<\/h2>\n<h3>Canais oficiais de atendimento<\/h3>\n<p>Assim que o INSS liberar as informa\u00e7\u00f5es, a consulta pode ser feita de forma totalmente digital, sem necessidade de ir a ag\u00eancias. Os canais dispon\u00edveis s\u00e3o:<\/p>\n<ul>\n<li>Aplicativo <a href=\"https:\/\/play.google.com\/store\/apps\/details?id=br.gov.dataprev.meuinss&amp;pcampaignid=web_share\" target=\"_blank\" rel=\"noopener\">Meu INSS<\/a> \u2014 dispon\u00edvel gratuitamente para Android e iOS; permite consultar extrato, calend\u00e1rio e situa\u00e7\u00e3o do benef\u00edcio<\/li>\n<li><a href=\"https:\/\/meu.inss.gov.br\/#\/\" target=\"_blank\" rel=\"noopener\">Site oficial<\/a> \u2014 acesso completo ao hist\u00f3rico de pagamentos e informa\u00e7\u00f5es atualizadas<\/li>\n<li>Central telef\u00f4nica \u2014 ligue 135, dispon\u00edvel de segunda a s\u00e1bado, das 7h \u00e0s 22h<\/li>\n<li>Ag\u00eancias do INSS \u2014 atendimento presencial mediante agendamento pr\u00e9vio pelo app ou pelo site<\/li>\n<\/ul>\n<p>Nesses canais \u00e9 poss\u00edvel verificar o valor bruto do 13\u00ba, os descontos do Imposto de Renda quando aplic\u00e1veis, a data prevista para o cr\u00e9dito e eventuais pend\u00eancias cadastrais. Antes de se deslocar a uma ag\u00eancia, vale verificar se a d\u00favida pode ser resolvida pelos canais digitais, que costumam ser mais r\u00e1pidos e dispensam filas.<\/p>\n<h2>Como consultar e evitar golpes no 13\u00ba sal\u00e1rio do INSS<\/h2>\n<p>Em tempos de pagamentos, os golpistas aproveitam para intensificar tentativas de fraude, enviando falsas mensagens sobre valores extras, calend\u00e1rios ou exig\u00eancias para liberar o abono.<\/p>\n<ul>\n<li><strong>Nunca clique em links suspeitos<\/strong>\u00a0enviados por e-mail, SMS ou WhatsApp.<\/li>\n<li>N\u00e3o compartilhe dados banc\u00e1rios, CPF ou senhas fora de ambientes oficiais.<\/li>\n<li><strong>Informe-se direto no site ou aplicativo do INSS<\/strong>\u00a0sobre qualquer d\u00favida envolvendo pagamento do benef\u00edcio ou antecipa\u00e7\u00e3o.<\/li>\n<\/ul>\n<p>Quer saber mais sobre os pagamentos do INSS? Acesse diariamente o <a href=\"https:\/\/www.pensarcursos.com.br\/blog\/\" target=\"_blank\" rel=\"noopener\"><strong>Blog Pensar Cursos<\/strong><\/a>.<\/p>\n<p>Confira mais informa\u00e7\u00f5es sobre o pagamento do 13\u00ba sal\u00e1rio no v\u00eddeo a seguir:<\/p>\n<div class=\"jeg_video_container jeg_video_content\"><iframe title=\"Quando o INSS vai pagar o 13\u00ba sal\u00e1rio em 2026? Saiu a resposta oficial\" width=\"500\" height=\"281\" src=\"https:\/\/www.youtube.com\/embed\/RcyreHuTfb4?feature=oembed\" frameborder=\"0\" allow=\"accelerometer; autoplay; clipboard-write; encrypted-media; gyroscope; picture-in-picture; web-share\" referrerpolicy=\"strict-origin-when-cross-origin\" allowfullscreen><\/iframe><\/div>\n","protected":false},"excerpt":{"rendered":"<p>Quem recebe aposentadoria ou pens\u00e3o vai encontrar um valor diferente no contracheque ainda no primeiro semestre \u2014 e a diferen\u00e7a pode ser maior do que muitos esperam. O 13\u00ba sal\u00e1rio do INSS 2026 chegou com o reajuste confirmado pelo governo federal, novos valores de piso e teto previdenci\u00e1rio, e a antecipa\u00e7\u00e3o mantida para abril e [&hellip;]<\/p>\n","protected":false},"author":56,"featured_media":148554,"comment_status":"open","ping_status":"closed","sticky":false,"template":"","format":"standard","meta":{"jnews-multi-image_gallery":[],"jnews_single_post":{"subtitle":"Veja quem recebe, o calend\u00e1rio previsto de pagamento e o que muda para aposentados e pensionistas em 2026","format":"standard","override":[{"template":"1","parallax":"1","fullscreen":"1","layout":"right-sidebar","sidebar":"default-sidebar","second_sidebar":"default-sidebar","sticky_sidebar":"1","share_position":"topbottom","share_float_style":"share-monocrhome","show_featured":"1","show_post_meta":"1","show_post_author":"1","show_post_author_image":"1","show_post_date":"1","post_date_format":"default","post_date_format_custom":"Y\/m\/d","show_post_category":"1","post_reading_time_wpm":"300","post_calculate_word_method":"str_word_count","show_zoom_button":"0","zoom_button_out_step":"2","zoom_button_in_step":"3","show_post_tag":"1","show_prev_next_post":"1","show_popup_post":"1","show_comment_section":"1","number_popup_post":"2","show_author_box":"1","show_post_related":"1","show_inline_post_related":"1"}],"image_override":[{"single_post_thumbnail_size":"crop-500","single_post_gallery_size":"crop-500"}],"trending_post_position":"meta","trending_post_label":"Trending","sponsored_post_label":"Sponsored by","disable_ad":"0"},"jnews_primary_category":[],"jnews_social_meta":[],"jnews_override_counter":{"view_counter_number":"0","share_counter_number":"0","like_counter_number":"0","dislike_counter_number":"0"},"footnotes":""},"categories":[1691],"tags":[38230,38612,36234,39226],"class_list":["post-148550","post","type-post","status-publish","format-standard","has-post-thumbnail","hentry","category-direitos-do-trabalhador","tag-13o-salario-inss-2026","tag-abono-anual-inss","tag-calendario-inss-2026","tag-valor-13o-inss"],"yoast_head":"<!-- This site is optimized with the Yoast SEO Premium plugin v27.5 (Yoast SEO v27.5) - https:\/\/yoast.com\/product\/yoast-seo-premium-wordpress\/ -->\n<title>13\u00ba sal\u00e1rio do INSS 2026: novo valor, datas de pagamento e como as mudan\u00e7as impactam os benefici\u00e1rios - Blog Pensar Cursos<\/title>\n<meta name=\"description\" content=\"Saiba os novos valores, datas e quem tem direito ao 13\u00ba do INSS em 2026. Consulte agora e planeje suas finan\u00e7as com anteced\u00eancia!\" \/>\n<meta name=\"robots\" content=\"index, follow, max-snippet:-1, max-image-preview:large, max-video-preview:-1\" \/>\n<link rel=\"canonical\" href=\"https:\/\/www.pensarcursos.com.br\/blog\/13o-salario-do-inss-2026-novo-valor-datas-de-pagamento-e-como-as-mudancas-impactam-os-beneficiarios\/\" \/>\n<meta property=\"og:locale\" content=\"pt_BR\" \/>\n<meta property=\"og:type\" content=\"article\" \/>\n<meta property=\"og:title\" content=\"13\u00ba sal\u00e1rio do INSS 2026: novo valor, datas de pagamento e como as mudan\u00e7as impactam os benefici\u00e1rios\" \/>\n<meta property=\"og:description\" content=\"Saiba os novos valores, datas e quem tem direito ao 13\u00ba do INSS em 2026. Consulte agora e planeje suas finan\u00e7as com anteced\u00eancia!\" \/>\n<meta property=\"og:url\" content=\"https:\/\/www.pensarcursos.com.br\/blog\/13o-salario-do-inss-2026-novo-valor-datas-de-pagamento-e-como-as-mudancas-impactam-os-beneficiarios\/\" \/>\n<meta property=\"og:site_name\" content=\"Blog Pensar Cursos\" \/>\n<meta property=\"article:publisher\" content=\"https:\/\/www.facebook.com\/pensarcursos\/\" \/>\n<meta property=\"article:published_time\" content=\"2026-03-06T10:33:36+00:00\" \/>\n<meta property=\"og:image\" content=\"https:\/\/www.pensarcursos.com.br\/blog\/wp-content\/uploads\/2026\/03\/Reajuste-do-salario-minimo-impacta-diretamente-o-calculo-do-13o-salario-dos-aposentados-e-pensionistas-do-INSS.webp\" \/>\n\t<meta property=\"og:image:width\" content=\"1200\" \/>\n\t<meta property=\"og:image:height\" content=\"800\" \/>\n\t<meta property=\"og:image:type\" content=\"image\/webp\" \/>\n<meta name=\"author\" content=\"Yasmin Santos\" \/>\n<meta name=\"twitter:card\" content=\"summary_large_image\" \/>\n<meta name=\"twitter:label1\" content=\"Escrito por\" \/>\n\t<meta name=\"twitter:data1\" content=\"Yasmin Santos\" \/>\n\t<meta name=\"twitter:label2\" content=\"Est. tempo de leitura\" \/>\n\t<meta name=\"twitter:data2\" content=\"5 minutos\" \/>\n<!-- \/ Yoast SEO Premium plugin. -->","yoast_head_json":{"title":"13\u00ba sal\u00e1rio do INSS 2026: novo valor, datas de pagamento e como as mudan\u00e7as impactam os benefici\u00e1rios - Blog Pensar Cursos","description":"Saiba os novos valores, datas e quem tem direito ao 13\u00ba do INSS em 2026. Consulte agora e planeje suas finan\u00e7as com anteced\u00eancia!","robots":{"index":"index","follow":"follow","max-snippet":"max-snippet:-1","max-image-preview":"max-image-preview:large","max-video-preview":"max-video-preview:-1"},"canonical":"https:\/\/www.pensarcursos.com.br\/blog\/13o-salario-do-inss-2026-novo-valor-datas-de-pagamento-e-como-as-mudancas-impactam-os-beneficiarios\/","og_locale":"pt_BR","og_type":"article","og_title":"13\u00ba sal\u00e1rio do INSS 2026: novo valor, datas de pagamento e como as mudan\u00e7as impactam os benefici\u00e1rios","og_description":"Saiba os novos valores, datas e quem tem direito ao 13\u00ba do INSS em 2026. Consulte agora e planeje suas finan\u00e7as com anteced\u00eancia!","og_url":"https:\/\/www.pensarcursos.com.br\/blog\/13o-salario-do-inss-2026-novo-valor-datas-de-pagamento-e-como-as-mudancas-impactam-os-beneficiarios\/","og_site_name":"Blog Pensar Cursos","article_publisher":"https:\/\/www.facebook.com\/pensarcursos\/","article_published_time":"2026-03-06T10:33:36+00:00","og_image":[{"width":1200,"height":800,"url":"https:\/\/www.pensarcursos.com.br\/blog\/wp-content\/uploads\/2026\/03\/Reajuste-do-salario-minimo-impacta-diretamente-o-calculo-do-13o-salario-dos-aposentados-e-pensionistas-do-INSS.webp","type":"image\/webp"}],"author":"Yasmin Santos","twitter_card":"summary_large_image","twitter_misc":{"Escrito por":"Yasmin Santos","Est. tempo de leitura":"5 minutos"},"schema":{"@context":"https:\/\/schema.org","@graph":[{"@type":["Article","BlogPosting"],"@id":"https:\/\/www.pensarcursos.com.br\/blog\/13o-salario-do-inss-2026-novo-valor-datas-de-pagamento-e-como-as-mudancas-impactam-os-beneficiarios\/#article","isPartOf":{"@id":"https:\/\/www.pensarcursos.com.br\/blog\/13o-salario-do-inss-2026-novo-valor-datas-de-pagamento-e-como-as-mudancas-impactam-os-beneficiarios\/"},"author":{"name":"Yasmin Santos","@id":"https:\/\/www.pensarcursos.com.br\/blog\/#\/schema\/person\/2700c09d818d989d5d4fff5f50d4b755"},"headline":"13\u00ba sal\u00e1rio do INSS 2026: novo valor, datas de pagamento e como as mudan\u00e7as impactam os benefici\u00e1rios","datePublished":"2026-03-06T10:33:36+00:00","mainEntityOfPage":{"@id":"https:\/\/www.pensarcursos.com.br\/blog\/13o-salario-do-inss-2026-novo-valor-datas-de-pagamento-e-como-as-mudancas-impactam-os-beneficiarios\/"},"wordCount":886,"commentCount":0,"publisher":{"@id":"https:\/\/www.pensarcursos.com.br\/blog\/#organization"},"image":{"@id":"https:\/\/www.pensarcursos.com.br\/blog\/13o-salario-do-inss-2026-novo-valor-datas-de-pagamento-e-como-as-mudancas-impactam-os-beneficiarios\/#primaryimage"},"thumbnailUrl":"https:\/\/www.pensarcursos.com.br\/blog\/wp-content\/uploads\/2026\/03\/Reajuste-do-salario-minimo-impacta-diretamente-o-calculo-do-13o-salario-dos-aposentados-e-pensionistas-do-INSS.webp","keywords":["13\u00ba sal\u00e1rio inss 2026","abono anual inss","calend\u00e1rio inss 2026","valor 13\u00ba INSS"],"articleSection":["Direitos do Trabalhador"],"inLanguage":"pt-BR","potentialAction":[{"@type":"CommentAction","name":"Comment","target":["https:\/\/www.pensarcursos.com.br\/blog\/13o-salario-do-inss-2026-novo-valor-datas-de-pagamento-e-como-as-mudancas-impactam-os-beneficiarios\/#respond"]}],"copyrightYear":"2026","copyrightHolder":{"@id":"https:\/\/www.pensarcursos.com.br\/blog\/#organization"}},{"@type":"WebPage","@id":"https:\/\/www.pensarcursos.com.br\/blog\/13o-salario-do-inss-2026-novo-valor-datas-de-pagamento-e-como-as-mudancas-impactam-os-beneficiarios\/","url":"https:\/\/www.pensarcursos.com.br\/blog\/13o-salario-do-inss-2026-novo-valor-datas-de-pagamento-e-como-as-mudancas-impactam-os-beneficiarios\/","name":"13\u00ba sal\u00e1rio do INSS 2026: novo valor, datas de pagamento e como as mudan\u00e7as impactam os benefici\u00e1rios - Blog Pensar Cursos","isPartOf":{"@id":"https:\/\/www.pensarcursos.com.br\/blog\/#website"},"primaryImageOfPage":{"@id":"https:\/\/www.pensarcursos.com.br\/blog\/13o-salario-do-inss-2026-novo-valor-datas-de-pagamento-e-como-as-mudancas-impactam-os-beneficiarios\/#primaryimage"},"image":{"@id":"https:\/\/www.pensarcursos.com.br\/blog\/13o-salario-do-inss-2026-novo-valor-datas-de-pagamento-e-como-as-mudancas-impactam-os-beneficiarios\/#primaryimage"},"thumbnailUrl":"https:\/\/www.pensarcursos.com.br\/blog\/wp-content\/uploads\/2026\/03\/Reajuste-do-salario-minimo-impacta-diretamente-o-calculo-do-13o-salario-dos-aposentados-e-pensionistas-do-INSS.webp","datePublished":"2026-03-06T10:33:36+00:00","description":"Saiba os novos valores, datas e quem tem direito ao 13\u00ba do INSS em 2026. Consulte agora e planeje suas finan\u00e7as com anteced\u00eancia!","breadcrumb":{"@id":"https:\/\/www.pensarcursos.com.br\/blog\/13o-salario-do-inss-2026-novo-valor-datas-de-pagamento-e-como-as-mudancas-impactam-os-beneficiarios\/#breadcrumb"},"inLanguage":"pt-BR","potentialAction":[{"@type":"ReadAction","target":["https:\/\/www.pensarcursos.com.br\/blog\/13o-salario-do-inss-2026-novo-valor-datas-de-pagamento-e-como-as-mudancas-impactam-os-beneficiarios\/"]}]},{"@type":"ImageObject","inLanguage":"pt-BR","@id":"https:\/\/www.pensarcursos.com.br\/blog\/13o-salario-do-inss-2026-novo-valor-datas-de-pagamento-e-como-as-mudancas-impactam-os-beneficiarios\/#primaryimage","url":"https:\/\/www.pensarcursos.com.br\/blog\/wp-content\/uploads\/2026\/03\/Reajuste-do-salario-minimo-impacta-diretamente-o-calculo-do-13o-salario-dos-aposentados-e-pensionistas-do-INSS.webp","contentUrl":"https:\/\/www.pensarcursos.com.br\/blog\/wp-content\/uploads\/2026\/03\/Reajuste-do-salario-minimo-impacta-diretamente-o-calculo-do-13o-salario-dos-aposentados-e-pensionistas-do-INSS.webp","width":1200,"height":800,"caption":"Sal\u00e1rio m\u00ednimo de 2026 define o valor do 13\u00ba para quem recebe o piso do INSS. Fonte: Blog Pensar Cursos."},{"@type":"BreadcrumbList","@id":"https:\/\/www.pensarcursos.com.br\/blog\/13o-salario-do-inss-2026-novo-valor-datas-de-pagamento-e-como-as-mudancas-impactam-os-beneficiarios\/#breadcrumb","itemListElement":[{"@type":"ListItem","position":1,"name":"Home","item":"https:\/\/www.pensarcursos.com.br\/blog\/"},{"@type":"ListItem","position":2,"name":"13\u00ba sal\u00e1rio do INSS 2026: novo valor, datas de pagamento e como as mudan\u00e7as impactam os benefici\u00e1rios"}]},{"@type":"WebSite","@id":"https:\/\/www.pensarcursos.com.br\/blog\/#website","url":"https:\/\/www.pensarcursos.com.br\/blog\/","name":"Blog Pensar Cursos","description":"Maior Site de Cursos do Brasil","publisher":{"@id":"https:\/\/www.pensarcursos.com.br\/blog\/#organization"},"alternateName":"Blog Pensar","potentialAction":[{"@type":"SearchAction","target":{"@type":"EntryPoint","urlTemplate":"https:\/\/www.pensarcursos.com.br\/blog\/?s={search_term_string}"},"query-input":{"@type":"PropertyValueSpecification","valueRequired":true,"valueName":"search_term_string"}}],"inLanguage":"pt-BR"},{"@type":"Organization","@id":"https:\/\/www.pensarcursos.com.br\/blog\/#organization","name":"Pensar Cursos","alternateName":"Blog pensar","url":"https:\/\/www.pensarcursos.com.br\/blog\/","logo":{"@type":"ImageObject","inLanguage":"pt-BR","@id":"https:\/\/www.pensarcursos.com.br\/blog\/#\/schema\/logo\/image\/","url":"https:\/\/www.pensarcursos.com.br\/blog\/wp-content\/uploads\/2023\/11\/Nova-Logo-Pensar-Cursos-vertical.png","contentUrl":"https:\/\/www.pensarcursos.com.br\/blog\/wp-content\/uploads\/2023\/11\/Nova-Logo-Pensar-Cursos-vertical.png","width":1393,"height":1001,"caption":"Pensar Cursos"},"image":{"@id":"https:\/\/www.pensarcursos.com.br\/blog\/#\/schema\/logo\/image\/"},"sameAs":["https:\/\/www.facebook.com\/pensarcursos\/","https:\/\/instagram.com.br\/pensarcursos"],"description":"Pensar Cursos \u00e9 uma empresa especializada em oferecer cursos de alta qualidade voltados para o desenvolvimento profissional e acad\u00eamico. Com uma ampla gama de op\u00e7\u00f5es de treinamento, oferecemos conte\u00fados atualizados, ministrados por especialistas da \u00e1rea, para capacitar indiv\u00edduos e equipes a atingirem seus objetivos. Nossa miss\u00e3o \u00e9 proporcionar uma educa\u00e7\u00e3o transformadora, acess\u00edvel e personalizada para cada aluno, seja em cursos presenciais ou online. Com uma abordagem inovadora, buscamos adaptar os nossos programas de ensino \u00e0s necessidades do mercado, criando solu\u00e7\u00f5es que atendem aos desafios e exig\u00eancias do mundo corporativo e acad\u00eamico. Nossos cursos incluem desde forma\u00e7\u00f5es t\u00e9cnicas at\u00e9 habilidades essenciais, como lideran\u00e7a, gest\u00e3o e desenvolvimento pessoal.","email":"contato@pensarcursos.com.br","legalName":"Sena Servi\u00e7os de Informa\u00e7\u00e3o Online LTDA","foundingDate":"2013-04-18","vatID":"17956217000172","numberOfEmployees":{"@type":"QuantitativeValue","minValue":"11","maxValue":"50"},"publishingPrinciples":"https:\/\/www.pensarcursos.com.br\/blog\/principios-de-publicacao\/","ownershipFundingInfo":"https:\/\/www.pensarcursos.com.br\/blog\/informacoes-de-propriedade-financiamento\/","actionableFeedbackPolicy":"https:\/\/www.pensarcursos.com.br\/blog\/politica-de-feedback-acionavel\/","correctionsPolicy":"https:\/\/www.pensarcursos.com.br\/blog\/politica-de-correcoes\/","ethicsPolicy":"https:\/\/www.pensarcursos.com.br\/blog\/politica-de-etica\/"},{"@type":"Person","@id":"https:\/\/www.pensarcursos.com.br\/blog\/#\/schema\/person\/2700c09d818d989d5d4fff5f50d4b755","name":"Yasmin Santos","image":{"@type":"ImageObject","inLanguage":"pt-BR","@id":"https:\/\/secure.gravatar.com\/avatar\/b8d88d102398911030f7bd8e99bd07ffbbb62169f9a740f38705dc857853eb31?s=96&d=mm&r=g","url":"https:\/\/secure.gravatar.com\/avatar\/b8d88d102398911030f7bd8e99bd07ffbbb62169f9a740f38705dc857853eb31?s=96&d=mm&r=g","contentUrl":"https:\/\/secure.gravatar.com\/avatar\/b8d88d102398911030f7bd8e99bd07ffbbb62169f9a740f38705dc857853eb31?s=96&d=mm&r=g","caption":"Yasmin Santos"},"description":"Graduada em Letras Portugu\u00eas\/Ingl\u00eas pela Universidade Estadual de Santa Cruz (UESC), redatora do Grupo Sena Online","sameAs":["https:\/\/www.instagram.com\/yasmin0_20?igsh=MTdqZXF3NTA1b2gyMg=="],"url":"https:\/\/www.pensarcursos.com.br\/blog\/author\/yasmin\/"}]}},"_links":{"self":[{"href":"https:\/\/www.pensarcursos.com.br\/blog\/wp-json\/wp\/v2\/posts\/148550","targetHints":{"allow":["GET"]}}],"collection":[{"href":"https:\/\/www.pensarcursos.com.br\/blog\/wp-json\/wp\/v2\/posts"}],"about":[{"href":"https:\/\/www.pensarcursos.com.br\/blog\/wp-json\/wp\/v2\/types\/post"}],"author":[{"embeddable":true,"href":"https:\/\/www.pensarcursos.com.br\/blog\/wp-json\/wp\/v2\/users\/56"}],"replies":[{"embeddable":true,"href":"https:\/\/www.pensarcursos.com.br\/blog\/wp-json\/wp\/v2\/comments?post=148550"}],"version-history":[{"count":0,"href":"https:\/\/www.pensarcursos.com.br\/blog\/wp-json\/wp\/v2\/posts\/148550\/revisions"}],"wp:featuredmedia":[{"embeddable":true,"href":"https:\/\/www.pensarcursos.com.br\/blog\/wp-json\/wp\/v2\/media\/148554"}],"wp:attachment":[{"href":"https:\/\/www.pensarcursos.com.br\/blog\/wp-json\/wp\/v2\/media?parent=148550"}],"wp:term":[{"taxonomy":"category","embeddable":true,"href":"https:\/\/www.pensarcursos.com.br\/blog\/wp-json\/wp\/v2\/categories?post=148550"},{"taxonomy":"post_tag","embeddable":true,"href":"https:\/\/www.pensarcursos.com.br\/blog\/wp-json\/wp\/v2\/tags?post=148550"}],"curies":[{"name":"wp","href":"https:\/\/api.w.org\/{rel}","templated":true}]}}