{"id":142414,"date":"2026-01-29T06:39:26","date_gmt":"2026-01-29T09:39:26","guid":{"rendered":"https:\/\/www.pensarcursos.com.br\/blog\/?p=142414"},"modified":"2026-01-28T16:17:36","modified_gmt":"2026-01-28T19:17:36","slug":"sem-faculdade-9-profissoes-em-alta-para-voce","status":"publish","type":"post","link":"https:\/\/www.pensarcursos.com.br\/blog\/sem-faculdade-9-profissoes-em-alta-para-voce\/","title":{"rendered":"Sem faculdade? 9 profiss\u00f5es em alta para voc\u00ea"},"content":{"rendered":"<p>A cren\u00e7a de que um diploma universit\u00e1rio \u00e9 o \u00fanico caminho para uma carreira de sucesso est\u00e1 cada vez mais ultrapassada. O<a href=\"https:\/\/www.pensarcursos.com.br\/blog\/quais-profissoes-vao-fazer-mais-ricos-no-brasil-nos-proximos-10-anos\/\"> mercado de trabalho<\/a> moderno valoriza habilidades pr\u00e1ticas, especializa\u00e7\u00e3o t\u00e9cnica e a capacidade de se adaptar rapidamente \u00e0s novas tecnologias.<\/p>\n<p>Para quem opta por n\u00e3o seguir o caminho acad\u00eamico tradicional, existem diversas\u00a0<strong>profiss\u00f5es<\/strong> que oferecem alta remunera\u00e7\u00e3o. Continue sua leitura e confira quais s\u00e3o!<\/p>\n<h2>1. Corretor de Im\u00f3veis<\/h2>\n<p>Atuar como corretor de im\u00f3veis \u00e9 uma op\u00e7\u00e3o para quem tem habilidades de negocia\u00e7\u00e3o e comunica\u00e7\u00e3o. A profiss\u00e3o n\u00e3o exige um diploma de n\u00edvel superior, mas sim um curso t\u00e9cnico em Transa\u00e7\u00f5es Imobili\u00e1rias (TTI) e o registro no Conselho Regional de Corretores de Im\u00f3veis (CRECI) do seu estado.<\/p>\n<p>O potencial de ganhos \u00e9 alto, j\u00e1 que a remunera\u00e7\u00e3o depende das comiss\u00f5es geradas pelas vendas e alugu\u00e9is. Trata-se de uma carreira din\u00e2mica, que oferece flexibilidade de hor\u00e1rios e a oportunidade de expandir uma rede de contatos ampla.<\/p>\n<h2>2. Programador ou Desenvolvedor de Software<\/h2>\n<p>A \u00e1rea de <a href=\"https:\/\/www.pensarcursos.com.br\/blog\/profissoes-em-ia-que-pagam-ate-r-35-mil-e-estao-contratando-agora\/\">tecnologia<\/a> da informa\u00e7\u00e3o continua a ser uma das mais aquecidas do mercado global. A demanda por programadores e desenvolvedores de software \u00e9 constante e crescente, e muitas empresas valorizam mais a habilidade t\u00e9cnica e um portf\u00f3lio de projetos do que um diploma formal.<\/p>\n<p>\u00c9 poss\u00edvel aprender a programar por meio de cursos online, bootcamps intensivos e at\u00e9 mesmo de forma autodidata. Profissionais com conhecimento em linguagens populares como Python, JavaScript e Java encontram \u00f3timas oportunidades com sal\u00e1rios competitivos, muitas vezes com a possibilidade de trabalho remoto.<\/p>\n<h2>3. Designer Gr\u00e1fico ou de Produto<\/h2>\n<p>Para os criativos, a carreira de designer oferece um vasto campo de atua\u00e7\u00e3o. Seja como designer gr\u00e1fico, de produto, de interfaces (UI) ou de experi\u00eancia do usu\u00e1rio (UX), o que realmente conta \u00e9 a qualidade do seu portf\u00f3lio.<\/p>\n<p>Cursos t\u00e9cnicos e de especializa\u00e7\u00e3o s\u00e3o fundamentais para dominar as ferramentas (como o pacote Adobe) e os conceitos de design. Este profissional \u00e9 fundamental para empresas de todos os setores, criando a identidade visual de marcas, materiais de marketing e interfaces digitais intuitivas para sites e aplicativos.<\/p>\n<h2>4. Fot\u00f3grafo profissional<\/h2>\n<p>A fotografia \u00e9 uma arte que pode se transformar em uma carreira lucrativa. Um fot\u00f3grafo profissional pode atuar em diversas \u00e1reas, como eventos (casamentos, formaturas), publicidade, moda, fotojornalismo ou fotografia de produtos para e-commerce.<\/p>\n<p>Embora n\u00e3o seja necess\u00e1ria uma faculdade, cursos de especializa\u00e7\u00e3o em t\u00e9cnica fotogr\u00e1fica, ilumina\u00e7\u00e3o e edi\u00e7\u00e3o de imagem s\u00e3o importantes para se destacar. O sucesso na \u00e1rea depende da constru\u00e7\u00e3o de um estilo pr\u00f3prio e de um portf\u00f3lio que atraia clientes.<\/p>\n<figure id=\"attachment_142430\" aria-describedby=\"caption-attachment-142430\" style=\"width: 2500px\" class=\"wp-caption aligncenter\"><img decoding=\"async\" class=\"size-full wp-image-142430\" src=\"https:\/\/www.pensarcursos.com.br\/blog\/wp-content\/uploads\/2026\/01\/fotografo.webp\" alt=\"Pessoa tirando uma foto com c\u00e2mera profissional, destacando o ato de fotografar em ambiente ao ar livre.\" width=\"2500\" height=\"1425\" srcset=\"https:\/\/www.pensarcursos.com.br\/blog\/wp-content\/uploads\/2026\/01\/fotografo.webp 2500w, https:\/\/www.pensarcursos.com.br\/blog\/wp-content\/uploads\/2026\/01\/fotografo-300x171.webp 300w, https:\/\/www.pensarcursos.com.br\/blog\/wp-content\/uploads\/2026\/01\/fotografo-1024x584.webp 1024w, https:\/\/www.pensarcursos.com.br\/blog\/wp-content\/uploads\/2026\/01\/fotografo-768x438.webp 768w, https:\/\/www.pensarcursos.com.br\/blog\/wp-content\/uploads\/2026\/01\/fotografo-1536x876.webp 1536w, https:\/\/www.pensarcursos.com.br\/blog\/wp-content\/uploads\/2026\/01\/fotografo-2048x1167.webp 2048w, https:\/\/www.pensarcursos.com.br\/blog\/wp-content\/uploads\/2026\/01\/fotografo-750x428.webp 750w, https:\/\/www.pensarcursos.com.br\/blog\/wp-content\/uploads\/2026\/01\/fotografo-1140x650.webp 1140w\" sizes=\"(max-width: 2500px) 100vw, 2500px\" \/><figcaption id=\"caption-attachment-142430\" class=\"wp-caption-text\">A fotografia \u00e9 uma express\u00e3o art\u00edstica que oferece diversas oportunidades de carreira.<br \/>Imagem: Freepik<\/figcaption><\/figure>\n<h2>5. Gestor de M\u00eddias Sociais<\/h2>\n<p>Este profissional \u00e9 respons\u00e1vel por planejar, criar e gerenciar o conte\u00fado e a presen\u00e7a de uma marca em plataformas como Instagram, Facebook, TikTok e LinkedIn. O conhecimento em estrat\u00e9gias de engajamento, an\u00e1lise de m\u00e9tricas e ferramentas de agendamento \u00e9 adquirido atrav\u00e9s de cursos espec\u00edficos e da pr\u00e1tica constante. \u00c9 uma das muitas profiss\u00f5es que permitem grande flexibilidade e trabalho remoto.<\/p>\n<h2>6. T\u00e9cnico em Enfermagem<\/h2>\n<p>Na \u00e1rea da sa\u00fade, a carreira de t\u00e9cnico em enfermagem \u00e9 uma das mais importantes e com alta empregabilidade. Para atuar, \u00e9 necess\u00e1rio concluir um curso t\u00e9cnico com dura\u00e7\u00e3o m\u00e9dia de dois anos e obter o registro no Conselho Regional de Enfermagem (COREN).<\/p>\n<p>Esses profissionais atuam em hospitais, cl\u00ednicas e unidades de sa\u00fade, oferecendo cuidados diretos aos pacientes sob a supervis\u00e3o de enfermeiros. Trata-se de uma carreira que exige dedica\u00e7\u00e3o e empatia.<\/p>\n<h2>7. Youtuber e Influenciador Digital<\/h2>\n<p>O empreendedorismo digital abriu portas para novas carreiras, como a de Youtuber ou influenciador digital. Embora pare\u00e7a simples, transformar a cria\u00e7\u00e3o de conte\u00fado em uma fonte de renda exige planejamento, consist\u00eancia, carisma e conhecimento sobre edi\u00e7\u00e3o de v\u00eddeo, SEO para plataformas digitais e estrat\u00e9gias de monetiza\u00e7\u00e3o.<\/p>\n<p>N\u00e3o h\u00e1 forma\u00e7\u00e3o exigida, mas o sucesso depende da capacidade de construir uma audi\u00eancia fiel e engajada em um nicho espec\u00edfico, seja ele de games, beleza, educa\u00e7\u00e3o ou entretenimento.<\/p>\n<h2>8. Cozinheiro e confeiteiro<\/h2>\n<p>A profiss\u00e3o de cozinheiro e confeiteiro \u00e9 fundamental para a ind\u00fastria aliment\u00edcia, oferecendo diversas <a href=\"https:\/\/www.pensarcursos.com.br\/blog\/6-profissoes-que-pagam-acima-de-r-10-mil-sem-exigir-diploma-universitario\/\">oportunidades<\/a> de crescimento. Esses profissionais s\u00e3o respons\u00e1veis pela cria\u00e7\u00e3o de pratos e sobremesas, cuidando de todos os aspectos do preparo, desde a escolha dos ingredientes at\u00e9 a apresenta\u00e7\u00e3o final.<\/p>\n<p>O cozinheiro pode atuar em restaurantes, hot\u00e9is, buffets e servi\u00e7os de alimenta\u00e7\u00e3o, enquanto o confeiteiro se especializa em doces, bolos e p\u00e3es, combinando habilidades t\u00e9cnicas e criatividade.<\/p>\n<h2>9. Mec\u00e2nico de Aeronaves<\/h2>\n<p>A seguran\u00e7a na avia\u00e7\u00e3o depende diretamente da compet\u00eancia dos mec\u00e2nicos de aeronaves. Esta \u00e9 uma profiss\u00e3o de alta responsabilidade e que oferece uma remunera\u00e7\u00e3o elevada. A forma\u00e7\u00e3o \u00e9 feita por meio de cursos t\u00e9cnicos tamb\u00e9m homologados pela ANAC.<\/p>\n<p>O profissional pode se especializar em diferentes \u00e1reas, como motores, sistemas el\u00e9tricos ou estruturas de avi\u00f5es e helic\u00f3pteros. O mercado de trabalho \u00e9 s\u00f3lido, com oportunidades em companhias a\u00e9reas, empresas de t\u00e1xi a\u00e9reo e oficinas de manuten\u00e7\u00e3o.<\/p>\n<p>Gostou de conhecer as profiss\u00f5es? Confira muito mais em outros conte\u00fados do <a href=\"https:\/\/www.pensarcursos.com.br\/blog\/\" target=\"_blank\" rel=\"noopener\">Pensar Cursos<\/a>.<\/p>\n","protected":false},"excerpt":{"rendered":"<p>A cren\u00e7a de que um diploma universit\u00e1rio \u00e9 o \u00fanico caminho para uma carreira de sucesso est\u00e1 cada vez mais ultrapassada. O mercado de trabalho moderno valoriza habilidades pr\u00e1ticas, especializa\u00e7\u00e3o t\u00e9cnica e a capacidade de se adaptar rapidamente \u00e0s novas tecnologias. Para quem opta por n\u00e3o seguir o caminho acad\u00eamico tradicional, existem diversas\u00a0profiss\u00f5es que oferecem [&hellip;]<\/p>\n","protected":false},"author":54,"featured_media":142434,"comment_status":"open","ping_status":"closed","sticky":false,"template":"","format":"standard","meta":{"jnews-multi-image_gallery":[],"jnews_single_post":{"subtitle":"As oportunidades no mercado de trabalho s\u00e3o amplas e n\u00e3o se restringem apenas \u00e0queles com diploma de ensino superior","format":"standard","override":[{"template":"1","parallax":"1","fullscreen":"1","layout":"right-sidebar","sidebar":"default-sidebar","second_sidebar":"default-sidebar","sticky_sidebar":"1","share_position":"topbottom","share_float_style":"share-monocrhome","show_featured":"1","show_post_meta":"1","show_post_author":"1","show_post_author_image":"1","show_post_date":"1","post_date_format":"default","post_date_format_custom":"Y\/m\/d","show_post_category":"1","post_reading_time_wpm":"300","post_calculate_word_method":"str_word_count","show_zoom_button":"0","zoom_button_out_step":"2","zoom_button_in_step":"3","show_post_tag":"1","show_prev_next_post":"1","show_popup_post":"1","show_comment_section":"1","number_popup_post":"2","show_author_box":"1","show_post_related":"1","show_inline_post_related":"1"}],"image_override":[{"single_post_thumbnail_size":"crop-500","single_post_gallery_size":"crop-500"}],"trending_post_position":"meta","trending_post_label":"Trending","sponsored_post_label":"Sponsored by","disable_ad":"0"},"jnews_primary_category":[],"jnews_social_meta":[],"jnews_override_counter":{"view_counter_number":"0","share_counter_number":"0","like_counter_number":"0","dislike_counter_number":"0"},"footnotes":""},"categories":[13725],"tags":[37846,4187,3374],"class_list":["post-142414","post","type-post","status-publish","format-standard","has-post-thumbnail","hentry","category-profissoes","tag-carreira-sem-faculdade","tag-cursos-tecnicos","tag-profissoes-em-alta"],"yoast_head":"<!-- This site is optimized with the Yoast SEO Premium plugin v27.5 (Yoast SEO v27.5) - https:\/\/yoast.com\/product\/yoast-seo-premium-wordpress\/ -->\n<title>Sem faculdade? 9 profiss\u00f5es em alta para voc\u00ea - Blog Pensar Cursos<\/title>\n<meta name=\"description\" content=\"Conhe\u00e7a 9 profiss\u00f5es em alta que valorizam habilidades pr\u00e1ticas e cursos t\u00e9cnicos sem precisar de diplomar superior. Saiba mais!\" \/>\n<meta name=\"robots\" content=\"index, follow, max-snippet:-1, max-image-preview:large, max-video-preview:-1\" \/>\n<link rel=\"canonical\" href=\"https:\/\/www.pensarcursos.com.br\/blog\/sem-faculdade-9-profissoes-em-alta-para-voce\/\" \/>\n<meta property=\"og:locale\" content=\"pt_BR\" \/>\n<meta property=\"og:type\" content=\"article\" \/>\n<meta property=\"og:title\" content=\"Sem faculdade? 9 profiss\u00f5es em alta para voc\u00ea\" \/>\n<meta property=\"og:description\" content=\"Conhe\u00e7a 9 profiss\u00f5es em alta que valorizam habilidades pr\u00e1ticas e cursos t\u00e9cnicos sem precisar de diplomar superior. Saiba mais!\" \/>\n<meta property=\"og:url\" content=\"https:\/\/www.pensarcursos.com.br\/blog\/sem-faculdade-9-profissoes-em-alta-para-voce\/\" \/>\n<meta property=\"og:site_name\" content=\"Blog Pensar Cursos\" \/>\n<meta property=\"article:publisher\" content=\"https:\/\/www.facebook.com\/pensarcursos\/\" \/>\n<meta property=\"article:published_time\" content=\"2026-01-29T09:39:26+00:00\" \/>\n<meta property=\"og:image\" content=\"https:\/\/www.pensarcursos.com.br\/blog\/wp-content\/uploads\/2026\/01\/profissoes-6.webp\" \/>\n\t<meta property=\"og:image:width\" content=\"2500\" \/>\n\t<meta property=\"og:image:height\" content=\"1875\" \/>\n\t<meta property=\"og:image:type\" content=\"image\/webp\" \/>\n<meta name=\"author\" content=\"Quezia Andrade\" \/>\n<meta name=\"twitter:card\" content=\"summary_large_image\" \/>\n<meta name=\"twitter:label1\" content=\"Escrito por\" \/>\n\t<meta name=\"twitter:data1\" content=\"Quezia Andrade\" \/>\n\t<meta name=\"twitter:label2\" content=\"Est. tempo de leitura\" \/>\n\t<meta name=\"twitter:data2\" content=\"5 minutos\" \/>\n<!-- \/ Yoast SEO Premium plugin. -->","yoast_head_json":{"title":"Sem faculdade? 9 profiss\u00f5es em alta para voc\u00ea - Blog Pensar Cursos","description":"Conhe\u00e7a 9 profiss\u00f5es em alta que valorizam habilidades pr\u00e1ticas e cursos t\u00e9cnicos sem precisar de diplomar superior. Saiba mais!","robots":{"index":"index","follow":"follow","max-snippet":"max-snippet:-1","max-image-preview":"max-image-preview:large","max-video-preview":"max-video-preview:-1"},"canonical":"https:\/\/www.pensarcursos.com.br\/blog\/sem-faculdade-9-profissoes-em-alta-para-voce\/","og_locale":"pt_BR","og_type":"article","og_title":"Sem faculdade? 9 profiss\u00f5es em alta para voc\u00ea","og_description":"Conhe\u00e7a 9 profiss\u00f5es em alta que valorizam habilidades pr\u00e1ticas e cursos t\u00e9cnicos sem precisar de diplomar superior. Saiba mais!","og_url":"https:\/\/www.pensarcursos.com.br\/blog\/sem-faculdade-9-profissoes-em-alta-para-voce\/","og_site_name":"Blog Pensar Cursos","article_publisher":"https:\/\/www.facebook.com\/pensarcursos\/","article_published_time":"2026-01-29T09:39:26+00:00","og_image":[{"width":2500,"height":1875,"url":"https:\/\/www.pensarcursos.com.br\/blog\/wp-content\/uploads\/2026\/01\/profissoes-6.webp","type":"image\/webp"}],"author":"Quezia Andrade","twitter_card":"summary_large_image","twitter_misc":{"Escrito por":"Quezia Andrade","Est. tempo de leitura":"5 minutos"},"schema":{"@context":"https:\/\/schema.org","@graph":[{"@type":["Article","BlogPosting"],"@id":"https:\/\/www.pensarcursos.com.br\/blog\/sem-faculdade-9-profissoes-em-alta-para-voce\/#article","isPartOf":{"@id":"https:\/\/www.pensarcursos.com.br\/blog\/sem-faculdade-9-profissoes-em-alta-para-voce\/"},"author":{"name":"Quezia Andrade","@id":"https:\/\/www.pensarcursos.com.br\/blog\/#\/schema\/person\/28714c166fa847c28e0ba3e4d47c1033"},"headline":"Sem faculdade? 9 profiss\u00f5es em alta para voc\u00ea","datePublished":"2026-01-29T09:39:26+00:00","mainEntityOfPage":{"@id":"https:\/\/www.pensarcursos.com.br\/blog\/sem-faculdade-9-profissoes-em-alta-para-voce\/"},"wordCount":931,"commentCount":0,"publisher":{"@id":"https:\/\/www.pensarcursos.com.br\/blog\/#organization"},"image":{"@id":"https:\/\/www.pensarcursos.com.br\/blog\/sem-faculdade-9-profissoes-em-alta-para-voce\/#primaryimage"},"thumbnailUrl":"https:\/\/www.pensarcursos.com.br\/blog\/wp-content\/uploads\/2026\/01\/profissoes-6.webp","keywords":["carreira sem faculdade","cursos tecnicos","profiss\u00f5es em alta"],"articleSection":["Profiss\u00f5es"],"inLanguage":"pt-BR","potentialAction":[{"@type":"CommentAction","name":"Comment","target":["https:\/\/www.pensarcursos.com.br\/blog\/sem-faculdade-9-profissoes-em-alta-para-voce\/#respond"]}],"copyrightYear":"2026","copyrightHolder":{"@id":"https:\/\/www.pensarcursos.com.br\/blog\/#organization"}},{"@type":"WebPage","@id":"https:\/\/www.pensarcursos.com.br\/blog\/sem-faculdade-9-profissoes-em-alta-para-voce\/","url":"https:\/\/www.pensarcursos.com.br\/blog\/sem-faculdade-9-profissoes-em-alta-para-voce\/","name":"Sem faculdade? 9 profiss\u00f5es em alta para voc\u00ea - Blog Pensar Cursos","isPartOf":{"@id":"https:\/\/www.pensarcursos.com.br\/blog\/#website"},"primaryImageOfPage":{"@id":"https:\/\/www.pensarcursos.com.br\/blog\/sem-faculdade-9-profissoes-em-alta-para-voce\/#primaryimage"},"image":{"@id":"https:\/\/www.pensarcursos.com.br\/blog\/sem-faculdade-9-profissoes-em-alta-para-voce\/#primaryimage"},"thumbnailUrl":"https:\/\/www.pensarcursos.com.br\/blog\/wp-content\/uploads\/2026\/01\/profissoes-6.webp","datePublished":"2026-01-29T09:39:26+00:00","description":"Conhe\u00e7a 9 profiss\u00f5es em alta que valorizam habilidades pr\u00e1ticas e cursos t\u00e9cnicos sem precisar de diplomar superior. Saiba mais!","breadcrumb":{"@id":"https:\/\/www.pensarcursos.com.br\/blog\/sem-faculdade-9-profissoes-em-alta-para-voce\/#breadcrumb"},"inLanguage":"pt-BR","potentialAction":[{"@type":"ReadAction","target":["https:\/\/www.pensarcursos.com.br\/blog\/sem-faculdade-9-profissoes-em-alta-para-voce\/"]}]},{"@type":"ImageObject","inLanguage":"pt-BR","@id":"https:\/\/www.pensarcursos.com.br\/blog\/sem-faculdade-9-profissoes-em-alta-para-voce\/#primaryimage","url":"https:\/\/www.pensarcursos.com.br\/blog\/wp-content\/uploads\/2026\/01\/profissoes-6.webp","contentUrl":"https:\/\/www.pensarcursos.com.br\/blog\/wp-content\/uploads\/2026\/01\/profissoes-6.webp","width":2500,"height":1875,"caption":"Confira 9 profiss\u00f5es em alta que oferecem oportunidades, sem exigir diploma universit\u00e1rio. Imagem: Freepik"},{"@type":"BreadcrumbList","@id":"https:\/\/www.pensarcursos.com.br\/blog\/sem-faculdade-9-profissoes-em-alta-para-voce\/#breadcrumb","itemListElement":[{"@type":"ListItem","position":1,"name":"Home","item":"https:\/\/www.pensarcursos.com.br\/blog\/"},{"@type":"ListItem","position":2,"name":"Sem faculdade? 9 profiss\u00f5es em alta para voc\u00ea"}]},{"@type":"WebSite","@id":"https:\/\/www.pensarcursos.com.br\/blog\/#website","url":"https:\/\/www.pensarcursos.com.br\/blog\/","name":"Blog Pensar Cursos","description":"Maior Site de Cursos do Brasil","publisher":{"@id":"https:\/\/www.pensarcursos.com.br\/blog\/#organization"},"alternateName":"Blog Pensar","potentialAction":[{"@type":"SearchAction","target":{"@type":"EntryPoint","urlTemplate":"https:\/\/www.pensarcursos.com.br\/blog\/?s={search_term_string}"},"query-input":{"@type":"PropertyValueSpecification","valueRequired":true,"valueName":"search_term_string"}}],"inLanguage":"pt-BR"},{"@type":"Organization","@id":"https:\/\/www.pensarcursos.com.br\/blog\/#organization","name":"Pensar Cursos","alternateName":"Blog pensar","url":"https:\/\/www.pensarcursos.com.br\/blog\/","logo":{"@type":"ImageObject","inLanguage":"pt-BR","@id":"https:\/\/www.pensarcursos.com.br\/blog\/#\/schema\/logo\/image\/","url":"https:\/\/www.pensarcursos.com.br\/blog\/wp-content\/uploads\/2023\/11\/Nova-Logo-Pensar-Cursos-vertical.png","contentUrl":"https:\/\/www.pensarcursos.com.br\/blog\/wp-content\/uploads\/2023\/11\/Nova-Logo-Pensar-Cursos-vertical.png","width":1393,"height":1001,"caption":"Pensar Cursos"},"image":{"@id":"https:\/\/www.pensarcursos.com.br\/blog\/#\/schema\/logo\/image\/"},"sameAs":["https:\/\/www.facebook.com\/pensarcursos\/","https:\/\/instagram.com.br\/pensarcursos"],"description":"Pensar Cursos \u00e9 uma empresa especializada em oferecer cursos de alta qualidade voltados para o desenvolvimento profissional e acad\u00eamico. Com uma ampla gama de op\u00e7\u00f5es de treinamento, oferecemos conte\u00fados atualizados, ministrados por especialistas da \u00e1rea, para capacitar indiv\u00edduos e equipes a atingirem seus objetivos. Nossa miss\u00e3o \u00e9 proporcionar uma educa\u00e7\u00e3o transformadora, acess\u00edvel e personalizada para cada aluno, seja em cursos presenciais ou online. Com uma abordagem inovadora, buscamos adaptar os nossos programas de ensino \u00e0s necessidades do mercado, criando solu\u00e7\u00f5es que atendem aos desafios e exig\u00eancias do mundo corporativo e acad\u00eamico. Nossos cursos incluem desde forma\u00e7\u00f5es t\u00e9cnicas at\u00e9 habilidades essenciais, como lideran\u00e7a, gest\u00e3o e desenvolvimento pessoal.","email":"contato@pensarcursos.com.br","legalName":"Sena Servi\u00e7os de Informa\u00e7\u00e3o Online LTDA","foundingDate":"2013-04-18","vatID":"17956217000172","numberOfEmployees":{"@type":"QuantitativeValue","minValue":"11","maxValue":"50"},"publishingPrinciples":"https:\/\/www.pensarcursos.com.br\/blog\/principios-de-publicacao\/","ownershipFundingInfo":"https:\/\/www.pensarcursos.com.br\/blog\/informacoes-de-propriedade-financiamento\/","actionableFeedbackPolicy":"https:\/\/www.pensarcursos.com.br\/blog\/politica-de-feedback-acionavel\/","correctionsPolicy":"https:\/\/www.pensarcursos.com.br\/blog\/politica-de-correcoes\/","ethicsPolicy":"https:\/\/www.pensarcursos.com.br\/blog\/politica-de-etica\/"},{"@type":"Person","@id":"https:\/\/www.pensarcursos.com.br\/blog\/#\/schema\/person\/28714c166fa847c28e0ba3e4d47c1033","name":"Quezia Andrade","image":{"@type":"ImageObject","inLanguage":"pt-BR","@id":"https:\/\/secure.gravatar.com\/avatar\/ca40343eca0c667f062032144581527936aae03191aca76e9d4c4de5a5c7cd14?s=96&d=mm&r=g","url":"https:\/\/secure.gravatar.com\/avatar\/ca40343eca0c667f062032144581527936aae03191aca76e9d4c4de5a5c7cd14?s=96&d=mm&r=g","contentUrl":"https:\/\/secure.gravatar.com\/avatar\/ca40343eca0c667f062032144581527936aae03191aca76e9d4c4de5a5c7cd14?s=96&d=mm&r=g","caption":"Quezia Andrade"},"description":"Biom\u00e9dica CRBM2 n\u00ba 17394. Redatora do grupo Sena Online.","sameAs":["https:\/\/www.instagram.com\/_quezia_b?igsh=cWF2dDNxbXd6ejF4&utm_source=qr","https:\/\/www.linkedin.com\/in\/quzia-borges-andrade-907778266?utm_source=share&utm_campaign=share_via&utm_content=profile&utm_medium=ios_app"],"url":"https:\/\/www.pensarcursos.com.br\/blog\/author\/quezia\/"}]}},"_links":{"self":[{"href":"https:\/\/www.pensarcursos.com.br\/blog\/wp-json\/wp\/v2\/posts\/142414","targetHints":{"allow":["GET"]}}],"collection":[{"href":"https:\/\/www.pensarcursos.com.br\/blog\/wp-json\/wp\/v2\/posts"}],"about":[{"href":"https:\/\/www.pensarcursos.com.br\/blog\/wp-json\/wp\/v2\/types\/post"}],"author":[{"embeddable":true,"href":"https:\/\/www.pensarcursos.com.br\/blog\/wp-json\/wp\/v2\/users\/54"}],"replies":[{"embeddable":true,"href":"https:\/\/www.pensarcursos.com.br\/blog\/wp-json\/wp\/v2\/comments?post=142414"}],"version-history":[{"count":0,"href":"https:\/\/www.pensarcursos.com.br\/blog\/wp-json\/wp\/v2\/posts\/142414\/revisions"}],"wp:featuredmedia":[{"embeddable":true,"href":"https:\/\/www.pensarcursos.com.br\/blog\/wp-json\/wp\/v2\/media\/142434"}],"wp:attachment":[{"href":"https:\/\/www.pensarcursos.com.br\/blog\/wp-json\/wp\/v2\/media?parent=142414"}],"wp:term":[{"taxonomy":"category","embeddable":true,"href":"https:\/\/www.pensarcursos.com.br\/blog\/wp-json\/wp\/v2\/categories?post=142414"},{"taxonomy":"post_tag","embeddable":true,"href":"https:\/\/www.pensarcursos.com.br\/blog\/wp-json\/wp\/v2\/tags?post=142414"}],"curies":[{"name":"wp","href":"https:\/\/api.w.org\/{rel}","templated":true}]}}