{"id":142393,"date":"2026-01-28T22:59:52","date_gmt":"2026-01-29T01:59:52","guid":{"rendered":"https:\/\/www.pensarcursos.com.br\/blog\/?p=142393"},"modified":"2026-01-28T16:20:29","modified_gmt":"2026-01-28T19:20:29","slug":"pe-de-meia-libera-r-1-200-em-fevereiro-veja-quem-fica-de-fora-dos-pagamentos-e-o-que-fazer-para-resolver","status":"publish","type":"post","link":"https:\/\/www.pensarcursos.com.br\/blog\/pe-de-meia-libera-r-1-200-em-fevereiro-veja-quem-fica-de-fora-dos-pagamentos-e-o-que-fazer-para-resolver\/","title":{"rendered":"P\u00e9-de-Meia libera R$ 1.200 em fevereiro: veja quem fica de fora dos pagamentos e o que fazer para resolver"},"content":{"rendered":"<p>O programa <a href=\"https:\/\/www.pensarcursos.com.br\/blog\/pix-de-r-200-do-pe-de-meia-2026-governo-divulga-os-criterios-e-as-formas-de-saque\/\"><strong>P\u00e9-de-Meia<\/strong><\/a> ir\u00e1 liberar o pagamento de <strong>R$ 1.200 em fevereiro<\/strong> para os estudantes do ensino m\u00e9dio da rede p\u00fablica de ensino. No entanto, existem alguns requisitos espec\u00edficos para garantir o recebimento desse benef\u00edcio. Aqueles que n\u00e3o atenderem a essas condi\u00e7\u00f5es podem ficar de fora dos pagamentos.<\/p>\n<p>Mas quem tem direito e como resolver essa situa\u00e7\u00e3o para garantir o recebimento? Continue lendo e descubra tudo o que voc\u00ea precisa saber!<\/p>\n<h2>Pagamento de R$ 1.200: como funciona?<\/h2>\n<p>O <a href=\"https:\/\/www.pensarcursos.com.br\/blog\/pe-de-meia-alunos-de-escola-em-tempo-integral-tem-direito-ao-beneficio\/\">P\u00e9-de-Meia<\/a> distribui os valores em diferentes modalidades ao longo do ano. Os pagamentos no valor de R$ 1.200 s\u00e3o divididos da seguinte forma:<\/p>\n<ul>\n<li><strong>Incentivo-conclus\u00e3o:<\/strong>\u00a0Um b\u00f4nus de\u00a0<strong>R$ 1.000<\/strong>\u00a0depositado ao final de cada ano letivo conclu\u00eddo com aprova\u00e7\u00e3o. Este valor s\u00f3 pode ser sacado ap\u00f3s a conclus\u00e3o do ensino m\u00e9dio.<\/li>\n<li><strong>Incentivo-Enem:<\/strong>\u00a0Uma parcela \u00fanica de\u00a0<strong>R$ 200<\/strong>\u00a0para estudantes do 3\u00ba ano que se inscreverem e participarem dos dois dias de aplica\u00e7\u00e3o do Exame Nacional do Ensino M\u00e9dio (Enem).<\/li>\n<\/ul>\n<h2>Quem N\u00c3O vai receber os R$ 1.200 em fevereiro de 2026?<\/h2>\n<p>Os estudantes que n\u00e3o cumpriram os requisitos abaixo ficar\u00e3o de fora:<\/p>\n<ol>\n<li><strong>Alunos que n\u00e3o foram aprovados em 2025:<\/strong> perdem o pagamento de R$ 1.000 do incentivo-conclus\u00e3o<\/li>\n<li><strong>Alunos que n\u00e3o fizeram o Enem 2025: <\/strong>perdem o direito aos R$ 200 do Incentivo-Enem<\/li>\n<li><strong>Alunos com Cad\u00danico desatualizado<\/strong><\/li>\n<li><strong>Alunos que mudaram para escola privada:\u00a0<\/strong>o programa \u00e9 exclusivo para o ensino m\u00e9dio p\u00fablico.<\/li>\n<li><strong>Alunos que n\u00e3o possuem CPF:<\/strong> a falta de CPF pr\u00f3prio no sistema da escola ou no Cadastro \u00danico impede o pagamento.<\/li>\n<\/ol>\n<figure id=\"attachment_142410\" aria-describedby=\"caption-attachment-142410\" style=\"width: 1200px\" class=\"wp-caption aligncenter\"><img decoding=\"async\" class=\"wp-image-142410 size-full\" src=\"https:\/\/www.pensarcursos.com.br\/blog\/wp-content\/uploads\/2026\/01\/Pe-de-meia1-4.webp\" alt=\"Imagem de jovem com mochila e livros, com o logo do P\u00e9-de-Meia ao fundo e c\u00e9dulas de 100 reais, simbolizando a poupan\u00e7a do ensino m\u00e9dio e os pagamentos do benef\u00edcio.\" width=\"1200\" height=\"800\" srcset=\"https:\/\/www.pensarcursos.com.br\/blog\/wp-content\/uploads\/2026\/01\/Pe-de-meia1-4.webp 1200w, https:\/\/www.pensarcursos.com.br\/blog\/wp-content\/uploads\/2026\/01\/Pe-de-meia1-4-300x200.webp 300w, https:\/\/www.pensarcursos.com.br\/blog\/wp-content\/uploads\/2026\/01\/Pe-de-meia1-4-1024x683.webp 1024w, https:\/\/www.pensarcursos.com.br\/blog\/wp-content\/uploads\/2026\/01\/Pe-de-meia1-4-768x512.webp 768w, https:\/\/www.pensarcursos.com.br\/blog\/wp-content\/uploads\/2026\/01\/Pe-de-meia1-4-750x500.webp 750w, https:\/\/www.pensarcursos.com.br\/blog\/wp-content\/uploads\/2026\/01\/Pe-de-meia1-4-1140x760.webp 1140w\" sizes=\"(max-width: 1200px) 100vw, 1200px\" \/><figcaption id=\"caption-attachment-142410\" class=\"wp-caption-text\">P\u00e9-de-Meia: como garantir os pagamentos de R$ 1.200 em 2026? Confira!<br \/>Imagem: Pensar Cursos<\/figcaption><\/figure>\n<h2>O que fazer para resolver?<\/h2>\n<p><strong>N\u00e3o h\u00e1 como resolver a situa\u00e7\u00e3o para garantir os pagamentos de R$ 1.200 em fevereiro e mar\u00e7o de 2026<\/strong>.<\/p>\n<p>O que pode ser feito, no entanto, \u00e9 manter o Cad\u00danico atualizado, estar dentro dos crit\u00e9rios exigidos pelo programa \u2014 como idade e renda familiar \u2014 e buscar a aprova\u00e7\u00e3o no ano letivo de 2026, o que permite garantir os dep\u00f3sitos nas etapas seguintes do P\u00e9-de-Meia.<\/p>\n<p>\u00c9 necess\u00e1rio atender aos seguintes crit\u00e9rios: ter idade entre 14 e 24 anos (ou de 19 a 24 anos, no caso da EJA), pertencer a uma fam\u00edlia inscrita no Cad\u00danico com renda per capita de at\u00e9 meio sal\u00e1rio m\u00ednimo e possuir CPF regularizado.<\/p>\n<h3>Verifica\u00e7\u00e3o de dados no CRAS<\/h3>\n<p>O primeiro passo \u00e9\u00a0procurar\u00a0o Centro de Refer\u00eancia de Assist\u00eancia Social (CRAS) do seu munic\u00edpio. Pe\u00e7a a um respons\u00e1vel para verificar se o Cadastro \u00danico da fam\u00edlia est\u00e1 ativo e com os dados atualizados nos \u00faltimos dois anos. Qualquer inconsist\u00eancia no Cad\u00danico impede a aprova\u00e7\u00e3o no P\u00e9-de-Meia.<\/p>\n<h3>Contato com a gest\u00e3o escolar<\/h3>\n<p>Se o Cad\u00danico estiver em ordem, o problema pode estar na informa\u00e7\u00e3o enviada pela escola. A gest\u00e3o escolar \u00e9 respons\u00e1vel por transmitir os dados de matr\u00edcula e frequ\u00eancia dos alunos para o MEC<\/p>\n<p>Converse com a secretaria da sua escola para confirmar se todas as suas informa\u00e7\u00f5es foram enviadas corretamente para o sistema do governo.<\/p>\n<h2>Calend\u00e1rio do pagamento de R$ 1.200 em fevereiro e mar\u00e7o<\/h2>\n<p>Os valores de <a href=\"https:\/\/www.pensarcursos.com.br\/blog\/nao-sabe-se-vai-receber-r-1-200-do-pe-de-meia-aprenda-a-consultar\/\">R$ 1.000<\/a> e R$ 200, referentes ao Incentivo-conclus\u00e3o e ao Incentivo-Enem, respectivamente, ser\u00e3o pagos entre <strong>26 de fevereiro e 5 de mar\u00e7o de 2026<\/strong>.<\/p>\n<p>Confira as datas de pagamento conforme o m\u00eas de nascimento do aluno:<\/p>\n<ul>\n<li><strong>Janeiro e fevereiro:<\/strong> 26 de fevereiro de 2026<\/li>\n<li><strong>Mar\u00e7o e abril:<\/strong> 27 de fevereiro de 2026<\/li>\n<li><strong>Maio e junho:<\/strong> 28 de fevereiro de 2026<\/li>\n<li><strong>Julho e agosto:<\/strong> 3 de mar\u00e7o de 2026<\/li>\n<li><strong>Setembro e outubro:<\/strong> 4 de mar\u00e7o de 2026<\/li>\n<li><strong>Novembro e dezembro:<\/strong> 5 de mar\u00e7o de 2026<\/li>\n<\/ul>\n<h2>Passo a passo: Como consultar se voc\u00ea foi aprovado?<\/h2>\n<p>O Minist\u00e9rio da Educa\u00e7\u00e3o disponibilizou uma ferramenta espec\u00edfica para que os estudantes e suas fam\u00edlias possam consultar a elegibilidade de forma r\u00e1pida.<\/p>\n<p>Siga estas etapas para fazer a consulta:<\/p>\n<ol>\n<li>Baixe o aplicativo\u00a0Jornada do Estudante, dispon\u00edvel para <a href=\"https:\/\/play.google.com\/store\/apps\/details?id=br.gov.mec.jornada.estudante&amp;hl=pt_BR\" target=\"_blank\" rel=\"noopener\">Android<\/a> e <a href=\"https:\/\/apps.apple.com\/br\/app\/jornada-do-estudante\/id1622441145\" target=\"_blank\" rel=\"noopener\">iOS<\/a>.<\/li>\n<li>Fa\u00e7a o login utilizando sua conta\u00a0Gov.br. Se ainda n\u00e3o tiver uma, ser\u00e1 necess\u00e1rio criar.<\/li>\n<li>Dentro do aplicativo, procure pela se\u00e7\u00e3o referente ao programa P\u00e9-de-Meia.<\/li>\n<li>O sistema informar\u00e1 se o estudante est\u00e1 eleg\u00edvel, al\u00e9m de exibir as datas de pagamento e os registros de frequ\u00eancia.<\/li>\n<\/ol>\n<p>Ficou com alguma d\u00favida? Confira outros conte\u00fados do <strong><a href=\"https:\/\/www.pensarcursos.com.br\/blog\/\" target=\"_blank\" rel=\"noopener\">Pensar Cursos<\/a><\/strong> para mais informa\u00e7\u00f5es.<\/p>\n<p>Veja tamb\u00e9m:<\/p>\n<div class=\"jeg_video_container jeg_video_content\"><iframe title=\"R$ 9 MIL pra Estudar? Veja Como Aproveitar Esse Benef\u00edcio do Governo!\" width=\"500\" height=\"281\" src=\"https:\/\/www.youtube.com\/embed\/8BM18YSdSWE?feature=oembed\" frameborder=\"0\" allow=\"accelerometer; autoplay; clipboard-write; encrypted-media; gyroscope; picture-in-picture; web-share\" referrerpolicy=\"strict-origin-when-cross-origin\" allowfullscreen><\/iframe><\/div>\n","protected":false},"excerpt":{"rendered":"<p>O programa P\u00e9-de-Meia ir\u00e1 liberar o pagamento de R$ 1.200 em fevereiro para os estudantes do ensino m\u00e9dio da rede p\u00fablica de ensino. No entanto, existem alguns requisitos espec\u00edficos para garantir o recebimento desse benef\u00edcio. Aqueles que n\u00e3o atenderem a essas condi\u00e7\u00f5es podem ficar de fora dos pagamentos. Mas quem tem direito e como resolver [&hellip;]<\/p>\n","protected":false},"author":54,"featured_media":142405,"comment_status":"open","ping_status":"closed","sticky":false,"template":"","format":"standard","meta":{"jnews-multi-image_gallery":[],"jnews_single_post":{"subtitle":"Os pagamentos come\u00e7ar\u00e3o no dia 26 de fevereiro","format":"standard","override":[{"template":"1","parallax":"1","fullscreen":"1","layout":"right-sidebar","sidebar":"default-sidebar","second_sidebar":"default-sidebar","sticky_sidebar":"1","share_position":"topbottom","share_float_style":"share-monocrhome","show_featured":"1","show_post_meta":"1","show_post_author":"1","show_post_author_image":"1","show_post_date":"1","post_date_format":"default","post_date_format_custom":"Y\/m\/d","show_post_category":"1","post_reading_time_wpm":"300","post_calculate_word_method":"str_word_count","show_zoom_button":"0","zoom_button_out_step":"2","zoom_button_in_step":"3","show_post_tag":"1","show_prev_next_post":"1","show_popup_post":"1","show_comment_section":"1","number_popup_post":"2","show_author_box":"1","show_post_related":"1","show_inline_post_related":"1"}],"image_override":[{"single_post_thumbnail_size":"crop-500","single_post_gallery_size":"crop-500"}],"trending_post_position":"meta","trending_post_label":"Trending","sponsored_post_label":"Sponsored by","disable_ad":"0"},"jnews_primary_category":[],"jnews_social_meta":[],"jnews_override_counter":{"view_counter_number":"0","share_counter_number":"0","like_counter_number":"0","dislike_counter_number":"0"},"footnotes":""},"categories":[1657,17201],"tags":[36014,36015,37847,8781],"class_list":["post-142393","post","type-post","status-publish","format-standard","has-post-thumbnail","hentry","category-beneficios-sociais","category-pe-de-meia","tag-calendario-pe-de-meia-2026","tag-pe-de-meia-2026","tag-pe-de-meia-de-fevereiro","tag-programa-pe-de-meia"],"yoast_head":"<!-- This site is optimized with the Yoast SEO Premium plugin v27.5 (Yoast SEO v27.5) - https:\/\/yoast.com\/product\/yoast-seo-premium-wordpress\/ -->\n<title>P\u00e9-de-Meia libera R$ 1.200 em fevereiro: veja quem fica de fora dos pagamentos e o que fazer para resolver - Blog Pensar Cursos<\/title>\n<meta name=\"description\" content=\"Saiba tudo sobre o pagamento de R$ 1.200 do programa P\u00e9-de-Meia para estudantes. Verifique requisitos e datas de pagamento. Confira agora!\" \/>\n<meta name=\"robots\" content=\"index, follow, max-snippet:-1, max-image-preview:large, max-video-preview:-1\" \/>\n<link rel=\"canonical\" href=\"https:\/\/www.pensarcursos.com.br\/blog\/pe-de-meia-libera-r-1-200-em-fevereiro-veja-quem-fica-de-fora-dos-pagamentos-e-o-que-fazer-para-resolver\/\" \/>\n<meta property=\"og:locale\" content=\"pt_BR\" \/>\n<meta property=\"og:type\" content=\"article\" \/>\n<meta property=\"og:title\" content=\"P\u00e9-de-Meia libera R$ 1.200 em fevereiro: veja quem fica de fora dos pagamentos e o que fazer para resolver\" \/>\n<meta property=\"og:description\" content=\"Saiba tudo sobre o pagamento de R$ 1.200 do programa P\u00e9-de-Meia para estudantes. Verifique requisitos e datas de pagamento. Confira agora!\" \/>\n<meta property=\"og:url\" content=\"https:\/\/www.pensarcursos.com.br\/blog\/pe-de-meia-libera-r-1-200-em-fevereiro-veja-quem-fica-de-fora-dos-pagamentos-e-o-que-fazer-para-resolver\/\" \/>\n<meta property=\"og:site_name\" content=\"Blog Pensar Cursos\" \/>\n<meta property=\"article:publisher\" content=\"https:\/\/www.facebook.com\/pensarcursos\/\" \/>\n<meta property=\"article:published_time\" content=\"2026-01-29T01:59:52+00:00\" \/>\n<meta property=\"og:image\" content=\"https:\/\/www.pensarcursos.com.br\/blog\/wp-content\/uploads\/2026\/01\/pe-de-meia-pagamento.webp\" \/>\n\t<meta property=\"og:image:width\" content=\"1200\" \/>\n\t<meta property=\"og:image:height\" content=\"800\" \/>\n\t<meta property=\"og:image:type\" content=\"image\/webp\" \/>\n<meta name=\"author\" content=\"Quezia Andrade\" \/>\n<meta name=\"twitter:card\" content=\"summary_large_image\" \/>\n<meta name=\"twitter:label1\" content=\"Escrito por\" \/>\n\t<meta name=\"twitter:data1\" content=\"Quezia Andrade\" \/>\n\t<meta name=\"twitter:label2\" content=\"Est. tempo de leitura\" \/>\n\t<meta name=\"twitter:data2\" content=\"5 minutos\" \/>\n<!-- \/ Yoast SEO Premium plugin. -->","yoast_head_json":{"title":"P\u00e9-de-Meia libera R$ 1.200 em fevereiro: veja quem fica de fora dos pagamentos e o que fazer para resolver - Blog Pensar Cursos","description":"Saiba tudo sobre o pagamento de R$ 1.200 do programa P\u00e9-de-Meia para estudantes. Verifique requisitos e datas de pagamento. Confira agora!","robots":{"index":"index","follow":"follow","max-snippet":"max-snippet:-1","max-image-preview":"max-image-preview:large","max-video-preview":"max-video-preview:-1"},"canonical":"https:\/\/www.pensarcursos.com.br\/blog\/pe-de-meia-libera-r-1-200-em-fevereiro-veja-quem-fica-de-fora-dos-pagamentos-e-o-que-fazer-para-resolver\/","og_locale":"pt_BR","og_type":"article","og_title":"P\u00e9-de-Meia libera R$ 1.200 em fevereiro: veja quem fica de fora dos pagamentos e o que fazer para resolver","og_description":"Saiba tudo sobre o pagamento de R$ 1.200 do programa P\u00e9-de-Meia para estudantes. Verifique requisitos e datas de pagamento. Confira agora!","og_url":"https:\/\/www.pensarcursos.com.br\/blog\/pe-de-meia-libera-r-1-200-em-fevereiro-veja-quem-fica-de-fora-dos-pagamentos-e-o-que-fazer-para-resolver\/","og_site_name":"Blog Pensar Cursos","article_publisher":"https:\/\/www.facebook.com\/pensarcursos\/","article_published_time":"2026-01-29T01:59:52+00:00","og_image":[{"width":1200,"height":800,"url":"https:\/\/www.pensarcursos.com.br\/blog\/wp-content\/uploads\/2026\/01\/pe-de-meia-pagamento.webp","type":"image\/webp"}],"author":"Quezia Andrade","twitter_card":"summary_large_image","twitter_misc":{"Escrito por":"Quezia Andrade","Est. tempo de leitura":"5 minutos"},"schema":{"@context":"https:\/\/schema.org","@graph":[{"@type":["Article","BlogPosting"],"@id":"https:\/\/www.pensarcursos.com.br\/blog\/pe-de-meia-libera-r-1-200-em-fevereiro-veja-quem-fica-de-fora-dos-pagamentos-e-o-que-fazer-para-resolver\/#article","isPartOf":{"@id":"https:\/\/www.pensarcursos.com.br\/blog\/pe-de-meia-libera-r-1-200-em-fevereiro-veja-quem-fica-de-fora-dos-pagamentos-e-o-que-fazer-para-resolver\/"},"author":{"name":"Quezia Andrade","@id":"https:\/\/www.pensarcursos.com.br\/blog\/#\/schema\/person\/28714c166fa847c28e0ba3e4d47c1033"},"headline":"P\u00e9-de-Meia libera R$ 1.200 em fevereiro: veja quem fica de fora dos pagamentos e o que fazer para resolver","datePublished":"2026-01-29T01:59:52+00:00","mainEntityOfPage":{"@id":"https:\/\/www.pensarcursos.com.br\/blog\/pe-de-meia-libera-r-1-200-em-fevereiro-veja-quem-fica-de-fora-dos-pagamentos-e-o-que-fazer-para-resolver\/"},"wordCount":780,"commentCount":2,"publisher":{"@id":"https:\/\/www.pensarcursos.com.br\/blog\/#organization"},"image":{"@id":"https:\/\/www.pensarcursos.com.br\/blog\/pe-de-meia-libera-r-1-200-em-fevereiro-veja-quem-fica-de-fora-dos-pagamentos-e-o-que-fazer-para-resolver\/#primaryimage"},"thumbnailUrl":"https:\/\/www.pensarcursos.com.br\/blog\/wp-content\/uploads\/2026\/01\/pe-de-meia-pagamento.webp","keywords":["calend\u00e1rio p\u00e9 de meia 2026","p\u00e9 de meia 2026","p\u00e9 de meia de fevereiro","programa p\u00e9 de meia"],"articleSection":["Benef\u00edcios Sociais","P\u00e9-de-Meia"],"inLanguage":"pt-BR","potentialAction":[{"@type":"CommentAction","name":"Comment","target":["https:\/\/www.pensarcursos.com.br\/blog\/pe-de-meia-libera-r-1-200-em-fevereiro-veja-quem-fica-de-fora-dos-pagamentos-e-o-que-fazer-para-resolver\/#respond"]}],"copyrightYear":"2026","copyrightHolder":{"@id":"https:\/\/www.pensarcursos.com.br\/blog\/#organization"}},{"@type":"WebPage","@id":"https:\/\/www.pensarcursos.com.br\/blog\/pe-de-meia-libera-r-1-200-em-fevereiro-veja-quem-fica-de-fora-dos-pagamentos-e-o-que-fazer-para-resolver\/","url":"https:\/\/www.pensarcursos.com.br\/blog\/pe-de-meia-libera-r-1-200-em-fevereiro-veja-quem-fica-de-fora-dos-pagamentos-e-o-que-fazer-para-resolver\/","name":"P\u00e9-de-Meia libera R$ 1.200 em fevereiro: veja quem fica de fora dos pagamentos e o que fazer para resolver - Blog Pensar Cursos","isPartOf":{"@id":"https:\/\/www.pensarcursos.com.br\/blog\/#website"},"primaryImageOfPage":{"@id":"https:\/\/www.pensarcursos.com.br\/blog\/pe-de-meia-libera-r-1-200-em-fevereiro-veja-quem-fica-de-fora-dos-pagamentos-e-o-que-fazer-para-resolver\/#primaryimage"},"image":{"@id":"https:\/\/www.pensarcursos.com.br\/blog\/pe-de-meia-libera-r-1-200-em-fevereiro-veja-quem-fica-de-fora-dos-pagamentos-e-o-que-fazer-para-resolver\/#primaryimage"},"thumbnailUrl":"https:\/\/www.pensarcursos.com.br\/blog\/wp-content\/uploads\/2026\/01\/pe-de-meia-pagamento.webp","datePublished":"2026-01-29T01:59:52+00:00","description":"Saiba tudo sobre o pagamento de R$ 1.200 do programa P\u00e9-de-Meia para estudantes. Verifique requisitos e datas de pagamento. Confira agora!","breadcrumb":{"@id":"https:\/\/www.pensarcursos.com.br\/blog\/pe-de-meia-libera-r-1-200-em-fevereiro-veja-quem-fica-de-fora-dos-pagamentos-e-o-que-fazer-para-resolver\/#breadcrumb"},"inLanguage":"pt-BR","potentialAction":[{"@type":"ReadAction","target":["https:\/\/www.pensarcursos.com.br\/blog\/pe-de-meia-libera-r-1-200-em-fevereiro-veja-quem-fica-de-fora-dos-pagamentos-e-o-que-fazer-para-resolver\/"]}]},{"@type":"ImageObject","inLanguage":"pt-BR","@id":"https:\/\/www.pensarcursos.com.br\/blog\/pe-de-meia-libera-r-1-200-em-fevereiro-veja-quem-fica-de-fora-dos-pagamentos-e-o-que-fazer-para-resolver\/#primaryimage","url":"https:\/\/www.pensarcursos.com.br\/blog\/wp-content\/uploads\/2026\/01\/pe-de-meia-pagamento.webp","contentUrl":"https:\/\/www.pensarcursos.com.br\/blog\/wp-content\/uploads\/2026\/01\/pe-de-meia-pagamento.webp","width":1200,"height":800,"caption":"Saiba quem ficar\u00e1 de fora dos pagamentos do P\u00e9-de-Meia em fevereiro e o que fazer para resolver. Imagem: Pensar Cursos"},{"@type":"BreadcrumbList","@id":"https:\/\/www.pensarcursos.com.br\/blog\/pe-de-meia-libera-r-1-200-em-fevereiro-veja-quem-fica-de-fora-dos-pagamentos-e-o-que-fazer-para-resolver\/#breadcrumb","itemListElement":[{"@type":"ListItem","position":1,"name":"Home","item":"https:\/\/www.pensarcursos.com.br\/blog\/"},{"@type":"ListItem","position":2,"name":"P\u00e9-de-Meia libera R$ 1.200 em fevereiro: veja quem fica de fora dos pagamentos e o que fazer para resolver"}]},{"@type":"WebSite","@id":"https:\/\/www.pensarcursos.com.br\/blog\/#website","url":"https:\/\/www.pensarcursos.com.br\/blog\/","name":"Blog Pensar Cursos","description":"Maior Site de Cursos do Brasil","publisher":{"@id":"https:\/\/www.pensarcursos.com.br\/blog\/#organization"},"alternateName":"Blog Pensar","potentialAction":[{"@type":"SearchAction","target":{"@type":"EntryPoint","urlTemplate":"https:\/\/www.pensarcursos.com.br\/blog\/?s={search_term_string}"},"query-input":{"@type":"PropertyValueSpecification","valueRequired":true,"valueName":"search_term_string"}}],"inLanguage":"pt-BR"},{"@type":"Organization","@id":"https:\/\/www.pensarcursos.com.br\/blog\/#organization","name":"Pensar Cursos","alternateName":"Blog pensar","url":"https:\/\/www.pensarcursos.com.br\/blog\/","logo":{"@type":"ImageObject","inLanguage":"pt-BR","@id":"https:\/\/www.pensarcursos.com.br\/blog\/#\/schema\/logo\/image\/","url":"https:\/\/www.pensarcursos.com.br\/blog\/wp-content\/uploads\/2023\/11\/Nova-Logo-Pensar-Cursos-vertical.png","contentUrl":"https:\/\/www.pensarcursos.com.br\/blog\/wp-content\/uploads\/2023\/11\/Nova-Logo-Pensar-Cursos-vertical.png","width":1393,"height":1001,"caption":"Pensar Cursos"},"image":{"@id":"https:\/\/www.pensarcursos.com.br\/blog\/#\/schema\/logo\/image\/"},"sameAs":["https:\/\/www.facebook.com\/pensarcursos\/","https:\/\/instagram.com.br\/pensarcursos"],"description":"Pensar Cursos \u00e9 uma empresa especializada em oferecer cursos de alta qualidade voltados para o desenvolvimento profissional e acad\u00eamico. Com uma ampla gama de op\u00e7\u00f5es de treinamento, oferecemos conte\u00fados atualizados, ministrados por especialistas da \u00e1rea, para capacitar indiv\u00edduos e equipes a atingirem seus objetivos. Nossa miss\u00e3o \u00e9 proporcionar uma educa\u00e7\u00e3o transformadora, acess\u00edvel e personalizada para cada aluno, seja em cursos presenciais ou online. Com uma abordagem inovadora, buscamos adaptar os nossos programas de ensino \u00e0s necessidades do mercado, criando solu\u00e7\u00f5es que atendem aos desafios e exig\u00eancias do mundo corporativo e acad\u00eamico. Nossos cursos incluem desde forma\u00e7\u00f5es t\u00e9cnicas at\u00e9 habilidades essenciais, como lideran\u00e7a, gest\u00e3o e desenvolvimento pessoal.","email":"contato@pensarcursos.com.br","legalName":"Sena Servi\u00e7os de Informa\u00e7\u00e3o Online LTDA","foundingDate":"2013-04-18","vatID":"17956217000172","numberOfEmployees":{"@type":"QuantitativeValue","minValue":"11","maxValue":"50"},"publishingPrinciples":"https:\/\/www.pensarcursos.com.br\/blog\/principios-de-publicacao\/","ownershipFundingInfo":"https:\/\/www.pensarcursos.com.br\/blog\/informacoes-de-propriedade-financiamento\/","actionableFeedbackPolicy":"https:\/\/www.pensarcursos.com.br\/blog\/politica-de-feedback-acionavel\/","correctionsPolicy":"https:\/\/www.pensarcursos.com.br\/blog\/politica-de-correcoes\/","ethicsPolicy":"https:\/\/www.pensarcursos.com.br\/blog\/politica-de-etica\/"},{"@type":"Person","@id":"https:\/\/www.pensarcursos.com.br\/blog\/#\/schema\/person\/28714c166fa847c28e0ba3e4d47c1033","name":"Quezia Andrade","image":{"@type":"ImageObject","inLanguage":"pt-BR","@id":"https:\/\/secure.gravatar.com\/avatar\/ca40343eca0c667f062032144581527936aae03191aca76e9d4c4de5a5c7cd14?s=96&d=mm&r=g","url":"https:\/\/secure.gravatar.com\/avatar\/ca40343eca0c667f062032144581527936aae03191aca76e9d4c4de5a5c7cd14?s=96&d=mm&r=g","contentUrl":"https:\/\/secure.gravatar.com\/avatar\/ca40343eca0c667f062032144581527936aae03191aca76e9d4c4de5a5c7cd14?s=96&d=mm&r=g","caption":"Quezia Andrade"},"description":"Biom\u00e9dica CRBM2 n\u00ba 17394. Redatora do grupo Sena Online.","sameAs":["https:\/\/www.instagram.com\/_quezia_b?igsh=cWF2dDNxbXd6ejF4&utm_source=qr","https:\/\/www.linkedin.com\/in\/quzia-borges-andrade-907778266?utm_source=share&utm_campaign=share_via&utm_content=profile&utm_medium=ios_app"],"url":"https:\/\/www.pensarcursos.com.br\/blog\/author\/quezia\/"}]}},"_links":{"self":[{"href":"https:\/\/www.pensarcursos.com.br\/blog\/wp-json\/wp\/v2\/posts\/142393","targetHints":{"allow":["GET"]}}],"collection":[{"href":"https:\/\/www.pensarcursos.com.br\/blog\/wp-json\/wp\/v2\/posts"}],"about":[{"href":"https:\/\/www.pensarcursos.com.br\/blog\/wp-json\/wp\/v2\/types\/post"}],"author":[{"embeddable":true,"href":"https:\/\/www.pensarcursos.com.br\/blog\/wp-json\/wp\/v2\/users\/54"}],"replies":[{"embeddable":true,"href":"https:\/\/www.pensarcursos.com.br\/blog\/wp-json\/wp\/v2\/comments?post=142393"}],"version-history":[{"count":0,"href":"https:\/\/www.pensarcursos.com.br\/blog\/wp-json\/wp\/v2\/posts\/142393\/revisions"}],"wp:featuredmedia":[{"embeddable":true,"href":"https:\/\/www.pensarcursos.com.br\/blog\/wp-json\/wp\/v2\/media\/142405"}],"wp:attachment":[{"href":"https:\/\/www.pensarcursos.com.br\/blog\/wp-json\/wp\/v2\/media?parent=142393"}],"wp:term":[{"taxonomy":"category","embeddable":true,"href":"https:\/\/www.pensarcursos.com.br\/blog\/wp-json\/wp\/v2\/categories?post=142393"},{"taxonomy":"post_tag","embeddable":true,"href":"https:\/\/www.pensarcursos.com.br\/blog\/wp-json\/wp\/v2\/tags?post=142393"}],"curies":[{"name":"wp","href":"https:\/\/api.w.org\/{rel}","templated":true}]}}