{"id":142044,"date":"2026-01-27T09:29:27","date_gmt":"2026-01-27T12:29:27","guid":{"rendered":"https:\/\/www.pensarcursos.com.br\/blog\/?p=142044"},"modified":"2026-01-27T08:54:02","modified_gmt":"2026-01-27T11:54:02","slug":"inss-prazo-para-contestar-descontos-indevidos-e-prorrogado-para-20-de-marco","status":"publish","type":"post","link":"https:\/\/www.pensarcursos.com.br\/blog\/inss-prazo-para-contestar-descontos-indevidos-e-prorrogado-para-20-de-marco\/","title":{"rendered":"INSS: prazo para contestar descontos indevidos \u00e9 prorrogado para 20 de mar\u00e7o"},"content":{"rendered":"<p>Nesta segunda-feira (26), o Instituto Nacional do Seguro Social (INSS) publicou uma nova not\u00edcia para seus benefici\u00e1rios: o prazo para que aposentados e pensionistas <strong>contestem descontos indevidos em seus benef\u00edcios foi prorrogado para o dia 20 de mar\u00e7o<\/strong>.<\/p>\n<p>A medida foi tomada para garantir o direito de todos os segurados, especialmente ap\u00f3s as <strong>instabilidades enfrentadas no sistema Meu INSS<\/strong> desde o dia 19 de janeiro. Segundo o \u00f3rg\u00e3o, a situa\u00e7\u00e3o foi inesperada e contatos di\u00e1rios est\u00e3o sendo feitos com a Dataprev, empresa de tecnologia da <a href=\"https:\/\/www.pensarcursos.com.br\/blog\/inss-e-bpc-pagamentos-de-2026-podem-ultrapassar-r-1-621\/\">Previd\u00eancia Social<\/a>, em busca de solu\u00e7\u00f5es.<\/p>\n<p>Adicionalmente, a Dataprev agendou uma manuten\u00e7\u00e3o que deixar\u00e1 os sistemas indispon\u00edveis entre esta ter\u00e7a-feira (27) at\u00e9 1\u00ba de fevereiro, o que tamb\u00e9m motivou a decis\u00e3o de estender o per\u00edodo para contesta\u00e7\u00f5es. Com mais tempo dispon\u00edvel, os benefici\u00e1rios podem analisar seus extratos e iniciar o procedimento necess\u00e1rio para reaver valores cobrados de forma irregular. Saiba mais!<\/p>\n<h2>Por que o prazo foi estendido?<\/h2>\n<p>A decis\u00e3o de prorrogar o prazo visa proteger os segurados de preju\u00edzos causados por falhas t\u00e9cnicas. A combina\u00e7\u00e3o de instabilidade no acesso ao portal Meu INSS e uma parada programada para manuten\u00e7\u00e3o nos sistemas da Dataprev tornaria o prazo original, 14 de fevereiro, invi\u00e1vel para muitos.<\/p>\n<blockquote><p>\u201cEstava previsto para a gente terminar 14 de fevereiro. Seria o \u00faltimo dia para que os nossos aposentados e pensionistas pudessem requerer. Tendo em vista que tivemos problemas de sistema na semana passada e teremos uma paralisa\u00e7\u00e3o dos sistemas da Dataprev agora, dias 28, 29 e 30. Para n\u00e3o prejudicar ningu\u00e9m, vamos prorrogar esse prazo at\u00e9 20 de mar\u00e7o\u201d, disse o presidente do INSS, Gilberto Waller.<\/p><\/blockquote>\n<h2>Quem pode aderir ao acordo de ressarcimento?<\/h2>\n<p>A contesta\u00e7\u00e3o do desconto \u00e9 o primeiro passo para que o benefici\u00e1rio possa aderir a um acordo de ressarcimento. O direito de aderir ao acordo \u00e9 concedido aos segurados que se enquadram nas seguintes situa\u00e7\u00f5es:<\/p>\n<ul>\n<li>Fizeram a contesta\u00e7\u00e3o do desconto e n\u00e3o obtiveram resposta da entidade respons\u00e1vel em at\u00e9 15 dias \u00fateis.<\/li>\n<li>Receberam uma resposta da entidade considerada irregular, como a apresenta\u00e7\u00e3o de assinaturas falsas ou o uso de grava\u00e7\u00f5es de \u00e1udio como comprovante.<\/li>\n<li>Sofreram descontos no per\u00edodo entre mar\u00e7o de 2020 e mar\u00e7o de 2025.<\/li>\n<li>Possuem um processo judicial sobre o mesmo tema, desde que ainda n\u00e3o tenham recebido os valores pela via judicial. Neste caso, \u00e9 preciso desistir da a\u00e7\u00e3o para poder aderir ao acordo administrativo.<\/li>\n<\/ul>\n<h2>Passo a passo: Como fazer a contesta\u00e7\u00e3o e aderir ao acordo<\/h2>\n<p>O processo foi desenhado para ser acess\u00edvel e pode ser feito de diferentes formas. Siga as etapas abaixo para garantir seus direitos.<\/p>\n<h3>Etapa 1: Contestar o desconto<\/h3>\n<p>Primeiramente, voc\u00ea deve registrar sua reclama\u00e7\u00e3o sobre o desconto que considera indevido. O prazo final para esta etapa \u00e9\u00a0<strong>20 de mar\u00e7o<\/strong>. Voc\u00ea pode fazer isso por um dos seguintes canais:<\/p>\n<ul>\n<li><strong>Aplicativo Meu INSS:<\/strong>\u00a0A forma mais pr\u00e1tica, dispon\u00edvel para celulares <a href=\"https:\/\/play.google.com\/store\/apps\/details?id=br.gov.dataprev.meuinss&amp;hl=pt_BR\" target=\"_blank\" rel=\"noopener\">Android<\/a> e<a href=\"https:\/\/apps.apple.com\/br\/app\/meu-inss-central-de-servi%C3%A7os\/id1243048358\" target=\"_blank\" rel=\"noopener\"> iOS<\/a>.<\/li>\n<li><strong>Central telef\u00f4nica:<\/strong> Liga\u00e7\u00e3o para o 135.<\/li>\n<li><strong>Ag\u00eancias dos Correios:<\/strong>\u00a0Leve seus documentos e formalize a contesta\u00e7\u00e3o presencialmente.<\/li>\n<\/ul>\n<figure id=\"attachment_142054\" aria-describedby=\"caption-attachment-142054\" style=\"width: 850px\" class=\"wp-caption aligncenter\"><img decoding=\"async\" class=\"wp-image-142054 size-full\" src=\"https:\/\/www.pensarcursos.com.br\/blog\/wp-content\/uploads\/2026\/01\/descontos-indevidos-meu-inss-1.webp\" alt=\"Tela do aplicativo Meu INSS mostrando op\u00e7\u00e3o para contestar descontos de entidades associativas.\" width=\"850\" height=\"566\" srcset=\"https:\/\/www.pensarcursos.com.br\/blog\/wp-content\/uploads\/2026\/01\/descontos-indevidos-meu-inss-1.webp 850w, https:\/\/www.pensarcursos.com.br\/blog\/wp-content\/uploads\/2026\/01\/descontos-indevidos-meu-inss-1-300x200.webp 300w, https:\/\/www.pensarcursos.com.br\/blog\/wp-content\/uploads\/2026\/01\/descontos-indevidos-meu-inss-1-768x511.webp 768w, https:\/\/www.pensarcursos.com.br\/blog\/wp-content\/uploads\/2026\/01\/descontos-indevidos-meu-inss-1-750x499.webp 750w\" sizes=\"(max-width: 850px) 100vw, 850px\" \/><figcaption id=\"caption-attachment-142054\" class=\"wp-caption-text\">Conteste descontos indevidos diretamente no aplicativo Meu INSS de forma r\u00e1pida e pr\u00e1tica. Imagem: Jo\u00e9dson Alves\/Ag\u00eancia Brasil<\/figcaption><\/figure>\n<h3>Etapa 2: Aguardar a resposta da entidade<\/h3>\n<p>Ap\u00f3s a contesta\u00e7\u00e3o, a entidade que realizou o desconto tem um prazo de at\u00e9 15 dias \u00fateis para apresentar uma resposta. Caso a entidade n\u00e3o se manifeste neste per\u00edodo, o sistema do <a href=\"https:\/\/www.pensarcursos.com.br\/blog\/inss-e-bpc-2026-veja-quem-recebe-r-103-a-mais-nos-dias-27-28-29-e-30-de-janeiro\/\">INSS<\/a>\u00a0liberar\u00e1 automaticamente a op\u00e7\u00e3o para voc\u00ea aderir ao acordo.<\/p>\n<h3>Etapa 3: Aderir ao acordo<\/h3>\n<p>Com a op\u00e7\u00e3o liberada, seja por falta de resposta ou por resposta irregular da entidade, voc\u00ea pode formalizar a ades\u00e3o ao acordo. Este passo\u00a0<strong>n\u00e3o pode ser feito pela Central 135<\/strong>. As op\u00e7\u00f5es s\u00e3o:<\/p>\n<ul>\n<li><strong>Aplicativo Meu INSS:<\/strong>\u00a0\u00c9 o m\u00e9todo recomendado. Siga as instru\u00e7\u00f5es abaixo.<\/li>\n<li><strong>Ag\u00eancias dos Correios:<\/strong>\u00a0Caso prefira o atendimento presencial.<\/li>\n<\/ul>\n<p>Para aderir pelo aplicativo Meu INSS:<\/p>\n<ol>\n<li>Acesse o aplicativo com seu CPF e senha da conta Gov.br.<\/li>\n<li>No menu, procure por\u00a0\u201cConsultar Pedidos\u201d\u00a0e depois clique em\u00a0\u201cCumprir Exig\u00eancia\u201d.<\/li>\n<li>Role a tela at\u00e9 o final, onde encontrar\u00e1 o \u00faltimo coment\u00e1rio.<\/li>\n<li>Marque a op\u00e7\u00e3o\u00a0\u201cSim\u201d\u00a0na pergunta \u201cAceito receber\u201d.<\/li>\n<li>Envie a sua confirma\u00e7\u00e3o para finalizar o processo.<\/li>\n<\/ol>\n<h2>INSS informa: N\u00e3o caia em golpes!<\/h2>\n<p>\u00c9 fundamental estar atento para n\u00e3o se tornar v\u00edtima de fraudes. O <a href=\"https:\/\/www.pensarcursos.com.br\/blog\/prova-de-vida-do-inss-2026-como-sou-notificado-de-que-preciso-fazer\/\">INSS<\/a> informa que nunca entra em contato por meio de aplicativos de mensagens para solicitar dados pessoais, fotos de documentos ou senhas. Toda a comunica\u00e7\u00e3o oficial ocorre exclusivamente pelos seguintes canais:<\/p>\n<ul>\n<li>Aplicativo Meu INSS<\/li>\n<li>Site oficial: <a href=\"http:\/\/gov.br\/inss\" target=\"_blank\" rel=\"noopener\">Gov.br\/ INSS<\/a><\/li>\n<li>Central 135<\/li>\n<li>Ag\u00eancias dos Correios<\/li>\n<\/ul>\n<p>Se receber qualquer contato suspeito, n\u00e3o forne\u00e7a informa\u00e7\u00f5es e denuncie.<\/p>\n<p>Para mais informa\u00e7\u00f5es, continue acessando o portal do <a href=\"https:\/\/www.pensarcursos.com.br\/blog\" target=\"_blank\" rel=\"noopener\">Pensar Cursos<\/a>.<\/p>\n<p>Veja tamb\u00e9m:<\/p>\n<div class=\"jeg_video_container jeg_video_content\"><iframe title=\"APOSENTADORIA 2026: NOVAS REGRAS EM VIGOR! Veja o que mudou na idade e nos pontos hoje.\" width=\"500\" height=\"281\" src=\"https:\/\/www.youtube.com\/embed\/AtB__XX1mno?feature=oembed\" frameborder=\"0\" allow=\"accelerometer; autoplay; clipboard-write; encrypted-media; gyroscope; picture-in-picture; web-share\" referrerpolicy=\"strict-origin-when-cross-origin\" allowfullscreen><\/iframe><\/div>\n","protected":false},"excerpt":{"rendered":"<p>Nesta segunda-feira (26), o Instituto Nacional do Seguro Social (INSS) publicou uma nova not\u00edcia para seus benefici\u00e1rios: o prazo para que aposentados e pensionistas contestem descontos indevidos em seus benef\u00edcios foi prorrogado para o dia 20 de mar\u00e7o. A medida foi tomada para garantir o direito de todos os segurados, especialmente ap\u00f3s as instabilidades enfrentadas [&hellip;]<\/p>\n","protected":false},"author":54,"featured_media":142050,"comment_status":"open","ping_status":"closed","sticky":false,"template":"","format":"standard","meta":{"jnews-multi-image_gallery":[],"jnews_single_post":{"format":"standard","override":[{"template":"1","parallax":"1","fullscreen":"1","layout":"right-sidebar","sidebar":"default-sidebar","second_sidebar":"default-sidebar","sticky_sidebar":"1","share_position":"topbottom","share_float_style":"share-monocrhome","show_featured":"1","show_post_meta":"1","show_post_author":"1","show_post_author_image":"1","show_post_date":"1","post_date_format":"default","post_date_format_custom":"Y\/m\/d","show_post_category":"1","post_reading_time_wpm":"300","post_calculate_word_method":"str_word_count","show_zoom_button":"0","zoom_button_out_step":"2","zoom_button_in_step":"3","show_post_tag":"1","show_prev_next_post":"1","show_popup_post":"1","show_comment_section":"1","number_popup_post":"2","show_author_box":"1","show_post_related":"1","show_inline_post_related":"1"}],"image_override":[{"single_post_thumbnail_size":"crop-500","single_post_gallery_size":"crop-500"}],"trending_post_position":"meta","trending_post_label":"Trending","sponsored_post_label":"Sponsored by","disable_ad":"0","subtitle":"Prorroga\u00e7\u00e3o d\u00e1 mais tempo para contestar descontos durante manuten\u00e7\u00e3o do Meu INSS"},"jnews_primary_category":[],"jnews_social_meta":[],"jnews_override_counter":{"view_counter_number":"0","share_counter_number":"0","like_counter_number":"0","dislike_counter_number":"0"},"footnotes":""},"categories":[1691,22],"tags":[29227,36170,37762],"class_list":["post-142044","post","type-post","status-publish","format-standard","has-post-thumbnail","hentry","category-direitos-do-trabalhador","category-noticias","tag-descontos-indevidos-inss","tag-inss-2026","tag-novo-prazo-descontos-indevidos"],"yoast_head":"<!-- This site is optimized with the Yoast SEO Premium plugin v27.5 (Yoast SEO v27.5) - https:\/\/yoast.com\/product\/yoast-seo-premium-wordpress\/ -->\n<title>INSS: prazo para contestar descontos indevidos \u00e9 prorrogado para 20 de mar\u00e7o - Blog Pensar Cursos<\/title>\n<meta name=\"description\" content=\"INSS prorroga para 20 de mar\u00e7o o prazo para aposentados e pensionistas contestarem descontos indevidos. Saiba o motivo!\" \/>\n<meta name=\"robots\" content=\"index, follow, max-snippet:-1, max-image-preview:large, max-video-preview:-1\" \/>\n<link rel=\"canonical\" href=\"https:\/\/www.pensarcursos.com.br\/blog\/inss-prazo-para-contestar-descontos-indevidos-e-prorrogado-para-20-de-marco\/\" \/>\n<meta property=\"og:locale\" content=\"pt_BR\" \/>\n<meta property=\"og:type\" content=\"article\" \/>\n<meta property=\"og:title\" content=\"INSS: prazo para contestar descontos indevidos \u00e9 prorrogado para 20 de mar\u00e7o\" \/>\n<meta property=\"og:description\" content=\"INSS prorroga para 20 de mar\u00e7o o prazo para aposentados e pensionistas contestarem descontos indevidos. Saiba o motivo!\" \/>\n<meta property=\"og:url\" content=\"https:\/\/www.pensarcursos.com.br\/blog\/inss-prazo-para-contestar-descontos-indevidos-e-prorrogado-para-20-de-marco\/\" \/>\n<meta property=\"og:site_name\" content=\"Blog Pensar Cursos\" \/>\n<meta property=\"article:publisher\" content=\"https:\/\/www.facebook.com\/pensarcursos\/\" \/>\n<meta property=\"article:published_time\" content=\"2026-01-27T12:29:27+00:00\" \/>\n<meta property=\"og:image\" content=\"https:\/\/www.pensarcursos.com.br\/blog\/wp-content\/uploads\/2026\/01\/app-meu-inss-1.webp\" \/>\n\t<meta property=\"og:image:width\" content=\"1500\" \/>\n\t<meta property=\"og:image:height\" content=\"844\" \/>\n\t<meta property=\"og:image:type\" content=\"image\/webp\" \/>\n<meta name=\"author\" content=\"Quezia Andrade\" \/>\n<meta name=\"twitter:card\" content=\"summary_large_image\" \/>\n<meta name=\"twitter:label1\" content=\"Escrito por\" \/>\n\t<meta name=\"twitter:data1\" content=\"Quezia Andrade\" \/>\n\t<meta name=\"twitter:label2\" content=\"Est. tempo de leitura\" \/>\n\t<meta name=\"twitter:data2\" content=\"5 minutos\" \/>\n<!-- \/ Yoast SEO Premium plugin. -->","yoast_head_json":{"title":"INSS: prazo para contestar descontos indevidos \u00e9 prorrogado para 20 de mar\u00e7o - Blog Pensar Cursos","description":"INSS prorroga para 20 de mar\u00e7o o prazo para aposentados e pensionistas contestarem descontos indevidos. Saiba o motivo!","robots":{"index":"index","follow":"follow","max-snippet":"max-snippet:-1","max-image-preview":"max-image-preview:large","max-video-preview":"max-video-preview:-1"},"canonical":"https:\/\/www.pensarcursos.com.br\/blog\/inss-prazo-para-contestar-descontos-indevidos-e-prorrogado-para-20-de-marco\/","og_locale":"pt_BR","og_type":"article","og_title":"INSS: prazo para contestar descontos indevidos \u00e9 prorrogado para 20 de mar\u00e7o","og_description":"INSS prorroga para 20 de mar\u00e7o o prazo para aposentados e pensionistas contestarem descontos indevidos. Saiba o motivo!","og_url":"https:\/\/www.pensarcursos.com.br\/blog\/inss-prazo-para-contestar-descontos-indevidos-e-prorrogado-para-20-de-marco\/","og_site_name":"Blog Pensar Cursos","article_publisher":"https:\/\/www.facebook.com\/pensarcursos\/","article_published_time":"2026-01-27T12:29:27+00:00","og_image":[{"width":1500,"height":844,"url":"https:\/\/www.pensarcursos.com.br\/blog\/wp-content\/uploads\/2026\/01\/app-meu-inss-1.webp","type":"image\/webp"}],"author":"Quezia Andrade","twitter_card":"summary_large_image","twitter_misc":{"Escrito por":"Quezia Andrade","Est. tempo de leitura":"5 minutos"},"schema":{"@context":"https:\/\/schema.org","@graph":[{"@type":["Article","BlogPosting"],"@id":"https:\/\/www.pensarcursos.com.br\/blog\/inss-prazo-para-contestar-descontos-indevidos-e-prorrogado-para-20-de-marco\/#article","isPartOf":{"@id":"https:\/\/www.pensarcursos.com.br\/blog\/inss-prazo-para-contestar-descontos-indevidos-e-prorrogado-para-20-de-marco\/"},"author":{"name":"Quezia Andrade","@id":"https:\/\/www.pensarcursos.com.br\/blog\/#\/schema\/person\/28714c166fa847c28e0ba3e4d47c1033"},"headline":"INSS: prazo para contestar descontos indevidos \u00e9 prorrogado para 20 de mar\u00e7o","datePublished":"2026-01-27T12:29:27+00:00","mainEntityOfPage":{"@id":"https:\/\/www.pensarcursos.com.br\/blog\/inss-prazo-para-contestar-descontos-indevidos-e-prorrogado-para-20-de-marco\/"},"wordCount":841,"commentCount":0,"publisher":{"@id":"https:\/\/www.pensarcursos.com.br\/blog\/#organization"},"image":{"@id":"https:\/\/www.pensarcursos.com.br\/blog\/inss-prazo-para-contestar-descontos-indevidos-e-prorrogado-para-20-de-marco\/#primaryimage"},"thumbnailUrl":"https:\/\/www.pensarcursos.com.br\/blog\/wp-content\/uploads\/2026\/01\/app-meu-inss-1.webp","keywords":["descontos indevidos inss","inss 2026","novo prazo descontos indevidos"],"articleSection":["Direitos do Trabalhador","Not\u00edcias"],"inLanguage":"pt-BR","potentialAction":[{"@type":"CommentAction","name":"Comment","target":["https:\/\/www.pensarcursos.com.br\/blog\/inss-prazo-para-contestar-descontos-indevidos-e-prorrogado-para-20-de-marco\/#respond"]}],"copyrightYear":"2026","copyrightHolder":{"@id":"https:\/\/www.pensarcursos.com.br\/blog\/#organization"}},{"@type":"WebPage","@id":"https:\/\/www.pensarcursos.com.br\/blog\/inss-prazo-para-contestar-descontos-indevidos-e-prorrogado-para-20-de-marco\/","url":"https:\/\/www.pensarcursos.com.br\/blog\/inss-prazo-para-contestar-descontos-indevidos-e-prorrogado-para-20-de-marco\/","name":"INSS: prazo para contestar descontos indevidos \u00e9 prorrogado para 20 de mar\u00e7o - Blog Pensar Cursos","isPartOf":{"@id":"https:\/\/www.pensarcursos.com.br\/blog\/#website"},"primaryImageOfPage":{"@id":"https:\/\/www.pensarcursos.com.br\/blog\/inss-prazo-para-contestar-descontos-indevidos-e-prorrogado-para-20-de-marco\/#primaryimage"},"image":{"@id":"https:\/\/www.pensarcursos.com.br\/blog\/inss-prazo-para-contestar-descontos-indevidos-e-prorrogado-para-20-de-marco\/#primaryimage"},"thumbnailUrl":"https:\/\/www.pensarcursos.com.br\/blog\/wp-content\/uploads\/2026\/01\/app-meu-inss-1.webp","datePublished":"2026-01-27T12:29:27+00:00","description":"INSS prorroga para 20 de mar\u00e7o o prazo para aposentados e pensionistas contestarem descontos indevidos. Saiba o motivo!","breadcrumb":{"@id":"https:\/\/www.pensarcursos.com.br\/blog\/inss-prazo-para-contestar-descontos-indevidos-e-prorrogado-para-20-de-marco\/#breadcrumb"},"inLanguage":"pt-BR","potentialAction":[{"@type":"ReadAction","target":["https:\/\/www.pensarcursos.com.br\/blog\/inss-prazo-para-contestar-descontos-indevidos-e-prorrogado-para-20-de-marco\/"]}]},{"@type":"ImageObject","inLanguage":"pt-BR","@id":"https:\/\/www.pensarcursos.com.br\/blog\/inss-prazo-para-contestar-descontos-indevidos-e-prorrogado-para-20-de-marco\/#primaryimage","url":"https:\/\/www.pensarcursos.com.br\/blog\/wp-content\/uploads\/2026\/01\/app-meu-inss-1.webp","contentUrl":"https:\/\/www.pensarcursos.com.br\/blog\/wp-content\/uploads\/2026\/01\/app-meu-inss-1.webp","width":1500,"height":844,"caption":"Novo prazo! Contesta\u00e7\u00e3o de descontos indevidos \u00e9 prorrogado para 20 de mar\u00e7o. Confira! Imagem: INSS"},{"@type":"BreadcrumbList","@id":"https:\/\/www.pensarcursos.com.br\/blog\/inss-prazo-para-contestar-descontos-indevidos-e-prorrogado-para-20-de-marco\/#breadcrumb","itemListElement":[{"@type":"ListItem","position":1,"name":"Home","item":"https:\/\/www.pensarcursos.com.br\/blog\/"},{"@type":"ListItem","position":2,"name":"INSS: prazo para contestar descontos indevidos \u00e9 prorrogado para 20 de mar\u00e7o"}]},{"@type":"WebSite","@id":"https:\/\/www.pensarcursos.com.br\/blog\/#website","url":"https:\/\/www.pensarcursos.com.br\/blog\/","name":"Blog Pensar Cursos","description":"Maior Site de Cursos do Brasil","publisher":{"@id":"https:\/\/www.pensarcursos.com.br\/blog\/#organization"},"alternateName":"Blog Pensar","potentialAction":[{"@type":"SearchAction","target":{"@type":"EntryPoint","urlTemplate":"https:\/\/www.pensarcursos.com.br\/blog\/?s={search_term_string}"},"query-input":{"@type":"PropertyValueSpecification","valueRequired":true,"valueName":"search_term_string"}}],"inLanguage":"pt-BR"},{"@type":"Organization","@id":"https:\/\/www.pensarcursos.com.br\/blog\/#organization","name":"Pensar Cursos","alternateName":"Blog pensar","url":"https:\/\/www.pensarcursos.com.br\/blog\/","logo":{"@type":"ImageObject","inLanguage":"pt-BR","@id":"https:\/\/www.pensarcursos.com.br\/blog\/#\/schema\/logo\/image\/","url":"https:\/\/www.pensarcursos.com.br\/blog\/wp-content\/uploads\/2023\/11\/Nova-Logo-Pensar-Cursos-vertical.png","contentUrl":"https:\/\/www.pensarcursos.com.br\/blog\/wp-content\/uploads\/2023\/11\/Nova-Logo-Pensar-Cursos-vertical.png","width":1393,"height":1001,"caption":"Pensar Cursos"},"image":{"@id":"https:\/\/www.pensarcursos.com.br\/blog\/#\/schema\/logo\/image\/"},"sameAs":["https:\/\/www.facebook.com\/pensarcursos\/","https:\/\/instagram.com.br\/pensarcursos"],"description":"Pensar Cursos \u00e9 uma empresa especializada em oferecer cursos de alta qualidade voltados para o desenvolvimento profissional e acad\u00eamico. Com uma ampla gama de op\u00e7\u00f5es de treinamento, oferecemos conte\u00fados atualizados, ministrados por especialistas da \u00e1rea, para capacitar indiv\u00edduos e equipes a atingirem seus objetivos. Nossa miss\u00e3o \u00e9 proporcionar uma educa\u00e7\u00e3o transformadora, acess\u00edvel e personalizada para cada aluno, seja em cursos presenciais ou online. Com uma abordagem inovadora, buscamos adaptar os nossos programas de ensino \u00e0s necessidades do mercado, criando solu\u00e7\u00f5es que atendem aos desafios e exig\u00eancias do mundo corporativo e acad\u00eamico. Nossos cursos incluem desde forma\u00e7\u00f5es t\u00e9cnicas at\u00e9 habilidades essenciais, como lideran\u00e7a, gest\u00e3o e desenvolvimento pessoal.","email":"contato@pensarcursos.com.br","legalName":"Sena Servi\u00e7os de Informa\u00e7\u00e3o Online LTDA","foundingDate":"2013-04-18","vatID":"17956217000172","numberOfEmployees":{"@type":"QuantitativeValue","minValue":"11","maxValue":"50"},"publishingPrinciples":"https:\/\/www.pensarcursos.com.br\/blog\/principios-de-publicacao\/","ownershipFundingInfo":"https:\/\/www.pensarcursos.com.br\/blog\/informacoes-de-propriedade-financiamento\/","actionableFeedbackPolicy":"https:\/\/www.pensarcursos.com.br\/blog\/politica-de-feedback-acionavel\/","correctionsPolicy":"https:\/\/www.pensarcursos.com.br\/blog\/politica-de-correcoes\/","ethicsPolicy":"https:\/\/www.pensarcursos.com.br\/blog\/politica-de-etica\/"},{"@type":"Person","@id":"https:\/\/www.pensarcursos.com.br\/blog\/#\/schema\/person\/28714c166fa847c28e0ba3e4d47c1033","name":"Quezia Andrade","image":{"@type":"ImageObject","inLanguage":"pt-BR","@id":"https:\/\/secure.gravatar.com\/avatar\/ca40343eca0c667f062032144581527936aae03191aca76e9d4c4de5a5c7cd14?s=96&d=mm&r=g","url":"https:\/\/secure.gravatar.com\/avatar\/ca40343eca0c667f062032144581527936aae03191aca76e9d4c4de5a5c7cd14?s=96&d=mm&r=g","contentUrl":"https:\/\/secure.gravatar.com\/avatar\/ca40343eca0c667f062032144581527936aae03191aca76e9d4c4de5a5c7cd14?s=96&d=mm&r=g","caption":"Quezia Andrade"},"description":"Biom\u00e9dica CRBM2 n\u00ba 17394. Redatora do grupo Sena Online.","sameAs":["https:\/\/www.instagram.com\/_quezia_b?igsh=cWF2dDNxbXd6ejF4&utm_source=qr","https:\/\/www.linkedin.com\/in\/quzia-borges-andrade-907778266?utm_source=share&utm_campaign=share_via&utm_content=profile&utm_medium=ios_app"],"url":"https:\/\/www.pensarcursos.com.br\/blog\/author\/quezia\/"}]}},"_links":{"self":[{"href":"https:\/\/www.pensarcursos.com.br\/blog\/wp-json\/wp\/v2\/posts\/142044","targetHints":{"allow":["GET"]}}],"collection":[{"href":"https:\/\/www.pensarcursos.com.br\/blog\/wp-json\/wp\/v2\/posts"}],"about":[{"href":"https:\/\/www.pensarcursos.com.br\/blog\/wp-json\/wp\/v2\/types\/post"}],"author":[{"embeddable":true,"href":"https:\/\/www.pensarcursos.com.br\/blog\/wp-json\/wp\/v2\/users\/54"}],"replies":[{"embeddable":true,"href":"https:\/\/www.pensarcursos.com.br\/blog\/wp-json\/wp\/v2\/comments?post=142044"}],"version-history":[{"count":0,"href":"https:\/\/www.pensarcursos.com.br\/blog\/wp-json\/wp\/v2\/posts\/142044\/revisions"}],"wp:featuredmedia":[{"embeddable":true,"href":"https:\/\/www.pensarcursos.com.br\/blog\/wp-json\/wp\/v2\/media\/142050"}],"wp:attachment":[{"href":"https:\/\/www.pensarcursos.com.br\/blog\/wp-json\/wp\/v2\/media?parent=142044"}],"wp:term":[{"taxonomy":"category","embeddable":true,"href":"https:\/\/www.pensarcursos.com.br\/blog\/wp-json\/wp\/v2\/categories?post=142044"},{"taxonomy":"post_tag","embeddable":true,"href":"https:\/\/www.pensarcursos.com.br\/blog\/wp-json\/wp\/v2\/tags?post=142044"}],"curies":[{"name":"wp","href":"https:\/\/api.w.org\/{rel}","templated":true}]}}