{"id":142015,"date":"2026-01-26T20:09:06","date_gmt":"2026-01-26T23:09:06","guid":{"rendered":"https:\/\/www.pensarcursos.com.br\/blog\/?p=142015"},"modified":"2026-01-26T18:41:50","modified_gmt":"2026-01-26T21:41:50","slug":"inss-por-que-a-segunda-parcela-do-13o-salario-e-menor","status":"publish","type":"post","link":"https:\/\/www.pensarcursos.com.br\/blog\/inss-por-que-a-segunda-parcela-do-13o-salario-e-menor\/","title":{"rendered":"INSS: por que a segunda parcela do 13\u00ba sal\u00e1rio \u00e9 menor?"},"content":{"rendered":"<p>Voc\u00ea j\u00e1 percebeu que a segunda parcela do 13\u00ba sal\u00e1rio do Instituto Nacional do Seguro Social (INSS) costuma ser menor que a primeira?<\/p>\n<p>Para muitos aposentados e pensionistas, essa diferen\u00e7a gera d\u00favida e at\u00e9 preocupa\u00e7\u00e3o. Neste conte\u00fado, entenda com clareza como funciona esse pagamento, o motivo dos descontos e como se planejar melhor ao receber o benef\u00edcio anual.<\/p>\n<h2>O que \u00e9 o 13\u00ba sal\u00e1rio do INSS e como ele \u00e9 pago?<\/h2>\n<p><strong>O 13\u00ba sal\u00e1rio do INSS, tamb\u00e9m conhecido como abono anual, \u00e9 um direito dos segurados que recebem benef\u00edcios como aposentadoria, pens\u00e3o e aux\u00edlio por incapacidade<\/strong>.<\/p>\n<p>Esse valor extra \u00e9 depositado em dois momentos ao longo do ano e faz diferen\u00e7a no or\u00e7amento das fam\u00edlias. A primeira parcela equivale a metade do valor do benef\u00edcio mensal, paga sem descontos.<\/p>\n<p><strong>J\u00e1 a segunda parcela, paga em data posterior, \u00e9 onde ocorre a principal diferen\u00e7a sentida pelo benefici\u00e1rio<\/strong>.<\/p>\n<h2>Como funciona a divis\u00e3o do 13\u00ba sal\u00e1rio do INSS?<\/h2>\n<h3>Primeira parcela do 13\u00ba sal\u00e1rio<\/h3>\n<p>A primeira parcela corresponde a 50% do valor do benef\u00edcio e costuma ser paga entre abril e maio, junto com o benef\u00edcio regular, quando h\u00e1 antecipa\u00e7\u00e3o.<\/p>\n<p>Nessa etapa, nenhum desconto \u00e9 feito. Por isso, o valor recebido \u00e9 maior.<\/p>\n<h3>Segunda parcela: por que o valor \u00e9 menor?<\/h3>\n<p>Depois, o INSS realiza o pagamento da segunda parcela, que completa o valor total do abono anual.<\/p>\n<p>\u00c9 nesta etapa que acontecem os descontos obrigat\u00f3rios, especialmente o Imposto de Renda para quem se enquadra no limite de tributa\u00e7\u00e3o.<\/p>\n<p>Ou seja,<strong> a diferen\u00e7a entre a primeira e a segunda parcela ocorre por conta dos descontos legais aplicados apenas na segunda parte do pagamento do 13\u00ba sal\u00e1rio.<\/strong><\/p>\n<h4>Quais descontos incidem na segunda parcela?<\/h4>\n<p>Os principais descontos que podem ser aplicados s\u00e3o:<\/p>\n<ul>\n<li><strong>Imposto de Renda<\/strong>: incide sobre o total do 13\u00ba sal\u00e1rio de quem est\u00e1 acima do limite de isen\u00e7\u00e3o;<\/li>\n<li>Outros descontos menores, como pens\u00e3o aliment\u00edcia, se houver determina\u00e7\u00e3o judicial.<\/li>\n<\/ul>\n<figure id=\"attachment_142022\" aria-describedby=\"caption-attachment-142022\" style=\"width: 1338px\" class=\"wp-caption alignnone\"><img decoding=\"async\" class=\"wp-image-142022 size-full\" style=\"font-weight: 600; text-align: center;\" src=\"https:\/\/www.pensarcursos.com.br\/blog\/wp-content\/uploads\/2026\/01\/Divisao-do-13o-salario-do-INSS.png\" alt=\"M\u00e3os separando e contando diversas c\u00e9dulas de 100 reais em fundo escuro.\" width=\"1338\" height=\"800\" srcset=\"https:\/\/www.pensarcursos.com.br\/blog\/wp-content\/uploads\/2026\/01\/Divisao-do-13o-salario-do-INSS.png 1338w, https:\/\/www.pensarcursos.com.br\/blog\/wp-content\/uploads\/2026\/01\/Divisao-do-13o-salario-do-INSS-300x179.png 300w, https:\/\/www.pensarcursos.com.br\/blog\/wp-content\/uploads\/2026\/01\/Divisao-do-13o-salario-do-INSS-1024x612.png 1024w, https:\/\/www.pensarcursos.com.br\/blog\/wp-content\/uploads\/2026\/01\/Divisao-do-13o-salario-do-INSS-768x459.png 768w, https:\/\/www.pensarcursos.com.br\/blog\/wp-content\/uploads\/2026\/01\/Divisao-do-13o-salario-do-INSS-750x448.png 750w, https:\/\/www.pensarcursos.com.br\/blog\/wp-content\/uploads\/2026\/01\/Divisao-do-13o-salario-do-INSS-1140x682.png 1140w\" sizes=\"(max-width: 1338px) 100vw, 1338px\" \/><figcaption id=\"caption-attachment-142022\" class=\"wp-caption-text\">A primeira parcela corresponde a 50% do benef\u00edcio sem descontos; a segunda vem com reten\u00e7\u00e3o de IR, quando aplic\u00e1vel. Imagem: Ag\u00eancia Brasil<\/figcaption><\/figure>\n<h2 class=\"mceTemp\">Quem pode receber o 13\u00ba sal\u00e1rio do INSS?<\/h2>\n<p>De acordo com a legisla\u00e7\u00e3o previdenci\u00e1ria, t\u00eam direito ao abono anual:<\/p>\n<ul>\n<li>Aposentados;<\/li>\n<li>Pensionistas por morte;<\/li>\n<li>Recebedores de aux\u00edlio por incapacidade tempor\u00e1ria (antigo aux\u00edlio-doen\u00e7a);<\/li>\n<li>Benefici\u00e1rios de aux\u00edlio-acidente;<\/li>\n<li>Aux\u00edlio-reclus\u00e3o.<\/li>\n<\/ul>\n<p>O Benef\u00edcio de Presta\u00e7\u00e3o Continuada (BPC), por ser um benef\u00edcio assistencial, n\u00e3o d\u00e1 direito ao 13\u00ba sal\u00e1rio. Pessoas que recebem apenas BPC devem buscar outras formas de renda complementar.<\/p>\n<h2>Como consultar valores e datas do 13\u00ba sal\u00e1rio?<\/h2>\n<p>Para saber exatamente qual valor vai receber, o segurado pode acessar o\u00a0<a href=\"https:\/\/meu.inss.gov.br\/\" target=\"_blank\" rel=\"noopener\">Meu INSS<\/a>\u00a0pelo site ou aplicativo. Tamb\u00e9m \u00e9 poss\u00edvel ligar para a Central 135, de segunda a s\u00e1bado, para esclarecer d\u00favidas sobre pagamentos, descontos e calend\u00e1rio do benef\u00edcio.<\/p>\n<h2>H\u00e1 alternativas para quem n\u00e3o possui direito ao 13\u00ba sal\u00e1rio do INSS?<\/h2>\n<p>Se voc\u00ea recebe o BPC ou outro benef\u00edcio assistencial sem direito ao 13\u00ba, uma alternativa \u00e9 buscar programas de transfer\u00eancia de renda municipais ou estaduais.<\/p>\n<p>Al\u00e9m disso, pode ser vi\u00e1vel investir em cursos gratuitos para qualifica\u00e7\u00e3o ou, quando poss\u00edvel, atuar em atividades aut\u00f4nomas que proporcionem um refor\u00e7o no or\u00e7amento.<\/p>\n<p>Procure informa\u00e7\u00f5es no\u00a0site do <a href=\"https:\/\/www.gov.br\/mds\/pt-br\" target=\"_blank\" rel=\"noopener\">Minist\u00e9rio da Cidadania<\/a>\u00a0ou na sua prefeitura sobre programas sociais dispon\u00edveis.<\/p>\n<p>Confira tamb\u00e9m:<\/p>\n<div class=\"jeg_video_container jeg_video_content\"><iframe title=\"Quando v\u00e3o pagar o INSS em 2026? Calend\u00e1rio oficial saiu e tem novidade\" width=\"500\" height=\"281\" src=\"https:\/\/www.youtube.com\/embed\/oewN8G9mELY?feature=oembed\" frameborder=\"0\" allow=\"accelerometer; autoplay; clipboard-write; encrypted-media; gyroscope; picture-in-picture; web-share\" referrerpolicy=\"strict-origin-when-cross-origin\" allowfullscreen><\/iframe><\/div>\n<p>Acesse a p\u00e1gina inicial do <a href=\"https:\/\/www.pensarcursos.com.br\/blog\/\" target=\"_blank\" rel=\"noopener\"><strong>Pensar Cursos<\/strong> <\/a>e veja mais sobre direitos do trabalhador.<\/p>\n","protected":false},"excerpt":{"rendered":"<p>Voc\u00ea j\u00e1 percebeu que a segunda parcela do 13\u00ba sal\u00e1rio do Instituto Nacional do Seguro Social (INSS) costuma ser menor que a primeira? Para muitos aposentados e pensionistas, essa diferen\u00e7a gera d\u00favida e at\u00e9 preocupa\u00e7\u00e3o. Neste conte\u00fado, entenda com clareza como funciona esse pagamento, o motivo dos descontos e como se planejar melhor ao receber [&hellip;]<\/p>\n","protected":false},"author":41,"featured_media":142023,"comment_status":"open","ping_status":"closed","sticky":false,"template":"","format":"standard","meta":{"jnews-multi-image_gallery":[],"jnews_single_post":{"format":"standard","override":[{"template":"1","parallax":"1","fullscreen":"1","layout":"right-sidebar","sidebar":"default-sidebar","second_sidebar":"default-sidebar","sticky_sidebar":"1","share_position":"topbottom","share_float_style":"share-monocrhome","show_featured":"1","show_post_meta":"1","show_post_author":"1","show_post_author_image":"1","show_post_date":"1","post_date_format":"default","post_date_format_custom":"Y\/m\/d","show_post_category":"1","post_reading_time_wpm":"300","post_calculate_word_method":"str_word_count","show_zoom_button":"0","zoom_button_out_step":"2","zoom_button_in_step":"3","show_post_tag":"1","show_prev_next_post":"1","show_popup_post":"1","show_comment_section":"1","number_popup_post":"2","show_author_box":"1","show_post_related":"1","show_inline_post_related":"1"}],"image_override":[{"single_post_thumbnail_size":"crop-500","single_post_gallery_size":"crop-500"}],"trending_post_position":"meta","trending_post_label":"Trending","sponsored_post_label":"Sponsored by","disable_ad":"0","subtitle":"Segunda parcela do 13\u00ba INSS: entenda os descontos"},"jnews_primary_category":[],"jnews_social_meta":[],"jnews_override_counter":{"view_counter_number":"0","share_counter_number":"0","like_counter_number":"0","dislike_counter_number":"0"},"footnotes":""},"categories":[1691],"tags":[2787,37754,37759,37757,37755,37758],"class_list":["post-142015","post","type-post","status-publish","format-standard","has-post-thumbnail","hentry","category-direitos-do-trabalhador","tag-13-salario-inss","tag-decimo-terceiro-2026","tag-desconto-imposto-de-renda-inss","tag-descontos-inss-13-salario","tag-segunda-parcela-inss","tag-valor-segunda-parcela-13-salario"],"yoast_head":"<!-- This site is optimized with the Yoast SEO Premium plugin v27.4 (Yoast SEO v27.4) - https:\/\/yoast.com\/product\/yoast-seo-premium-wordpress\/ -->\n<title>INSS: por que a segunda parcela do 13\u00ba sal\u00e1rio \u00e9 menor? - Blog Pensar Cursos<\/title>\n<meta name=\"description\" content=\"Descubra por que a segunda parcela do 13\u00ba sal\u00e1rio do INSS \u00e9 menor, como funcionam os descontos e saiba se voc\u00ea tem direito ao benef\u00edcio para planejar melhor seu or\u00e7amento.\" \/>\n<meta name=\"robots\" content=\"index, follow, max-snippet:-1, max-image-preview:large, max-video-preview:-1\" \/>\n<link rel=\"canonical\" href=\"https:\/\/www.pensarcursos.com.br\/blog\/inss-por-que-a-segunda-parcela-do-13o-salario-e-menor\/\" \/>\n<meta property=\"og:locale\" content=\"pt_BR\" \/>\n<meta property=\"og:type\" content=\"article\" \/>\n<meta property=\"og:title\" content=\"INSS: por que a segunda parcela do 13\u00ba sal\u00e1rio \u00e9 menor?\" \/>\n<meta property=\"og:description\" content=\"Descubra por que a segunda parcela do 13\u00ba sal\u00e1rio do INSS \u00e9 menor, como funcionam os descontos e saiba se voc\u00ea tem direito ao benef\u00edcio para planejar melhor seu or\u00e7amento.\" \/>\n<meta property=\"og:url\" content=\"https:\/\/www.pensarcursos.com.br\/blog\/inss-por-que-a-segunda-parcela-do-13o-salario-e-menor\/\" \/>\n<meta property=\"og:site_name\" content=\"Blog Pensar Cursos\" \/>\n<meta property=\"article:publisher\" content=\"https:\/\/www.facebook.com\/pensarcursos\/\" \/>\n<meta property=\"article:published_time\" content=\"2026-01-26T23:09:06+00:00\" \/>\n<meta property=\"og:image\" content=\"https:\/\/www.pensarcursos.com.br\/blog\/wp-content\/uploads\/2026\/01\/Segunda-parcela-do-13o-salario-do-INSS.png\" \/>\n\t<meta property=\"og:image:width\" content=\"1200\" \/>\n\t<meta property=\"og:image:height\" content=\"800\" \/>\n\t<meta property=\"og:image:type\" content=\"image\/png\" \/>\n<meta name=\"author\" content=\"F\u00e1tima Azevedo\" \/>\n<meta name=\"twitter:card\" content=\"summary_large_image\" \/>\n<meta name=\"twitter:label1\" content=\"Escrito por\" \/>\n\t<meta name=\"twitter:data1\" content=\"F\u00e1tima Azevedo\" \/>\n\t<meta name=\"twitter:label2\" content=\"Est. tempo de leitura\" \/>\n\t<meta name=\"twitter:data2\" content=\"4 minutos\" \/>\n<!-- \/ Yoast SEO Premium plugin. -->","yoast_head_json":{"title":"INSS: por que a segunda parcela do 13\u00ba sal\u00e1rio \u00e9 menor? - Blog Pensar Cursos","description":"Descubra por que a segunda parcela do 13\u00ba sal\u00e1rio do INSS \u00e9 menor, como funcionam os descontos e saiba se voc\u00ea tem direito ao benef\u00edcio para planejar melhor seu or\u00e7amento.","robots":{"index":"index","follow":"follow","max-snippet":"max-snippet:-1","max-image-preview":"max-image-preview:large","max-video-preview":"max-video-preview:-1"},"canonical":"https:\/\/www.pensarcursos.com.br\/blog\/inss-por-que-a-segunda-parcela-do-13o-salario-e-menor\/","og_locale":"pt_BR","og_type":"article","og_title":"INSS: por que a segunda parcela do 13\u00ba sal\u00e1rio \u00e9 menor?","og_description":"Descubra por que a segunda parcela do 13\u00ba sal\u00e1rio do INSS \u00e9 menor, como funcionam os descontos e saiba se voc\u00ea tem direito ao benef\u00edcio para planejar melhor seu or\u00e7amento.","og_url":"https:\/\/www.pensarcursos.com.br\/blog\/inss-por-que-a-segunda-parcela-do-13o-salario-e-menor\/","og_site_name":"Blog Pensar Cursos","article_publisher":"https:\/\/www.facebook.com\/pensarcursos\/","article_published_time":"2026-01-26T23:09:06+00:00","og_image":[{"width":1200,"height":800,"url":"https:\/\/www.pensarcursos.com.br\/blog\/wp-content\/uploads\/2026\/01\/Segunda-parcela-do-13o-salario-do-INSS.png","type":"image\/png"}],"author":"F\u00e1tima Azevedo","twitter_card":"summary_large_image","twitter_misc":{"Escrito por":"F\u00e1tima Azevedo","Est. tempo de leitura":"4 minutos"},"schema":{"@context":"https:\/\/schema.org","@graph":[{"@type":["Article","BlogPosting"],"@id":"https:\/\/www.pensarcursos.com.br\/blog\/inss-por-que-a-segunda-parcela-do-13o-salario-e-menor\/#article","isPartOf":{"@id":"https:\/\/www.pensarcursos.com.br\/blog\/inss-por-que-a-segunda-parcela-do-13o-salario-e-menor\/"},"author":{"name":"F\u00e1tima Azevedo","@id":"https:\/\/www.pensarcursos.com.br\/blog\/#\/schema\/person\/827343e4611913410dcf62144b5b2a2d"},"headline":"INSS: por que a segunda parcela do 13\u00ba sal\u00e1rio \u00e9 menor?","datePublished":"2026-01-26T23:09:06+00:00","mainEntityOfPage":{"@id":"https:\/\/www.pensarcursos.com.br\/blog\/inss-por-que-a-segunda-parcela-do-13o-salario-e-menor\/"},"wordCount":621,"commentCount":0,"publisher":{"@id":"https:\/\/www.pensarcursos.com.br\/blog\/#organization"},"image":{"@id":"https:\/\/www.pensarcursos.com.br\/blog\/inss-por-que-a-segunda-parcela-do-13o-salario-e-menor\/#primaryimage"},"thumbnailUrl":"https:\/\/www.pensarcursos.com.br\/blog\/wp-content\/uploads\/2026\/01\/Segunda-parcela-do-13o-salario-do-INSS.png","keywords":["13 sal\u00e1rio inss","d\u00e9cimo terceiro 2026","desconto imposto de renda inss","descontos inss 13 sal\u00e1rio","segunda parcela inss","valor segunda parcela 13 sal\u00e1rio"],"articleSection":["Direitos do Trabalhador"],"inLanguage":"pt-BR","potentialAction":[{"@type":"CommentAction","name":"Comment","target":["https:\/\/www.pensarcursos.com.br\/blog\/inss-por-que-a-segunda-parcela-do-13o-salario-e-menor\/#respond"]}],"copyrightYear":"2026","copyrightHolder":{"@id":"https:\/\/www.pensarcursos.com.br\/blog\/#organization"}},{"@type":"WebPage","@id":"https:\/\/www.pensarcursos.com.br\/blog\/inss-por-que-a-segunda-parcela-do-13o-salario-e-menor\/","url":"https:\/\/www.pensarcursos.com.br\/blog\/inss-por-que-a-segunda-parcela-do-13o-salario-e-menor\/","name":"INSS: por que a segunda parcela do 13\u00ba sal\u00e1rio \u00e9 menor? - Blog Pensar Cursos","isPartOf":{"@id":"https:\/\/www.pensarcursos.com.br\/blog\/#website"},"primaryImageOfPage":{"@id":"https:\/\/www.pensarcursos.com.br\/blog\/inss-por-que-a-segunda-parcela-do-13o-salario-e-menor\/#primaryimage"},"image":{"@id":"https:\/\/www.pensarcursos.com.br\/blog\/inss-por-que-a-segunda-parcela-do-13o-salario-e-menor\/#primaryimage"},"thumbnailUrl":"https:\/\/www.pensarcursos.com.br\/blog\/wp-content\/uploads\/2026\/01\/Segunda-parcela-do-13o-salario-do-INSS.png","datePublished":"2026-01-26T23:09:06+00:00","description":"Descubra por que a segunda parcela do 13\u00ba sal\u00e1rio do INSS \u00e9 menor, como funcionam os descontos e saiba se voc\u00ea tem direito ao benef\u00edcio para planejar melhor seu or\u00e7amento.","breadcrumb":{"@id":"https:\/\/www.pensarcursos.com.br\/blog\/inss-por-que-a-segunda-parcela-do-13o-salario-e-menor\/#breadcrumb"},"inLanguage":"pt-BR","potentialAction":[{"@type":"ReadAction","target":["https:\/\/www.pensarcursos.com.br\/blog\/inss-por-que-a-segunda-parcela-do-13o-salario-e-menor\/"]}]},{"@type":"ImageObject","inLanguage":"pt-BR","@id":"https:\/\/www.pensarcursos.com.br\/blog\/inss-por-que-a-segunda-parcela-do-13o-salario-e-menor\/#primaryimage","url":"https:\/\/www.pensarcursos.com.br\/blog\/wp-content\/uploads\/2026\/01\/Segunda-parcela-do-13o-salario-do-INSS.png","contentUrl":"https:\/\/www.pensarcursos.com.br\/blog\/wp-content\/uploads\/2026\/01\/Segunda-parcela-do-13o-salario-do-INSS.png","width":1200,"height":800,"caption":"13\u00ba sal\u00e1rio do INSS: o que explica a diferen\u00e7a entre as parcelas. Imagem: Pensar Cursos"},{"@type":"BreadcrumbList","@id":"https:\/\/www.pensarcursos.com.br\/blog\/inss-por-que-a-segunda-parcela-do-13o-salario-e-menor\/#breadcrumb","itemListElement":[{"@type":"ListItem","position":1,"name":"Home","item":"https:\/\/www.pensarcursos.com.br\/blog\/"},{"@type":"ListItem","position":2,"name":"INSS: por que a segunda parcela do 13\u00ba sal\u00e1rio \u00e9 menor?"}]},{"@type":"WebSite","@id":"https:\/\/www.pensarcursos.com.br\/blog\/#website","url":"https:\/\/www.pensarcursos.com.br\/blog\/","name":"Blog Pensar Cursos","description":"Maior Site de Cursos do Brasil","publisher":{"@id":"https:\/\/www.pensarcursos.com.br\/blog\/#organization"},"alternateName":"Blog Pensar","potentialAction":[{"@type":"SearchAction","target":{"@type":"EntryPoint","urlTemplate":"https:\/\/www.pensarcursos.com.br\/blog\/?s={search_term_string}"},"query-input":{"@type":"PropertyValueSpecification","valueRequired":true,"valueName":"search_term_string"}}],"inLanguage":"pt-BR"},{"@type":"Organization","@id":"https:\/\/www.pensarcursos.com.br\/blog\/#organization","name":"Pensar Cursos","alternateName":"Blog pensar","url":"https:\/\/www.pensarcursos.com.br\/blog\/","logo":{"@type":"ImageObject","inLanguage":"pt-BR","@id":"https:\/\/www.pensarcursos.com.br\/blog\/#\/schema\/logo\/image\/","url":"https:\/\/www.pensarcursos.com.br\/blog\/wp-content\/uploads\/2023\/11\/Nova-Logo-Pensar-Cursos-vertical.png","contentUrl":"https:\/\/www.pensarcursos.com.br\/blog\/wp-content\/uploads\/2023\/11\/Nova-Logo-Pensar-Cursos-vertical.png","width":1393,"height":1001,"caption":"Pensar Cursos"},"image":{"@id":"https:\/\/www.pensarcursos.com.br\/blog\/#\/schema\/logo\/image\/"},"sameAs":["https:\/\/www.facebook.com\/pensarcursos\/","https:\/\/instagram.com.br\/pensarcursos"],"description":"Pensar Cursos \u00e9 uma empresa especializada em oferecer cursos de alta qualidade voltados para o desenvolvimento profissional e acad\u00eamico. Com uma ampla gama de op\u00e7\u00f5es de treinamento, oferecemos conte\u00fados atualizados, ministrados por especialistas da \u00e1rea, para capacitar indiv\u00edduos e equipes a atingirem seus objetivos. Nossa miss\u00e3o \u00e9 proporcionar uma educa\u00e7\u00e3o transformadora, acess\u00edvel e personalizada para cada aluno, seja em cursos presenciais ou online. Com uma abordagem inovadora, buscamos adaptar os nossos programas de ensino \u00e0s necessidades do mercado, criando solu\u00e7\u00f5es que atendem aos desafios e exig\u00eancias do mundo corporativo e acad\u00eamico. Nossos cursos incluem desde forma\u00e7\u00f5es t\u00e9cnicas at\u00e9 habilidades essenciais, como lideran\u00e7a, gest\u00e3o e desenvolvimento pessoal.","email":"contato@pensarcursos.com.br","legalName":"Sena Servi\u00e7os de Informa\u00e7\u00e3o Online LTDA","foundingDate":"2013-04-18","vatID":"17956217000172","numberOfEmployees":{"@type":"QuantitativeValue","minValue":"11","maxValue":"50"},"publishingPrinciples":"https:\/\/www.pensarcursos.com.br\/blog\/principios-de-publicacao\/","ownershipFundingInfo":"https:\/\/www.pensarcursos.com.br\/blog\/informacoes-de-propriedade-financiamento\/","actionableFeedbackPolicy":"https:\/\/www.pensarcursos.com.br\/blog\/politica-de-feedback-acionavel\/","correctionsPolicy":"https:\/\/www.pensarcursos.com.br\/blog\/politica-de-correcoes\/","ethicsPolicy":"https:\/\/www.pensarcursos.com.br\/blog\/politica-de-etica\/"},{"@type":"Person","@id":"https:\/\/www.pensarcursos.com.br\/blog\/#\/schema\/person\/827343e4611913410dcf62144b5b2a2d","name":"F\u00e1tima Azevedo","image":{"@type":"ImageObject","inLanguage":"pt-BR","@id":"https:\/\/secure.gravatar.com\/avatar\/ea820c84e212573cc3f119ba576278fe7ad07b69ed7ca0c33223662227bb77ca?s=96&d=mm&r=g","url":"https:\/\/secure.gravatar.com\/avatar\/ea820c84e212573cc3f119ba576278fe7ad07b69ed7ca0c33223662227bb77ca?s=96&d=mm&r=g","contentUrl":"https:\/\/secure.gravatar.com\/avatar\/ea820c84e212573cc3f119ba576278fe7ad07b69ed7ca0c33223662227bb77ca?s=96&d=mm&r=g","caption":"F\u00e1tima Azevedo"},"description":"Graduada em Ci\u00eancias Biol\u00f3gicas. Professora. Redatora grupo Sena Online.","sameAs":["https:\/\/www.linkedin.com\/in\/maria-de-f\u00e1tima-oliveira-da-costa-74a1692a7"],"url":"https:\/\/www.pensarcursos.com.br\/blog\/author\/fatima\/"}]}},"_links":{"self":[{"href":"https:\/\/www.pensarcursos.com.br\/blog\/wp-json\/wp\/v2\/posts\/142015","targetHints":{"allow":["GET"]}}],"collection":[{"href":"https:\/\/www.pensarcursos.com.br\/blog\/wp-json\/wp\/v2\/posts"}],"about":[{"href":"https:\/\/www.pensarcursos.com.br\/blog\/wp-json\/wp\/v2\/types\/post"}],"author":[{"embeddable":true,"href":"https:\/\/www.pensarcursos.com.br\/blog\/wp-json\/wp\/v2\/users\/41"}],"replies":[{"embeddable":true,"href":"https:\/\/www.pensarcursos.com.br\/blog\/wp-json\/wp\/v2\/comments?post=142015"}],"version-history":[{"count":0,"href":"https:\/\/www.pensarcursos.com.br\/blog\/wp-json\/wp\/v2\/posts\/142015\/revisions"}],"wp:featuredmedia":[{"embeddable":true,"href":"https:\/\/www.pensarcursos.com.br\/blog\/wp-json\/wp\/v2\/media\/142023"}],"wp:attachment":[{"href":"https:\/\/www.pensarcursos.com.br\/blog\/wp-json\/wp\/v2\/media?parent=142015"}],"wp:term":[{"taxonomy":"category","embeddable":true,"href":"https:\/\/www.pensarcursos.com.br\/blog\/wp-json\/wp\/v2\/categories?post=142015"},{"taxonomy":"post_tag","embeddable":true,"href":"https:\/\/www.pensarcursos.com.br\/blog\/wp-json\/wp\/v2\/tags?post=142015"}],"curies":[{"name":"wp","href":"https:\/\/api.w.org\/{rel}","templated":true}]}}