{"id":142012,"date":"2026-01-27T07:39:24","date_gmt":"2026-01-27T10:39:24","guid":{"rendered":"https:\/\/www.pensarcursos.com.br\/blog\/?p=142012"},"modified":"2026-01-26T18:24:08","modified_gmt":"2026-01-26T21:24:08","slug":"inss-e-bpc-2026-veja-quem-recebe-r-103-a-mais-nos-dias-27-28-29-e-30-de-janeiro","status":"publish","type":"post","link":"https:\/\/www.pensarcursos.com.br\/blog\/inss-e-bpc-2026-veja-quem-recebe-r-103-a-mais-nos-dias-27-28-29-e-30-de-janeiro\/","title":{"rendered":"INSS e BPC 2026: veja quem recebe R$ 103 a mais nos dias 27, 28, 29 e 30 de janeiro"},"content":{"rendered":"<p>Os benefici\u00e1rios do Benef\u00edcio de Presta\u00e7\u00e3o Continuada (BPC) recebem nesta semana um<strong> pagamento com R$ 103<\/strong> a mais. A not\u00edcia gera expectativa, mas surge uma d\u00favida principal: quem exatamente ter\u00e1 esse valor extra depositado na conta entre<strong> esta ter\u00e7a-feira (27) e 30 de janeiro<\/strong>?<\/p>\n<p>O calend\u00e1rio de pagamentos do <a href=\"https:\/\/www.pensarcursos.com.br\/blog\/inss-o-que-fazer-quando-ha-atraso-no-pagamento\/\">INSS<\/a> j\u00e1 est\u00e1 em andamento e \u00e9 fundamental que todos os segurados verifiquem a data correta.<\/p>\n<p>Para descobrir o dia exato do seu pagamento, o processo \u00e9 simples. O segurado deve observar o n\u00famero final do seu cart\u00e3o de benef\u00edcio, desconsiderando o d\u00edgito verificador que aparece ap\u00f3s o tra\u00e7o.<\/p>\n<p>Com essa informa\u00e7\u00e3o em m\u00e3os, \u00e9 poss\u00edvel consultar o cronograma oficial e se programar financeiramente. Confira todos os detalhes abaixo!<\/p>\n<h2>R$ 103 a mais no benef\u00edcio: quem recebe?<\/h2>\n<figure id=\"attachment_142020\" aria-describedby=\"caption-attachment-142020\" style=\"width: 1200px\" class=\"wp-caption aligncenter\"><img decoding=\"async\" class=\"wp-image-142020 size-full\" src=\"https:\/\/www.pensarcursos.com.br\/blog\/wp-content\/uploads\/2026\/01\/reajuste-beneficios.webp\" alt=\"Notas de dinheiro simbolizando o aumento de R$ 103 no Benef\u00edcio de Presta\u00e7\u00e3o Continuada em 2026.\" width=\"1200\" height=\"800\" srcset=\"https:\/\/www.pensarcursos.com.br\/blog\/wp-content\/uploads\/2026\/01\/reajuste-beneficios.webp 1200w, https:\/\/www.pensarcursos.com.br\/blog\/wp-content\/uploads\/2026\/01\/reajuste-beneficios-300x200.webp 300w, https:\/\/www.pensarcursos.com.br\/blog\/wp-content\/uploads\/2026\/01\/reajuste-beneficios-1024x683.webp 1024w, https:\/\/www.pensarcursos.com.br\/blog\/wp-content\/uploads\/2026\/01\/reajuste-beneficios-768x512.webp 768w, https:\/\/www.pensarcursos.com.br\/blog\/wp-content\/uploads\/2026\/01\/reajuste-beneficios-750x500.webp 750w, https:\/\/www.pensarcursos.com.br\/blog\/wp-content\/uploads\/2026\/01\/reajuste-beneficios-1140x760.webp 1140w\" sizes=\"(max-width: 1200px) 100vw, 1200px\" \/><figcaption id=\"caption-attachment-142020\" class=\"wp-caption-text\">Veja quem recebe R$ 103 a mais com o reajuste do sal\u00e1rio m\u00ednimo em 2026. Imagem: Pensar Cursos<\/figcaption><\/figure>\n<p>O acr\u00e9scimo de R$ 103 \u00e9 destinado a todos os brasileiros que recebem o<a href=\"https:\/\/www.pensarcursos.com.br\/blog\/inss-e-bpc-aumento-de-r-103-comeca-a-ser-pago-nesta-segunda-26-veja-se-voce-tem-direito\/\"> Benef\u00edcio de Presta\u00e7\u00e3o Continuada<\/a> (BPC\/LOAS). O reajuste ocorre em raz\u00e3o da atualiza\u00e7\u00e3o anual do sal\u00e1rio m\u00ednimo. Em 2025, o valor do benef\u00edcio era de R$ 1.518. J\u00e1 em 2026, com o novo piso nacional, o BPC passou a ser pago no valor de R$ 1.621.<\/p>\n<p>Portanto, o aumento \u00e9 autom\u00e1tico e permanente para todos que t\u00eam direito ao BPC, pois o valor do benef\u00edcio \u00e9 sempre equivalente a um sal\u00e1rio m\u00ednimo vigente.<\/p>\n<h2>Calend\u00e1rio de pagamento BPC e INSS para janeiro de 2026<\/h2>\n<p>O calend\u00e1rio de pagamentos do BPC segue as mesmas datas estabelecidas pelo Instituto Nacional do Seguro Social (INSS) para os benefici\u00e1rios que recebem at\u00e9 um sal\u00e1rio m\u00ednimo. Os dep\u00f3sitos s\u00e3o organizados de acordo com o n\u00famero final do benef\u00edcio.<\/p>\n<p><strong>Nos dias 27, 28, 29 e 30 receber\u00e3o os pagamentos com R$ 103 a mais os benefici\u00e1rios com n\u00famero final do cart\u00e3o de benef\u00edcio: 2, 3, 4 e 5<\/strong> respectivamente.<\/p>\n<p>Confira:<\/p>\n<ul>\n<li>Final 1: 26 de janeiro<\/li>\n<li><strong>Final 2: 27 de janeiro<\/strong><\/li>\n<li><strong>Final 3: 28 de janeiro<\/strong><\/li>\n<li><strong>Final 4: 29 de janeiro<\/strong><\/li>\n<li><strong>Final 5: 30 de janeiro<\/strong><\/li>\n<li>Final 6: 2 de fevereiro<\/li>\n<li>Final 7: 3 de fevereiro<\/li>\n<li>Final 8: 4 de fevereiro<\/li>\n<li>Final 9: 5 de fevereiro<\/li>\n<li>Final 0: 6 de fevereiro<\/li>\n<\/ul>\n<p>\u00c9 importante ressaltar que os segurados do<a href=\"https:\/\/www.pensarcursos.com.br\/blog\/inss-consulta-do-13o-salario-de-2026-ja-esta-disponivel-confira-valores-quem-tem-direito-e-quando-a-1a-parcela-deve-cair\/\"> INSS<\/a> que recebem valores acima de um sal\u00e1rio m\u00ednimo possuem um calend\u00e1rio diferente, com pagamentos iniciando em 2 de fevereiro para os finais 1 e 6.<\/p>\n<p>Veja:<\/p>\n<ul>\n<li>Finais 1 e 6:\u00a02 de fevereiro<\/li>\n<li>Finais 2 e 7:\u00a03 de fevereiro<\/li>\n<li>Finais 3 e 8:\u00a04 de fevereiro<\/li>\n<li>Finais 4 e 9:\u00a05 de fevereiro<\/li>\n<li>Finais 5 e 0:\u00a06 de fevereiro<\/li>\n<\/ul>\n<h2>Como consultar a data e o valor?<\/h2>\n<p>Para n\u00e3o ter d\u00favidas sobre o seu pagamento, a consulta pode ser feita de forma r\u00e1pida e segura pelos canais oficiais. A verifica\u00e7\u00e3o confirma a data exata e o valor que ser\u00e1 depositado, j\u00e1 incluindo o reajuste.<\/p>\n<p>As principais formas de consulta s\u00e3o:<\/p>\n<ol>\n<li><strong>Meu INSS:<\/strong> Acesse o site ou aplicativo <a href=\"https:\/\/meu.inss.gov.br\/\" target=\"_blank\" rel=\"noopener\">Meu INSS<\/a> com seu CPF e senha do Gov.br. Dentro do sistema, procure pela op\u00e7\u00e3o &#8220;Extrato de Pagamento&#8221;. Neste local, voc\u00ea encontrar\u00e1 todas as informa\u00e7\u00f5es detalhadas sobre o seu benef\u00edcio, incluindo a data e o valor bruto.<\/li>\n<li><strong>Central 135:<\/strong>\u00a0\u00c9 poss\u00edvel ligar para o n\u00famero 135 e solicitar as informa\u00e7\u00f5es a um atendente. O servi\u00e7o funciona de segunda a s\u00e1bado, das 7h \u00e0s 22h. Tenha em m\u00e3os o n\u00famero do seu CPF para agilizar o atendimento.<\/li>\n<\/ol>\n<p>Manter os dados atualizados no Cadastro \u00danico (Cad\u00danico) tamb\u00e9m \u00e9 fundamental, especialmente para os benefici\u00e1rios do BPC, pois garante a continuidade do recebimento e o acesso a outros programas sociais do governo.<\/p>\n<p>Continue acessando o <a href=\"https:\/\/www.pensarcursos.com.br\/blog\" target=\"_blank\" rel=\"noopener\">Pensar Cursos<\/a> para mais informa\u00e7\u00f5es como essa!<\/p>\n<p>Veja tamb\u00e9m:<\/p>\n<div class=\"jeg_video_container jeg_video_content\"><iframe title=\"Quando v\u00e3o pagar o INSS em 2026? Calend\u00e1rio oficial saiu e tem novidade\" width=\"500\" height=\"281\" src=\"https:\/\/www.youtube.com\/embed\/oewN8G9mELY?feature=oembed\" frameborder=\"0\" allow=\"accelerometer; autoplay; clipboard-write; encrypted-media; gyroscope; picture-in-picture; web-share\" referrerpolicy=\"strict-origin-when-cross-origin\" allowfullscreen><\/iframe><\/div>\n<h2>Perguntas frequentes<\/h2>\n<h3>Aposentados do INSS que ganham um sal\u00e1rio m\u00ednimo tamb\u00e9m t\u00eam esse aumento?<\/h3>\n<p>Sim. Todos os benef\u00edcios do INSS que t\u00eam como base o sal\u00e1rio m\u00ednimo, como aposentadorias e pens\u00f5es nesse valor, foram reajustados automaticamente para R$ 1.621 em 2026.<\/p>\n<h3>O valor do BPC pode ser diferente do sal\u00e1rio m\u00ednimo?<\/h3>\n<p>N\u00e3o. Por lei, o valor do Benef\u00edcio de Presta\u00e7\u00e3o Continuada \u00e9 sempre de um sal\u00e1rio m\u00ednimo integral.<\/p>\n<h3>Como posso confirmar se meu BPC continua ativo?<\/h3>\n<p>A confirma\u00e7\u00e3o pode ser feita atrav\u00e9s do site ou aplicativo Meu INSS, na op\u00e7\u00e3o &#8220;Meus Benef\u00edcios&#8221;, ou ligando para a central 135.<\/p>\n","protected":false},"excerpt":{"rendered":"<p>Os benefici\u00e1rios do Benef\u00edcio de Presta\u00e7\u00e3o Continuada (BPC) recebem nesta semana um pagamento com R$ 103 a mais. A not\u00edcia gera expectativa, mas surge uma d\u00favida principal: quem exatamente ter\u00e1 esse valor extra depositado na conta entre esta ter\u00e7a-feira (27) e 30 de janeiro? O calend\u00e1rio de pagamentos do INSS j\u00e1 est\u00e1 em andamento e [&hellip;]<\/p>\n","protected":false},"author":54,"featured_media":142018,"comment_status":"open","ping_status":"closed","sticky":false,"template":"","format":"standard","meta":{"jnews-multi-image_gallery":[],"jnews_single_post":{"format":"standard","override":[{"template":"1","parallax":"1","fullscreen":"1","layout":"right-sidebar","sidebar":"default-sidebar","second_sidebar":"default-sidebar","sticky_sidebar":"1","share_position":"topbottom","share_float_style":"share-monocrhome","show_featured":"1","show_post_meta":"1","show_post_author":"1","show_post_author_image":"1","show_post_date":"1","post_date_format":"default","post_date_format_custom":"Y\/m\/d","show_post_category":"1","post_reading_time_wpm":"300","post_calculate_word_method":"str_word_count","show_zoom_button":"0","zoom_button_out_step":"2","zoom_button_in_step":"3","show_post_tag":"1","show_prev_next_post":"1","show_popup_post":"1","show_comment_section":"1","number_popup_post":"2","show_author_box":"1","show_post_related":"1","show_inline_post_related":"1"}],"image_override":[{"single_post_thumbnail_size":"crop-500","single_post_gallery_size":"crop-500"}],"trending_post_position":"meta","trending_post_label":"Trending","sponsored_post_label":"Sponsored by","disable_ad":"0","subtitle":"Entenda como funciona o acr\u00e9scimo no pagamento e confira se voc\u00ea est\u00e1 entre os benefici\u00e1rios"},"jnews_primary_category":[],"jnews_social_meta":[],"jnews_override_counter":{"view_counter_number":"0","share_counter_number":"0","like_counter_number":"0","dislike_counter_number":"0"},"footnotes":""},"categories":[1657,2026,1691],"tags":[37732,37700,36234,36170],"class_list":["post-142012","post","type-post","status-publish","format-standard","has-post-thumbnail","hentry","category-beneficios-sociais","category-bpc","category-direitos-do-trabalhador","tag-bpc-2026","tag-calendario-bpc-2026","tag-calendario-inss-2026","tag-inss-2026"],"yoast_head":"<!-- This site is optimized with the Yoast SEO Premium plugin v27.5 (Yoast SEO v27.5) - https:\/\/yoast.com\/product\/yoast-seo-premium-wordpress\/ -->\n<title>INSS e BPC 2026: veja quem recebe R$ 103 a mais nos dias 27, 28, 29 e 30 de janeiro - Blog Pensar Cursos<\/title>\n<meta name=\"description\" content=\"Confira quem recebe o BPC e benef\u00edcios do INSS com R$ 103 a mais em janeiro de 2026. Veja o calend\u00e1rio para os dias 27, 28, 29 e 30.\" \/>\n<meta name=\"robots\" content=\"index, follow, max-snippet:-1, max-image-preview:large, max-video-preview:-1\" \/>\n<link rel=\"canonical\" href=\"https:\/\/www.pensarcursos.com.br\/blog\/inss-e-bpc-2026-veja-quem-recebe-r-103-a-mais-nos-dias-27-28-29-e-30-de-janeiro\/\" \/>\n<meta property=\"og:locale\" content=\"pt_BR\" \/>\n<meta property=\"og:type\" content=\"article\" \/>\n<meta property=\"og:title\" content=\"INSS e BPC 2026: veja quem recebe R$ 103 a mais nos dias 27, 28, 29 e 30 de janeiro\" \/>\n<meta property=\"og:description\" content=\"Confira quem recebe o BPC e benef\u00edcios do INSS com R$ 103 a mais em janeiro de 2026. Veja o calend\u00e1rio para os dias 27, 28, 29 e 30.\" \/>\n<meta property=\"og:url\" content=\"https:\/\/www.pensarcursos.com.br\/blog\/inss-e-bpc-2026-veja-quem-recebe-r-103-a-mais-nos-dias-27-28-29-e-30-de-janeiro\/\" \/>\n<meta property=\"og:site_name\" content=\"Blog Pensar Cursos\" \/>\n<meta property=\"article:publisher\" content=\"https:\/\/www.facebook.com\/pensarcursos\/\" \/>\n<meta property=\"article:published_time\" content=\"2026-01-27T10:39:24+00:00\" \/>\n<meta property=\"og:image\" content=\"https:\/\/www.pensarcursos.com.br\/blog\/wp-content\/uploads\/2026\/01\/inss-e-bpc-2026-1.webp\" \/>\n\t<meta property=\"og:image:width\" content=\"1500\" \/>\n\t<meta property=\"og:image:height\" content=\"999\" \/>\n\t<meta property=\"og:image:type\" content=\"image\/webp\" \/>\n<meta name=\"author\" content=\"Quezia Andrade\" \/>\n<meta name=\"twitter:card\" content=\"summary_large_image\" \/>\n<meta name=\"twitter:label1\" content=\"Escrito por\" \/>\n\t<meta name=\"twitter:data1\" content=\"Quezia Andrade\" \/>\n\t<meta name=\"twitter:label2\" content=\"Est. tempo de leitura\" \/>\n\t<meta name=\"twitter:data2\" content=\"5 minutos\" \/>\n<!-- \/ Yoast SEO Premium plugin. -->","yoast_head_json":{"title":"INSS e BPC 2026: veja quem recebe R$ 103 a mais nos dias 27, 28, 29 e 30 de janeiro - Blog Pensar Cursos","description":"Confira quem recebe o BPC e benef\u00edcios do INSS com R$ 103 a mais em janeiro de 2026. Veja o calend\u00e1rio para os dias 27, 28, 29 e 30.","robots":{"index":"index","follow":"follow","max-snippet":"max-snippet:-1","max-image-preview":"max-image-preview:large","max-video-preview":"max-video-preview:-1"},"canonical":"https:\/\/www.pensarcursos.com.br\/blog\/inss-e-bpc-2026-veja-quem-recebe-r-103-a-mais-nos-dias-27-28-29-e-30-de-janeiro\/","og_locale":"pt_BR","og_type":"article","og_title":"INSS e BPC 2026: veja quem recebe R$ 103 a mais nos dias 27, 28, 29 e 30 de janeiro","og_description":"Confira quem recebe o BPC e benef\u00edcios do INSS com R$ 103 a mais em janeiro de 2026. Veja o calend\u00e1rio para os dias 27, 28, 29 e 30.","og_url":"https:\/\/www.pensarcursos.com.br\/blog\/inss-e-bpc-2026-veja-quem-recebe-r-103-a-mais-nos-dias-27-28-29-e-30-de-janeiro\/","og_site_name":"Blog Pensar Cursos","article_publisher":"https:\/\/www.facebook.com\/pensarcursos\/","article_published_time":"2026-01-27T10:39:24+00:00","og_image":[{"width":1500,"height":999,"url":"https:\/\/www.pensarcursos.com.br\/blog\/wp-content\/uploads\/2026\/01\/inss-e-bpc-2026-1.webp","type":"image\/webp"}],"author":"Quezia Andrade","twitter_card":"summary_large_image","twitter_misc":{"Escrito por":"Quezia Andrade","Est. tempo de leitura":"5 minutos"},"schema":{"@context":"https:\/\/schema.org","@graph":[{"@type":["Article","BlogPosting"],"@id":"https:\/\/www.pensarcursos.com.br\/blog\/inss-e-bpc-2026-veja-quem-recebe-r-103-a-mais-nos-dias-27-28-29-e-30-de-janeiro\/#article","isPartOf":{"@id":"https:\/\/www.pensarcursos.com.br\/blog\/inss-e-bpc-2026-veja-quem-recebe-r-103-a-mais-nos-dias-27-28-29-e-30-de-janeiro\/"},"author":{"name":"Quezia Andrade","@id":"https:\/\/www.pensarcursos.com.br\/blog\/#\/schema\/person\/28714c166fa847c28e0ba3e4d47c1033"},"headline":"INSS e BPC 2026: veja quem recebe R$ 103 a mais nos dias 27, 28, 29 e 30 de janeiro","datePublished":"2026-01-27T10:39:24+00:00","mainEntityOfPage":{"@id":"https:\/\/www.pensarcursos.com.br\/blog\/inss-e-bpc-2026-veja-quem-recebe-r-103-a-mais-nos-dias-27-28-29-e-30-de-janeiro\/"},"wordCount":751,"commentCount":0,"publisher":{"@id":"https:\/\/www.pensarcursos.com.br\/blog\/#organization"},"image":{"@id":"https:\/\/www.pensarcursos.com.br\/blog\/inss-e-bpc-2026-veja-quem-recebe-r-103-a-mais-nos-dias-27-28-29-e-30-de-janeiro\/#primaryimage"},"thumbnailUrl":"https:\/\/www.pensarcursos.com.br\/blog\/wp-content\/uploads\/2026\/01\/inss-e-bpc-2026-1.webp","keywords":["bpc 2026","calend\u00e1rio bpc 2026","calend\u00e1rio inss 2026","inss 2026"],"articleSection":["Benef\u00edcios Sociais","BPC","Direitos do Trabalhador"],"inLanguage":"pt-BR","potentialAction":[{"@type":"CommentAction","name":"Comment","target":["https:\/\/www.pensarcursos.com.br\/blog\/inss-e-bpc-2026-veja-quem-recebe-r-103-a-mais-nos-dias-27-28-29-e-30-de-janeiro\/#respond"]}],"copyrightYear":"2026","copyrightHolder":{"@id":"https:\/\/www.pensarcursos.com.br\/blog\/#organization"}},{"@type":"WebPage","@id":"https:\/\/www.pensarcursos.com.br\/blog\/inss-e-bpc-2026-veja-quem-recebe-r-103-a-mais-nos-dias-27-28-29-e-30-de-janeiro\/","url":"https:\/\/www.pensarcursos.com.br\/blog\/inss-e-bpc-2026-veja-quem-recebe-r-103-a-mais-nos-dias-27-28-29-e-30-de-janeiro\/","name":"INSS e BPC 2026: veja quem recebe R$ 103 a mais nos dias 27, 28, 29 e 30 de janeiro - Blog Pensar Cursos","isPartOf":{"@id":"https:\/\/www.pensarcursos.com.br\/blog\/#website"},"primaryImageOfPage":{"@id":"https:\/\/www.pensarcursos.com.br\/blog\/inss-e-bpc-2026-veja-quem-recebe-r-103-a-mais-nos-dias-27-28-29-e-30-de-janeiro\/#primaryimage"},"image":{"@id":"https:\/\/www.pensarcursos.com.br\/blog\/inss-e-bpc-2026-veja-quem-recebe-r-103-a-mais-nos-dias-27-28-29-e-30-de-janeiro\/#primaryimage"},"thumbnailUrl":"https:\/\/www.pensarcursos.com.br\/blog\/wp-content\/uploads\/2026\/01\/inss-e-bpc-2026-1.webp","datePublished":"2026-01-27T10:39:24+00:00","description":"Confira quem recebe o BPC e benef\u00edcios do INSS com R$ 103 a mais em janeiro de 2026. Veja o calend\u00e1rio para os dias 27, 28, 29 e 30.","breadcrumb":{"@id":"https:\/\/www.pensarcursos.com.br\/blog\/inss-e-bpc-2026-veja-quem-recebe-r-103-a-mais-nos-dias-27-28-29-e-30-de-janeiro\/#breadcrumb"},"inLanguage":"pt-BR","potentialAction":[{"@type":"ReadAction","target":["https:\/\/www.pensarcursos.com.br\/blog\/inss-e-bpc-2026-veja-quem-recebe-r-103-a-mais-nos-dias-27-28-29-e-30-de-janeiro\/"]}]},{"@type":"ImageObject","inLanguage":"pt-BR","@id":"https:\/\/www.pensarcursos.com.br\/blog\/inss-e-bpc-2026-veja-quem-recebe-r-103-a-mais-nos-dias-27-28-29-e-30-de-janeiro\/#primaryimage","url":"https:\/\/www.pensarcursos.com.br\/blog\/wp-content\/uploads\/2026\/01\/inss-e-bpc-2026-1.webp","contentUrl":"https:\/\/www.pensarcursos.com.br\/blog\/wp-content\/uploads\/2026\/01\/inss-e-bpc-2026-1.webp","width":1500,"height":999,"caption":"Benefici\u00e1rios do INSS e do BPC recebem R$ 103 a mais no pagamento de janeiro. Confira! Imagem: Marcello Casal Jr\/ Ag\u00eancia Brasil"},{"@type":"BreadcrumbList","@id":"https:\/\/www.pensarcursos.com.br\/blog\/inss-e-bpc-2026-veja-quem-recebe-r-103-a-mais-nos-dias-27-28-29-e-30-de-janeiro\/#breadcrumb","itemListElement":[{"@type":"ListItem","position":1,"name":"Home","item":"https:\/\/www.pensarcursos.com.br\/blog\/"},{"@type":"ListItem","position":2,"name":"INSS e BPC 2026: veja quem recebe R$ 103 a mais nos dias 27, 28, 29 e 30 de janeiro"}]},{"@type":"WebSite","@id":"https:\/\/www.pensarcursos.com.br\/blog\/#website","url":"https:\/\/www.pensarcursos.com.br\/blog\/","name":"Blog Pensar Cursos","description":"Maior Site de Cursos do Brasil","publisher":{"@id":"https:\/\/www.pensarcursos.com.br\/blog\/#organization"},"alternateName":"Blog Pensar","potentialAction":[{"@type":"SearchAction","target":{"@type":"EntryPoint","urlTemplate":"https:\/\/www.pensarcursos.com.br\/blog\/?s={search_term_string}"},"query-input":{"@type":"PropertyValueSpecification","valueRequired":true,"valueName":"search_term_string"}}],"inLanguage":"pt-BR"},{"@type":"Organization","@id":"https:\/\/www.pensarcursos.com.br\/blog\/#organization","name":"Pensar Cursos","alternateName":"Blog pensar","url":"https:\/\/www.pensarcursos.com.br\/blog\/","logo":{"@type":"ImageObject","inLanguage":"pt-BR","@id":"https:\/\/www.pensarcursos.com.br\/blog\/#\/schema\/logo\/image\/","url":"https:\/\/www.pensarcursos.com.br\/blog\/wp-content\/uploads\/2023\/11\/Nova-Logo-Pensar-Cursos-vertical.png","contentUrl":"https:\/\/www.pensarcursos.com.br\/blog\/wp-content\/uploads\/2023\/11\/Nova-Logo-Pensar-Cursos-vertical.png","width":1393,"height":1001,"caption":"Pensar Cursos"},"image":{"@id":"https:\/\/www.pensarcursos.com.br\/blog\/#\/schema\/logo\/image\/"},"sameAs":["https:\/\/www.facebook.com\/pensarcursos\/","https:\/\/instagram.com.br\/pensarcursos"],"description":"Pensar Cursos \u00e9 uma empresa especializada em oferecer cursos de alta qualidade voltados para o desenvolvimento profissional e acad\u00eamico. Com uma ampla gama de op\u00e7\u00f5es de treinamento, oferecemos conte\u00fados atualizados, ministrados por especialistas da \u00e1rea, para capacitar indiv\u00edduos e equipes a atingirem seus objetivos. Nossa miss\u00e3o \u00e9 proporcionar uma educa\u00e7\u00e3o transformadora, acess\u00edvel e personalizada para cada aluno, seja em cursos presenciais ou online. Com uma abordagem inovadora, buscamos adaptar os nossos programas de ensino \u00e0s necessidades do mercado, criando solu\u00e7\u00f5es que atendem aos desafios e exig\u00eancias do mundo corporativo e acad\u00eamico. Nossos cursos incluem desde forma\u00e7\u00f5es t\u00e9cnicas at\u00e9 habilidades essenciais, como lideran\u00e7a, gest\u00e3o e desenvolvimento pessoal.","email":"contato@pensarcursos.com.br","legalName":"Sena Servi\u00e7os de Informa\u00e7\u00e3o Online LTDA","foundingDate":"2013-04-18","vatID":"17956217000172","numberOfEmployees":{"@type":"QuantitativeValue","minValue":"11","maxValue":"50"},"publishingPrinciples":"https:\/\/www.pensarcursos.com.br\/blog\/principios-de-publicacao\/","ownershipFundingInfo":"https:\/\/www.pensarcursos.com.br\/blog\/informacoes-de-propriedade-financiamento\/","actionableFeedbackPolicy":"https:\/\/www.pensarcursos.com.br\/blog\/politica-de-feedback-acionavel\/","correctionsPolicy":"https:\/\/www.pensarcursos.com.br\/blog\/politica-de-correcoes\/","ethicsPolicy":"https:\/\/www.pensarcursos.com.br\/blog\/politica-de-etica\/"},{"@type":"Person","@id":"https:\/\/www.pensarcursos.com.br\/blog\/#\/schema\/person\/28714c166fa847c28e0ba3e4d47c1033","name":"Quezia Andrade","image":{"@type":"ImageObject","inLanguage":"pt-BR","@id":"https:\/\/secure.gravatar.com\/avatar\/ca40343eca0c667f062032144581527936aae03191aca76e9d4c4de5a5c7cd14?s=96&d=mm&r=g","url":"https:\/\/secure.gravatar.com\/avatar\/ca40343eca0c667f062032144581527936aae03191aca76e9d4c4de5a5c7cd14?s=96&d=mm&r=g","contentUrl":"https:\/\/secure.gravatar.com\/avatar\/ca40343eca0c667f062032144581527936aae03191aca76e9d4c4de5a5c7cd14?s=96&d=mm&r=g","caption":"Quezia Andrade"},"description":"Biom\u00e9dica CRBM2 n\u00ba 17394. Redatora do grupo Sena Online.","sameAs":["https:\/\/www.instagram.com\/_quezia_b?igsh=cWF2dDNxbXd6ejF4&utm_source=qr","https:\/\/www.linkedin.com\/in\/quzia-borges-andrade-907778266?utm_source=share&utm_campaign=share_via&utm_content=profile&utm_medium=ios_app"],"url":"https:\/\/www.pensarcursos.com.br\/blog\/author\/quezia\/"}]}},"_links":{"self":[{"href":"https:\/\/www.pensarcursos.com.br\/blog\/wp-json\/wp\/v2\/posts\/142012","targetHints":{"allow":["GET"]}}],"collection":[{"href":"https:\/\/www.pensarcursos.com.br\/blog\/wp-json\/wp\/v2\/posts"}],"about":[{"href":"https:\/\/www.pensarcursos.com.br\/blog\/wp-json\/wp\/v2\/types\/post"}],"author":[{"embeddable":true,"href":"https:\/\/www.pensarcursos.com.br\/blog\/wp-json\/wp\/v2\/users\/54"}],"replies":[{"embeddable":true,"href":"https:\/\/www.pensarcursos.com.br\/blog\/wp-json\/wp\/v2\/comments?post=142012"}],"version-history":[{"count":0,"href":"https:\/\/www.pensarcursos.com.br\/blog\/wp-json\/wp\/v2\/posts\/142012\/revisions"}],"wp:featuredmedia":[{"embeddable":true,"href":"https:\/\/www.pensarcursos.com.br\/blog\/wp-json\/wp\/v2\/media\/142018"}],"wp:attachment":[{"href":"https:\/\/www.pensarcursos.com.br\/blog\/wp-json\/wp\/v2\/media?parent=142012"}],"wp:term":[{"taxonomy":"category","embeddable":true,"href":"https:\/\/www.pensarcursos.com.br\/blog\/wp-json\/wp\/v2\/categories?post=142012"},{"taxonomy":"post_tag","embeddable":true,"href":"https:\/\/www.pensarcursos.com.br\/blog\/wp-json\/wp\/v2\/tags?post=142012"}],"curies":[{"name":"wp","href":"https:\/\/api.w.org\/{rel}","templated":true}]}}