{"id":141974,"date":"2026-01-26T19:29:41","date_gmt":"2026-01-26T22:29:41","guid":{"rendered":"https:\/\/www.pensarcursos.com.br\/blog\/?p=141974"},"modified":"2026-01-26T17:05:56","modified_gmt":"2026-01-26T20:05:56","slug":"saiu-edital-novo-concurso-oferece-200-vagas-para-diversas-profissoes-e-salarios-de-ate-r-72-mil","status":"publish","type":"post","link":"https:\/\/www.pensarcursos.com.br\/blog\/saiu-edital-novo-concurso-oferece-200-vagas-para-diversas-profissoes-e-salarios-de-ate-r-72-mil\/","title":{"rendered":"SAIU EDITAL! Novo concurso oferece mas de 200 vagas para diversas profiss\u00f5es e sal\u00e1rios de at\u00e9 R$ 7,2 mil"},"content":{"rendered":"<p>Foi publicado o <a href=\"https:\/\/www.pensarcursos.com.br\/blog\/wp-content\/uploads\/2026\/01\/edital-Conselheiro-Pena-MG.pdf\">edital<\/a> para um novo concurso p\u00fablico voltado para quem busca oportunidades em v\u00e1rias \u00e1reas e diferentes n\u00edveis de escolaridade.<\/p>\n<p><strong>No total, s\u00e3o 242 vagas ofertadas, com sal\u00e1rios iniciais que podem chegar a R$ 7.210,35<\/strong>. Com inscri\u00e7\u00f5es abertas entre 4 de maio e 8 de junho, o certame realizado pela Prefeitura Municipal \u00e9 organizado pela banca IMESO. As provas objetivas est\u00e3o marcadas para os dias 11 e 12 de julho de 2026.<\/p>\n<p>O concurso contempla cargos para quem possui n\u00edveis fundamental incompleto, fundamental completo, m\u00e9dio e superior. A seguir, confira mais detalhes!<\/p>\n<h2>Como funciona o concurso p\u00fablico<\/h2>\n<p>O concurso foi estruturado para preencher<strong> 242 vagas imediatas no quadro de servidores da Prefeitura<\/strong>. As provas objetivas s\u00e3o obrigat\u00f3rias para todos os cargos, e etapas adicionais ser\u00e3o aplicadas de acordo com o cargo escolhido, como t\u00edtulos para professores e provas pr\u00e1ticas para fun\u00e7\u00f5es operacionais.<\/p>\n<h3>Distribui\u00e7\u00e3o das vagas por n\u00edvel de escolaridade<\/h3>\n<p>A seguir, veja como as vagas est\u00e3o distribu\u00eddas, de acordo com a escolaridade exigida para cada cargo.<\/p>\n<h4>N\u00edvel fundamental incompleto<\/h4>\n<ul>\n<li>Agente de Servi\u00e7os Urbanos: 70 vagas | R$ 1.590,27<\/li>\n<li>Pedreiro: 2 vagas | R$ 2.193,47<\/li>\n<li>Soldador: 2 vagas | R$ 2.606,45<\/li>\n<\/ul>\n<h4>N\u00edvel fundamental completo<\/h4>\n<ul>\n<li>Auxiliar de Servi\u00e7os Gerais: 35 vagas | R$ 1.974,12<\/li>\n<li>Operador de M\u00e1quinas: 3 vagas | R$ 2.606,45<\/li>\n<\/ul>\n<h4>N\u00edvel m\u00e9dio<\/h4>\n<ul>\n<li>Agente Administrativo: 20 vagas | R$ 2.193,47<\/li>\n<li>Eletricista: 1 vaga | R$ 2.193,47<\/li>\n<li>Fiscal Ambiental: 1 vaga | R$ 2.606,45<\/li>\n<li>Fiscal de Obras e Posturas: 1 vaga | R$ 2.606,45<\/li>\n<li>Fiscal Sanit\u00e1rio: 1 vaga | R$ 2.606,45<\/li>\n<li>Fiscal Tribut\u00e1rio: 1 vaga | R$ 2.606,45<\/li>\n<li>Mec\u00e2nico de Manuten\u00e7\u00e3o: 1 vaga | R$ 2.606,45<\/li>\n<li>Motorista: 15 vagas | R$ 2.193,47<\/li>\n<li>T\u00e9cnico de Enfermagem: 1 vaga | R$ 3.646,63<\/li>\n<\/ul>\n<h4>N\u00edvel superior<\/h4>\n<ul>\n<li>Advogado: 1 vaga | R$ 4.972,87<\/li>\n<li>Analista Cont\u00e1bil: 2 vagas | R$ 2.855,89<\/li>\n<li>Arquiteto: 1 vaga | R$ 6.630,50<\/li>\n<li>Assistente Social: 2 vagas | R$ 4.972,87<\/li>\n<li>Contador: 1 vaga | R$ 6.630,50<\/li>\n<li>Enfermeiro: 3 vagas | R$ 6.630,50<\/li>\n<li>Engenheiro Civil: 1 vaga | R$ 6.630,50<\/li>\n<li>Farmac\u00eautico: 1 vaga | R$ 6.630,50<\/li>\n<li>Fonoaudi\u00f3logo: 1 vaga | R$ 4.972,87<\/li>\n<li>Nutricionista II: 1 vaga | R$ 4.972,87<\/li>\n<li>T\u00e9cnico de Processamento de Dados: 1 vaga | R$ 3.646,63<\/li>\n<li>Terapeuta Ocupacional: 1 vaga | R$ 4.972,87<\/li>\n<li>Veterin\u00e1rio: 1 vaga | R$ 4.972,87<\/li>\n<li>Professor da Educa\u00e7\u00e3o B\u00e1sica: 70 vagas | R$ 3.764,69<\/li>\n<li>Supervisor Escolar: 1 vaga | R$ 7.210,35<\/li>\n<\/ul>\n<h2>Como se inscrever e etapas do processo seletivo<\/h2>\n<h3>Inscri\u00e7\u00f5es e taxas<\/h3>\n<p>As inscri\u00e7\u00f5es para o<strong> concurso da Prefeitura Municipal de Conselheiro Pena, em Minas Gerais (MG)<\/strong>, devem ser feitas online, no site da organizadora <a href=\"https:\/\/portal.imeso.com.br\/edital\/ver\/124?utm_source=google&amp;utm_medium=cpc&amp;utm_campaign=ec-fis-vd-gsh-sefazpa\" target=\"_blank\" rel=\"noopener\">IMESO<\/a>, entre <strong>4 de maio e 8 de junho de 2026<\/strong>.<\/p>\n<p>Os candidatos devem pagar a taxa referente ao seu n\u00edvel de escolaridade at\u00e9 o dia 9 de junho. Haver\u00e1 um per\u00edodo para solicitar isen\u00e7\u00e3o de taxa entre 5 e 7 de maio, conforme regras presentes no edital.<\/p>\n<h3>Provas e etapas do concurso<\/h3>\n<p><strong>Todos os inscritos participar\u00e3o de uma prova objetiva, marcada para 11 e 12 de julho<\/strong>. Para cargos de n\u00edvel superior na \u00e1rea da educa\u00e7\u00e3o, tamb\u00e9m haver\u00e1 avalia\u00e7\u00e3o de t\u00edtulos.<\/p>\n<p>J\u00e1 para as fun\u00e7\u00f5es de Agente Administrativo, Eletricista, Mec\u00e2nico de Manuten\u00e7\u00e3o, Operador de M\u00e1quinas, Pedreiro e Soldador, ser\u00e1 aplicada prova pr\u00e1tica.<\/p>\n<h2>Cronograma resumido do concurso<\/h2>\n<ul>\n<li>Inscri\u00e7\u00f5es: 04 de maio a 08 de junho<\/li>\n<li>Isen\u00e7\u00e3o de taxa: 05 a 07 de maio<\/li>\n<li>Pagamento: at\u00e9 09 de junho<\/li>\n<li>Provas: 11 e 12 de julho<\/li>\n<\/ul>\n<figure id=\"attachment_141978\" aria-describedby=\"caption-attachment-141978\" style=\"width: 1200px\" class=\"wp-caption alignnone\"><img decoding=\"async\" class=\"wp-image-141978 size-full\" src=\"https:\/\/www.pensarcursos.com.br\/blog\/wp-content\/uploads\/2026\/01\/Inscricoes-Concurso-da-Prefeitura-Conselheiro-Pena.webp\" alt=\"Pessoa de camisa laranja escrevendo com caneta vermelha em caderno com texto Concursos P\u00fablicos.\" width=\"1200\" height=\"800\" srcset=\"https:\/\/www.pensarcursos.com.br\/blog\/wp-content\/uploads\/2026\/01\/Inscricoes-Concurso-da-Prefeitura-Conselheiro-Pena.webp 1200w, https:\/\/www.pensarcursos.com.br\/blog\/wp-content\/uploads\/2026\/01\/Inscricoes-Concurso-da-Prefeitura-Conselheiro-Pena-300x200.webp 300w, https:\/\/www.pensarcursos.com.br\/blog\/wp-content\/uploads\/2026\/01\/Inscricoes-Concurso-da-Prefeitura-Conselheiro-Pena-1024x683.webp 1024w, https:\/\/www.pensarcursos.com.br\/blog\/wp-content\/uploads\/2026\/01\/Inscricoes-Concurso-da-Prefeitura-Conselheiro-Pena-768x512.webp 768w, https:\/\/www.pensarcursos.com.br\/blog\/wp-content\/uploads\/2026\/01\/Inscricoes-Concurso-da-Prefeitura-Conselheiro-Pena-750x500.webp 750w, https:\/\/www.pensarcursos.com.br\/blog\/wp-content\/uploads\/2026\/01\/Inscricoes-Concurso-da-Prefeitura-Conselheiro-Pena-1140x760.webp 1140w\" sizes=\"(max-width: 1200px) 100vw, 1200px\" \/><figcaption id=\"caption-attachment-141978\" class=\"wp-caption-text\">Candidatos devem seguir o passo a passo do edital para garantir participa\u00e7\u00e3o no certame. Imagem: Pensar Cursos<\/figcaption><\/figure>\n<h2>Informa\u00e7\u00f5es relevantes e orienta\u00e7\u00f5es para candidatos<\/h2>\n<p>Ao longo das etapas, \u00e9 importante acompanhar poss\u00edveis retifica\u00e7\u00f5es publicadas no portal da prefeitura, especialmente para informa\u00e7\u00f5es sobre taxa de inscri\u00e7\u00e3o e detalhes das provas. O edital tamb\u00e9m prev\u00ea crit\u00e9rios de desempate, validade do certame e procedimentos para nomea\u00e7\u00e3o dos aprovados.<\/p>\n<p>Assim, candidatos de todas as regi\u00f5es interessados nas vagas do<strong> concurso de Conselheiro Pena, Minas Gerais<\/strong>, devem ficar atentos \u00e0s exig\u00eancias do edital para n\u00e3o perder etapas ou prazos importantes durante o processo.<\/p>\n<p>Se este certame n\u00e3o se enquadra em seus objetivos profissionais, confira mais oportunidades na p\u00e1gina inicial do <a href=\"https:\/\/www.pensarcursos.com.br\/blog\/\" target=\"_blank\" rel=\"noopener\"><strong>Blog Pensar Cursos<\/strong><\/a>.<\/p>\n<div class=\"jeg_video_container jeg_video_content\"><iframe title=\"Como come\u00e7ar a estudar pra concurso de n\u00edvel m\u00e9dio em 2026? Guia completo do zero\" width=\"500\" height=\"281\" src=\"https:\/\/www.youtube.com\/embed\/f5E3hwXslF0?feature=oembed\" frameborder=\"0\" allow=\"accelerometer; autoplay; clipboard-write; encrypted-media; gyroscope; picture-in-picture; web-share\" referrerpolicy=\"strict-origin-when-cross-origin\" allowfullscreen><\/iframe><\/div>\n","protected":false},"excerpt":{"rendered":"<p>Foi publicado o edital para um novo concurso p\u00fablico voltado para quem busca oportunidades em v\u00e1rias \u00e1reas e diferentes n\u00edveis de escolaridade. No total, s\u00e3o 242 vagas ofertadas, com sal\u00e1rios iniciais que podem chegar a R$ 7.210,35. Com inscri\u00e7\u00f5es abertas entre 4 de maio e 8 de junho, o certame realizado pela Prefeitura Municipal \u00e9 [&hellip;]<\/p>\n","protected":false},"author":41,"featured_media":141979,"comment_status":"open","ping_status":"closed","sticky":false,"template":"","format":"standard","meta":{"jnews-multi-image_gallery":[],"jnews_single_post":{"format":"standard","override":[{"template":"1","parallax":"1","fullscreen":"1","layout":"right-sidebar","sidebar":"default-sidebar","second_sidebar":"default-sidebar","sticky_sidebar":"1","share_position":"topbottom","share_float_style":"share-monocrhome","show_featured":"1","show_post_meta":"1","show_post_author":"1","show_post_author_image":"1","show_post_date":"1","post_date_format":"default","post_date_format_custom":"Y\/m\/d","show_post_category":"1","post_reading_time_wpm":"300","post_calculate_word_method":"str_word_count","show_zoom_button":"0","zoom_button_out_step":"2","zoom_button_in_step":"3","show_post_tag":"1","show_prev_next_post":"1","show_popup_post":"1","show_comment_section":"1","number_popup_post":"2","show_author_box":"1","show_post_related":"1","show_inline_post_related":"1"}],"image_override":[{"single_post_thumbnail_size":"crop-500","single_post_gallery_size":"crop-500"}],"trending_post_position":"meta","trending_post_label":"Trending","sponsored_post_label":"Sponsored by","disable_ad":"0","subtitle":"Confira os sal\u00e1rios e cargos dispon\u00edveis na sele\u00e7\u00e3o"},"jnews_primary_category":[],"jnews_social_meta":[],"jnews_override_counter":{"view_counter_number":"0","share_counter_number":"0","like_counter_number":"0","dislike_counter_number":"0"},"footnotes":""},"categories":[29],"tags":[37747,37748,32822],"class_list":["post-141974","post","type-post","status-publish","format-standard","has-post-thumbnail","hentry","category-concursos","tag-concurso-conselheiro-pena","tag-edital-conselho-pena-mg-2026","tag-vagas-prefeitura-mg"],"yoast_head":"<!-- This site is optimized with the Yoast SEO Premium plugin v27.4 (Yoast SEO v27.4) - https:\/\/yoast.com\/product\/yoast-seo-premium-wordpress\/ -->\n<title>SAIU EDITAL! Novo concurso oferece mas de 200 vagas para diversas profiss\u00f5es e sal\u00e1rios de at\u00e9 R$ 7,2 mil - Blog Pensar Cursos<\/title>\n<meta name=\"description\" content=\"Edital aberto para concurso em Conselheiro Pena\/MG: 242 vagas para v\u00e1rios cargos, sal\u00e1rios at\u00e9 R$ 7.210,35. Saiba como se inscrever, datas e etapas do processo seletivo\" \/>\n<meta name=\"robots\" content=\"index, follow, max-snippet:-1, max-image-preview:large, max-video-preview:-1\" \/>\n<link rel=\"canonical\" href=\"https:\/\/www.pensarcursos.com.br\/blog\/saiu-edital-novo-concurso-oferece-200-vagas-para-diversas-profissoes-e-salarios-de-ate-r-72-mil\/\" \/>\n<meta property=\"og:locale\" content=\"pt_BR\" \/>\n<meta property=\"og:type\" content=\"article\" \/>\n<meta property=\"og:title\" content=\"SAIU EDITAL! Novo concurso oferece mas de 200 vagas para diversas profiss\u00f5es e sal\u00e1rios de at\u00e9 R$ 7,2 mil\" \/>\n<meta property=\"og:description\" content=\"Edital aberto para concurso em Conselheiro Pena\/MG: 242 vagas para v\u00e1rios cargos, sal\u00e1rios at\u00e9 R$ 7.210,35. Saiba como se inscrever, datas e etapas do processo seletivo\" \/>\n<meta property=\"og:url\" content=\"https:\/\/www.pensarcursos.com.br\/blog\/saiu-edital-novo-concurso-oferece-200-vagas-para-diversas-profissoes-e-salarios-de-ate-r-72-mil\/\" \/>\n<meta property=\"og:site_name\" content=\"Blog Pensar Cursos\" \/>\n<meta property=\"article:publisher\" content=\"https:\/\/www.facebook.com\/pensarcursos\/\" \/>\n<meta property=\"article:published_time\" content=\"2026-01-26T22:29:41+00:00\" \/>\n<meta property=\"og:image\" content=\"https:\/\/www.pensarcursos.com.br\/blog\/wp-content\/uploads\/2026\/01\/Concurso-da-Prefeitura-Conselheiro-Pena.webp\" \/>\n\t<meta property=\"og:image:width\" content=\"1200\" \/>\n\t<meta property=\"og:image:height\" content=\"800\" \/>\n\t<meta property=\"og:image:type\" content=\"image\/webp\" \/>\n<meta name=\"author\" content=\"F\u00e1tima Azevedo\" \/>\n<meta name=\"twitter:card\" content=\"summary_large_image\" \/>\n<meta name=\"twitter:label1\" content=\"Escrito por\" \/>\n\t<meta name=\"twitter:data1\" content=\"F\u00e1tima Azevedo\" \/>\n\t<meta name=\"twitter:label2\" content=\"Est. tempo de leitura\" \/>\n\t<meta name=\"twitter:data2\" content=\"5 minutos\" \/>\n<!-- \/ Yoast SEO Premium plugin. -->","yoast_head_json":{"title":"SAIU EDITAL! Novo concurso oferece mas de 200 vagas para diversas profiss\u00f5es e sal\u00e1rios de at\u00e9 R$ 7,2 mil - Blog Pensar Cursos","description":"Edital aberto para concurso em Conselheiro Pena\/MG: 242 vagas para v\u00e1rios cargos, sal\u00e1rios at\u00e9 R$ 7.210,35. Saiba como se inscrever, datas e etapas do processo seletivo","robots":{"index":"index","follow":"follow","max-snippet":"max-snippet:-1","max-image-preview":"max-image-preview:large","max-video-preview":"max-video-preview:-1"},"canonical":"https:\/\/www.pensarcursos.com.br\/blog\/saiu-edital-novo-concurso-oferece-200-vagas-para-diversas-profissoes-e-salarios-de-ate-r-72-mil\/","og_locale":"pt_BR","og_type":"article","og_title":"SAIU EDITAL! Novo concurso oferece mas de 200 vagas para diversas profiss\u00f5es e sal\u00e1rios de at\u00e9 R$ 7,2 mil","og_description":"Edital aberto para concurso em Conselheiro Pena\/MG: 242 vagas para v\u00e1rios cargos, sal\u00e1rios at\u00e9 R$ 7.210,35. Saiba como se inscrever, datas e etapas do processo seletivo","og_url":"https:\/\/www.pensarcursos.com.br\/blog\/saiu-edital-novo-concurso-oferece-200-vagas-para-diversas-profissoes-e-salarios-de-ate-r-72-mil\/","og_site_name":"Blog Pensar Cursos","article_publisher":"https:\/\/www.facebook.com\/pensarcursos\/","article_published_time":"2026-01-26T22:29:41+00:00","og_image":[{"width":1200,"height":800,"url":"https:\/\/www.pensarcursos.com.br\/blog\/wp-content\/uploads\/2026\/01\/Concurso-da-Prefeitura-Conselheiro-Pena.webp","type":"image\/webp"}],"author":"F\u00e1tima Azevedo","twitter_card":"summary_large_image","twitter_misc":{"Escrito por":"F\u00e1tima Azevedo","Est. tempo de leitura":"5 minutos"},"schema":{"@context":"https:\/\/schema.org","@graph":[{"@type":["Article","BlogPosting"],"@id":"https:\/\/www.pensarcursos.com.br\/blog\/saiu-edital-novo-concurso-oferece-200-vagas-para-diversas-profissoes-e-salarios-de-ate-r-72-mil\/#article","isPartOf":{"@id":"https:\/\/www.pensarcursos.com.br\/blog\/saiu-edital-novo-concurso-oferece-200-vagas-para-diversas-profissoes-e-salarios-de-ate-r-72-mil\/"},"author":{"name":"F\u00e1tima Azevedo","@id":"https:\/\/www.pensarcursos.com.br\/blog\/#\/schema\/person\/827343e4611913410dcf62144b5b2a2d"},"headline":"SAIU EDITAL! Novo concurso oferece mas de 200 vagas para diversas profiss\u00f5es e sal\u00e1rios de at\u00e9 R$ 7,2 mil","datePublished":"2026-01-26T22:29:41+00:00","mainEntityOfPage":{"@id":"https:\/\/www.pensarcursos.com.br\/blog\/saiu-edital-novo-concurso-oferece-200-vagas-para-diversas-profissoes-e-salarios-de-ate-r-72-mil\/"},"wordCount":668,"commentCount":0,"publisher":{"@id":"https:\/\/www.pensarcursos.com.br\/blog\/#organization"},"image":{"@id":"https:\/\/www.pensarcursos.com.br\/blog\/saiu-edital-novo-concurso-oferece-200-vagas-para-diversas-profissoes-e-salarios-de-ate-r-72-mil\/#primaryimage"},"thumbnailUrl":"https:\/\/www.pensarcursos.com.br\/blog\/wp-content\/uploads\/2026\/01\/Concurso-da-Prefeitura-Conselheiro-Pena.webp","keywords":["concurso conselheiro pena","edital conselho pena mg 2026","vagas prefeitura mg"],"articleSection":["Concursos P\u00fablicos"],"inLanguage":"pt-BR","potentialAction":[{"@type":"CommentAction","name":"Comment","target":["https:\/\/www.pensarcursos.com.br\/blog\/saiu-edital-novo-concurso-oferece-200-vagas-para-diversas-profissoes-e-salarios-de-ate-r-72-mil\/#respond"]}],"copyrightYear":"2026","copyrightHolder":{"@id":"https:\/\/www.pensarcursos.com.br\/blog\/#organization"}},{"@type":"WebPage","@id":"https:\/\/www.pensarcursos.com.br\/blog\/saiu-edital-novo-concurso-oferece-200-vagas-para-diversas-profissoes-e-salarios-de-ate-r-72-mil\/","url":"https:\/\/www.pensarcursos.com.br\/blog\/saiu-edital-novo-concurso-oferece-200-vagas-para-diversas-profissoes-e-salarios-de-ate-r-72-mil\/","name":"SAIU EDITAL! Novo concurso oferece mas de 200 vagas para diversas profiss\u00f5es e sal\u00e1rios de at\u00e9 R$ 7,2 mil - Blog Pensar Cursos","isPartOf":{"@id":"https:\/\/www.pensarcursos.com.br\/blog\/#website"},"primaryImageOfPage":{"@id":"https:\/\/www.pensarcursos.com.br\/blog\/saiu-edital-novo-concurso-oferece-200-vagas-para-diversas-profissoes-e-salarios-de-ate-r-72-mil\/#primaryimage"},"image":{"@id":"https:\/\/www.pensarcursos.com.br\/blog\/saiu-edital-novo-concurso-oferece-200-vagas-para-diversas-profissoes-e-salarios-de-ate-r-72-mil\/#primaryimage"},"thumbnailUrl":"https:\/\/www.pensarcursos.com.br\/blog\/wp-content\/uploads\/2026\/01\/Concurso-da-Prefeitura-Conselheiro-Pena.webp","datePublished":"2026-01-26T22:29:41+00:00","description":"Edital aberto para concurso em Conselheiro Pena\/MG: 242 vagas para v\u00e1rios cargos, sal\u00e1rios at\u00e9 R$ 7.210,35. Saiba como se inscrever, datas e etapas do processo seletivo","breadcrumb":{"@id":"https:\/\/www.pensarcursos.com.br\/blog\/saiu-edital-novo-concurso-oferece-200-vagas-para-diversas-profissoes-e-salarios-de-ate-r-72-mil\/#breadcrumb"},"inLanguage":"pt-BR","potentialAction":[{"@type":"ReadAction","target":["https:\/\/www.pensarcursos.com.br\/blog\/saiu-edital-novo-concurso-oferece-200-vagas-para-diversas-profissoes-e-salarios-de-ate-r-72-mil\/"]}]},{"@type":"ImageObject","inLanguage":"pt-BR","@id":"https:\/\/www.pensarcursos.com.br\/blog\/saiu-edital-novo-concurso-oferece-200-vagas-para-diversas-profissoes-e-salarios-de-ate-r-72-mil\/#primaryimage","url":"https:\/\/www.pensarcursos.com.br\/blog\/wp-content\/uploads\/2026\/01\/Concurso-da-Prefeitura-Conselheiro-Pena.webp","contentUrl":"https:\/\/www.pensarcursos.com.br\/blog\/wp-content\/uploads\/2026\/01\/Concurso-da-Prefeitura-Conselheiro-Pena.webp","width":1200,"height":800,"caption":"Edital publicado oferece oportunidades para n\u00edveis fundamental, m\u00e9dio e superior. Imagem: Pensar Cursos"},{"@type":"BreadcrumbList","@id":"https:\/\/www.pensarcursos.com.br\/blog\/saiu-edital-novo-concurso-oferece-200-vagas-para-diversas-profissoes-e-salarios-de-ate-r-72-mil\/#breadcrumb","itemListElement":[{"@type":"ListItem","position":1,"name":"Home","item":"https:\/\/www.pensarcursos.com.br\/blog\/"},{"@type":"ListItem","position":2,"name":"SAIU EDITAL! Novo concurso oferece mas de 200 vagas para diversas profiss\u00f5es e sal\u00e1rios de at\u00e9 R$ 7,2 mil"}]},{"@type":"WebSite","@id":"https:\/\/www.pensarcursos.com.br\/blog\/#website","url":"https:\/\/www.pensarcursos.com.br\/blog\/","name":"Blog Pensar Cursos","description":"Maior Site de Cursos do Brasil","publisher":{"@id":"https:\/\/www.pensarcursos.com.br\/blog\/#organization"},"alternateName":"Blog Pensar","potentialAction":[{"@type":"SearchAction","target":{"@type":"EntryPoint","urlTemplate":"https:\/\/www.pensarcursos.com.br\/blog\/?s={search_term_string}"},"query-input":{"@type":"PropertyValueSpecification","valueRequired":true,"valueName":"search_term_string"}}],"inLanguage":"pt-BR"},{"@type":"Organization","@id":"https:\/\/www.pensarcursos.com.br\/blog\/#organization","name":"Pensar Cursos","alternateName":"Blog pensar","url":"https:\/\/www.pensarcursos.com.br\/blog\/","logo":{"@type":"ImageObject","inLanguage":"pt-BR","@id":"https:\/\/www.pensarcursos.com.br\/blog\/#\/schema\/logo\/image\/","url":"https:\/\/www.pensarcursos.com.br\/blog\/wp-content\/uploads\/2023\/11\/Nova-Logo-Pensar-Cursos-vertical.png","contentUrl":"https:\/\/www.pensarcursos.com.br\/blog\/wp-content\/uploads\/2023\/11\/Nova-Logo-Pensar-Cursos-vertical.png","width":1393,"height":1001,"caption":"Pensar Cursos"},"image":{"@id":"https:\/\/www.pensarcursos.com.br\/blog\/#\/schema\/logo\/image\/"},"sameAs":["https:\/\/www.facebook.com\/pensarcursos\/","https:\/\/instagram.com.br\/pensarcursos"],"description":"Pensar Cursos \u00e9 uma empresa especializada em oferecer cursos de alta qualidade voltados para o desenvolvimento profissional e acad\u00eamico. Com uma ampla gama de op\u00e7\u00f5es de treinamento, oferecemos conte\u00fados atualizados, ministrados por especialistas da \u00e1rea, para capacitar indiv\u00edduos e equipes a atingirem seus objetivos. Nossa miss\u00e3o \u00e9 proporcionar uma educa\u00e7\u00e3o transformadora, acess\u00edvel e personalizada para cada aluno, seja em cursos presenciais ou online. Com uma abordagem inovadora, buscamos adaptar os nossos programas de ensino \u00e0s necessidades do mercado, criando solu\u00e7\u00f5es que atendem aos desafios e exig\u00eancias do mundo corporativo e acad\u00eamico. Nossos cursos incluem desde forma\u00e7\u00f5es t\u00e9cnicas at\u00e9 habilidades essenciais, como lideran\u00e7a, gest\u00e3o e desenvolvimento pessoal.","email":"contato@pensarcursos.com.br","legalName":"Sena Servi\u00e7os de Informa\u00e7\u00e3o Online LTDA","foundingDate":"2013-04-18","vatID":"17956217000172","numberOfEmployees":{"@type":"QuantitativeValue","minValue":"11","maxValue":"50"},"publishingPrinciples":"https:\/\/www.pensarcursos.com.br\/blog\/principios-de-publicacao\/","ownershipFundingInfo":"https:\/\/www.pensarcursos.com.br\/blog\/informacoes-de-propriedade-financiamento\/","actionableFeedbackPolicy":"https:\/\/www.pensarcursos.com.br\/blog\/politica-de-feedback-acionavel\/","correctionsPolicy":"https:\/\/www.pensarcursos.com.br\/blog\/politica-de-correcoes\/","ethicsPolicy":"https:\/\/www.pensarcursos.com.br\/blog\/politica-de-etica\/"},{"@type":"Person","@id":"https:\/\/www.pensarcursos.com.br\/blog\/#\/schema\/person\/827343e4611913410dcf62144b5b2a2d","name":"F\u00e1tima Azevedo","image":{"@type":"ImageObject","inLanguage":"pt-BR","@id":"https:\/\/secure.gravatar.com\/avatar\/ea820c84e212573cc3f119ba576278fe7ad07b69ed7ca0c33223662227bb77ca?s=96&d=mm&r=g","url":"https:\/\/secure.gravatar.com\/avatar\/ea820c84e212573cc3f119ba576278fe7ad07b69ed7ca0c33223662227bb77ca?s=96&d=mm&r=g","contentUrl":"https:\/\/secure.gravatar.com\/avatar\/ea820c84e212573cc3f119ba576278fe7ad07b69ed7ca0c33223662227bb77ca?s=96&d=mm&r=g","caption":"F\u00e1tima Azevedo"},"description":"Graduada em Ci\u00eancias Biol\u00f3gicas. Professora. Redatora grupo Sena Online.","sameAs":["https:\/\/www.linkedin.com\/in\/maria-de-f\u00e1tima-oliveira-da-costa-74a1692a7"],"url":"https:\/\/www.pensarcursos.com.br\/blog\/author\/fatima\/"}]}},"_links":{"self":[{"href":"https:\/\/www.pensarcursos.com.br\/blog\/wp-json\/wp\/v2\/posts\/141974","targetHints":{"allow":["GET"]}}],"collection":[{"href":"https:\/\/www.pensarcursos.com.br\/blog\/wp-json\/wp\/v2\/posts"}],"about":[{"href":"https:\/\/www.pensarcursos.com.br\/blog\/wp-json\/wp\/v2\/types\/post"}],"author":[{"embeddable":true,"href":"https:\/\/www.pensarcursos.com.br\/blog\/wp-json\/wp\/v2\/users\/41"}],"replies":[{"embeddable":true,"href":"https:\/\/www.pensarcursos.com.br\/blog\/wp-json\/wp\/v2\/comments?post=141974"}],"version-history":[{"count":0,"href":"https:\/\/www.pensarcursos.com.br\/blog\/wp-json\/wp\/v2\/posts\/141974\/revisions"}],"wp:featuredmedia":[{"embeddable":true,"href":"https:\/\/www.pensarcursos.com.br\/blog\/wp-json\/wp\/v2\/media\/141979"}],"wp:attachment":[{"href":"https:\/\/www.pensarcursos.com.br\/blog\/wp-json\/wp\/v2\/media?parent=141974"}],"wp:term":[{"taxonomy":"category","embeddable":true,"href":"https:\/\/www.pensarcursos.com.br\/blog\/wp-json\/wp\/v2\/categories?post=141974"},{"taxonomy":"post_tag","embeddable":true,"href":"https:\/\/www.pensarcursos.com.br\/blog\/wp-json\/wp\/v2\/tags?post=141974"}],"curies":[{"name":"wp","href":"https:\/\/api.w.org\/{rel}","templated":true}]}}