{"id":141955,"date":"2026-01-26T20:39:10","date_gmt":"2026-01-26T23:39:10","guid":{"rendered":"https:\/\/www.pensarcursos.com.br\/blog\/?p=141955"},"modified":"2026-01-27T16:01:35","modified_gmt":"2026-01-27T19:01:35","slug":"saiu-a-lista-governo-divulga-os-10-criterios-para-liberar-pagamentos-do-pe-de-meia-em-2026","status":"publish","type":"post","link":"https:\/\/www.pensarcursos.com.br\/blog\/saiu-a-lista-governo-divulga-os-10-criterios-para-liberar-pagamentos-do-pe-de-meia-em-2026\/","title":{"rendered":"Saiu a lista! Governo divulga os 10 crit\u00e9rios para liberar pagamentos do P\u00e9-de-Meia em 2026"},"content":{"rendered":"<p>O <strong><a href=\"https:\/\/www.pensarcursos.com.br\/blog\/pe-de-meia-2026-tire-suas-duvidas-sobre-prazos-valores-e-depositos\/\" target=\"_blank\" rel=\"noopener\">P\u00e9-de-Meia<\/a><\/strong> \u00e9 um programa de incentivo financeiro-educacional criado para apoiar estudantes de escolas p\u00fablicas a permanecerem no ensino m\u00e9dio.<\/p>\n<p>Se voc\u00ea tem d\u00favidas sobre os crit\u00e9rios dos pagamentos do P\u00e9-de-Meia em 2026, este conte\u00fado mostra, de forma clara e simples, quem pode receber, quanto \u00e9 pago e como tudo funciona.<\/p>\n<p>O objetivo \u00e9 reduzir a desigualdade entre os jovens por meio da educa\u00e7\u00e3o, trazendo inclus\u00e3o social e mais oportunidades para todos.<\/p>\n<p>O incentivo tem o objetivo de ajudar na perman\u00eancia e na conclus\u00e3o dos estudos, com pagamentos mensais e anuais que, somados, podem chegar a <strong>R$ 9.200 durante o ensino m\u00e9dio<\/strong>. A seguir, confira todos os detalhes, fique informado e compartilhe com quem precisa dessas informa\u00e7\u00f5es.<\/p>\n<h2>Como funciona o valor do P\u00e9-de-Meia em 2026<\/h2>\n<p>O valor anual m\u00e1ximo que um estudante pode receber em 2026 pelo <strong><a href=\"https:\/\/www.pensarcursos.com.br\/blog\/pe-de-meia-o-que-voce-precisa-saber-antes-de-investir-no-tesouro-selic\/\" target=\"_blank\" rel=\"noopener\">P\u00e9-de-Meia<\/a> <\/strong>\u00e9 de R$ 3.200.<\/p>\n<p>O programa prev\u00ea pagamentos de acordo com algumas etapas cumpridas pelo aluno:<\/p>\n<ul>\n<li><strong>R$ 1.800<\/strong> para frequ\u00eancia escolar durante o ano;<\/li>\n<li><strong>R$ 1.000<\/strong>\u00a0pela conclus\u00e3o do ano letivo (pagamento \u00fanico ao fim de cada ano);<\/li>\n<li><strong>R$ 200<\/strong>\u00a0pela matr\u00edcula confirmada no in\u00edcio do ano;<\/li>\n<li><strong>R$ 200<\/strong>\u00a0pela participa\u00e7\u00e3o nos dois dias de prova do Enem (v\u00e1lido para o 3\u00ba ano);<\/li>\n<\/ul>\n<p>A soma desses incentivos pode chegar at\u00e9 R$ 3.200 por ano.<\/p>\n<h2>Os 10 crit\u00e9rios dos pagamentos do P\u00e9-de-Meia em 2026<\/h2>\n<p>Para receber os valores do P\u00e9-de-Meia em 2026, \u00e9 necess\u00e1rio atender aos dez crit\u00e9rios definidos pelo governo.<\/p>\n<p>Veja a lista completa:<\/p>\n<ol>\n<li>Ser estudante do ensino m\u00e9dio das redes p\u00fablicas, com idade entre 14 e 24 anos, ou da Educa\u00e7\u00e3o de Jovens e Adultos (EJA), entre 19 e 24 anos.<\/li>\n<li>Pertencer a fam\u00edlia inscrita no Cad\u00danico, com renda per capita de at\u00e9 meio sal\u00e1rio m\u00ednimo.<\/li>\n<li>Ter CPF regularizado (Cadastro de Pessoa F\u00edsica v\u00e1lido e ativo).<\/li>\n<li>Manter frequ\u00eancia escolar m\u00ednima de 80% ao m\u00eas.<\/li>\n<li>Estar matriculado em escola p\u00fablica que aderiu formalmente ao programa.<\/li>\n<li>Ser aprovado no final do ano letivo para garantir o incentivo de conclus\u00e3o anual.<\/li>\n<li>Participar dos dois dias de prova do Enem (aplic\u00e1vel ao 3\u00ba ano, para receber o Incentivo-Enem).<\/li>\n<li>Manter os dados sempre atualizados no Cad\u00danico.<\/li>\n<li>N\u00e3o ter ultrapassado a idade limite de 24 anos at\u00e9 o fim do ano letivo.<\/li>\n<li>Frequentar ensino m\u00e9dio regular ou EJA na modalidade presencial.<\/li>\n<\/ol>\n<p>Essas regras s\u00e3o oficiais e j\u00e1 valem para todo o pa\u00eds em 2026.<\/p>\n<p>O controle e valida\u00e7\u00e3o desses requisitos s\u00e3o feitos pelo Minist\u00e9rio da Educa\u00e7\u00e3o (<a href=\"https:\/\/www.gov.br\/mec\/pt-br\/assuntos\/noticias\/2026\/janeiro\/pe-de-meia-pagina-facilita-consulta-aos-pagamentos-do-programa\" target=\"_blank\" rel=\"noopener\">MEC<\/a>) a partir das informa\u00e7\u00f5es enviadas pelas escolas p\u00fablicas e pelos dados do Cad\u00danico.<\/p>\n<figure id=\"attachment_141958\" aria-describedby=\"caption-attachment-141958\" style=\"width: 1200px\" class=\"wp-caption aligncenter\"><img decoding=\"async\" class=\"wp-image-141958 size-full\" src=\"https:\/\/www.pensarcursos.com.br\/blog\/wp-content\/uploads\/2026\/01\/Criterios-Pe-de-Meia.webp\" alt=\"Estudante jovem sorrindo em sala de aula com fones de ouvido no pesco\u00e7o e colegas ao fundo com logotipo P\u00e9-de-Meia.\" width=\"1200\" height=\"800\" srcset=\"https:\/\/www.pensarcursos.com.br\/blog\/wp-content\/uploads\/2026\/01\/Criterios-Pe-de-Meia.webp 1200w, https:\/\/www.pensarcursos.com.br\/blog\/wp-content\/uploads\/2026\/01\/Criterios-Pe-de-Meia-300x200.webp 300w, https:\/\/www.pensarcursos.com.br\/blog\/wp-content\/uploads\/2026\/01\/Criterios-Pe-de-Meia-1024x683.webp 1024w, https:\/\/www.pensarcursos.com.br\/blog\/wp-content\/uploads\/2026\/01\/Criterios-Pe-de-Meia-768x512.webp 768w, https:\/\/www.pensarcursos.com.br\/blog\/wp-content\/uploads\/2026\/01\/Criterios-Pe-de-Meia-750x500.webp 750w, https:\/\/www.pensarcursos.com.br\/blog\/wp-content\/uploads\/2026\/01\/Criterios-Pe-de-Meia-1140x760.webp 1140w\" sizes=\"(max-width: 1200px) 100vw, 1200px\" \/><figcaption id=\"caption-attachment-141958\" class=\"wp-caption-text\">Frequ\u00eancia escolar m\u00ednima de 80% \u00e9 uma das principais exig\u00eancias para receber o benef\u00edcio. Imagem: Pensar Cursos<\/figcaption><\/figure>\n<h2>Quem pode se inscrever e como acompanhar os pagamentos<\/h2>\n<h3>Requisitos para a inscri\u00e7\u00e3o<\/h3>\n<p>O estudante n\u00e3o precisa fazer uma inscri\u00e7\u00e3o direta para participar do P\u00e9-de-Meia. Basta estar matriculado em uma escola p\u00fablica que aderiu ao programa, ter CPF regular e pertencer a uma fam\u00edlia cadastrada no Cad\u00danico com renda per capita at\u00e9 meio sal\u00e1rio m\u00ednimo.<\/p>\n<p>Al\u00e9m disso, \u00e9 fundamental cumprir a frequ\u00eancia m\u00ednima e estar em situa\u00e7\u00e3o regular de aprova\u00e7\u00e3o ao final do ano escolar. Mantenha o cadastro atualizado no Cad\u00danico para evitar problemas no recebimento do benef\u00edcio.<\/p>\n<h3>Como acompanhar e receber o valor<\/h3>\n<p>Os pagamentos do P\u00e9-de-Meia s\u00e3o feitos pela\u00a0<a href=\"https:\/\/www.caixa.gov.br\/programas-sociais\/pe-de-meia\/Paginas\/default.aspx\" target=\"_blank\" rel=\"noopener\">Caixa Econ\u00f4mica Federal<\/a>. O estudante pode consultar as informa\u00e7\u00f5es pela p\u00e1gina oficial para estudantes, informando o CPF para saber se est\u00e1 apto a receber. A abertura da conta poupan\u00e7a \u00e9 autom\u00e1tica para quem atende a todos os crit\u00e9rios.<\/p>\n<p>O saque das parcelas mensais pode ser feito em qualquer momento, j\u00e1 o valor de conclus\u00e3o e do Enem s\u00f3 \u00e9 liberado ap\u00f3s a finaliza\u00e7\u00e3o do ensino m\u00e9dio.<\/p>\n<h3>O que fazer se n\u00e3o atender a algum crit\u00e9rio?<\/h3>\n<p>Quem n\u00e3o atende aos crit\u00e9rios dos pagamentos do P\u00e9-de-Meia em 2026 deve buscar atualizar os dados do Cad\u00danico no CRAS mais pr\u00f3ximo ou conversar diretamente com a escola sobre poss\u00edveis pend\u00eancias.<\/p>\n<p>Cada situa\u00e7\u00e3o pode ser resolvida de modo diferente, dependendo se \u00e9 relacionada a documenta\u00e7\u00e3o, frequ\u00eancia, matr\u00edcula ou dados desatualizados.<\/p>\n<p>Para conferir mais sobre o P\u00e9-de-Meia, acesse a p\u00e1gina inicial do <a href=\"https:\/\/www.pensarcursos.com.br\/blog\/\" target=\"_blank\" rel=\"noopener\"><strong>Blog Pensar Cursos<\/strong><\/a>.<\/p>\n<div class=\"jeg_video_container jeg_video_content\"><iframe title=\"R$ 9 MIL pra Estudar? Veja Como Aproveitar Esse Benef\u00edcio do Governo!\" width=\"500\" height=\"281\" src=\"https:\/\/www.youtube.com\/embed\/8BM18YSdSWE?feature=oembed\" frameborder=\"0\" allow=\"accelerometer; autoplay; clipboard-write; encrypted-media; gyroscope; picture-in-picture; web-share\" referrerpolicy=\"strict-origin-when-cross-origin\" allowfullscreen><\/iframe><\/div>\n","protected":false},"excerpt":{"rendered":"<p>O P\u00e9-de-Meia \u00e9 um programa de incentivo financeiro-educacional criado para apoiar estudantes de escolas p\u00fablicas a permanecerem no ensino m\u00e9dio. Se voc\u00ea tem d\u00favidas sobre os crit\u00e9rios dos pagamentos do P\u00e9-de-Meia em 2026, este conte\u00fado mostra, de forma clara e simples, quem pode receber, quanto \u00e9 pago e como tudo funciona. O objetivo \u00e9 reduzir [&hellip;]<\/p>\n","protected":false},"author":41,"featured_media":141959,"comment_status":"open","ping_status":"closed","sticky":false,"template":"","format":"standard","meta":{"jnews-multi-image_gallery":[],"jnews_single_post":{"subtitle":"Conhe\u00e7a os crit\u00e9rios oficiais dos pagamentos do P\u00e9-de-Meia em 2026","format":"standard","override":[{"template":"1","parallax":"1","fullscreen":"1","layout":"right-sidebar","sidebar":"default-sidebar","second_sidebar":"default-sidebar","sticky_sidebar":"1","share_position":"topbottom","share_float_style":"share-monocrhome","show_featured":"1","show_post_meta":"1","show_post_author":"1","show_post_author_image":"1","show_post_date":"1","post_date_format":"default","post_date_format_custom":"Y\/m\/d","show_post_category":"1","post_reading_time_wpm":"300","post_calculate_word_method":"str_word_count","show_zoom_button":"0","zoom_button_out_step":"2","zoom_button_in_step":"3","show_post_tag":"1","show_prev_next_post":"1","show_popup_post":"1","show_comment_section":"1","number_popup_post":"2","show_author_box":"1","show_post_related":"1","show_inline_post_related":"1"}],"image_override":[{"single_post_thumbnail_size":"crop-500","single_post_gallery_size":"crop-500"}],"trending_post_position":"meta","trending_post_label":"Trending","sponsored_post_label":"Sponsored by","disable_ad":"0"},"jnews_primary_category":[],"jnews_social_meta":[],"jnews_override_counter":{"view_counter_number":"0","share_counter_number":"0","like_counter_number":"0","dislike_counter_number":"0"},"footnotes":""},"categories":[1657,17201],"tags":[37744,37544,37745],"class_list":["post-141955","post","type-post","status-publish","format-standard","has-post-thumbnail","hentry","category-beneficios-sociais","category-pe-de-meia","tag-criterios-dos-pagamentos-do-pe-de-meia-em-2026","tag-direito-ao-pe-de-meia-2026","tag-pe-de-meia-regras-2026"],"yoast_head":"<!-- This site is optimized with the Yoast SEO Premium plugin v27.4 (Yoast SEO v27.4) - https:\/\/yoast.com\/product\/yoast-seo-premium-wordpress\/ -->\n<title>Saiu a lista! Governo divulga os 10 crit\u00e9rios para liberar pagamentos do P\u00e9-de-Meia em 2026 - Blog Pensar Cursos<\/title>\n<meta name=\"description\" content=\"Confira os 10 crit\u00e9rios dos pagamentos do P\u00e9-de-Meia em 2026: valor, requisitos e como funciona o programa de incentivo para estudantes do ensino m\u00e9dio p\u00fablico.\" \/>\n<meta name=\"robots\" content=\"index, follow, max-snippet:-1, max-image-preview:large, max-video-preview:-1\" \/>\n<link rel=\"canonical\" href=\"https:\/\/www.pensarcursos.com.br\/blog\/saiu-a-lista-governo-divulga-os-10-criterios-para-liberar-pagamentos-do-pe-de-meia-em-2026\/\" \/>\n<meta property=\"og:locale\" content=\"pt_BR\" \/>\n<meta property=\"og:type\" content=\"article\" \/>\n<meta property=\"og:title\" content=\"Saiu a lista! Governo divulga os 10 crit\u00e9rios para liberar pagamentos do P\u00e9-de-Meia em 2026\" \/>\n<meta property=\"og:description\" content=\"Confira os 10 crit\u00e9rios dos pagamentos do P\u00e9-de-Meia em 2026: valor, requisitos e como funciona o programa de incentivo para estudantes do ensino m\u00e9dio p\u00fablico.\" \/>\n<meta property=\"og:url\" content=\"https:\/\/www.pensarcursos.com.br\/blog\/saiu-a-lista-governo-divulga-os-10-criterios-para-liberar-pagamentos-do-pe-de-meia-em-2026\/\" \/>\n<meta property=\"og:site_name\" content=\"Blog Pensar Cursos\" \/>\n<meta property=\"article:publisher\" content=\"https:\/\/www.facebook.com\/pensarcursos\/\" \/>\n<meta property=\"article:published_time\" content=\"2026-01-26T23:39:10+00:00\" \/>\n<meta property=\"article:modified_time\" content=\"2026-01-27T19:01:35+00:00\" \/>\n<meta property=\"og:image\" content=\"https:\/\/www.pensarcursos.com.br\/blog\/wp-content\/uploads\/2026\/01\/Criterios-Pe-de-Meia-2026.webp\" \/>\n\t<meta property=\"og:image:width\" content=\"1200\" \/>\n\t<meta property=\"og:image:height\" content=\"800\" \/>\n\t<meta property=\"og:image:type\" content=\"image\/webp\" \/>\n<meta name=\"author\" content=\"F\u00e1tima Azevedo\" \/>\n<meta name=\"twitter:card\" content=\"summary_large_image\" \/>\n<meta name=\"twitter:label1\" content=\"Escrito por\" \/>\n\t<meta name=\"twitter:data1\" content=\"F\u00e1tima Azevedo\" \/>\n\t<meta name=\"twitter:label2\" content=\"Est. tempo de leitura\" \/>\n\t<meta name=\"twitter:data2\" content=\"5 minutos\" \/>\n<!-- \/ Yoast SEO Premium plugin. -->","yoast_head_json":{"title":"Saiu a lista! Governo divulga os 10 crit\u00e9rios para liberar pagamentos do P\u00e9-de-Meia em 2026 - Blog Pensar Cursos","description":"Confira os 10 crit\u00e9rios dos pagamentos do P\u00e9-de-Meia em 2026: valor, requisitos e como funciona o programa de incentivo para estudantes do ensino m\u00e9dio p\u00fablico.","robots":{"index":"index","follow":"follow","max-snippet":"max-snippet:-1","max-image-preview":"max-image-preview:large","max-video-preview":"max-video-preview:-1"},"canonical":"https:\/\/www.pensarcursos.com.br\/blog\/saiu-a-lista-governo-divulga-os-10-criterios-para-liberar-pagamentos-do-pe-de-meia-em-2026\/","og_locale":"pt_BR","og_type":"article","og_title":"Saiu a lista! Governo divulga os 10 crit\u00e9rios para liberar pagamentos do P\u00e9-de-Meia em 2026","og_description":"Confira os 10 crit\u00e9rios dos pagamentos do P\u00e9-de-Meia em 2026: valor, requisitos e como funciona o programa de incentivo para estudantes do ensino m\u00e9dio p\u00fablico.","og_url":"https:\/\/www.pensarcursos.com.br\/blog\/saiu-a-lista-governo-divulga-os-10-criterios-para-liberar-pagamentos-do-pe-de-meia-em-2026\/","og_site_name":"Blog Pensar Cursos","article_publisher":"https:\/\/www.facebook.com\/pensarcursos\/","article_published_time":"2026-01-26T23:39:10+00:00","article_modified_time":"2026-01-27T19:01:35+00:00","og_image":[{"width":1200,"height":800,"url":"https:\/\/www.pensarcursos.com.br\/blog\/wp-content\/uploads\/2026\/01\/Criterios-Pe-de-Meia-2026.webp","type":"image\/webp"}],"author":"F\u00e1tima Azevedo","twitter_card":"summary_large_image","twitter_misc":{"Escrito por":"F\u00e1tima Azevedo","Est. tempo de leitura":"5 minutos"},"schema":{"@context":"https:\/\/schema.org","@graph":[{"@type":["Article","BlogPosting"],"@id":"https:\/\/www.pensarcursos.com.br\/blog\/saiu-a-lista-governo-divulga-os-10-criterios-para-liberar-pagamentos-do-pe-de-meia-em-2026\/#article","isPartOf":{"@id":"https:\/\/www.pensarcursos.com.br\/blog\/saiu-a-lista-governo-divulga-os-10-criterios-para-liberar-pagamentos-do-pe-de-meia-em-2026\/"},"author":{"name":"F\u00e1tima Azevedo","@id":"https:\/\/www.pensarcursos.com.br\/blog\/#\/schema\/person\/827343e4611913410dcf62144b5b2a2d"},"headline":"Saiu a lista! Governo divulga os 10 crit\u00e9rios para liberar pagamentos do P\u00e9-de-Meia em 2026","datePublished":"2026-01-26T23:39:10+00:00","dateModified":"2026-01-27T19:01:35+00:00","mainEntityOfPage":{"@id":"https:\/\/www.pensarcursos.com.br\/blog\/saiu-a-lista-governo-divulga-os-10-criterios-para-liberar-pagamentos-do-pe-de-meia-em-2026\/"},"wordCount":769,"commentCount":1,"publisher":{"@id":"https:\/\/www.pensarcursos.com.br\/blog\/#organization"},"image":{"@id":"https:\/\/www.pensarcursos.com.br\/blog\/saiu-a-lista-governo-divulga-os-10-criterios-para-liberar-pagamentos-do-pe-de-meia-em-2026\/#primaryimage"},"thumbnailUrl":"https:\/\/www.pensarcursos.com.br\/blog\/wp-content\/uploads\/2026\/01\/Criterios-Pe-de-Meia-2026.webp","keywords":["crit\u00e9rios dos pagamentos do p\u00e9 de meia em 2026","direito ao p\u00e9 de meia 2026","p\u00e9 de meia regras 2026"],"articleSection":["Benef\u00edcios Sociais","P\u00e9-de-Meia"],"inLanguage":"pt-BR","potentialAction":[{"@type":"CommentAction","name":"Comment","target":["https:\/\/www.pensarcursos.com.br\/blog\/saiu-a-lista-governo-divulga-os-10-criterios-para-liberar-pagamentos-do-pe-de-meia-em-2026\/#respond"]}],"copyrightYear":"2026","copyrightHolder":{"@id":"https:\/\/www.pensarcursos.com.br\/blog\/#organization"}},{"@type":"WebPage","@id":"https:\/\/www.pensarcursos.com.br\/blog\/saiu-a-lista-governo-divulga-os-10-criterios-para-liberar-pagamentos-do-pe-de-meia-em-2026\/","url":"https:\/\/www.pensarcursos.com.br\/blog\/saiu-a-lista-governo-divulga-os-10-criterios-para-liberar-pagamentos-do-pe-de-meia-em-2026\/","name":"Saiu a lista! Governo divulga os 10 crit\u00e9rios para liberar pagamentos do P\u00e9-de-Meia em 2026 - Blog Pensar Cursos","isPartOf":{"@id":"https:\/\/www.pensarcursos.com.br\/blog\/#website"},"primaryImageOfPage":{"@id":"https:\/\/www.pensarcursos.com.br\/blog\/saiu-a-lista-governo-divulga-os-10-criterios-para-liberar-pagamentos-do-pe-de-meia-em-2026\/#primaryimage"},"image":{"@id":"https:\/\/www.pensarcursos.com.br\/blog\/saiu-a-lista-governo-divulga-os-10-criterios-para-liberar-pagamentos-do-pe-de-meia-em-2026\/#primaryimage"},"thumbnailUrl":"https:\/\/www.pensarcursos.com.br\/blog\/wp-content\/uploads\/2026\/01\/Criterios-Pe-de-Meia-2026.webp","datePublished":"2026-01-26T23:39:10+00:00","dateModified":"2026-01-27T19:01:35+00:00","description":"Confira os 10 crit\u00e9rios dos pagamentos do P\u00e9-de-Meia em 2026: valor, requisitos e como funciona o programa de incentivo para estudantes do ensino m\u00e9dio p\u00fablico.","breadcrumb":{"@id":"https:\/\/www.pensarcursos.com.br\/blog\/saiu-a-lista-governo-divulga-os-10-criterios-para-liberar-pagamentos-do-pe-de-meia-em-2026\/#breadcrumb"},"inLanguage":"pt-BR","potentialAction":[{"@type":"ReadAction","target":["https:\/\/www.pensarcursos.com.br\/blog\/saiu-a-lista-governo-divulga-os-10-criterios-para-liberar-pagamentos-do-pe-de-meia-em-2026\/"]}]},{"@type":"ImageObject","inLanguage":"pt-BR","@id":"https:\/\/www.pensarcursos.com.br\/blog\/saiu-a-lista-governo-divulga-os-10-criterios-para-liberar-pagamentos-do-pe-de-meia-em-2026\/#primaryimage","url":"https:\/\/www.pensarcursos.com.br\/blog\/wp-content\/uploads\/2026\/01\/Criterios-Pe-de-Meia-2026.webp","contentUrl":"https:\/\/www.pensarcursos.com.br\/blog\/wp-content\/uploads\/2026\/01\/Criterios-Pe-de-Meia-2026.webp","width":1200,"height":800,"caption":"Confira todas as exig\u00eancias para ter direito ao benef\u00edcio estudantil neste ano. Imagem: Pensar Cursos"},{"@type":"BreadcrumbList","@id":"https:\/\/www.pensarcursos.com.br\/blog\/saiu-a-lista-governo-divulga-os-10-criterios-para-liberar-pagamentos-do-pe-de-meia-em-2026\/#breadcrumb","itemListElement":[{"@type":"ListItem","position":1,"name":"Home","item":"https:\/\/www.pensarcursos.com.br\/blog\/"},{"@type":"ListItem","position":2,"name":"Saiu a lista! Governo divulga os 10 crit\u00e9rios para liberar pagamentos do P\u00e9-de-Meia em 2026"}]},{"@type":"WebSite","@id":"https:\/\/www.pensarcursos.com.br\/blog\/#website","url":"https:\/\/www.pensarcursos.com.br\/blog\/","name":"Blog Pensar Cursos","description":"Maior Site de Cursos do Brasil","publisher":{"@id":"https:\/\/www.pensarcursos.com.br\/blog\/#organization"},"alternateName":"Blog Pensar","potentialAction":[{"@type":"SearchAction","target":{"@type":"EntryPoint","urlTemplate":"https:\/\/www.pensarcursos.com.br\/blog\/?s={search_term_string}"},"query-input":{"@type":"PropertyValueSpecification","valueRequired":true,"valueName":"search_term_string"}}],"inLanguage":"pt-BR"},{"@type":"Organization","@id":"https:\/\/www.pensarcursos.com.br\/blog\/#organization","name":"Pensar Cursos","alternateName":"Blog pensar","url":"https:\/\/www.pensarcursos.com.br\/blog\/","logo":{"@type":"ImageObject","inLanguage":"pt-BR","@id":"https:\/\/www.pensarcursos.com.br\/blog\/#\/schema\/logo\/image\/","url":"https:\/\/www.pensarcursos.com.br\/blog\/wp-content\/uploads\/2023\/11\/Nova-Logo-Pensar-Cursos-vertical.png","contentUrl":"https:\/\/www.pensarcursos.com.br\/blog\/wp-content\/uploads\/2023\/11\/Nova-Logo-Pensar-Cursos-vertical.png","width":1393,"height":1001,"caption":"Pensar Cursos"},"image":{"@id":"https:\/\/www.pensarcursos.com.br\/blog\/#\/schema\/logo\/image\/"},"sameAs":["https:\/\/www.facebook.com\/pensarcursos\/","https:\/\/instagram.com.br\/pensarcursos"],"description":"Pensar Cursos \u00e9 uma empresa especializada em oferecer cursos de alta qualidade voltados para o desenvolvimento profissional e acad\u00eamico. Com uma ampla gama de op\u00e7\u00f5es de treinamento, oferecemos conte\u00fados atualizados, ministrados por especialistas da \u00e1rea, para capacitar indiv\u00edduos e equipes a atingirem seus objetivos. Nossa miss\u00e3o \u00e9 proporcionar uma educa\u00e7\u00e3o transformadora, acess\u00edvel e personalizada para cada aluno, seja em cursos presenciais ou online. Com uma abordagem inovadora, buscamos adaptar os nossos programas de ensino \u00e0s necessidades do mercado, criando solu\u00e7\u00f5es que atendem aos desafios e exig\u00eancias do mundo corporativo e acad\u00eamico. Nossos cursos incluem desde forma\u00e7\u00f5es t\u00e9cnicas at\u00e9 habilidades essenciais, como lideran\u00e7a, gest\u00e3o e desenvolvimento pessoal.","email":"contato@pensarcursos.com.br","legalName":"Sena Servi\u00e7os de Informa\u00e7\u00e3o Online LTDA","foundingDate":"2013-04-18","vatID":"17956217000172","numberOfEmployees":{"@type":"QuantitativeValue","minValue":"11","maxValue":"50"},"publishingPrinciples":"https:\/\/www.pensarcursos.com.br\/blog\/principios-de-publicacao\/","ownershipFundingInfo":"https:\/\/www.pensarcursos.com.br\/blog\/informacoes-de-propriedade-financiamento\/","actionableFeedbackPolicy":"https:\/\/www.pensarcursos.com.br\/blog\/politica-de-feedback-acionavel\/","correctionsPolicy":"https:\/\/www.pensarcursos.com.br\/blog\/politica-de-correcoes\/","ethicsPolicy":"https:\/\/www.pensarcursos.com.br\/blog\/politica-de-etica\/"},{"@type":"Person","@id":"https:\/\/www.pensarcursos.com.br\/blog\/#\/schema\/person\/827343e4611913410dcf62144b5b2a2d","name":"F\u00e1tima Azevedo","image":{"@type":"ImageObject","inLanguage":"pt-BR","@id":"https:\/\/secure.gravatar.com\/avatar\/ea820c84e212573cc3f119ba576278fe7ad07b69ed7ca0c33223662227bb77ca?s=96&d=mm&r=g","url":"https:\/\/secure.gravatar.com\/avatar\/ea820c84e212573cc3f119ba576278fe7ad07b69ed7ca0c33223662227bb77ca?s=96&d=mm&r=g","contentUrl":"https:\/\/secure.gravatar.com\/avatar\/ea820c84e212573cc3f119ba576278fe7ad07b69ed7ca0c33223662227bb77ca?s=96&d=mm&r=g","caption":"F\u00e1tima Azevedo"},"description":"Graduada em Ci\u00eancias Biol\u00f3gicas. Professora. Redatora grupo Sena Online.","sameAs":["https:\/\/www.linkedin.com\/in\/maria-de-f\u00e1tima-oliveira-da-costa-74a1692a7"],"url":"https:\/\/www.pensarcursos.com.br\/blog\/author\/fatima\/"}]}},"_links":{"self":[{"href":"https:\/\/www.pensarcursos.com.br\/blog\/wp-json\/wp\/v2\/posts\/141955","targetHints":{"allow":["GET"]}}],"collection":[{"href":"https:\/\/www.pensarcursos.com.br\/blog\/wp-json\/wp\/v2\/posts"}],"about":[{"href":"https:\/\/www.pensarcursos.com.br\/blog\/wp-json\/wp\/v2\/types\/post"}],"author":[{"embeddable":true,"href":"https:\/\/www.pensarcursos.com.br\/blog\/wp-json\/wp\/v2\/users\/41"}],"replies":[{"embeddable":true,"href":"https:\/\/www.pensarcursos.com.br\/blog\/wp-json\/wp\/v2\/comments?post=141955"}],"version-history":[{"count":0,"href":"https:\/\/www.pensarcursos.com.br\/blog\/wp-json\/wp\/v2\/posts\/141955\/revisions"}],"wp:featuredmedia":[{"embeddable":true,"href":"https:\/\/www.pensarcursos.com.br\/blog\/wp-json\/wp\/v2\/media\/141959"}],"wp:attachment":[{"href":"https:\/\/www.pensarcursos.com.br\/blog\/wp-json\/wp\/v2\/media?parent=141955"}],"wp:term":[{"taxonomy":"category","embeddable":true,"href":"https:\/\/www.pensarcursos.com.br\/blog\/wp-json\/wp\/v2\/categories?post=141955"},{"taxonomy":"post_tag","embeddable":true,"href":"https:\/\/www.pensarcursos.com.br\/blog\/wp-json\/wp\/v2\/tags?post=141955"}],"curies":[{"name":"wp","href":"https:\/\/api.w.org\/{rel}","templated":true}]}}