{"id":141940,"date":"2026-01-26T21:09:22","date_gmt":"2026-01-27T00:09:22","guid":{"rendered":"https:\/\/www.pensarcursos.com.br\/blog\/?p=141940"},"modified":"2026-03-18T07:56:27","modified_gmt":"2026-03-18T10:56:27","slug":"emissao-da-nova-carteira-de-identidade-agendamento-para-mutirao-dos-dias-30-e-31-de-janeiro-ja-esta-disponivel","status":"publish","type":"post","link":"https:\/\/www.pensarcursos.com.br\/blog\/emissao-da-nova-carteira-de-identidade-agendamento-para-mutirao-dos-dias-30-e-31-de-janeiro-ja-esta-disponivel\/","title":{"rendered":"Emiss\u00e3o da nova Carteira de Identidade: agendamento para mutir\u00e3o dos dias 30 e 31 de janeiro j\u00e1 est\u00e1 dispon\u00edvel"},"content":{"rendered":"<p>A <strong><a href=\"https:\/\/www.pensarcursos.com.br\/blog\/mutirao-para-emissao-da-nova-carteira-de-identidade-e-realizado-a-partir-desta-segunda-feira-26-atendimento-e-por-ordem-de-chegada\/\" target=\"_blank\" rel=\"noopener\">Carteira de Identidade Nacional<\/a> (CIN)<\/strong> representa uma mudan\u00e7a importante na identifica\u00e7\u00e3o civil dos brasileiros. O documento utiliza o <strong>CPF como n\u00famero \u00fanico<\/strong> em todo o territ\u00f3rio nacional, substituindo o antigo RG e eliminando a possibilidade de m\u00faltiplos registros em diferentes estados.<\/p>\n<p>Milh\u00f5es de brasileiros j\u00e1 possuem a nova identidade, e a meta do Governo Federal \u00e9 alcan\u00e7ar 100 milh\u00f5es de emiss\u00f5es at\u00e9 o final de 2026. Para facilitar a emiss\u00e3o do documento, <strong>nos dias 30 e 31 de janeiro<\/strong>, haver\u00e1 um novo mutir\u00e3o de emiss\u00e3o. Para conferir os detalhes do evento, continue a leitura desta mat\u00e9ria!<\/p>\n<h2>Onde encontrar as informa\u00e7\u00f5es da nova Carteira de Identidade?<\/h2>\n<p>O Minist\u00e9rio da Gest\u00e3o e da Inova\u00e7\u00e3o em Servi\u00e7os P\u00fablicos (MGI) disponibilizou a p\u00e1gina Gov.br Identidade para centralizar informa\u00e7\u00f5es sobre o documento. Nesse ambiente, os cidad\u00e3os encontram informa\u00e7\u00f5es sobre legisla\u00e7\u00e3o, perguntas frequentes e orienta\u00e7\u00f5es para emiss\u00e3o. A <strong>primeira via da CIN \u00e9 gratuita<\/strong>\u00a0e o prazo para substitui\u00e7\u00e3o do antigo RG se estende at\u00e9 2032.<\/p>\n<p>Quem ainda n\u00e3o emitiu o documento pode aproveitar a\u00e7\u00f5es espec\u00edficas organizadas em diversos munic\u00edpios. Para facilitar o acesso da popula\u00e7\u00e3o, um mutir\u00e3o ser\u00e1 realizado nos pr\u00f3ximos dias, com agendamento j\u00e1 dispon\u00edvel.<\/p>\n<h2>O que \u00e9 a Carteira de Identidade Nacional<\/h2>\n<p>A <a href=\"https:\/\/www.pensarcursos.com.br\/blog\/carteira-de-identidade-nacional-2026-veja-como-tirar-a-nova-cin-de-graca\/\" target=\"_blank\" rel=\"noopener\">CIN<\/a> foi criada para unificar a identifica\u00e7\u00e3o civil no Brasil. Antes da implementa\u00e7\u00e3o, cada cidad\u00e3o poderia ter at\u00e9 <strong>27 n\u00fameros de RG diferentes<\/strong> \u2013 um para cada estado e o Distrito Federal. Essa multiplicidade facilitava fraudes e dificultava a integra\u00e7\u00e3o de dados entre \u00f3rg\u00e3os p\u00fablicos.<\/p>\n<p>Com o novo documento, o <strong>CPF passa a ser o identificador \u00fanico<\/strong>, v\u00e1lido em todas as Unidades da Federa\u00e7\u00e3o. A medida permite que diferentes \u00e1reas do governo atuem de forma integrada para atender \u00e0s necessidades dos cidad\u00e3os em sa\u00fade, educa\u00e7\u00e3o e trabalho.<\/p>\n<h3>Benef\u00edcios do novo documento<\/h3>\n<p>A nova identidade traz recursos tecnol\u00f3gicos que aumentam a seguran\u00e7a. O <strong>QR Code<\/strong> presente no documento permite verificar autenticidade e checar se a carteira foi furtada ou extraviada. Qualquer pessoa pode fazer essa verifica\u00e7\u00e3o pelo celular.<\/p>\n<p>O documento tamb\u00e9m possui a <strong>Machine Readable Zone (MRZ)<\/strong>, semelhante \u00e0 zona leg\u00edvel por m\u00e1quina dos passaportes. Essa funcionalidade permite a utiliza\u00e7\u00e3o da CIN como documento de viagem nos pa\u00edses do Mercosul que possuem acordo com o Brasil.<\/p>\n<h3>Vers\u00e3o digital da CIN<\/h3>\n<p>Ap\u00f3s a emiss\u00e3o da carteira f\u00edsica, o cidad\u00e3o pode acessar a <strong>vers\u00e3o digital pelo aplicativo Gov.br<\/strong>. O documento virtual tem a mesma validade que o f\u00edsico em todo o territ\u00f3rio nacional e facilita o acesso a uma conta n\u00edvel ouro na plataforma do governo federal.<\/p>\n<h2>Mutir\u00e3o para emiss\u00e3o da Nova Carteira de Identidade<\/h2>\n<p>A Prefeitura de <strong>Pinheiros<\/strong>,<strong> no Esp\u00edrito Santo<\/strong>, em parceria com o Governo do Estado, por meio do Instituto de Identifica\u00e7\u00e3o da Pol\u00edcia Cient\u00edfica (PCIES), realizar\u00e1 nos dias <strong>30 e 31 de janeiro<\/strong> o mutir\u00e3o para emiss\u00e3o da <a href=\"https:\/\/www.pensarcursos.com.br\/blog\/nova-carteira-de-identidade-sine-abre-agendamento-para-emissao-do-documento\/\" target=\"_blank\" rel=\"noopener\">CIN<\/a>.<\/p>\n<h3>Local e hor\u00e1rio do atendimento<\/h3>\n<p>A a\u00e7\u00e3o acontecer\u00e1 em ambos os dias, das <strong>8h \u00e0s 12h<\/strong>, no Lions Clube de Pinheiros. A previs\u00e3o \u00e9 de emiss\u00e3o de <strong>500 documentos<\/strong> durante o mutir\u00e3o.<\/p>\n<h3>Como fazer o agendamento<\/h3>\n<p>Para participar do mutir\u00e3o, o agendamento pr\u00e9vio \u00e9 obrigat\u00f3rio. O procedimento est\u00e1 dispon\u00edvel desde sexta-feira (23) e continua at\u00e9 quinta-feira (29), nos seguintes hor\u00e1rios:<\/p>\n<ul>\n<li><strong>Manh\u00e3:<\/strong> das 7h \u00e0s 11h<\/li>\n<li><strong>Tarde:<\/strong> das 13h \u00e0s 16h30<\/li>\n<\/ul>\n<p>O agendamento deve ser feito presencialmente na <strong>Casa do Cidad\u00e3o<\/strong>, localizada na Rua Eurico Rezende, 119, Centro, ao lado do Restaurante D&#8217;guste.<\/p>\n<p>No momento do atendimento, o cidad\u00e3o recebe todas as orienta\u00e7\u00f5es, a lista de documentos exigidos e o protocolo com data e hor\u00e1rio marcados.<\/p>\n<figure id=\"attachment_141952\" aria-describedby=\"caption-attachment-141952\" style=\"width: 1200px\" class=\"wp-caption aligncenter\"><img decoding=\"async\" class=\"wp-image-141952 size-full\" src=\"https:\/\/www.pensarcursos.com.br\/blog\/wp-content\/uploads\/2026\/01\/mutirao-nova-carteira-identidade-pinheiros.webp\" alt=\"Mulher segura a nova Carteira de Identidade Nacional durante campanha de emiss\u00e3o do documento. \" width=\"1200\" height=\"800\" srcset=\"https:\/\/www.pensarcursos.com.br\/blog\/wp-content\/uploads\/2026\/01\/mutirao-nova-carteira-identidade-pinheiros.webp 1200w, https:\/\/www.pensarcursos.com.br\/blog\/wp-content\/uploads\/2026\/01\/mutirao-nova-carteira-identidade-pinheiros-300x200.webp 300w, https:\/\/www.pensarcursos.com.br\/blog\/wp-content\/uploads\/2026\/01\/mutirao-nova-carteira-identidade-pinheiros-1024x683.webp 1024w, https:\/\/www.pensarcursos.com.br\/blog\/wp-content\/uploads\/2026\/01\/mutirao-nova-carteira-identidade-pinheiros-768x512.webp 768w, https:\/\/www.pensarcursos.com.br\/blog\/wp-content\/uploads\/2026\/01\/mutirao-nova-carteira-identidade-pinheiros-750x500.webp 750w, https:\/\/www.pensarcursos.com.br\/blog\/wp-content\/uploads\/2026\/01\/mutirao-nova-carteira-identidade-pinheiros-1140x760.webp 1140w\" sizes=\"(max-width: 1200px) 100vw, 1200px\" \/><figcaption id=\"caption-attachment-141952\" class=\"wp-caption-text\">Mutir\u00e3o em Pinheiros garante a emiss\u00e3o da nova Carteira de Identidade Nacional. Fonte: Pensar Cursos Blog.<\/figcaption><\/figure>\n<h2>Documentos necess\u00e1rios para emitir a CIN<\/h2>\n<p>Para solicitar a Carteira de Identidade Nacional, \u00e9 preciso apresentar os documentos obrigat\u00f3rios no dia do atendimento.<\/p>\n<h3>Documenta\u00e7\u00e3o obrigat\u00f3ria<\/h3>\n<p>Os itens b\u00e1sicos incluem:<\/p>\n<ul>\n<li><strong>Certid\u00e3o de nascimento ou casamento<\/strong> (original)<\/li>\n<li><strong>CPF<\/strong> (se j\u00e1 possuir; caso contr\u00e1rio, ser\u00e1 emitido na hora)<\/li>\n<\/ul>\n<p>A fotografia \u00e9 tirada na pr\u00f3pria unidade no momento do atendimento. Para <strong>crian\u00e7as de colo<\/strong>, \u00e9 necess\u00e1rio levar uma foto 3&#215;4 no padr\u00e3o exigido pelo \u00f3rg\u00e3o.<\/p>\n<h3>Informa\u00e7\u00f5es adicionais<\/h3>\n<p>O cidad\u00e3o pode solicitar a inclus\u00e3o de dados adicionais na CIN, mediante comprova\u00e7\u00e3o:<\/p>\n<ul>\n<li>N\u00famero do T\u00edtulo de Eleitor<\/li>\n<li>N\u00famero da CNH<\/li>\n<li>N\u00famero da Carteira de Trabalho<\/li>\n<li>Certificado Militar<\/li>\n<li>Tipo sangu\u00edneo e fator Rh (com exame laboratorial)<\/li>\n<li>Condi\u00e7\u00e3o de pessoa com defici\u00eancia (com atestado m\u00e9dico)<\/li>\n<\/ul>\n<h2>Validade da nova Carteira de Identidade<\/h2>\n<p>Diferente do antigo RG, a CIN possui <strong>prazo de validade<\/strong> que varia conforme a faixa et\u00e1ria do cidad\u00e3o:<\/p>\n<table>\n<thead>\n<tr>\n<th>Idade<\/th>\n<th>Validade<\/th>\n<\/tr>\n<\/thead>\n<tbody>\n<tr>\n<td>0 a 12 anos incompletos<\/td>\n<td>5 anos<\/td>\n<\/tr>\n<tr>\n<td>12 a 60 anos incompletos<\/td>\n<td>10 anos<\/td>\n<\/tr>\n<tr>\n<td>Acima de 60 anos<\/td>\n<td>Indeterminada<\/td>\n<\/tr>\n<\/tbody>\n<\/table>\n<p>O <strong>antigo RG continua v\u00e1lido at\u00e9 2032<\/strong>. Ap\u00f3s essa data, apenas a CIN, a CNH e o passaporte ser\u00e3o aceitos como documentos de identifica\u00e7\u00e3o no Brasil.<\/p>\n<h2>Import\u00e2ncia da biometria para benef\u00edcios sociais<\/h2>\n<p>Desde novembro de 2025, a CIN passou a ser priorizada como base biom\u00e9trica para benefici\u00e1rios de programas sociais. Quem solicitar novos benef\u00edcios ou renovar cadastros existentes precisar\u00e1 ter biometria cadastrada.<\/p>\n<p>O cronograma de exig\u00eancia segue estas datas:<\/p>\n<ul>\n<li><strong>A partir de 1\u00ba de maio de 2026:<\/strong> Quem solicitar um novo benef\u00edcio e n\u00e3o possuir biometria registrada em documentos aceitos (CIN, CNH ou TSE) dever\u00e1 emitir a Carteira de Identidade Nacional (CIN) para dar prosseguimento ao pedido. Para quem j\u00e1 possui biometria, n\u00e3o haver\u00e1 altera\u00e7\u00e3o.<\/li>\n<li><strong>A partir de 1\u00ba de janeiro de 2028:<\/strong> A Carteira de Identidade Nacional (CIN) passar\u00e1 a ser o \u00fanico documento com biometria aceito para todos os requerimentos e manuten\u00e7\u00f5es de benef\u00edcios do INSS, promovendo a unifica\u00e7\u00e3o e a simplifica\u00e7\u00e3o do processo de identifica\u00e7\u00e3o.<\/li>\n<\/ul>\n<p>Para mais informa\u00e7\u00f5es sobre a nova identidade, continue acessando o <strong><a href=\"https:\/\/www.pensarcursos.com.br\/blog\/\" target=\"_blank\" rel=\"noopener\">Pensar Cursos<\/a><\/strong>.<\/p>\n<div class=\"jeg_video_container jeg_video_content\"><iframe title=\"O RG VAI ACABAR? Descubra o prazo real para trocar pela Nova Identidade (CIN) em 2026!\" width=\"500\" height=\"281\" src=\"https:\/\/www.youtube.com\/embed\/NgTbXBJ-iZ4?feature=oembed\" frameborder=\"0\" allow=\"accelerometer; autoplay; clipboard-write; encrypted-media; gyroscope; picture-in-picture; web-share\" referrerpolicy=\"strict-origin-when-cross-origin\" allowfullscreen><\/iframe><\/div>\n<p>&nbsp;<\/p>\n","protected":false},"excerpt":{"rendered":"<p>A Carteira de Identidade Nacional (CIN) representa uma mudan\u00e7a importante na identifica\u00e7\u00e3o civil dos brasileiros. O documento utiliza o CPF como n\u00famero \u00fanico em todo o territ\u00f3rio nacional, substituindo o antigo RG e eliminando a possibilidade de m\u00faltiplos registros em diferentes estados. Milh\u00f5es de brasileiros j\u00e1 possuem a nova identidade, e a meta do Governo [&hellip;]<\/p>\n","protected":false},"author":56,"featured_media":141949,"comment_status":"open","ping_status":"closed","sticky":false,"template":"","format":"standard","meta":{"jnews-multi-image_gallery":[],"jnews_single_post":{"subtitle":"Nova Identidade com CPF \u00fanico: saiba como agendar e o que levar no mutir\u00e3o","format":"standard","override":[{"template":"1","parallax":"1","fullscreen":"1","layout":"right-sidebar","sidebar":"default-sidebar","second_sidebar":"default-sidebar","sticky_sidebar":"1","share_position":"topbottom","share_float_style":"share-monocrhome","show_featured":"1","show_post_meta":"1","show_post_author":"1","show_post_author_image":"1","show_post_date":"1","post_date_format":"default","post_date_format_custom":"Y\/m\/d","show_post_category":"1","post_reading_time_wpm":"300","post_calculate_word_method":"str_word_count","show_zoom_button":"0","zoom_button_out_step":"2","zoom_button_in_step":"3","show_post_tag":"1","show_prev_next_post":"1","show_popup_post":"1","show_comment_section":"1","number_popup_post":"2","show_author_box":"1","show_post_related":"1","show_inline_post_related":"1"}],"image_override":[{"single_post_thumbnail_size":"crop-500","single_post_gallery_size":"crop-500"}],"trending_post_position":"meta","trending_post_label":"Trending","sponsored_post_label":"Sponsored by","disable_ad":"0"},"jnews_primary_category":[],"jnews_social_meta":[],"jnews_override_counter":{"view_counter_number":"0","share_counter_number":"0","like_counter_number":"0","dislike_counter_number":"0"},"footnotes":""},"categories":[1691],"tags":[33478,37761,2473,37743,2072],"class_list":["post-141940","post","type-post","status-publish","format-standard","has-post-thumbnail","hentry","category-direitos-do-trabalhador","tag-agendamento-identidade","tag-mutirao-carteira-de-identidade-pinheiros","tag-nova-carteira-de-identidade-nacional","tag-novo-documento-de-identidade-2026","tag-novo-rg"],"yoast_head":"<!-- This site is optimized with the Yoast SEO Premium plugin v27.4 (Yoast SEO v27.4) - https:\/\/yoast.com\/product\/yoast-seo-premium-wordpress\/ -->\n<title>Emiss\u00e3o da nova Carteira de Identidade: agendamento para mutir\u00e3o dos dias 30 e 31 de janeiro j\u00e1 est\u00e1 dispon\u00edvel - Blog Pensar Cursos<\/title>\n<meta name=\"description\" content=\"Mutir\u00e3o para emiss\u00e3o da nova Carteira de Identidade nos dias 30 e 31\/01. Agendamento dispon\u00edvel. Saiba documentos e como participar. Confira!\" \/>\n<meta name=\"robots\" content=\"index, follow, max-snippet:-1, max-image-preview:large, max-video-preview:-1\" \/>\n<link rel=\"canonical\" href=\"https:\/\/www.pensarcursos.com.br\/blog\/emissao-da-nova-carteira-de-identidade-agendamento-para-mutirao-dos-dias-30-e-31-de-janeiro-ja-esta-disponivel\/\" \/>\n<meta property=\"og:locale\" content=\"pt_BR\" \/>\n<meta property=\"og:type\" content=\"article\" \/>\n<meta property=\"og:title\" content=\"Emiss\u00e3o da nova Carteira de Identidade: agendamento para mutir\u00e3o dos dias 30 e 31 de janeiro j\u00e1 est\u00e1 dispon\u00edvel\" \/>\n<meta property=\"og:description\" content=\"Mutir\u00e3o para emiss\u00e3o da nova Carteira de Identidade nos dias 30 e 31\/01. Agendamento dispon\u00edvel. Saiba documentos e como participar. Confira!\" \/>\n<meta property=\"og:url\" content=\"https:\/\/www.pensarcursos.com.br\/blog\/emissao-da-nova-carteira-de-identidade-agendamento-para-mutirao-dos-dias-30-e-31-de-janeiro-ja-esta-disponivel\/\" \/>\n<meta property=\"og:site_name\" content=\"Blog Pensar Cursos\" \/>\n<meta property=\"article:publisher\" content=\"https:\/\/www.facebook.com\/pensarcursos\/\" \/>\n<meta property=\"article:published_time\" content=\"2026-01-27T00:09:22+00:00\" \/>\n<meta property=\"article:modified_time\" content=\"2026-03-18T10:56:27+00:00\" \/>\n<meta property=\"og:image\" content=\"https:\/\/www.pensarcursos.com.br\/blog\/wp-content\/uploads\/2026\/01\/como-funciona-a-nova-cin-emissao.webp\" \/>\n\t<meta property=\"og:image:width\" content=\"1200\" \/>\n\t<meta property=\"og:image:height\" content=\"800\" \/>\n\t<meta property=\"og:image:type\" content=\"image\/webp\" \/>\n<meta name=\"author\" content=\"Yasmin Santos\" \/>\n<meta name=\"twitter:card\" content=\"summary_large_image\" \/>\n<meta name=\"twitter:label1\" content=\"Escrito por\" \/>\n\t<meta name=\"twitter:data1\" content=\"Yasmin Santos\" \/>\n\t<meta name=\"twitter:label2\" content=\"Est. tempo de leitura\" \/>\n\t<meta name=\"twitter:data2\" content=\"6 minutos\" \/>\n<!-- \/ Yoast SEO Premium plugin. -->","yoast_head_json":{"title":"Emiss\u00e3o da nova Carteira de Identidade: agendamento para mutir\u00e3o dos dias 30 e 31 de janeiro j\u00e1 est\u00e1 dispon\u00edvel - Blog Pensar Cursos","description":"Mutir\u00e3o para emiss\u00e3o da nova Carteira de Identidade nos dias 30 e 31\/01. Agendamento dispon\u00edvel. Saiba documentos e como participar. Confira!","robots":{"index":"index","follow":"follow","max-snippet":"max-snippet:-1","max-image-preview":"max-image-preview:large","max-video-preview":"max-video-preview:-1"},"canonical":"https:\/\/www.pensarcursos.com.br\/blog\/emissao-da-nova-carteira-de-identidade-agendamento-para-mutirao-dos-dias-30-e-31-de-janeiro-ja-esta-disponivel\/","og_locale":"pt_BR","og_type":"article","og_title":"Emiss\u00e3o da nova Carteira de Identidade: agendamento para mutir\u00e3o dos dias 30 e 31 de janeiro j\u00e1 est\u00e1 dispon\u00edvel","og_description":"Mutir\u00e3o para emiss\u00e3o da nova Carteira de Identidade nos dias 30 e 31\/01. Agendamento dispon\u00edvel. Saiba documentos e como participar. Confira!","og_url":"https:\/\/www.pensarcursos.com.br\/blog\/emissao-da-nova-carteira-de-identidade-agendamento-para-mutirao-dos-dias-30-e-31-de-janeiro-ja-esta-disponivel\/","og_site_name":"Blog Pensar Cursos","article_publisher":"https:\/\/www.facebook.com\/pensarcursos\/","article_published_time":"2026-01-27T00:09:22+00:00","article_modified_time":"2026-03-18T10:56:27+00:00","og_image":[{"width":1200,"height":800,"url":"https:\/\/www.pensarcursos.com.br\/blog\/wp-content\/uploads\/2026\/01\/como-funciona-a-nova-cin-emissao.webp","type":"image\/webp"}],"author":"Yasmin Santos","twitter_card":"summary_large_image","twitter_misc":{"Escrito por":"Yasmin Santos","Est. tempo de leitura":"6 minutos"},"schema":{"@context":"https:\/\/schema.org","@graph":[{"@type":["Article","BlogPosting"],"@id":"https:\/\/www.pensarcursos.com.br\/blog\/emissao-da-nova-carteira-de-identidade-agendamento-para-mutirao-dos-dias-30-e-31-de-janeiro-ja-esta-disponivel\/#article","isPartOf":{"@id":"https:\/\/www.pensarcursos.com.br\/blog\/emissao-da-nova-carteira-de-identidade-agendamento-para-mutirao-dos-dias-30-e-31-de-janeiro-ja-esta-disponivel\/"},"author":{"name":"Yasmin Santos","@id":"https:\/\/www.pensarcursos.com.br\/blog\/#\/schema\/person\/2700c09d818d989d5d4fff5f50d4b755"},"headline":"Emiss\u00e3o da nova Carteira de Identidade: agendamento para mutir\u00e3o dos dias 30 e 31 de janeiro j\u00e1 est\u00e1 dispon\u00edvel","datePublished":"2026-01-27T00:09:22+00:00","dateModified":"2026-03-18T10:56:27+00:00","mainEntityOfPage":{"@id":"https:\/\/www.pensarcursos.com.br\/blog\/emissao-da-nova-carteira-de-identidade-agendamento-para-mutirao-dos-dias-30-e-31-de-janeiro-ja-esta-disponivel\/"},"wordCount":1062,"commentCount":0,"publisher":{"@id":"https:\/\/www.pensarcursos.com.br\/blog\/#organization"},"image":{"@id":"https:\/\/www.pensarcursos.com.br\/blog\/emissao-da-nova-carteira-de-identidade-agendamento-para-mutirao-dos-dias-30-e-31-de-janeiro-ja-esta-disponivel\/#primaryimage"},"thumbnailUrl":"https:\/\/www.pensarcursos.com.br\/blog\/wp-content\/uploads\/2026\/01\/como-funciona-a-nova-cin-emissao.webp","keywords":["agendamento identidade","mutir\u00e3o carteira de identidade pinheiros","nova carteira de identidade nacional","novo documento de identidade 2026","Novo RG"],"articleSection":["Direitos do Trabalhador"],"inLanguage":"pt-BR","potentialAction":[{"@type":"CommentAction","name":"Comment","target":["https:\/\/www.pensarcursos.com.br\/blog\/emissao-da-nova-carteira-de-identidade-agendamento-para-mutirao-dos-dias-30-e-31-de-janeiro-ja-esta-disponivel\/#respond"]}],"copyrightYear":"2026","copyrightHolder":{"@id":"https:\/\/www.pensarcursos.com.br\/blog\/#organization"}},{"@type":"WebPage","@id":"https:\/\/www.pensarcursos.com.br\/blog\/emissao-da-nova-carteira-de-identidade-agendamento-para-mutirao-dos-dias-30-e-31-de-janeiro-ja-esta-disponivel\/","url":"https:\/\/www.pensarcursos.com.br\/blog\/emissao-da-nova-carteira-de-identidade-agendamento-para-mutirao-dos-dias-30-e-31-de-janeiro-ja-esta-disponivel\/","name":"Emiss\u00e3o da nova Carteira de Identidade: agendamento para mutir\u00e3o dos dias 30 e 31 de janeiro j\u00e1 est\u00e1 dispon\u00edvel - Blog Pensar Cursos","isPartOf":{"@id":"https:\/\/www.pensarcursos.com.br\/blog\/#website"},"primaryImageOfPage":{"@id":"https:\/\/www.pensarcursos.com.br\/blog\/emissao-da-nova-carteira-de-identidade-agendamento-para-mutirao-dos-dias-30-e-31-de-janeiro-ja-esta-disponivel\/#primaryimage"},"image":{"@id":"https:\/\/www.pensarcursos.com.br\/blog\/emissao-da-nova-carteira-de-identidade-agendamento-para-mutirao-dos-dias-30-e-31-de-janeiro-ja-esta-disponivel\/#primaryimage"},"thumbnailUrl":"https:\/\/www.pensarcursos.com.br\/blog\/wp-content\/uploads\/2026\/01\/como-funciona-a-nova-cin-emissao.webp","datePublished":"2026-01-27T00:09:22+00:00","dateModified":"2026-03-18T10:56:27+00:00","description":"Mutir\u00e3o para emiss\u00e3o da nova Carteira de Identidade nos dias 30 e 31\/01. Agendamento dispon\u00edvel. Saiba documentos e como participar. Confira!","breadcrumb":{"@id":"https:\/\/www.pensarcursos.com.br\/blog\/emissao-da-nova-carteira-de-identidade-agendamento-para-mutirao-dos-dias-30-e-31-de-janeiro-ja-esta-disponivel\/#breadcrumb"},"inLanguage":"pt-BR","potentialAction":[{"@type":"ReadAction","target":["https:\/\/www.pensarcursos.com.br\/blog\/emissao-da-nova-carteira-de-identidade-agendamento-para-mutirao-dos-dias-30-e-31-de-janeiro-ja-esta-disponivel\/"]}]},{"@type":"ImageObject","inLanguage":"pt-BR","@id":"https:\/\/www.pensarcursos.com.br\/blog\/emissao-da-nova-carteira-de-identidade-agendamento-para-mutirao-dos-dias-30-e-31-de-janeiro-ja-esta-disponivel\/#primaryimage","url":"https:\/\/www.pensarcursos.com.br\/blog\/wp-content\/uploads\/2026\/01\/como-funciona-a-nova-cin-emissao.webp","contentUrl":"https:\/\/www.pensarcursos.com.br\/blog\/wp-content\/uploads\/2026\/01\/como-funciona-a-nova-cin-emissao.webp","width":1200,"height":800,"caption":"Mutir\u00e3o de emiss\u00e3o da nova Carteira de Identidade ocorrer\u00e1 nos dias 30 e 31 com hor\u00e1rios definidos. Fonte: Pensar Cursos Blog."},{"@type":"BreadcrumbList","@id":"https:\/\/www.pensarcursos.com.br\/blog\/emissao-da-nova-carteira-de-identidade-agendamento-para-mutirao-dos-dias-30-e-31-de-janeiro-ja-esta-disponivel\/#breadcrumb","itemListElement":[{"@type":"ListItem","position":1,"name":"Home","item":"https:\/\/www.pensarcursos.com.br\/blog\/"},{"@type":"ListItem","position":2,"name":"Emiss\u00e3o da nova Carteira de Identidade: agendamento para mutir\u00e3o dos dias 30 e 31 de janeiro j\u00e1 est\u00e1 dispon\u00edvel"}]},{"@type":"WebSite","@id":"https:\/\/www.pensarcursos.com.br\/blog\/#website","url":"https:\/\/www.pensarcursos.com.br\/blog\/","name":"Blog Pensar Cursos","description":"Maior Site de Cursos do Brasil","publisher":{"@id":"https:\/\/www.pensarcursos.com.br\/blog\/#organization"},"alternateName":"Blog Pensar","potentialAction":[{"@type":"SearchAction","target":{"@type":"EntryPoint","urlTemplate":"https:\/\/www.pensarcursos.com.br\/blog\/?s={search_term_string}"},"query-input":{"@type":"PropertyValueSpecification","valueRequired":true,"valueName":"search_term_string"}}],"inLanguage":"pt-BR"},{"@type":"Organization","@id":"https:\/\/www.pensarcursos.com.br\/blog\/#organization","name":"Pensar Cursos","alternateName":"Blog pensar","url":"https:\/\/www.pensarcursos.com.br\/blog\/","logo":{"@type":"ImageObject","inLanguage":"pt-BR","@id":"https:\/\/www.pensarcursos.com.br\/blog\/#\/schema\/logo\/image\/","url":"https:\/\/www.pensarcursos.com.br\/blog\/wp-content\/uploads\/2023\/11\/Nova-Logo-Pensar-Cursos-vertical.png","contentUrl":"https:\/\/www.pensarcursos.com.br\/blog\/wp-content\/uploads\/2023\/11\/Nova-Logo-Pensar-Cursos-vertical.png","width":1393,"height":1001,"caption":"Pensar Cursos"},"image":{"@id":"https:\/\/www.pensarcursos.com.br\/blog\/#\/schema\/logo\/image\/"},"sameAs":["https:\/\/www.facebook.com\/pensarcursos\/","https:\/\/instagram.com.br\/pensarcursos"],"description":"Pensar Cursos \u00e9 uma empresa especializada em oferecer cursos de alta qualidade voltados para o desenvolvimento profissional e acad\u00eamico. Com uma ampla gama de op\u00e7\u00f5es de treinamento, oferecemos conte\u00fados atualizados, ministrados por especialistas da \u00e1rea, para capacitar indiv\u00edduos e equipes a atingirem seus objetivos. Nossa miss\u00e3o \u00e9 proporcionar uma educa\u00e7\u00e3o transformadora, acess\u00edvel e personalizada para cada aluno, seja em cursos presenciais ou online. Com uma abordagem inovadora, buscamos adaptar os nossos programas de ensino \u00e0s necessidades do mercado, criando solu\u00e7\u00f5es que atendem aos desafios e exig\u00eancias do mundo corporativo e acad\u00eamico. Nossos cursos incluem desde forma\u00e7\u00f5es t\u00e9cnicas at\u00e9 habilidades essenciais, como lideran\u00e7a, gest\u00e3o e desenvolvimento pessoal.","email":"contato@pensarcursos.com.br","legalName":"Sena Servi\u00e7os de Informa\u00e7\u00e3o Online LTDA","foundingDate":"2013-04-18","vatID":"17956217000172","numberOfEmployees":{"@type":"QuantitativeValue","minValue":"11","maxValue":"50"},"publishingPrinciples":"https:\/\/www.pensarcursos.com.br\/blog\/principios-de-publicacao\/","ownershipFundingInfo":"https:\/\/www.pensarcursos.com.br\/blog\/informacoes-de-propriedade-financiamento\/","actionableFeedbackPolicy":"https:\/\/www.pensarcursos.com.br\/blog\/politica-de-feedback-acionavel\/","correctionsPolicy":"https:\/\/www.pensarcursos.com.br\/blog\/politica-de-correcoes\/","ethicsPolicy":"https:\/\/www.pensarcursos.com.br\/blog\/politica-de-etica\/"},{"@type":"Person","@id":"https:\/\/www.pensarcursos.com.br\/blog\/#\/schema\/person\/2700c09d818d989d5d4fff5f50d4b755","name":"Yasmin Santos","image":{"@type":"ImageObject","inLanguage":"pt-BR","@id":"https:\/\/secure.gravatar.com\/avatar\/b8d88d102398911030f7bd8e99bd07ffbbb62169f9a740f38705dc857853eb31?s=96&d=mm&r=g","url":"https:\/\/secure.gravatar.com\/avatar\/b8d88d102398911030f7bd8e99bd07ffbbb62169f9a740f38705dc857853eb31?s=96&d=mm&r=g","contentUrl":"https:\/\/secure.gravatar.com\/avatar\/b8d88d102398911030f7bd8e99bd07ffbbb62169f9a740f38705dc857853eb31?s=96&d=mm&r=g","caption":"Yasmin Santos"},"description":"Graduada em Letras Portugu\u00eas\/Ingl\u00eas pela Universidade Estadual de Santa Cruz (UESC), redatora do Grupo Sena Online","sameAs":["https:\/\/www.instagram.com\/yasmin0_20?igsh=MTdqZXF3NTA1b2gyMg=="],"url":"https:\/\/www.pensarcursos.com.br\/blog\/author\/yasmin\/"}]}},"_links":{"self":[{"href":"https:\/\/www.pensarcursos.com.br\/blog\/wp-json\/wp\/v2\/posts\/141940","targetHints":{"allow":["GET"]}}],"collection":[{"href":"https:\/\/www.pensarcursos.com.br\/blog\/wp-json\/wp\/v2\/posts"}],"about":[{"href":"https:\/\/www.pensarcursos.com.br\/blog\/wp-json\/wp\/v2\/types\/post"}],"author":[{"embeddable":true,"href":"https:\/\/www.pensarcursos.com.br\/blog\/wp-json\/wp\/v2\/users\/56"}],"replies":[{"embeddable":true,"href":"https:\/\/www.pensarcursos.com.br\/blog\/wp-json\/wp\/v2\/comments?post=141940"}],"version-history":[{"count":0,"href":"https:\/\/www.pensarcursos.com.br\/blog\/wp-json\/wp\/v2\/posts\/141940\/revisions"}],"wp:featuredmedia":[{"embeddable":true,"href":"https:\/\/www.pensarcursos.com.br\/blog\/wp-json\/wp\/v2\/media\/141949"}],"wp:attachment":[{"href":"https:\/\/www.pensarcursos.com.br\/blog\/wp-json\/wp\/v2\/media?parent=141940"}],"wp:term":[{"taxonomy":"category","embeddable":true,"href":"https:\/\/www.pensarcursos.com.br\/blog\/wp-json\/wp\/v2\/categories?post=141940"},{"taxonomy":"post_tag","embeddable":true,"href":"https:\/\/www.pensarcursos.com.br\/blog\/wp-json\/wp\/v2\/tags?post=141940"}],"curies":[{"name":"wp","href":"https:\/\/api.w.org\/{rel}","templated":true}]}}