{"id":141923,"date":"2026-01-26T16:19:16","date_gmt":"2026-01-26T19:19:16","guid":{"rendered":"https:\/\/www.pensarcursos.com.br\/blog\/?p=141923"},"modified":"2026-01-26T11:37:29","modified_gmt":"2026-01-26T14:37:29","slug":"saiu-edital-concurso-camara-municipal-abriu-inscricoes-nesta-segunda-26-salarios-de-ate-r-106-mil","status":"publish","type":"post","link":"https:\/\/www.pensarcursos.com.br\/blog\/saiu-edital-concurso-camara-municipal-abriu-inscricoes-nesta-segunda-26-salarios-de-ate-r-106-mil\/","title":{"rendered":"SAIU EDITAL! Concurso C\u00e2mara Municipal abriu inscri\u00e7\u00f5es nesta segunda (26) &#8211; Sal\u00e1rios de at\u00e9 R$ 10,6 mil"},"content":{"rendered":"<p>Aten\u00e7\u00e3o, concurseiros! O <strong>concurso C\u00e2mara Municipal<\/strong> abriu inscri\u00e7\u00f5es nesta segunda-feira (26). A sele\u00e7\u00e3o oferece vagas imediatas, mais cadastro reserva, com sal\u00e1rios que variam de <strong>R$ 2.389,00 a R$ 10.612,00.<\/strong><\/p>\n<p>As oportunidades s\u00e3o destinadas a diferentes n\u00edveis de escolaridade, sendo oferecidas fun\u00e7\u00f5es para ensino m\u00e9dio, t\u00e9cnico e superior. Os cargos contemplam diferentes \u00e1reas administrativas. Continue a leitura para saber mais!<\/p>\n<h2>Detalhes sobre o concurso C\u00e2mara Municipal<\/h2>\n<p>O <a href=\"https:\/\/www.pensarcursos.com.br\/blog\/saiu-edital-concurso-para-atendente-de-farmacia-contador-fisioterapeuta-e-outros-cargos-abriu-inscricoes-salarios-de-ate-r-199-mil\/\">concurso<\/a> C\u00e2mara Municipal oferece tr\u00eas vagas imediatas, mais cadastro reserva.<\/p>\n<p>Veja:<\/p>\n<ul>\n<li>Assistente Administrativo: 01 vaga<\/li>\n<li>Auxiliar de Servi\u00e7os Gerais: Cadastro Reserva (CR)<\/li>\n<li>Escritur\u00e1rio: 01 vaga + Cadastro Reserva (CR)<\/li>\n<li>T\u00e9cnico em Inform\u00e1tica: Cadastro Reserva (CR)<\/li>\n<li>Assistente Legislativo: Cadastro Reserva (CR)<\/li>\n<li>Assistente Jur\u00eddico: Cadastro Reserva (CR)<\/li>\n<li>Contador: Cadastro Reserva (CR)<\/li>\n<li>Controle Interno: Cadastro Reserva (CR)<\/li>\n<li>Procurador Jur\u00eddico: 01 vaga<\/li>\n<\/ul>\n<h2>Requisitos para se candidatar<\/h2>\n<p>Os requisitos para o\u00a0<strong>concurso C\u00e2mara Municipal<\/strong>\u00a0variam conforme o cargo. Para vagas de ensino m\u00e9dio, exige-se certificado de conclus\u00e3o. Cargos t\u00e9cnicos requerem forma\u00e7\u00e3o espec\u00edfica reconhecida pelo MEC. Para os cargos superiores, diploma\u00e7\u00e3o espec\u00edfica na \u00e1rea desejada, com registro no respectivo conselho, quando aplic\u00e1vel.<\/p>\n<p>Confira:<\/p>\n<ul>\n<li>Idade m\u00ednima de 18 anos<\/li>\n<li>Escolaridade exigida para o cargo<\/li>\n<li>Documenta\u00e7\u00e3o regularizada<\/li>\n<li>Pagamento da taxa de inscri\u00e7\u00e3o dentro do prazo<\/li>\n<\/ul>\n<h2>Remunera\u00e7\u00e3o<\/h2>\n<p>Os sal\u00e1rios variam de <strong>R$ 2.389,00 a R$ 10.612,00<\/strong>.<\/p>\n<p>Confira a tabela detalhada abaixo:<\/p>\n<table>\n<thead>\n<tr>\n<th>Cargo<\/th>\n<th>Sal\u00e1rio<\/th>\n<\/tr>\n<\/thead>\n<tbody>\n<tr>\n<td>Assistente Administrativo<\/td>\n<td>R$ 5.028,00<\/td>\n<\/tr>\n<tr>\n<td>Auxiliar de Servi\u00e7os Gerais<\/td>\n<td>R$ 2.389,00<\/td>\n<\/tr>\n<tr>\n<td>Escritur\u00e1rio<\/td>\n<td>R$ 5.028,00<\/td>\n<\/tr>\n<tr>\n<td>T\u00e9cnico em Inform\u00e1tica<\/td>\n<td>R$ 7.374,00<\/td>\n<\/tr>\n<tr>\n<td>Assistente Legislativo<\/td>\n<td>R$ 6.456,00<\/td>\n<\/tr>\n<tr>\n<td>Assistente Jur\u00eddico<\/td>\n<td>R$ 6.456,00<\/td>\n<\/tr>\n<tr>\n<td>Contador<\/td>\n<td>R$ 8.365,00<\/td>\n<\/tr>\n<tr>\n<td>Controle Interno<\/td>\n<td>R$ 9.661,00<\/td>\n<\/tr>\n<tr>\n<td>Procurador Jur\u00eddico<\/td>\n<td>R$ 10.612,00<\/td>\n<\/tr>\n<\/tbody>\n<\/table>\n<h2>Inscri\u00e7\u00f5es<\/h2>\n<p>As inscri\u00e7\u00f5es do concurso C\u00e2mara Municipal de Campo Limpo Paulista, no estado de S\u00e3o Paulo (SP), devem ser realizadas at\u00e9 10 de mar\u00e7o de 2026, diretamente no portal da <a href=\"https:\/\/app.inepam.org.br\/concurso\/concursoPaginaInterna.do?idInstituicao=78&amp;idConcurso=1\" target=\"_blank\" rel=\"noopener\">INEPAM<\/a>, banca respons\u00e1vel pelo certame.<\/p>\n<p>O valor da inscri\u00e7\u00e3o varia: R$ 78,00 para cargos de ensino m\u00e9dio e R$ 88,00 para cargos de n\u00edvel superior. Para pedidos de isen\u00e7\u00e3o, o prazo \u00e9 de 26 a 27 de janeiro.<\/p>\n<figure id=\"attachment_141934\" aria-describedby=\"caption-attachment-141934\" style=\"width: 1275px\" class=\"wp-caption alignnone\"><img decoding=\"async\" class=\"wp-image-141934 size-full\" src=\"https:\/\/www.pensarcursos.com.br\/blog\/wp-content\/uploads\/2026\/01\/concurso9-23.jpg\" alt=\"Mulher escrevendo em caderno, estudando em ambiente iluminado.\" width=\"1275\" height=\"731\" srcset=\"https:\/\/www.pensarcursos.com.br\/blog\/wp-content\/uploads\/2026\/01\/concurso9-23.jpg 1275w, https:\/\/www.pensarcursos.com.br\/blog\/wp-content\/uploads\/2026\/01\/concurso9-23-300x172.jpg 300w, https:\/\/www.pensarcursos.com.br\/blog\/wp-content\/uploads\/2026\/01\/concurso9-23-1024x587.jpg 1024w, https:\/\/www.pensarcursos.com.br\/blog\/wp-content\/uploads\/2026\/01\/concurso9-23-768x440.jpg 768w, https:\/\/www.pensarcursos.com.br\/blog\/wp-content\/uploads\/2026\/01\/concurso9-23-750x430.jpg 750w, https:\/\/www.pensarcursos.com.br\/blog\/wp-content\/uploads\/2026\/01\/concurso9-23-1140x654.jpg 1140w\" sizes=\"(max-width: 1275px) 100vw, 1275px\" \/><figcaption id=\"caption-attachment-141934\" class=\"wp-caption-text\">Conhe\u00e7a as etapas do concurso que abriu inscri\u00e7\u00f5es nesta segunda (26). Imagem: Freepik<\/figcaption><\/figure>\n<h2>Processo de sele\u00e7\u00e3o<\/h2>\n<p>O<a href=\"https:\/\/www.pensarcursos.com.br\/blog\/saiu-edital-novo-concurso-com-salarios-de-ate-r-77-mil-abriu-inscricoes-veja-como-se-inscrever\/\"> concurso<\/a> C\u00e2mara Municipal ser\u00e1 composto por prova objetiva, com aplica\u00e7\u00e3o prevista para<strong> 12 de abril de 2026.<\/strong> As provas ter\u00e3o dura\u00e7\u00e3o de tr\u00eas horas e abordar\u00e3o:<\/p>\n<ul>\n<li>10 quest\u00f5es de Portugu\u00eas<\/li>\n<li>5 quest\u00f5es de Matem\u00e1tica<\/li>\n<li>15 quest\u00f5es de Conhecimentos Espec\u00edficos<\/li>\n<\/ul>\n<p>Para aprova\u00e7\u00e3o, a nota m\u00ednima exigida \u00e9 de 50 pontos.<\/p>\n<h2>Resumo do concurso<\/h2>\n<table>\n<tbody>\n<tr>\n<th>Status<\/th>\n<td>Inscri\u00e7\u00f5es abertas<\/td>\n<\/tr>\n<tr>\n<th>Banca<\/th>\n<td><a href=\"https:\/\/app.inepam.org.br\/concurso\/concursoPaginaInterna.do?idInstituicao=78&amp;idConcurso=1\" target=\"_blank\" rel=\"noopener\">INEPAM<\/a><\/td>\n<\/tr>\n<tr>\n<th>Cargos<\/th>\n<td>Diversos<\/td>\n<\/tr>\n<tr>\n<th>Escolaridade<\/th>\n<td>M\u00e9dio, T\u00e9cnico, Superior<\/td>\n<\/tr>\n<tr>\n<th>Vagas<\/th>\n<td>3 imediatas + Cadastro Reserva<\/td>\n<\/tr>\n<tr>\n<th>Sal\u00e1rio inicial<\/th>\n<td>R$ 2.389,00 a R$ 10.612,00<\/td>\n<\/tr>\n<tr>\n<th>Inscri\u00e7\u00f5es<\/th>\n<td>26\/01 a 10\/03\/2026<\/td>\n<\/tr>\n<tr>\n<th>Taxa inscri\u00e7\u00e3o<\/th>\n<td>R$ 78,00 e R$ 88,00<\/td>\n<\/tr>\n<tr>\n<th>Data da prova objetiva<\/th>\n<td>12\/04\/2026<\/td>\n<\/tr>\n<tr>\n<th>Edital<\/th>\n<td><a href=\"https:\/\/www.pensarcursos.com.br\/blog\/wp-content\/uploads\/2026\/01\/Camara-de-Campo-Limpo-Paulista-2026.pdf\" target=\"_blank\" rel=\"noopener\">Edital concurso C\u00e2mara de Campo Limpo Paulista<\/a><\/td>\n<\/tr>\n<\/tbody>\n<\/table>\n<h2>Validade do concurso<\/h2>\n<p>O concurso C\u00e2mara Municipal de Campo Limpo Paulista ter\u00e1 validade inicial de dois anos, com possibilidade de prorroga\u00e7\u00e3o por igual per\u00edodo, conforme necessidade do \u00f3rg\u00e3o e crit\u00e9rios da administra\u00e7\u00e3o p\u00fablica.<\/p>\n<h2>Perguntas frequentes<\/h2>\n<p><strong>1. Quando s\u00e3o as inscri\u00e7\u00f5es?<\/strong><br \/>\nDe 26 de janeiro a 10 de mar\u00e7o de 2026.<\/p>\n<p><strong>2. Onde se inscrever?<\/strong><br \/>\nNo portal da INEPAM.<\/p>\n<p><strong>3. Qual o valor da inscri\u00e7\u00e3o?<\/strong><br \/>\nR$ 78,00 para ensino m\u00e9dio e R$ 88,00 para superior.<\/p>\n<p><strong>4. D\u00e1 para pedir isen\u00e7\u00e3o da taxa?<\/strong><br \/>\nSim, entre 26 e 27 de janeiro de 2026.<\/p>\n<p><strong>5. Quais os requisitos b\u00e1sicos?<\/strong><br \/>\nTer 18 anos, escolaridade conforme cargo, documenta\u00e7\u00e3o regular, e pagar a taxa.<\/p>\n<p><strong>6. Qual a faixa salarial?<\/strong><br \/>\nDe R$ 2.389,00 a R$ 10.612,00.<\/p>\n<p><strong>7. Quando ser\u00e1 a prova?<\/strong><br \/>\n12 de abril de 2026.<\/p>\n<p><strong>8. Como \u00e9 a prova?<\/strong><br \/>\n30 quest\u00f5es: Portugu\u00eas, Matem\u00e1tica e Conhecimentos Espec\u00edficos.<\/p>\n<p><strong>9. Qual a nota m\u00ednima?<\/strong><br \/>\n50 pontos.<\/p>\n<p><strong>10. Qual a validade do concurso?<\/strong><br \/>\nDois anos, podendo ser prorrogado por mais dois.<\/p>\n<p>Quer mais op\u00e7\u00f5es?\u00a0Veja outros editais abertos no <a href=\"https:\/\/www.pensarcursos.com.br\/blog\/\"><strong>Pensar Cursos<\/strong><\/a>!<\/p>\n<div class=\"jeg_video_container jeg_video_content\"><iframe title=\"Como come\u00e7ar a estudar pra concurso de n\u00edvel m\u00e9dio em 2026? Guia completo do zero\" width=\"500\" height=\"281\" src=\"https:\/\/www.youtube.com\/embed\/f5E3hwXslF0?feature=oembed\" frameborder=\"0\" allow=\"accelerometer; autoplay; clipboard-write; encrypted-media; gyroscope; picture-in-picture; web-share\" referrerpolicy=\"strict-origin-when-cross-origin\" allowfullscreen><\/iframe><\/div>\n","protected":false},"excerpt":{"rendered":"<p>Aten\u00e7\u00e3o, concurseiros! O concurso C\u00e2mara Municipal abriu inscri\u00e7\u00f5es nesta segunda-feira (26). A sele\u00e7\u00e3o oferece vagas imediatas, mais cadastro reserva, com sal\u00e1rios que variam de R$ 2.389,00 a R$ 10.612,00. As oportunidades s\u00e3o destinadas a diferentes n\u00edveis de escolaridade, sendo oferecidas fun\u00e7\u00f5es para ensino m\u00e9dio, t\u00e9cnico e superior. Os cargos contemplam diferentes \u00e1reas administrativas. Continue a [&hellip;]<\/p>\n","protected":false},"author":17,"featured_media":141927,"comment_status":"open","ping_status":"closed","sticky":false,"template":"","format":"standard","meta":{"jnews-multi-image_gallery":[],"jnews_single_post":{"format":"standard","override":[{"template":"1","parallax":"1","fullscreen":"1","layout":"right-sidebar","sidebar":"default-sidebar","second_sidebar":"default-sidebar","sticky_sidebar":"1","share_position":"topbottom","share_float_style":"share-monocrhome","show_featured":"1","show_post_meta":"1","show_post_author":"1","show_post_author_image":"1","show_post_date":"1","post_date_format":"default","post_date_format_custom":"Y\/m\/d","show_post_category":"1","post_reading_time_wpm":"300","post_calculate_word_method":"str_word_count","show_zoom_button":"0","zoom_button_out_step":"2","zoom_button_in_step":"3","show_post_tag":"1","show_prev_next_post":"1","show_popup_post":"1","show_comment_section":"1","number_popup_post":"2","show_author_box":"1","show_post_related":"1","show_inline_post_related":"1"}],"image_override":[{"single_post_thumbnail_size":"crop-500","single_post_gallery_size":"crop-500"}],"trending_post_position":"meta","trending_post_label":"Trending","sponsored_post_label":"Sponsored by","disable_ad":"0","subtitle":"As provas ser\u00e3o aplicadas em abril de 2026; saiba mais!"},"jnews_primary_category":[],"jnews_social_meta":[],"jnews_override_counter":{"view_counter_number":"0","share_counter_number":"0","like_counter_number":"0","dislike_counter_number":"0"},"footnotes":""},"categories":[29],"tags":[37740,37742,37741],"class_list":["post-141923","post","type-post","status-publish","format-standard","has-post-thumbnail","hentry","category-concursos","tag-edital-concurso-da-prefeitura-de-campo-limpo-paulista","tag-salarios-concurso-da-prefeitura-de-campo-limpo-paulista","tag-vagas-concurso-da-prefeitura-de-campo-limpo-paulista"],"yoast_head":"<!-- This site is optimized with the Yoast SEO Premium plugin v27.4 (Yoast SEO v27.4) - https:\/\/yoast.com\/product\/yoast-seo-premium-wordpress\/ -->\n<title>SAIU EDITAL! Concurso C\u00e2mara Municipal abriu inscri\u00e7\u00f5es nesta segunda (26) - Sal\u00e1rios de at\u00e9 R$ 10,6 mil - Blog Pensar Cursos<\/title>\n<meta name=\"description\" content=\"Inscreva-se no concurso C\u00e2mara Municipal at\u00e9 10\/03. Sal\u00e1rios at\u00e9 R$ 10.612,00. Veja vagas, requisitos e etapas. Saiba mais agora!\" \/>\n<meta name=\"robots\" content=\"index, follow, max-snippet:-1, max-image-preview:large, max-video-preview:-1\" \/>\n<link rel=\"canonical\" href=\"https:\/\/www.pensarcursos.com.br\/blog\/saiu-edital-concurso-camara-municipal-abriu-inscricoes-nesta-segunda-26-salarios-de-ate-r-106-mil\/\" \/>\n<meta property=\"og:locale\" content=\"pt_BR\" \/>\n<meta property=\"og:type\" content=\"article\" \/>\n<meta property=\"og:title\" content=\"SAIU EDITAL! Concurso C\u00e2mara Municipal abriu inscri\u00e7\u00f5es nesta segunda (26) - Sal\u00e1rios de at\u00e9 R$ 10,6 mil\" \/>\n<meta property=\"og:description\" content=\"Inscreva-se no concurso C\u00e2mara Municipal at\u00e9 10\/03. Sal\u00e1rios at\u00e9 R$ 10.612,00. Veja vagas, requisitos e etapas. Saiba mais agora!\" \/>\n<meta property=\"og:url\" content=\"https:\/\/www.pensarcursos.com.br\/blog\/saiu-edital-concurso-camara-municipal-abriu-inscricoes-nesta-segunda-26-salarios-de-ate-r-106-mil\/\" \/>\n<meta property=\"og:site_name\" content=\"Blog Pensar Cursos\" \/>\n<meta property=\"article:publisher\" content=\"https:\/\/www.facebook.com\/pensarcursos\/\" \/>\n<meta property=\"article:author\" content=\"https:\/\/www.facebook.com\/profile.php?id=61550018262414\" \/>\n<meta property=\"article:published_time\" content=\"2026-01-26T19:19:16+00:00\" \/>\n<meta property=\"og:image\" content=\"https:\/\/www.pensarcursos.com.br\/blog\/wp-content\/uploads\/2026\/01\/Concurso-Camara-Campo-Limpo.png\" \/>\n\t<meta property=\"og:image:width\" content=\"1200\" \/>\n\t<meta property=\"og:image:height\" content=\"800\" \/>\n\t<meta property=\"og:image:type\" content=\"image\/png\" \/>\n<meta name=\"author\" content=\"Gorete Costa\" \/>\n<meta name=\"twitter:card\" content=\"summary_large_image\" \/>\n<meta name=\"twitter:label1\" content=\"Escrito por\" \/>\n\t<meta name=\"twitter:data1\" content=\"Gorete Costa\" \/>\n\t<meta name=\"twitter:label2\" content=\"Est. tempo de leitura\" \/>\n\t<meta name=\"twitter:data2\" content=\"4 minutos\" \/>\n<!-- \/ Yoast SEO Premium plugin. -->","yoast_head_json":{"title":"SAIU EDITAL! Concurso C\u00e2mara Municipal abriu inscri\u00e7\u00f5es nesta segunda (26) - Sal\u00e1rios de at\u00e9 R$ 10,6 mil - Blog Pensar Cursos","description":"Inscreva-se no concurso C\u00e2mara Municipal at\u00e9 10\/03. Sal\u00e1rios at\u00e9 R$ 10.612,00. Veja vagas, requisitos e etapas. Saiba mais agora!","robots":{"index":"index","follow":"follow","max-snippet":"max-snippet:-1","max-image-preview":"max-image-preview:large","max-video-preview":"max-video-preview:-1"},"canonical":"https:\/\/www.pensarcursos.com.br\/blog\/saiu-edital-concurso-camara-municipal-abriu-inscricoes-nesta-segunda-26-salarios-de-ate-r-106-mil\/","og_locale":"pt_BR","og_type":"article","og_title":"SAIU EDITAL! Concurso C\u00e2mara Municipal abriu inscri\u00e7\u00f5es nesta segunda (26) - Sal\u00e1rios de at\u00e9 R$ 10,6 mil","og_description":"Inscreva-se no concurso C\u00e2mara Municipal at\u00e9 10\/03. Sal\u00e1rios at\u00e9 R$ 10.612,00. Veja vagas, requisitos e etapas. Saiba mais agora!","og_url":"https:\/\/www.pensarcursos.com.br\/blog\/saiu-edital-concurso-camara-municipal-abriu-inscricoes-nesta-segunda-26-salarios-de-ate-r-106-mil\/","og_site_name":"Blog Pensar Cursos","article_publisher":"https:\/\/www.facebook.com\/pensarcursos\/","article_author":"https:\/\/www.facebook.com\/profile.php?id=61550018262414","article_published_time":"2026-01-26T19:19:16+00:00","og_image":[{"width":1200,"height":800,"url":"https:\/\/www.pensarcursos.com.br\/blog\/wp-content\/uploads\/2026\/01\/Concurso-Camara-Campo-Limpo.png","type":"image\/png"}],"author":"Gorete Costa","twitter_card":"summary_large_image","twitter_misc":{"Escrito por":"Gorete Costa","Est. tempo de leitura":"4 minutos"},"schema":{"@context":"https:\/\/schema.org","@graph":[{"@type":["Article","BlogPosting"],"@id":"https:\/\/www.pensarcursos.com.br\/blog\/saiu-edital-concurso-camara-municipal-abriu-inscricoes-nesta-segunda-26-salarios-de-ate-r-106-mil\/#article","isPartOf":{"@id":"https:\/\/www.pensarcursos.com.br\/blog\/saiu-edital-concurso-camara-municipal-abriu-inscricoes-nesta-segunda-26-salarios-de-ate-r-106-mil\/"},"author":{"name":"Gorete Costa","@id":"https:\/\/www.pensarcursos.com.br\/blog\/#\/schema\/person\/e133b19d62595d6ab0c12f3e5436a7bb"},"headline":"SAIU EDITAL! Concurso C\u00e2mara Municipal abriu inscri\u00e7\u00f5es nesta segunda (26) &#8211; Sal\u00e1rios de at\u00e9 R$ 10,6 mil","datePublished":"2026-01-26T19:19:16+00:00","mainEntityOfPage":{"@id":"https:\/\/www.pensarcursos.com.br\/blog\/saiu-edital-concurso-camara-municipal-abriu-inscricoes-nesta-segunda-26-salarios-de-ate-r-106-mil\/"},"wordCount":663,"commentCount":0,"publisher":{"@id":"https:\/\/www.pensarcursos.com.br\/blog\/#organization"},"image":{"@id":"https:\/\/www.pensarcursos.com.br\/blog\/saiu-edital-concurso-camara-municipal-abriu-inscricoes-nesta-segunda-26-salarios-de-ate-r-106-mil\/#primaryimage"},"thumbnailUrl":"https:\/\/www.pensarcursos.com.br\/blog\/wp-content\/uploads\/2026\/01\/Concurso-Camara-Campo-Limpo.png","keywords":["edital concurso da prefeitura de campo limpo paulista","sal\u00e1rios concurso da prefeitura de campo limpo paulista","vagas concurso da prefeitura de campo limpo paulista"],"articleSection":["Concursos P\u00fablicos"],"inLanguage":"pt-BR","potentialAction":[{"@type":"CommentAction","name":"Comment","target":["https:\/\/www.pensarcursos.com.br\/blog\/saiu-edital-concurso-camara-municipal-abriu-inscricoes-nesta-segunda-26-salarios-de-ate-r-106-mil\/#respond"]}],"copyrightYear":"2026","copyrightHolder":{"@id":"https:\/\/www.pensarcursos.com.br\/blog\/#organization"}},{"@type":"WebPage","@id":"https:\/\/www.pensarcursos.com.br\/blog\/saiu-edital-concurso-camara-municipal-abriu-inscricoes-nesta-segunda-26-salarios-de-ate-r-106-mil\/","url":"https:\/\/www.pensarcursos.com.br\/blog\/saiu-edital-concurso-camara-municipal-abriu-inscricoes-nesta-segunda-26-salarios-de-ate-r-106-mil\/","name":"SAIU EDITAL! Concurso C\u00e2mara Municipal abriu inscri\u00e7\u00f5es nesta segunda (26) - Sal\u00e1rios de at\u00e9 R$ 10,6 mil - Blog Pensar Cursos","isPartOf":{"@id":"https:\/\/www.pensarcursos.com.br\/blog\/#website"},"primaryImageOfPage":{"@id":"https:\/\/www.pensarcursos.com.br\/blog\/saiu-edital-concurso-camara-municipal-abriu-inscricoes-nesta-segunda-26-salarios-de-ate-r-106-mil\/#primaryimage"},"image":{"@id":"https:\/\/www.pensarcursos.com.br\/blog\/saiu-edital-concurso-camara-municipal-abriu-inscricoes-nesta-segunda-26-salarios-de-ate-r-106-mil\/#primaryimage"},"thumbnailUrl":"https:\/\/www.pensarcursos.com.br\/blog\/wp-content\/uploads\/2026\/01\/Concurso-Camara-Campo-Limpo.png","datePublished":"2026-01-26T19:19:16+00:00","description":"Inscreva-se no concurso C\u00e2mara Municipal at\u00e9 10\/03. Sal\u00e1rios at\u00e9 R$ 10.612,00. Veja vagas, requisitos e etapas. Saiba mais agora!","breadcrumb":{"@id":"https:\/\/www.pensarcursos.com.br\/blog\/saiu-edital-concurso-camara-municipal-abriu-inscricoes-nesta-segunda-26-salarios-de-ate-r-106-mil\/#breadcrumb"},"inLanguage":"pt-BR","potentialAction":[{"@type":"ReadAction","target":["https:\/\/www.pensarcursos.com.br\/blog\/saiu-edital-concurso-camara-municipal-abriu-inscricoes-nesta-segunda-26-salarios-de-ate-r-106-mil\/"]}]},{"@type":"ImageObject","inLanguage":"pt-BR","@id":"https:\/\/www.pensarcursos.com.br\/blog\/saiu-edital-concurso-camara-municipal-abriu-inscricoes-nesta-segunda-26-salarios-de-ate-r-106-mil\/#primaryimage","url":"https:\/\/www.pensarcursos.com.br\/blog\/wp-content\/uploads\/2026\/01\/Concurso-Camara-Campo-Limpo.png","contentUrl":"https:\/\/www.pensarcursos.com.br\/blog\/wp-content\/uploads\/2026\/01\/Concurso-Camara-Campo-Limpo.png","width":1200,"height":800,"caption":"C\u00e2mara Municipal abre concurso com sal\u00e1rios de at\u00e9 R$ 10,6 mil; saiba mais. Imagem: Pensar Cursos"},{"@type":"BreadcrumbList","@id":"https:\/\/www.pensarcursos.com.br\/blog\/saiu-edital-concurso-camara-municipal-abriu-inscricoes-nesta-segunda-26-salarios-de-ate-r-106-mil\/#breadcrumb","itemListElement":[{"@type":"ListItem","position":1,"name":"Home","item":"https:\/\/www.pensarcursos.com.br\/blog\/"},{"@type":"ListItem","position":2,"name":"SAIU EDITAL! Concurso C\u00e2mara Municipal abriu inscri\u00e7\u00f5es nesta segunda (26) &#8211; Sal\u00e1rios de at\u00e9 R$ 10,6 mil"}]},{"@type":"WebSite","@id":"https:\/\/www.pensarcursos.com.br\/blog\/#website","url":"https:\/\/www.pensarcursos.com.br\/blog\/","name":"Blog Pensar Cursos","description":"Maior Site de Cursos do Brasil","publisher":{"@id":"https:\/\/www.pensarcursos.com.br\/blog\/#organization"},"alternateName":"Blog Pensar","potentialAction":[{"@type":"SearchAction","target":{"@type":"EntryPoint","urlTemplate":"https:\/\/www.pensarcursos.com.br\/blog\/?s={search_term_string}"},"query-input":{"@type":"PropertyValueSpecification","valueRequired":true,"valueName":"search_term_string"}}],"inLanguage":"pt-BR"},{"@type":"Organization","@id":"https:\/\/www.pensarcursos.com.br\/blog\/#organization","name":"Pensar Cursos","alternateName":"Blog pensar","url":"https:\/\/www.pensarcursos.com.br\/blog\/","logo":{"@type":"ImageObject","inLanguage":"pt-BR","@id":"https:\/\/www.pensarcursos.com.br\/blog\/#\/schema\/logo\/image\/","url":"https:\/\/www.pensarcursos.com.br\/blog\/wp-content\/uploads\/2023\/11\/Nova-Logo-Pensar-Cursos-vertical.png","contentUrl":"https:\/\/www.pensarcursos.com.br\/blog\/wp-content\/uploads\/2023\/11\/Nova-Logo-Pensar-Cursos-vertical.png","width":1393,"height":1001,"caption":"Pensar Cursos"},"image":{"@id":"https:\/\/www.pensarcursos.com.br\/blog\/#\/schema\/logo\/image\/"},"sameAs":["https:\/\/www.facebook.com\/pensarcursos\/","https:\/\/instagram.com.br\/pensarcursos"],"description":"Pensar Cursos \u00e9 uma empresa especializada em oferecer cursos de alta qualidade voltados para o desenvolvimento profissional e acad\u00eamico. Com uma ampla gama de op\u00e7\u00f5es de treinamento, oferecemos conte\u00fados atualizados, ministrados por especialistas da \u00e1rea, para capacitar indiv\u00edduos e equipes a atingirem seus objetivos. Nossa miss\u00e3o \u00e9 proporcionar uma educa\u00e7\u00e3o transformadora, acess\u00edvel e personalizada para cada aluno, seja em cursos presenciais ou online. Com uma abordagem inovadora, buscamos adaptar os nossos programas de ensino \u00e0s necessidades do mercado, criando solu\u00e7\u00f5es que atendem aos desafios e exig\u00eancias do mundo corporativo e acad\u00eamico. Nossos cursos incluem desde forma\u00e7\u00f5es t\u00e9cnicas at\u00e9 habilidades essenciais, como lideran\u00e7a, gest\u00e3o e desenvolvimento pessoal.","email":"contato@pensarcursos.com.br","legalName":"Sena Servi\u00e7os de Informa\u00e7\u00e3o Online LTDA","foundingDate":"2013-04-18","vatID":"17956217000172","numberOfEmployees":{"@type":"QuantitativeValue","minValue":"11","maxValue":"50"},"publishingPrinciples":"https:\/\/www.pensarcursos.com.br\/blog\/principios-de-publicacao\/","ownershipFundingInfo":"https:\/\/www.pensarcursos.com.br\/blog\/informacoes-de-propriedade-financiamento\/","actionableFeedbackPolicy":"https:\/\/www.pensarcursos.com.br\/blog\/politica-de-feedback-acionavel\/","correctionsPolicy":"https:\/\/www.pensarcursos.com.br\/blog\/politica-de-correcoes\/","ethicsPolicy":"https:\/\/www.pensarcursos.com.br\/blog\/politica-de-etica\/"},{"@type":"Person","@id":"https:\/\/www.pensarcursos.com.br\/blog\/#\/schema\/person\/e133b19d62595d6ab0c12f3e5436a7bb","name":"Gorete Costa","image":{"@type":"ImageObject","inLanguage":"pt-BR","@id":"https:\/\/secure.gravatar.com\/avatar\/8cb99f142e1cb1312d8c202378c20dc4f7210145acc22805481f4a3f47ce9b6f?s=96&d=mm&r=g","url":"https:\/\/secure.gravatar.com\/avatar\/8cb99f142e1cb1312d8c202378c20dc4f7210145acc22805481f4a3f47ce9b6f?s=96&d=mm&r=g","contentUrl":"https:\/\/secure.gravatar.com\/avatar\/8cb99f142e1cb1312d8c202378c20dc4f7210145acc22805481f4a3f47ce9b6f?s=96&d=mm&r=g","caption":"Gorete Costa"},"description":"Graduada em Servi\u00e7o Social pela Universidade do Norte do Paran\u00e1 (Unopar), Gorete Costa \u00e9 especialista em comunica\u00e7\u00e3o, atuando como radialista em programas jornal\u00edsticos e de entretenimento, al\u00e9m de produ\u00e7\u00e3o e revis\u00e3o de textos informativos para sites e blogs.","sameAs":["https:\/\/www.facebook.com\/profile.php?id=61550018262414"],"url":"https:\/\/www.pensarcursos.com.br\/blog\/author\/gorete\/"}]}},"_links":{"self":[{"href":"https:\/\/www.pensarcursos.com.br\/blog\/wp-json\/wp\/v2\/posts\/141923","targetHints":{"allow":["GET"]}}],"collection":[{"href":"https:\/\/www.pensarcursos.com.br\/blog\/wp-json\/wp\/v2\/posts"}],"about":[{"href":"https:\/\/www.pensarcursos.com.br\/blog\/wp-json\/wp\/v2\/types\/post"}],"author":[{"embeddable":true,"href":"https:\/\/www.pensarcursos.com.br\/blog\/wp-json\/wp\/v2\/users\/17"}],"replies":[{"embeddable":true,"href":"https:\/\/www.pensarcursos.com.br\/blog\/wp-json\/wp\/v2\/comments?post=141923"}],"version-history":[{"count":0,"href":"https:\/\/www.pensarcursos.com.br\/blog\/wp-json\/wp\/v2\/posts\/141923\/revisions"}],"wp:featuredmedia":[{"embeddable":true,"href":"https:\/\/www.pensarcursos.com.br\/blog\/wp-json\/wp\/v2\/media\/141927"}],"wp:attachment":[{"href":"https:\/\/www.pensarcursos.com.br\/blog\/wp-json\/wp\/v2\/media?parent=141923"}],"wp:term":[{"taxonomy":"category","embeddable":true,"href":"https:\/\/www.pensarcursos.com.br\/blog\/wp-json\/wp\/v2\/categories?post=141923"},{"taxonomy":"post_tag","embeddable":true,"href":"https:\/\/www.pensarcursos.com.br\/blog\/wp-json\/wp\/v2\/tags?post=141923"}],"curies":[{"name":"wp","href":"https:\/\/api.w.org\/{rel}","templated":true}]}}