{"id":141906,"date":"2026-01-26T13:59:34","date_gmt":"2026-01-26T16:59:34","guid":{"rendered":"https:\/\/www.pensarcursos.com.br\/blog\/?p=141906"},"modified":"2026-01-26T10:56:20","modified_gmt":"2026-01-26T13:56:20","slug":"inss-valor-da-primeira-parcela-do-13o-salario-e-divulgado-veja-como-calcular-a-segunda","status":"publish","type":"post","link":"https:\/\/www.pensarcursos.com.br\/blog\/inss-valor-da-primeira-parcela-do-13o-salario-e-divulgado-veja-como-calcular-a-segunda\/","title":{"rendered":"INSS: valor da primeira parcela do 13\u00ba sal\u00e1rio \u00e9 divulgado &#8211; Veja como calcular a segunda!"},"content":{"rendered":"<p>Todo in\u00edcio de ano a d\u00favida volta: aposentados e pensionistas do\u00a0<strong class=\"Yjhzub\">Instituto Nacional do Seguro Social<\/strong> (INSS) querem saber se j\u00e1 \u00e9 poss\u00edvel consultar o <strong>13\u00ba sal\u00e1rio<\/strong>. Em 2026, n\u00e3o \u00e9 diferente. Para quem j\u00e1 quer saber quanto vai receber de 13\u00ba, o valor da primeira parcela \u00e9 mais f\u00e1cil de descobrir, mas outros detalhes sobre o segundo pagamento ainda geram d\u00favidas.<\/p>\n<p>O benef\u00edcio \u00e9 aguardado por milh\u00f5es de brasileiros, pois traz al\u00edvio ao or\u00e7amento e costuma movimentar a economia. Veja o que j\u00e1 se sabe sobre valores, datas e como calcular a segunda parcela do abono neste ano!<\/p>\n<h2>Previs\u00e3o de datas: quando ser\u00e3o pagos os valores do 13\u00ba do INSS?<\/h2>\n<p>Apesar da expectativa, as datas de pagamentos do 13\u00ba do<a href=\"https:\/\/www.pensarcursos.com.br\/blog\/inss-entenda-a-primeira-e-a-segunda-parcela-do-13o-salario-2026\/\"> INSS<\/a> em 2026 ainda n\u00e3o foram divulgadas pelo \u00f3rg\u00e3o.<\/p>\n<p>O que existe \u00e9 a previs\u00e3o de que os valores possam ser antecipados, seguindo o padr\u00e3o dos \u00faltimos anos, desde que um decreto presidencial seja publicado autorizando essa antecipa\u00e7\u00e3o.<\/p>\n<p>A antecipa\u00e7\u00e3o depende de decis\u00f5es do governo federal, por isso quem recebe o benef\u00edcio deve ficar atento a not\u00edcias oficiais e atualiza\u00e7\u00f5es em portais de refer\u00eancia. O pagamento ocorre junto ao benef\u00edcio mensal, nas datas divulgadas pelo INSS, mas <strong>s\u00f3 ap\u00f3s autoriza\u00e7\u00e3o presidencial.<\/strong><\/p>\n<h2>Como funciona o c\u00e1lculo da primeira e da segunda parcela do 13\u00ba do INSS?<\/h2>\n<h3>Entendendo o valor da primeira parcela do 13\u00ba do INSS<\/h3>\n<p>O valor da <strong>primeira parcela<\/strong> do 13\u00ba do INSS \u00e9 simples de descobrir: equivale a metade do valor do benef\u00edcio mensal e, neste momento, <strong>n\u00e3o sofre nenhum desconto<\/strong>.<\/p>\n<p>Ou seja, quem recebe um benef\u00edcio de R$ 2.000,00 ver\u00e1 a primeira parcela de R$ 1.000,00 cair na conta &#8211; esse \u00e9 o valor bruto, direto e sem descontos, para facilitar o planejamento dos benefici\u00e1rios.<\/p>\n<h3>Como calcular o valor da segunda parcela do 13\u00ba sal\u00e1rio do INSS<\/h3>\n<p>A segunda parcela do <a href=\"https:\/\/www.pensarcursos.com.br\/blog\/inss-saiba-quem-tem-direito-a-r-81050-na-primeira-parcela-do-13o-salario-2026\/\">13\u00ba sal\u00e1rio<\/a> equivale \u00e0 metade do valor do benef\u00edcio. Diferentemente da primeira parcela, que \u00e9 paga integralmente, a segunda<strong> pode ter desconto de Imposto de Renda<\/strong>, dependendo do valor recebido pelo aposentado ou pensionista.<\/p>\n<p>Dessa forma, o valor l\u00edquido da segunda parcela tende a ser menor para quem est\u00e1 sujeito ao <a href=\"https:\/\/www.gov.br\/secom\/pt-br\/acompanhe-a-secom\/noticias\/2026\/01\/nova-tabela-do-ir-veja-faixas-e-aliquotas-e-saiba-mais-sobre-medida-que-isenta-o-pagamento-para-quem-ganha-ate-r-5-mil\" target=\"_blank\" rel=\"noopener\">Imposto de Renda<\/a>, j\u00e1 que a primeira \u00e9 paga integralmente.<\/p>\n<p>Ter isso em mente ajuda no planejamento financeiro de quem depende desse dinheiro extra.<\/p>\n<p>Passo a passo para calcular:<\/p>\n<ul>\n<li>Pegue o valor do seu benef\u00edcio mensal<\/li>\n<li>Divida por 2 (esse \u00e9 o valor bruto da segunda parcela)<\/li>\n<li>Aplique o desconto de acordo com a faixa, se aplic\u00e1vel<\/li>\n<\/ul>\n<h2>Pontos importantes sobre o 13\u00ba do INSS em 2026<\/h2>\n<ul>\n<li>A primeira parcela\u00a0<strong>n\u00e3o tem desconto<\/strong>.<\/li>\n<li>A segunda parcela pode ter desconto de Imposto de Renda, se aplic\u00e1vel.<\/li>\n<li>O calend\u00e1rio oficial depende de publica\u00e7\u00e3o de decreto presidencial.<\/li>\n<li>Consultas podem ser feitas gratuitamente no Meu INSS, site, app ou pelo atendimento por telefone do INSS.<\/li>\n<li>Antecipa\u00e7\u00e3o depende de decis\u00e3o do governo federal.<\/li>\n<\/ul>\n<figure id=\"attachment_141911\" aria-describedby=\"caption-attachment-141911\" style=\"width: 1200px\" class=\"wp-caption aligncenter\"><img decoding=\"async\" class=\"wp-image-141911 size-full\" src=\"https:\/\/www.pensarcursos.com.br\/blog\/wp-content\/uploads\/2026\/01\/INSS-1-17.png\" alt=\"M\u00e3os de idoso utilizando smartphone com logo digitalizado do INSS.\" width=\"1200\" height=\"800\" srcset=\"https:\/\/www.pensarcursos.com.br\/blog\/wp-content\/uploads\/2026\/01\/INSS-1-17.png 1200w, https:\/\/www.pensarcursos.com.br\/blog\/wp-content\/uploads\/2026\/01\/INSS-1-17-300x200.png 300w, https:\/\/www.pensarcursos.com.br\/blog\/wp-content\/uploads\/2026\/01\/INSS-1-17-1024x683.png 1024w, https:\/\/www.pensarcursos.com.br\/blog\/wp-content\/uploads\/2026\/01\/INSS-1-17-768x512.png 768w, https:\/\/www.pensarcursos.com.br\/blog\/wp-content\/uploads\/2026\/01\/INSS-1-17-750x500.png 750w, https:\/\/www.pensarcursos.com.br\/blog\/wp-content\/uploads\/2026\/01\/INSS-1-17-1140x760.png 1140w\" sizes=\"(max-width: 1200px) 100vw, 1200px\" \/><figcaption id=\"caption-attachment-141911\" class=\"wp-caption-text\">Assim que as datas forem divulgadas, a consulta do 13\u00ba sal\u00e1rio do INSS poder\u00e1 ser feita pelo Meu INSS. Imagem: Pensar Cursos<\/figcaption><\/figure>\n<p>Para quem utiliza o INSS como fonte de renda principal, estar atento \u00e0s regras e prazos do 13\u00ba permite mais previsibilidade financeira.<\/p>\n<p>Essas informa\u00e7\u00f5es ajudam o benefici\u00e1rio a planejar compras, pagamentos extras ou pequenos sonhos. Voc\u00ea j\u00e1 sabe como vai usar o seu 13\u00ba sal\u00e1rio esse ano?<\/p>\n<h2>Perguntas frequentes<\/h2>\n<ul>\n<li><strong>Quando saem as datas de pagamento do 13\u00ba do INSS?<\/strong><br \/>\nAssim que for publicado decreto presidencial.<\/li>\n<li><strong>Como consultar o valor do 13\u00ba pelo aplicativo?<\/strong><br \/>\nBasta acessar o Meu INSS, fazer login e conferir a folha de pagamento.<\/li>\n<li><strong>Quem teve benef\u00edcio concedido durante o ano recebe proporcional?<\/strong><br \/>\nSim, o valor \u00e9 calculado com base nos meses de recebimento dentro do ano vigente.<\/li>\n<li><strong>Como saber se terei desconto de IR na segunda parcela?<\/strong><br \/>\nVerifique se o benef\u00edcio mensal ultrapassa a faixa de isen\u00e7\u00e3o publicada para 2026.<\/li>\n<\/ul>\n<p>Para conferir mais conte\u00fados como este, acesse o <a href=\"https:\/\/www.pensarcursos.com.br\/blog\/\"><strong>Pensar Cursos<\/strong> <\/a>diariamente!<\/p>\n<div class=\"jeg_video_container jeg_video_content\"><iframe title=\"Quando v\u00e3o pagar o INSS em 2026? Calend\u00e1rio oficial saiu e tem novidade\" width=\"500\" height=\"281\" src=\"https:\/\/www.youtube.com\/embed\/oewN8G9mELY?feature=oembed\" frameborder=\"0\" allow=\"accelerometer; autoplay; clipboard-write; encrypted-media; gyroscope; picture-in-picture; web-share\" referrerpolicy=\"strict-origin-when-cross-origin\" allowfullscreen><\/iframe><\/div>\n","protected":false},"excerpt":{"rendered":"<p>Todo in\u00edcio de ano a d\u00favida volta: aposentados e pensionistas do\u00a0Instituto Nacional do Seguro Social (INSS) querem saber se j\u00e1 \u00e9 poss\u00edvel consultar o 13\u00ba sal\u00e1rio. Em 2026, n\u00e3o \u00e9 diferente. Para quem j\u00e1 quer saber quanto vai receber de 13\u00ba, o valor da primeira parcela \u00e9 mais f\u00e1cil de descobrir, mas outros detalhes sobre [&hellip;]<\/p>\n","protected":false},"author":17,"featured_media":141910,"comment_status":"open","ping_status":"closed","sticky":false,"template":"","format":"standard","meta":{"jnews-multi-image_gallery":[],"jnews_single_post":{"subtitle":"Pagamento segue cronograma com base no n\u00famero final do benef\u00edcio; saiba mais!","format":"standard","override":[{"template":"1","parallax":"1","fullscreen":"1","layout":"right-sidebar","sidebar":"default-sidebar","second_sidebar":"default-sidebar","sticky_sidebar":"1","share_position":"topbottom","share_float_style":"share-monocrhome","show_featured":"1","show_post_meta":"1","show_post_author":"1","show_post_author_image":"1","show_post_date":"1","post_date_format":"default","post_date_format_custom":"Y\/m\/d","show_post_category":"1","post_reading_time_wpm":"300","post_calculate_word_method":"str_word_count","show_zoom_button":"0","zoom_button_out_step":"2","zoom_button_in_step":"3","show_post_tag":"1","show_prev_next_post":"1","show_popup_post":"1","show_comment_section":"1","number_popup_post":"2","show_author_box":"1","show_post_related":"1","show_inline_post_related":"1"}],"image_override":[{"single_post_thumbnail_size":"crop-500","single_post_gallery_size":"crop-500"}],"trending_post_position":"meta","trending_post_label":"Trending","sponsored_post_label":"Sponsored by","disable_ad":"0"},"jnews_primary_category":[],"jnews_social_meta":[],"jnews_override_counter":{"view_counter_number":"0","share_counter_number":"0","like_counter_number":"0","dislike_counter_number":"0"},"footnotes":""},"categories":[1691],"tags":[27614,27135,37735],"class_list":["post-141906","post","type-post","status-publish","format-standard","has-post-thumbnail","hentry","category-direitos-do-trabalhador","tag-consulta-pagamento-13-salario-inss","tag-pagamento-13-salario-inss","tag-valor-13-salario-inss"],"yoast_head":"<!-- This site is optimized with the Yoast SEO Premium plugin v27.4 (Yoast SEO v27.4) - https:\/\/yoast.com\/product\/yoast-seo-premium-wordpress\/ -->\n<title>INSS: valor da primeira parcela do 13\u00ba sal\u00e1rio \u00e9 divulgado - Veja como calcular a segunda! - Blog Pensar Cursos<\/title>\n<meta name=\"description\" content=\"Saiba quando sai e como calcular a 2\u00aa parcela do 13\u00ba do INSS em 2026. Veja descontos, exemplos pr\u00e1ticos e confira as datas previstas!\" \/>\n<meta name=\"robots\" content=\"index, follow, max-snippet:-1, max-image-preview:large, max-video-preview:-1\" \/>\n<link rel=\"canonical\" href=\"https:\/\/www.pensarcursos.com.br\/blog\/inss-valor-da-primeira-parcela-do-13o-salario-e-divulgado-veja-como-calcular-a-segunda\/\" \/>\n<meta property=\"og:locale\" content=\"pt_BR\" \/>\n<meta property=\"og:type\" content=\"article\" \/>\n<meta property=\"og:title\" content=\"INSS: valor da primeira parcela do 13\u00ba sal\u00e1rio \u00e9 divulgado - Veja como calcular a segunda!\" \/>\n<meta property=\"og:description\" content=\"Saiba quando sai e como calcular a 2\u00aa parcela do 13\u00ba do INSS em 2026. Veja descontos, exemplos pr\u00e1ticos e confira as datas previstas!\" \/>\n<meta property=\"og:url\" content=\"https:\/\/www.pensarcursos.com.br\/blog\/inss-valor-da-primeira-parcela-do-13o-salario-e-divulgado-veja-como-calcular-a-segunda\/\" \/>\n<meta property=\"og:site_name\" content=\"Blog Pensar Cursos\" \/>\n<meta property=\"article:publisher\" content=\"https:\/\/www.facebook.com\/pensarcursos\/\" \/>\n<meta property=\"article:author\" content=\"https:\/\/www.facebook.com\/profile.php?id=61550018262414\" \/>\n<meta property=\"article:published_time\" content=\"2026-01-26T16:59:34+00:00\" \/>\n<meta property=\"og:image\" content=\"https:\/\/www.pensarcursos.com.br\/blog\/wp-content\/uploads\/2026\/01\/13o-salario-do-INSS-2026-valores-datas-consulta-e-quem-tem-direito-1.webp\" \/>\n\t<meta property=\"og:image:width\" content=\"1200\" \/>\n\t<meta property=\"og:image:height\" content=\"800\" \/>\n\t<meta property=\"og:image:type\" content=\"image\/webp\" \/>\n<meta name=\"author\" content=\"Gorete Costa\" \/>\n<meta name=\"twitter:card\" content=\"summary_large_image\" \/>\n<meta name=\"twitter:label1\" content=\"Escrito por\" \/>\n\t<meta name=\"twitter:data1\" content=\"Gorete Costa\" \/>\n\t<meta name=\"twitter:label2\" content=\"Est. tempo de leitura\" \/>\n\t<meta name=\"twitter:data2\" content=\"4 minutos\" \/>\n<!-- \/ Yoast SEO Premium plugin. -->","yoast_head_json":{"title":"INSS: valor da primeira parcela do 13\u00ba sal\u00e1rio \u00e9 divulgado - Veja como calcular a segunda! - Blog Pensar Cursos","description":"Saiba quando sai e como calcular a 2\u00aa parcela do 13\u00ba do INSS em 2026. Veja descontos, exemplos pr\u00e1ticos e confira as datas previstas!","robots":{"index":"index","follow":"follow","max-snippet":"max-snippet:-1","max-image-preview":"max-image-preview:large","max-video-preview":"max-video-preview:-1"},"canonical":"https:\/\/www.pensarcursos.com.br\/blog\/inss-valor-da-primeira-parcela-do-13o-salario-e-divulgado-veja-como-calcular-a-segunda\/","og_locale":"pt_BR","og_type":"article","og_title":"INSS: valor da primeira parcela do 13\u00ba sal\u00e1rio \u00e9 divulgado - Veja como calcular a segunda!","og_description":"Saiba quando sai e como calcular a 2\u00aa parcela do 13\u00ba do INSS em 2026. Veja descontos, exemplos pr\u00e1ticos e confira as datas previstas!","og_url":"https:\/\/www.pensarcursos.com.br\/blog\/inss-valor-da-primeira-parcela-do-13o-salario-e-divulgado-veja-como-calcular-a-segunda\/","og_site_name":"Blog Pensar Cursos","article_publisher":"https:\/\/www.facebook.com\/pensarcursos\/","article_author":"https:\/\/www.facebook.com\/profile.php?id=61550018262414","article_published_time":"2026-01-26T16:59:34+00:00","og_image":[{"width":1200,"height":800,"url":"https:\/\/www.pensarcursos.com.br\/blog\/wp-content\/uploads\/2026\/01\/13o-salario-do-INSS-2026-valores-datas-consulta-e-quem-tem-direito-1.webp","type":"image\/webp"}],"author":"Gorete Costa","twitter_card":"summary_large_image","twitter_misc":{"Escrito por":"Gorete Costa","Est. tempo de leitura":"4 minutos"},"schema":{"@context":"https:\/\/schema.org","@graph":[{"@type":["Article","BlogPosting"],"@id":"https:\/\/www.pensarcursos.com.br\/blog\/inss-valor-da-primeira-parcela-do-13o-salario-e-divulgado-veja-como-calcular-a-segunda\/#article","isPartOf":{"@id":"https:\/\/www.pensarcursos.com.br\/blog\/inss-valor-da-primeira-parcela-do-13o-salario-e-divulgado-veja-como-calcular-a-segunda\/"},"author":{"name":"Gorete Costa","@id":"https:\/\/www.pensarcursos.com.br\/blog\/#\/schema\/person\/e133b19d62595d6ab0c12f3e5436a7bb"},"headline":"INSS: valor da primeira parcela do 13\u00ba sal\u00e1rio \u00e9 divulgado &#8211; Veja como calcular a segunda!","datePublished":"2026-01-26T16:59:34+00:00","mainEntityOfPage":{"@id":"https:\/\/www.pensarcursos.com.br\/blog\/inss-valor-da-primeira-parcela-do-13o-salario-e-divulgado-veja-como-calcular-a-segunda\/"},"wordCount":688,"commentCount":0,"publisher":{"@id":"https:\/\/www.pensarcursos.com.br\/blog\/#organization"},"image":{"@id":"https:\/\/www.pensarcursos.com.br\/blog\/inss-valor-da-primeira-parcela-do-13o-salario-e-divulgado-veja-como-calcular-a-segunda\/#primaryimage"},"thumbnailUrl":"https:\/\/www.pensarcursos.com.br\/blog\/wp-content\/uploads\/2026\/01\/13o-salario-do-INSS-2026-valores-datas-consulta-e-quem-tem-direito-1.webp","keywords":["consulta pagamento 13 sal\u00e1rio inss","pagamento 13 sal\u00e1rio inss","valor 13 sal\u00e1rio inss"],"articleSection":["Direitos do Trabalhador"],"inLanguage":"pt-BR","potentialAction":[{"@type":"CommentAction","name":"Comment","target":["https:\/\/www.pensarcursos.com.br\/blog\/inss-valor-da-primeira-parcela-do-13o-salario-e-divulgado-veja-como-calcular-a-segunda\/#respond"]}],"copyrightYear":"2026","copyrightHolder":{"@id":"https:\/\/www.pensarcursos.com.br\/blog\/#organization"}},{"@type":"WebPage","@id":"https:\/\/www.pensarcursos.com.br\/blog\/inss-valor-da-primeira-parcela-do-13o-salario-e-divulgado-veja-como-calcular-a-segunda\/","url":"https:\/\/www.pensarcursos.com.br\/blog\/inss-valor-da-primeira-parcela-do-13o-salario-e-divulgado-veja-como-calcular-a-segunda\/","name":"INSS: valor da primeira parcela do 13\u00ba sal\u00e1rio \u00e9 divulgado - Veja como calcular a segunda! - Blog Pensar Cursos","isPartOf":{"@id":"https:\/\/www.pensarcursos.com.br\/blog\/#website"},"primaryImageOfPage":{"@id":"https:\/\/www.pensarcursos.com.br\/blog\/inss-valor-da-primeira-parcela-do-13o-salario-e-divulgado-veja-como-calcular-a-segunda\/#primaryimage"},"image":{"@id":"https:\/\/www.pensarcursos.com.br\/blog\/inss-valor-da-primeira-parcela-do-13o-salario-e-divulgado-veja-como-calcular-a-segunda\/#primaryimage"},"thumbnailUrl":"https:\/\/www.pensarcursos.com.br\/blog\/wp-content\/uploads\/2026\/01\/13o-salario-do-INSS-2026-valores-datas-consulta-e-quem-tem-direito-1.webp","datePublished":"2026-01-26T16:59:34+00:00","description":"Saiba quando sai e como calcular a 2\u00aa parcela do 13\u00ba do INSS em 2026. Veja descontos, exemplos pr\u00e1ticos e confira as datas previstas!","breadcrumb":{"@id":"https:\/\/www.pensarcursos.com.br\/blog\/inss-valor-da-primeira-parcela-do-13o-salario-e-divulgado-veja-como-calcular-a-segunda\/#breadcrumb"},"inLanguage":"pt-BR","potentialAction":[{"@type":"ReadAction","target":["https:\/\/www.pensarcursos.com.br\/blog\/inss-valor-da-primeira-parcela-do-13o-salario-e-divulgado-veja-como-calcular-a-segunda\/"]}]},{"@type":"ImageObject","inLanguage":"pt-BR","@id":"https:\/\/www.pensarcursos.com.br\/blog\/inss-valor-da-primeira-parcela-do-13o-salario-e-divulgado-veja-como-calcular-a-segunda\/#primaryimage","url":"https:\/\/www.pensarcursos.com.br\/blog\/wp-content\/uploads\/2026\/01\/13o-salario-do-INSS-2026-valores-datas-consulta-e-quem-tem-direito-1.webp","contentUrl":"https:\/\/www.pensarcursos.com.br\/blog\/wp-content\/uploads\/2026\/01\/13o-salario-do-INSS-2026-valores-datas-consulta-e-quem-tem-direito-1.webp","width":1200,"height":800,"caption":"13\u00ba sal\u00e1rio do INSS: valor da primeira parcela sai e segunda pode ter desconto. Imagem: Pensar Cursos"},{"@type":"BreadcrumbList","@id":"https:\/\/www.pensarcursos.com.br\/blog\/inss-valor-da-primeira-parcela-do-13o-salario-e-divulgado-veja-como-calcular-a-segunda\/#breadcrumb","itemListElement":[{"@type":"ListItem","position":1,"name":"Home","item":"https:\/\/www.pensarcursos.com.br\/blog\/"},{"@type":"ListItem","position":2,"name":"INSS: valor da primeira parcela do 13\u00ba sal\u00e1rio \u00e9 divulgado &#8211; Veja como calcular a segunda!"}]},{"@type":"WebSite","@id":"https:\/\/www.pensarcursos.com.br\/blog\/#website","url":"https:\/\/www.pensarcursos.com.br\/blog\/","name":"Blog Pensar Cursos","description":"Maior Site de Cursos do Brasil","publisher":{"@id":"https:\/\/www.pensarcursos.com.br\/blog\/#organization"},"alternateName":"Blog Pensar","potentialAction":[{"@type":"SearchAction","target":{"@type":"EntryPoint","urlTemplate":"https:\/\/www.pensarcursos.com.br\/blog\/?s={search_term_string}"},"query-input":{"@type":"PropertyValueSpecification","valueRequired":true,"valueName":"search_term_string"}}],"inLanguage":"pt-BR"},{"@type":"Organization","@id":"https:\/\/www.pensarcursos.com.br\/blog\/#organization","name":"Pensar Cursos","alternateName":"Blog pensar","url":"https:\/\/www.pensarcursos.com.br\/blog\/","logo":{"@type":"ImageObject","inLanguage":"pt-BR","@id":"https:\/\/www.pensarcursos.com.br\/blog\/#\/schema\/logo\/image\/","url":"https:\/\/www.pensarcursos.com.br\/blog\/wp-content\/uploads\/2023\/11\/Nova-Logo-Pensar-Cursos-vertical.png","contentUrl":"https:\/\/www.pensarcursos.com.br\/blog\/wp-content\/uploads\/2023\/11\/Nova-Logo-Pensar-Cursos-vertical.png","width":1393,"height":1001,"caption":"Pensar Cursos"},"image":{"@id":"https:\/\/www.pensarcursos.com.br\/blog\/#\/schema\/logo\/image\/"},"sameAs":["https:\/\/www.facebook.com\/pensarcursos\/","https:\/\/instagram.com.br\/pensarcursos"],"description":"Pensar Cursos \u00e9 uma empresa especializada em oferecer cursos de alta qualidade voltados para o desenvolvimento profissional e acad\u00eamico. Com uma ampla gama de op\u00e7\u00f5es de treinamento, oferecemos conte\u00fados atualizados, ministrados por especialistas da \u00e1rea, para capacitar indiv\u00edduos e equipes a atingirem seus objetivos. Nossa miss\u00e3o \u00e9 proporcionar uma educa\u00e7\u00e3o transformadora, acess\u00edvel e personalizada para cada aluno, seja em cursos presenciais ou online. Com uma abordagem inovadora, buscamos adaptar os nossos programas de ensino \u00e0s necessidades do mercado, criando solu\u00e7\u00f5es que atendem aos desafios e exig\u00eancias do mundo corporativo e acad\u00eamico. Nossos cursos incluem desde forma\u00e7\u00f5es t\u00e9cnicas at\u00e9 habilidades essenciais, como lideran\u00e7a, gest\u00e3o e desenvolvimento pessoal.","email":"contato@pensarcursos.com.br","legalName":"Sena Servi\u00e7os de Informa\u00e7\u00e3o Online LTDA","foundingDate":"2013-04-18","vatID":"17956217000172","numberOfEmployees":{"@type":"QuantitativeValue","minValue":"11","maxValue":"50"},"publishingPrinciples":"https:\/\/www.pensarcursos.com.br\/blog\/principios-de-publicacao\/","ownershipFundingInfo":"https:\/\/www.pensarcursos.com.br\/blog\/informacoes-de-propriedade-financiamento\/","actionableFeedbackPolicy":"https:\/\/www.pensarcursos.com.br\/blog\/politica-de-feedback-acionavel\/","correctionsPolicy":"https:\/\/www.pensarcursos.com.br\/blog\/politica-de-correcoes\/","ethicsPolicy":"https:\/\/www.pensarcursos.com.br\/blog\/politica-de-etica\/"},{"@type":"Person","@id":"https:\/\/www.pensarcursos.com.br\/blog\/#\/schema\/person\/e133b19d62595d6ab0c12f3e5436a7bb","name":"Gorete Costa","image":{"@type":"ImageObject","inLanguage":"pt-BR","@id":"https:\/\/secure.gravatar.com\/avatar\/8cb99f142e1cb1312d8c202378c20dc4f7210145acc22805481f4a3f47ce9b6f?s=96&d=mm&r=g","url":"https:\/\/secure.gravatar.com\/avatar\/8cb99f142e1cb1312d8c202378c20dc4f7210145acc22805481f4a3f47ce9b6f?s=96&d=mm&r=g","contentUrl":"https:\/\/secure.gravatar.com\/avatar\/8cb99f142e1cb1312d8c202378c20dc4f7210145acc22805481f4a3f47ce9b6f?s=96&d=mm&r=g","caption":"Gorete Costa"},"description":"Graduada em Servi\u00e7o Social pela Universidade do Norte do Paran\u00e1 (Unopar), Gorete Costa \u00e9 especialista em comunica\u00e7\u00e3o, atuando como radialista em programas jornal\u00edsticos e de entretenimento, al\u00e9m de produ\u00e7\u00e3o e revis\u00e3o de textos informativos para sites e blogs.","sameAs":["https:\/\/www.facebook.com\/profile.php?id=61550018262414"],"url":"https:\/\/www.pensarcursos.com.br\/blog\/author\/gorete\/"}]}},"_links":{"self":[{"href":"https:\/\/www.pensarcursos.com.br\/blog\/wp-json\/wp\/v2\/posts\/141906","targetHints":{"allow":["GET"]}}],"collection":[{"href":"https:\/\/www.pensarcursos.com.br\/blog\/wp-json\/wp\/v2\/posts"}],"about":[{"href":"https:\/\/www.pensarcursos.com.br\/blog\/wp-json\/wp\/v2\/types\/post"}],"author":[{"embeddable":true,"href":"https:\/\/www.pensarcursos.com.br\/blog\/wp-json\/wp\/v2\/users\/17"}],"replies":[{"embeddable":true,"href":"https:\/\/www.pensarcursos.com.br\/blog\/wp-json\/wp\/v2\/comments?post=141906"}],"version-history":[{"count":0,"href":"https:\/\/www.pensarcursos.com.br\/blog\/wp-json\/wp\/v2\/posts\/141906\/revisions"}],"wp:featuredmedia":[{"embeddable":true,"href":"https:\/\/www.pensarcursos.com.br\/blog\/wp-json\/wp\/v2\/media\/141910"}],"wp:attachment":[{"href":"https:\/\/www.pensarcursos.com.br\/blog\/wp-json\/wp\/v2\/media?parent=141906"}],"wp:term":[{"taxonomy":"category","embeddable":true,"href":"https:\/\/www.pensarcursos.com.br\/blog\/wp-json\/wp\/v2\/categories?post=141906"},{"taxonomy":"post_tag","embeddable":true,"href":"https:\/\/www.pensarcursos.com.br\/blog\/wp-json\/wp\/v2\/tags?post=141906"}],"curies":[{"name":"wp","href":"https:\/\/api.w.org\/{rel}","templated":true}]}}