{"id":141879,"date":"2026-01-26T15:39:17","date_gmt":"2026-01-26T18:39:17","guid":{"rendered":"https:\/\/www.pensarcursos.com.br\/blog\/?p=141879"},"modified":"2026-01-26T09:46:21","modified_gmt":"2026-01-26T12:46:21","slug":"inss-e-bpc-aumento-de-r-103-comeca-a-ser-pago-nesta-segunda-26-veja-se-voce-tem-direito","status":"publish","type":"post","link":"https:\/\/www.pensarcursos.com.br\/blog\/inss-e-bpc-aumento-de-r-103-comeca-a-ser-pago-nesta-segunda-26-veja-se-voce-tem-direito\/","title":{"rendered":"INSS e BPC: aumento de R$ 103 come\u00e7a a ser pago nesta segunda (26) &#8211; Veja se voc\u00ea tem direito!"},"content":{"rendered":"<p>Aten\u00e7\u00e3o, benefici\u00e1rios do <a href=\"https:\/\/www.pensarcursos.com.br\/blog\/inss-quem-tem-cartao-com-final-1-2-3-4-e-5-esta-na-lista-de-pagamento-a-partir-desta-segunda-feira-26-veja-o-valor\/\">Instituto Nacional do Seguro Social<\/a> (INSS) e do Benef\u00edcio de Presta\u00e7\u00e3o Continuada (BPC)! Come\u00e7aram a ser liberados os pagamentos referentes a janeiro de 2026 nesta segunda-feira (26), j\u00e1 com aumento de R$ 103. O dep\u00f3sito dos valores segue um calend\u00e1rio espec\u00edfico, e \u00e9 fundamental que os segurados verifiquem a data correta para o saque, a fim de evitar deslocamentos desnecess\u00e1rios.<\/p>\n<p>O cronograma de pagamentos, como de costume, foi organizado com base no n\u00famero final do cart\u00e3o de benef\u00edcio. Para milh\u00f5es de aposentados, pensionistas e pessoas que recebem aux\u00edlios, esta \u00e9 uma informa\u00e7\u00e3o importante para o planejamento financeiro do m\u00eas. Confira as datas de pagamento e veja se voc\u00ea tem direito!<\/p>\n<h2>Aumento de R$ 103 dos benef\u00edcios: Entenda o reajuste<\/h2>\n<figure id=\"attachment_141893\" aria-describedby=\"caption-attachment-141893\" style=\"width: 1200px\" class=\"wp-caption aligncenter\"><img decoding=\"async\" class=\"size-full wp-image-141893\" src=\"https:\/\/www.pensarcursos.com.br\/blog\/wp-content\/uploads\/2026\/01\/pagamentos-do-inss.webp\" alt=\"Pessoa segurando notas de real que representam o aumento de R$ 103 nos benef\u00edcios do INSS e do BPC.\" width=\"1200\" height=\"800\" srcset=\"https:\/\/www.pensarcursos.com.br\/blog\/wp-content\/uploads\/2026\/01\/pagamentos-do-inss.webp 1200w, https:\/\/www.pensarcursos.com.br\/blog\/wp-content\/uploads\/2026\/01\/pagamentos-do-inss-300x200.webp 300w, https:\/\/www.pensarcursos.com.br\/blog\/wp-content\/uploads\/2026\/01\/pagamentos-do-inss-1024x683.webp 1024w, https:\/\/www.pensarcursos.com.br\/blog\/wp-content\/uploads\/2026\/01\/pagamentos-do-inss-768x512.webp 768w, https:\/\/www.pensarcursos.com.br\/blog\/wp-content\/uploads\/2026\/01\/pagamentos-do-inss-750x500.webp 750w, https:\/\/www.pensarcursos.com.br\/blog\/wp-content\/uploads\/2026\/01\/pagamentos-do-inss-1140x760.webp 1140w\" sizes=\"(max-width: 1200px) 100vw, 1200px\" \/><figcaption id=\"caption-attachment-141893\" class=\"wp-caption-text\">Aumento de R$ 103 eleva o valor mensal pago aos benefici\u00e1rios do INSS e do BPC. Veja!<br \/>Imagem: Pensar Cursos<\/figcaption><\/figure>\n<p>Com o in\u00edcio do novo calend\u00e1rio, os valores dos <a href=\"https:\/\/www.pensarcursos.com.br\/blog\/beneficios-do-inss-tem-reajuste-e-passam-a-ser-de-r-1-621-a-partir-deste-mes\/\">benef\u00edcios<\/a> foram atualizados automaticamente. O reajuste \u00e9 aplicado diretamente no pagamento, sem que o segurado precise fazer qualquer solicita\u00e7\u00e3o. Isso significa que o valor depositado nesta segunda-feira (26) na conta j\u00e1 est\u00e1 maior.<\/p>\n<p>Antes os pagamentos eram de R$ 1.518 (sal\u00e1rio m\u00ednimo de 2025), agora passa a ser de <strong>R$ 1.621<\/strong> (novo sal\u00e1rio m\u00ednimo de 2026), representando um <strong>aumento de R$ 103 no dep\u00f3sito mensal<\/strong>. A atualiza\u00e7\u00e3o vale para aposentadorias, pens\u00f5es e tamb\u00e9m para o Benef\u00edcio de Presta\u00e7\u00e3o Continuada (BPC), que sempre corresponde a um sal\u00e1rio m\u00ednimo vigente.<\/p>\n<h2>INSS e BPC: Calend\u00e1rio de pagamentos de janeiro 2026<\/h2>\n<p>Para saber o dia exato do recebimento, o benefici\u00e1rio deve observar o n\u00famero final do seu cart\u00e3o de benef\u00edcio, desconsiderando o d\u00edgito verificador (o algarismo que vem depois do tra\u00e7o). Por exemplo, se o n\u00famero \u00e9 123.456.78<strong>9<\/strong>-0, o n\u00famero a ser considerado \u00e9 o\u00a0<strong>9<\/strong>.<\/p>\n<p>Os pagamentos s\u00e3o divididos em dois grupos: para quem recebe at\u00e9 um sal\u00e1rio m\u00ednimo e para quem recebe acima desse valor.<\/p>\n<h3>Para quem recebe at\u00e9 1 sal\u00e1rio m\u00ednimo:<\/h3>\n<ul>\n<li><strong>Final 1:<\/strong>\u00a026 de janeiro<\/li>\n<li><strong>Final 2:<\/strong>\u00a027 de janeiro<\/li>\n<li><strong>Final 3:<\/strong>\u00a028 de janeiro<\/li>\n<li><strong>Final 4:<\/strong>\u00a029 de janeiro<\/li>\n<li><strong>Final 5:<\/strong>\u00a030 de janeiro<\/li>\n<li><strong>Final 6:<\/strong>\u00a02 de fevereiro<\/li>\n<li><strong>Final 7:<\/strong>\u00a03 de fevereiro<\/li>\n<li><strong>Final 8:<\/strong>\u00a04 de fevereiro<\/li>\n<li><strong>Final 9:<\/strong>\u00a05 de fevereiro<\/li>\n<li><strong>Final 0:<\/strong>\u00a06 de fevereiro<\/li>\n<\/ul>\n<h3>Para quem recebe acima de 1 sal\u00e1rio m\u00ednimo:<\/h3>\n<ul>\n<li><strong>Finais 1 e 6:<\/strong>\u00a02 de fevereiro<\/li>\n<li><strong>Finais 2 e 7:<\/strong>\u00a03 de fevereiro<\/li>\n<li><strong>Finais 3 e 8:<\/strong>\u00a04 de fevereiro<\/li>\n<li><strong>Finais 4 e 9:<\/strong>\u00a05 de fevereiro<\/li>\n<li><strong>Finais 5 e 0:<\/strong>\u00a06 de fevereiro<\/li>\n<\/ul>\n<h2>Como consultar o valor e a data do pagamento?<\/h2>\n<p>Existem formas simples e r\u00e1pidas para o cidad\u00e3o confirmar as informa\u00e7\u00f5es sobre seu benef\u00edcio sem sair de casa. As principais ferramentas s\u00e3o o site ou aplicativo <a href=\"https:\/\/meu.inss.gov.br\/\" target=\"_blank\" rel=\"noopener\">Meu INSS<\/a> e a central telef\u00f4nica 135.<\/p>\n<h3>Pelo site ou aplicativo Meu INSS<\/h3>\n<p>A plataforma digital Meu INSS \u00e9 a maneira mais pr\u00e1tica de consultar os detalhes. O segurado pode acessar pelo computador ou baixar o aplicativo no celular. Ap\u00f3s entrar com o CPF e a senha, basta procurar pela op\u00e7\u00e3o &#8220;Extrato de Pagamento&#8221;. Nesse servi\u00e7o, \u00e9 poss\u00edvel ver o valor detalhado do benef\u00edcio, a data de dep\u00f3sito e o banco recebedor.<\/p>\n<h3>Pelo telefone 135<\/h3>\n<p>Outra op\u00e7\u00e3o \u00e9 ligar para a Central 135. O atendimento funciona de segunda a s\u00e1bado, das 7h \u00e0s 22h. Durante a liga\u00e7\u00e3o, ser\u00e1 solicitado o n\u00famero do CPF e algumas informa\u00e7\u00f5es cadastrais para confirmar a identidade do benefici\u00e1rio.<\/p>\n<h2>O Benef\u00edcio de Presta\u00e7\u00e3o Continuada (BPC\/LOAS)<\/h2>\n<p>As pessoas que recebem o <a href=\"https:\/\/www.pensarcursos.com.br\/blog\/inss-beneficiarios-do-bpc-nao-terao-pagamento-do-13o-salario-em-2026-saiba-o-motivo\/\">Benef\u00edcio de Presta\u00e7\u00e3o Continuada<\/a> (BPC), previsto na Lei Org\u00e2nica da Assist\u00eancia Social (LOAS), tamb\u00e9m seguem o calend\u00e1rio do\u00a0<strong>INSS<\/strong>. O BPC \u00e9 destinado a idosos com 65 anos ou mais e a pessoas com defici\u00eancia de qualquer idade que possuam renda familiar baixa.<\/p>\n<p>Como o valor do BPC \u00e9 sempre de um sal\u00e1rio m\u00ednimo, os benefici\u00e1rios devem seguir as datas do primeiro grupo do calend\u00e1rio (para quem ganha at\u00e9 um sal\u00e1rio m\u00ednimo). \u00c9 importante lembrar que o BPC \u00e9 um benef\u00edcio assistencial e, por isso, n\u00e3o d\u00e1 direito ao 13\u00ba sal\u00e1rio nem deixa pens\u00e3o por morte, pois n\u00e3o exige contribui\u00e7\u00e3o pr\u00e9via.<\/p>\n<p>Com as informa\u00e7\u00f5es corretas em m\u00e3os, os benefici\u00e1rios podem se organizar para sacar seus pagamentos com tranquilidade, j\u00e1 com os valores reajustados. Verifique sempre os canais oficiais para evitar fraudes e obter dados seguros.<\/p>\n<p>Continue acessando o portal do <a href=\"https:\/\/www.pensarcursos.com.br\/blog\" target=\"_blank\" rel=\"noopener\">Pensar Cursos<\/a> para mais informa\u00e7\u00f5es como essa.<\/p>\n<p>Saiba mais:<\/p>\n<div class=\"jeg_video_container jeg_video_content\"><iframe title=\"Quando v\u00e3o pagar o INSS em 2026? Calend\u00e1rio oficial saiu e tem novidade\" width=\"500\" height=\"281\" src=\"https:\/\/www.youtube.com\/embed\/oewN8G9mELY?feature=oembed\" frameborder=\"0\" allow=\"accelerometer; autoplay; clipboard-write; encrypted-media; gyroscope; picture-in-picture; web-share\" referrerpolicy=\"strict-origin-when-cross-origin\" allowfullscreen><\/iframe><\/div>\n","protected":false},"excerpt":{"rendered":"<p>Aten\u00e7\u00e3o, benefici\u00e1rios do Instituto Nacional do Seguro Social (INSS) e do Benef\u00edcio de Presta\u00e7\u00e3o Continuada (BPC)! Come\u00e7aram a ser liberados os pagamentos referentes a janeiro de 2026 nesta segunda-feira (26), j\u00e1 com aumento de R$ 103. O dep\u00f3sito dos valores segue um calend\u00e1rio espec\u00edfico, e \u00e9 fundamental que os segurados verifiquem a data correta para [&hellip;]<\/p>\n","protected":false},"author":54,"featured_media":141890,"comment_status":"open","ping_status":"closed","sticky":false,"template":"","format":"standard","meta":{"jnews-multi-image_gallery":[],"jnews_single_post":{"subtitle":"Confira o calend\u00e1rio e como consultar o pagamento","format":"standard","override":[{"template":"1","parallax":"1","fullscreen":"1","layout":"right-sidebar","sidebar":"default-sidebar","second_sidebar":"default-sidebar","sticky_sidebar":"1","share_position":"topbottom","share_float_style":"share-monocrhome","show_featured":"1","show_post_meta":"1","show_post_author":"1","show_post_author_image":"1","show_post_date":"1","post_date_format":"default","post_date_format_custom":"Y\/m\/d","show_post_category":"1","post_reading_time_wpm":"300","post_calculate_word_method":"str_word_count","show_zoom_button":"0","zoom_button_out_step":"2","zoom_button_in_step":"3","show_post_tag":"1","show_prev_next_post":"1","show_popup_post":"1","show_comment_section":"1","number_popup_post":"2","show_author_box":"1","show_post_related":"1","show_inline_post_related":"1"}],"image_override":[{"single_post_thumbnail_size":"crop-500","single_post_gallery_size":"crop-500"}],"trending_post_position":"meta","trending_post_label":"Trending","sponsored_post_label":"Sponsored by","disable_ad":"0"},"jnews_primary_category":[],"jnews_social_meta":[],"jnews_override_counter":{"view_counter_number":"0","share_counter_number":"0","like_counter_number":"0","dislike_counter_number":"0"},"footnotes":""},"categories":[1657,2026,1691],"tags":[37732,36234,36170],"class_list":["post-141879","post","type-post","status-publish","format-standard","has-post-thumbnail","hentry","category-beneficios-sociais","category-bpc","category-direitos-do-trabalhador","tag-bpc-2026","tag-calendario-inss-2026","tag-inss-2026"],"yoast_head":"<!-- This site is optimized with the Yoast SEO Premium plugin v27.4 (Yoast SEO v27.4) - https:\/\/yoast.com\/product\/yoast-seo-premium-wordpress\/ -->\n<title>INSS e BPC: aumento de R$ 103 come\u00e7a a ser pago nesta segunda (26) - Veja se voc\u00ea tem direito! - Blog Pensar Cursos<\/title>\n<meta name=\"description\" content=\"O INSS e o BPC come\u00e7am a pagar os benef\u00edcios de janeiro com aumento a partir desta segunda (26). Confira o calend\u00e1rio completo!\" \/>\n<meta name=\"robots\" content=\"index, follow, max-snippet:-1, max-image-preview:large, max-video-preview:-1\" \/>\n<link rel=\"canonical\" href=\"https:\/\/www.pensarcursos.com.br\/blog\/inss-e-bpc-aumento-de-r-103-comeca-a-ser-pago-nesta-segunda-26-veja-se-voce-tem-direito\/\" \/>\n<meta property=\"og:locale\" content=\"pt_BR\" \/>\n<meta property=\"og:type\" content=\"article\" \/>\n<meta property=\"og:title\" content=\"INSS e BPC: aumento de R$ 103 come\u00e7a a ser pago nesta segunda (26) - Veja se voc\u00ea tem direito!\" \/>\n<meta property=\"og:description\" content=\"O INSS e o BPC come\u00e7am a pagar os benef\u00edcios de janeiro com aumento a partir desta segunda (26). Confira o calend\u00e1rio completo!\" \/>\n<meta property=\"og:url\" content=\"https:\/\/www.pensarcursos.com.br\/blog\/inss-e-bpc-aumento-de-r-103-comeca-a-ser-pago-nesta-segunda-26-veja-se-voce-tem-direito\/\" \/>\n<meta property=\"og:site_name\" content=\"Blog Pensar Cursos\" \/>\n<meta property=\"article:publisher\" content=\"https:\/\/www.facebook.com\/pensarcursos\/\" \/>\n<meta property=\"article:published_time\" content=\"2026-01-26T18:39:17+00:00\" \/>\n<meta property=\"og:image\" content=\"https:\/\/www.pensarcursos.com.br\/blog\/wp-content\/uploads\/2026\/01\/pagamentos-inss-2026.webp\" \/>\n\t<meta property=\"og:image:width\" content=\"1200\" \/>\n\t<meta property=\"og:image:height\" content=\"800\" \/>\n\t<meta property=\"og:image:type\" content=\"image\/webp\" \/>\n<meta name=\"author\" content=\"Quezia Andrade\" \/>\n<meta name=\"twitter:card\" content=\"summary_large_image\" \/>\n<meta name=\"twitter:label1\" content=\"Escrito por\" \/>\n\t<meta name=\"twitter:data1\" content=\"Quezia Andrade\" \/>\n\t<meta name=\"twitter:label2\" content=\"Est. tempo de leitura\" \/>\n\t<meta name=\"twitter:data2\" content=\"5 minutos\" \/>\n<!-- \/ Yoast SEO Premium plugin. -->","yoast_head_json":{"title":"INSS e BPC: aumento de R$ 103 come\u00e7a a ser pago nesta segunda (26) - Veja se voc\u00ea tem direito! - Blog Pensar Cursos","description":"O INSS e o BPC come\u00e7am a pagar os benef\u00edcios de janeiro com aumento a partir desta segunda (26). Confira o calend\u00e1rio completo!","robots":{"index":"index","follow":"follow","max-snippet":"max-snippet:-1","max-image-preview":"max-image-preview:large","max-video-preview":"max-video-preview:-1"},"canonical":"https:\/\/www.pensarcursos.com.br\/blog\/inss-e-bpc-aumento-de-r-103-comeca-a-ser-pago-nesta-segunda-26-veja-se-voce-tem-direito\/","og_locale":"pt_BR","og_type":"article","og_title":"INSS e BPC: aumento de R$ 103 come\u00e7a a ser pago nesta segunda (26) - Veja se voc\u00ea tem direito!","og_description":"O INSS e o BPC come\u00e7am a pagar os benef\u00edcios de janeiro com aumento a partir desta segunda (26). Confira o calend\u00e1rio completo!","og_url":"https:\/\/www.pensarcursos.com.br\/blog\/inss-e-bpc-aumento-de-r-103-comeca-a-ser-pago-nesta-segunda-26-veja-se-voce-tem-direito\/","og_site_name":"Blog Pensar Cursos","article_publisher":"https:\/\/www.facebook.com\/pensarcursos\/","article_published_time":"2026-01-26T18:39:17+00:00","og_image":[{"width":1200,"height":800,"url":"https:\/\/www.pensarcursos.com.br\/blog\/wp-content\/uploads\/2026\/01\/pagamentos-inss-2026.webp","type":"image\/webp"}],"author":"Quezia Andrade","twitter_card":"summary_large_image","twitter_misc":{"Escrito por":"Quezia Andrade","Est. tempo de leitura":"5 minutos"},"schema":{"@context":"https:\/\/schema.org","@graph":[{"@type":["Article","BlogPosting"],"@id":"https:\/\/www.pensarcursos.com.br\/blog\/inss-e-bpc-aumento-de-r-103-comeca-a-ser-pago-nesta-segunda-26-veja-se-voce-tem-direito\/#article","isPartOf":{"@id":"https:\/\/www.pensarcursos.com.br\/blog\/inss-e-bpc-aumento-de-r-103-comeca-a-ser-pago-nesta-segunda-26-veja-se-voce-tem-direito\/"},"author":{"name":"Quezia Andrade","@id":"https:\/\/www.pensarcursos.com.br\/blog\/#\/schema\/person\/28714c166fa847c28e0ba3e4d47c1033"},"headline":"INSS e BPC: aumento de R$ 103 come\u00e7a a ser pago nesta segunda (26) &#8211; Veja se voc\u00ea tem direito!","datePublished":"2026-01-26T18:39:17+00:00","mainEntityOfPage":{"@id":"https:\/\/www.pensarcursos.com.br\/blog\/inss-e-bpc-aumento-de-r-103-comeca-a-ser-pago-nesta-segunda-26-veja-se-voce-tem-direito\/"},"wordCount":789,"commentCount":0,"publisher":{"@id":"https:\/\/www.pensarcursos.com.br\/blog\/#organization"},"image":{"@id":"https:\/\/www.pensarcursos.com.br\/blog\/inss-e-bpc-aumento-de-r-103-comeca-a-ser-pago-nesta-segunda-26-veja-se-voce-tem-direito\/#primaryimage"},"thumbnailUrl":"https:\/\/www.pensarcursos.com.br\/blog\/wp-content\/uploads\/2026\/01\/pagamentos-inss-2026.webp","keywords":["bpc 2026","calend\u00e1rio inss 2026","inss 2026"],"articleSection":["Benef\u00edcios Sociais","BPC","Direitos do Trabalhador"],"inLanguage":"pt-BR","potentialAction":[{"@type":"CommentAction","name":"Comment","target":["https:\/\/www.pensarcursos.com.br\/blog\/inss-e-bpc-aumento-de-r-103-comeca-a-ser-pago-nesta-segunda-26-veja-se-voce-tem-direito\/#respond"]}],"copyrightYear":"2026","copyrightHolder":{"@id":"https:\/\/www.pensarcursos.com.br\/blog\/#organization"}},{"@type":"WebPage","@id":"https:\/\/www.pensarcursos.com.br\/blog\/inss-e-bpc-aumento-de-r-103-comeca-a-ser-pago-nesta-segunda-26-veja-se-voce-tem-direito\/","url":"https:\/\/www.pensarcursos.com.br\/blog\/inss-e-bpc-aumento-de-r-103-comeca-a-ser-pago-nesta-segunda-26-veja-se-voce-tem-direito\/","name":"INSS e BPC: aumento de R$ 103 come\u00e7a a ser pago nesta segunda (26) - Veja se voc\u00ea tem direito! - Blog Pensar Cursos","isPartOf":{"@id":"https:\/\/www.pensarcursos.com.br\/blog\/#website"},"primaryImageOfPage":{"@id":"https:\/\/www.pensarcursos.com.br\/blog\/inss-e-bpc-aumento-de-r-103-comeca-a-ser-pago-nesta-segunda-26-veja-se-voce-tem-direito\/#primaryimage"},"image":{"@id":"https:\/\/www.pensarcursos.com.br\/blog\/inss-e-bpc-aumento-de-r-103-comeca-a-ser-pago-nesta-segunda-26-veja-se-voce-tem-direito\/#primaryimage"},"thumbnailUrl":"https:\/\/www.pensarcursos.com.br\/blog\/wp-content\/uploads\/2026\/01\/pagamentos-inss-2026.webp","datePublished":"2026-01-26T18:39:17+00:00","description":"O INSS e o BPC come\u00e7am a pagar os benef\u00edcios de janeiro com aumento a partir desta segunda (26). Confira o calend\u00e1rio completo!","breadcrumb":{"@id":"https:\/\/www.pensarcursos.com.br\/blog\/inss-e-bpc-aumento-de-r-103-comeca-a-ser-pago-nesta-segunda-26-veja-se-voce-tem-direito\/#breadcrumb"},"inLanguage":"pt-BR","potentialAction":[{"@type":"ReadAction","target":["https:\/\/www.pensarcursos.com.br\/blog\/inss-e-bpc-aumento-de-r-103-comeca-a-ser-pago-nesta-segunda-26-veja-se-voce-tem-direito\/"]}]},{"@type":"ImageObject","inLanguage":"pt-BR","@id":"https:\/\/www.pensarcursos.com.br\/blog\/inss-e-bpc-aumento-de-r-103-comeca-a-ser-pago-nesta-segunda-26-veja-se-voce-tem-direito\/#primaryimage","url":"https:\/\/www.pensarcursos.com.br\/blog\/wp-content\/uploads\/2026\/01\/pagamentos-inss-2026.webp","contentUrl":"https:\/\/www.pensarcursos.com.br\/blog\/wp-content\/uploads\/2026\/01\/pagamentos-inss-2026.webp","width":1200,"height":800,"caption":"Benefici\u00e1rios do INSS e do BPC come\u00e7aram a receber com aumento de R$ 103 nesta segunda-feira (26). Confira! Imagem: Pensar Cursos"},{"@type":"BreadcrumbList","@id":"https:\/\/www.pensarcursos.com.br\/blog\/inss-e-bpc-aumento-de-r-103-comeca-a-ser-pago-nesta-segunda-26-veja-se-voce-tem-direito\/#breadcrumb","itemListElement":[{"@type":"ListItem","position":1,"name":"Home","item":"https:\/\/www.pensarcursos.com.br\/blog\/"},{"@type":"ListItem","position":2,"name":"INSS e BPC: aumento de R$ 103 come\u00e7a a ser pago nesta segunda (26) &#8211; Veja se voc\u00ea tem direito!"}]},{"@type":"WebSite","@id":"https:\/\/www.pensarcursos.com.br\/blog\/#website","url":"https:\/\/www.pensarcursos.com.br\/blog\/","name":"Blog Pensar Cursos","description":"Maior Site de Cursos do Brasil","publisher":{"@id":"https:\/\/www.pensarcursos.com.br\/blog\/#organization"},"alternateName":"Blog Pensar","potentialAction":[{"@type":"SearchAction","target":{"@type":"EntryPoint","urlTemplate":"https:\/\/www.pensarcursos.com.br\/blog\/?s={search_term_string}"},"query-input":{"@type":"PropertyValueSpecification","valueRequired":true,"valueName":"search_term_string"}}],"inLanguage":"pt-BR"},{"@type":"Organization","@id":"https:\/\/www.pensarcursos.com.br\/blog\/#organization","name":"Pensar Cursos","alternateName":"Blog pensar","url":"https:\/\/www.pensarcursos.com.br\/blog\/","logo":{"@type":"ImageObject","inLanguage":"pt-BR","@id":"https:\/\/www.pensarcursos.com.br\/blog\/#\/schema\/logo\/image\/","url":"https:\/\/www.pensarcursos.com.br\/blog\/wp-content\/uploads\/2023\/11\/Nova-Logo-Pensar-Cursos-vertical.png","contentUrl":"https:\/\/www.pensarcursos.com.br\/blog\/wp-content\/uploads\/2023\/11\/Nova-Logo-Pensar-Cursos-vertical.png","width":1393,"height":1001,"caption":"Pensar Cursos"},"image":{"@id":"https:\/\/www.pensarcursos.com.br\/blog\/#\/schema\/logo\/image\/"},"sameAs":["https:\/\/www.facebook.com\/pensarcursos\/","https:\/\/instagram.com.br\/pensarcursos"],"description":"Pensar Cursos \u00e9 uma empresa especializada em oferecer cursos de alta qualidade voltados para o desenvolvimento profissional e acad\u00eamico. Com uma ampla gama de op\u00e7\u00f5es de treinamento, oferecemos conte\u00fados atualizados, ministrados por especialistas da \u00e1rea, para capacitar indiv\u00edduos e equipes a atingirem seus objetivos. Nossa miss\u00e3o \u00e9 proporcionar uma educa\u00e7\u00e3o transformadora, acess\u00edvel e personalizada para cada aluno, seja em cursos presenciais ou online. Com uma abordagem inovadora, buscamos adaptar os nossos programas de ensino \u00e0s necessidades do mercado, criando solu\u00e7\u00f5es que atendem aos desafios e exig\u00eancias do mundo corporativo e acad\u00eamico. Nossos cursos incluem desde forma\u00e7\u00f5es t\u00e9cnicas at\u00e9 habilidades essenciais, como lideran\u00e7a, gest\u00e3o e desenvolvimento pessoal.","email":"contato@pensarcursos.com.br","legalName":"Sena Servi\u00e7os de Informa\u00e7\u00e3o Online LTDA","foundingDate":"2013-04-18","vatID":"17956217000172","numberOfEmployees":{"@type":"QuantitativeValue","minValue":"11","maxValue":"50"},"publishingPrinciples":"https:\/\/www.pensarcursos.com.br\/blog\/principios-de-publicacao\/","ownershipFundingInfo":"https:\/\/www.pensarcursos.com.br\/blog\/informacoes-de-propriedade-financiamento\/","actionableFeedbackPolicy":"https:\/\/www.pensarcursos.com.br\/blog\/politica-de-feedback-acionavel\/","correctionsPolicy":"https:\/\/www.pensarcursos.com.br\/blog\/politica-de-correcoes\/","ethicsPolicy":"https:\/\/www.pensarcursos.com.br\/blog\/politica-de-etica\/"},{"@type":"Person","@id":"https:\/\/www.pensarcursos.com.br\/blog\/#\/schema\/person\/28714c166fa847c28e0ba3e4d47c1033","name":"Quezia Andrade","image":{"@type":"ImageObject","inLanguage":"pt-BR","@id":"https:\/\/secure.gravatar.com\/avatar\/ca40343eca0c667f062032144581527936aae03191aca76e9d4c4de5a5c7cd14?s=96&d=mm&r=g","url":"https:\/\/secure.gravatar.com\/avatar\/ca40343eca0c667f062032144581527936aae03191aca76e9d4c4de5a5c7cd14?s=96&d=mm&r=g","contentUrl":"https:\/\/secure.gravatar.com\/avatar\/ca40343eca0c667f062032144581527936aae03191aca76e9d4c4de5a5c7cd14?s=96&d=mm&r=g","caption":"Quezia Andrade"},"description":"Biom\u00e9dica CRBM2 n\u00ba 17394. Redatora do grupo Sena Online.","sameAs":["https:\/\/www.instagram.com\/_quezia_b?igsh=cWF2dDNxbXd6ejF4&utm_source=qr","https:\/\/www.linkedin.com\/in\/quzia-borges-andrade-907778266?utm_source=share&utm_campaign=share_via&utm_content=profile&utm_medium=ios_app"],"url":"https:\/\/www.pensarcursos.com.br\/blog\/author\/quezia\/"}]}},"_links":{"self":[{"href":"https:\/\/www.pensarcursos.com.br\/blog\/wp-json\/wp\/v2\/posts\/141879","targetHints":{"allow":["GET"]}}],"collection":[{"href":"https:\/\/www.pensarcursos.com.br\/blog\/wp-json\/wp\/v2\/posts"}],"about":[{"href":"https:\/\/www.pensarcursos.com.br\/blog\/wp-json\/wp\/v2\/types\/post"}],"author":[{"embeddable":true,"href":"https:\/\/www.pensarcursos.com.br\/blog\/wp-json\/wp\/v2\/users\/54"}],"replies":[{"embeddable":true,"href":"https:\/\/www.pensarcursos.com.br\/blog\/wp-json\/wp\/v2\/comments?post=141879"}],"version-history":[{"count":0,"href":"https:\/\/www.pensarcursos.com.br\/blog\/wp-json\/wp\/v2\/posts\/141879\/revisions"}],"wp:featuredmedia":[{"embeddable":true,"href":"https:\/\/www.pensarcursos.com.br\/blog\/wp-json\/wp\/v2\/media\/141890"}],"wp:attachment":[{"href":"https:\/\/www.pensarcursos.com.br\/blog\/wp-json\/wp\/v2\/media?parent=141879"}],"wp:term":[{"taxonomy":"category","embeddable":true,"href":"https:\/\/www.pensarcursos.com.br\/blog\/wp-json\/wp\/v2\/categories?post=141879"},{"taxonomy":"post_tag","embeddable":true,"href":"https:\/\/www.pensarcursos.com.br\/blog\/wp-json\/wp\/v2\/tags?post=141879"}],"curies":[{"name":"wp","href":"https:\/\/api.w.org\/{rel}","templated":true}]}}