{"id":141867,"date":"2026-01-26T13:29:46","date_gmt":"2026-01-26T16:29:46","guid":{"rendered":"https:\/\/www.pensarcursos.com.br\/blog\/?p=141867"},"modified":"2026-01-26T16:40:58","modified_gmt":"2026-01-26T19:40:58","slug":"ressarcimento-pis-pasep-2026-prazo-para-solicitar-pagamento-termina-nesta-semana","status":"publish","type":"post","link":"https:\/\/www.pensarcursos.com.br\/blog\/ressarcimento-pis-pasep-2026-prazo-para-solicitar-pagamento-termina-nesta-semana\/","title":{"rendered":"Ressarcimento PIS\/PASEP 2026: prazo para solicitar pagamento termina nesta semana"},"content":{"rendered":"<p>O <strong>prazo para solicitar o <a href=\"https:\/\/www.pensarcursos.com.br\/blog\/ressarcimento-pis-pasep-2026-prazo-para-solicitar-pagamento-esta-chegando-ao-fim\/\" target=\"_blank\" rel=\"noopener\">ressarcimento do PIS\/Pasep <\/a><\/strong>est\u00e1 chegando ao fim para milh\u00f5es de trabalhadores brasileiros. Quem atuou com carteira assinada ou como servidor p\u00fablico, entre <strong>1971 e 1988<\/strong>, pode ter valores esquecidos dispon\u00edveis para saque. O dinheiro pertence aos extintos fundos PIS\/PASEP e precisa ser solicitado formalmente \u00e0 <strong>Caixa Econ\u00f4mica Federal<\/strong> antes do prazo limite.<\/p>\n<p>Os saldos foram transferidos ao Tesouro Nacional, mas o governo garantiu aos trabalhadores ou benefici\u00e1rios legais o direito de pedir o ressarcimento \u00e0 Uni\u00e3o. O prazo total para fazer essa solicita\u00e7\u00e3o \u00e9 de <strong>at\u00e9 5 anos<\/strong>, encerrando em <strong>setembro de 2028<\/strong>. Ap\u00f3s essa data, os valores ser\u00e3o incorporados definitivamente aos cofres p\u00fablicos, sem possibilidade de recupera\u00e7\u00e3o.<\/p>\n<h2>Quem tem direito ao ressarcimento PIS\/PASEP 2026?<\/h2>\n<p>O direito ao <a href=\"https:\/\/www.pensarcursos.com.br\/blog\/ressarcimento-pis-pasep-2026-calendario-confirma-pagamento-de-r-2-800-no-dia-26-01\/\" target=\"_blank\" rel=\"noopener\"><strong>ressarcimento do PIS\/PASEP<\/strong><\/a> \u00e9 destinado a grupos espec\u00edficos de trabalhadores. O benef\u00edcio contempla aqueles que contribu\u00edram para os antigos fundos e ainda n\u00e3o realizaram o saque dos valores acumulados.<\/p>\n<h3>Trabalhadores eleg\u00edveis<\/h3>\n<ul>\n<li>Quem trabalhou com <strong>carteira assinada no setor privado<\/strong> entre 1971 e 1988<\/li>\n<li><strong>Servidores p\u00fablicos<\/strong> (civis e militares) que atuaram no mesmo per\u00edodo<\/li>\n<li>Pessoas que possu\u00edam saldo no Fundo PIS\/PASEP antes da transfer\u00eancia dos recursos ao Tesouro Nacional<\/li>\n<\/ul>\n<h3>Benefici\u00e1rios legais<\/h3>\n<p>No caso de <strong>falecimento do titular<\/strong>, herdeiros e dependentes tamb\u00e9m podem solicitar o ressarcimento. Para isso, \u00e9 necess\u00e1rio apresentar a documenta\u00e7\u00e3o comprobat\u00f3ria do v\u00ednculo familiar.<\/p>\n<figure id=\"attachment_141873\" aria-describedby=\"caption-attachment-141873\" style=\"width: 1024px\" class=\"wp-caption aligncenter\"><img decoding=\"async\" class=\"wp-image-141873 size-large\" src=\"https:\/\/www.pensarcursos.com.br\/blog\/wp-content\/uploads\/2026\/01\/prazo-ressarcimento-pis-pasep-valores-esquecidos-1024x683.webp\" alt=\"Notas de cem reais ao lado de carteira de trabalho e cart\u00e3o PIS\/PASEP ilustram prazo final para solicitar ressarcimento de valores esquecidos.\" width=\"1024\" height=\"683\" srcset=\"https:\/\/www.pensarcursos.com.br\/blog\/wp-content\/uploads\/2026\/01\/prazo-ressarcimento-pis-pasep-valores-esquecidos-1024x683.webp 1024w, https:\/\/www.pensarcursos.com.br\/blog\/wp-content\/uploads\/2026\/01\/prazo-ressarcimento-pis-pasep-valores-esquecidos-300x200.webp 300w, https:\/\/www.pensarcursos.com.br\/blog\/wp-content\/uploads\/2026\/01\/prazo-ressarcimento-pis-pasep-valores-esquecidos-768x512.webp 768w, https:\/\/www.pensarcursos.com.br\/blog\/wp-content\/uploads\/2026\/01\/prazo-ressarcimento-pis-pasep-valores-esquecidos-1536x1024.webp 1536w, https:\/\/www.pensarcursos.com.br\/blog\/wp-content\/uploads\/2026\/01\/prazo-ressarcimento-pis-pasep-valores-esquecidos-750x500.webp 750w, https:\/\/www.pensarcursos.com.br\/blog\/wp-content\/uploads\/2026\/01\/prazo-ressarcimento-pis-pasep-valores-esquecidos-1140x760.webp 1140w, https:\/\/www.pensarcursos.com.br\/blog\/wp-content\/uploads\/2026\/01\/prazo-ressarcimento-pis-pasep-valores-esquecidos.webp 2048w\" sizes=\"(max-width: 1024px) 100vw, 1024px\" \/><figcaption id=\"caption-attachment-141873\" class=\"wp-caption-text\">Trabalhadores que atuaram entre 1971 e 1988 ainda podem pedir o ressarcimento de cotas do PIS\/Pasep antes do fim do prazo. Fonte: Pensar Cursos Blog.<\/figcaption><\/figure>\n<h2>Como consultar o saldo do ressarcimento PIS\/PASEP<\/h2>\n<p>Antes de solicitar o pagamento, \u00e9 poss\u00edvel verificar se h\u00e1 valores dispon\u00edveis.<\/p>\n<p>A consulta pode ser feita por diferentes canais oficiais.<\/p>\n<h3>Canais para consulta<\/h3>\n<ul>\n<li><strong>Aplicativo FGTS<\/strong> (dispon\u00edvel na <a href=\"https:\/\/play.google.com\/store\/apps\/details?id=br.gov.caixa.fgts.trabalhador&amp;hl=pt_BR\" target=\"_blank\" rel=\"noopener\">Play Store<\/a> e <a href=\"https:\/\/apps.apple.com\/br\/app\/fgts\/id1038441027\" target=\"_blank\" rel=\"noopener\">App Store<\/a>): exclusivo para o titular<\/li>\n<li><strong>Site REPIS Cidad\u00e3o<\/strong>: o portal do <a href=\"https:\/\/repiscidadao.fazenda.gov.br\/?utm_source=organicjLj69494718285cb5a40dcade29&amp;utm_campaign=&amp;utm_medium=&amp;utm_content=&amp;utm_term=\" target=\"_blank\" rel=\"noopener\">Minist\u00e9rio da Fazenda<\/a> permite a consulta para qualquer cidad\u00e3o.<\/li>\n<li><strong>Ag\u00eancias da Caixa<\/strong>: atendimento presencial para titular ou benefici\u00e1rio<\/li>\n<\/ul>\n<p>Para acessar a plataforma REPIS Cidad\u00e3o, o trabalhador precisa de uma conta no <strong>Gov.br<\/strong> com n\u00edvel prata ou ouro. J\u00e1 o aplicativo FGTS exige login com CPF e senha cadastrada.<\/p>\n<h2>Calend\u00e1rio de pagamento do ressarcimento PIS\/Pasep 2026<\/h2>\n<p>O cr\u00e9dito do <strong>ressarcimento PIS\/PASEP<\/strong> \u00e9 realizado no m\u00eas seguinte \u00e0 solicita\u00e7\u00e3o, ap\u00f3s o deferimento do pedido.<\/p>\n<p>Confira as datas oficiais divulgadas pela Caixa:<\/p>\n<table>\n<thead>\n<tr>\n<th>Solicita\u00e7\u00e3o at\u00e9<\/th>\n<th>Pagamento em<\/th>\n<\/tr>\n<\/thead>\n<tbody>\n<tr>\n<td><strong>31\/12\/2025<\/strong><\/td>\n<td><strong>26\/01\/2026 (segunda-feira)<\/strong><\/td>\n<\/tr>\n<tr>\n<td>31\/01\/2026<\/td>\n<td>25\/02\/2026 (quarta-feira)<\/td>\n<\/tr>\n<tr>\n<td>28\/02\/2026<\/td>\n<td>25\/03\/2026 (quarta-feira)<\/td>\n<\/tr>\n<tr>\n<td>31\/03\/2026<\/td>\n<td>27\/04\/2026 (segunda-feira)<\/td>\n<\/tr>\n<tr>\n<td>30\/04\/2026<\/td>\n<td>25\/05\/2026 (segunda-feira)<\/td>\n<\/tr>\n<tr>\n<td>31\/05\/2026<\/td>\n<td>25\/06\/2026 (quinta-feira)<\/td>\n<\/tr>\n<tr>\n<td>30\/06\/2026<\/td>\n<td>27\/07\/2026 (segunda-feira)<\/td>\n<\/tr>\n<tr>\n<td>31\/07\/2026<\/td>\n<td>25\/08\/2026 (ter\u00e7a-feira)<\/td>\n<\/tr>\n<tr>\n<td>31\/08\/2026<\/td>\n<td>25\/09\/2026 (sexta-feira)<\/td>\n<\/tr>\n<tr>\n<td>30\/09\/2026<\/td>\n<td>26\/10\/2026 (segunda-feira)<\/td>\n<\/tr>\n<tr>\n<td>31\/10\/2026<\/td>\n<td>25\/11\/2026 (quarta-feira)<\/td>\n<\/tr>\n<tr>\n<td>30\/11\/2026<\/td>\n<td>28\/12\/2026 (segunda-feira)<\/td>\n<\/tr>\n<tr>\n<td>31\/12\/2026<\/td>\n<td>Janeiro 2027<\/td>\n<\/tr>\n<\/tbody>\n<\/table>\n<h2>Como solicitar o ressarcimento PIS\/PASEP passo a passo<\/h2>\n<p>O processo de solicita\u00e7\u00e3o foi simplificado e pode ser realizado de forma digital ou presencial. Confira o passo a passo:<\/p>\n<h3>Pelo aplicativo FGTS<\/h3>\n<ol>\n<li>Baixe o app FGTS no celular (Android ou iOS)<\/li>\n<li>Fa\u00e7a login com CPF e senha<\/li>\n<li>Acesse o menu <strong>&#8220;Mais&#8221;<\/strong><\/li>\n<li>Selecione <strong>&#8220;Ressarcimento PIS\/PASEP&#8221;<\/strong><\/li>\n<li>Siga as instru\u00e7\u00f5es e anexe os documentos solicitados<\/li>\n<li>Aguarde a an\u00e1lise do pedido<\/li>\n<\/ol>\n<h3>Em ag\u00eancias da Caixa<\/h3>\n<ol>\n<li>Compare\u00e7a a qualquer ag\u00eancia da Caixa Econ\u00f4mica Federal<\/li>\n<li>Apresente documento oficial de identifica\u00e7\u00e3o<\/li>\n<li>Solicite o ressarcimento das cotas PIS\/PASEP<\/li>\n<li>Acompanhe o andamento pelo app ou na pr\u00f3pria ag\u00eancia<\/li>\n<\/ol>\n<h2>Documentos necess\u00e1rios para solicitar o ressarcimento<\/h2>\n<h3>Para o titular<\/h3>\n<ul>\n<li>Documento oficial de identifica\u00e7\u00e3o com foto (RG, CNH ou similar)<\/li>\n<\/ul>\n<h3>Para benefici\u00e1rios legais (herdeiros)<\/h3>\n<ul>\n<li>Documento de identifica\u00e7\u00e3o do solicitante<\/li>\n<li><strong>Certid\u00e3o PIS\/PASEP\/FGTS<\/strong> emitida pela Previd\u00eancia Social com a rela\u00e7\u00e3o de dependentes habilitados \u00e0 pens\u00e3o por morte, ou<\/li>\n<li><strong>Declara\u00e7\u00e3o de dependentes<\/strong> habilitados \u00e0 pens\u00e3o emitida pelo \u00f3rg\u00e3o pagador do benef\u00edcio, ou<\/li>\n<li><strong>Autoriza\u00e7\u00e3o judicial<\/strong> ou declara\u00e7\u00e3o de \u00fanicos herdeiros emitida em cart\u00f3rio, com autoriza\u00e7\u00e3o de saque assinada por todos os dependentes ou sucessores<\/li>\n<\/ul>\n<h2>Como o pagamento \u00e9 realizado<\/h2>\n<p>O dep\u00f3sito do <strong>ressarcimento PIS\/PASEP<\/strong> acontece exclusivamente em conta da Caixa Econ\u00f4mica Federal. O trabalhador n\u00e3o precisa se preocupar caso n\u00e3o tenha conta no banco.<\/p>\n<h3>Formas de recebimento<\/h3>\n<ul>\n<li><strong>Cr\u00e9dito em conta corrente ou poupan\u00e7a<\/strong> j\u00e1 existente na Caixa<\/li>\n<li><strong>Cr\u00e9dito em Conta Digital Caixa<\/strong><\/li>\n<li><strong>Poupan\u00e7a Social Digital<\/strong> aberta automaticamente pela Caixa, sem custos adicionais<\/li>\n<\/ul>\n<p>A movimenta\u00e7\u00e3o das contas digitais \u00e9 feita pelo <strong>aplicativo <a href=\"https:\/\/play.google.com\/store\/apps\/details?id=br.gov.caixa.tem&amp;hl=pt_BR\" target=\"_blank\" rel=\"noopener\">Caixa Tem<\/a><\/strong>, dispon\u00edvel para smartphones. N\u00e3o perca o prazo. Verifique se voc\u00ea tem direito e fa\u00e7a a solicita\u00e7\u00e3o para garantir o recebimento dos valores!<\/p>\n<p>Confira outros conte\u00fados do <strong><a href=\"https:\/\/www.pensarcursos.com.br\/blog?utm_source=organicjLj69494718285cb5a40dcade29&amp;utm_campaign=&amp;utm_medium=&amp;utm_content=&amp;utm_term=\" target=\"_blank\" rel=\"noopener\">Pensar Cursos<\/a> <\/strong>para mais informa\u00e7\u00f5es.<\/p>\n<div class=\"jeg_video_container jeg_video_content\"><iframe title=\"PIS\/PASEP 2026: CALEND\u00c1RIO SAIU! Veja a DATA que voc\u00ea recebe e a NOVA REGRA de R$ 2.765!\" width=\"500\" height=\"281\" src=\"https:\/\/www.youtube.com\/embed\/4iUfAo0ny90?feature=oembed\" frameborder=\"0\" allow=\"accelerometer; autoplay; clipboard-write; encrypted-media; gyroscope; picture-in-picture; web-share\" referrerpolicy=\"strict-origin-when-cross-origin\" allowfullscreen><\/iframe><\/div>\n","protected":false},"excerpt":{"rendered":"<p>O prazo para solicitar o ressarcimento do PIS\/Pasep est\u00e1 chegando ao fim para milh\u00f5es de trabalhadores brasileiros. Quem atuou com carteira assinada ou como servidor p\u00fablico, entre 1971 e 1988, pode ter valores esquecidos dispon\u00edveis para saque. O dinheiro pertence aos extintos fundos PIS\/PASEP e precisa ser solicitado formalmente \u00e0 Caixa Econ\u00f4mica Federal antes do [&hellip;]<\/p>\n","protected":false},"author":56,"featured_media":141871,"comment_status":"open","ping_status":"closed","sticky":false,"template":"","format":"standard","meta":{"jnews-multi-image_gallery":[],"jnews_single_post":{"subtitle":"Ressarcimento PIS\/PASEP 2026: calend\u00e1rio, consulta e como solicitar o pagamento","format":"standard","override":[{"template":"1","parallax":"1","fullscreen":"1","layout":"right-sidebar","sidebar":"default-sidebar","second_sidebar":"default-sidebar","sticky_sidebar":"1","share_position":"topbottom","share_float_style":"share-monocrhome","show_featured":"1","show_post_meta":"1","show_post_author":"1","show_post_author_image":"1","show_post_date":"1","post_date_format":"default","post_date_format_custom":"Y\/m\/d","show_post_category":"1","post_reading_time_wpm":"300","post_calculate_word_method":"str_word_count","show_zoom_button":"0","zoom_button_out_step":"2","zoom_button_in_step":"3","show_post_tag":"1","show_prev_next_post":"1","show_popup_post":"1","show_comment_section":"1","number_popup_post":"2","show_author_box":"1","show_post_related":"1","show_inline_post_related":"1"}],"image_override":[{"single_post_thumbnail_size":"crop-500","single_post_gallery_size":"crop-500"}],"trending_post_position":"meta","trending_post_label":"Trending","sponsored_post_label":"Sponsored by","disable_ad":"0"},"jnews_primary_category":[],"jnews_social_meta":[],"jnews_override_counter":{"view_counter_number":"0","share_counter_number":"0","like_counter_number":"0","dislike_counter_number":"0"},"footnotes":""},"categories":[1691],"tags":[37689,37728,37729],"class_list":["post-141867","post","type-post","status-publish","format-standard","has-post-thumbnail","hentry","category-direitos-do-trabalhador","tag-calendario-ressarcimento-pis-pasep-2026","tag-cotas-pis-pase","tag-pressarcimento-pis-pasep-2026"],"yoast_head":"<!-- This site is optimized with the Yoast SEO Premium plugin v27.4 (Yoast SEO v27.4) - https:\/\/yoast.com\/product\/yoast-seo-premium-wordpress\/ -->\n<title>Ressarcimento PIS\/PASEP 2026: prazo para solicitar pagamento termina nesta semana - Blog Pensar Cursos<\/title>\n<meta name=\"description\" content=\"Saiba como solicitar o ressarcimento PIS\/PASEP 2026. Consulte o calend\u00e1rio, quem tem direito e o passo a passo para receber.\" \/>\n<meta name=\"robots\" content=\"index, follow, max-snippet:-1, max-image-preview:large, max-video-preview:-1\" \/>\n<link rel=\"canonical\" href=\"https:\/\/www.pensarcursos.com.br\/blog\/ressarcimento-pis-pasep-2026-prazo-para-solicitar-pagamento-termina-nesta-semana\/\" \/>\n<meta property=\"og:locale\" content=\"pt_BR\" \/>\n<meta property=\"og:type\" content=\"article\" \/>\n<meta property=\"og:title\" content=\"Ressarcimento PIS\/PASEP 2026: prazo para solicitar pagamento termina nesta semana\" \/>\n<meta property=\"og:description\" content=\"Saiba como solicitar o ressarcimento PIS\/PASEP 2026. Consulte o calend\u00e1rio, quem tem direito e o passo a passo para receber.\" \/>\n<meta property=\"og:url\" content=\"https:\/\/www.pensarcursos.com.br\/blog\/ressarcimento-pis-pasep-2026-prazo-para-solicitar-pagamento-termina-nesta-semana\/\" \/>\n<meta property=\"og:site_name\" content=\"Blog Pensar Cursos\" \/>\n<meta property=\"article:publisher\" content=\"https:\/\/www.facebook.com\/pensarcursos\/\" \/>\n<meta property=\"article:published_time\" content=\"2026-01-26T16:29:46+00:00\" \/>\n<meta property=\"article:modified_time\" content=\"2026-01-26T19:40:58+00:00\" \/>\n<meta property=\"og:image\" content=\"https:\/\/www.pensarcursos.com.br\/blog\/wp-content\/uploads\/2026\/01\/ressarcimento-pis-pasep-2026-prazo-final.webp\" \/>\n\t<meta property=\"og:image:width\" content=\"1200\" \/>\n\t<meta property=\"og:image:height\" content=\"800\" \/>\n\t<meta property=\"og:image:type\" content=\"image\/webp\" \/>\n<meta name=\"author\" content=\"Yasmin Santos\" \/>\n<meta name=\"twitter:card\" content=\"summary_large_image\" \/>\n<meta name=\"twitter:label1\" content=\"Escrito por\" \/>\n\t<meta name=\"twitter:data1\" content=\"Yasmin Santos\" \/>\n\t<meta name=\"twitter:label2\" content=\"Est. tempo de leitura\" \/>\n\t<meta name=\"twitter:data2\" content=\"5 minutos\" \/>\n<!-- \/ Yoast SEO Premium plugin. -->","yoast_head_json":{"title":"Ressarcimento PIS\/PASEP 2026: prazo para solicitar pagamento termina nesta semana - Blog Pensar Cursos","description":"Saiba como solicitar o ressarcimento PIS\/PASEP 2026. Consulte o calend\u00e1rio, quem tem direito e o passo a passo para receber.","robots":{"index":"index","follow":"follow","max-snippet":"max-snippet:-1","max-image-preview":"max-image-preview:large","max-video-preview":"max-video-preview:-1"},"canonical":"https:\/\/www.pensarcursos.com.br\/blog\/ressarcimento-pis-pasep-2026-prazo-para-solicitar-pagamento-termina-nesta-semana\/","og_locale":"pt_BR","og_type":"article","og_title":"Ressarcimento PIS\/PASEP 2026: prazo para solicitar pagamento termina nesta semana","og_description":"Saiba como solicitar o ressarcimento PIS\/PASEP 2026. Consulte o calend\u00e1rio, quem tem direito e o passo a passo para receber.","og_url":"https:\/\/www.pensarcursos.com.br\/blog\/ressarcimento-pis-pasep-2026-prazo-para-solicitar-pagamento-termina-nesta-semana\/","og_site_name":"Blog Pensar Cursos","article_publisher":"https:\/\/www.facebook.com\/pensarcursos\/","article_published_time":"2026-01-26T16:29:46+00:00","article_modified_time":"2026-01-26T19:40:58+00:00","og_image":[{"width":1200,"height":800,"url":"https:\/\/www.pensarcursos.com.br\/blog\/wp-content\/uploads\/2026\/01\/ressarcimento-pis-pasep-2026-prazo-final.webp","type":"image\/webp"}],"author":"Yasmin Santos","twitter_card":"summary_large_image","twitter_misc":{"Escrito por":"Yasmin Santos","Est. tempo de leitura":"5 minutos"},"schema":{"@context":"https:\/\/schema.org","@graph":[{"@type":["Article","BlogPosting"],"@id":"https:\/\/www.pensarcursos.com.br\/blog\/ressarcimento-pis-pasep-2026-prazo-para-solicitar-pagamento-termina-nesta-semana\/#article","isPartOf":{"@id":"https:\/\/www.pensarcursos.com.br\/blog\/ressarcimento-pis-pasep-2026-prazo-para-solicitar-pagamento-termina-nesta-semana\/"},"author":{"name":"Yasmin Santos","@id":"https:\/\/www.pensarcursos.com.br\/blog\/#\/schema\/person\/2700c09d818d989d5d4fff5f50d4b755"},"headline":"Ressarcimento PIS\/PASEP 2026: prazo para solicitar pagamento termina nesta semana","datePublished":"2026-01-26T16:29:46+00:00","dateModified":"2026-01-26T19:40:58+00:00","mainEntityOfPage":{"@id":"https:\/\/www.pensarcursos.com.br\/blog\/ressarcimento-pis-pasep-2026-prazo-para-solicitar-pagamento-termina-nesta-semana\/"},"wordCount":767,"commentCount":0,"publisher":{"@id":"https:\/\/www.pensarcursos.com.br\/blog\/#organization"},"image":{"@id":"https:\/\/www.pensarcursos.com.br\/blog\/ressarcimento-pis-pasep-2026-prazo-para-solicitar-pagamento-termina-nesta-semana\/#primaryimage"},"thumbnailUrl":"https:\/\/www.pensarcursos.com.br\/blog\/wp-content\/uploads\/2026\/01\/ressarcimento-pis-pasep-2026-prazo-final.webp","keywords":["calend\u00e1rio ressarcimento pis pasep 2026","Cotas PIS Pase","pressarcimento pis pasep 2026"],"articleSection":["Direitos do Trabalhador"],"inLanguage":"pt-BR","potentialAction":[{"@type":"CommentAction","name":"Comment","target":["https:\/\/www.pensarcursos.com.br\/blog\/ressarcimento-pis-pasep-2026-prazo-para-solicitar-pagamento-termina-nesta-semana\/#respond"]}],"copyrightYear":"2026","copyrightHolder":{"@id":"https:\/\/www.pensarcursos.com.br\/blog\/#organization"}},{"@type":"WebPage","@id":"https:\/\/www.pensarcursos.com.br\/blog\/ressarcimento-pis-pasep-2026-prazo-para-solicitar-pagamento-termina-nesta-semana\/","url":"https:\/\/www.pensarcursos.com.br\/blog\/ressarcimento-pis-pasep-2026-prazo-para-solicitar-pagamento-termina-nesta-semana\/","name":"Ressarcimento PIS\/PASEP 2026: prazo para solicitar pagamento termina nesta semana - Blog Pensar Cursos","isPartOf":{"@id":"https:\/\/www.pensarcursos.com.br\/blog\/#website"},"primaryImageOfPage":{"@id":"https:\/\/www.pensarcursos.com.br\/blog\/ressarcimento-pis-pasep-2026-prazo-para-solicitar-pagamento-termina-nesta-semana\/#primaryimage"},"image":{"@id":"https:\/\/www.pensarcursos.com.br\/blog\/ressarcimento-pis-pasep-2026-prazo-para-solicitar-pagamento-termina-nesta-semana\/#primaryimage"},"thumbnailUrl":"https:\/\/www.pensarcursos.com.br\/blog\/wp-content\/uploads\/2026\/01\/ressarcimento-pis-pasep-2026-prazo-final.webp","datePublished":"2026-01-26T16:29:46+00:00","dateModified":"2026-01-26T19:40:58+00:00","description":"Saiba como solicitar o ressarcimento PIS\/PASEP 2026. Consulte o calend\u00e1rio, quem tem direito e o passo a passo para receber.","breadcrumb":{"@id":"https:\/\/www.pensarcursos.com.br\/blog\/ressarcimento-pis-pasep-2026-prazo-para-solicitar-pagamento-termina-nesta-semana\/#breadcrumb"},"inLanguage":"pt-BR","potentialAction":[{"@type":"ReadAction","target":["https:\/\/www.pensarcursos.com.br\/blog\/ressarcimento-pis-pasep-2026-prazo-para-solicitar-pagamento-termina-nesta-semana\/"]}]},{"@type":"ImageObject","inLanguage":"pt-BR","@id":"https:\/\/www.pensarcursos.com.br\/blog\/ressarcimento-pis-pasep-2026-prazo-para-solicitar-pagamento-termina-nesta-semana\/#primaryimage","url":"https:\/\/www.pensarcursos.com.br\/blog\/wp-content\/uploads\/2026\/01\/ressarcimento-pis-pasep-2026-prazo-final.webp","contentUrl":"https:\/\/www.pensarcursos.com.br\/blog\/wp-content\/uploads\/2026\/01\/ressarcimento-pis-pasep-2026-prazo-final.webp","width":1200,"height":800,"caption":"Saiba quem tem direito e como fazer a solicita\u00e7\u00e3o. Fonte: Pensar Cursos Blog."},{"@type":"BreadcrumbList","@id":"https:\/\/www.pensarcursos.com.br\/blog\/ressarcimento-pis-pasep-2026-prazo-para-solicitar-pagamento-termina-nesta-semana\/#breadcrumb","itemListElement":[{"@type":"ListItem","position":1,"name":"Home","item":"https:\/\/www.pensarcursos.com.br\/blog\/"},{"@type":"ListItem","position":2,"name":"Ressarcimento PIS\/PASEP 2026: prazo para solicitar pagamento termina nesta semana"}]},{"@type":"WebSite","@id":"https:\/\/www.pensarcursos.com.br\/blog\/#website","url":"https:\/\/www.pensarcursos.com.br\/blog\/","name":"Blog Pensar Cursos","description":"Maior Site de Cursos do Brasil","publisher":{"@id":"https:\/\/www.pensarcursos.com.br\/blog\/#organization"},"alternateName":"Blog Pensar","potentialAction":[{"@type":"SearchAction","target":{"@type":"EntryPoint","urlTemplate":"https:\/\/www.pensarcursos.com.br\/blog\/?s={search_term_string}"},"query-input":{"@type":"PropertyValueSpecification","valueRequired":true,"valueName":"search_term_string"}}],"inLanguage":"pt-BR"},{"@type":"Organization","@id":"https:\/\/www.pensarcursos.com.br\/blog\/#organization","name":"Pensar Cursos","alternateName":"Blog pensar","url":"https:\/\/www.pensarcursos.com.br\/blog\/","logo":{"@type":"ImageObject","inLanguage":"pt-BR","@id":"https:\/\/www.pensarcursos.com.br\/blog\/#\/schema\/logo\/image\/","url":"https:\/\/www.pensarcursos.com.br\/blog\/wp-content\/uploads\/2023\/11\/Nova-Logo-Pensar-Cursos-vertical.png","contentUrl":"https:\/\/www.pensarcursos.com.br\/blog\/wp-content\/uploads\/2023\/11\/Nova-Logo-Pensar-Cursos-vertical.png","width":1393,"height":1001,"caption":"Pensar Cursos"},"image":{"@id":"https:\/\/www.pensarcursos.com.br\/blog\/#\/schema\/logo\/image\/"},"sameAs":["https:\/\/www.facebook.com\/pensarcursos\/","https:\/\/instagram.com.br\/pensarcursos"],"description":"Pensar Cursos \u00e9 uma empresa especializada em oferecer cursos de alta qualidade voltados para o desenvolvimento profissional e acad\u00eamico. Com uma ampla gama de op\u00e7\u00f5es de treinamento, oferecemos conte\u00fados atualizados, ministrados por especialistas da \u00e1rea, para capacitar indiv\u00edduos e equipes a atingirem seus objetivos. Nossa miss\u00e3o \u00e9 proporcionar uma educa\u00e7\u00e3o transformadora, acess\u00edvel e personalizada para cada aluno, seja em cursos presenciais ou online. Com uma abordagem inovadora, buscamos adaptar os nossos programas de ensino \u00e0s necessidades do mercado, criando solu\u00e7\u00f5es que atendem aos desafios e exig\u00eancias do mundo corporativo e acad\u00eamico. Nossos cursos incluem desde forma\u00e7\u00f5es t\u00e9cnicas at\u00e9 habilidades essenciais, como lideran\u00e7a, gest\u00e3o e desenvolvimento pessoal.","email":"contato@pensarcursos.com.br","legalName":"Sena Servi\u00e7os de Informa\u00e7\u00e3o Online LTDA","foundingDate":"2013-04-18","vatID":"17956217000172","numberOfEmployees":{"@type":"QuantitativeValue","minValue":"11","maxValue":"50"},"publishingPrinciples":"https:\/\/www.pensarcursos.com.br\/blog\/principios-de-publicacao\/","ownershipFundingInfo":"https:\/\/www.pensarcursos.com.br\/blog\/informacoes-de-propriedade-financiamento\/","actionableFeedbackPolicy":"https:\/\/www.pensarcursos.com.br\/blog\/politica-de-feedback-acionavel\/","correctionsPolicy":"https:\/\/www.pensarcursos.com.br\/blog\/politica-de-correcoes\/","ethicsPolicy":"https:\/\/www.pensarcursos.com.br\/blog\/politica-de-etica\/"},{"@type":"Person","@id":"https:\/\/www.pensarcursos.com.br\/blog\/#\/schema\/person\/2700c09d818d989d5d4fff5f50d4b755","name":"Yasmin Santos","image":{"@type":"ImageObject","inLanguage":"pt-BR","@id":"https:\/\/secure.gravatar.com\/avatar\/b8d88d102398911030f7bd8e99bd07ffbbb62169f9a740f38705dc857853eb31?s=96&d=mm&r=g","url":"https:\/\/secure.gravatar.com\/avatar\/b8d88d102398911030f7bd8e99bd07ffbbb62169f9a740f38705dc857853eb31?s=96&d=mm&r=g","contentUrl":"https:\/\/secure.gravatar.com\/avatar\/b8d88d102398911030f7bd8e99bd07ffbbb62169f9a740f38705dc857853eb31?s=96&d=mm&r=g","caption":"Yasmin Santos"},"description":"Graduada em Letras Portugu\u00eas\/Ingl\u00eas pela Universidade Estadual de Santa Cruz (UESC), redatora do Grupo Sena Online","sameAs":["https:\/\/www.instagram.com\/yasmin0_20?igsh=MTdqZXF3NTA1b2gyMg=="],"url":"https:\/\/www.pensarcursos.com.br\/blog\/author\/yasmin\/"}]}},"_links":{"self":[{"href":"https:\/\/www.pensarcursos.com.br\/blog\/wp-json\/wp\/v2\/posts\/141867","targetHints":{"allow":["GET"]}}],"collection":[{"href":"https:\/\/www.pensarcursos.com.br\/blog\/wp-json\/wp\/v2\/posts"}],"about":[{"href":"https:\/\/www.pensarcursos.com.br\/blog\/wp-json\/wp\/v2\/types\/post"}],"author":[{"embeddable":true,"href":"https:\/\/www.pensarcursos.com.br\/blog\/wp-json\/wp\/v2\/users\/56"}],"replies":[{"embeddable":true,"href":"https:\/\/www.pensarcursos.com.br\/blog\/wp-json\/wp\/v2\/comments?post=141867"}],"version-history":[{"count":0,"href":"https:\/\/www.pensarcursos.com.br\/blog\/wp-json\/wp\/v2\/posts\/141867\/revisions"}],"wp:featuredmedia":[{"embeddable":true,"href":"https:\/\/www.pensarcursos.com.br\/blog\/wp-json\/wp\/v2\/media\/141871"}],"wp:attachment":[{"href":"https:\/\/www.pensarcursos.com.br\/blog\/wp-json\/wp\/v2\/media?parent=141867"}],"wp:term":[{"taxonomy":"category","embeddable":true,"href":"https:\/\/www.pensarcursos.com.br\/blog\/wp-json\/wp\/v2\/categories?post=141867"},{"taxonomy":"post_tag","embeddable":true,"href":"https:\/\/www.pensarcursos.com.br\/blog\/wp-json\/wp\/v2\/tags?post=141867"}],"curies":[{"name":"wp","href":"https:\/\/api.w.org\/{rel}","templated":true}]}}