{"id":141864,"date":"2026-01-26T09:59:13","date_gmt":"2026-01-26T12:59:13","guid":{"rendered":"https:\/\/www.pensarcursos.com.br\/blog\/?p=141864"},"modified":"2026-01-26T09:14:02","modified_gmt":"2026-01-26T12:14:02","slug":"saiu-edital-concurso-para-atendente-de-farmacia-contador-fisioterapeuta-e-outros-cargos-abriu-inscricoes-salarios-de-ate-r-199-mil","status":"publish","type":"post","link":"https:\/\/www.pensarcursos.com.br\/blog\/saiu-edital-concurso-para-atendente-de-farmacia-contador-fisioterapeuta-e-outros-cargos-abriu-inscricoes-salarios-de-ate-r-199-mil\/","title":{"rendered":"SAIU EDITAL! Concurso para Atendente de Farm\u00e1cia, Contador, Fisioterapeuta e outros cargos abriu inscri\u00e7\u00f5es &#8211; Sal\u00e1rios de at\u00e9 R$ 19,9 mil"},"content":{"rendered":"<p><strong>O concurso da Prefeitura Municipal<\/strong> lan\u00e7ou edital para preencher<strong> 86 vaga<\/strong>s em cargos de n\u00edveis fundamental, m\u00e9dio, t\u00e9cnico e superior. As inscri\u00e7\u00f5es est\u00e3o abertas e os sal\u00e1rios podem chegar a <strong>R$ 19.965,60<\/strong>.<\/p>\n<p>Diversos cargos foram contemplados, incluindo atendente de farm\u00e1cia, contador, fisioterapeuta, enfermeiro, m\u00e9dico, entre outros. Esta mat\u00e9ria traz todos os detalhes, datas, requisitos e dicas para quem deseja participar.<\/p>\n<h2>Detalhes sobre o concurso da Prefeitura Municipal<\/h2>\n<p>O novo edital divulgado disponibiliza vagas para diversos cargos no quadro municipal, abrangendo fun\u00e7\u00f5es administrativas, t\u00e9cnicas e da \u00e1rea da sa\u00fade. As oportunidades s\u00e3o para preenchimento imediato e forma\u00e7\u00e3o de cadastro de reserva.<\/p>\n<p>Os cargos v\u00e3o desde \u00e1reas de apoio, como auxiliar de servi\u00e7os gerais, at\u00e9 fun\u00e7\u00f5es especializadas, como auditor de tributos e m\u00e9dico psiquiatra.<\/p>\n<p>Confira a lista completa dos cargos oferecidos:<\/p>\n<ul>\n<li>Agente Administrativo (6 vagas)<\/li>\n<li>Assistente Social (6 vagas)<\/li>\n<li>Auditor de Tributos (1 vaga)<\/li>\n<li>Consultor Jur\u00eddico (1 vaga)<\/li>\n<li>Contador (1 vaga)<\/li>\n<li>Controlador Interno (1 vaga)<\/li>\n<li>Enfermeiro (2 vagas)<\/li>\n<li>Enfermeiro ESF (1 vaga)<\/li>\n<li>Engenheiro Agr\u00f4nomo (1 vaga)<\/li>\n<li>Farmac\u00eautico (2 vagas)<\/li>\n<li>Fiscal de Obras e Meio Ambiente (1 vaga)<\/li>\n<li>Fisioterapeuta (3 vagas)<\/li>\n<li>M\u00e9dico (3 vagas)<\/li>\n<li>M\u00e9dico da Sa\u00fade da Fam\u00edlia (2 vagas)<\/li>\n<li>M\u00e9dico Psiquiatra (1 vaga)<\/li>\n<li>Odont\u00f3logo Cirurgi\u00e3o Dentista PSB (4 vagas)<\/li>\n<li>Orientador Social (4 vagas)<\/li>\n<li>Psic\u00f3logo (4 vagas)<\/li>\n<li>Assistente Administrativo (10 vagas)<\/li>\n<li>Atendente de Farm\u00e1cia (2 vagas)<\/li>\n<li>Auxiliar de Consult\u00f3rio Dent\u00e1rio (2 vagas)<\/li>\n<li>Borracheiro (1 vaga)<\/li>\n<li>Fiscal de Obras (1 vaga)<\/li>\n<li>Fiscal de Tributos (2 vagas)<\/li>\n<li>Monitor do Abrigo Institucional (2 vagas)<\/li>\n<li>Recepcionista (1 vaga)<\/li>\n<li>T\u00e9cnico em Enfermagem (5 vagas)<\/li>\n<li>T\u00e9cnico de Tecnologia da Informa\u00e7\u00e3o (2 vagas)<\/li>\n<li>Auxiliar de Servi\u00e7os Gerais (5 vagas)<\/li>\n<li>Mec\u00e2nico Eletricista (1 vaga)<\/li>\n<li>Mec\u00e2nico de M\u00e1quinas e Equipamentos Rodovi\u00e1rios (1 vaga)<\/li>\n<li>Motorista (2 vagas)<\/li>\n<li>Operador de Escavadeira (1 vaga)<\/li>\n<li>Operador de Retroescavadeira (2 vagas)<\/li>\n<li>Pedreiro (2 vagas)<\/li>\n<li>Eletricista<\/li>\n<\/ul>\n<h2>Requisitos para se candidatar<\/h2>\n<p>Entre outros crit\u00e9rios, para participar do novo <a href=\"https:\/\/www.pensarcursos.com.br\/blog\/saiu-edital-concurso-com-vagas-para-assistente-social-do-cras-jornalista-farmaceutico-e-outros-cargos-oferece-salarios-de-ate-r-168-mil\/\">concurso<\/a>, \u00e9 necess\u00e1rio atender aos seguintes crit\u00e9rios:<\/p>\n<ul>\n<li>Ter nacionalidade brasileira;<\/li>\n<li>Estar no gozo dos direitos pol\u00edticos;<\/li>\n<li>Estar quite com as obriga\u00e7\u00f5es eleitorais e do servi\u00e7o militar (quando do sexo masculino);<\/li>\n<li>Ter idade m\u00ednima de 18 anos;<\/li>\n<li>Possuir aptid\u00e3o f\u00edsica e mental;<\/li>\n<li>Possuir o n\u00edvel de escolaridade exigido para o exerc\u00edcio do emprego p\u00fablico;<\/li>\n<li>Ter sido aprovado no concurso p\u00fablico.<\/li>\n<\/ul>\n<h2>Remunera\u00e7\u00e3o<\/h2>\n<p>O edital apresenta sal\u00e1rios de <strong>R$ 1.657,28 a R$ 19.965,60<\/strong> para jornadas de 20 a 40 horas semanais.<\/p>\n<p>Veja:<\/p>\n<table>\n<thead>\n<tr>\n<th>Cargo<\/th>\n<th>Sal\u00e1rio Base (R$)<\/th>\n<\/tr>\n<\/thead>\n<tbody>\n<tr>\n<td>Agente Administrativo<\/td>\n<td>4.060,73<\/td>\n<\/tr>\n<tr>\n<td>Assistente Social<\/td>\n<td>4.060,73<\/td>\n<\/tr>\n<tr>\n<td>Auditor de Tributos<\/td>\n<td>4.060,73*<\/td>\n<\/tr>\n<tr>\n<td>Consultor Jur\u00eddico<\/td>\n<td>4.248,00<\/td>\n<\/tr>\n<tr>\n<td>Contador<\/td>\n<td>7.434,00<\/td>\n<\/tr>\n<tr>\n<td>Controlador Interno<\/td>\n<td>7.434,00<\/td>\n<\/tr>\n<tr>\n<td>Enfermeiro<\/td>\n<td>5.044,50<\/td>\n<\/tr>\n<tr>\n<td>Enfermeiro de Sa\u00fade da Fam\u00edlia<\/td>\n<td>5.044,50<\/td>\n<\/tr>\n<tr>\n<td>Engenheiro Agr\u00f4nomo<\/td>\n<td>7.434,00<\/td>\n<\/tr>\n<tr>\n<td>Farmac\u00eautico<\/td>\n<td>4.060,73<\/td>\n<\/tr>\n<tr>\n<td>Fiscal de Obras e Meio Ambiente<\/td>\n<td>7.434,00*<\/td>\n<\/tr>\n<tr>\n<td>Fisioterapeuta<\/td>\n<td>4.060,73<\/td>\n<\/tr>\n<tr>\n<td>M\u00e9dico<\/td>\n<td>9.982,80<\/td>\n<\/tr>\n<tr>\n<td>M\u00e9dico da Sa\u00fade da Fam\u00edlia<\/td>\n<td>19.965,60<\/td>\n<\/tr>\n<tr>\n<td>M\u00e9dico Psiquiatra<\/td>\n<td>9.982,80<\/td>\n<\/tr>\n<tr>\n<td>Odont\u00f3logo Cirurgi\u00e3o Dentista<\/td>\n<td>5.822,88<\/td>\n<\/tr>\n<tr>\n<td>Orientador Social<\/td>\n<td>4.784,84<\/td>\n<\/tr>\n<tr>\n<td>Psic\u00f3logo<\/td>\n<td>4.060,73<\/td>\n<\/tr>\n<tr>\n<td>Assistente Administrativo<\/td>\n<td>2.548,80<\/td>\n<\/tr>\n<tr>\n<td>Atendente de Farm\u00e1cia<\/td>\n<td>1.657,28<\/td>\n<\/tr>\n<tr>\n<td>Auxiliar de Consult\u00f3rio Dent\u00e1rio<\/td>\n<td>1.657,28<\/td>\n<\/tr>\n<tr>\n<td>Borracheiro<\/td>\n<td>2.655,00<\/td>\n<\/tr>\n<tr>\n<td>Fiscal de Obras<\/td>\n<td>2.655,00*<\/td>\n<\/tr>\n<tr>\n<td>Fiscal de Tributos<\/td>\n<td>2.655,00*<\/td>\n<\/tr>\n<tr>\n<td>Monitor do Abrigo Institucional<\/td>\n<td>1.821,51<\/td>\n<\/tr>\n<tr>\n<td>Recepcionista<\/td>\n<td>1.657,28<\/td>\n<\/tr>\n<tr>\n<td>T\u00e9cnico em Enfermagem<\/td>\n<td>3.531,15<\/td>\n<\/tr>\n<tr>\n<td>T\u00e9cnico de Tecnologia da Informa\u00e7\u00e3o<\/td>\n<td>2.548,80<\/td>\n<\/tr>\n<tr>\n<td>Auxiliar de Servi\u00e7os Gerais<\/td>\n<td>1.657,28<\/td>\n<\/tr>\n<tr>\n<td>Eletricista<\/td>\n<td>3.186,00<\/td>\n<\/tr>\n<tr>\n<td>Mec\u00e2nico Eletricista<\/td>\n<td>3.186,00<\/td>\n<\/tr>\n<tr>\n<td>Mec\u00e2nico de M\u00e1quinas e Equip. Rodovi\u00e1rios<\/td>\n<td>3.186,00<\/td>\n<\/tr>\n<tr>\n<td>Motorista<\/td>\n<td>1.985,74<\/td>\n<\/tr>\n<tr>\n<td>Operador de Escavadeira<\/td>\n<td>3.186,00<\/td>\n<\/tr>\n<tr>\n<td>Operador de Retroescavadeira<\/td>\n<td>3.186,00<\/td>\n<\/tr>\n<tr>\n<td>Pedreiro<\/td>\n<td>2.655,00<\/td>\n<\/tr>\n<\/tbody>\n<\/table>\n<p>* Cargo com possibilidade de gratifica\u00e7\u00e3o de produtividade de at\u00e9 100% do vencimento base, conforme Lei Municipal Ordin\u00e1ria 1959\/2017.<\/p>\n<h2>Inscri\u00e7\u00f5es<\/h2>\n<p>As inscri\u00e7\u00f5es para o <a href=\"https:\/\/www.pensarcursos.com.br\/blog\/saiu-edital-concurso-com-vagas-para-contador-farmaceutico-fonoaudiologo-e-motorista-oferece-salarios-de-ate-r-7-mil\/\">concurso<\/a> da Prefeitura Municipal de Urubici, no estado de Santa Catarina (SC), est\u00e3o abertas de 6 a 27 de janeiro de 2026, exclusivamente no site da <a href=\"https:\/\/2025cpurubici.fepese.org.br\/\" target=\"_blank\" rel=\"noopener\">Fepese<\/a>.<\/p>\n<p>A taxa de inscri\u00e7\u00e3o varia de R$ 100,00 a R$ 150,00, conforme o cargo escolhido.<\/p>\n<p>Candidatos inscritos no Cadastro \u00danico puderam solicitar isen\u00e7\u00e3o entre os dias 6 e 9 de janeiro de 2026.<\/p>\n<ul>\n<li>Per\u00edodo de inscri\u00e7\u00e3o: 6\/1\/2026 a 27\/1\/2026<\/li>\n<li>Solicita\u00e7\u00e3o de isen\u00e7\u00e3o: 6\/1 a 9\/1\/2026<\/li>\n<li>Valor: R$ 100,00 a R$ 150,00<\/li>\n<\/ul>\n<figure id=\"attachment_141874\" aria-describedby=\"caption-attachment-141874\" style=\"width: 1275px\" class=\"wp-caption aligncenter\"><img decoding=\"async\" class=\"wp-image-141874 size-full\" src=\"https:\/\/www.pensarcursos.com.br\/blog\/wp-content\/uploads\/2026\/01\/concurso9-22.jpg\" alt=\"Mulher com blusa amarela escrevendo em caderno durante estudo em 2026.\" width=\"1275\" height=\"731\" srcset=\"https:\/\/www.pensarcursos.com.br\/blog\/wp-content\/uploads\/2026\/01\/concurso9-22.jpg 1275w, https:\/\/www.pensarcursos.com.br\/blog\/wp-content\/uploads\/2026\/01\/concurso9-22-300x172.jpg 300w, https:\/\/www.pensarcursos.com.br\/blog\/wp-content\/uploads\/2026\/01\/concurso9-22-1024x587.jpg 1024w, https:\/\/www.pensarcursos.com.br\/blog\/wp-content\/uploads\/2026\/01\/concurso9-22-768x440.jpg 768w, https:\/\/www.pensarcursos.com.br\/blog\/wp-content\/uploads\/2026\/01\/concurso9-22-750x430.jpg 750w, https:\/\/www.pensarcursos.com.br\/blog\/wp-content\/uploads\/2026\/01\/concurso9-22-1140x654.jpg 1140w\" sizes=\"(max-width: 1275px) 100vw, 1275px\" \/><figcaption id=\"caption-attachment-141874\" class=\"wp-caption-text\">As provas objetivas do concurso da Prefeitura Municipal ser\u00e3o aplicadas em fevereiro de 2026; saiba mais. Imagem: Freepik<\/figcaption><\/figure>\n<h2>Processo de Sele\u00e7\u00e3o<\/h2>\n<p>A sele\u00e7\u00e3o dos candidatos ser\u00e1 por prova objetiva, agendada para<strong> 22 de fevereiro de 2026<\/strong>. Para os cargos de Motorista, Operador de Escavadeira e Operador de Retroescavadeira, haver\u00e1 tamb\u00e9m prova pr\u00e1tica nos dias 14 e 15 de mar\u00e7o de 2026.<\/p>\n<ul>\n<li>Prova objetiva: 22\/2\/2026<\/li>\n<li>Prova pr\u00e1tica: 14 e 15\/3\/2026 (apenas para cargos espec\u00edficos)<\/li>\n<\/ul>\n<h2>Resumo do concurso<\/h2>\n<table>\n<tbody>\n<tr>\n<th>Status<\/th>\n<td>Aberto<\/td>\n<\/tr>\n<tr>\n<th>Banca<\/th>\n<td><a href=\"https:\/\/2025cpurubici.fepese.org.br\/\" target=\"_blank\" rel=\"noopener\">Fepese<\/a><\/td>\n<\/tr>\n<tr>\n<th>Cargos<\/th>\n<td>Diversos<\/td>\n<\/tr>\n<tr>\n<th>Escolaridade<\/th>\n<td>Fundamental, M\u00e9dio, T\u00e9cnico e Superior<\/td>\n<\/tr>\n<tr>\n<th>Vagas<\/th>\n<td>86 + CR<\/td>\n<\/tr>\n<tr>\n<th>Sal\u00e1rio inicial<\/th>\n<td>De R$ 1.657,28 a R$ 19.965,60<\/td>\n<\/tr>\n<tr>\n<th>Inscri\u00e7\u00f5es<\/th>\n<td>06\/01\/2026 a 27\/01\/2026<\/td>\n<\/tr>\n<tr>\n<th>Taxa de inscri\u00e7\u00e3o<\/th>\n<td>R$ 100,00 a R$ 150,00<\/td>\n<\/tr>\n<tr>\n<th>Data da prova<\/th>\n<td>22\/02\/2026<\/td>\n<\/tr>\n<tr>\n<th>Edital<\/th>\n<td><a href=\"https:\/\/www.pensarcursos.com.br\/blog\/wp-content\/uploads\/2026\/01\/Urubici.pdf\" target=\"_blank\" rel=\"noopener\">Edital do concurso da Prefeitura de Urubici<\/a><\/td>\n<\/tr>\n<\/tbody>\n<\/table>\n<h2>Validade do concurso<\/h2>\n<p>O <a href=\"https:\/\/www.pensarcursos.com.br\/blog\/saiu-edital-novo-concurso-com-salarios-de-ate-r-77-mil-abriu-inscricoes-veja-como-se-inscrever\/\">concurso<\/a> da Prefeitura Municipal de Urubici possui validade de dois anos, podendo ser prorrogado uma vez por igual per\u00edodo, conforme crit\u00e9rio da administra\u00e7\u00e3o municipal.<\/p>\n<p>Esse concurso n\u00e3o \u00e9 o que voc\u00ea procurava? Veja outras oportunidades no\u00a0<a href=\"https:\/\/www.pensarcursos.com.br\/blog\/?utm_source=organicjLj694591b67b8799ee29ff3635&amp;utm_campaign=&amp;utm_medium=pushnotification&amp;utm_content=&amp;utm_term=\"><strong>Pensar Cursos<\/strong><\/a>!<\/p>\n<div class=\"jeg_video_container jeg_video_content\"><iframe title=\"Como come\u00e7ar a estudar pra concurso de n\u00edvel m\u00e9dio em 2026? Guia completo do zero\" width=\"500\" height=\"281\" src=\"https:\/\/www.youtube.com\/embed\/f5E3hwXslF0?feature=oembed\" frameborder=\"0\" allow=\"accelerometer; autoplay; clipboard-write; encrypted-media; gyroscope; picture-in-picture; web-share\" referrerpolicy=\"strict-origin-when-cross-origin\" allowfullscreen><\/iframe><\/div>\n","protected":false},"excerpt":{"rendered":"<p>O concurso da Prefeitura Municipal lan\u00e7ou edital para preencher 86 vagas em cargos de n\u00edveis fundamental, m\u00e9dio, t\u00e9cnico e superior. As inscri\u00e7\u00f5es est\u00e3o abertas e os sal\u00e1rios podem chegar a R$ 19.965,60. Diversos cargos foram contemplados, incluindo atendente de farm\u00e1cia, contador, fisioterapeuta, enfermeiro, m\u00e9dico, entre outros. Esta mat\u00e9ria traz todos os detalhes, datas, requisitos e [&hellip;]<\/p>\n","protected":false},"author":17,"featured_media":141865,"comment_status":"open","ping_status":"closed","sticky":false,"template":"","format":"standard","meta":{"jnews-multi-image_gallery":[],"jnews_single_post":{"format":"standard","override":[{"template":"1","parallax":"1","fullscreen":"1","layout":"right-sidebar","sidebar":"default-sidebar","second_sidebar":"default-sidebar","sticky_sidebar":"1","share_position":"topbottom","share_float_style":"share-monocrhome","show_featured":"1","show_post_meta":"1","show_post_author":"1","show_post_author_image":"1","show_post_date":"1","post_date_format":"default","post_date_format_custom":"Y\/m\/d","show_post_category":"1","post_reading_time_wpm":"300","post_calculate_word_method":"str_word_count","show_zoom_button":"0","zoom_button_out_step":"2","zoom_button_in_step":"3","show_post_tag":"1","show_prev_next_post":"1","show_popup_post":"1","show_comment_section":"1","number_popup_post":"2","show_author_box":"1","show_post_related":"1","show_inline_post_related":"1"}],"image_override":[{"single_post_thumbnail_size":"crop-500","single_post_gallery_size":"crop-500"}],"trending_post_position":"meta","trending_post_label":"Trending","sponsored_post_label":"Sponsored by","disable_ad":"0","subtitle":"As provas ser\u00e3o aplicadas em fevereiro de 2026; saiba mais!"},"jnews_primary_category":[],"jnews_social_meta":[],"jnews_override_counter":{"view_counter_number":"0","share_counter_number":"0","like_counter_number":"0","dislike_counter_number":"0"},"footnotes":""},"categories":[29],"tags":[37724,37727,37726,37725],"class_list":["post-141864","post","type-post","status-publish","format-standard","has-post-thumbnail","hentry","category-concursos","tag-edital-concurso-da-prefeitura-de-urubici","tag-inscricoes-concurso-da-prefeitura-de-urubici","tag-salarios-concurso-da-prefeitura-de-urubici","tag-vagas-concurso-da-prefeitura-de-urubici"],"yoast_head":"<!-- This site is optimized with the Yoast SEO Premium plugin v27.4 (Yoast SEO v27.4) - https:\/\/yoast.com\/product\/yoast-seo-premium-wordpress\/ -->\n<title>SAIU EDITAL! Concurso para Atendente de Farm\u00e1cia, Contador, Fisioterapeuta e outros cargos abriu inscri\u00e7\u00f5es - Sal\u00e1rios de at\u00e9 R$ 19,9 mil - Blog Pensar Cursos<\/title>\n<meta name=\"description\" content=\"Confira detalhes do concurso da Prefeitura Municipal: vagas, sal\u00e1rios de at\u00e9 R$ 19,9 mil e datas de inscri\u00e7\u00e3o. Saiba como participar e preparar-se!\" \/>\n<meta name=\"robots\" content=\"index, follow, max-snippet:-1, max-image-preview:large, max-video-preview:-1\" \/>\n<link rel=\"canonical\" href=\"https:\/\/www.pensarcursos.com.br\/blog\/saiu-edital-concurso-para-atendente-de-farmacia-contador-fisioterapeuta-e-outros-cargos-abriu-inscricoes-salarios-de-ate-r-199-mil\/\" \/>\n<meta property=\"og:locale\" content=\"pt_BR\" \/>\n<meta property=\"og:type\" content=\"article\" \/>\n<meta property=\"og:title\" content=\"SAIU EDITAL! Concurso para Atendente de Farm\u00e1cia, Contador, Fisioterapeuta e outros cargos abriu inscri\u00e7\u00f5es - Sal\u00e1rios de at\u00e9 R$ 19,9 mil\" \/>\n<meta property=\"og:description\" content=\"Confira detalhes do concurso da Prefeitura Municipal: vagas, sal\u00e1rios de at\u00e9 R$ 19,9 mil e datas de inscri\u00e7\u00e3o. Saiba como participar e preparar-se!\" \/>\n<meta property=\"og:url\" content=\"https:\/\/www.pensarcursos.com.br\/blog\/saiu-edital-concurso-para-atendente-de-farmacia-contador-fisioterapeuta-e-outros-cargos-abriu-inscricoes-salarios-de-ate-r-199-mil\/\" \/>\n<meta property=\"og:site_name\" content=\"Blog Pensar Cursos\" \/>\n<meta property=\"article:publisher\" content=\"https:\/\/www.facebook.com\/pensarcursos\/\" \/>\n<meta property=\"article:author\" content=\"https:\/\/www.facebook.com\/profile.php?id=61550018262414\" \/>\n<meta property=\"article:published_time\" content=\"2026-01-26T12:59:13+00:00\" \/>\n<meta property=\"og:image\" content=\"https:\/\/www.pensarcursos.com.br\/blog\/wp-content\/uploads\/2026\/01\/Concurso-da-Camara-Municipal-de-Urubici.png\" \/>\n\t<meta property=\"og:image:width\" content=\"1200\" \/>\n\t<meta property=\"og:image:height\" content=\"800\" \/>\n\t<meta property=\"og:image:type\" content=\"image\/png\" \/>\n<meta name=\"author\" content=\"Gorete Costa\" \/>\n<meta name=\"twitter:card\" content=\"summary_large_image\" \/>\n<meta name=\"twitter:label1\" content=\"Escrito por\" \/>\n\t<meta name=\"twitter:data1\" content=\"Gorete Costa\" \/>\n\t<meta name=\"twitter:label2\" content=\"Est. tempo de leitura\" \/>\n\t<meta name=\"twitter:data2\" content=\"5 minutos\" \/>\n<!-- \/ Yoast SEO Premium plugin. -->","yoast_head_json":{"title":"SAIU EDITAL! Concurso para Atendente de Farm\u00e1cia, Contador, Fisioterapeuta e outros cargos abriu inscri\u00e7\u00f5es - Sal\u00e1rios de at\u00e9 R$ 19,9 mil - Blog Pensar Cursos","description":"Confira detalhes do concurso da Prefeitura Municipal: vagas, sal\u00e1rios de at\u00e9 R$ 19,9 mil e datas de inscri\u00e7\u00e3o. Saiba como participar e preparar-se!","robots":{"index":"index","follow":"follow","max-snippet":"max-snippet:-1","max-image-preview":"max-image-preview:large","max-video-preview":"max-video-preview:-1"},"canonical":"https:\/\/www.pensarcursos.com.br\/blog\/saiu-edital-concurso-para-atendente-de-farmacia-contador-fisioterapeuta-e-outros-cargos-abriu-inscricoes-salarios-de-ate-r-199-mil\/","og_locale":"pt_BR","og_type":"article","og_title":"SAIU EDITAL! Concurso para Atendente de Farm\u00e1cia, Contador, Fisioterapeuta e outros cargos abriu inscri\u00e7\u00f5es - Sal\u00e1rios de at\u00e9 R$ 19,9 mil","og_description":"Confira detalhes do concurso da Prefeitura Municipal: vagas, sal\u00e1rios de at\u00e9 R$ 19,9 mil e datas de inscri\u00e7\u00e3o. Saiba como participar e preparar-se!","og_url":"https:\/\/www.pensarcursos.com.br\/blog\/saiu-edital-concurso-para-atendente-de-farmacia-contador-fisioterapeuta-e-outros-cargos-abriu-inscricoes-salarios-de-ate-r-199-mil\/","og_site_name":"Blog Pensar Cursos","article_publisher":"https:\/\/www.facebook.com\/pensarcursos\/","article_author":"https:\/\/www.facebook.com\/profile.php?id=61550018262414","article_published_time":"2026-01-26T12:59:13+00:00","og_image":[{"width":1200,"height":800,"url":"https:\/\/www.pensarcursos.com.br\/blog\/wp-content\/uploads\/2026\/01\/Concurso-da-Camara-Municipal-de-Urubici.png","type":"image\/png"}],"author":"Gorete Costa","twitter_card":"summary_large_image","twitter_misc":{"Escrito por":"Gorete Costa","Est. tempo de leitura":"5 minutos"},"schema":{"@context":"https:\/\/schema.org","@graph":[{"@type":["Article","BlogPosting"],"@id":"https:\/\/www.pensarcursos.com.br\/blog\/saiu-edital-concurso-para-atendente-de-farmacia-contador-fisioterapeuta-e-outros-cargos-abriu-inscricoes-salarios-de-ate-r-199-mil\/#article","isPartOf":{"@id":"https:\/\/www.pensarcursos.com.br\/blog\/saiu-edital-concurso-para-atendente-de-farmacia-contador-fisioterapeuta-e-outros-cargos-abriu-inscricoes-salarios-de-ate-r-199-mil\/"},"author":{"name":"Gorete Costa","@id":"https:\/\/www.pensarcursos.com.br\/blog\/#\/schema\/person\/e133b19d62595d6ab0c12f3e5436a7bb"},"headline":"SAIU EDITAL! Concurso para Atendente de Farm\u00e1cia, Contador, Fisioterapeuta e outros cargos abriu inscri\u00e7\u00f5es &#8211; Sal\u00e1rios de at\u00e9 R$ 19,9 mil","datePublished":"2026-01-26T12:59:13+00:00","mainEntityOfPage":{"@id":"https:\/\/www.pensarcursos.com.br\/blog\/saiu-edital-concurso-para-atendente-de-farmacia-contador-fisioterapeuta-e-outros-cargos-abriu-inscricoes-salarios-de-ate-r-199-mil\/"},"wordCount":812,"commentCount":0,"publisher":{"@id":"https:\/\/www.pensarcursos.com.br\/blog\/#organization"},"image":{"@id":"https:\/\/www.pensarcursos.com.br\/blog\/saiu-edital-concurso-para-atendente-de-farmacia-contador-fisioterapeuta-e-outros-cargos-abriu-inscricoes-salarios-de-ate-r-199-mil\/#primaryimage"},"thumbnailUrl":"https:\/\/www.pensarcursos.com.br\/blog\/wp-content\/uploads\/2026\/01\/Concurso-da-Camara-Municipal-de-Urubici.png","keywords":["edital concurso da prefeitura de urubici","inscri\u00e7\u00f5es concurso da prefeitura de urubici","sal\u00e1rios concurso da prefeitura de urubici","vagas concurso da prefeitura de urubici"],"articleSection":["Concursos P\u00fablicos"],"inLanguage":"pt-BR","potentialAction":[{"@type":"CommentAction","name":"Comment","target":["https:\/\/www.pensarcursos.com.br\/blog\/saiu-edital-concurso-para-atendente-de-farmacia-contador-fisioterapeuta-e-outros-cargos-abriu-inscricoes-salarios-de-ate-r-199-mil\/#respond"]}],"copyrightYear":"2026","copyrightHolder":{"@id":"https:\/\/www.pensarcursos.com.br\/blog\/#organization"}},{"@type":"WebPage","@id":"https:\/\/www.pensarcursos.com.br\/blog\/saiu-edital-concurso-para-atendente-de-farmacia-contador-fisioterapeuta-e-outros-cargos-abriu-inscricoes-salarios-de-ate-r-199-mil\/","url":"https:\/\/www.pensarcursos.com.br\/blog\/saiu-edital-concurso-para-atendente-de-farmacia-contador-fisioterapeuta-e-outros-cargos-abriu-inscricoes-salarios-de-ate-r-199-mil\/","name":"SAIU EDITAL! Concurso para Atendente de Farm\u00e1cia, Contador, Fisioterapeuta e outros cargos abriu inscri\u00e7\u00f5es - Sal\u00e1rios de at\u00e9 R$ 19,9 mil - Blog Pensar Cursos","isPartOf":{"@id":"https:\/\/www.pensarcursos.com.br\/blog\/#website"},"primaryImageOfPage":{"@id":"https:\/\/www.pensarcursos.com.br\/blog\/saiu-edital-concurso-para-atendente-de-farmacia-contador-fisioterapeuta-e-outros-cargos-abriu-inscricoes-salarios-de-ate-r-199-mil\/#primaryimage"},"image":{"@id":"https:\/\/www.pensarcursos.com.br\/blog\/saiu-edital-concurso-para-atendente-de-farmacia-contador-fisioterapeuta-e-outros-cargos-abriu-inscricoes-salarios-de-ate-r-199-mil\/#primaryimage"},"thumbnailUrl":"https:\/\/www.pensarcursos.com.br\/blog\/wp-content\/uploads\/2026\/01\/Concurso-da-Camara-Municipal-de-Urubici.png","datePublished":"2026-01-26T12:59:13+00:00","description":"Confira detalhes do concurso da Prefeitura Municipal: vagas, sal\u00e1rios de at\u00e9 R$ 19,9 mil e datas de inscri\u00e7\u00e3o. Saiba como participar e preparar-se!","breadcrumb":{"@id":"https:\/\/www.pensarcursos.com.br\/blog\/saiu-edital-concurso-para-atendente-de-farmacia-contador-fisioterapeuta-e-outros-cargos-abriu-inscricoes-salarios-de-ate-r-199-mil\/#breadcrumb"},"inLanguage":"pt-BR","potentialAction":[{"@type":"ReadAction","target":["https:\/\/www.pensarcursos.com.br\/blog\/saiu-edital-concurso-para-atendente-de-farmacia-contador-fisioterapeuta-e-outros-cargos-abriu-inscricoes-salarios-de-ate-r-199-mil\/"]}]},{"@type":"ImageObject","inLanguage":"pt-BR","@id":"https:\/\/www.pensarcursos.com.br\/blog\/saiu-edital-concurso-para-atendente-de-farmacia-contador-fisioterapeuta-e-outros-cargos-abriu-inscricoes-salarios-de-ate-r-199-mil\/#primaryimage","url":"https:\/\/www.pensarcursos.com.br\/blog\/wp-content\/uploads\/2026\/01\/Concurso-da-Camara-Municipal-de-Urubici.png","contentUrl":"https:\/\/www.pensarcursos.com.br\/blog\/wp-content\/uploads\/2026\/01\/Concurso-da-Camara-Municipal-de-Urubici.png","width":1200,"height":800,"caption":"Veja como se inscrever no novo concurso e garantir a sua vaga. Imagem: Pensar Cursos"},{"@type":"BreadcrumbList","@id":"https:\/\/www.pensarcursos.com.br\/blog\/saiu-edital-concurso-para-atendente-de-farmacia-contador-fisioterapeuta-e-outros-cargos-abriu-inscricoes-salarios-de-ate-r-199-mil\/#breadcrumb","itemListElement":[{"@type":"ListItem","position":1,"name":"Home","item":"https:\/\/www.pensarcursos.com.br\/blog\/"},{"@type":"ListItem","position":2,"name":"SAIU EDITAL! Concurso para Atendente de Farm\u00e1cia, Contador, Fisioterapeuta e outros cargos abriu inscri\u00e7\u00f5es &#8211; Sal\u00e1rios de at\u00e9 R$ 19,9 mil"}]},{"@type":"WebSite","@id":"https:\/\/www.pensarcursos.com.br\/blog\/#website","url":"https:\/\/www.pensarcursos.com.br\/blog\/","name":"Blog Pensar Cursos","description":"Maior Site de Cursos do Brasil","publisher":{"@id":"https:\/\/www.pensarcursos.com.br\/blog\/#organization"},"alternateName":"Blog Pensar","potentialAction":[{"@type":"SearchAction","target":{"@type":"EntryPoint","urlTemplate":"https:\/\/www.pensarcursos.com.br\/blog\/?s={search_term_string}"},"query-input":{"@type":"PropertyValueSpecification","valueRequired":true,"valueName":"search_term_string"}}],"inLanguage":"pt-BR"},{"@type":"Organization","@id":"https:\/\/www.pensarcursos.com.br\/blog\/#organization","name":"Pensar Cursos","alternateName":"Blog pensar","url":"https:\/\/www.pensarcursos.com.br\/blog\/","logo":{"@type":"ImageObject","inLanguage":"pt-BR","@id":"https:\/\/www.pensarcursos.com.br\/blog\/#\/schema\/logo\/image\/","url":"https:\/\/www.pensarcursos.com.br\/blog\/wp-content\/uploads\/2023\/11\/Nova-Logo-Pensar-Cursos-vertical.png","contentUrl":"https:\/\/www.pensarcursos.com.br\/blog\/wp-content\/uploads\/2023\/11\/Nova-Logo-Pensar-Cursos-vertical.png","width":1393,"height":1001,"caption":"Pensar Cursos"},"image":{"@id":"https:\/\/www.pensarcursos.com.br\/blog\/#\/schema\/logo\/image\/"},"sameAs":["https:\/\/www.facebook.com\/pensarcursos\/","https:\/\/instagram.com.br\/pensarcursos"],"description":"Pensar Cursos \u00e9 uma empresa especializada em oferecer cursos de alta qualidade voltados para o desenvolvimento profissional e acad\u00eamico. Com uma ampla gama de op\u00e7\u00f5es de treinamento, oferecemos conte\u00fados atualizados, ministrados por especialistas da \u00e1rea, para capacitar indiv\u00edduos e equipes a atingirem seus objetivos. Nossa miss\u00e3o \u00e9 proporcionar uma educa\u00e7\u00e3o transformadora, acess\u00edvel e personalizada para cada aluno, seja em cursos presenciais ou online. Com uma abordagem inovadora, buscamos adaptar os nossos programas de ensino \u00e0s necessidades do mercado, criando solu\u00e7\u00f5es que atendem aos desafios e exig\u00eancias do mundo corporativo e acad\u00eamico. Nossos cursos incluem desde forma\u00e7\u00f5es t\u00e9cnicas at\u00e9 habilidades essenciais, como lideran\u00e7a, gest\u00e3o e desenvolvimento pessoal.","email":"contato@pensarcursos.com.br","legalName":"Sena Servi\u00e7os de Informa\u00e7\u00e3o Online LTDA","foundingDate":"2013-04-18","vatID":"17956217000172","numberOfEmployees":{"@type":"QuantitativeValue","minValue":"11","maxValue":"50"},"publishingPrinciples":"https:\/\/www.pensarcursos.com.br\/blog\/principios-de-publicacao\/","ownershipFundingInfo":"https:\/\/www.pensarcursos.com.br\/blog\/informacoes-de-propriedade-financiamento\/","actionableFeedbackPolicy":"https:\/\/www.pensarcursos.com.br\/blog\/politica-de-feedback-acionavel\/","correctionsPolicy":"https:\/\/www.pensarcursos.com.br\/blog\/politica-de-correcoes\/","ethicsPolicy":"https:\/\/www.pensarcursos.com.br\/blog\/politica-de-etica\/"},{"@type":"Person","@id":"https:\/\/www.pensarcursos.com.br\/blog\/#\/schema\/person\/e133b19d62595d6ab0c12f3e5436a7bb","name":"Gorete Costa","image":{"@type":"ImageObject","inLanguage":"pt-BR","@id":"https:\/\/secure.gravatar.com\/avatar\/8cb99f142e1cb1312d8c202378c20dc4f7210145acc22805481f4a3f47ce9b6f?s=96&d=mm&r=g","url":"https:\/\/secure.gravatar.com\/avatar\/8cb99f142e1cb1312d8c202378c20dc4f7210145acc22805481f4a3f47ce9b6f?s=96&d=mm&r=g","contentUrl":"https:\/\/secure.gravatar.com\/avatar\/8cb99f142e1cb1312d8c202378c20dc4f7210145acc22805481f4a3f47ce9b6f?s=96&d=mm&r=g","caption":"Gorete Costa"},"description":"Graduada em Servi\u00e7o Social pela Universidade do Norte do Paran\u00e1 (Unopar), Gorete Costa \u00e9 especialista em comunica\u00e7\u00e3o, atuando como radialista em programas jornal\u00edsticos e de entretenimento, al\u00e9m de produ\u00e7\u00e3o e revis\u00e3o de textos informativos para sites e blogs.","sameAs":["https:\/\/www.facebook.com\/profile.php?id=61550018262414"],"url":"https:\/\/www.pensarcursos.com.br\/blog\/author\/gorete\/"}]}},"_links":{"self":[{"href":"https:\/\/www.pensarcursos.com.br\/blog\/wp-json\/wp\/v2\/posts\/141864","targetHints":{"allow":["GET"]}}],"collection":[{"href":"https:\/\/www.pensarcursos.com.br\/blog\/wp-json\/wp\/v2\/posts"}],"about":[{"href":"https:\/\/www.pensarcursos.com.br\/blog\/wp-json\/wp\/v2\/types\/post"}],"author":[{"embeddable":true,"href":"https:\/\/www.pensarcursos.com.br\/blog\/wp-json\/wp\/v2\/users\/17"}],"replies":[{"embeddable":true,"href":"https:\/\/www.pensarcursos.com.br\/blog\/wp-json\/wp\/v2\/comments?post=141864"}],"version-history":[{"count":0,"href":"https:\/\/www.pensarcursos.com.br\/blog\/wp-json\/wp\/v2\/posts\/141864\/revisions"}],"wp:featuredmedia":[{"embeddable":true,"href":"https:\/\/www.pensarcursos.com.br\/blog\/wp-json\/wp\/v2\/media\/141865"}],"wp:attachment":[{"href":"https:\/\/www.pensarcursos.com.br\/blog\/wp-json\/wp\/v2\/media?parent=141864"}],"wp:term":[{"taxonomy":"category","embeddable":true,"href":"https:\/\/www.pensarcursos.com.br\/blog\/wp-json\/wp\/v2\/categories?post=141864"},{"taxonomy":"post_tag","embeddable":true,"href":"https:\/\/www.pensarcursos.com.br\/blog\/wp-json\/wp\/v2\/tags?post=141864"}],"curies":[{"name":"wp","href":"https:\/\/api.w.org\/{rel}","templated":true}]}}