{"id":141855,"date":"2026-01-26T12:39:52","date_gmt":"2026-01-26T15:39:52","guid":{"rendered":"https:\/\/www.pensarcursos.com.br\/blog\/?p=141855"},"modified":"2026-01-26T08:18:07","modified_gmt":"2026-01-26T11:18:07","slug":"saiu-edital-concurso-com-salarios-de-ate-r-89-mil-abre-inscricoes-nesta-terca-feira-27","status":"publish","type":"post","link":"https:\/\/www.pensarcursos.com.br\/blog\/saiu-edital-concurso-com-salarios-de-ate-r-89-mil-abre-inscricoes-nesta-terca-feira-27\/","title":{"rendered":"SAIU EDITAL! Concurso com sal\u00e1rios de at\u00e9 R$ 8,9 mil abre inscri\u00e7\u00f5es nesta ter\u00e7a-feira (27)"},"content":{"rendered":"<p>Foi publicado o edital do novo\u00a0<strong>concurso<\/strong> da Prefeitura. A sele\u00e7\u00e3o, organizada pelo Instituto Nosso Rumo, traz oportunidades para profissionais de diversas \u00e1reas, com sal\u00e1rios iniciais que podem chegar a <strong>R$ 8.975,41<\/strong>.<\/p>\n<p><strong>As inscri\u00e7\u00f5es come\u00e7am nesta ter\u00e7a-feira, dia 27 de janeiro<\/strong>, abrindo portas para quem busca estabilidade no servi\u00e7o p\u00fablico em 2026.<\/p>\n<h2>Vagas, cargos e sal\u00e1rios: panorama do concurso<\/h2>\n<p>A Prefeitura disponibilizou <strong>21 vagas imediatas<\/strong>\u00a0e forma\u00e7\u00e3o de cadastro reserva para profissionais de n\u00edvel superior.<\/p>\n<p>Os candidatos aprovados, dependendo do cargo, poder\u00e3o receber entre<strong> R$ 4.924,80 e R$ 8.975,41<\/strong>.<\/p>\n<ul>\n<li><strong>Controlador Interno<\/strong>\u00a0\u2013 1 vaga + cadastro reserva (CR) \u2013 R$ 8.975,41<\/li>\n<li><strong>M\u00e9dicos (diversas especialidades)<\/strong>\u00a0\u2013 17 vagas + CR \u2013 R$ 6.579,69<\/li>\n<li><strong>Procurador Jur\u00eddico<\/strong>\u00a0\u2013 CR \u2013 R$ 6.579,69<\/li>\n<li><strong>Professor de Educa\u00e7\u00e3o Especial<\/strong>\u00a0\u2013 3 vagas + CR \u2013 Aproximadamente R$ 4.924,80 (40h\/semanais)<\/li>\n<\/ul>\n<p>Voc\u00ea pode acessar o<a href=\"https:\/\/www.pensarcursos.com.br\/blog\/wp-content\/uploads\/2026\/01\/edital-concurso-em-Batatais-SP.pdf\">\u00a0edital completo do concurso<\/a> para mais detalhes sobre atribui\u00e7\u00f5es, requisitos e sal\u00e1rios de cada cargo.<\/p>\n<h2>Inscri\u00e7\u00f5es para o concurso: datas, taxa e orienta\u00e7\u00f5es<\/h2>\n<figure id=\"attachment_141857\" aria-describedby=\"caption-attachment-141857\" style=\"width: 1200px\" class=\"wp-caption aligncenter\"><img decoding=\"async\" class=\"wp-image-141857 size-full\" src=\"https:\/\/www.pensarcursos.com.br\/blog\/wp-content\/uploads\/2026\/01\/Inscricoes-concurso-da-Prefeitura-Municipal-de-Batatais.webp\" alt=\"Vista a\u00e9rea da cidade de S\u00e3o Paulo ao entardecer com c\u00e9u rosado e texto Concursos SP em destaque.\" width=\"1200\" height=\"800\" srcset=\"https:\/\/www.pensarcursos.com.br\/blog\/wp-content\/uploads\/2026\/01\/Inscricoes-concurso-da-Prefeitura-Municipal-de-Batatais.webp 1200w, https:\/\/www.pensarcursos.com.br\/blog\/wp-content\/uploads\/2026\/01\/Inscricoes-concurso-da-Prefeitura-Municipal-de-Batatais-300x200.webp 300w, https:\/\/www.pensarcursos.com.br\/blog\/wp-content\/uploads\/2026\/01\/Inscricoes-concurso-da-Prefeitura-Municipal-de-Batatais-1024x683.webp 1024w, https:\/\/www.pensarcursos.com.br\/blog\/wp-content\/uploads\/2026\/01\/Inscricoes-concurso-da-Prefeitura-Municipal-de-Batatais-768x512.webp 768w, https:\/\/www.pensarcursos.com.br\/blog\/wp-content\/uploads\/2026\/01\/Inscricoes-concurso-da-Prefeitura-Municipal-de-Batatais-750x500.webp 750w, https:\/\/www.pensarcursos.com.br\/blog\/wp-content\/uploads\/2026\/01\/Inscricoes-concurso-da-Prefeitura-Municipal-de-Batatais-1140x760.webp 1140w\" sizes=\"(max-width: 1200px) 100vw, 1200px\" \/><figcaption id=\"caption-attachment-141857\" class=\"wp-caption-text\">Candidatos t\u00eam prazo definido para garantir participa\u00e7\u00e3o no certame municipal. Imagem: Pensar Cursos<\/figcaption><\/figure>\n<p>Quem deseja concorrer a uma das vagas no<strong> concurso da Prefeitura Municipal de Batatais, localizada no interior do estado de S\u00e3o Paulo<\/strong>,\u00a0deve ficar atento ao calend\u00e1rio.<\/p>\n<p>As inscri\u00e7\u00f5es acontecem de\u00a0<strong>27 de janeiro a 26 de fevereiro de 2026<\/strong>, exclusivamente pelo site do<a href=\"https:\/\/www.nossorumo.org.br\/?utm_source=google&amp;utm_medium=cpc&amp;utm_campaign=ec-fis-vd-gsh-sefazpa\" target=\"_blank\" rel=\"noopener\"> Instituto Nosso Rumo<\/a>, respons\u00e1vel pela sele\u00e7\u00e3o. O valor da taxa de inscri\u00e7\u00e3o \u00e9 de R$ 96,00 para todos os cargos.<\/p>\n<h3>Passo a passo para se inscrever<\/h3>\n<ol>\n<li>Acesse o site da organizadora no per\u00edodo dispon\u00edvel;<\/li>\n<li>Preencha todos os campos solicitados no formul\u00e1rio online;<\/li>\n<li>Realize o pagamento do boleto at\u00e9 o dia 27 de fevereiro para confirmar sua inscri\u00e7\u00e3o.<\/li>\n<\/ol>\n<p>Pessoas que se encaixarem nos crit\u00e9rios espec\u00edficos do edital poder\u00e3o pedir\u00a0<strong>isen\u00e7\u00e3o da taxa de inscri\u00e7\u00e3o<\/strong>\u00a0entre os dias 27 e 28 de janeiro.<\/p>\n<h2>Etapas do concurso: provas objetivas e t\u00edtulos<\/h2>\n<p>O\u00a0<strong>concurso <\/strong>est\u00e1 estruturado em duas fases principais, dependendo do cargo.<\/p>\n<h3>Prova objetiva<\/h3>\n<ul>\n<li>Aplica\u00e7\u00e3o prevista para<strong> 29 de mar\u00e7o<\/strong>;<\/li>\n<li>Entre 34 e 70 quest\u00f5es de m\u00faltipla escolha;<\/li>\n<li>Dura\u00e7\u00e3o: 4 horas (Controlador Interno, Procurador Jur\u00eddico e Professor de Educa\u00e7\u00e3o Especial) e 3 horas (demais cargos);<\/li>\n<li>Elimina\u00e7\u00e3o de candidatos com menos de 50 pontos.<\/li>\n<\/ul>\n<h3>Prova de t\u00edtulos<\/h3>\n<p>Essa etapa \u00e9 exclusiva para Procurador Jur\u00eddico e Professor de Educa\u00e7\u00e3o Especial, considerando forma\u00e7\u00e3o e experi\u00eancias profissionais.<\/p>\n<ul>\n<li>Pontua\u00e7\u00e3o m\u00e1xima de 6 pontos com base na documenta\u00e7\u00e3o apresentada;<\/li>\n<li>An\u00e1lise de documentos conforme crit\u00e9rios do edital.<\/li>\n<\/ul>\n<h2>Resumo do concurso 2026<\/h2>\n<table>\n<thead>\n<tr>\n<th>Informa\u00e7\u00e3o<\/th>\n<th>Detalhes<\/th>\n<\/tr>\n<\/thead>\n<tbody>\n<tr>\n<td>Status<\/td>\n<td>Edital publicado<\/td>\n<\/tr>\n<tr>\n<td>Organizadora<\/td>\n<td>Instituto Nosso Rumo<\/td>\n<\/tr>\n<tr>\n<td>Vagas<\/td>\n<td>21 + Cadastro Reserva<\/td>\n<\/tr>\n<tr>\n<td>Remunera\u00e7\u00e3o<\/td>\n<td>De R$ 4.924,80 a R$ 8.975,41<\/td>\n<\/tr>\n<tr>\n<td>Inscri\u00e7\u00f5es<\/td>\n<td>27 de janeiro a 26 de fevereiro de 2026<\/td>\n<\/tr>\n<tr>\n<td>Prova objetiva<\/td>\n<td>29 de mar\u00e7o de 2026<\/td>\n<\/tr>\n<\/tbody>\n<\/table>\n<h2>Dicas finais para quem deseja participar do concurso<\/h2>\n<p>Fique atento aos prazos para n\u00e3o perder a chance de se inscrever. Organize sua rotina de estudos, baixe o edital e siga todas as orienta\u00e7\u00f5es da banca. Batatais \u00e9 uma cidade que valoriza seus servidores e oferece estabilidade e boas condi\u00e7\u00f5es, tornando o concurso uma oportunidade \u00edmpar em 2026.<\/p>\n<h2>Perguntas frequentes<\/h2>\n<ul>\n<li>Quem pode se inscrever? \u2013 Profissionais com n\u00edvel superior completo nas \u00e1reas exigidas pelos cargos.<\/li>\n<li>Qual o per\u00edodo de inscri\u00e7\u00e3o? \u2013 De 27 de janeiro at\u00e9 26 de fevereiro de 2026.<\/li>\n<li>Quais s\u00e3o as datas das provas? \u2013 A prova objetiva est\u00e1 marcada para 29 de mar\u00e7o de 2026.<\/li>\n<li>Qual o valor da taxa de inscri\u00e7\u00e3o? \u2013 R$ 96,00 para todos os cargos dispon\u00edveis.<\/li>\n<li>Como \u00e9 feita a avalia\u00e7\u00e3o? \u2013 Prova objetiva para todos; t\u00edtulos apenas para Procurador Jur\u00eddico e Professor.<\/li>\n<\/ul>\n<p>Confira tamb\u00e9m:<\/p>\n<div class=\"jeg_video_container jeg_video_content\"><iframe title=\"SAIU! IBGE abre 9 MIL VAGAS em todo o Brasil: Sal\u00e1rios de at\u00e9 R$ 3.300! Veja como se inscrever.\" width=\"500\" height=\"281\" src=\"https:\/\/www.youtube.com\/embed\/keJiErJj_LA?feature=oembed\" frameborder=\"0\" allow=\"accelerometer; autoplay; clipboard-write; encrypted-media; gyroscope; picture-in-picture; web-share\" referrerpolicy=\"strict-origin-when-cross-origin\" allowfullscreen><\/iframe><\/div>\n<p>Para conferir outras vagas e oportunidades no servi\u00e7o p\u00fablico, vale a pena acessar a p\u00e1gina inicial do <a href=\"https:\/\/www.pensarcursos.com.br\/blog\/\" target=\"_blank\" rel=\"noopener\"><strong>Blog Pensar Cursos<\/strong><\/a>.<\/p>\n","protected":false},"excerpt":{"rendered":"<p>Foi publicado o edital do novo\u00a0concurso da Prefeitura. A sele\u00e7\u00e3o, organizada pelo Instituto Nosso Rumo, traz oportunidades para profissionais de diversas \u00e1reas, com sal\u00e1rios iniciais que podem chegar a R$ 8.975,41. As inscri\u00e7\u00f5es come\u00e7am nesta ter\u00e7a-feira, dia 27 de janeiro, abrindo portas para quem busca estabilidade no servi\u00e7o p\u00fablico em 2026. Vagas, cargos e sal\u00e1rios: [&hellip;]<\/p>\n","protected":false},"author":41,"featured_media":141858,"comment_status":"open","ping_status":"closed","sticky":false,"template":"","format":"standard","meta":{"jnews-multi-image_gallery":[],"jnews_single_post":{"format":"standard","override":[{"template":"1","parallax":"1","fullscreen":"1","layout":"right-sidebar","sidebar":"default-sidebar","second_sidebar":"default-sidebar","sticky_sidebar":"1","share_position":"topbottom","share_float_style":"share-monocrhome","show_featured":"1","show_post_meta":"1","show_post_author":"1","show_post_author_image":"1","show_post_date":"1","post_date_format":"default","post_date_format_custom":"Y\/m\/d","show_post_category":"1","post_reading_time_wpm":"300","post_calculate_word_method":"str_word_count","show_zoom_button":"0","zoom_button_out_step":"2","zoom_button_in_step":"3","show_post_tag":"1","show_prev_next_post":"1","show_popup_post":"1","show_comment_section":"1","number_popup_post":"2","show_author_box":"1","show_post_related":"1","show_inline_post_related":"1"}],"image_override":[{"single_post_thumbnail_size":"crop-500","single_post_gallery_size":"crop-500"}],"trending_post_position":"meta","trending_post_label":"Trending","sponsored_post_label":"Sponsored by","disable_ad":"0","subtitle":"Inscri\u00e7\u00f5es abertas para cargos de n\u00edvel superior"},"jnews_primary_category":[],"jnews_social_meta":[],"jnews_override_counter":{"view_counter_number":"0","share_counter_number":"0","like_counter_number":"0","dislike_counter_number":"0"},"footnotes":""},"categories":[29],"tags":[37722,10484,37723],"class_list":["post-141855","post","type-post","status-publish","format-standard","has-post-thumbnail","hentry","category-concursos","tag-concurso-batatais","tag-concursos-sao-paulo","tag-edital-batatais-2026"],"yoast_head":"<!-- This site is optimized with the Yoast SEO Premium plugin v27.4 (Yoast SEO v27.4) - https:\/\/yoast.com\/product\/yoast-seo-premium-wordpress\/ -->\n<title>SAIU EDITAL! Concurso com sal\u00e1rios de at\u00e9 R$ 8,9 mil abre inscri\u00e7\u00f5es nesta ter\u00e7a-feira (27) - Blog Pensar Cursos<\/title>\n<meta name=\"description\" content=\"Edital publicado: concurso da Prefeitura de Batatais-SP oferece 21 vagas para n\u00edvel superior, sal\u00e1rios de at\u00e9 R$ 8.975,41 e inscri\u00e7\u00f5es abertas de 27\/01 a 26\/02\/2026. Confira etapas, cargos e datas!\" \/>\n<meta name=\"robots\" content=\"index, follow, max-snippet:-1, max-image-preview:large, max-video-preview:-1\" \/>\n<link rel=\"canonical\" href=\"https:\/\/www.pensarcursos.com.br\/blog\/saiu-edital-concurso-com-salarios-de-ate-r-89-mil-abre-inscricoes-nesta-terca-feira-27\/\" \/>\n<meta property=\"og:locale\" content=\"pt_BR\" \/>\n<meta property=\"og:type\" content=\"article\" \/>\n<meta property=\"og:title\" content=\"SAIU EDITAL! Concurso com sal\u00e1rios de at\u00e9 R$ 8,9 mil abre inscri\u00e7\u00f5es nesta ter\u00e7a-feira (27)\" \/>\n<meta property=\"og:description\" content=\"Edital publicado: concurso da Prefeitura de Batatais-SP oferece 21 vagas para n\u00edvel superior, sal\u00e1rios de at\u00e9 R$ 8.975,41 e inscri\u00e7\u00f5es abertas de 27\/01 a 26\/02\/2026. Confira etapas, cargos e datas!\" \/>\n<meta property=\"og:url\" content=\"https:\/\/www.pensarcursos.com.br\/blog\/saiu-edital-concurso-com-salarios-de-ate-r-89-mil-abre-inscricoes-nesta-terca-feira-27\/\" \/>\n<meta property=\"og:site_name\" content=\"Blog Pensar Cursos\" \/>\n<meta property=\"article:publisher\" content=\"https:\/\/www.facebook.com\/pensarcursos\/\" \/>\n<meta property=\"article:published_time\" content=\"2026-01-26T15:39:52+00:00\" \/>\n<meta property=\"og:image\" content=\"https:\/\/www.pensarcursos.com.br\/blog\/wp-content\/uploads\/2026\/01\/concurso-da-Prefeitura-Municipal-de-Batatais-2.webp\" \/>\n\t<meta property=\"og:image:width\" content=\"1200\" \/>\n\t<meta property=\"og:image:height\" content=\"800\" \/>\n\t<meta property=\"og:image:type\" content=\"image\/webp\" \/>\n<meta name=\"author\" content=\"F\u00e1tima Azevedo\" \/>\n<meta name=\"twitter:card\" content=\"summary_large_image\" \/>\n<meta name=\"twitter:label1\" content=\"Escrito por\" \/>\n\t<meta name=\"twitter:data1\" content=\"F\u00e1tima Azevedo\" \/>\n\t<meta name=\"twitter:label2\" content=\"Est. tempo de leitura\" \/>\n\t<meta name=\"twitter:data2\" content=\"4 minutos\" \/>\n<!-- \/ Yoast SEO Premium plugin. -->","yoast_head_json":{"title":"SAIU EDITAL! Concurso com sal\u00e1rios de at\u00e9 R$ 8,9 mil abre inscri\u00e7\u00f5es nesta ter\u00e7a-feira (27) - Blog Pensar Cursos","description":"Edital publicado: concurso da Prefeitura de Batatais-SP oferece 21 vagas para n\u00edvel superior, sal\u00e1rios de at\u00e9 R$ 8.975,41 e inscri\u00e7\u00f5es abertas de 27\/01 a 26\/02\/2026. Confira etapas, cargos e datas!","robots":{"index":"index","follow":"follow","max-snippet":"max-snippet:-1","max-image-preview":"max-image-preview:large","max-video-preview":"max-video-preview:-1"},"canonical":"https:\/\/www.pensarcursos.com.br\/blog\/saiu-edital-concurso-com-salarios-de-ate-r-89-mil-abre-inscricoes-nesta-terca-feira-27\/","og_locale":"pt_BR","og_type":"article","og_title":"SAIU EDITAL! Concurso com sal\u00e1rios de at\u00e9 R$ 8,9 mil abre inscri\u00e7\u00f5es nesta ter\u00e7a-feira (27)","og_description":"Edital publicado: concurso da Prefeitura de Batatais-SP oferece 21 vagas para n\u00edvel superior, sal\u00e1rios de at\u00e9 R$ 8.975,41 e inscri\u00e7\u00f5es abertas de 27\/01 a 26\/02\/2026. Confira etapas, cargos e datas!","og_url":"https:\/\/www.pensarcursos.com.br\/blog\/saiu-edital-concurso-com-salarios-de-ate-r-89-mil-abre-inscricoes-nesta-terca-feira-27\/","og_site_name":"Blog Pensar Cursos","article_publisher":"https:\/\/www.facebook.com\/pensarcursos\/","article_published_time":"2026-01-26T15:39:52+00:00","og_image":[{"width":1200,"height":800,"url":"https:\/\/www.pensarcursos.com.br\/blog\/wp-content\/uploads\/2026\/01\/concurso-da-Prefeitura-Municipal-de-Batatais-2.webp","type":"image\/webp"}],"author":"F\u00e1tima Azevedo","twitter_card":"summary_large_image","twitter_misc":{"Escrito por":"F\u00e1tima Azevedo","Est. tempo de leitura":"4 minutos"},"schema":{"@context":"https:\/\/schema.org","@graph":[{"@type":["Article","BlogPosting"],"@id":"https:\/\/www.pensarcursos.com.br\/blog\/saiu-edital-concurso-com-salarios-de-ate-r-89-mil-abre-inscricoes-nesta-terca-feira-27\/#article","isPartOf":{"@id":"https:\/\/www.pensarcursos.com.br\/blog\/saiu-edital-concurso-com-salarios-de-ate-r-89-mil-abre-inscricoes-nesta-terca-feira-27\/"},"author":{"name":"F\u00e1tima Azevedo","@id":"https:\/\/www.pensarcursos.com.br\/blog\/#\/schema\/person\/827343e4611913410dcf62144b5b2a2d"},"headline":"SAIU EDITAL! Concurso com sal\u00e1rios de at\u00e9 R$ 8,9 mil abre inscri\u00e7\u00f5es nesta ter\u00e7a-feira (27)","datePublished":"2026-01-26T15:39:52+00:00","mainEntityOfPage":{"@id":"https:\/\/www.pensarcursos.com.br\/blog\/saiu-edital-concurso-com-salarios-de-ate-r-89-mil-abre-inscricoes-nesta-terca-feira-27\/"},"wordCount":643,"commentCount":0,"publisher":{"@id":"https:\/\/www.pensarcursos.com.br\/blog\/#organization"},"image":{"@id":"https:\/\/www.pensarcursos.com.br\/blog\/saiu-edital-concurso-com-salarios-de-ate-r-89-mil-abre-inscricoes-nesta-terca-feira-27\/#primaryimage"},"thumbnailUrl":"https:\/\/www.pensarcursos.com.br\/blog\/wp-content\/uploads\/2026\/01\/concurso-da-Prefeitura-Municipal-de-Batatais-2.webp","keywords":["concurso batatais","Concursos S\u00e3o Paulo","edital batatais 2026"],"articleSection":["Concursos P\u00fablicos"],"inLanguage":"pt-BR","potentialAction":[{"@type":"CommentAction","name":"Comment","target":["https:\/\/www.pensarcursos.com.br\/blog\/saiu-edital-concurso-com-salarios-de-ate-r-89-mil-abre-inscricoes-nesta-terca-feira-27\/#respond"]}],"copyrightYear":"2026","copyrightHolder":{"@id":"https:\/\/www.pensarcursos.com.br\/blog\/#organization"}},{"@type":"WebPage","@id":"https:\/\/www.pensarcursos.com.br\/blog\/saiu-edital-concurso-com-salarios-de-ate-r-89-mil-abre-inscricoes-nesta-terca-feira-27\/","url":"https:\/\/www.pensarcursos.com.br\/blog\/saiu-edital-concurso-com-salarios-de-ate-r-89-mil-abre-inscricoes-nesta-terca-feira-27\/","name":"SAIU EDITAL! Concurso com sal\u00e1rios de at\u00e9 R$ 8,9 mil abre inscri\u00e7\u00f5es nesta ter\u00e7a-feira (27) - Blog Pensar Cursos","isPartOf":{"@id":"https:\/\/www.pensarcursos.com.br\/blog\/#website"},"primaryImageOfPage":{"@id":"https:\/\/www.pensarcursos.com.br\/blog\/saiu-edital-concurso-com-salarios-de-ate-r-89-mil-abre-inscricoes-nesta-terca-feira-27\/#primaryimage"},"image":{"@id":"https:\/\/www.pensarcursos.com.br\/blog\/saiu-edital-concurso-com-salarios-de-ate-r-89-mil-abre-inscricoes-nesta-terca-feira-27\/#primaryimage"},"thumbnailUrl":"https:\/\/www.pensarcursos.com.br\/blog\/wp-content\/uploads\/2026\/01\/concurso-da-Prefeitura-Municipal-de-Batatais-2.webp","datePublished":"2026-01-26T15:39:52+00:00","description":"Edital publicado: concurso da Prefeitura de Batatais-SP oferece 21 vagas para n\u00edvel superior, sal\u00e1rios de at\u00e9 R$ 8.975,41 e inscri\u00e7\u00f5es abertas de 27\/01 a 26\/02\/2026. Confira etapas, cargos e datas!","breadcrumb":{"@id":"https:\/\/www.pensarcursos.com.br\/blog\/saiu-edital-concurso-com-salarios-de-ate-r-89-mil-abre-inscricoes-nesta-terca-feira-27\/#breadcrumb"},"inLanguage":"pt-BR","potentialAction":[{"@type":"ReadAction","target":["https:\/\/www.pensarcursos.com.br\/blog\/saiu-edital-concurso-com-salarios-de-ate-r-89-mil-abre-inscricoes-nesta-terca-feira-27\/"]}]},{"@type":"ImageObject","inLanguage":"pt-BR","@id":"https:\/\/www.pensarcursos.com.br\/blog\/saiu-edital-concurso-com-salarios-de-ate-r-89-mil-abre-inscricoes-nesta-terca-feira-27\/#primaryimage","url":"https:\/\/www.pensarcursos.com.br\/blog\/wp-content\/uploads\/2026\/01\/concurso-da-Prefeitura-Municipal-de-Batatais-2.webp","contentUrl":"https:\/\/www.pensarcursos.com.br\/blog\/wp-content\/uploads\/2026\/01\/concurso-da-Prefeitura-Municipal-de-Batatais-2.webp","width":1200,"height":800,"caption":"Inscri\u00e7\u00f5es come\u00e7am nesta ter\u00e7a-feira pelo site da banca organizadora. Imagem: Pensar Cursos"},{"@type":"BreadcrumbList","@id":"https:\/\/www.pensarcursos.com.br\/blog\/saiu-edital-concurso-com-salarios-de-ate-r-89-mil-abre-inscricoes-nesta-terca-feira-27\/#breadcrumb","itemListElement":[{"@type":"ListItem","position":1,"name":"Home","item":"https:\/\/www.pensarcursos.com.br\/blog\/"},{"@type":"ListItem","position":2,"name":"SAIU EDITAL! Concurso com sal\u00e1rios de at\u00e9 R$ 8,9 mil abre inscri\u00e7\u00f5es nesta ter\u00e7a-feira (27)"}]},{"@type":"WebSite","@id":"https:\/\/www.pensarcursos.com.br\/blog\/#website","url":"https:\/\/www.pensarcursos.com.br\/blog\/","name":"Blog Pensar Cursos","description":"Maior Site de Cursos do Brasil","publisher":{"@id":"https:\/\/www.pensarcursos.com.br\/blog\/#organization"},"alternateName":"Blog Pensar","potentialAction":[{"@type":"SearchAction","target":{"@type":"EntryPoint","urlTemplate":"https:\/\/www.pensarcursos.com.br\/blog\/?s={search_term_string}"},"query-input":{"@type":"PropertyValueSpecification","valueRequired":true,"valueName":"search_term_string"}}],"inLanguage":"pt-BR"},{"@type":"Organization","@id":"https:\/\/www.pensarcursos.com.br\/blog\/#organization","name":"Pensar Cursos","alternateName":"Blog pensar","url":"https:\/\/www.pensarcursos.com.br\/blog\/","logo":{"@type":"ImageObject","inLanguage":"pt-BR","@id":"https:\/\/www.pensarcursos.com.br\/blog\/#\/schema\/logo\/image\/","url":"https:\/\/www.pensarcursos.com.br\/blog\/wp-content\/uploads\/2023\/11\/Nova-Logo-Pensar-Cursos-vertical.png","contentUrl":"https:\/\/www.pensarcursos.com.br\/blog\/wp-content\/uploads\/2023\/11\/Nova-Logo-Pensar-Cursos-vertical.png","width":1393,"height":1001,"caption":"Pensar Cursos"},"image":{"@id":"https:\/\/www.pensarcursos.com.br\/blog\/#\/schema\/logo\/image\/"},"sameAs":["https:\/\/www.facebook.com\/pensarcursos\/","https:\/\/instagram.com.br\/pensarcursos"],"description":"Pensar Cursos \u00e9 uma empresa especializada em oferecer cursos de alta qualidade voltados para o desenvolvimento profissional e acad\u00eamico. Com uma ampla gama de op\u00e7\u00f5es de treinamento, oferecemos conte\u00fados atualizados, ministrados por especialistas da \u00e1rea, para capacitar indiv\u00edduos e equipes a atingirem seus objetivos. Nossa miss\u00e3o \u00e9 proporcionar uma educa\u00e7\u00e3o transformadora, acess\u00edvel e personalizada para cada aluno, seja em cursos presenciais ou online. Com uma abordagem inovadora, buscamos adaptar os nossos programas de ensino \u00e0s necessidades do mercado, criando solu\u00e7\u00f5es que atendem aos desafios e exig\u00eancias do mundo corporativo e acad\u00eamico. Nossos cursos incluem desde forma\u00e7\u00f5es t\u00e9cnicas at\u00e9 habilidades essenciais, como lideran\u00e7a, gest\u00e3o e desenvolvimento pessoal.","email":"contato@pensarcursos.com.br","legalName":"Sena Servi\u00e7os de Informa\u00e7\u00e3o Online LTDA","foundingDate":"2013-04-18","vatID":"17956217000172","numberOfEmployees":{"@type":"QuantitativeValue","minValue":"11","maxValue":"50"},"publishingPrinciples":"https:\/\/www.pensarcursos.com.br\/blog\/principios-de-publicacao\/","ownershipFundingInfo":"https:\/\/www.pensarcursos.com.br\/blog\/informacoes-de-propriedade-financiamento\/","actionableFeedbackPolicy":"https:\/\/www.pensarcursos.com.br\/blog\/politica-de-feedback-acionavel\/","correctionsPolicy":"https:\/\/www.pensarcursos.com.br\/blog\/politica-de-correcoes\/","ethicsPolicy":"https:\/\/www.pensarcursos.com.br\/blog\/politica-de-etica\/"},{"@type":"Person","@id":"https:\/\/www.pensarcursos.com.br\/blog\/#\/schema\/person\/827343e4611913410dcf62144b5b2a2d","name":"F\u00e1tima Azevedo","image":{"@type":"ImageObject","inLanguage":"pt-BR","@id":"https:\/\/secure.gravatar.com\/avatar\/ea820c84e212573cc3f119ba576278fe7ad07b69ed7ca0c33223662227bb77ca?s=96&d=mm&r=g","url":"https:\/\/secure.gravatar.com\/avatar\/ea820c84e212573cc3f119ba576278fe7ad07b69ed7ca0c33223662227bb77ca?s=96&d=mm&r=g","contentUrl":"https:\/\/secure.gravatar.com\/avatar\/ea820c84e212573cc3f119ba576278fe7ad07b69ed7ca0c33223662227bb77ca?s=96&d=mm&r=g","caption":"F\u00e1tima Azevedo"},"description":"Graduada em Ci\u00eancias Biol\u00f3gicas. Professora. Redatora grupo Sena Online.","sameAs":["https:\/\/www.linkedin.com\/in\/maria-de-f\u00e1tima-oliveira-da-costa-74a1692a7"],"url":"https:\/\/www.pensarcursos.com.br\/blog\/author\/fatima\/"}]}},"_links":{"self":[{"href":"https:\/\/www.pensarcursos.com.br\/blog\/wp-json\/wp\/v2\/posts\/141855","targetHints":{"allow":["GET"]}}],"collection":[{"href":"https:\/\/www.pensarcursos.com.br\/blog\/wp-json\/wp\/v2\/posts"}],"about":[{"href":"https:\/\/www.pensarcursos.com.br\/blog\/wp-json\/wp\/v2\/types\/post"}],"author":[{"embeddable":true,"href":"https:\/\/www.pensarcursos.com.br\/blog\/wp-json\/wp\/v2\/users\/41"}],"replies":[{"embeddable":true,"href":"https:\/\/www.pensarcursos.com.br\/blog\/wp-json\/wp\/v2\/comments?post=141855"}],"version-history":[{"count":0,"href":"https:\/\/www.pensarcursos.com.br\/blog\/wp-json\/wp\/v2\/posts\/141855\/revisions"}],"wp:featuredmedia":[{"embeddable":true,"href":"https:\/\/www.pensarcursos.com.br\/blog\/wp-json\/wp\/v2\/media\/141858"}],"wp:attachment":[{"href":"https:\/\/www.pensarcursos.com.br\/blog\/wp-json\/wp\/v2\/media?parent=141855"}],"wp:term":[{"taxonomy":"category","embeddable":true,"href":"https:\/\/www.pensarcursos.com.br\/blog\/wp-json\/wp\/v2\/categories?post=141855"},{"taxonomy":"post_tag","embeddable":true,"href":"https:\/\/www.pensarcursos.com.br\/blog\/wp-json\/wp\/v2\/tags?post=141855"}],"curies":[{"name":"wp","href":"https:\/\/api.w.org\/{rel}","templated":true}]}}