{"id":141850,"date":"2026-01-26T11:19:07","date_gmt":"2026-01-26T14:19:07","guid":{"rendered":"https:\/\/www.pensarcursos.com.br\/blog\/?p=141850"},"modified":"2026-01-26T07:48:31","modified_gmt":"2026-01-26T10:48:31","slug":"pe-de-meia-2026-tire-suas-duvidas-sobre-prazos-valores-e-depositos","status":"publish","type":"post","link":"https:\/\/www.pensarcursos.com.br\/blog\/pe-de-meia-2026-tire-suas-duvidas-sobre-prazos-valores-e-depositos\/","title":{"rendered":"P\u00e9-de-Meia 2026: tire suas d\u00favidas sobre prazos, valores e dep\u00f3sitos"},"content":{"rendered":"<p>Em 2026, milhares de estudantes do ensino m\u00e9dio p\u00fablico querem entender como funciona o<a href=\"https:\/\/www.pensarcursos.com.br\/blog\/pe-de-meia-2026-quanto-o-estudante-recebe-por-ano-veja-a-soma-das-parcelas-e-bonus\/\" target=\"_blank\" rel=\"noopener\"><strong> P\u00e9-de-Meia<\/strong><\/a>. Se voc\u00ea ou algu\u00e9m da sua fam\u00edlia vai estudar nessa etapa e faz parte do Cad\u00danico, j\u00e1 sabe o quanto a chegada desse benef\u00edcio muda a rotina.<\/p>\n<p>O programa cresceu com rapidez nos \u00faltimos anos e segue no centro das d\u00favidas de quem tenta garantir a perman\u00eancia na escola e um apoio financeiro para o futuro.<\/p>\n<p>Mas afinal, quando come\u00e7am os pagamentos? Quais os valores? Como funcionam os dep\u00f3sitos? Descubra tudo agora em uma linguagem simples e direta.<\/p>\n<h2>O que \u00e9 o P\u00e9-de-Meia?<\/h2>\n<p>O P\u00e9-de-Meia \u00e9 um programa do Minist\u00e9rio da Educa\u00e7\u00e3o (MEC), criado em 2023, com a proposta de oferecer um incentivo em dinheiro para estudantes do ensino m\u00e9dio da rede p\u00fablica inscritos no Cadastro \u00danico para Programas Sociais (Cad\u00danico).<\/p>\n<p>Mais do que um aux\u00edlio, trata-se de uma poupan\u00e7a programada: os valores s\u00e3o depositados m\u00eas a m\u00eas, estimulando os jovens a permanecerem estudando at\u00e9 a conclus\u00e3o dessa fase.<\/p>\n<p>O objetivo \u00e9 combater a evas\u00e3o escolar e ampliar o acesso \u00e0 educa\u00e7\u00e3o, al\u00e9m de diminuir desigualdades e promover a inclus\u00e3o social.<\/p>\n<h2>Quem pode receber o P\u00e9-de-Meia?<\/h2>\n<p>O benef\u00edcio \u00e9 voltado exclusivamente para alunos do ensino m\u00e9dio p\u00fablico que tamb\u00e9m sejam benefici\u00e1rios do Cad\u00danico.<\/p>\n<p>A inscri\u00e7\u00e3o no <a href=\"https:\/\/www.pensarcursos.com.br\/blog\/quem-recebe-o-pe-de-meia-na-proxima-segunda-26-consulta-de-valores-foi-liberada\/\" target=\"_blank\" rel=\"noopener\">programa<\/a> n\u00e3o \u00e9 feita manualmente: a escola repassa os dados ao MEC, que cruza as informa\u00e7\u00f5es e determina quem pode receber.<\/p>\n<p>Ou seja, se voc\u00ea est\u00e1 devidamente matriculado e cumpre frequ\u00eancia, n\u00e3o precisa \u201ccorrer atr\u00e1s\u201d \u2013 o acompanhamento \u00e9 feito automaticamente pelas redes estaduais, federais e municipais.<\/p>\n<h2>P\u00e9-de-Meia 2026: prazos, valores e dep\u00f3sitos<\/h2>\n<h3>Prazos: quando ser\u00e1 pago? (Calend\u00e1rio confirmado para os aniversariantes)<\/h3>\n<p>No universo de d\u00favidas, o prazo para pagamento \u00e9 uma das principais preocupa\u00e7\u00f5es.<\/p>\n<p>Para 2026, j\u00e1 est\u00e1 certo o calend\u00e1rio de pagamento de duas parcelas anuais, uma no valor de R$ 1.000 e outra referente \u00e0 realiza\u00e7\u00e3o do Exame Nacional do Ensino M\u00e9dio (Enem).<\/p>\n<p>Os pagamentos s\u00e3o liberados de acordo com o m\u00eas de anivers\u00e1rio do estudante. Veja as previs\u00f5es divulgadas:<\/p>\n<ul>\n<li><strong>Aniversariantes de janeiro e fevereiro:<\/strong> pagamento em 26 de fevereiro<\/li>\n<li><strong>Aniversariantes de mar\u00e7o e abril:<\/strong> pagamento em 27 de fevereiro<\/li>\n<li><strong>Aniversariantes de maio e junho:<\/strong> pagamento em 02 de mar\u00e7o<\/li>\n<li><strong>Aniversariantes de julho e agosto:<\/strong> pagamento em 03 de mar\u00e7o<\/li>\n<li><strong>Aniversariantes de setembro e outubro:<\/strong> pagamento em 04 de mar\u00e7o<\/li>\n<li><strong>Aniversariantes de novembro e dezembro:<\/strong> pagamento em 05 de mar\u00e7o<\/li>\n<\/ul>\n<p>Essas datas s\u00e3o oficiais e podem ser confirmadas atrav\u00e9s das divulga\u00e7\u00f5es do\u00a0<a href=\"https:\/\/www.gov.br\/mec\/pt-br\/assuntos\/noticias\/2025\/junho\/pe-de-meia-alunos-receberao-em-todos-os-meses-de-2025\" target=\"_blank\" rel=\"noopener\">Minist\u00e9rio da Educa\u00e7\u00e3o<\/a>. At\u00e9 o momento, n\u00e3o houve sinaliza\u00e7\u00e3o de mudan\u00e7a para 2026.<\/p>\n<h3>Valores: quanto o estudante recebe no P\u00e9-de-Meia 2026?<\/h3>\n<p>Os estudantes devem seguir recebendo parcelas mensais de <strong>R$ 200<\/strong>\u00a0pela frequ\u00eancia escolar, al\u00e9m de dep\u00f3sitos anuais de\u00a0<strong>R$ 1.000<\/strong>\u00a0por ano conclu\u00eddo, liberados ap\u00f3s a formatura.<\/p>\n<p>Em 2026, mesmo diante de restri\u00e7\u00f5es no or\u00e7amento, o governo n\u00e3o indicou redu\u00e7\u00e3o no valor das parcelas.<\/p>\n<p>Portanto, a expectativa \u00e9 de manuten\u00e7\u00e3o da estrutura: incentivos mensais, valores anuais para quem conclui cada s\u00e9rie e um adicional de\u00a0<strong>R$ 200<\/strong>\u00a0para os que fizerem o Enem.<\/p>\n<figure id=\"attachment_141852\" aria-describedby=\"caption-attachment-141852\" style=\"width: 1200px\" class=\"wp-caption aligncenter\"><img decoding=\"async\" class=\"wp-image-141852 size-full\" src=\"https:\/\/www.pensarcursos.com.br\/blog\/wp-content\/uploads\/2026\/01\/Pe-de-Meia-2026-prazos-valores-e-depositos.webp\" alt=\"Jovem estudante de camiseta amarela segurando celular e cadernos com logotipo P\u00e9-de-Meia 2026 em fundo lil\u00e1s\" width=\"1200\" height=\"800\" srcset=\"https:\/\/www.pensarcursos.com.br\/blog\/wp-content\/uploads\/2026\/01\/Pe-de-Meia-2026-prazos-valores-e-depositos.webp 1200w, https:\/\/www.pensarcursos.com.br\/blog\/wp-content\/uploads\/2026\/01\/Pe-de-Meia-2026-prazos-valores-e-depositos-300x200.webp 300w, https:\/\/www.pensarcursos.com.br\/blog\/wp-content\/uploads\/2026\/01\/Pe-de-Meia-2026-prazos-valores-e-depositos-1024x683.webp 1024w, https:\/\/www.pensarcursos.com.br\/blog\/wp-content\/uploads\/2026\/01\/Pe-de-Meia-2026-prazos-valores-e-depositos-768x512.webp 768w, https:\/\/www.pensarcursos.com.br\/blog\/wp-content\/uploads\/2026\/01\/Pe-de-Meia-2026-prazos-valores-e-depositos-750x500.webp 750w, https:\/\/www.pensarcursos.com.br\/blog\/wp-content\/uploads\/2026\/01\/Pe-de-Meia-2026-prazos-valores-e-depositos-1140x760.webp 1140w\" sizes=\"(max-width: 1200px) 100vw, 1200px\" \/><figcaption id=\"caption-attachment-141852\" class=\"wp-caption-text\">Benefici\u00e1rios podem receber at\u00e9 R$ 9.200 ao longo dos tr\u00eas anos do ensino m\u00e9dio&gt; Imagem: Pensar Cursos<\/figcaption><\/figure>\n<h3>Dep\u00f3sitos: quando come\u00e7a o pagamento em 2026?<\/h3>\n<p>Apesar de o calend\u00e1rio do P\u00e9-de-Meia do ano letivo de 2026 n\u00e3o ter sido divulgado, o primeiro dep\u00f3sito do ano (referente ao calend\u00e1rio regular) deve ser liberado entre o final de fevereiro e in\u00edcio de mar\u00e7o.<\/p>\n<p>Ele equivale ao incentivo de\u00a0<strong>R$ 200<\/strong> pago logo na matr\u00edcula, desde que o estudante esteja inscrito nos sistemas oficiais de frequ\u00eancia.<\/p>\n<p>Os dep\u00f3sitos seguintes acontecem m\u00eas a m\u00eas para quem mant\u00e9m presen\u00e7a na escola e, ao final de cada s\u00e9rie, o b\u00f4nus anual \u00e9 depositado. Esse dinheiro soma-se na poupan\u00e7a do estudante, criando uma reserva para o futuro.<\/p>\n<h3>Exemplo real do benef\u00edcio<\/h3>\n<p>Imagine um estudante chamado Lucas, morador de cidade pequena e inscrito no Cad\u00danico. Ele come\u00e7a o 1\u00ba ano do ensino m\u00e9dio em 2026.<\/p>\n<p>Logo ap\u00f3s a matr\u00edcula em fevereiro, recebe R$ 200. Com frequ\u00eancia escolar mantida, recebe mais R$ 200 por m\u00eas at\u00e9 dezembro.<\/p>\n<p>Se concluir o ano, ter\u00e1 direito ao b\u00f4nus de R$ 1.000, que ficar\u00e1 guardado at\u00e9 terminar o ensino m\u00e9dio. Ao longo deste primeiro ano, o estudante acumula at\u00e9 R$ 3.000; durante todo o ensino m\u00e9dio, pode chegar a R$ 9.200.<\/p>\n<h2>Como acompanhar os pagamentos e tirar d\u00favidas?<\/h2>\n<p>O acompanhamento pode ser feito pela\u00a0p\u00e1gina da<a href=\"https:\/\/www.caixa.gov.br\/voce\/poupanca-e-investimentos\/tesouro-direto\/Paginas\/default.aspx\" target=\"_blank\" rel=\"noopener\"> Caixa Econ\u00f4mica Federal<\/a>, onde \u00e9 poss\u00edvel conferir datas, extratos e hist\u00f3rico de dep\u00f3sitos. Em caso de d\u00favidas, <strong>procure<\/strong> a secretaria da escola.<\/p>\n<h2>Dicas para n\u00e3o perder o benef\u00edcio em 2026<\/h2>\n<ul>\n<li>Atualize sempre seu cadastro no Cad\u00danico.<\/li>\n<li>Garanta matr\u00edcula nas datas corretas do ensino m\u00e9dio p\u00fablico.<\/li>\n<li>Mantenha frequ\u00eancia regular: a escola trabalha junto ao MEC para informar presen\u00e7as e aus\u00eancias.<\/li>\n<li>Fique atento ao calend\u00e1rio oficial para n\u00e3o confundir datas e valores.<\/li>\n<\/ul>\n<div class=\"jeg_video_container jeg_video_content\"><iframe title=\"R$ 9 MIL pra Estudar? Veja Como Aproveitar Esse Benef\u00edcio do Governo!\" width=\"500\" height=\"281\" src=\"https:\/\/www.youtube.com\/embed\/8BM18YSdSWE?feature=oembed\" frameborder=\"0\" allow=\"accelerometer; autoplay; clipboard-write; encrypted-media; gyroscope; picture-in-picture; web-share\" referrerpolicy=\"strict-origin-when-cross-origin\" allowfullscreen><\/iframe><\/div>\n<p>Acesse a p\u00e1gina inicial do<a href=\"https:\/\/www.pensarcursos.com.br\/blog\/\" target=\"_blank\" rel=\"noopener\"><strong> Blog Pensar Cursos<\/strong> <\/a>e confira mais sobre o P\u00e9-de-Meia.<\/p>\n","protected":false},"excerpt":{"rendered":"<p>Em 2026, milhares de estudantes do ensino m\u00e9dio p\u00fablico querem entender como funciona o P\u00e9-de-Meia. Se voc\u00ea ou algu\u00e9m da sua fam\u00edlia vai estudar nessa etapa e faz parte do Cad\u00danico, j\u00e1 sabe o quanto a chegada desse benef\u00edcio muda a rotina. O programa cresceu com rapidez nos \u00faltimos anos e segue no centro das [&hellip;]<\/p>\n","protected":false},"author":41,"featured_media":141851,"comment_status":"open","ping_status":"closed","sticky":false,"template":"","format":"standard","meta":{"jnews-multi-image_gallery":[],"jnews_single_post":{"format":"standard","override":[{"template":"1","parallax":"1","fullscreen":"1","layout":"right-sidebar","sidebar":"default-sidebar","second_sidebar":"default-sidebar","sticky_sidebar":"1","share_position":"topbottom","share_float_style":"share-monocrhome","show_featured":"1","show_post_meta":"1","show_post_author":"1","show_post_author_image":"1","show_post_date":"1","post_date_format":"default","post_date_format_custom":"Y\/m\/d","show_post_category":"1","post_reading_time_wpm":"300","post_calculate_word_method":"str_word_count","show_zoom_button":"0","zoom_button_out_step":"2","zoom_button_in_step":"3","show_post_tag":"1","show_prev_next_post":"1","show_popup_post":"1","show_comment_section":"1","number_popup_post":"2","show_author_box":"1","show_post_related":"1","show_inline_post_related":"1"}],"image_override":[{"single_post_thumbnail_size":"crop-500","single_post_gallery_size":"crop-500"}],"trending_post_position":"meta","trending_post_label":"Trending","sponsored_post_label":"Sponsored by","disable_ad":"0","subtitle":"Calend\u00e1rio, valores e dicas para n\u00e3o perder seu benef\u00edcio no P\u00e9-de-Meia"},"jnews_primary_category":[],"jnews_social_meta":[],"jnews_override_counter":{"view_counter_number":"0","share_counter_number":"0","like_counter_number":"0","dislike_counter_number":"0"},"footnotes":""},"categories":[1657,17201],"tags":[12857,37720,37721],"class_list":["post-141850","post","type-post","status-publish","format-standard","has-post-thumbnail","hentry","category-beneficios-sociais","category-pe-de-meia","tag-calendario-de-pagamentos-pe-de-meia","tag-pe-de-meia-2026-pagamentos","tag-requisitos-incentivo-conclusao"],"yoast_head":"<!-- This site is optimized with the Yoast SEO Premium plugin v27.4 (Yoast SEO v27.4) - https:\/\/yoast.com\/product\/yoast-seo-premium-wordpress\/ -->\n<title>P\u00e9-de-Meia 2026: tire suas d\u00favidas sobre prazos, valores e dep\u00f3sitos - Blog Pensar Cursos<\/title>\n<meta name=\"description\" content=\"Descubra tudo sobre o P\u00e9-de-Meia 2026: prazos, valores e calend\u00e1rio de dep\u00f3sitos para estudantes do ensino m\u00e9dio p\u00fablico. Tire d\u00favidas e saiba como acompanhar seu pagamento.\" \/>\n<meta name=\"robots\" content=\"index, follow, max-snippet:-1, max-image-preview:large, max-video-preview:-1\" \/>\n<link rel=\"canonical\" href=\"https:\/\/www.pensarcursos.com.br\/blog\/pe-de-meia-2026-tire-suas-duvidas-sobre-prazos-valores-e-depositos\/\" \/>\n<meta property=\"og:locale\" content=\"pt_BR\" \/>\n<meta property=\"og:type\" content=\"article\" \/>\n<meta property=\"og:title\" content=\"P\u00e9-de-Meia 2026: tire suas d\u00favidas sobre prazos, valores e dep\u00f3sitos\" \/>\n<meta property=\"og:description\" content=\"Descubra tudo sobre o P\u00e9-de-Meia 2026: prazos, valores e calend\u00e1rio de dep\u00f3sitos para estudantes do ensino m\u00e9dio p\u00fablico. Tire d\u00favidas e saiba como acompanhar seu pagamento.\" \/>\n<meta property=\"og:url\" content=\"https:\/\/www.pensarcursos.com.br\/blog\/pe-de-meia-2026-tire-suas-duvidas-sobre-prazos-valores-e-depositos\/\" \/>\n<meta property=\"og:site_name\" content=\"Blog Pensar Cursos\" \/>\n<meta property=\"article:publisher\" content=\"https:\/\/www.facebook.com\/pensarcursos\/\" \/>\n<meta property=\"article:published_time\" content=\"2026-01-26T14:19:07+00:00\" \/>\n<meta property=\"og:image\" content=\"https:\/\/www.pensarcursos.com.br\/blog\/wp-content\/uploads\/2026\/01\/Valores-Pe-de-Meia.webp\" \/>\n\t<meta property=\"og:image:width\" content=\"1200\" \/>\n\t<meta property=\"og:image:height\" content=\"800\" \/>\n\t<meta property=\"og:image:type\" content=\"image\/webp\" \/>\n<meta name=\"author\" content=\"F\u00e1tima Azevedo\" \/>\n<meta name=\"twitter:card\" content=\"summary_large_image\" \/>\n<meta name=\"twitter:label1\" content=\"Escrito por\" \/>\n\t<meta name=\"twitter:data1\" content=\"F\u00e1tima Azevedo\" \/>\n\t<meta name=\"twitter:label2\" content=\"Est. tempo de leitura\" \/>\n\t<meta name=\"twitter:data2\" content=\"5 minutos\" \/>\n<!-- \/ Yoast SEO Premium plugin. -->","yoast_head_json":{"title":"P\u00e9-de-Meia 2026: tire suas d\u00favidas sobre prazos, valores e dep\u00f3sitos - Blog Pensar Cursos","description":"Descubra tudo sobre o P\u00e9-de-Meia 2026: prazos, valores e calend\u00e1rio de dep\u00f3sitos para estudantes do ensino m\u00e9dio p\u00fablico. Tire d\u00favidas e saiba como acompanhar seu pagamento.","robots":{"index":"index","follow":"follow","max-snippet":"max-snippet:-1","max-image-preview":"max-image-preview:large","max-video-preview":"max-video-preview:-1"},"canonical":"https:\/\/www.pensarcursos.com.br\/blog\/pe-de-meia-2026-tire-suas-duvidas-sobre-prazos-valores-e-depositos\/","og_locale":"pt_BR","og_type":"article","og_title":"P\u00e9-de-Meia 2026: tire suas d\u00favidas sobre prazos, valores e dep\u00f3sitos","og_description":"Descubra tudo sobre o P\u00e9-de-Meia 2026: prazos, valores e calend\u00e1rio de dep\u00f3sitos para estudantes do ensino m\u00e9dio p\u00fablico. Tire d\u00favidas e saiba como acompanhar seu pagamento.","og_url":"https:\/\/www.pensarcursos.com.br\/blog\/pe-de-meia-2026-tire-suas-duvidas-sobre-prazos-valores-e-depositos\/","og_site_name":"Blog Pensar Cursos","article_publisher":"https:\/\/www.facebook.com\/pensarcursos\/","article_published_time":"2026-01-26T14:19:07+00:00","og_image":[{"width":1200,"height":800,"url":"https:\/\/www.pensarcursos.com.br\/blog\/wp-content\/uploads\/2026\/01\/Valores-Pe-de-Meia.webp","type":"image\/webp"}],"author":"F\u00e1tima Azevedo","twitter_card":"summary_large_image","twitter_misc":{"Escrito por":"F\u00e1tima Azevedo","Est. tempo de leitura":"5 minutos"},"schema":{"@context":"https:\/\/schema.org","@graph":[{"@type":["Article","BlogPosting"],"@id":"https:\/\/www.pensarcursos.com.br\/blog\/pe-de-meia-2026-tire-suas-duvidas-sobre-prazos-valores-e-depositos\/#article","isPartOf":{"@id":"https:\/\/www.pensarcursos.com.br\/blog\/pe-de-meia-2026-tire-suas-duvidas-sobre-prazos-valores-e-depositos\/"},"author":{"name":"F\u00e1tima Azevedo","@id":"https:\/\/www.pensarcursos.com.br\/blog\/#\/schema\/person\/827343e4611913410dcf62144b5b2a2d"},"headline":"P\u00e9-de-Meia 2026: tire suas d\u00favidas sobre prazos, valores e dep\u00f3sitos","datePublished":"2026-01-26T14:19:07+00:00","mainEntityOfPage":{"@id":"https:\/\/www.pensarcursos.com.br\/blog\/pe-de-meia-2026-tire-suas-duvidas-sobre-prazos-valores-e-depositos\/"},"wordCount":925,"commentCount":0,"publisher":{"@id":"https:\/\/www.pensarcursos.com.br\/blog\/#organization"},"image":{"@id":"https:\/\/www.pensarcursos.com.br\/blog\/pe-de-meia-2026-tire-suas-duvidas-sobre-prazos-valores-e-depositos\/#primaryimage"},"thumbnailUrl":"https:\/\/www.pensarcursos.com.br\/blog\/wp-content\/uploads\/2026\/01\/Valores-Pe-de-Meia.webp","keywords":["calend\u00e1rio de pagamentos p\u00e9-de-meia","p\u00e9 de meia-2026 pagamentos","requisitos incentivo conclus\u00e3o"],"articleSection":["Benef\u00edcios Sociais","P\u00e9-de-Meia"],"inLanguage":"pt-BR","potentialAction":[{"@type":"CommentAction","name":"Comment","target":["https:\/\/www.pensarcursos.com.br\/blog\/pe-de-meia-2026-tire-suas-duvidas-sobre-prazos-valores-e-depositos\/#respond"]}],"copyrightYear":"2026","copyrightHolder":{"@id":"https:\/\/www.pensarcursos.com.br\/blog\/#organization"}},{"@type":"WebPage","@id":"https:\/\/www.pensarcursos.com.br\/blog\/pe-de-meia-2026-tire-suas-duvidas-sobre-prazos-valores-e-depositos\/","url":"https:\/\/www.pensarcursos.com.br\/blog\/pe-de-meia-2026-tire-suas-duvidas-sobre-prazos-valores-e-depositos\/","name":"P\u00e9-de-Meia 2026: tire suas d\u00favidas sobre prazos, valores e dep\u00f3sitos - Blog Pensar Cursos","isPartOf":{"@id":"https:\/\/www.pensarcursos.com.br\/blog\/#website"},"primaryImageOfPage":{"@id":"https:\/\/www.pensarcursos.com.br\/blog\/pe-de-meia-2026-tire-suas-duvidas-sobre-prazos-valores-e-depositos\/#primaryimage"},"image":{"@id":"https:\/\/www.pensarcursos.com.br\/blog\/pe-de-meia-2026-tire-suas-duvidas-sobre-prazos-valores-e-depositos\/#primaryimage"},"thumbnailUrl":"https:\/\/www.pensarcursos.com.br\/blog\/wp-content\/uploads\/2026\/01\/Valores-Pe-de-Meia.webp","datePublished":"2026-01-26T14:19:07+00:00","description":"Descubra tudo sobre o P\u00e9-de-Meia 2026: prazos, valores e calend\u00e1rio de dep\u00f3sitos para estudantes do ensino m\u00e9dio p\u00fablico. Tire d\u00favidas e saiba como acompanhar seu pagamento.","breadcrumb":{"@id":"https:\/\/www.pensarcursos.com.br\/blog\/pe-de-meia-2026-tire-suas-duvidas-sobre-prazos-valores-e-depositos\/#breadcrumb"},"inLanguage":"pt-BR","potentialAction":[{"@type":"ReadAction","target":["https:\/\/www.pensarcursos.com.br\/blog\/pe-de-meia-2026-tire-suas-duvidas-sobre-prazos-valores-e-depositos\/"]}]},{"@type":"ImageObject","inLanguage":"pt-BR","@id":"https:\/\/www.pensarcursos.com.br\/blog\/pe-de-meia-2026-tire-suas-duvidas-sobre-prazos-valores-e-depositos\/#primaryimage","url":"https:\/\/www.pensarcursos.com.br\/blog\/wp-content\/uploads\/2026\/01\/Valores-Pe-de-Meia.webp","contentUrl":"https:\/\/www.pensarcursos.com.br\/blog\/wp-content\/uploads\/2026\/01\/Valores-Pe-de-Meia.webp","width":1200,"height":800,"caption":"Confira todas as informa\u00e7\u00f5es atualizadas sobre o programa de incentivo estudantil. Imagem: Pensar Cursos"},{"@type":"BreadcrumbList","@id":"https:\/\/www.pensarcursos.com.br\/blog\/pe-de-meia-2026-tire-suas-duvidas-sobre-prazos-valores-e-depositos\/#breadcrumb","itemListElement":[{"@type":"ListItem","position":1,"name":"Home","item":"https:\/\/www.pensarcursos.com.br\/blog\/"},{"@type":"ListItem","position":2,"name":"P\u00e9-de-Meia 2026: tire suas d\u00favidas sobre prazos, valores e dep\u00f3sitos"}]},{"@type":"WebSite","@id":"https:\/\/www.pensarcursos.com.br\/blog\/#website","url":"https:\/\/www.pensarcursos.com.br\/blog\/","name":"Blog Pensar Cursos","description":"Maior Site de Cursos do Brasil","publisher":{"@id":"https:\/\/www.pensarcursos.com.br\/blog\/#organization"},"alternateName":"Blog Pensar","potentialAction":[{"@type":"SearchAction","target":{"@type":"EntryPoint","urlTemplate":"https:\/\/www.pensarcursos.com.br\/blog\/?s={search_term_string}"},"query-input":{"@type":"PropertyValueSpecification","valueRequired":true,"valueName":"search_term_string"}}],"inLanguage":"pt-BR"},{"@type":"Organization","@id":"https:\/\/www.pensarcursos.com.br\/blog\/#organization","name":"Pensar Cursos","alternateName":"Blog pensar","url":"https:\/\/www.pensarcursos.com.br\/blog\/","logo":{"@type":"ImageObject","inLanguage":"pt-BR","@id":"https:\/\/www.pensarcursos.com.br\/blog\/#\/schema\/logo\/image\/","url":"https:\/\/www.pensarcursos.com.br\/blog\/wp-content\/uploads\/2023\/11\/Nova-Logo-Pensar-Cursos-vertical.png","contentUrl":"https:\/\/www.pensarcursos.com.br\/blog\/wp-content\/uploads\/2023\/11\/Nova-Logo-Pensar-Cursos-vertical.png","width":1393,"height":1001,"caption":"Pensar Cursos"},"image":{"@id":"https:\/\/www.pensarcursos.com.br\/blog\/#\/schema\/logo\/image\/"},"sameAs":["https:\/\/www.facebook.com\/pensarcursos\/","https:\/\/instagram.com.br\/pensarcursos"],"description":"Pensar Cursos \u00e9 uma empresa especializada em oferecer cursos de alta qualidade voltados para o desenvolvimento profissional e acad\u00eamico. Com uma ampla gama de op\u00e7\u00f5es de treinamento, oferecemos conte\u00fados atualizados, ministrados por especialistas da \u00e1rea, para capacitar indiv\u00edduos e equipes a atingirem seus objetivos. Nossa miss\u00e3o \u00e9 proporcionar uma educa\u00e7\u00e3o transformadora, acess\u00edvel e personalizada para cada aluno, seja em cursos presenciais ou online. Com uma abordagem inovadora, buscamos adaptar os nossos programas de ensino \u00e0s necessidades do mercado, criando solu\u00e7\u00f5es que atendem aos desafios e exig\u00eancias do mundo corporativo e acad\u00eamico. Nossos cursos incluem desde forma\u00e7\u00f5es t\u00e9cnicas at\u00e9 habilidades essenciais, como lideran\u00e7a, gest\u00e3o e desenvolvimento pessoal.","email":"contato@pensarcursos.com.br","legalName":"Sena Servi\u00e7os de Informa\u00e7\u00e3o Online LTDA","foundingDate":"2013-04-18","vatID":"17956217000172","numberOfEmployees":{"@type":"QuantitativeValue","minValue":"11","maxValue":"50"},"publishingPrinciples":"https:\/\/www.pensarcursos.com.br\/blog\/principios-de-publicacao\/","ownershipFundingInfo":"https:\/\/www.pensarcursos.com.br\/blog\/informacoes-de-propriedade-financiamento\/","actionableFeedbackPolicy":"https:\/\/www.pensarcursos.com.br\/blog\/politica-de-feedback-acionavel\/","correctionsPolicy":"https:\/\/www.pensarcursos.com.br\/blog\/politica-de-correcoes\/","ethicsPolicy":"https:\/\/www.pensarcursos.com.br\/blog\/politica-de-etica\/"},{"@type":"Person","@id":"https:\/\/www.pensarcursos.com.br\/blog\/#\/schema\/person\/827343e4611913410dcf62144b5b2a2d","name":"F\u00e1tima Azevedo","image":{"@type":"ImageObject","inLanguage":"pt-BR","@id":"https:\/\/secure.gravatar.com\/avatar\/ea820c84e212573cc3f119ba576278fe7ad07b69ed7ca0c33223662227bb77ca?s=96&d=mm&r=g","url":"https:\/\/secure.gravatar.com\/avatar\/ea820c84e212573cc3f119ba576278fe7ad07b69ed7ca0c33223662227bb77ca?s=96&d=mm&r=g","contentUrl":"https:\/\/secure.gravatar.com\/avatar\/ea820c84e212573cc3f119ba576278fe7ad07b69ed7ca0c33223662227bb77ca?s=96&d=mm&r=g","caption":"F\u00e1tima Azevedo"},"description":"Graduada em Ci\u00eancias Biol\u00f3gicas. Professora. Redatora grupo Sena Online.","sameAs":["https:\/\/www.linkedin.com\/in\/maria-de-f\u00e1tima-oliveira-da-costa-74a1692a7"],"url":"https:\/\/www.pensarcursos.com.br\/blog\/author\/fatima\/"}]}},"_links":{"self":[{"href":"https:\/\/www.pensarcursos.com.br\/blog\/wp-json\/wp\/v2\/posts\/141850","targetHints":{"allow":["GET"]}}],"collection":[{"href":"https:\/\/www.pensarcursos.com.br\/blog\/wp-json\/wp\/v2\/posts"}],"about":[{"href":"https:\/\/www.pensarcursos.com.br\/blog\/wp-json\/wp\/v2\/types\/post"}],"author":[{"embeddable":true,"href":"https:\/\/www.pensarcursos.com.br\/blog\/wp-json\/wp\/v2\/users\/41"}],"replies":[{"embeddable":true,"href":"https:\/\/www.pensarcursos.com.br\/blog\/wp-json\/wp\/v2\/comments?post=141850"}],"version-history":[{"count":0,"href":"https:\/\/www.pensarcursos.com.br\/blog\/wp-json\/wp\/v2\/posts\/141850\/revisions"}],"wp:featuredmedia":[{"embeddable":true,"href":"https:\/\/www.pensarcursos.com.br\/blog\/wp-json\/wp\/v2\/media\/141851"}],"wp:attachment":[{"href":"https:\/\/www.pensarcursos.com.br\/blog\/wp-json\/wp\/v2\/media?parent=141850"}],"wp:term":[{"taxonomy":"category","embeddable":true,"href":"https:\/\/www.pensarcursos.com.br\/blog\/wp-json\/wp\/v2\/categories?post=141850"},{"taxonomy":"post_tag","embeddable":true,"href":"https:\/\/www.pensarcursos.com.br\/blog\/wp-json\/wp\/v2\/tags?post=141850"}],"curies":[{"name":"wp","href":"https:\/\/api.w.org\/{rel}","templated":true}]}}