{"id":14185,"date":"2023-12-13T12:05:28","date_gmt":"2023-12-13T15:05:28","guid":{"rendered":"https:\/\/www.pensarcursos.com.br\/blog\/?p=14185"},"modified":"2023-12-13T12:08:23","modified_gmt":"2023-12-13T15:08:23","slug":"inss-concede-extensao-automatica-do-auxilio-doenca-e-permite-retorno-ao-trabalho-sem-necessidade-de-pericia-medica","status":"publish","type":"post","link":"https:\/\/www.pensarcursos.com.br\/blog\/inss-concede-extensao-automatica-do-auxilio-doenca-e-permite-retorno-ao-trabalho-sem-necessidade-de-pericia-medica\/","title":{"rendered":"INSS concede extens\u00e3o autom\u00e1tica do aux\u00edlio-doen\u00e7a e permite retorno ao trabalho sem necessidade de per\u00edcia m\u00e9dica"},"content":{"rendered":"<p>O Minist\u00e9rio da Previd\u00eancia Social e o Instituto Nacional do Seguro Social (<a href=\"https:\/\/www.pensarcursos.com.br\/blog\/conquista-aposentados-do-inss-garantem-autorizacao-para-retirada-de-ate-r-18-mil\/\">INSS<\/a>) anunciaram, na quarta-feira (1\u00ba), importantes mudan\u00e7as nas regras do <strong>aux\u00edlio-doen\u00e7a<\/strong>, por meio de uma portaria conjunta j\u00e1 em vigor e publicada no Di\u00e1rio Oficial da Uni\u00e3o.<\/p>\n<p>Uma das altera\u00e7\u00f5es significativas permite que trabalhadores afastados por motivos de sa\u00fade e que est\u00e3o utilizando o <strong>aux\u00edlio-doen\u00e7a<\/strong> solicitem o retorno ao trabalho mesmo antes do t\u00e9rmino do prazo estipulado no atestado m\u00e9dico, dispensando a necessidade de passar por uma per\u00edcia m\u00e9dica.<\/p>\n<p>Dessa forma, o benefici\u00e1rio tem a autonomia de requerer o encerramento do aux\u00edlio diretamente na ag\u00eancia do INSS respons\u00e1vel pelo benef\u00edcio ou por meio da Central 135.<\/p>\n<p>Al\u00e9m disso, outra inova\u00e7\u00e3o trazida pela portaria \u00e9 a prorroga\u00e7\u00e3o autom\u00e1tica do<strong> aux\u00edlio-doen\u00e7a<\/strong> a cada 30 dias, podendo ser renovada conforme a necessidade do benefici\u00e1rio.<\/p>\n<p>Atrav\u00e9s de mais essa medida de enfretamento da fila do instituto, a autarquia busca simplificar o processo e garantir uma assist\u00eancia cont\u00ednua aos segurados que enfrentam situa\u00e7\u00f5es de incapacidade tempor\u00e1ria para o trabalho.<\/p>\n<p>Quer obter mais informa\u00e7\u00f5es sobre essas importantes mudan\u00e7as nas regras do <strong>aux\u00edlio-doen\u00e7a?<\/strong> Ent\u00e3o, confira detalhes adicionais no texto abaixo. Vamos l\u00e1?<\/p>\n<h2>Entenda melhor sobre as mudan\u00e7as implementadas no aux\u00edlio-doen\u00e7a do INSS<\/h2>\n<figure id=\"attachment_14269\" aria-describedby=\"caption-attachment-14269\" style=\"width: 864px\" class=\"wp-caption aligncenter\"><img decoding=\"async\" class=\"size-full wp-image-14269\" src=\"https:\/\/www.pensarcursos.com.br\/blog\/wp-content\/uploads\/2023\/12\/Auxilio-doenca.jpg\" alt=\"aux\u00edlio-doen\u00e7a\" width=\"864\" height=\"463\" srcset=\"https:\/\/www.pensarcursos.com.br\/blog\/wp-content\/uploads\/2023\/12\/Auxilio-doenca.jpg 864w, https:\/\/www.pensarcursos.com.br\/blog\/wp-content\/uploads\/2023\/12\/Auxilio-doenca-300x161.jpg 300w, https:\/\/www.pensarcursos.com.br\/blog\/wp-content\/uploads\/2023\/12\/Auxilio-doenca-768x412.jpg 768w\" sizes=\"(max-width: 864px) 100vw, 864px\" \/><figcaption id=\"caption-attachment-14269\" class=\"wp-caption-text\">Decis\u00f5es importantes sobre o aux\u00edlio-doen\u00e7a podem ser tomadas sem a revis\u00e3o da per\u00edcia m\u00e9dica. Imagem: Building Profits.<\/figcaption><\/figure>\n<p>A extens\u00e3o do <strong>aux\u00edlio-doen\u00e7a<\/strong> ser\u00e1 agora concedida sob novas diretrizes, marcando uma mudan\u00e7a significativa na abordagem do Instituto Nacional do Seguro Social em rela\u00e7\u00e3o aos procedimentos de per\u00edcia m\u00e9dica.<\/p>\n<p>Uma das principais altera\u00e7\u00f5es \u00e9 que a espera para realizar a per\u00edcia n\u00e3o ser\u00e1 mais um obst\u00e1culo, mesmo em casos em que o prazo seja inferior a 30 dias.<\/p>\n<p>Al\u00e9m disso, a prorroga\u00e7\u00e3o do <strong>aux\u00edlio-doen\u00e7a<\/strong> n\u00e3o se restringir\u00e1 mais \u00e0s unidades da Previd\u00eancia Social que possuem disponibilidade para realizar per\u00edcias. Anteriormente, essa limita\u00e7\u00e3o estava em vigor, exigindo que o benefici\u00e1rio buscasse uma ag\u00eancia com vaga para dar continuidade ao processo.<\/p>\n<p>Outro ponto crucial \u00e9 que agora n\u00e3o h\u00e1 mais uma restri\u00e7\u00e3o quanto ao n\u00famero de solicita\u00e7\u00f5es de prorroga\u00e7\u00e3o que um benefici\u00e1rio pode fazer. Antes dessa atualiza\u00e7\u00e3o, o INSS impunha a necessidade de uma per\u00edcia para a terceira renova\u00e7\u00e3o, o que n\u00e3o \u00e9 mais o caso.<\/p>\n<p>De acordo com o Instituto, ao flexibilizar a exig\u00eancia de per\u00edcia nesses casos, o governo objetiva otimizar a aloca\u00e7\u00e3o desses profissionais, redirecionando seus esfor\u00e7os para demandas mais prementes, como as per\u00edcias necess\u00e1rias para a concess\u00e3o do Benef\u00edcio de Presta\u00e7\u00e3o Continuada (<a href=\"https:\/\/www.pensarcursos.com.br\/blog\/importante-beneficiarios-do-bpc-devem-realizar-a-atualizacao-do-cadastro-unico-para-manter-vinculo-com-o-inss\/\">BPC<\/a>) a pessoas com defici\u00eancia.<\/p>\n<p>Contudo, \u00e9 importante ressaltar que essa mudan\u00e7a \u00e9 tempor\u00e1ria e est\u00e1 sujeita a revis\u00e3o assim que a autarquia conseguir reduzir as filas cr\u00f4nicas que t\u00eam impactado a concess\u00e3o de diversos benef\u00edcios nos \u00faltimos anos.<\/p>\n<p>Outra iniciativa recente, adotada no final de outubro, foi a aceita\u00e7\u00e3o de atestados m\u00e9dicos como pedido de <strong>aux\u00edlio-doen\u00e7a<\/strong>, uma medida estrat\u00e9gica destinada a mitigar as demoras associadas ao processamento desse benef\u00edcio.<\/p>\n<p><strong>Voc\u00ea pode se interessar em ler tamb\u00e9m:<\/strong><\/p>\n<ul>\n<li><a href=\"https:\/\/www.pensarcursos.com.br\/blog\/importante-alteracoes-previstas-para-2024-tornarao-as-condicoes-de-aposentadoria-pelo-inss-mais-exigentes\/\">Importante! Altera\u00e7\u00f5es previstas para 2024 tornar\u00e3o as condi\u00e7\u00f5es de aposentadoria pelo INSS mais exigentes<\/a><\/li>\n<\/ul>\n<h2>Desafios na per\u00edcia m\u00e9dica do INSS: medidas e inova\u00e7\u00f5es<\/h2>\n<p>Segundo os dados mais recentes divulgados pelo Instituto Nacional do Seguro Social em setembro, uma preocupante fila de 624 mil brasileiros aguarda ansiosamente pela realiza\u00e7\u00e3o de per\u00edcias m\u00e9dicas para obter o <strong>aux\u00edlio-doen\u00e7a. <\/strong><\/p>\n<p>Entre esses, alarmantes 282 mil indiv\u00edduos esperam h\u00e1 mais de 45 dias, evidenciando a cr\u00edtica demora no processo.<\/p>\n<p>O cen\u00e1rio se agrava quando consideramos que o <a href=\"https:\/\/www.pensarcursos.com.br\/blog\/importante-aposentados-sao-surpreendidos-com-a-queda-na-taxa-de-juros-do-emprestimo-consignado-do-inss\/\">INSS<\/a> estima que 150 mil pessoas aguardam a marca\u00e7\u00e3o de per\u00edcias m\u00e9dicas para a prorroga\u00e7\u00e3o do <strong>aux\u00edlio-doen\u00e7a<\/strong>, enfrentando a perspectiva de uma consider\u00e1vel espera. Diante dessa situa\u00e7\u00e3o, o Instituto busca implementar medidas para desafogar essa fila e garantir atendimentos mais \u00e1geis.<\/p>\n<p>Uma inova\u00e7\u00e3o que surge como resposta a esse desafio \u00e9 a introdu\u00e7\u00e3o do uso de ferramentas de intelig\u00eancia artificial pelo INSS para combater poss\u00edveis fraudes nos pedidos de <strong>aux\u00edlio-doen\u00e7a<\/strong>, realizados por meio do sistema Atestmed.<\/p>\n<p>Para quem ainda n\u00e3o est\u00e1 familiarizado com esse recurso, se trata de um sistema automatizado que permite aos segurados solicitar o benef\u00edcio por incapacidade tempor\u00e1ria de forma online, enviando atestados m\u00e9dicos pela internet, eliminando a necessidade de per\u00edcias m\u00e9dicas presenciais.<\/p>\n<p>A grande novidade reside na capacidade desse sistema realizar avalia\u00e7\u00f5es remotas, utilizando a tecnologia para agilizar o processo de an\u00e1lise e reduzir a espera dos benefici\u00e1rios.<\/p>\n<p>A expectativa do Instituto \u00e9 que essa medida contribua significativamente para antecipar atendimentos represados, proporcionando uma resposta mais r\u00e1pida e eficiente \u00e0s necessidades dos segurados.<\/p>\n","protected":false},"excerpt":{"rendered":"<p>O Minist\u00e9rio da Previd\u00eancia Social e o Instituto Nacional do Seguro Social (INSS) anunciaram, na quarta-feira (1\u00ba), importantes mudan\u00e7as nas regras do aux\u00edlio-doen\u00e7a, por meio de uma portaria conjunta j\u00e1 em vigor e publicada no Di\u00e1rio Oficial da Uni\u00e3o. Uma das altera\u00e7\u00f5es significativas permite que trabalhadores afastados por motivos de sa\u00fade e que est\u00e3o utilizando [&hellip;]<\/p>\n","protected":false},"author":31,"featured_media":14269,"comment_status":"open","ping_status":"closed","sticky":false,"template":"","format":"standard","meta":{"jnews-multi-image_gallery":[],"jnews_single_post":[],"jnews_primary_category":[],"jnews_social_meta":[],"jnews_override_counter":[],"footnotes":""},"categories":[1691],"tags":[4598,5882,1702,2876,5881],"class_list":["post-14185","post","type-post","status-publish","format-standard","has-post-thumbnail","hentry","category-direitos-do-trabalhador","tag-4598","tag-atestmed","tag-auxilio-doenca-do-inss","tag-pericia-para-auxilio-doenca","tag-uso-de-ia-no-auxilio-doenca"],"yoast_head":"<!-- This site is optimized with the Yoast SEO Premium plugin v27.4 (Yoast SEO v27.4) - https:\/\/yoast.com\/product\/yoast-seo-premium-wordpress\/ -->\n<title>INSS concede extens\u00e3o autom\u00e1tica do aux\u00edlio-doen\u00e7a e permite retorno ao trabalho sem necessidade de per\u00edcia m\u00e9dica - Blog Pensar Cursos<\/title>\n<meta name=\"description\" content=\"O Minist\u00e9rio da Previd\u00eancia Social e o Instituto Nacional do Seguro Social (INSS) anunciaram, na quarta-feira (1\u00ba), importantes mudan\u00e7as nas regras do\" \/>\n<meta name=\"robots\" content=\"index, follow, max-snippet:-1, max-image-preview:large, max-video-preview:-1\" \/>\n<link rel=\"canonical\" href=\"https:\/\/www.pensarcursos.com.br\/blog\/inss-concede-extensao-automatica-do-auxilio-doenca-e-permite-retorno-ao-trabalho-sem-necessidade-de-pericia-medica\/\" \/>\n<meta property=\"og:locale\" content=\"pt_BR\" \/>\n<meta property=\"og:type\" content=\"article\" \/>\n<meta property=\"og:title\" content=\"INSS concede extens\u00e3o autom\u00e1tica do aux\u00edlio-doen\u00e7a e permite retorno ao trabalho sem necessidade de per\u00edcia m\u00e9dica\" \/>\n<meta property=\"og:description\" content=\"O Minist\u00e9rio da Previd\u00eancia Social e o Instituto Nacional do Seguro Social (INSS) anunciaram, na quarta-feira (1\u00ba), importantes mudan\u00e7as nas regras do\" \/>\n<meta property=\"og:url\" content=\"https:\/\/www.pensarcursos.com.br\/blog\/inss-concede-extensao-automatica-do-auxilio-doenca-e-permite-retorno-ao-trabalho-sem-necessidade-de-pericia-medica\/\" \/>\n<meta property=\"og:site_name\" content=\"Blog Pensar Cursos\" \/>\n<meta property=\"article:publisher\" content=\"https:\/\/www.facebook.com\/pensarcursos\/\" \/>\n<meta property=\"article:published_time\" content=\"2023-12-13T15:05:28+00:00\" \/>\n<meta property=\"article:modified_time\" content=\"2023-12-13T15:08:23+00:00\" \/>\n<meta property=\"og:image\" content=\"https:\/\/www.pensarcursos.com.br\/blog\/wp-content\/uploads\/2023\/12\/Auxilio-doenca.jpg\" \/>\n\t<meta property=\"og:image:width\" content=\"864\" \/>\n\t<meta property=\"og:image:height\" content=\"463\" \/>\n\t<meta property=\"og:image:type\" content=\"image\/jpeg\" \/>\n<meta name=\"author\" content=\"P\u00e2mella Rodrigues\" \/>\n<meta name=\"twitter:card\" content=\"summary_large_image\" \/>\n<meta name=\"twitter:label1\" content=\"Escrito por\" \/>\n\t<meta name=\"twitter:data1\" content=\"P\u00e2mella Rodrigues\" \/>\n\t<meta name=\"twitter:label2\" content=\"Est. tempo de leitura\" \/>\n\t<meta name=\"twitter:data2\" content=\"4 minutos\" \/>\n<!-- \/ Yoast SEO Premium plugin. -->","yoast_head_json":{"title":"INSS concede extens\u00e3o autom\u00e1tica do aux\u00edlio-doen\u00e7a e permite retorno ao trabalho sem necessidade de per\u00edcia m\u00e9dica - Blog Pensar Cursos","description":"O Minist\u00e9rio da Previd\u00eancia Social e o Instituto Nacional do Seguro Social (INSS) anunciaram, na quarta-feira (1\u00ba), importantes mudan\u00e7as nas regras do","robots":{"index":"index","follow":"follow","max-snippet":"max-snippet:-1","max-image-preview":"max-image-preview:large","max-video-preview":"max-video-preview:-1"},"canonical":"https:\/\/www.pensarcursos.com.br\/blog\/inss-concede-extensao-automatica-do-auxilio-doenca-e-permite-retorno-ao-trabalho-sem-necessidade-de-pericia-medica\/","og_locale":"pt_BR","og_type":"article","og_title":"INSS concede extens\u00e3o autom\u00e1tica do aux\u00edlio-doen\u00e7a e permite retorno ao trabalho sem necessidade de per\u00edcia m\u00e9dica","og_description":"O Minist\u00e9rio da Previd\u00eancia Social e o Instituto Nacional do Seguro Social (INSS) anunciaram, na quarta-feira (1\u00ba), importantes mudan\u00e7as nas regras do","og_url":"https:\/\/www.pensarcursos.com.br\/blog\/inss-concede-extensao-automatica-do-auxilio-doenca-e-permite-retorno-ao-trabalho-sem-necessidade-de-pericia-medica\/","og_site_name":"Blog Pensar Cursos","article_publisher":"https:\/\/www.facebook.com\/pensarcursos\/","article_published_time":"2023-12-13T15:05:28+00:00","article_modified_time":"2023-12-13T15:08:23+00:00","og_image":[{"width":864,"height":463,"url":"https:\/\/www.pensarcursos.com.br\/blog\/wp-content\/uploads\/2023\/12\/Auxilio-doenca.jpg","type":"image\/jpeg"}],"author":"P\u00e2mella Rodrigues","twitter_card":"summary_large_image","twitter_misc":{"Escrito por":"P\u00e2mella Rodrigues","Est. tempo de leitura":"4 minutos"},"schema":{"@context":"https:\/\/schema.org","@graph":[{"@type":["Article","BlogPosting"],"@id":"https:\/\/www.pensarcursos.com.br\/blog\/inss-concede-extensao-automatica-do-auxilio-doenca-e-permite-retorno-ao-trabalho-sem-necessidade-de-pericia-medica\/#article","isPartOf":{"@id":"https:\/\/www.pensarcursos.com.br\/blog\/inss-concede-extensao-automatica-do-auxilio-doenca-e-permite-retorno-ao-trabalho-sem-necessidade-de-pericia-medica\/"},"author":{"name":"P\u00e2mella Rodrigues","@id":"https:\/\/www.pensarcursos.com.br\/blog\/#\/schema\/person\/f09f80b844119980014fab7678710fe7"},"headline":"INSS concede extens\u00e3o autom\u00e1tica do aux\u00edlio-doen\u00e7a e permite retorno ao trabalho sem necessidade de per\u00edcia m\u00e9dica","datePublished":"2023-12-13T15:05:28+00:00","dateModified":"2023-12-13T15:08:23+00:00","mainEntityOfPage":{"@id":"https:\/\/www.pensarcursos.com.br\/blog\/inss-concede-extensao-automatica-do-auxilio-doenca-e-permite-retorno-ao-trabalho-sem-necessidade-de-pericia-medica\/"},"wordCount":875,"commentCount":0,"publisher":{"@id":"https:\/\/www.pensarcursos.com.br\/blog\/#organization"},"image":{"@id":"https:\/\/www.pensarcursos.com.br\/blog\/inss-concede-extensao-automatica-do-auxilio-doenca-e-permite-retorno-ao-trabalho-sem-necessidade-de-pericia-medica\/#primaryimage"},"thumbnailUrl":"https:\/\/www.pensarcursos.com.br\/blog\/wp-content\/uploads\/2023\/12\/Auxilio-doenca.jpg","keywords":["2023","Atestmed","Aux\u00edlio-doen\u00e7a do INSS","per\u00edcia para aux\u00edlio-doen\u00e7a","Uso de IA no Aux\u00edlio-Doen\u00e7a"],"articleSection":["Direitos do Trabalhador"],"inLanguage":"pt-BR","potentialAction":[{"@type":"CommentAction","name":"Comment","target":["https:\/\/www.pensarcursos.com.br\/blog\/inss-concede-extensao-automatica-do-auxilio-doenca-e-permite-retorno-ao-trabalho-sem-necessidade-de-pericia-medica\/#respond"]}],"copyrightYear":"2023","copyrightHolder":{"@id":"https:\/\/www.pensarcursos.com.br\/blog\/#organization"}},{"@type":"WebPage","@id":"https:\/\/www.pensarcursos.com.br\/blog\/inss-concede-extensao-automatica-do-auxilio-doenca-e-permite-retorno-ao-trabalho-sem-necessidade-de-pericia-medica\/","url":"https:\/\/www.pensarcursos.com.br\/blog\/inss-concede-extensao-automatica-do-auxilio-doenca-e-permite-retorno-ao-trabalho-sem-necessidade-de-pericia-medica\/","name":"INSS concede extens\u00e3o autom\u00e1tica do aux\u00edlio-doen\u00e7a e permite retorno ao trabalho sem necessidade de per\u00edcia m\u00e9dica - Blog Pensar Cursos","isPartOf":{"@id":"https:\/\/www.pensarcursos.com.br\/blog\/#website"},"primaryImageOfPage":{"@id":"https:\/\/www.pensarcursos.com.br\/blog\/inss-concede-extensao-automatica-do-auxilio-doenca-e-permite-retorno-ao-trabalho-sem-necessidade-de-pericia-medica\/#primaryimage"},"image":{"@id":"https:\/\/www.pensarcursos.com.br\/blog\/inss-concede-extensao-automatica-do-auxilio-doenca-e-permite-retorno-ao-trabalho-sem-necessidade-de-pericia-medica\/#primaryimage"},"thumbnailUrl":"https:\/\/www.pensarcursos.com.br\/blog\/wp-content\/uploads\/2023\/12\/Auxilio-doenca.jpg","datePublished":"2023-12-13T15:05:28+00:00","dateModified":"2023-12-13T15:08:23+00:00","description":"O Minist\u00e9rio da Previd\u00eancia Social e o Instituto Nacional do Seguro Social (INSS) anunciaram, na quarta-feira (1\u00ba), importantes mudan\u00e7as nas regras do","breadcrumb":{"@id":"https:\/\/www.pensarcursos.com.br\/blog\/inss-concede-extensao-automatica-do-auxilio-doenca-e-permite-retorno-ao-trabalho-sem-necessidade-de-pericia-medica\/#breadcrumb"},"inLanguage":"pt-BR","potentialAction":[{"@type":"ReadAction","target":["https:\/\/www.pensarcursos.com.br\/blog\/inss-concede-extensao-automatica-do-auxilio-doenca-e-permite-retorno-ao-trabalho-sem-necessidade-de-pericia-medica\/"]}]},{"@type":"ImageObject","inLanguage":"pt-BR","@id":"https:\/\/www.pensarcursos.com.br\/blog\/inss-concede-extensao-automatica-do-auxilio-doenca-e-permite-retorno-ao-trabalho-sem-necessidade-de-pericia-medica\/#primaryimage","url":"https:\/\/www.pensarcursos.com.br\/blog\/wp-content\/uploads\/2023\/12\/Auxilio-doenca.jpg","contentUrl":"https:\/\/www.pensarcursos.com.br\/blog\/wp-content\/uploads\/2023\/12\/Auxilio-doenca.jpg","width":864,"height":463,"caption":"Decis\u00f5es importantes sobre o aux\u00edlio-doen\u00e7a podem ser tomadas sem a revis\u00e3o da per\u00edcia m\u00e9dica. Imagem: Building Profits."},{"@type":"BreadcrumbList","@id":"https:\/\/www.pensarcursos.com.br\/blog\/inss-concede-extensao-automatica-do-auxilio-doenca-e-permite-retorno-ao-trabalho-sem-necessidade-de-pericia-medica\/#breadcrumb","itemListElement":[{"@type":"ListItem","position":1,"name":"Home","item":"https:\/\/www.pensarcursos.com.br\/blog\/"},{"@type":"ListItem","position":2,"name":"INSS concede extens\u00e3o autom\u00e1tica do aux\u00edlio-doen\u00e7a e permite retorno ao trabalho sem necessidade de per\u00edcia m\u00e9dica"}]},{"@type":"WebSite","@id":"https:\/\/www.pensarcursos.com.br\/blog\/#website","url":"https:\/\/www.pensarcursos.com.br\/blog\/","name":"Blog Pensar Cursos","description":"Maior Site de Cursos do Brasil","publisher":{"@id":"https:\/\/www.pensarcursos.com.br\/blog\/#organization"},"alternateName":"Blog Pensar","potentialAction":[{"@type":"SearchAction","target":{"@type":"EntryPoint","urlTemplate":"https:\/\/www.pensarcursos.com.br\/blog\/?s={search_term_string}"},"query-input":{"@type":"PropertyValueSpecification","valueRequired":true,"valueName":"search_term_string"}}],"inLanguage":"pt-BR"},{"@type":"Organization","@id":"https:\/\/www.pensarcursos.com.br\/blog\/#organization","name":"Pensar Cursos","alternateName":"Blog pensar","url":"https:\/\/www.pensarcursos.com.br\/blog\/","logo":{"@type":"ImageObject","inLanguage":"pt-BR","@id":"https:\/\/www.pensarcursos.com.br\/blog\/#\/schema\/logo\/image\/","url":"https:\/\/www.pensarcursos.com.br\/blog\/wp-content\/uploads\/2023\/11\/Nova-Logo-Pensar-Cursos-vertical.png","contentUrl":"https:\/\/www.pensarcursos.com.br\/blog\/wp-content\/uploads\/2023\/11\/Nova-Logo-Pensar-Cursos-vertical.png","width":1393,"height":1001,"caption":"Pensar Cursos"},"image":{"@id":"https:\/\/www.pensarcursos.com.br\/blog\/#\/schema\/logo\/image\/"},"sameAs":["https:\/\/www.facebook.com\/pensarcursos\/","https:\/\/instagram.com.br\/pensarcursos"],"description":"Pensar Cursos \u00e9 uma empresa especializada em oferecer cursos de alta qualidade voltados para o desenvolvimento profissional e acad\u00eamico. Com uma ampla gama de op\u00e7\u00f5es de treinamento, oferecemos conte\u00fados atualizados, ministrados por especialistas da \u00e1rea, para capacitar indiv\u00edduos e equipes a atingirem seus objetivos. Nossa miss\u00e3o \u00e9 proporcionar uma educa\u00e7\u00e3o transformadora, acess\u00edvel e personalizada para cada aluno, seja em cursos presenciais ou online. Com uma abordagem inovadora, buscamos adaptar os nossos programas de ensino \u00e0s necessidades do mercado, criando solu\u00e7\u00f5es que atendem aos desafios e exig\u00eancias do mundo corporativo e acad\u00eamico. Nossos cursos incluem desde forma\u00e7\u00f5es t\u00e9cnicas at\u00e9 habilidades essenciais, como lideran\u00e7a, gest\u00e3o e desenvolvimento pessoal.","email":"contato@pensarcursos.com.br","legalName":"Sena Servi\u00e7os de Informa\u00e7\u00e3o Online LTDA","foundingDate":"2013-04-18","vatID":"17956217000172","numberOfEmployees":{"@type":"QuantitativeValue","minValue":"11","maxValue":"50"},"publishingPrinciples":"https:\/\/www.pensarcursos.com.br\/blog\/principios-de-publicacao\/","ownershipFundingInfo":"https:\/\/www.pensarcursos.com.br\/blog\/informacoes-de-propriedade-financiamento\/","actionableFeedbackPolicy":"https:\/\/www.pensarcursos.com.br\/blog\/politica-de-feedback-acionavel\/","correctionsPolicy":"https:\/\/www.pensarcursos.com.br\/blog\/politica-de-correcoes\/","ethicsPolicy":"https:\/\/www.pensarcursos.com.br\/blog\/politica-de-etica\/"},{"@type":"Person","@id":"https:\/\/www.pensarcursos.com.br\/blog\/#\/schema\/person\/f09f80b844119980014fab7678710fe7","name":"P\u00e2mella Rodrigues","image":{"@type":"ImageObject","inLanguage":"pt-BR","@id":"https:\/\/secure.gravatar.com\/avatar\/e2bc40459c515e8aee77e8025cb3e6e892b894553e9d94d78fa489d88fe02643?s=96&d=mm&r=g","url":"https:\/\/secure.gravatar.com\/avatar\/e2bc40459c515e8aee77e8025cb3e6e892b894553e9d94d78fa489d88fe02643?s=96&d=mm&r=g","contentUrl":"https:\/\/secure.gravatar.com\/avatar\/e2bc40459c515e8aee77e8025cb3e6e892b894553e9d94d78fa489d88fe02643?s=96&d=mm&r=g","caption":"P\u00e2mella Rodrigues"},"description":"Profissional de comunica\u00e7\u00e3o, atuando com produ\u00e7\u00e3o de conte\u00fado otimizado e em outras esferas do marketing digital desde 2017. No portal, exerce fun\u00e7\u00e3o de redatora sobre temas referentes a: pol\u00edtica, atualidades, benef\u00edcios sociais e direitos dos trabalhadores.","url":"https:\/\/www.pensarcursos.com.br\/blog\/author\/pamella\/"}]}},"_links":{"self":[{"href":"https:\/\/www.pensarcursos.com.br\/blog\/wp-json\/wp\/v2\/posts\/14185","targetHints":{"allow":["GET"]}}],"collection":[{"href":"https:\/\/www.pensarcursos.com.br\/blog\/wp-json\/wp\/v2\/posts"}],"about":[{"href":"https:\/\/www.pensarcursos.com.br\/blog\/wp-json\/wp\/v2\/types\/post"}],"author":[{"embeddable":true,"href":"https:\/\/www.pensarcursos.com.br\/blog\/wp-json\/wp\/v2\/users\/31"}],"replies":[{"embeddable":true,"href":"https:\/\/www.pensarcursos.com.br\/blog\/wp-json\/wp\/v2\/comments?post=14185"}],"version-history":[{"count":0,"href":"https:\/\/www.pensarcursos.com.br\/blog\/wp-json\/wp\/v2\/posts\/14185\/revisions"}],"wp:featuredmedia":[{"embeddable":true,"href":"https:\/\/www.pensarcursos.com.br\/blog\/wp-json\/wp\/v2\/media\/14269"}],"wp:attachment":[{"href":"https:\/\/www.pensarcursos.com.br\/blog\/wp-json\/wp\/v2\/media?parent=14185"}],"wp:term":[{"taxonomy":"category","embeddable":true,"href":"https:\/\/www.pensarcursos.com.br\/blog\/wp-json\/wp\/v2\/categories?post=14185"},{"taxonomy":"post_tag","embeddable":true,"href":"https:\/\/www.pensarcursos.com.br\/blog\/wp-json\/wp\/v2\/tags?post=14185"}],"curies":[{"name":"wp","href":"https:\/\/api.w.org\/{rel}","templated":true}]}}