{"id":141839,"date":"2026-01-26T09:29:47","date_gmt":"2026-01-26T12:29:47","guid":{"rendered":"https:\/\/www.pensarcursos.com.br\/blog\/?p=141839"},"modified":"2026-01-26T06:33:39","modified_gmt":"2026-01-26T09:33:39","slug":"inss-depositos-referentes-a-janeiro-comecam-nesta-segunda-feira-26","status":"publish","type":"post","link":"https:\/\/www.pensarcursos.com.br\/blog\/inss-depositos-referentes-a-janeiro-comecam-nesta-segunda-feira-26\/","title":{"rendered":"INSS: dep\u00f3sitos referentes a janeiro come\u00e7am nesta segunda-feira (26)"},"content":{"rendered":"<p>A partir desta segunda-feira, 26 de janeiro de 2026, o\u00a0<strong>Instituto Nacional do Seguro Social (<a href=\"https:\/\/www.pensarcursos.com.br\/blog\/resumo-de-pagamentos-da-semana-de-26-a-30-01-ate-r-1-621-do-inss-e-r-2-800-da-caixa-saiba-como-consultar\/\" target=\"_blank\" rel=\"noopener\">INSS<\/a>)<\/strong>\u00a0inicia o pagamento dos benef\u00edcios referentes ao m\u00eas de janeiro, com valor m\u00e1ximo reajustado para\u00a0<strong>R$ 8.475,55<\/strong>.<\/p>\n<p>Este \u00e9 o teto do INSS em 2026, aplicado para aposentadorias e pens\u00f5es de valor mais alto, sendo uma refer\u00eancia importante para quem recebe acima do sal\u00e1rio m\u00ednimo e deseja entender como e quando ir\u00e1 receber esse valor no novo calend\u00e1rio.<\/p>\n<h2>Calend\u00e1rio de pagamentos do INSS em janeiro de 2026<\/h2>\n<p>O pagamento segue cronograma definido pelo INSS. Benefici\u00e1rios devem consultar o n\u00famero final do cart\u00e3o de benef\u00edcio, ignorando o d\u00edgito verificador. Isso define o dia exato do dep\u00f3sito e evita surpresas.<\/p>\n<h3>Datas para quem ganha at\u00e9 um sal\u00e1rio m\u00ednimo<\/h3>\n<ul>\n<li>Final 1: 26 de janeiro<\/li>\n<li>Final 2: 27 de janeiro<\/li>\n<li>Final 3: 28 de janeiro<\/li>\n<li>Final 4: 29 de janeiro<\/li>\n<li>Final 5: 30 de janeiro<\/li>\n<li>Final 6: 2 de fevereiro<\/li>\n<li>Final 7: 3 de fevereiro<\/li>\n<li>Final 8: 4 de fevereiro<\/li>\n<li>Final 9: 5 de fevereiro<\/li>\n<li>Final 0: 6 de fevereiro<\/li>\n<\/ul>\n<h3>Pagamentos acima do sal\u00e1rio m\u00ednimo (at\u00e9 R$ 8.475,55)<\/h3>\n<ul>\n<li>Finais 1 e 6: 2 de fevereiro<\/li>\n<li>Finais 2 e 7: 3 de fevereiro<\/li>\n<li>Finais 3 e 8: 4 de fevereiro<\/li>\n<li>Finais 4 e 9: 5 de fevereiro<\/li>\n<li>Finais 5 e 0: 6 de fevereiro<\/li>\n<\/ul>\n<figure id=\"attachment_141840\" aria-describedby=\"caption-attachment-141840\" style=\"width: 1338px\" class=\"wp-caption aligncenter\"><img decoding=\"async\" class=\"wp-image-141840 size-full\" src=\"https:\/\/www.pensarcursos.com.br\/blog\/wp-content\/uploads\/2026\/01\/Calendario-de-pagamentos-do-INSS-em-janeiro-de-2026.png\" alt=\"M\u00e3os contando c\u00e9dulas de 100 e 50 reais em fundo escuro representando pagamento do INSS\" width=\"1338\" height=\"800\" srcset=\"https:\/\/www.pensarcursos.com.br\/blog\/wp-content\/uploads\/2026\/01\/Calendario-de-pagamentos-do-INSS-em-janeiro-de-2026.png 1338w, https:\/\/www.pensarcursos.com.br\/blog\/wp-content\/uploads\/2026\/01\/Calendario-de-pagamentos-do-INSS-em-janeiro-de-2026-300x179.png 300w, https:\/\/www.pensarcursos.com.br\/blog\/wp-content\/uploads\/2026\/01\/Calendario-de-pagamentos-do-INSS-em-janeiro-de-2026-1024x612.png 1024w, https:\/\/www.pensarcursos.com.br\/blog\/wp-content\/uploads\/2026\/01\/Calendario-de-pagamentos-do-INSS-em-janeiro-de-2026-768x459.png 768w, https:\/\/www.pensarcursos.com.br\/blog\/wp-content\/uploads\/2026\/01\/Calendario-de-pagamentos-do-INSS-em-janeiro-de-2026-750x448.png 750w, https:\/\/www.pensarcursos.com.br\/blog\/wp-content\/uploads\/2026\/01\/Calendario-de-pagamentos-do-INSS-em-janeiro-de-2026-1140x682.png 1140w\" sizes=\"(max-width: 1338px) 100vw, 1338px\" \/><figcaption id=\"caption-attachment-141840\" class=\"wp-caption-text\">Dep\u00f3sitos seguem ordem do n\u00famero final do benef\u00edcio conforme cronograma oficial. Imagem: Ag\u00eancia Brasil<\/figcaption><\/figure>\n<h2>Reajuste dos benef\u00edcios: valor do teto e novos \u00edndices<\/h2>\n<p>A Portaria Interministerial MPS\/MF N\u00ba 13 fixou o novo\u00a0<strong>teto do INSS<\/strong>\u00a0em\u00a0<strong>R$ 8.475,55<\/strong>, j\u00e1 vigente desde 1\u00ba de janeiro de 2026. O reajuste dos benef\u00edcios acima do piso nacional foi de 3,90%.<\/p>\n<p>Como efeito, todos os benef\u00edcios previdenci\u00e1rios, sal\u00e1rios-maternidade, aux\u00edlios e pens\u00f5es especiais foram corrigidos de acordo com a varia\u00e7\u00e3o do INPC (\u00cdndice Nacional de Pre\u00e7os ao Consumidor).<\/p>\n<p>Pessoas que come\u00e7aram a receber benef\u00edcio em 2025: o aumento ser\u00e1 proporcional ao tempo de recebimento.<\/p>\n<h3>Atualiza\u00e7\u00e3o do sal\u00e1rio m\u00ednimo<\/h3>\n<p>O sal\u00e1rio m\u00ednimo para benef\u00edcios e contribui\u00e7\u00f5es ao INSS agora \u00e9 de\u00a0<strong>R$ 1.621,00<\/strong>. Aproximadamente 21,9 milh\u00f5es de pessoas recebem esse valor, incluindo quem tem o\u00a0<strong>Benef\u00edcio de Presta\u00e7\u00e3o Continuada (BPC\/LOAS)<\/strong>.<\/p>\n<h2>Como consultar o valor e o calend\u00e1rio do benef\u00edcio<\/h2>\n<p>Ter clareza do valor a receber e da data do dep\u00f3sito \u00e9 essencial. O cidad\u00e3o pode verificar detalhes do benef\u00edcio pelo aplicativo ou site\u00a0<a href=\"https:\/\/meu.inss.gov.br\/\" target=\"_blank\" rel=\"noopener\">Meu INSS<\/a>, acessando o servi\u00e7o \u201cextrato de pagamento\u201d. Quem preferir, pode ligar para a Central 135, de segunda a s\u00e1bado, das 7h \u00e0s 22h.<\/p>\n<h2>Faixas de contribui\u00e7\u00e3o do INSS para 2026<\/h2>\n<p>As contribui\u00e7\u00f5es obrigat\u00f3rias tamb\u00e9m acompanharam o reajuste:<\/p>\n<ul>\n<li>7,5% para sal\u00e1rios at\u00e9 R$ 1.621,00<\/li>\n<li>9% para sal\u00e1rios de R$ 1.621,01 a R$ 2.902,84<\/li>\n<li>12% para sal\u00e1rios de R$ 2.902,85 a R$ 4.354,27<\/li>\n<li>14% para sal\u00e1rios entre R$ 4.354,28 e R$ 8.475,55<\/li>\n<\/ul>\n<p>As faixas s\u00e3o importantes para o trabalhador planejar quanto vai contribuir e quanto pode receber futuramente.<\/p>\n<h2>Outros benef\u00edcios pagos pelo INSS<\/h2>\n<p>Al\u00e9m do valor m\u00e1ximo do <a href=\"https:\/\/www.pensarcursos.com.br\/blog\/inss-quem-tem-cartao-com-final-1-2-3-4-e-5-esta-na-lista-de-pagamento-a-partir-desta-segunda-feira-26-veja-o-valor\/\" target=\"_blank\" rel=\"noopener\">INSS<\/a>, h\u00e1 benef\u00edcios com valores fixos: o BPC\/LOAS \u00e9 de\u00a0<strong>R$ 1.621,00<\/strong>, para idosos e pessoas com defici\u00eancia em situa\u00e7\u00e3o de vulnerabilidade; seringueiros e dependentes recebem\u00a0<strong>R$ 3.242,00<\/strong>; a cota do sal\u00e1rio-fam\u00edlia ficou em\u00a0<strong>R$ 67,54<\/strong>\u00a0para remunera\u00e7\u00e3o at\u00e9 R$ 1.980,38.<\/p>\n<h2>Dicas para receber o benef\u00edcio com mais seguran\u00e7a<\/h2>\n<p>Mantenha sempre atualizado o endere\u00e7o e o telefone de contato junto ao INSS. Se notar qualquer diferen\u00e7a no valor ou atraso, entre em contato imediatamente. Nunca compartilhe dados pessoais com terceiros.<\/p>\n<h2>Import\u00e2ncia de acompanhar o calend\u00e1rio do INSS<\/h2>\n<p>Seguir as datas publicadas pelo INSS evita imprevistos. Os dep\u00f3sitos s\u00e3o realizados periodicamente, e o acompanhamento pelo benefici\u00e1rio permite organiza\u00e7\u00e3o financeira melhor, al\u00e9m de prevenir transtornos desnecess\u00e1rios.<\/p>\n<p>Para conferir mais sobre o INSS, acesse a p\u00e1gina inicial do<a href=\"https:\/\/www.pensarcursos.com.br\/blog\/\" target=\"_blank\" rel=\"noopener\"><strong> Blog Pensar Cursos<\/strong><\/a>.<\/p>\n<div class=\"jeg_video_container jeg_video_content\"><iframe title=\"Quando v\u00e3o pagar o INSS em 2026? Calend\u00e1rio oficial saiu e tem novidade\" width=\"500\" height=\"281\" src=\"https:\/\/www.youtube.com\/embed\/oewN8G9mELY?feature=oembed\" frameborder=\"0\" allow=\"accelerometer; autoplay; clipboard-write; encrypted-media; gyroscope; picture-in-picture; web-share\" referrerpolicy=\"strict-origin-when-cross-origin\" allowfullscreen><\/iframe><\/div>\n","protected":false},"excerpt":{"rendered":"<p>A partir desta segunda-feira, 26 de janeiro de 2026, o\u00a0Instituto Nacional do Seguro Social (INSS)\u00a0inicia o pagamento dos benef\u00edcios referentes ao m\u00eas de janeiro, com valor m\u00e1ximo reajustado para\u00a0R$ 8.475,55. Este \u00e9 o teto do INSS em 2026, aplicado para aposentadorias e pens\u00f5es de valor mais alto, sendo uma refer\u00eancia importante para quem recebe acima [&hellip;]<\/p>\n","protected":false},"author":41,"featured_media":141841,"comment_status":"open","ping_status":"closed","sticky":false,"template":"","format":"standard","meta":{"jnews-multi-image_gallery":[],"jnews_single_post":{"format":"standard","override":[{"template":"1","parallax":"1","fullscreen":"1","layout":"right-sidebar","sidebar":"default-sidebar","second_sidebar":"default-sidebar","sticky_sidebar":"1","share_position":"topbottom","share_float_style":"share-monocrhome","show_featured":"1","show_post_meta":"1","show_post_author":"1","show_post_author_image":"1","show_post_date":"1","post_date_format":"default","post_date_format_custom":"Y\/m\/d","show_post_category":"1","post_reading_time_wpm":"300","post_calculate_word_method":"str_word_count","show_zoom_button":"0","zoom_button_out_step":"2","zoom_button_in_step":"3","show_post_tag":"1","show_prev_next_post":"1","show_popup_post":"1","show_comment_section":"1","number_popup_post":"2","show_author_box":"1","show_post_related":"1","show_inline_post_related":"1"}],"image_override":[{"single_post_thumbnail_size":"crop-500","single_post_gallery_size":"crop-500"}],"trending_post_position":"meta","trending_post_label":"Trending","sponsored_post_label":"Sponsored by","disable_ad":"0","subtitle":"Confira o calend\u00e1rio de pagamentos do INSS para janeiro"},"jnews_primary_category":[],"jnews_social_meta":[],"jnews_override_counter":{"view_counter_number":"0","share_counter_number":"0","like_counter_number":"0","dislike_counter_number":"0"},"footnotes":""},"categories":[1691],"tags":[37714,7847,37715],"class_list":["post-141839","post","type-post","status-publish","format-standard","has-post-thumbnail","hentry","category-direitos-do-trabalhador","tag-inss-calendario-pagamentos","tag-teto-inss","tag-valor-contribuicao-inss-2026"],"yoast_head":"<!-- This site is optimized with the Yoast SEO Premium plugin v27.4 (Yoast SEO v27.4) - https:\/\/yoast.com\/product\/yoast-seo-premium-wordpress\/ -->\n<title>INSS: dep\u00f3sitos referentes a janeiro come\u00e7am nesta segunda-feira (26) - Blog Pensar Cursos<\/title>\n<meta name=\"description\" content=\"Confira o calend\u00e1rio oficial, os valores reajustados at\u00e9 R$ 8.475,55 e veja como consultar o pagamento do INSS referente a janeiro, que come\u00e7a nesta segunda-feira, dia 26.\" \/>\n<meta name=\"robots\" content=\"index, follow, max-snippet:-1, max-image-preview:large, max-video-preview:-1\" \/>\n<link rel=\"canonical\" href=\"https:\/\/www.pensarcursos.com.br\/blog\/inss-depositos-referentes-a-janeiro-comecam-nesta-segunda-feira-26\/\" \/>\n<meta property=\"og:locale\" content=\"pt_BR\" \/>\n<meta property=\"og:type\" content=\"article\" \/>\n<meta property=\"og:title\" content=\"INSS: dep\u00f3sitos referentes a janeiro come\u00e7am nesta segunda-feira (26)\" \/>\n<meta property=\"og:description\" content=\"Confira o calend\u00e1rio oficial, os valores reajustados at\u00e9 R$ 8.475,55 e veja como consultar o pagamento do INSS referente a janeiro, que come\u00e7a nesta segunda-feira, dia 26.\" \/>\n<meta property=\"og:url\" content=\"https:\/\/www.pensarcursos.com.br\/blog\/inss-depositos-referentes-a-janeiro-comecam-nesta-segunda-feira-26\/\" \/>\n<meta property=\"og:site_name\" content=\"Blog Pensar Cursos\" \/>\n<meta property=\"article:publisher\" content=\"https:\/\/www.facebook.com\/pensarcursos\/\" \/>\n<meta property=\"article:published_time\" content=\"2026-01-26T12:29:47+00:00\" \/>\n<meta property=\"og:image\" content=\"https:\/\/www.pensarcursos.com.br\/blog\/wp-content\/uploads\/2026\/01\/Pagamentos-do-INSS-em-janeiro-de-2026.png\" \/>\n\t<meta property=\"og:image:width\" content=\"1200\" \/>\n\t<meta property=\"og:image:height\" content=\"800\" \/>\n\t<meta property=\"og:image:type\" content=\"image\/png\" \/>\n<meta name=\"author\" content=\"F\u00e1tima Azevedo\" \/>\n<meta name=\"twitter:card\" content=\"summary_large_image\" \/>\n<meta name=\"twitter:label1\" content=\"Escrito por\" \/>\n\t<meta name=\"twitter:data1\" content=\"F\u00e1tima Azevedo\" \/>\n\t<meta name=\"twitter:label2\" content=\"Est. tempo de leitura\" \/>\n\t<meta name=\"twitter:data2\" content=\"4 minutos\" \/>\n<!-- \/ Yoast SEO Premium plugin. -->","yoast_head_json":{"title":"INSS: dep\u00f3sitos referentes a janeiro come\u00e7am nesta segunda-feira (26) - Blog Pensar Cursos","description":"Confira o calend\u00e1rio oficial, os valores reajustados at\u00e9 R$ 8.475,55 e veja como consultar o pagamento do INSS referente a janeiro, que come\u00e7a nesta segunda-feira, dia 26.","robots":{"index":"index","follow":"follow","max-snippet":"max-snippet:-1","max-image-preview":"max-image-preview:large","max-video-preview":"max-video-preview:-1"},"canonical":"https:\/\/www.pensarcursos.com.br\/blog\/inss-depositos-referentes-a-janeiro-comecam-nesta-segunda-feira-26\/","og_locale":"pt_BR","og_type":"article","og_title":"INSS: dep\u00f3sitos referentes a janeiro come\u00e7am nesta segunda-feira (26)","og_description":"Confira o calend\u00e1rio oficial, os valores reajustados at\u00e9 R$ 8.475,55 e veja como consultar o pagamento do INSS referente a janeiro, que come\u00e7a nesta segunda-feira, dia 26.","og_url":"https:\/\/www.pensarcursos.com.br\/blog\/inss-depositos-referentes-a-janeiro-comecam-nesta-segunda-feira-26\/","og_site_name":"Blog Pensar Cursos","article_publisher":"https:\/\/www.facebook.com\/pensarcursos\/","article_published_time":"2026-01-26T12:29:47+00:00","og_image":[{"width":1200,"height":800,"url":"https:\/\/www.pensarcursos.com.br\/blog\/wp-content\/uploads\/2026\/01\/Pagamentos-do-INSS-em-janeiro-de-2026.png","type":"image\/png"}],"author":"F\u00e1tima Azevedo","twitter_card":"summary_large_image","twitter_misc":{"Escrito por":"F\u00e1tima Azevedo","Est. tempo de leitura":"4 minutos"},"schema":{"@context":"https:\/\/schema.org","@graph":[{"@type":["Article","BlogPosting"],"@id":"https:\/\/www.pensarcursos.com.br\/blog\/inss-depositos-referentes-a-janeiro-comecam-nesta-segunda-feira-26\/#article","isPartOf":{"@id":"https:\/\/www.pensarcursos.com.br\/blog\/inss-depositos-referentes-a-janeiro-comecam-nesta-segunda-feira-26\/"},"author":{"name":"F\u00e1tima Azevedo","@id":"https:\/\/www.pensarcursos.com.br\/blog\/#\/schema\/person\/827343e4611913410dcf62144b5b2a2d"},"headline":"INSS: dep\u00f3sitos referentes a janeiro come\u00e7am nesta segunda-feira (26)","datePublished":"2026-01-26T12:29:47+00:00","mainEntityOfPage":{"@id":"https:\/\/www.pensarcursos.com.br\/blog\/inss-depositos-referentes-a-janeiro-comecam-nesta-segunda-feira-26\/"},"wordCount":650,"commentCount":0,"publisher":{"@id":"https:\/\/www.pensarcursos.com.br\/blog\/#organization"},"image":{"@id":"https:\/\/www.pensarcursos.com.br\/blog\/inss-depositos-referentes-a-janeiro-comecam-nesta-segunda-feira-26\/#primaryimage"},"thumbnailUrl":"https:\/\/www.pensarcursos.com.br\/blog\/wp-content\/uploads\/2026\/01\/Pagamentos-do-INSS-em-janeiro-de-2026.png","keywords":["inss calend\u00e1rio pagamentos","Teto INSS","valor contribui\u00e7\u00e3o inss 2026"],"articleSection":["Direitos do Trabalhador"],"inLanguage":"pt-BR","potentialAction":[{"@type":"CommentAction","name":"Comment","target":["https:\/\/www.pensarcursos.com.br\/blog\/inss-depositos-referentes-a-janeiro-comecam-nesta-segunda-feira-26\/#respond"]}],"copyrightYear":"2026","copyrightHolder":{"@id":"https:\/\/www.pensarcursos.com.br\/blog\/#organization"}},{"@type":"WebPage","@id":"https:\/\/www.pensarcursos.com.br\/blog\/inss-depositos-referentes-a-janeiro-comecam-nesta-segunda-feira-26\/","url":"https:\/\/www.pensarcursos.com.br\/blog\/inss-depositos-referentes-a-janeiro-comecam-nesta-segunda-feira-26\/","name":"INSS: dep\u00f3sitos referentes a janeiro come\u00e7am nesta segunda-feira (26) - Blog Pensar Cursos","isPartOf":{"@id":"https:\/\/www.pensarcursos.com.br\/blog\/#website"},"primaryImageOfPage":{"@id":"https:\/\/www.pensarcursos.com.br\/blog\/inss-depositos-referentes-a-janeiro-comecam-nesta-segunda-feira-26\/#primaryimage"},"image":{"@id":"https:\/\/www.pensarcursos.com.br\/blog\/inss-depositos-referentes-a-janeiro-comecam-nesta-segunda-feira-26\/#primaryimage"},"thumbnailUrl":"https:\/\/www.pensarcursos.com.br\/blog\/wp-content\/uploads\/2026\/01\/Pagamentos-do-INSS-em-janeiro-de-2026.png","datePublished":"2026-01-26T12:29:47+00:00","description":"Confira o calend\u00e1rio oficial, os valores reajustados at\u00e9 R$ 8.475,55 e veja como consultar o pagamento do INSS referente a janeiro, que come\u00e7a nesta segunda-feira, dia 26.","breadcrumb":{"@id":"https:\/\/www.pensarcursos.com.br\/blog\/inss-depositos-referentes-a-janeiro-comecam-nesta-segunda-feira-26\/#breadcrumb"},"inLanguage":"pt-BR","potentialAction":[{"@type":"ReadAction","target":["https:\/\/www.pensarcursos.com.br\/blog\/inss-depositos-referentes-a-janeiro-comecam-nesta-segunda-feira-26\/"]}]},{"@type":"ImageObject","inLanguage":"pt-BR","@id":"https:\/\/www.pensarcursos.com.br\/blog\/inss-depositos-referentes-a-janeiro-comecam-nesta-segunda-feira-26\/#primaryimage","url":"https:\/\/www.pensarcursos.com.br\/blog\/wp-content\/uploads\/2026\/01\/Pagamentos-do-INSS-em-janeiro-de-2026.png","contentUrl":"https:\/\/www.pensarcursos.com.br\/blog\/wp-content\/uploads\/2026\/01\/Pagamentos-do-INSS-em-janeiro-de-2026.png","width":1200,"height":800,"caption":"Aposentados e pensionistas come\u00e7am a receber pagamentos com valores reajustados. Imagem: Pensar Cursos"},{"@type":"BreadcrumbList","@id":"https:\/\/www.pensarcursos.com.br\/blog\/inss-depositos-referentes-a-janeiro-comecam-nesta-segunda-feira-26\/#breadcrumb","itemListElement":[{"@type":"ListItem","position":1,"name":"Home","item":"https:\/\/www.pensarcursos.com.br\/blog\/"},{"@type":"ListItem","position":2,"name":"INSS: dep\u00f3sitos referentes a janeiro come\u00e7am nesta segunda-feira (26)"}]},{"@type":"WebSite","@id":"https:\/\/www.pensarcursos.com.br\/blog\/#website","url":"https:\/\/www.pensarcursos.com.br\/blog\/","name":"Blog Pensar Cursos","description":"Maior Site de Cursos do Brasil","publisher":{"@id":"https:\/\/www.pensarcursos.com.br\/blog\/#organization"},"alternateName":"Blog Pensar","potentialAction":[{"@type":"SearchAction","target":{"@type":"EntryPoint","urlTemplate":"https:\/\/www.pensarcursos.com.br\/blog\/?s={search_term_string}"},"query-input":{"@type":"PropertyValueSpecification","valueRequired":true,"valueName":"search_term_string"}}],"inLanguage":"pt-BR"},{"@type":"Organization","@id":"https:\/\/www.pensarcursos.com.br\/blog\/#organization","name":"Pensar Cursos","alternateName":"Blog pensar","url":"https:\/\/www.pensarcursos.com.br\/blog\/","logo":{"@type":"ImageObject","inLanguage":"pt-BR","@id":"https:\/\/www.pensarcursos.com.br\/blog\/#\/schema\/logo\/image\/","url":"https:\/\/www.pensarcursos.com.br\/blog\/wp-content\/uploads\/2023\/11\/Nova-Logo-Pensar-Cursos-vertical.png","contentUrl":"https:\/\/www.pensarcursos.com.br\/blog\/wp-content\/uploads\/2023\/11\/Nova-Logo-Pensar-Cursos-vertical.png","width":1393,"height":1001,"caption":"Pensar Cursos"},"image":{"@id":"https:\/\/www.pensarcursos.com.br\/blog\/#\/schema\/logo\/image\/"},"sameAs":["https:\/\/www.facebook.com\/pensarcursos\/","https:\/\/instagram.com.br\/pensarcursos"],"description":"Pensar Cursos \u00e9 uma empresa especializada em oferecer cursos de alta qualidade voltados para o desenvolvimento profissional e acad\u00eamico. Com uma ampla gama de op\u00e7\u00f5es de treinamento, oferecemos conte\u00fados atualizados, ministrados por especialistas da \u00e1rea, para capacitar indiv\u00edduos e equipes a atingirem seus objetivos. Nossa miss\u00e3o \u00e9 proporcionar uma educa\u00e7\u00e3o transformadora, acess\u00edvel e personalizada para cada aluno, seja em cursos presenciais ou online. Com uma abordagem inovadora, buscamos adaptar os nossos programas de ensino \u00e0s necessidades do mercado, criando solu\u00e7\u00f5es que atendem aos desafios e exig\u00eancias do mundo corporativo e acad\u00eamico. Nossos cursos incluem desde forma\u00e7\u00f5es t\u00e9cnicas at\u00e9 habilidades essenciais, como lideran\u00e7a, gest\u00e3o e desenvolvimento pessoal.","email":"contato@pensarcursos.com.br","legalName":"Sena Servi\u00e7os de Informa\u00e7\u00e3o Online LTDA","foundingDate":"2013-04-18","vatID":"17956217000172","numberOfEmployees":{"@type":"QuantitativeValue","minValue":"11","maxValue":"50"},"publishingPrinciples":"https:\/\/www.pensarcursos.com.br\/blog\/principios-de-publicacao\/","ownershipFundingInfo":"https:\/\/www.pensarcursos.com.br\/blog\/informacoes-de-propriedade-financiamento\/","actionableFeedbackPolicy":"https:\/\/www.pensarcursos.com.br\/blog\/politica-de-feedback-acionavel\/","correctionsPolicy":"https:\/\/www.pensarcursos.com.br\/blog\/politica-de-correcoes\/","ethicsPolicy":"https:\/\/www.pensarcursos.com.br\/blog\/politica-de-etica\/"},{"@type":"Person","@id":"https:\/\/www.pensarcursos.com.br\/blog\/#\/schema\/person\/827343e4611913410dcf62144b5b2a2d","name":"F\u00e1tima Azevedo","image":{"@type":"ImageObject","inLanguage":"pt-BR","@id":"https:\/\/secure.gravatar.com\/avatar\/ea820c84e212573cc3f119ba576278fe7ad07b69ed7ca0c33223662227bb77ca?s=96&d=mm&r=g","url":"https:\/\/secure.gravatar.com\/avatar\/ea820c84e212573cc3f119ba576278fe7ad07b69ed7ca0c33223662227bb77ca?s=96&d=mm&r=g","contentUrl":"https:\/\/secure.gravatar.com\/avatar\/ea820c84e212573cc3f119ba576278fe7ad07b69ed7ca0c33223662227bb77ca?s=96&d=mm&r=g","caption":"F\u00e1tima Azevedo"},"description":"Graduada em Ci\u00eancias Biol\u00f3gicas. Professora. Redatora grupo Sena Online.","sameAs":["https:\/\/www.linkedin.com\/in\/maria-de-f\u00e1tima-oliveira-da-costa-74a1692a7"],"url":"https:\/\/www.pensarcursos.com.br\/blog\/author\/fatima\/"}]}},"_links":{"self":[{"href":"https:\/\/www.pensarcursos.com.br\/blog\/wp-json\/wp\/v2\/posts\/141839","targetHints":{"allow":["GET"]}}],"collection":[{"href":"https:\/\/www.pensarcursos.com.br\/blog\/wp-json\/wp\/v2\/posts"}],"about":[{"href":"https:\/\/www.pensarcursos.com.br\/blog\/wp-json\/wp\/v2\/types\/post"}],"author":[{"embeddable":true,"href":"https:\/\/www.pensarcursos.com.br\/blog\/wp-json\/wp\/v2\/users\/41"}],"replies":[{"embeddable":true,"href":"https:\/\/www.pensarcursos.com.br\/blog\/wp-json\/wp\/v2\/comments?post=141839"}],"version-history":[{"count":0,"href":"https:\/\/www.pensarcursos.com.br\/blog\/wp-json\/wp\/v2\/posts\/141839\/revisions"}],"wp:featuredmedia":[{"embeddable":true,"href":"https:\/\/www.pensarcursos.com.br\/blog\/wp-json\/wp\/v2\/media\/141841"}],"wp:attachment":[{"href":"https:\/\/www.pensarcursos.com.br\/blog\/wp-json\/wp\/v2\/media?parent=141839"}],"wp:term":[{"taxonomy":"category","embeddable":true,"href":"https:\/\/www.pensarcursos.com.br\/blog\/wp-json\/wp\/v2\/categories?post=141839"},{"taxonomy":"post_tag","embeddable":true,"href":"https:\/\/www.pensarcursos.com.br\/blog\/wp-json\/wp\/v2\/tags?post=141839"}],"curies":[{"name":"wp","href":"https:\/\/api.w.org\/{rel}","templated":true}]}}