{"id":141815,"date":"2026-01-26T08:39:55","date_gmt":"2026-01-26T11:39:55","guid":{"rendered":"https:\/\/www.pensarcursos.com.br\/blog\/?p=141815"},"modified":"2026-01-25T12:13:08","modified_gmt":"2026-01-25T15:13:08","slug":"pe-de-meia-2026-nova-parcela-chega-com-novidades-para-estudantes-veja-se-o-valor-ja-caiu","status":"publish","type":"post","link":"https:\/\/www.pensarcursos.com.br\/blog\/pe-de-meia-2026-nova-parcela-chega-com-novidades-para-estudantes-veja-se-o-valor-ja-caiu\/","title":{"rendered":"P\u00e9-de-Meia 2026: nova parcela chega com novidades para estudantes; veja se o valor j\u00e1 caiu"},"content":{"rendered":"<p>Quem estuda em escola p\u00fablica e acompanha projetos de incentivo financeiro deve ser benefici\u00e1rio do <strong>P\u00e9-de-Meia<\/strong> ou j\u00e1 deve ter ouvido falar do programa.<\/p>\n<p>O calend\u00e1rio de pagamentos divulgado traz novidades que prometem chamar a aten\u00e7\u00e3o de milhares de estudantes do ensino m\u00e9dio.<\/p>\n<p>Al\u00e9m disso, os valores mais altos em algumas parcelas e requisitos espec\u00edficos para o b\u00f4nus do Exame Nacional do Ensino M\u00e9dio (Enem) s\u00e3o destaques para quem busca garantir o benef\u00edcio sem surpresas.<\/p>\n<h2>O que \u00e9 o P\u00e9-de-Meia 2026?<\/h2>\n<p>O\u00a0<strong><a href=\"https:\/\/www.pensarcursos.com.br\/blog\/quem-recebe-o-pe-de-meia-na-proxima-segunda-26-consulta-de-valores-foi-liberada\/\" target=\"_blank\" rel=\"noopener\">P\u00e9-de-Meia<\/a> <\/strong>\u00e9 um projeto do governo federal criado pela Lei n\u00ba 14.818\/2024. O objetivo \u00e9 manter jovens na escola, combatendo a evas\u00e3o escolar.<\/p>\n<p>O incentivo \u00e9 pago por meio de\u00a0<strong>dep\u00f3sitos em contas na CAIXA<\/strong>, concedendo ao estudante mais autonomia sobre seus gastos com educa\u00e7\u00e3o, transporte e alimenta\u00e7\u00e3o.<\/p>\n<p>Estudantes eleg\u00edveis podem acompanhar a situa\u00e7\u00e3o de pagamentos de modo r\u00e1pido pelo app\u00a0<strong>CAIXA Tem<\/strong>\u00a0ou pelos canais oficiais do programa.<\/p>\n<h2>Quem tem direito ao benef\u00edcio do P\u00e9-de-Meia?<\/h2>\n<p>Para ser beneficiado pelo P\u00e9-de-Meia, o aluno precisa cumprir alguns requisitos:<\/p>\n<ul>\n<li>Ter entre 14 e 24 anos e estar matriculado no ensino m\u00e9dio regular p\u00fablico.<\/li>\n<li>Estar cadastrado no Cad\u00danico, com renda per capita de at\u00e9 meio sal\u00e1rio m\u00ednimo.<\/li>\n<li>Manter frequ\u00eancia escolar m\u00ednima de 80%.<\/li>\n<li>Possuir CPF regular e dados corretos na escola e no Cad\u00danico.<\/li>\n<\/ul>\n<p>Se os dados do estudante estiverem inconsistentes, \u00e9 poss\u00edvel pedir atualiza\u00e7\u00e3o junto \u00e0 escola ou nos canais indicados pelo MEC.<\/p>\n<p>Essas informa\u00e7\u00f5es podem ser confirmadas no site do\u00a0<strong>P\u00e9-de-Meia<\/strong>\u00a0ou diretamente na plataforma do\u00a0<strong>Minist\u00e9rio da Educa\u00e7\u00e3o<\/strong>.<\/p>\n<h2>Como consultar se o valor j\u00e1 caiu na conta?<\/h2>\n<p>Os alunos podem acompanhar o pagamento das parcelas do P\u00e9-de-Meia de diferentes formas. O procedimento \u00e9 intuitivo e pode ser feito pelo celular:<\/p>\n<ol>\n<li>Acesse o\u00a0site de consulta do <a href=\"https:\/\/estudante.pedemeia.mec.gov.br\/\" target=\"_blank\" rel=\"noopener\">P\u00e9-de-Meia<\/a>.<\/li>\n<li>Fa\u00e7a login com seu CPF e senha da conta\u00a0<strong>Gov.br<\/strong>.<\/li>\n<li>No painel, verifique seus dados, a situa\u00e7\u00e3o da frequ\u00eancia e o status dos pagamentos.<\/li>\n<\/ol>\n<p>Manter o h\u00e1bito de acessar a plataforma ajuda a detectar problemas que podem impedir o saque. Caso encontre inconsist\u00eancias, procure a escola ou o CRAS do seu bairro para ajustes r\u00e1pidos.<\/p>\n<h2>P\u00e9-de-Meia 2026: novidades e valores das parcelas<\/h2>\n<p>Este ano, o\u00a0<strong>P\u00e9-de-Meia<\/strong>\u00a0chega com tr\u00eas principais surpresas:<\/p>\n<ul>\n<li><strong>Parcela anual de conclus\u00e3o de R$ 1.000<\/strong>: maior valor disponibilizado em parcela, dispon\u00edvel ap\u00f3s aprova\u00e7\u00e3o em cada ano do ensino m\u00e9dio.<\/li>\n<li><strong>B\u00f4nus Enem de R$ 200<\/strong>: somente para quem est\u00e1 no 3\u00ba ano e participou dos dois dias de prova do Enem.<\/li>\n<li><strong>Pagamento total de R$ 1.200<\/strong>\u00a0liberado em datas espec\u00edficas, de acordo com o m\u00eas de nascimento do estudante.<\/li>\n<\/ul>\n<h3>Calend\u00e1rio atualizado do P\u00e9-de-Meia 2026<\/h3>\n<table>\n<thead>\n<tr>\n<th>M\u00eas de Nascimento<\/th>\n<th>Data de Pagamento<\/th>\n<\/tr>\n<\/thead>\n<tbody>\n<tr>\n<td>Janeiro e Fevereiro<\/td>\n<td>26 de fevereiro de 2026<\/td>\n<\/tr>\n<tr>\n<td>Mar\u00e7o e Abril<\/td>\n<td>27 de fevereiro de 2026<\/td>\n<\/tr>\n<tr>\n<td>Maio e Junho<\/td>\n<td>2 de mar\u00e7o de 2026<\/td>\n<\/tr>\n<tr>\n<td>Julho e Agosto<\/td>\n<td>3 de mar\u00e7o de 2026<\/td>\n<\/tr>\n<tr>\n<td>Setembro e Outubro<\/td>\n<td>4 de mar\u00e7o de 2026<\/td>\n<\/tr>\n<tr>\n<td>Novembro e Dezembro<\/td>\n<td>5 de mar\u00e7o de 2026<\/td>\n<\/tr>\n<\/tbody>\n<\/table>\n<div>Portanto, de acordo com o calend\u00e1rio, os pagamentos come\u00e7ar\u00e3o a ser disponibilizados no dia 26 de fevereiro e, desta forma, <strong>ainda n\u00e3o ca\u00edram na conta.<\/strong><\/div>\n<figure id=\"attachment_141816\" aria-describedby=\"caption-attachment-141816\" style=\"width: 1200px\" class=\"wp-caption aligncenter\"><img decoding=\"async\" class=\"wp-image-141816 size-full\" src=\"https:\/\/www.pensarcursos.com.br\/blog\/wp-content\/uploads\/2026\/01\/Calendario-Pe-de-Meia-2026-2.webp\" alt=\"Jovem estudante sorridente com mochila amarela ao lado do logotipo do programa P\u00e9-de-Meia.\" width=\"1200\" height=\"800\" srcset=\"https:\/\/www.pensarcursos.com.br\/blog\/wp-content\/uploads\/2026\/01\/Calendario-Pe-de-Meia-2026-2.webp 1200w, https:\/\/www.pensarcursos.com.br\/blog\/wp-content\/uploads\/2026\/01\/Calendario-Pe-de-Meia-2026-2-300x200.webp 300w, https:\/\/www.pensarcursos.com.br\/blog\/wp-content\/uploads\/2026\/01\/Calendario-Pe-de-Meia-2026-2-1024x683.webp 1024w, https:\/\/www.pensarcursos.com.br\/blog\/wp-content\/uploads\/2026\/01\/Calendario-Pe-de-Meia-2026-2-768x512.webp 768w, https:\/\/www.pensarcursos.com.br\/blog\/wp-content\/uploads\/2026\/01\/Calendario-Pe-de-Meia-2026-2-750x500.webp 750w, https:\/\/www.pensarcursos.com.br\/blog\/wp-content\/uploads\/2026\/01\/Calendario-Pe-de-Meia-2026-2-1140x760.webp 1140w\" sizes=\"(max-width: 1200px) 100vw, 1200px\" \/><figcaption id=\"caption-attachment-141816\" class=\"wp-caption-text\">Novidades e valores das novas parcelas do P\u00e9-de-Meia 2026; saiba tudo. Imagem: Pensar Cursos<\/figcaption><\/figure>\n<h2>Como movimentar ou investir os valores recebidos?<\/h2>\n<p>Os pagamentos do<a href=\"https:\/\/www.pensarcursos.com.br\/blog\/nao-sabe-se-vai-receber-r-1-200-do-pe-de-meia-aprenda-a-consultar\/\" target=\"_blank\" rel=\"noopener\"> P\u00e9-de-Meia<\/a> s\u00e3o depositados em contas\u00a0<strong>Poupan\u00e7a CAIXA Tem<\/strong>, criadas automaticamente pelo banco.<\/p>\n<p>O estudante pode optar por manter os valores rendendo na poupan\u00e7a ou investir no Tesouro Selic, op\u00e7\u00e3o liberada para parcelas de conclus\u00e3o. Estudantes menores de idade precisam de autoriza\u00e7\u00e3o do respons\u00e1vel para movimentar ou investir.<\/p>\n<p>Durante o per\u00edodo de bloqueio, os valores n\u00e3o podem ser retirados. A libera\u00e7\u00e3o acontece somente ap\u00f3s confirma\u00e7\u00e3o da conclus\u00e3o do ensino m\u00e9dio pelo MEC.<\/p>\n<h2>O que fazer se o pagamento n\u00e3o foi liberado?<\/h2>\n<p>Ap\u00f3s a execu\u00e7\u00e3o do calend\u00e1rio, mesmo cumprindo todos os requisitos, alguns estudantes podem enfrentar bloqueios ou atrasos por inconsist\u00eancias cadastrais.<\/p>\n<p>Nesses casos, o estudante pode:<\/p>\n<ul>\n<li>Conferir no painel se existem pend\u00eancias de frequ\u00eancia ou dados pessoais.<\/li>\n<li>Atualizar o cadastro no Cad\u00danico ou junto \u00e0 secretaria da escola.<\/li>\n<li>Contatar canais como o 0800 616161 (MEC) ou o app CAIXA Tem para tirar d\u00favidas.<\/li>\n<\/ul>\n<p>Manter todos os dados corretos \u00e9 decisivo para garantir o recebimento regular do benef\u00edcio.<\/p>\n<h2>Regras do b\u00f4nus Enem: quem tem direito aos R$ 200?<\/h2>\n<p>O famoso incentivo Enem s\u00f3 \u00e9 pago a estudantes do 3\u00ba ano que fizeram ambos os dias da prova. O valor \u00e9 liberado em parcela \u00fanica ap\u00f3s o envio dos dados de participa\u00e7\u00e3o pelo INEP ao MEC.<\/p>\n<p>N\u00e3o \u00e9 necess\u00e1rio solicitar o incentivo, pois ele cai automaticamente se os crit\u00e9rios forem cumpridos.<\/p>\n<p>Para conferir mais sobre o programa, acesse a p\u00e1gina espec\u00edfica do P\u00e9-de-Meia no <a href=\"https:\/\/www.pensarcursos.com.br\/blog\/beneficios-sociais\/pe-de-meia\/\">Blog Pensar Cursos<\/a>.<\/p>\n<div class=\"jeg_video_container jeg_video_content\"><iframe title=\"R$ 9 MIL pra Estudar? Veja Como Aproveitar Esse Benef\u00edcio do Governo!\" width=\"500\" height=\"281\" src=\"https:\/\/www.youtube.com\/embed\/8BM18YSdSWE?feature=oembed\" frameborder=\"0\" allow=\"accelerometer; autoplay; clipboard-write; encrypted-media; gyroscope; picture-in-picture; web-share\" referrerpolicy=\"strict-origin-when-cross-origin\" allowfullscreen><\/iframe><\/div>\n","protected":false},"excerpt":{"rendered":"<p>Quem estuda em escola p\u00fablica e acompanha projetos de incentivo financeiro deve ser benefici\u00e1rio do P\u00e9-de-Meia ou j\u00e1 deve ter ouvido falar do programa. O calend\u00e1rio de pagamentos divulgado traz novidades que prometem chamar a aten\u00e7\u00e3o de milhares de estudantes do ensino m\u00e9dio. Al\u00e9m disso, os valores mais altos em algumas parcelas e requisitos espec\u00edficos [&hellip;]<\/p>\n","protected":false},"author":41,"featured_media":141817,"comment_status":"open","ping_status":"closed","sticky":false,"template":"","format":"standard","meta":{"jnews-multi-image_gallery":[],"jnews_single_post":{"format":"standard","override":[{"template":"1","parallax":"1","fullscreen":"1","layout":"right-sidebar","sidebar":"default-sidebar","second_sidebar":"default-sidebar","sticky_sidebar":"1","share_position":"topbottom","share_float_style":"share-monocrhome","show_featured":"1","show_post_meta":"1","show_post_author":"1","show_post_author_image":"1","show_post_date":"1","post_date_format":"default","post_date_format_custom":"Y\/m\/d","show_post_category":"1","post_reading_time_wpm":"300","post_calculate_word_method":"str_word_count","show_zoom_button":"0","zoom_button_out_step":"2","zoom_button_in_step":"3","show_post_tag":"1","show_prev_next_post":"1","show_popup_post":"1","show_comment_section":"1","number_popup_post":"2","show_author_box":"1","show_post_related":"1","show_inline_post_related":"1"}],"image_override":[{"single_post_thumbnail_size":"crop-500","single_post_gallery_size":"crop-500"}],"trending_post_position":"meta","trending_post_label":"Trending","sponsored_post_label":"Sponsored by","disable_ad":"0","subtitle":"P\u00e9-de-Meia 2026: calend\u00e1rio e valores atualizados para estudantes de escola p\u00fablica"},"jnews_primary_category":[],"jnews_social_meta":[],"jnews_override_counter":{"view_counter_number":"0","share_counter_number":"0","like_counter_number":"0","dislike_counter_number":"0"},"footnotes":""},"categories":[1657,17201],"tags":[37713,31923,36452],"class_list":["post-141815","post","type-post","status-publish","format-standard","has-post-thumbnail","hentry","category-beneficios-sociais","category-pe-de-meia","tag-calendario-bonus-enem","tag-pagamento-incentivo-conclusao","tag-pagamento-pe-de-meia-2026"],"yoast_head":"<!-- This site is optimized with the Yoast SEO Premium plugin v27.4 (Yoast SEO v27.4) - https:\/\/yoast.com\/product\/yoast-seo-premium-wordpress\/ -->\n<title>P\u00e9-de-Meia 2026: nova parcela chega com novidades para estudantes; veja se o valor j\u00e1 caiu - Blog Pensar Cursos<\/title>\n<meta name=\"description\" content=\"P\u00e9-de-Meia 2026: Veja novidades no calend\u00e1rio, valor da nova parcela, datas de pagamento e quem pode receber o incentivo. Consulte j\u00e1 seu benef\u00edcio.\" \/>\n<meta name=\"robots\" content=\"index, follow, max-snippet:-1, max-image-preview:large, max-video-preview:-1\" \/>\n<link rel=\"canonical\" href=\"https:\/\/www.pensarcursos.com.br\/blog\/pe-de-meia-2026-nova-parcela-chega-com-novidades-para-estudantes-veja-se-o-valor-ja-caiu\/\" \/>\n<meta property=\"og:locale\" content=\"pt_BR\" \/>\n<meta property=\"og:type\" content=\"article\" \/>\n<meta property=\"og:title\" content=\"P\u00e9-de-Meia 2026: nova parcela chega com novidades para estudantes; veja se o valor j\u00e1 caiu\" \/>\n<meta property=\"og:description\" content=\"P\u00e9-de-Meia 2026: Veja novidades no calend\u00e1rio, valor da nova parcela, datas de pagamento e quem pode receber o incentivo. Consulte j\u00e1 seu benef\u00edcio.\" \/>\n<meta property=\"og:url\" content=\"https:\/\/www.pensarcursos.com.br\/blog\/pe-de-meia-2026-nova-parcela-chega-com-novidades-para-estudantes-veja-se-o-valor-ja-caiu\/\" \/>\n<meta property=\"og:site_name\" content=\"Blog Pensar Cursos\" \/>\n<meta property=\"article:publisher\" content=\"https:\/\/www.facebook.com\/pensarcursos\/\" \/>\n<meta property=\"article:published_time\" content=\"2026-01-26T11:39:55+00:00\" \/>\n<meta property=\"og:image\" content=\"https:\/\/www.pensarcursos.com.br\/blog\/wp-content\/uploads\/2026\/01\/Pe-de-meia-Pagamento-Incentivo-Conclusao-1.png\" \/>\n\t<meta property=\"og:image:width\" content=\"1200\" \/>\n\t<meta property=\"og:image:height\" content=\"800\" \/>\n\t<meta property=\"og:image:type\" content=\"image\/png\" \/>\n<meta name=\"author\" content=\"F\u00e1tima Azevedo\" \/>\n<meta name=\"twitter:card\" content=\"summary_large_image\" \/>\n<meta name=\"twitter:label1\" content=\"Escrito por\" \/>\n\t<meta name=\"twitter:data1\" content=\"F\u00e1tima Azevedo\" \/>\n\t<meta name=\"twitter:label2\" content=\"Est. tempo de leitura\" \/>\n\t<meta name=\"twitter:data2\" content=\"5 minutos\" \/>\n<!-- \/ Yoast SEO Premium plugin. -->","yoast_head_json":{"title":"P\u00e9-de-Meia 2026: nova parcela chega com novidades para estudantes; veja se o valor j\u00e1 caiu - Blog Pensar Cursos","description":"P\u00e9-de-Meia 2026: Veja novidades no calend\u00e1rio, valor da nova parcela, datas de pagamento e quem pode receber o incentivo. Consulte j\u00e1 seu benef\u00edcio.","robots":{"index":"index","follow":"follow","max-snippet":"max-snippet:-1","max-image-preview":"max-image-preview:large","max-video-preview":"max-video-preview:-1"},"canonical":"https:\/\/www.pensarcursos.com.br\/blog\/pe-de-meia-2026-nova-parcela-chega-com-novidades-para-estudantes-veja-se-o-valor-ja-caiu\/","og_locale":"pt_BR","og_type":"article","og_title":"P\u00e9-de-Meia 2026: nova parcela chega com novidades para estudantes; veja se o valor j\u00e1 caiu","og_description":"P\u00e9-de-Meia 2026: Veja novidades no calend\u00e1rio, valor da nova parcela, datas de pagamento e quem pode receber o incentivo. Consulte j\u00e1 seu benef\u00edcio.","og_url":"https:\/\/www.pensarcursos.com.br\/blog\/pe-de-meia-2026-nova-parcela-chega-com-novidades-para-estudantes-veja-se-o-valor-ja-caiu\/","og_site_name":"Blog Pensar Cursos","article_publisher":"https:\/\/www.facebook.com\/pensarcursos\/","article_published_time":"2026-01-26T11:39:55+00:00","og_image":[{"width":1200,"height":800,"url":"https:\/\/www.pensarcursos.com.br\/blog\/wp-content\/uploads\/2026\/01\/Pe-de-meia-Pagamento-Incentivo-Conclusao-1.png","type":"image\/png"}],"author":"F\u00e1tima Azevedo","twitter_card":"summary_large_image","twitter_misc":{"Escrito por":"F\u00e1tima Azevedo","Est. tempo de leitura":"5 minutos"},"schema":{"@context":"https:\/\/schema.org","@graph":[{"@type":["Article","BlogPosting"],"@id":"https:\/\/www.pensarcursos.com.br\/blog\/pe-de-meia-2026-nova-parcela-chega-com-novidades-para-estudantes-veja-se-o-valor-ja-caiu\/#article","isPartOf":{"@id":"https:\/\/www.pensarcursos.com.br\/blog\/pe-de-meia-2026-nova-parcela-chega-com-novidades-para-estudantes-veja-se-o-valor-ja-caiu\/"},"author":{"name":"F\u00e1tima Azevedo","@id":"https:\/\/www.pensarcursos.com.br\/blog\/#\/schema\/person\/827343e4611913410dcf62144b5b2a2d"},"headline":"P\u00e9-de-Meia 2026: nova parcela chega com novidades para estudantes; veja se o valor j\u00e1 caiu","datePublished":"2026-01-26T11:39:55+00:00","mainEntityOfPage":{"@id":"https:\/\/www.pensarcursos.com.br\/blog\/pe-de-meia-2026-nova-parcela-chega-com-novidades-para-estudantes-veja-se-o-valor-ja-caiu\/"},"wordCount":859,"commentCount":0,"publisher":{"@id":"https:\/\/www.pensarcursos.com.br\/blog\/#organization"},"image":{"@id":"https:\/\/www.pensarcursos.com.br\/blog\/pe-de-meia-2026-nova-parcela-chega-com-novidades-para-estudantes-veja-se-o-valor-ja-caiu\/#primaryimage"},"thumbnailUrl":"https:\/\/www.pensarcursos.com.br\/blog\/wp-content\/uploads\/2026\/01\/Pe-de-meia-Pagamento-Incentivo-Conclusao-1.png","keywords":["calend\u00e1rio b\u00f4nus enem","pagamento incentivo conclus\u00e3o","pagamento p\u00e9 de meia 2026"],"articleSection":["Benef\u00edcios Sociais","P\u00e9-de-Meia"],"inLanguage":"pt-BR","potentialAction":[{"@type":"CommentAction","name":"Comment","target":["https:\/\/www.pensarcursos.com.br\/blog\/pe-de-meia-2026-nova-parcela-chega-com-novidades-para-estudantes-veja-se-o-valor-ja-caiu\/#respond"]}],"copyrightYear":"2026","copyrightHolder":{"@id":"https:\/\/www.pensarcursos.com.br\/blog\/#organization"}},{"@type":"WebPage","@id":"https:\/\/www.pensarcursos.com.br\/blog\/pe-de-meia-2026-nova-parcela-chega-com-novidades-para-estudantes-veja-se-o-valor-ja-caiu\/","url":"https:\/\/www.pensarcursos.com.br\/blog\/pe-de-meia-2026-nova-parcela-chega-com-novidades-para-estudantes-veja-se-o-valor-ja-caiu\/","name":"P\u00e9-de-Meia 2026: nova parcela chega com novidades para estudantes; veja se o valor j\u00e1 caiu - Blog Pensar Cursos","isPartOf":{"@id":"https:\/\/www.pensarcursos.com.br\/blog\/#website"},"primaryImageOfPage":{"@id":"https:\/\/www.pensarcursos.com.br\/blog\/pe-de-meia-2026-nova-parcela-chega-com-novidades-para-estudantes-veja-se-o-valor-ja-caiu\/#primaryimage"},"image":{"@id":"https:\/\/www.pensarcursos.com.br\/blog\/pe-de-meia-2026-nova-parcela-chega-com-novidades-para-estudantes-veja-se-o-valor-ja-caiu\/#primaryimage"},"thumbnailUrl":"https:\/\/www.pensarcursos.com.br\/blog\/wp-content\/uploads\/2026\/01\/Pe-de-meia-Pagamento-Incentivo-Conclusao-1.png","datePublished":"2026-01-26T11:39:55+00:00","description":"P\u00e9-de-Meia 2026: Veja novidades no calend\u00e1rio, valor da nova parcela, datas de pagamento e quem pode receber o incentivo. Consulte j\u00e1 seu benef\u00edcio.","breadcrumb":{"@id":"https:\/\/www.pensarcursos.com.br\/blog\/pe-de-meia-2026-nova-parcela-chega-com-novidades-para-estudantes-veja-se-o-valor-ja-caiu\/#breadcrumb"},"inLanguage":"pt-BR","potentialAction":[{"@type":"ReadAction","target":["https:\/\/www.pensarcursos.com.br\/blog\/pe-de-meia-2026-nova-parcela-chega-com-novidades-para-estudantes-veja-se-o-valor-ja-caiu\/"]}]},{"@type":"ImageObject","inLanguage":"pt-BR","@id":"https:\/\/www.pensarcursos.com.br\/blog\/pe-de-meia-2026-nova-parcela-chega-com-novidades-para-estudantes-veja-se-o-valor-ja-caiu\/#primaryimage","url":"https:\/\/www.pensarcursos.com.br\/blog\/wp-content\/uploads\/2026\/01\/Pe-de-meia-Pagamento-Incentivo-Conclusao-1.png","contentUrl":"https:\/\/www.pensarcursos.com.br\/blog\/wp-content\/uploads\/2026\/01\/Pe-de-meia-Pagamento-Incentivo-Conclusao-1.png","width":1200,"height":800,"caption":"Benefici\u00e1rios podem consultar se o valor j\u00e1 est\u00e1 dispon\u00edvel na conta digital da CAIXA. Imagem: Pensar Cursos"},{"@type":"BreadcrumbList","@id":"https:\/\/www.pensarcursos.com.br\/blog\/pe-de-meia-2026-nova-parcela-chega-com-novidades-para-estudantes-veja-se-o-valor-ja-caiu\/#breadcrumb","itemListElement":[{"@type":"ListItem","position":1,"name":"Home","item":"https:\/\/www.pensarcursos.com.br\/blog\/"},{"@type":"ListItem","position":2,"name":"P\u00e9-de-Meia 2026: nova parcela chega com novidades para estudantes; veja se o valor j\u00e1 caiu"}]},{"@type":"WebSite","@id":"https:\/\/www.pensarcursos.com.br\/blog\/#website","url":"https:\/\/www.pensarcursos.com.br\/blog\/","name":"Blog Pensar Cursos","description":"Maior Site de Cursos do Brasil","publisher":{"@id":"https:\/\/www.pensarcursos.com.br\/blog\/#organization"},"alternateName":"Blog Pensar","potentialAction":[{"@type":"SearchAction","target":{"@type":"EntryPoint","urlTemplate":"https:\/\/www.pensarcursos.com.br\/blog\/?s={search_term_string}"},"query-input":{"@type":"PropertyValueSpecification","valueRequired":true,"valueName":"search_term_string"}}],"inLanguage":"pt-BR"},{"@type":"Organization","@id":"https:\/\/www.pensarcursos.com.br\/blog\/#organization","name":"Pensar Cursos","alternateName":"Blog pensar","url":"https:\/\/www.pensarcursos.com.br\/blog\/","logo":{"@type":"ImageObject","inLanguage":"pt-BR","@id":"https:\/\/www.pensarcursos.com.br\/blog\/#\/schema\/logo\/image\/","url":"https:\/\/www.pensarcursos.com.br\/blog\/wp-content\/uploads\/2023\/11\/Nova-Logo-Pensar-Cursos-vertical.png","contentUrl":"https:\/\/www.pensarcursos.com.br\/blog\/wp-content\/uploads\/2023\/11\/Nova-Logo-Pensar-Cursos-vertical.png","width":1393,"height":1001,"caption":"Pensar Cursos"},"image":{"@id":"https:\/\/www.pensarcursos.com.br\/blog\/#\/schema\/logo\/image\/"},"sameAs":["https:\/\/www.facebook.com\/pensarcursos\/","https:\/\/instagram.com.br\/pensarcursos"],"description":"Pensar Cursos \u00e9 uma empresa especializada em oferecer cursos de alta qualidade voltados para o desenvolvimento profissional e acad\u00eamico. Com uma ampla gama de op\u00e7\u00f5es de treinamento, oferecemos conte\u00fados atualizados, ministrados por especialistas da \u00e1rea, para capacitar indiv\u00edduos e equipes a atingirem seus objetivos. Nossa miss\u00e3o \u00e9 proporcionar uma educa\u00e7\u00e3o transformadora, acess\u00edvel e personalizada para cada aluno, seja em cursos presenciais ou online. Com uma abordagem inovadora, buscamos adaptar os nossos programas de ensino \u00e0s necessidades do mercado, criando solu\u00e7\u00f5es que atendem aos desafios e exig\u00eancias do mundo corporativo e acad\u00eamico. Nossos cursos incluem desde forma\u00e7\u00f5es t\u00e9cnicas at\u00e9 habilidades essenciais, como lideran\u00e7a, gest\u00e3o e desenvolvimento pessoal.","email":"contato@pensarcursos.com.br","legalName":"Sena Servi\u00e7os de Informa\u00e7\u00e3o Online LTDA","foundingDate":"2013-04-18","vatID":"17956217000172","numberOfEmployees":{"@type":"QuantitativeValue","minValue":"11","maxValue":"50"},"publishingPrinciples":"https:\/\/www.pensarcursos.com.br\/blog\/principios-de-publicacao\/","ownershipFundingInfo":"https:\/\/www.pensarcursos.com.br\/blog\/informacoes-de-propriedade-financiamento\/","actionableFeedbackPolicy":"https:\/\/www.pensarcursos.com.br\/blog\/politica-de-feedback-acionavel\/","correctionsPolicy":"https:\/\/www.pensarcursos.com.br\/blog\/politica-de-correcoes\/","ethicsPolicy":"https:\/\/www.pensarcursos.com.br\/blog\/politica-de-etica\/"},{"@type":"Person","@id":"https:\/\/www.pensarcursos.com.br\/blog\/#\/schema\/person\/827343e4611913410dcf62144b5b2a2d","name":"F\u00e1tima Azevedo","image":{"@type":"ImageObject","inLanguage":"pt-BR","@id":"https:\/\/secure.gravatar.com\/avatar\/ea820c84e212573cc3f119ba576278fe7ad07b69ed7ca0c33223662227bb77ca?s=96&d=mm&r=g","url":"https:\/\/secure.gravatar.com\/avatar\/ea820c84e212573cc3f119ba576278fe7ad07b69ed7ca0c33223662227bb77ca?s=96&d=mm&r=g","contentUrl":"https:\/\/secure.gravatar.com\/avatar\/ea820c84e212573cc3f119ba576278fe7ad07b69ed7ca0c33223662227bb77ca?s=96&d=mm&r=g","caption":"F\u00e1tima Azevedo"},"description":"Graduada em Ci\u00eancias Biol\u00f3gicas. Professora. Redatora grupo Sena Online.","sameAs":["https:\/\/www.linkedin.com\/in\/maria-de-f\u00e1tima-oliveira-da-costa-74a1692a7"],"url":"https:\/\/www.pensarcursos.com.br\/blog\/author\/fatima\/"}]}},"_links":{"self":[{"href":"https:\/\/www.pensarcursos.com.br\/blog\/wp-json\/wp\/v2\/posts\/141815","targetHints":{"allow":["GET"]}}],"collection":[{"href":"https:\/\/www.pensarcursos.com.br\/blog\/wp-json\/wp\/v2\/posts"}],"about":[{"href":"https:\/\/www.pensarcursos.com.br\/blog\/wp-json\/wp\/v2\/types\/post"}],"author":[{"embeddable":true,"href":"https:\/\/www.pensarcursos.com.br\/blog\/wp-json\/wp\/v2\/users\/41"}],"replies":[{"embeddable":true,"href":"https:\/\/www.pensarcursos.com.br\/blog\/wp-json\/wp\/v2\/comments?post=141815"}],"version-history":[{"count":0,"href":"https:\/\/www.pensarcursos.com.br\/blog\/wp-json\/wp\/v2\/posts\/141815\/revisions"}],"wp:featuredmedia":[{"embeddable":true,"href":"https:\/\/www.pensarcursos.com.br\/blog\/wp-json\/wp\/v2\/media\/141817"}],"wp:attachment":[{"href":"https:\/\/www.pensarcursos.com.br\/blog\/wp-json\/wp\/v2\/media?parent=141815"}],"wp:term":[{"taxonomy":"category","embeddable":true,"href":"https:\/\/www.pensarcursos.com.br\/blog\/wp-json\/wp\/v2\/categories?post=141815"},{"taxonomy":"post_tag","embeddable":true,"href":"https:\/\/www.pensarcursos.com.br\/blog\/wp-json\/wp\/v2\/tags?post=141815"}],"curies":[{"name":"wp","href":"https:\/\/api.w.org\/{rel}","templated":true}]}}