{"id":141805,"date":"2026-01-25T21:39:48","date_gmt":"2026-01-26T00:39:48","guid":{"rendered":"https:\/\/www.pensarcursos.com.br\/blog\/?p=141805"},"modified":"2026-01-24T22:20:24","modified_gmt":"2026-01-25T01:20:24","slug":"pe-de-meia-2026-quanto-o-estudante-recebe-por-ano-veja-a-soma-das-parcelas-e-bonus","status":"publish","type":"post","link":"https:\/\/www.pensarcursos.com.br\/blog\/pe-de-meia-2026-quanto-o-estudante-recebe-por-ano-veja-a-soma-das-parcelas-e-bonus\/","title":{"rendered":"P\u00e9-de-Meia 2026: quanto o estudante recebe por ano? Veja a soma das parcelas e b\u00f4nus"},"content":{"rendered":"<p>O programa P\u00e9-de-Meia \u00e9 uma importante oportunidade para estudantes do ensino m\u00e9dio p\u00fablico. Com a proposta de ser uma esp\u00e9cie de poupan\u00e7a educativa, o P\u00e9-de-Meia busca apoiar quem est\u00e1 inscrito no Cad\u00danico (Cadastro \u00danico para Programas Sociais do Governo Federal), facilitando a perman\u00eancia escolar e a conclus\u00e3o dos estudos.<\/p>\n<p>Fique por dentro de quanto cada estudante recebe por ano, como os valores s\u00e3o pagos e qual o montante total que pode ser acumulado ao final dos tr\u00eas anos de ensino m\u00e9dio.<\/p>\n<h2>Como funciona o P\u00e9-de-Meia?<\/h2>\n<p>O <a href=\"https:\/\/www.pensarcursos.com.br\/blog\/nao-sabe-se-vai-receber-r-1-200-do-pe-de-meia-aprenda-a-consultar\/\" target=\"_blank\" rel=\"noopener\">P\u00e9-de-Meia<\/a> \u00e9 gerenciado pela Secretaria de Educa\u00e7\u00e3o B\u00e1sica, em parceria com \u00f3rg\u00e3os como Minist\u00e9rio da Fazenda, Minist\u00e9rio do Desenvolvimento Social, Caixa Econ\u00f4mica Federal e universidades federais. Estudantes regularmente matriculados na rede p\u00fablica de ensino m\u00e9dio, inclu\u00eddos no Cad\u00danico, s\u00e3o o p\u00fablico-alvo dos benef\u00edcios.<\/p>\n<p><strong>O incentivo financeiro \u00e9 pago diretamente ao estudante, permitindo o saque dos valores proporcionais durante o ano e deixando um montante reservado para retirada ap\u00f3s a formatura.<\/strong><\/p>\n<figure id=\"attachment_141808\" aria-describedby=\"caption-attachment-141808\" style=\"width: 1200px\" class=\"wp-caption alignnone\"><img decoding=\"async\" class=\"wp-image-141808 size-full\" src=\"https:\/\/www.pensarcursos.com.br\/blog\/wp-content\/uploads\/2026\/01\/como-funcions-o-pe-de-meia.webp\" alt=\"Jovem estudante de camiseta rosa e mochila amarela sorrindo e apontando para o logotipo do programa P\u00e9-de-Meia, com notas de 100 reais dispostas na base da imagem sobre um fundo azul.\" width=\"1200\" height=\"800\" srcset=\"https:\/\/www.pensarcursos.com.br\/blog\/wp-content\/uploads\/2026\/01\/como-funcions-o-pe-de-meia.webp 1200w, https:\/\/www.pensarcursos.com.br\/blog\/wp-content\/uploads\/2026\/01\/como-funcions-o-pe-de-meia-300x200.webp 300w, https:\/\/www.pensarcursos.com.br\/blog\/wp-content\/uploads\/2026\/01\/como-funcions-o-pe-de-meia-1024x683.webp 1024w, https:\/\/www.pensarcursos.com.br\/blog\/wp-content\/uploads\/2026\/01\/como-funcions-o-pe-de-meia-768x512.webp 768w, https:\/\/www.pensarcursos.com.br\/blog\/wp-content\/uploads\/2026\/01\/como-funcions-o-pe-de-meia-750x500.webp 750w, https:\/\/www.pensarcursos.com.br\/blog\/wp-content\/uploads\/2026\/01\/como-funcions-o-pe-de-meia-1140x760.webp 1140w\" sizes=\"(max-width: 1200px) 100vw, 1200px\" \/><figcaption id=\"caption-attachment-141808\" class=\"wp-caption-text\">Entenda as regras: o P\u00e9-de-Meia combina pagamentos mensais por frequ\u00eancia com uma poupan\u00e7a resgatada ap\u00f3s a conclus\u00e3o do ensino m\u00e9dio. Imagem: Pensar Cursos Blog<\/figcaption><\/figure>\n<h2>Valores, benef\u00edcios e soma das parcelas anuais<\/h2>\n<h3>Quais s\u00e3o os valores pagos ao estudante?<\/h3>\n<p>O estudante pode acumular diferentes parcelas ao longo do ano letivo. Veja os detalhes:<\/p>\n<ul>\n<li><strong>B\u00f4nus de matr\u00edcula:<\/strong> R$ 200, pago ao comprovar matr\u00edcula no in\u00edcio do ano.<\/li>\n<li><strong>Parcelas mensais pela frequ\u00eancia:<\/strong> R$ 150 por m\u00eas, de fevereiro a novembro, totalizando R$ 1.800 ao ano.<\/li>\n<li><strong>Incentivo de conclus\u00e3o anual:<\/strong> R$ 1.000, caso o estudante conclua o ano letivo.<\/li>\n<li><strong>B\u00f4nus extra no 3\u00ba ano:<\/strong> R$ 200 adicionais para participa\u00e7\u00e3o no ENEM.<\/li>\n<\/ul>\n<h3>Total recebido em cada ano<\/h3>\n<table>\n<thead>\n<tr>\n<th>Ano<\/th>\n<th>Parcelas Frequ\u00eancia<\/th>\n<th>Dep\u00f3sito Conclus\u00e3o<\/th>\n<th>B\u00f4nus Matr\u00edcula<\/th>\n<th>B\u00f4nus ENEM<\/th>\n<th>Total Anual<\/th>\n<\/tr>\n<\/thead>\n<tbody>\n<tr>\n<td>1\u00ba Ano<\/td>\n<td>R$ 1.800<\/td>\n<td>R$ 1.000<\/td>\n<td>R$ 200<\/td>\n<td>&#8211;<\/td>\n<td>R$ 3.000<\/td>\n<\/tr>\n<tr>\n<td>2\u00ba Ano<\/td>\n<td>R$ 1.800<\/td>\n<td>R$ 1.000<\/td>\n<td>R$ 200<\/td>\n<td>&#8211;<\/td>\n<td>R$ 3.000<\/td>\n<\/tr>\n<tr>\n<td>3\u00ba Ano<\/td>\n<td>R$ 1.800<\/td>\n<td>R$ 1.000<\/td>\n<td>R$ 200<\/td>\n<td>R$ 200<\/td>\n<td>R$ 3.200<\/td>\n<\/tr>\n<\/tbody>\n<tbody>\n<tr>\n<td colspan=\"5\"><strong>Total nos 3 anos:<\/strong><\/td>\n<td><strong>R$ 9.200<\/strong><\/td>\n<\/tr>\n<\/tbody>\n<\/table>\n<p>No total, um estudante pode acumular at\u00e9 R$ 9.200 ao final do ensino m\u00e9dio, considerando b\u00f4nus, parcelas e incentivo de conclus\u00e3o. Se houver atualiza\u00e7\u00e3o no valor mensal ou quantidade de parcelas, \u00e9 importante confirmar no<a href=\"https:\/\/www.gov.br\/mec\/pt-br\/pe-de-meia\" target=\"_blank\" rel=\"noopener\"> site oficial do P\u00e9-de-Meia<\/a>.<\/p>\n<h2>Quem pode participar do P\u00e9-de-Meia?<\/h2>\n<h3>Principais requisitos para receber o benef\u00edcio<\/h3>\n<ul>\n<li>Estar regularmente matriculado no ensino m\u00e9dio p\u00fablico.<\/li>\n<li>Ter registro ativo no <a href=\"https:\/\/www.pensarcursos.com.br\/blog\/pe-de-meia-veja-o-passo-a-passo-para-atualizar-cadunico-2026-e-garantir-pagamentos-mensais-de-r-200\/\" target=\"_blank\" rel=\"noopener\">Cad\u00danico.<\/a><\/li>\n<li>Manter frequ\u00eancia escolar m\u00ednima conforme regras do MEC.<\/li>\n<li>Realizar matr\u00edcula no in\u00edcio do ano letivo.<\/li>\n<li>No 3\u00ba ano: participar do ENEM para obter o b\u00f4nus extra.<\/li>\n<\/ul>\n<p><strong>As redes p\u00fablicas federais, estaduais, distrital e municipais s\u00e3o respons\u00e1veis por enviar as informa\u00e7\u00f5es dos estudantes para o Minist\u00e9rio da Educa\u00e7\u00e3o.<\/strong> Ap\u00f3s validar os dados, os pagamentos s\u00e3o processados via Caixa Econ\u00f4mica Federal, em conta aberta automaticamente para o aluno benefici\u00e1rio.<\/p>\n<h2>Quando e como o estudante recebe os valores?<\/h2>\n<p>O estudante pode sacar as parcelas mensais de frequ\u00eancia e o b\u00f4nus de matr\u00edcula ao longo do ano. J\u00e1 os dep\u00f3sitos anuais de conclus\u00e3o ficam reservados, s\u00f3 podendo ser sacados ao final do ensino m\u00e9dio. O b\u00f4nus do ENEM tamb\u00e9m integra essa reserva do terceiro ano. Os pagamentos s\u00e3o feitos de acordo com o cronograma informado pelo MEC.<\/p>\n<p>Para o ano de 2026, as datas de pagamentos do incentivo-frequ\u00eancia ainda n\u00e3o foram divulgadas, mas ainda existem pagamentos referentes ao ano de 2025 para serem quitados que referem-se aos valores do incentivo Enem e conclus\u00e3o (para os concluintes de 2025).<\/p>\n<table>\n<thead>\n<tr>\n<th>M\u00eas de Nascimento<\/th>\n<th>Pagamento<\/th>\n<\/tr>\n<\/thead>\n<tbody>\n<tr>\n<td>Janeiro e Fevereiro<\/td>\n<td>26 de fevereiro<\/td>\n<\/tr>\n<tr>\n<td>Mar\u00e7o e Abril<\/td>\n<td>27 de fevereiro<\/td>\n<\/tr>\n<tr>\n<td>Maio e Junho<\/td>\n<td>2 de mar\u00e7o<\/td>\n<\/tr>\n<tr>\n<td>Julho e Agosto<\/td>\n<td>3 de mar\u00e7o<\/td>\n<\/tr>\n<tr>\n<td>Setembro e Outubro<\/td>\n<td>4 de mar\u00e7o<\/td>\n<\/tr>\n<tr>\n<td>Novembro e Dezembro<\/td>\n<td>5 de mar\u00e7o<\/td>\n<\/tr>\n<\/tbody>\n<\/table>\n<h2>O que fazer se n\u00e3o se qualificar para o P\u00e9-de-Meia?<\/h2>\n<p>Se o jovem n\u00e3o est\u00e1 no Cad\u00danico ou perdeu alguma etapa, pode procurar o CRAS (Centro de Refer\u00eancia de Assist\u00eancia Social) para atualiza\u00e7\u00e3o cadastral. Para quem n\u00e3o se enquadra nas regras, existem outros aux\u00edlios estaduais e municipais; vale buscar informa\u00e7\u00f5es com a secretaria da escola ou diretamente nas redes de ensino locais.<\/p>\n<p>Para continuar acompanhando as principais atualiza\u00e7\u00f5es sobre benef\u00edcios sociais, educa\u00e7\u00e3o e carreira, n\u00e3o deixe de conferir os conte\u00fados exclusivos no blog da <b><a href=\"https:\/\/www.pensarcursos.com.br\/blog\/\" target=\"_blank\" rel=\"noopener\">Pensar Cursos<\/a><\/b>.<\/p>\n<p>Para mais informa\u00e7\u00f5es sobre os valores do P\u00e9-de-Meia, veja o v\u00eddeo a seguir:<\/p>\n<div class=\"jeg_video_container jeg_video_content\"><iframe title=\"R$ 9 MIL pra Estudar? Veja Como Aproveitar Esse Benef\u00edcio do Governo!\" width=\"500\" height=\"281\" src=\"https:\/\/www.youtube.com\/embed\/8BM18YSdSWE?feature=oembed\" frameborder=\"0\" allow=\"accelerometer; autoplay; clipboard-write; encrypted-media; gyroscope; picture-in-picture; web-share\" referrerpolicy=\"strict-origin-when-cross-origin\" allowfullscreen><\/iframe><\/div>\n","protected":false},"excerpt":{"rendered":"<p>O programa P\u00e9-de-Meia \u00e9 uma importante oportunidade para estudantes do ensino m\u00e9dio p\u00fablico. Com a proposta de ser uma esp\u00e9cie de poupan\u00e7a educativa, o P\u00e9-de-Meia busca apoiar quem est\u00e1 inscrito no Cad\u00danico (Cadastro \u00danico para Programas Sociais do Governo Federal), facilitando a perman\u00eancia escolar e a conclus\u00e3o dos estudos. Fique por dentro de quanto cada [&hellip;]<\/p>\n","protected":false},"author":48,"featured_media":141807,"comment_status":"open","ping_status":"closed","sticky":false,"template":"","format":"standard","meta":{"jnews-multi-image_gallery":[],"jnews_single_post":{"format":"standard","override":[{"template":"1","parallax":"1","fullscreen":"1","layout":"right-sidebar","sidebar":"default-sidebar","second_sidebar":"default-sidebar","sticky_sidebar":"1","share_position":"topbottom","share_float_style":"share-monocrhome","show_featured":"1","show_post_meta":"1","show_post_author":"1","show_post_author_image":"1","show_post_date":"1","post_date_format":"default","post_date_format_custom":"Y\/m\/d","show_post_category":"1","post_reading_time_wpm":"300","post_calculate_word_method":"str_word_count","show_zoom_button":"0","zoom_button_out_step":"2","zoom_button_in_step":"3","show_post_tag":"1","show_prev_next_post":"1","show_popup_post":"1","show_comment_section":"1","number_popup_post":"2","show_author_box":"1","show_post_related":"1","show_inline_post_related":"1"}],"image_override":[{"single_post_thumbnail_size":"crop-500","single_post_gallery_size":"crop-500"}],"trending_post_position":"meta","trending_post_label":"Trending","sponsored_post_label":"Sponsored by","disable_ad":"0","subtitle":"Entenda as principais informa\u00e7\u00f5es sobre o P\u00e9-de-Meia."},"jnews_primary_category":[],"jnews_social_meta":[],"jnews_override_counter":{"view_counter_number":"0","share_counter_number":"0","like_counter_number":"0","dislike_counter_number":"0"},"footnotes":""},"categories":[17201],"tags":[17214,17216,28726],"class_list":["post-141805","post","type-post","status-publish","format-standard","has-post-thumbnail","hentry","category-pe-de-meia","tag-calendario-pe-de-meia","tag-pagamento-pe-de-meia","tag-valores-pe-de-meia"],"yoast_head":"<!-- This site is optimized with the Yoast SEO Premium plugin v27.4 (Yoast SEO v27.4) - https:\/\/yoast.com\/product\/yoast-seo-premium-wordpress\/ -->\n<title>P\u00e9-de-Meia 2026: quanto o estudante recebe por ano? Veja a soma das parcelas e b\u00f4nus - Blog Pensar Cursos<\/title>\n<meta name=\"description\" content=\"Descubra quanto o estudante ganha por ano no P\u00e9-de-Meia 2026, como funciona a soma das parcelas, b\u00f4nus e crit\u00e9rios do benef\u00edcio educacional.\" \/>\n<meta name=\"robots\" content=\"index, follow, max-snippet:-1, max-image-preview:large, max-video-preview:-1\" \/>\n<link rel=\"canonical\" href=\"https:\/\/www.pensarcursos.com.br\/blog\/pe-de-meia-2026-quanto-o-estudante-recebe-por-ano-veja-a-soma-das-parcelas-e-bonus\/\" \/>\n<meta property=\"og:locale\" content=\"pt_BR\" \/>\n<meta property=\"og:type\" content=\"article\" \/>\n<meta property=\"og:title\" content=\"P\u00e9-de-Meia 2026: quanto o estudante recebe por ano? Veja a soma das parcelas e b\u00f4nus\" \/>\n<meta property=\"og:description\" content=\"Descubra quanto o estudante ganha por ano no P\u00e9-de-Meia 2026, como funciona a soma das parcelas, b\u00f4nus e crit\u00e9rios do benef\u00edcio educacional.\" \/>\n<meta property=\"og:url\" content=\"https:\/\/www.pensarcursos.com.br\/blog\/pe-de-meia-2026-quanto-o-estudante-recebe-por-ano-veja-a-soma-das-parcelas-e-bonus\/\" \/>\n<meta property=\"og:site_name\" content=\"Blog Pensar Cursos\" \/>\n<meta property=\"article:publisher\" content=\"https:\/\/www.facebook.com\/pensarcursos\/\" \/>\n<meta property=\"article:published_time\" content=\"2026-01-26T00:39:48+00:00\" \/>\n<meta property=\"og:image\" content=\"https:\/\/www.pensarcursos.com.br\/blog\/wp-content\/uploads\/2026\/01\/valores-do-pe-de-meia.webp\" \/>\n\t<meta property=\"og:image:width\" content=\"1200\" \/>\n\t<meta property=\"og:image:height\" content=\"800\" \/>\n\t<meta property=\"og:image:type\" content=\"image\/webp\" \/>\n<meta name=\"author\" content=\"Isabelli Ferreira\" \/>\n<meta name=\"twitter:card\" content=\"summary_large_image\" \/>\n<meta name=\"twitter:label1\" content=\"Escrito por\" \/>\n\t<meta name=\"twitter:data1\" content=\"Isabelli Ferreira\" \/>\n\t<meta name=\"twitter:label2\" content=\"Est. tempo de leitura\" \/>\n\t<meta name=\"twitter:data2\" content=\"5 minutos\" \/>\n<!-- \/ Yoast SEO Premium plugin. -->","yoast_head_json":{"title":"P\u00e9-de-Meia 2026: quanto o estudante recebe por ano? Veja a soma das parcelas e b\u00f4nus - Blog Pensar Cursos","description":"Descubra quanto o estudante ganha por ano no P\u00e9-de-Meia 2026, como funciona a soma das parcelas, b\u00f4nus e crit\u00e9rios do benef\u00edcio educacional.","robots":{"index":"index","follow":"follow","max-snippet":"max-snippet:-1","max-image-preview":"max-image-preview:large","max-video-preview":"max-video-preview:-1"},"canonical":"https:\/\/www.pensarcursos.com.br\/blog\/pe-de-meia-2026-quanto-o-estudante-recebe-por-ano-veja-a-soma-das-parcelas-e-bonus\/","og_locale":"pt_BR","og_type":"article","og_title":"P\u00e9-de-Meia 2026: quanto o estudante recebe por ano? Veja a soma das parcelas e b\u00f4nus","og_description":"Descubra quanto o estudante ganha por ano no P\u00e9-de-Meia 2026, como funciona a soma das parcelas, b\u00f4nus e crit\u00e9rios do benef\u00edcio educacional.","og_url":"https:\/\/www.pensarcursos.com.br\/blog\/pe-de-meia-2026-quanto-o-estudante-recebe-por-ano-veja-a-soma-das-parcelas-e-bonus\/","og_site_name":"Blog Pensar Cursos","article_publisher":"https:\/\/www.facebook.com\/pensarcursos\/","article_published_time":"2026-01-26T00:39:48+00:00","og_image":[{"width":1200,"height":800,"url":"https:\/\/www.pensarcursos.com.br\/blog\/wp-content\/uploads\/2026\/01\/valores-do-pe-de-meia.webp","type":"image\/webp"}],"author":"Isabelli Ferreira","twitter_card":"summary_large_image","twitter_misc":{"Escrito por":"Isabelli Ferreira","Est. tempo de leitura":"5 minutos"},"schema":{"@context":"https:\/\/schema.org","@graph":[{"@type":["Article","BlogPosting"],"@id":"https:\/\/www.pensarcursos.com.br\/blog\/pe-de-meia-2026-quanto-o-estudante-recebe-por-ano-veja-a-soma-das-parcelas-e-bonus\/#article","isPartOf":{"@id":"https:\/\/www.pensarcursos.com.br\/blog\/pe-de-meia-2026-quanto-o-estudante-recebe-por-ano-veja-a-soma-das-parcelas-e-bonus\/"},"author":{"name":"Isabelli Ferreira","@id":"https:\/\/www.pensarcursos.com.br\/blog\/#\/schema\/person\/e387ba49ed4a778962271648452528c2"},"headline":"P\u00e9-de-Meia 2026: quanto o estudante recebe por ano? Veja a soma das parcelas e b\u00f4nus","datePublished":"2026-01-26T00:39:48+00:00","mainEntityOfPage":{"@id":"https:\/\/www.pensarcursos.com.br\/blog\/pe-de-meia-2026-quanto-o-estudante-recebe-por-ano-veja-a-soma-das-parcelas-e-bonus\/"},"wordCount":802,"commentCount":0,"publisher":{"@id":"https:\/\/www.pensarcursos.com.br\/blog\/#organization"},"image":{"@id":"https:\/\/www.pensarcursos.com.br\/blog\/pe-de-meia-2026-quanto-o-estudante-recebe-por-ano-veja-a-soma-das-parcelas-e-bonus\/#primaryimage"},"thumbnailUrl":"https:\/\/www.pensarcursos.com.br\/blog\/wp-content\/uploads\/2026\/01\/valores-do-pe-de-meia.webp","keywords":["calendario pe de meia","pagamento pe de meia","valores p\u00e9-de-meia"],"articleSection":["P\u00e9-de-Meia"],"inLanguage":"pt-BR","potentialAction":[{"@type":"CommentAction","name":"Comment","target":["https:\/\/www.pensarcursos.com.br\/blog\/pe-de-meia-2026-quanto-o-estudante-recebe-por-ano-veja-a-soma-das-parcelas-e-bonus\/#respond"]}],"copyrightYear":"2026","copyrightHolder":{"@id":"https:\/\/www.pensarcursos.com.br\/blog\/#organization"}},{"@type":"WebPage","@id":"https:\/\/www.pensarcursos.com.br\/blog\/pe-de-meia-2026-quanto-o-estudante-recebe-por-ano-veja-a-soma-das-parcelas-e-bonus\/","url":"https:\/\/www.pensarcursos.com.br\/blog\/pe-de-meia-2026-quanto-o-estudante-recebe-por-ano-veja-a-soma-das-parcelas-e-bonus\/","name":"P\u00e9-de-Meia 2026: quanto o estudante recebe por ano? Veja a soma das parcelas e b\u00f4nus - Blog Pensar Cursos","isPartOf":{"@id":"https:\/\/www.pensarcursos.com.br\/blog\/#website"},"primaryImageOfPage":{"@id":"https:\/\/www.pensarcursos.com.br\/blog\/pe-de-meia-2026-quanto-o-estudante-recebe-por-ano-veja-a-soma-das-parcelas-e-bonus\/#primaryimage"},"image":{"@id":"https:\/\/www.pensarcursos.com.br\/blog\/pe-de-meia-2026-quanto-o-estudante-recebe-por-ano-veja-a-soma-das-parcelas-e-bonus\/#primaryimage"},"thumbnailUrl":"https:\/\/www.pensarcursos.com.br\/blog\/wp-content\/uploads\/2026\/01\/valores-do-pe-de-meia.webp","datePublished":"2026-01-26T00:39:48+00:00","description":"Descubra quanto o estudante ganha por ano no P\u00e9-de-Meia 2026, como funciona a soma das parcelas, b\u00f4nus e crit\u00e9rios do benef\u00edcio educacional.","breadcrumb":{"@id":"https:\/\/www.pensarcursos.com.br\/blog\/pe-de-meia-2026-quanto-o-estudante-recebe-por-ano-veja-a-soma-das-parcelas-e-bonus\/#breadcrumb"},"inLanguage":"pt-BR","potentialAction":[{"@type":"ReadAction","target":["https:\/\/www.pensarcursos.com.br\/blog\/pe-de-meia-2026-quanto-o-estudante-recebe-por-ano-veja-a-soma-das-parcelas-e-bonus\/"]}]},{"@type":"ImageObject","inLanguage":"pt-BR","@id":"https:\/\/www.pensarcursos.com.br\/blog\/pe-de-meia-2026-quanto-o-estudante-recebe-por-ano-veja-a-soma-das-parcelas-e-bonus\/#primaryimage","url":"https:\/\/www.pensarcursos.com.br\/blog\/wp-content\/uploads\/2026\/01\/valores-do-pe-de-meia.webp","contentUrl":"https:\/\/www.pensarcursos.com.br\/blog\/wp-content\/uploads\/2026\/01\/valores-do-pe-de-meia.webp","width":1200,"height":800,"caption":"Planejamento financeiro escolar: entenda como a soma das parcelas mensais e os b\u00f4nus anuais comp\u00f5em o saldo total do P\u00e9-de-Meia em 2026. Imagem: Pensar Cursos Blog"},{"@type":"BreadcrumbList","@id":"https:\/\/www.pensarcursos.com.br\/blog\/pe-de-meia-2026-quanto-o-estudante-recebe-por-ano-veja-a-soma-das-parcelas-e-bonus\/#breadcrumb","itemListElement":[{"@type":"ListItem","position":1,"name":"Home","item":"https:\/\/www.pensarcursos.com.br\/blog\/"},{"@type":"ListItem","position":2,"name":"P\u00e9-de-Meia 2026: quanto o estudante recebe por ano? Veja a soma das parcelas e b\u00f4nus"}]},{"@type":"WebSite","@id":"https:\/\/www.pensarcursos.com.br\/blog\/#website","url":"https:\/\/www.pensarcursos.com.br\/blog\/","name":"Blog Pensar Cursos","description":"Maior Site de Cursos do Brasil","publisher":{"@id":"https:\/\/www.pensarcursos.com.br\/blog\/#organization"},"alternateName":"Blog Pensar","potentialAction":[{"@type":"SearchAction","target":{"@type":"EntryPoint","urlTemplate":"https:\/\/www.pensarcursos.com.br\/blog\/?s={search_term_string}"},"query-input":{"@type":"PropertyValueSpecification","valueRequired":true,"valueName":"search_term_string"}}],"inLanguage":"pt-BR"},{"@type":"Organization","@id":"https:\/\/www.pensarcursos.com.br\/blog\/#organization","name":"Pensar Cursos","alternateName":"Blog pensar","url":"https:\/\/www.pensarcursos.com.br\/blog\/","logo":{"@type":"ImageObject","inLanguage":"pt-BR","@id":"https:\/\/www.pensarcursos.com.br\/blog\/#\/schema\/logo\/image\/","url":"https:\/\/www.pensarcursos.com.br\/blog\/wp-content\/uploads\/2023\/11\/Nova-Logo-Pensar-Cursos-vertical.png","contentUrl":"https:\/\/www.pensarcursos.com.br\/blog\/wp-content\/uploads\/2023\/11\/Nova-Logo-Pensar-Cursos-vertical.png","width":1393,"height":1001,"caption":"Pensar Cursos"},"image":{"@id":"https:\/\/www.pensarcursos.com.br\/blog\/#\/schema\/logo\/image\/"},"sameAs":["https:\/\/www.facebook.com\/pensarcursos\/","https:\/\/instagram.com.br\/pensarcursos"],"description":"Pensar Cursos \u00e9 uma empresa especializada em oferecer cursos de alta qualidade voltados para o desenvolvimento profissional e acad\u00eamico. Com uma ampla gama de op\u00e7\u00f5es de treinamento, oferecemos conte\u00fados atualizados, ministrados por especialistas da \u00e1rea, para capacitar indiv\u00edduos e equipes a atingirem seus objetivos. Nossa miss\u00e3o \u00e9 proporcionar uma educa\u00e7\u00e3o transformadora, acess\u00edvel e personalizada para cada aluno, seja em cursos presenciais ou online. Com uma abordagem inovadora, buscamos adaptar os nossos programas de ensino \u00e0s necessidades do mercado, criando solu\u00e7\u00f5es que atendem aos desafios e exig\u00eancias do mundo corporativo e acad\u00eamico. Nossos cursos incluem desde forma\u00e7\u00f5es t\u00e9cnicas at\u00e9 habilidades essenciais, como lideran\u00e7a, gest\u00e3o e desenvolvimento pessoal.","email":"contato@pensarcursos.com.br","legalName":"Sena Servi\u00e7os de Informa\u00e7\u00e3o Online LTDA","foundingDate":"2013-04-18","vatID":"17956217000172","numberOfEmployees":{"@type":"QuantitativeValue","minValue":"11","maxValue":"50"},"publishingPrinciples":"https:\/\/www.pensarcursos.com.br\/blog\/principios-de-publicacao\/","ownershipFundingInfo":"https:\/\/www.pensarcursos.com.br\/blog\/informacoes-de-propriedade-financiamento\/","actionableFeedbackPolicy":"https:\/\/www.pensarcursos.com.br\/blog\/politica-de-feedback-acionavel\/","correctionsPolicy":"https:\/\/www.pensarcursos.com.br\/blog\/politica-de-correcoes\/","ethicsPolicy":"https:\/\/www.pensarcursos.com.br\/blog\/politica-de-etica\/"},{"@type":"Person","@id":"https:\/\/www.pensarcursos.com.br\/blog\/#\/schema\/person\/e387ba49ed4a778962271648452528c2","name":"Isabelli Ferreira","image":{"@type":"ImageObject","inLanguage":"pt-BR","@id":"https:\/\/secure.gravatar.com\/avatar\/8b3b203e0769d83b87c611279890be042a5e5060500e577af59e9930f6f93d0a?s=96&d=mm&r=g","url":"https:\/\/secure.gravatar.com\/avatar\/8b3b203e0769d83b87c611279890be042a5e5060500e577af59e9930f6f93d0a?s=96&d=mm&r=g","contentUrl":"https:\/\/secure.gravatar.com\/avatar\/8b3b203e0769d83b87c611279890be042a5e5060500e577af59e9930f6f93d0a?s=96&d=mm&r=g","caption":"Isabelli Ferreira"},"description":"Graduada em LETRAS Vern\u00e1culas pela Universidade do Estado da Bahia (UNEB). Redatora grupo Sena Online.","sameAs":["https:\/\/www.linkedin.com\/in\/isabelli-pires-7b8778314"],"url":"https:\/\/www.pensarcursos.com.br\/blog\/author\/isabelli\/"}]}},"_links":{"self":[{"href":"https:\/\/www.pensarcursos.com.br\/blog\/wp-json\/wp\/v2\/posts\/141805","targetHints":{"allow":["GET"]}}],"collection":[{"href":"https:\/\/www.pensarcursos.com.br\/blog\/wp-json\/wp\/v2\/posts"}],"about":[{"href":"https:\/\/www.pensarcursos.com.br\/blog\/wp-json\/wp\/v2\/types\/post"}],"author":[{"embeddable":true,"href":"https:\/\/www.pensarcursos.com.br\/blog\/wp-json\/wp\/v2\/users\/48"}],"replies":[{"embeddable":true,"href":"https:\/\/www.pensarcursos.com.br\/blog\/wp-json\/wp\/v2\/comments?post=141805"}],"version-history":[{"count":0,"href":"https:\/\/www.pensarcursos.com.br\/blog\/wp-json\/wp\/v2\/posts\/141805\/revisions"}],"wp:featuredmedia":[{"embeddable":true,"href":"https:\/\/www.pensarcursos.com.br\/blog\/wp-json\/wp\/v2\/media\/141807"}],"wp:attachment":[{"href":"https:\/\/www.pensarcursos.com.br\/blog\/wp-json\/wp\/v2\/media?parent=141805"}],"wp:term":[{"taxonomy":"category","embeddable":true,"href":"https:\/\/www.pensarcursos.com.br\/blog\/wp-json\/wp\/v2\/categories?post=141805"},{"taxonomy":"post_tag","embeddable":true,"href":"https:\/\/www.pensarcursos.com.br\/blog\/wp-json\/wp\/v2\/tags?post=141805"}],"curies":[{"name":"wp","href":"https:\/\/api.w.org\/{rel}","templated":true}]}}