{"id":141792,"date":"2026-01-25T20:39:03","date_gmt":"2026-01-25T23:39:03","guid":{"rendered":"https:\/\/www.pensarcursos.com.br\/blog\/?p=141792"},"modified":"2026-01-24T19:33:16","modified_gmt":"2026-01-24T22:33:16","slug":"saiu-edital-secretaria-de-educacao-abre-processos-seletivos-com-quase-3-000-vagas-inscricoes-comecam-nesta-segunda-26","status":"publish","type":"post","link":"https:\/\/www.pensarcursos.com.br\/blog\/saiu-edital-secretaria-de-educacao-abre-processos-seletivos-com-quase-3-000-vagas-inscricoes-comecam-nesta-segunda-26\/","title":{"rendered":"SAIU EDITAL! Secretaria de Educa\u00e7\u00e3o abre processos seletivos com quase 3.000 vagas &#8211; Inscri\u00e7\u00f5es come\u00e7am nesta segunda (26)"},"content":{"rendered":"<p>Novas oportunidades para voc\u00ea! Foram publicados tr\u00eas <strong>novos processos seletivos da Secretaria de Educa\u00e7\u00e3o<\/strong> que, juntos, somam quase 3 mil vagas para contrata\u00e7\u00e3o tempor\u00e1ria. As oportunidades abrangem os n\u00edveis m\u00e9dio e superior. A sele\u00e7\u00e3o ser\u00e1 realizada por meio de prova objetiva, e o per\u00edodo de inscri\u00e7\u00f5es tem in\u00edcio nesta segunda-feira, 26 de janeiro de 2026.<\/p>\n<p>As vagas s\u00e3o destinadas a diversas fun\u00e7\u00f5es, incluindo \u00e1reas administrativas, de sa\u00fade e de engenharia. Saiba mais detalhes abaixo!<\/p>\n<h2>Detalhes sobre os processos seletivos<\/h2>\n<p>Os <a href=\"https:\/\/www.pensarcursos.com.br\/blog\/2-concursos-com-salarios-de-ate-r-99-mil-encerram-inscricoes-neste-domingo-25\/\">processos seletivos<\/a> visam preencher o quadro de pessoal em diversas unidades da rede estadual. As vagas est\u00e3o distribu\u00eddas em tr\u00eas editais distintos, cada um focado em um perfil profissional espec\u00edfico: T\u00e9cnico Administrativo, Professor Orientador de Est\u00e1gio em Sa\u00fade e T\u00e9cnico de N\u00edvel Superior. A sele\u00e7\u00e3o busca atender \u00e0 necessidade de servi\u00e7o tempor\u00e1rio e excepcional da rede de ensino.<\/p>\n<h2>Cargos e vagas<\/h2>\n<p>A distribui\u00e7\u00e3o das vagas entre os cargos \u00e9 a seguinte:<\/p>\n<ul>\n<li><strong>T\u00e9cnico Administrativo em N\u00edvel M\u00e9dio:<\/strong>\u00a02.500 vagas<\/li>\n<li><strong>Professor Orientador de Est\u00e1gio em Sa\u00fade:<\/strong>\u00a0228 vagas, distribu\u00eddas entre:\n<ul>\n<li>Enfermagem: 222 vagas<\/li>\n<li>Radiologia: 6 vagas<\/li>\n<\/ul>\n<\/li>\n<li><strong>T\u00e9cnico de N\u00edvel Superior:<\/strong>\u00a049 vagas, distribu\u00eddas entre as seguintes \u00e1reas:\n<ul>\n<li>Administra\u00e7\u00e3o: 15 vagas<\/li>\n<li>Arquitetura: 5 vagas<\/li>\n<li>Ci\u00eancias Cont\u00e1beis: 10 vagas<\/li>\n<li>Engenharia Civil: 8 vagas<\/li>\n<li>Engenharia Civil &#8211; Especialista em Estruturas: 2 vagas<\/li>\n<li>Engenharia Civil &#8211; Especialista em Hidr\u00e1ulica: 2 vagas<\/li>\n<li>Engenharia de Agrimensura: 1 vaga<\/li>\n<li>Engenharia El\u00e9trica: 6 vagas<\/li>\n<\/ul>\n<\/li>\n<\/ul>\n<h2>Requisitos para participar dos processos seletivos<\/h2>\n<p>Os candidatos devem atender a requisitos gerais e espec\u00edficos para cada fun\u00e7\u00e3o.<\/p>\n<h3>Requisitos gerais<\/h3>\n<p>Entre as exig\u00eancias comuns a todos os cargos est\u00e3o:<\/p>\n<ul>\n<li>Ser brasileiro nato ou naturalizado;<\/li>\n<li>Ter idade m\u00ednima de 18 anos;<\/li>\n<li>Estar em dia com as obriga\u00e7\u00f5es eleitorais e militares (para candidatos do sexo masculino);<\/li>\n<li>Possuir aptid\u00e3o f\u00edsica e mental para o exerc\u00edcio das atribui\u00e7\u00f5es;<\/li>\n<li>N\u00e3o possuir antecedentes criminais.<\/li>\n<\/ul>\n<h3>Requisitos espec\u00edficos por cargo<\/h3>\n<ul>\n<li><strong>T\u00e9cnico Administrativo:<\/strong>\u00a0Certificado de conclus\u00e3o do Ensino M\u00e9dio ou de forma\u00e7\u00e3o t\u00e9cnica profissionalizante de n\u00edvel m\u00e9dio.<\/li>\n<li><strong>Professor Orientador de Est\u00e1gio (Enfermagem):<\/strong>\u00a0Diploma de conclus\u00e3o de curso superior em Enfermagem.<\/li>\n<li><strong>Professor Orientador de Est\u00e1gio (Radiologia):<\/strong>\u00a0Diploma de conclus\u00e3o de curso de Tecn\u00f3logo em Radiologia.<\/li>\n<li><strong>T\u00e9cnico de N\u00edvel Superior:<\/strong>\u00a0Diploma de conclus\u00e3o de curso superior na \u00e1rea de atua\u00e7\u00e3o pretendida. Para as fun\u00e7\u00f5es de Engenheiro Civil Especialista, \u00e9 exigido tamb\u00e9m o curso de especializa\u00e7\u00e3o correspondente.<\/li>\n<\/ul>\n<h2>Remunera\u00e7\u00e3o e carga hor\u00e1ria<\/h2>\n<p>A remunera\u00e7\u00e3o total dos processos seletivos da <a href=\"https:\/\/www.ba.gov.br\/educacao\/\" target=\"_blank\" rel=\"noopener\">Secretaria de Educa\u00e7\u00e3o do Estado da Bahia<\/a> (SEC BA) varia conforme o cargo e a carga hor\u00e1ria de trabalho. Al\u00e9m do vencimento, os valores incluem uma Gratifica\u00e7\u00e3o de Fun\u00e7\u00e3o Tempor\u00e1ria. Confira:<\/p>\n<table>\n<tbody>\n<tr>\n<th>Cargo<\/th>\n<td>T\u00e9cnico Administrativo em N\u00edvel M\u00e9dio<\/td>\n<\/tr>\n<tr>\n<th>Remunera\u00e7\u00e3o Total<\/th>\n<td>R$ 3.017,34<\/td>\n<\/tr>\n<tr>\n<th>Carga Hor\u00e1ria Semanal<\/th>\n<td>40 horas<\/td>\n<\/tr>\n<\/tbody>\n<\/table>\n<table>\n<tbody>\n<tr>\n<th>Cargo<\/th>\n<td>Professor Orientador de Est\u00e1gio em Sa\u00fade (Enfermagem e Radiologia)<\/td>\n<\/tr>\n<tr>\n<th>Remunera\u00e7\u00e3o Total<\/th>\n<td>R$ 3.256,70<\/td>\n<\/tr>\n<tr>\n<th>Carga Hor\u00e1ria Semanal<\/th>\n<td>20 horas<\/td>\n<\/tr>\n<\/tbody>\n<\/table>\n<table>\n<tbody>\n<tr>\n<th>Cargo<\/th>\n<td>T\u00e9cnico de N\u00edvel Superior (Administra\u00e7\u00e3o e Ci\u00eancias Cont\u00e1beis)<\/td>\n<\/tr>\n<tr>\n<th>Remunera\u00e7\u00e3o Total<\/th>\n<td>R$ 3.626,54<\/td>\n<\/tr>\n<tr>\n<th>Carga Hor\u00e1ria Semanal<\/th>\n<td>40 horas<\/td>\n<\/tr>\n<\/tbody>\n<\/table>\n<table>\n<tbody>\n<tr>\n<th>Cargo<\/th>\n<td>T\u00e9cnico de N\u00edvel Superior (Arquitetura e Engenharias)<\/td>\n<\/tr>\n<tr>\n<th>Remunera\u00e7\u00e3o Total<\/th>\n<td>R$ 7.530,75<\/td>\n<\/tr>\n<tr>\n<th>Carga Hor\u00e1ria Semanal<\/th>\n<td>40 horas<\/td>\n<\/tr>\n<\/tbody>\n<\/table>\n<p>Para os cargos com 40 horas, haver\u00e1 acr\u00e9scimo de aux\u00edlio transporte e alimenta\u00e7\u00e3o por dia \u00fatil trabalhado. Para todos os cargos, ser\u00e1 oferecida, de forma facultativa, a assist\u00eancia m\u00e9dica do Estado para o titular, mediante contribui\u00e7\u00e3o mensal.<\/p>\n<figure id=\"attachment_141798\" aria-describedby=\"caption-attachment-141798\" style=\"width: 1200px\" class=\"wp-caption aligncenter\"><img decoding=\"async\" class=\"wp-image-141798 size-full\" src=\"https:\/\/www.pensarcursos.com.br\/blog\/wp-content\/uploads\/2026\/01\/processos-seletivos-bahia.webp\" alt=\"Imagem ilustrativa de tr\u00eas processos seletivos com candidatos em uma sala de entrevista. Inscri\u00e7\u00f5es abrem nesta segunda-feira, 26.\" width=\"1200\" height=\"800\" srcset=\"https:\/\/www.pensarcursos.com.br\/blog\/wp-content\/uploads\/2026\/01\/processos-seletivos-bahia.webp 1200w, https:\/\/www.pensarcursos.com.br\/blog\/wp-content\/uploads\/2026\/01\/processos-seletivos-bahia-300x200.webp 300w, https:\/\/www.pensarcursos.com.br\/blog\/wp-content\/uploads\/2026\/01\/processos-seletivos-bahia-1024x683.webp 1024w, https:\/\/www.pensarcursos.com.br\/blog\/wp-content\/uploads\/2026\/01\/processos-seletivos-bahia-768x512.webp 768w, https:\/\/www.pensarcursos.com.br\/blog\/wp-content\/uploads\/2026\/01\/processos-seletivos-bahia-750x500.webp 750w, https:\/\/www.pensarcursos.com.br\/blog\/wp-content\/uploads\/2026\/01\/processos-seletivos-bahia-1140x760.webp 1140w\" sizes=\"(max-width: 1200px) 100vw, 1200px\" \/><figcaption id=\"caption-attachment-141798\" class=\"wp-caption-text\">As inscri\u00e7\u00f5es para os tr\u00eas processos seletivos come\u00e7am nesta segunda-feira, 26. Veja como participar! Imagem: Pensar Cursos<\/figcaption><\/figure>\n<h2>Inscri\u00e7\u00f5es dos processos seletivos<\/h2>\n<p>As inscri\u00e7\u00f5es para os processos seletivos da <strong>Secretaria de Educa\u00e7\u00e3o do Estado da Bahia<\/strong>, devem ser realizadas exclusivamente pela internet, no site do <a href=\"https:\/\/ibfc.selecao.net.br\/informacoes\/490\/\" target=\"_blank\" rel=\"noopener\">IBFC<\/a>. O per\u00edodo para se inscrever vai das 10h desta segunda-feira, 26 de janeiro de 2026 at\u00e9 as 23h do dia 23 de fevereiro de 2026.<\/p>\n<p>Os valores das taxas de inscri\u00e7\u00e3o s\u00e3o:<\/p>\n<ul>\n<li><strong>R$ 90,00<\/strong>\u00a0para o cargo de T\u00e9cnico Administrativo (N\u00edvel M\u00e9dio).<\/li>\n<li><strong>R$ 110,00<\/strong>\u00a0para os cargos de Professor Orientador e T\u00e9cnico de N\u00edvel Superior.<\/li>\n<\/ul>\n<p>Os candidatos inscritos no Cadastro \u00danico para Programas Sociais do Governo Federal (Cad\u00danico) e que sejam membros de fam\u00edlia de baixa renda poder\u00e3o solicitar a isen\u00e7\u00e3o do pagamento da taxa de inscri\u00e7\u00e3o entre os dias 26 e 28 de janeiro de 2026.<\/p>\n<h2>Processo seletivo- Etapas<\/h2>\n<p>A sele\u00e7\u00e3o dos candidatos ser\u00e1 realizada em uma \u00fanica etapa, composta por uma Prova Objetiva de car\u00e1ter eliminat\u00f3rio e classificat\u00f3rio. A prova est\u00e1 marcada para o dia 29 de mar\u00e7o de 2026.<\/p>\n<p>A avalia\u00e7\u00e3o ser\u00e1 composta por 50 quest\u00f5es de m\u00faltipla escolha, divididas em 20 de Conhecimentos Gerais e 30 de Conhecimentos Espec\u00edficos. Para ser aprovado, o candidato dever\u00e1 obter nota igual ou superior a 40 pontos, o que equivale a 50% do total da prova.<\/p>\n<h3>Locais de prova<\/h3>\n<p>As provas ser\u00e3o aplicadas em 27 cidades do estado da Bahia: Alagoinhas, Amargosa, Barreiras, Bom Jesus da Lapa, Caetit\u00e9, Eun\u00e1polis, Feira de Santana, Ipir\u00e1, Irec\u00ea, Itaberaba, Itabuna, Itapetinga, Jacobina, Jequi\u00e9, Juazeiro, Maca\u00fabas, Paulo Afonso, Ribeira do Pombal, Salvador, Santa Maria da Vit\u00f3ria, Santo Ant\u00f4nio de Jesus, Seabra, Senhor do Bonfim, Serrinha, Teixeira de Freitas, Valen\u00e7a e Vit\u00f3ria da Conquista.<\/p>\n<h2>Validade dos processos seletivos<\/h2>\n<p>O prazo de validade dos <a href=\"https:\/\/www.pensarcursos.com.br\/blog\/2-concursos-publicos-abrem-inscricoes-nesta-quarta-feira-21-salarios-de-ate-r-76-mil\/\">processos seletivos<\/a> ser\u00e1 de dois anos, contados a partir da data de publica\u00e7\u00e3o da homologa\u00e7\u00e3o do resultado final. Este prazo poder\u00e1 ser prorrogado uma \u00fanica vez, por igual per\u00edodo, a crit\u00e9rio da Secretaria da Educa\u00e7\u00e3o do Estado da Bahia.<\/p>\n<h2>Resumo dos processos seletivos da Secretaria da Educa\u00e7\u00e3o do Estado da Bahia<\/h2>\n<table>\n<tbody>\n<tr>\n<th>Status<\/th>\n<td>Editais publicados<\/td>\n<\/tr>\n<tr>\n<th>Banca organizadora<\/th>\n<td>Instituto Brasileiro de Forma\u00e7\u00e3o e Capacita\u00e7\u00e3o (IBFC)<\/td>\n<\/tr>\n<tr>\n<th>Cargas<\/th>\n<td>T\u00e9cnico Administrativo, Professor Orientador e T\u00e9cnico de N\u00edvel Superior<\/td>\n<\/tr>\n<tr>\n<th>Escolaridade<\/th>\n<td>N\u00edveis M\u00e9dio e Superior<\/td>\n<\/tr>\n<tr>\n<th>Vagas<\/th>\n<td>2.777<\/td>\n<\/tr>\n<tr>\n<th>Remunera\u00e7\u00e3o<\/th>\n<td>De R$ 3.017,34 a R$ 7.530,75<\/td>\n<\/tr>\n<tr>\n<th>Carga Hor\u00e1ria<\/th>\n<td>20 ou 40 horas semanais<\/td>\n<\/tr>\n<tr>\n<th>Per\u00edodo de Inscri\u00e7\u00e3o<\/th>\n<td>26\/01\/2026 a 23\/02\/2026<\/td>\n<\/tr>\n<tr>\n<th>Taxa de Inscri\u00e7\u00e3o<\/th>\n<td>R$ 90,00 e R$ 110,00<\/td>\n<\/tr>\n<tr>\n<th>Data da Prova<\/th>\n<td>29\/03\/2026<\/td>\n<\/tr>\n<tr>\n<th>Editais<\/th>\n<td>Edital<a href=\"https:\/\/www.pensarcursos.com.br\/blog\/wp-content\/uploads\/2026\/01\/EDITAL-SEC-SUDEPE-N\u00b0-002.pdf\" target=\"_blank\" rel=\"noopener\"> SEC\/SUDEPE N\u00ba 002\/2026<\/a>,\u00a0Edital <a href=\"https:\/\/www.pensarcursos.com.br\/blog\/wp-content\/uploads\/2026\/01\/EDITAL-SEC-SUDEPE-N\u00b0-03.pdf\" target=\"_blank\" rel=\"noopener\">SEC\/SUDEPE N\u00ba 03\/2026<\/a>\u00a0e\u00a0Edital <a href=\"https:\/\/www.pensarcursos.com.br\/blog\/wp-content\/uploads\/2026\/01\/EDITAL-SEC-SUDEPE-N\u00b0-004.pdf\" target=\"_blank\" rel=\"noopener\">SEC\/SUDEPE N\u00ba 004\/2026<\/a><\/td>\n<\/tr>\n<\/tbody>\n<\/table>\n<p>N\u00e3o deixe de conferir outras oportunidades como essa no portal do <a href=\"https:\/\/www.pensarcursos.com.br\/blog\" target=\"_blank\" rel=\"noopener\">Pensar Cursos<\/a>.<\/p>\n<p>Confira essas dicas:<\/p>\n<div class=\"jeg_video_container jeg_video_content\"><iframe title=\"Como come\u00e7ar a estudar pra concurso de n\u00edvel m\u00e9dio em 2026? Guia completo do zero\" width=\"500\" height=\"281\" src=\"https:\/\/www.youtube.com\/embed\/f5E3hwXslF0?feature=oembed\" frameborder=\"0\" allow=\"accelerometer; autoplay; clipboard-write; encrypted-media; gyroscope; picture-in-picture; web-share\" referrerpolicy=\"strict-origin-when-cross-origin\" allowfullscreen><\/iframe><\/div>\n","protected":false},"excerpt":{"rendered":"<p>Novas oportunidades para voc\u00ea! Foram publicados tr\u00eas novos processos seletivos da Secretaria de Educa\u00e7\u00e3o que, juntos, somam quase 3 mil vagas para contrata\u00e7\u00e3o tempor\u00e1ria. As oportunidades abrangem os n\u00edveis m\u00e9dio e superior. A sele\u00e7\u00e3o ser\u00e1 realizada por meio de prova objetiva, e o per\u00edodo de inscri\u00e7\u00f5es tem in\u00edcio nesta segunda-feira, 26 de janeiro de 2026. [&hellip;]<\/p>\n","protected":false},"author":54,"featured_media":141800,"comment_status":"open","ping_status":"closed","sticky":false,"template":"","format":"standard","meta":{"jnews-multi-image_gallery":[],"jnews_single_post":{"subtitle":"As inscri\u00e7\u00f5es podem ser realizadas at\u00e9 o dia 23 de fevereiro. Saiba como!","format":"standard","override":[{"template":"1","parallax":"1","fullscreen":"1","layout":"right-sidebar","sidebar":"default-sidebar","second_sidebar":"default-sidebar","sticky_sidebar":"1","share_position":"topbottom","share_float_style":"share-monocrhome","show_featured":"1","show_post_meta":"1","show_post_author":"1","show_post_author_image":"1","show_post_date":"1","post_date_format":"default","post_date_format_custom":"Y\/m\/d","show_post_category":"1","post_reading_time_wpm":"300","post_calculate_word_method":"str_word_count","show_zoom_button":"0","zoom_button_out_step":"2","zoom_button_in_step":"3","show_post_tag":"1","show_prev_next_post":"1","show_popup_post":"1","show_comment_section":"1","number_popup_post":"2","show_author_box":"1","show_post_related":"1","show_inline_post_related":"1"}],"image_override":[{"single_post_thumbnail_size":"crop-500","single_post_gallery_size":"crop-500"}],"trending_post_position":"meta","trending_post_label":"Trending","sponsored_post_label":"Sponsored by","disable_ad":"0"},"jnews_primary_category":[],"jnews_social_meta":[],"jnews_override_counter":{"view_counter_number":"0","share_counter_number":"0","like_counter_number":"0","dislike_counter_number":"0"},"footnotes":""},"categories":[29],"tags":[37707,37708,37709],"class_list":["post-141792","post","type-post","status-publish","format-standard","has-post-thumbnail","hentry","category-concursos","tag-processos-seletivos-bahia","tag-processos-seletivos-sec-ba","tag-secretaria-de-educacao-da-bahia"],"yoast_head":"<!-- This site is optimized with the Yoast SEO Premium plugin v27.4 (Yoast SEO v27.4) - https:\/\/yoast.com\/product\/yoast-seo-premium-wordpress\/ -->\n<title>SAIU EDITAL! Secretaria de Educa\u00e7\u00e3o abre processos seletivos com quase 3.000 vagas - Inscri\u00e7\u00f5es come\u00e7am nesta segunda (26) - Blog Pensar Cursos<\/title>\n<meta name=\"description\" content=\"A Secretaria da Educa\u00e7\u00e3o da Bahia (SEC-BA) lan\u00e7ou 3 editais para processos seletivos. Inscri\u00e7\u00f5es abertas nesta segunda-feira (26)!\" \/>\n<meta name=\"robots\" content=\"index, follow, max-snippet:-1, max-image-preview:large, max-video-preview:-1\" \/>\n<link rel=\"canonical\" href=\"https:\/\/www.pensarcursos.com.br\/blog\/saiu-edital-secretaria-de-educacao-abre-processos-seletivos-com-quase-3-000-vagas-inscricoes-comecam-nesta-segunda-26\/\" \/>\n<meta property=\"og:locale\" content=\"pt_BR\" \/>\n<meta property=\"og:type\" content=\"article\" \/>\n<meta property=\"og:title\" content=\"SAIU EDITAL! Secretaria de Educa\u00e7\u00e3o abre processos seletivos com quase 3.000 vagas - Inscri\u00e7\u00f5es come\u00e7am nesta segunda (26)\" \/>\n<meta property=\"og:description\" content=\"A Secretaria da Educa\u00e7\u00e3o da Bahia (SEC-BA) lan\u00e7ou 3 editais para processos seletivos. Inscri\u00e7\u00f5es abertas nesta segunda-feira (26)!\" \/>\n<meta property=\"og:url\" content=\"https:\/\/www.pensarcursos.com.br\/blog\/saiu-edital-secretaria-de-educacao-abre-processos-seletivos-com-quase-3-000-vagas-inscricoes-comecam-nesta-segunda-26\/\" \/>\n<meta property=\"og:site_name\" content=\"Blog Pensar Cursos\" \/>\n<meta property=\"article:publisher\" content=\"https:\/\/www.facebook.com\/pensarcursos\/\" \/>\n<meta property=\"article:published_time\" content=\"2026-01-25T23:39:03+00:00\" \/>\n<meta property=\"og:image\" content=\"https:\/\/www.pensarcursos.com.br\/blog\/wp-content\/uploads\/2026\/01\/processos-seletivos-sec-ba.webp\" \/>\n\t<meta property=\"og:image:width\" content=\"1200\" \/>\n\t<meta property=\"og:image:height\" content=\"800\" \/>\n\t<meta property=\"og:image:type\" content=\"image\/webp\" \/>\n<meta name=\"author\" content=\"Quezia Andrade\" \/>\n<meta name=\"twitter:card\" content=\"summary_large_image\" \/>\n<meta name=\"twitter:label1\" content=\"Escrito por\" \/>\n\t<meta name=\"twitter:data1\" content=\"Quezia Andrade\" \/>\n\t<meta name=\"twitter:label2\" content=\"Est. tempo de leitura\" \/>\n\t<meta name=\"twitter:data2\" content=\"6 minutos\" \/>\n<!-- \/ Yoast SEO Premium plugin. -->","yoast_head_json":{"title":"SAIU EDITAL! Secretaria de Educa\u00e7\u00e3o abre processos seletivos com quase 3.000 vagas - Inscri\u00e7\u00f5es come\u00e7am nesta segunda (26) - Blog Pensar Cursos","description":"A Secretaria da Educa\u00e7\u00e3o da Bahia (SEC-BA) lan\u00e7ou 3 editais para processos seletivos. Inscri\u00e7\u00f5es abertas nesta segunda-feira (26)!","robots":{"index":"index","follow":"follow","max-snippet":"max-snippet:-1","max-image-preview":"max-image-preview:large","max-video-preview":"max-video-preview:-1"},"canonical":"https:\/\/www.pensarcursos.com.br\/blog\/saiu-edital-secretaria-de-educacao-abre-processos-seletivos-com-quase-3-000-vagas-inscricoes-comecam-nesta-segunda-26\/","og_locale":"pt_BR","og_type":"article","og_title":"SAIU EDITAL! Secretaria de Educa\u00e7\u00e3o abre processos seletivos com quase 3.000 vagas - Inscri\u00e7\u00f5es come\u00e7am nesta segunda (26)","og_description":"A Secretaria da Educa\u00e7\u00e3o da Bahia (SEC-BA) lan\u00e7ou 3 editais para processos seletivos. Inscri\u00e7\u00f5es abertas nesta segunda-feira (26)!","og_url":"https:\/\/www.pensarcursos.com.br\/blog\/saiu-edital-secretaria-de-educacao-abre-processos-seletivos-com-quase-3-000-vagas-inscricoes-comecam-nesta-segunda-26\/","og_site_name":"Blog Pensar Cursos","article_publisher":"https:\/\/www.facebook.com\/pensarcursos\/","article_published_time":"2026-01-25T23:39:03+00:00","og_image":[{"width":1200,"height":800,"url":"https:\/\/www.pensarcursos.com.br\/blog\/wp-content\/uploads\/2026\/01\/processos-seletivos-sec-ba.webp","type":"image\/webp"}],"author":"Quezia Andrade","twitter_card":"summary_large_image","twitter_misc":{"Escrito por":"Quezia Andrade","Est. tempo de leitura":"6 minutos"},"schema":{"@context":"https:\/\/schema.org","@graph":[{"@type":["Article","BlogPosting"],"@id":"https:\/\/www.pensarcursos.com.br\/blog\/saiu-edital-secretaria-de-educacao-abre-processos-seletivos-com-quase-3-000-vagas-inscricoes-comecam-nesta-segunda-26\/#article","isPartOf":{"@id":"https:\/\/www.pensarcursos.com.br\/blog\/saiu-edital-secretaria-de-educacao-abre-processos-seletivos-com-quase-3-000-vagas-inscricoes-comecam-nesta-segunda-26\/"},"author":{"name":"Quezia Andrade","@id":"https:\/\/www.pensarcursos.com.br\/blog\/#\/schema\/person\/28714c166fa847c28e0ba3e4d47c1033"},"headline":"SAIU EDITAL! Secretaria de Educa\u00e7\u00e3o abre processos seletivos com quase 3.000 vagas &#8211; Inscri\u00e7\u00f5es come\u00e7am nesta segunda (26)","datePublished":"2026-01-25T23:39:03+00:00","mainEntityOfPage":{"@id":"https:\/\/www.pensarcursos.com.br\/blog\/saiu-edital-secretaria-de-educacao-abre-processos-seletivos-com-quase-3-000-vagas-inscricoes-comecam-nesta-segunda-26\/"},"wordCount":1089,"commentCount":0,"publisher":{"@id":"https:\/\/www.pensarcursos.com.br\/blog\/#organization"},"image":{"@id":"https:\/\/www.pensarcursos.com.br\/blog\/saiu-edital-secretaria-de-educacao-abre-processos-seletivos-com-quase-3-000-vagas-inscricoes-comecam-nesta-segunda-26\/#primaryimage"},"thumbnailUrl":"https:\/\/www.pensarcursos.com.br\/blog\/wp-content\/uploads\/2026\/01\/processos-seletivos-sec-ba.webp","keywords":["processos seletivos bahia","processos seletivos sec ba","secretaria de educa\u00e7\u00e3o da bahia"],"articleSection":["Concursos P\u00fablicos"],"inLanguage":"pt-BR","potentialAction":[{"@type":"CommentAction","name":"Comment","target":["https:\/\/www.pensarcursos.com.br\/blog\/saiu-edital-secretaria-de-educacao-abre-processos-seletivos-com-quase-3-000-vagas-inscricoes-comecam-nesta-segunda-26\/#respond"]}],"copyrightYear":"2026","copyrightHolder":{"@id":"https:\/\/www.pensarcursos.com.br\/blog\/#organization"}},{"@type":"WebPage","@id":"https:\/\/www.pensarcursos.com.br\/blog\/saiu-edital-secretaria-de-educacao-abre-processos-seletivos-com-quase-3-000-vagas-inscricoes-comecam-nesta-segunda-26\/","url":"https:\/\/www.pensarcursos.com.br\/blog\/saiu-edital-secretaria-de-educacao-abre-processos-seletivos-com-quase-3-000-vagas-inscricoes-comecam-nesta-segunda-26\/","name":"SAIU EDITAL! Secretaria de Educa\u00e7\u00e3o abre processos seletivos com quase 3.000 vagas - Inscri\u00e7\u00f5es come\u00e7am nesta segunda (26) - Blog Pensar Cursos","isPartOf":{"@id":"https:\/\/www.pensarcursos.com.br\/blog\/#website"},"primaryImageOfPage":{"@id":"https:\/\/www.pensarcursos.com.br\/blog\/saiu-edital-secretaria-de-educacao-abre-processos-seletivos-com-quase-3-000-vagas-inscricoes-comecam-nesta-segunda-26\/#primaryimage"},"image":{"@id":"https:\/\/www.pensarcursos.com.br\/blog\/saiu-edital-secretaria-de-educacao-abre-processos-seletivos-com-quase-3-000-vagas-inscricoes-comecam-nesta-segunda-26\/#primaryimage"},"thumbnailUrl":"https:\/\/www.pensarcursos.com.br\/blog\/wp-content\/uploads\/2026\/01\/processos-seletivos-sec-ba.webp","datePublished":"2026-01-25T23:39:03+00:00","description":"A Secretaria da Educa\u00e7\u00e3o da Bahia (SEC-BA) lan\u00e7ou 3 editais para processos seletivos. Inscri\u00e7\u00f5es abertas nesta segunda-feira (26)!","breadcrumb":{"@id":"https:\/\/www.pensarcursos.com.br\/blog\/saiu-edital-secretaria-de-educacao-abre-processos-seletivos-com-quase-3-000-vagas-inscricoes-comecam-nesta-segunda-26\/#breadcrumb"},"inLanguage":"pt-BR","potentialAction":[{"@type":"ReadAction","target":["https:\/\/www.pensarcursos.com.br\/blog\/saiu-edital-secretaria-de-educacao-abre-processos-seletivos-com-quase-3-000-vagas-inscricoes-comecam-nesta-segunda-26\/"]}]},{"@type":"ImageObject","inLanguage":"pt-BR","@id":"https:\/\/www.pensarcursos.com.br\/blog\/saiu-edital-secretaria-de-educacao-abre-processos-seletivos-com-quase-3-000-vagas-inscricoes-comecam-nesta-segunda-26\/#primaryimage","url":"https:\/\/www.pensarcursos.com.br\/blog\/wp-content\/uploads\/2026\/01\/processos-seletivos-sec-ba.webp","contentUrl":"https:\/\/www.pensarcursos.com.br\/blog\/wp-content\/uploads\/2026\/01\/processos-seletivos-sec-ba.webp","width":1200,"height":800,"caption":"Confira as novas oportunidades de processos seletivos com quase 3.000 vagas abertas pela Secretaria de Educa\u00e7\u00e3o. Inscri\u00e7\u00f5es come\u00e7am nesta segunda-feira (26). Imagem: Pensar Cursos"},{"@type":"BreadcrumbList","@id":"https:\/\/www.pensarcursos.com.br\/blog\/saiu-edital-secretaria-de-educacao-abre-processos-seletivos-com-quase-3-000-vagas-inscricoes-comecam-nesta-segunda-26\/#breadcrumb","itemListElement":[{"@type":"ListItem","position":1,"name":"Home","item":"https:\/\/www.pensarcursos.com.br\/blog\/"},{"@type":"ListItem","position":2,"name":"SAIU EDITAL! Secretaria de Educa\u00e7\u00e3o abre processos seletivos com quase 3.000 vagas &#8211; Inscri\u00e7\u00f5es come\u00e7am nesta segunda (26)"}]},{"@type":"WebSite","@id":"https:\/\/www.pensarcursos.com.br\/blog\/#website","url":"https:\/\/www.pensarcursos.com.br\/blog\/","name":"Blog Pensar Cursos","description":"Maior Site de Cursos do Brasil","publisher":{"@id":"https:\/\/www.pensarcursos.com.br\/blog\/#organization"},"alternateName":"Blog Pensar","potentialAction":[{"@type":"SearchAction","target":{"@type":"EntryPoint","urlTemplate":"https:\/\/www.pensarcursos.com.br\/blog\/?s={search_term_string}"},"query-input":{"@type":"PropertyValueSpecification","valueRequired":true,"valueName":"search_term_string"}}],"inLanguage":"pt-BR"},{"@type":"Organization","@id":"https:\/\/www.pensarcursos.com.br\/blog\/#organization","name":"Pensar Cursos","alternateName":"Blog pensar","url":"https:\/\/www.pensarcursos.com.br\/blog\/","logo":{"@type":"ImageObject","inLanguage":"pt-BR","@id":"https:\/\/www.pensarcursos.com.br\/blog\/#\/schema\/logo\/image\/","url":"https:\/\/www.pensarcursos.com.br\/blog\/wp-content\/uploads\/2023\/11\/Nova-Logo-Pensar-Cursos-vertical.png","contentUrl":"https:\/\/www.pensarcursos.com.br\/blog\/wp-content\/uploads\/2023\/11\/Nova-Logo-Pensar-Cursos-vertical.png","width":1393,"height":1001,"caption":"Pensar Cursos"},"image":{"@id":"https:\/\/www.pensarcursos.com.br\/blog\/#\/schema\/logo\/image\/"},"sameAs":["https:\/\/www.facebook.com\/pensarcursos\/","https:\/\/instagram.com.br\/pensarcursos"],"description":"Pensar Cursos \u00e9 uma empresa especializada em oferecer cursos de alta qualidade voltados para o desenvolvimento profissional e acad\u00eamico. Com uma ampla gama de op\u00e7\u00f5es de treinamento, oferecemos conte\u00fados atualizados, ministrados por especialistas da \u00e1rea, para capacitar indiv\u00edduos e equipes a atingirem seus objetivos. Nossa miss\u00e3o \u00e9 proporcionar uma educa\u00e7\u00e3o transformadora, acess\u00edvel e personalizada para cada aluno, seja em cursos presenciais ou online. Com uma abordagem inovadora, buscamos adaptar os nossos programas de ensino \u00e0s necessidades do mercado, criando solu\u00e7\u00f5es que atendem aos desafios e exig\u00eancias do mundo corporativo e acad\u00eamico. Nossos cursos incluem desde forma\u00e7\u00f5es t\u00e9cnicas at\u00e9 habilidades essenciais, como lideran\u00e7a, gest\u00e3o e desenvolvimento pessoal.","email":"contato@pensarcursos.com.br","legalName":"Sena Servi\u00e7os de Informa\u00e7\u00e3o Online LTDA","foundingDate":"2013-04-18","vatID":"17956217000172","numberOfEmployees":{"@type":"QuantitativeValue","minValue":"11","maxValue":"50"},"publishingPrinciples":"https:\/\/www.pensarcursos.com.br\/blog\/principios-de-publicacao\/","ownershipFundingInfo":"https:\/\/www.pensarcursos.com.br\/blog\/informacoes-de-propriedade-financiamento\/","actionableFeedbackPolicy":"https:\/\/www.pensarcursos.com.br\/blog\/politica-de-feedback-acionavel\/","correctionsPolicy":"https:\/\/www.pensarcursos.com.br\/blog\/politica-de-correcoes\/","ethicsPolicy":"https:\/\/www.pensarcursos.com.br\/blog\/politica-de-etica\/"},{"@type":"Person","@id":"https:\/\/www.pensarcursos.com.br\/blog\/#\/schema\/person\/28714c166fa847c28e0ba3e4d47c1033","name":"Quezia Andrade","image":{"@type":"ImageObject","inLanguage":"pt-BR","@id":"https:\/\/secure.gravatar.com\/avatar\/ca40343eca0c667f062032144581527936aae03191aca76e9d4c4de5a5c7cd14?s=96&d=mm&r=g","url":"https:\/\/secure.gravatar.com\/avatar\/ca40343eca0c667f062032144581527936aae03191aca76e9d4c4de5a5c7cd14?s=96&d=mm&r=g","contentUrl":"https:\/\/secure.gravatar.com\/avatar\/ca40343eca0c667f062032144581527936aae03191aca76e9d4c4de5a5c7cd14?s=96&d=mm&r=g","caption":"Quezia Andrade"},"description":"Biom\u00e9dica CRBM2 n\u00ba 17394. Redatora do grupo Sena Online.","sameAs":["https:\/\/www.instagram.com\/_quezia_b?igsh=cWF2dDNxbXd6ejF4&utm_source=qr","https:\/\/www.linkedin.com\/in\/quzia-borges-andrade-907778266?utm_source=share&utm_campaign=share_via&utm_content=profile&utm_medium=ios_app"],"url":"https:\/\/www.pensarcursos.com.br\/blog\/author\/quezia\/"}]}},"_links":{"self":[{"href":"https:\/\/www.pensarcursos.com.br\/blog\/wp-json\/wp\/v2\/posts\/141792","targetHints":{"allow":["GET"]}}],"collection":[{"href":"https:\/\/www.pensarcursos.com.br\/blog\/wp-json\/wp\/v2\/posts"}],"about":[{"href":"https:\/\/www.pensarcursos.com.br\/blog\/wp-json\/wp\/v2\/types\/post"}],"author":[{"embeddable":true,"href":"https:\/\/www.pensarcursos.com.br\/blog\/wp-json\/wp\/v2\/users\/54"}],"replies":[{"embeddable":true,"href":"https:\/\/www.pensarcursos.com.br\/blog\/wp-json\/wp\/v2\/comments?post=141792"}],"version-history":[{"count":0,"href":"https:\/\/www.pensarcursos.com.br\/blog\/wp-json\/wp\/v2\/posts\/141792\/revisions"}],"wp:featuredmedia":[{"embeddable":true,"href":"https:\/\/www.pensarcursos.com.br\/blog\/wp-json\/wp\/v2\/media\/141800"}],"wp:attachment":[{"href":"https:\/\/www.pensarcursos.com.br\/blog\/wp-json\/wp\/v2\/media?parent=141792"}],"wp:term":[{"taxonomy":"category","embeddable":true,"href":"https:\/\/www.pensarcursos.com.br\/blog\/wp-json\/wp\/v2\/categories?post=141792"},{"taxonomy":"post_tag","embeddable":true,"href":"https:\/\/www.pensarcursos.com.br\/blog\/wp-json\/wp\/v2\/tags?post=141792"}],"curies":[{"name":"wp","href":"https:\/\/api.w.org\/{rel}","templated":true}]}}