{"id":141763,"date":"2026-01-25T11:59:03","date_gmt":"2026-01-25T14:59:03","guid":{"rendered":"https:\/\/www.pensarcursos.com.br\/blog\/?p=141763"},"modified":"2026-01-24T14:14:39","modified_gmt":"2026-01-24T17:14:39","slug":"inss-quem-tem-cartao-com-final-1-2-3-4-e-5-esta-na-lista-de-pagamento-a-partir-desta-segunda-feira-26-veja-o-valor","status":"publish","type":"post","link":"https:\/\/www.pensarcursos.com.br\/blog\/inss-quem-tem-cartao-com-final-1-2-3-4-e-5-esta-na-lista-de-pagamento-a-partir-desta-segunda-feira-26-veja-o-valor\/","title":{"rendered":"INSS: quem tem cart\u00e3o final 1, 2, 3, 4 e 5 est\u00e1 na lista de pagamento a partir desta segunda-feira (26) &#8211; Veja o valor!"},"content":{"rendered":"<p>Nesta segunda-feira (26), o Instituto Nacional do Seguro Social (<a href=\"https:\/\/www.pensarcursos.com.br\/blog\/inss-primeira-parcela-do-13o-salario-2026-no-valor-de-r-4-23777-e-confirmada\/\">INSS<\/a>) inicia o pagamento dos benef\u00edcios referentes ao m\u00eas de janeiro. <strong>Cinco grupos ser\u00e3o contemplados<\/strong> nesta primeira fase, o que gera grande expectativa entre aposentados e pensionistas. A principal d\u00favida, por\u00e9m, est\u00e1 relacionada ao valor a ser pago neste per\u00edodo.<\/p>\n<p>\u00c9 fundamental acompanhar as datas e conferir o valor exato do benef\u00edcio. Para facilitar, o INSS disponibiliza canais digitais para consulta, al\u00e9m de informar que o pagamento segue uma ordem espec\u00edfica definida pelo final do n\u00famero do cart\u00e3o do benefici\u00e1rio.<\/p>\n<p>Saiba mais sobre o cronograma, quem tem direito e como consultar os valores de cada benef\u00edcio.<\/p>\n<h2>Quem recebe o pagamento do INSS nesta segunda-feira (26)?<\/h2>\n<p>Os <strong>pagamentos iniciam no dia 26 para benefici\u00e1rios que t\u00eam o cart\u00e3o com final 1<\/strong>. A ordem de pagamento facilita o controle do fluxo de ag\u00eancias e caixas eletr\u00f4nicos, garantindo mais comodidade e seguran\u00e7a.<\/p>\n<p>Na sequ\u00eancia, os benefici\u00e1rios com final 2, 3, 4 e 5 ser\u00e3o contemplados.<\/p>\n<p>Confira o calend\u00e1rio desta semana:<\/p>\n<ul>\n<li>Cart\u00e3o final 1: pagamento em 26\/01<\/li>\n<li>Cart\u00e3o final 2: pagamento em 27\/01<\/li>\n<li>Cart\u00e3o final 3: pagamento em 28\/01<\/li>\n<li>Cart\u00e3o final 4: pagamento em 29\/01<\/li>\n<li>Cart\u00e3o final 5: pagamento em 30\/01<\/li>\n<\/ul>\n<figure id=\"attachment_141770\" aria-describedby=\"caption-attachment-141770\" style=\"width: 1200px\" class=\"wp-caption aligncenter\"><img decoding=\"async\" class=\"wp-image-141770 size-full\" src=\"https:\/\/www.pensarcursos.com.br\/blog\/wp-content\/uploads\/2026\/01\/INSS-1-16.png\" alt=\"M\u00e3os de idoso usando smartphone com \u00edcone do governo brasileiro ao centro.\" width=\"1200\" height=\"800\" srcset=\"https:\/\/www.pensarcursos.com.br\/blog\/wp-content\/uploads\/2026\/01\/INSS-1-16.png 1200w, https:\/\/www.pensarcursos.com.br\/blog\/wp-content\/uploads\/2026\/01\/INSS-1-16-300x200.png 300w, https:\/\/www.pensarcursos.com.br\/blog\/wp-content\/uploads\/2026\/01\/INSS-1-16-1024x683.png 1024w, https:\/\/www.pensarcursos.com.br\/blog\/wp-content\/uploads\/2026\/01\/INSS-1-16-768x512.png 768w, https:\/\/www.pensarcursos.com.br\/blog\/wp-content\/uploads\/2026\/01\/INSS-1-16-750x500.png 750w, https:\/\/www.pensarcursos.com.br\/blog\/wp-content\/uploads\/2026\/01\/INSS-1-16-1140x760.png 1140w\" sizes=\"(max-width: 1200px) 100vw, 1200px\" \/><figcaption id=\"caption-attachment-141770\" class=\"wp-caption-text\">Veja como consultar o valor do seu benef\u00edcio pelo Meu INSS. Imagem: Pensar Cursos<\/figcaption><\/figure>\n<h2>Qual o valor do benef\u00edcio do INSS pago nesta semana?<\/h2>\n<p>O valor m\u00e1ximo depositado para esses benefici\u00e1rios nesta semana ser\u00e1 de\u00a0<strong>R$ 1.621<\/strong>. Para quem recebe at\u00e9 um sal\u00e1rio m\u00ednimo, o valor acompanha o novo piso nacional estabelecido para 2026.<\/p>\n<p>\u00c9 poss\u00edvel conferir o valor exato por meio do Meu INSS.<\/p>\n<h3>Como consultar o valor do benef\u00edcio?<\/h3>\n<p>Para saber o valor que ser\u00e1 efetivamente depositado, o INSS orienta os benefici\u00e1rios a:<\/p>\n<ol>\n<li>Acessar o portal\u00a0<a href=\"https:\/\/meu.inss.gov.br\/\" target=\"_blank\" rel=\"noopener\">Meu INSS<\/a>\u00a0ou aplicativo oficial.<\/li>\n<li>Fazer login com CPF e senha cadastrados.<\/li>\n<li>Clicar em \u201cExtrato de Pagamento\u201d para conferir o valor e data do dep\u00f3sito.<\/li>\n<\/ol>\n<p>Quem prefere atendimento presencial pode procurar uma ag\u00eancia do INSS, agendando previamente pelo telefone 135.<\/p>\n<h2>Calend\u00e1rio de pagamentos INSS 2026: como funciona?<\/h2>\n<p>Depois do dia 30\/01, os repasses acontecem da seguinte forma para quem recebe at\u00e9 um sal\u00e1rio m\u00ednimo:<\/p>\n<ul>\n<li>Cart\u00e3o final 6: pagamento em 02\/02<\/li>\n<li>Cart\u00e3o final 7: pagamento em 03\/02<\/li>\n<li>Cart\u00e3o final 8: pagamento em 04\/02<\/li>\n<li>Cart\u00e3o final 9: pagamento em 05\/02<\/li>\n<li>Cart\u00e3o final 0: pagamento em 06\/02<\/li>\n<\/ul>\n<p>Em 02 de fevereiro come\u00e7am tamb\u00e9m os repasses para quem recebe acima do sal\u00e1rio m\u00ednimo. O calend\u00e1rio \u00e9 o seguinte:<\/p>\n<ul>\n<li>Cart\u00e3o final 1 e 6: pagamento em 02\/02<\/li>\n<li>Cart\u00e3o final 2 e 7: pagamento em 03\/02<\/li>\n<li>Cart\u00e3o final 3 e 8: pagamento em 04\/02<\/li>\n<li>Cart\u00e3o final 4 e 9: pagamento em 05\/02<\/li>\n<li>Cart\u00e3o final 5 e 0: pagamento em 06\/02<\/li>\n<\/ul>\n<h2>Quem tem direito ao pagamento do INSS em janeiro?<\/h2>\n<p>O pagamento \u00e9 destinado a quem recebe aposentadoria, pens\u00e3o por morte, aux\u00edlio-doen\u00e7a, aux\u00edlio-reclus\u00e3o e outros benef\u00edcios previdenci\u00e1rios.<\/p>\n<p>Manter os dados atualizados no cadastro do <a href=\"https:\/\/www.pensarcursos.com.br\/blog\/inss-o-que-fazer-se-o-meu-pagamento-nao-for-reajustado\/\">INSS<\/a> ajuda a evitar bloqueios ou atrasos no pagamento.<\/p>\n<h2>Evite atrasos e fique atento ao seu benef\u00edcio<\/h2>\n<p>Mantenha seu cadastro atualizado no INSS, evite perda de prazos e verifique sempre as datas do calend\u00e1rio oficial. O app Meu INSS \u00e9 seu principal aliado para informa\u00e7\u00f5es r\u00e1pidas, evitando idas desnecess\u00e1rias \u00e0 ag\u00eancia e trazendo praticidade ao dia a dia.<\/p>\n<p>J\u00e1 verificou quando o seu dep\u00f3sito cai na conta este m\u00eas? Precisa tirar outras d\u00favidas sobre regras do benef\u00edcio, revis\u00e3o ou consulta de pagamentos?<\/p>\n<p>Fique atento \u00e0s informa\u00e7\u00f5es oficiais e n\u00e3o caia em golpes ou informa\u00e7\u00f5es falsas divulgadas fora dos canais reconhecidos.<\/p>\n<h2>Perguntas frequentes sobre o pagamento do INSS<\/h2>\n<ul>\n<li><strong>Quem recebe o benef\u00edcio do INSS no dia 26?<\/strong> \u2014 Benefici\u00e1rios com cart\u00e3o final 1 s\u00e3o pagos neste dia.<\/li>\n<li><strong>Qual o valor m\u00e1ximo pago nesta semana?<\/strong>\u00a0\u2014 At\u00e9 R$ 1.621, segundo o INSS.<\/li>\n<li><strong>Como consultar o valor do benef\u00edcio?<\/strong>\u00a0\u2014 Pelo app ou site Meu INSS.<\/li>\n<li><strong>Se n\u00e3o receber, o que fazer?<\/strong>\u00a0\u2014 Verifique o extrato e entre em contato pelo 135.<\/li>\n<li><strong>Posso receber em outro banco?<\/strong>\u00a0\u2014 Sim, solicitando transfer\u00eancia de pagamento pelo Meu INSS.<\/li>\n<li><strong>O que fazer em caso de bloqueio?<\/strong>\u00a0\u2014 Atualize seus dados pelo Meu INSS ou agende atendimento presencial.<\/li>\n<li><strong>Pensionistas tamb\u00e9m recebem?<\/strong>\u00a0\u2014 Sim, se o benef\u00edcio estiver ativo.<\/li>\n<li><strong>Qual o prazo de saque?<\/strong>\u00a0\u2014 Em geral, at\u00e9 60 dias ap\u00f3s o pagamento.<\/li>\n<\/ul>\n<p>Para conferir mais not\u00edcias sobre o INSS, acesse diariamente o <strong><a href=\"https:\/\/www.pensarcursos.com.br\/blog\/?utm_source=pushnewsjLj694e70bc89399a4f8804bc7f&amp;utm_campaign=&amp;utm_medium=pushnotification&amp;utm_content=&amp;utm_term=\">Pensar Cursos<\/a><\/strong>!<\/p>\n<div class=\"jeg_video_container jeg_video_content\"><iframe title=\"Quando v\u00e3o pagar o INSS em 2026? Calend\u00e1rio oficial saiu e tem novidade\" width=\"500\" height=\"281\" src=\"https:\/\/www.youtube.com\/embed\/oewN8G9mELY?feature=oembed\" frameborder=\"0\" allow=\"accelerometer; autoplay; clipboard-write; encrypted-media; gyroscope; picture-in-picture; web-share\" referrerpolicy=\"strict-origin-when-cross-origin\" allowfullscreen><\/iframe><\/div>\n","protected":false},"excerpt":{"rendered":"<p>Nesta segunda-feira (26), o Instituto Nacional do Seguro Social (INSS) inicia o pagamento dos benef\u00edcios referentes ao m\u00eas de janeiro. Cinco grupos ser\u00e3o contemplados nesta primeira fase, o que gera grande expectativa entre aposentados e pensionistas. A principal d\u00favida, por\u00e9m, est\u00e1 relacionada ao valor a ser pago neste per\u00edodo. \u00c9 fundamental acompanhar as datas e [&hellip;]<\/p>\n","protected":false},"author":17,"featured_media":141766,"comment_status":"open","ping_status":"closed","sticky":false,"template":"","format":"standard","meta":{"jnews-multi-image_gallery":[],"jnews_single_post":{"format":"standard","override":[{"template":"1","parallax":"1","fullscreen":"1","layout":"right-sidebar","sidebar":"default-sidebar","second_sidebar":"default-sidebar","sticky_sidebar":"1","share_position":"topbottom","share_float_style":"share-monocrhome","show_featured":"1","show_post_meta":"1","show_post_author":"1","show_post_author_image":"1","show_post_date":"1","post_date_format":"default","post_date_format_custom":"Y\/m\/d","show_post_category":"1","post_reading_time_wpm":"300","post_calculate_word_method":"str_word_count","show_zoom_button":"0","zoom_button_out_step":"2","zoom_button_in_step":"3","show_post_tag":"1","show_prev_next_post":"1","show_popup_post":"1","show_comment_section":"1","number_popup_post":"2","show_author_box":"1","show_post_related":"1","show_inline_post_related":"1"}],"image_override":[{"single_post_thumbnail_size":"crop-500","single_post_gallery_size":"crop-500"}],"trending_post_position":"meta","trending_post_label":"Trending","sponsored_post_label":"Sponsored by","disable_ad":"0","subtitle":"Confira quem recebe e quanto ser\u00e1 pago pelo INSS nesta semana: calend\u00e1rio, valores e como consultar o benef\u00edcio em 2026!"},"jnews_primary_category":[],"jnews_social_meta":[],"jnews_override_counter":{"view_counter_number":"0","share_counter_number":"0","like_counter_number":"0","dislike_counter_number":"0"},"footnotes":""},"categories":[1691],"tags":[4537,36170,36209],"class_list":["post-141763","post","type-post","status-publish","format-standard","has-post-thumbnail","hentry","category-direitos-do-trabalhador","tag-calendario-do-inss","tag-inss-2026","tag-pagamento-inss-2026"],"yoast_head":"<!-- This site is optimized with the Yoast SEO Premium plugin v27.4 (Yoast SEO v27.4) - https:\/\/yoast.com\/product\/yoast-seo-premium-wordpress\/ -->\n<title>INSS: quem tem cart\u00e3o final 1, 2, 3, 4 e 5 est\u00e1 na lista de pagamento a partir desta segunda-feira (26) - Veja o valor! - Blog Pensar Cursos<\/title>\n<meta name=\"description\" content=\"Pagamentos do INSS come\u00e7am em 26\/01. Veja valores, datas e como consultar. Confira tudo e evite perder seu benef\u00edcio!\" \/>\n<meta name=\"robots\" content=\"index, follow, max-snippet:-1, max-image-preview:large, max-video-preview:-1\" \/>\n<link rel=\"canonical\" href=\"https:\/\/www.pensarcursos.com.br\/blog\/inss-quem-tem-cartao-com-final-1-2-3-4-e-5-esta-na-lista-de-pagamento-a-partir-desta-segunda-feira-26-veja-o-valor\/\" \/>\n<meta property=\"og:locale\" content=\"pt_BR\" \/>\n<meta property=\"og:type\" content=\"article\" \/>\n<meta property=\"og:title\" content=\"INSS: quem tem cart\u00e3o final 1, 2, 3, 4 e 5 est\u00e1 na lista de pagamento a partir desta segunda-feira (26) - Veja o valor!\" \/>\n<meta property=\"og:description\" content=\"Pagamentos do INSS come\u00e7am em 26\/01. Veja valores, datas e como consultar. Confira tudo e evite perder seu benef\u00edcio!\" \/>\n<meta property=\"og:url\" content=\"https:\/\/www.pensarcursos.com.br\/blog\/inss-quem-tem-cartao-com-final-1-2-3-4-e-5-esta-na-lista-de-pagamento-a-partir-desta-segunda-feira-26-veja-o-valor\/\" \/>\n<meta property=\"og:site_name\" content=\"Blog Pensar Cursos\" \/>\n<meta property=\"article:publisher\" content=\"https:\/\/www.facebook.com\/pensarcursos\/\" \/>\n<meta property=\"article:author\" content=\"https:\/\/www.facebook.com\/profile.php?id=61550018262414\" \/>\n<meta property=\"article:published_time\" content=\"2026-01-25T14:59:03+00:00\" \/>\n<meta property=\"og:image\" content=\"https:\/\/www.pensarcursos.com.br\/blog\/wp-content\/uploads\/2026\/01\/Pagamento-do-INSS-tera-inicio-nesta-segunda-feira-26.webp\" \/>\n\t<meta property=\"og:image:width\" content=\"1200\" \/>\n\t<meta property=\"og:image:height\" content=\"800\" \/>\n\t<meta property=\"og:image:type\" content=\"image\/webp\" \/>\n<meta name=\"author\" content=\"Gorete Costa\" \/>\n<meta name=\"twitter:card\" content=\"summary_large_image\" \/>\n<meta name=\"twitter:label1\" content=\"Escrito por\" \/>\n\t<meta name=\"twitter:data1\" content=\"Gorete Costa\" \/>\n\t<meta name=\"twitter:label2\" content=\"Est. tempo de leitura\" \/>\n\t<meta name=\"twitter:data2\" content=\"5 minutos\" \/>\n<!-- \/ Yoast SEO Premium plugin. -->","yoast_head_json":{"title":"INSS: quem tem cart\u00e3o final 1, 2, 3, 4 e 5 est\u00e1 na lista de pagamento a partir desta segunda-feira (26) - Veja o valor! - Blog Pensar Cursos","description":"Pagamentos do INSS come\u00e7am em 26\/01. Veja valores, datas e como consultar. Confira tudo e evite perder seu benef\u00edcio!","robots":{"index":"index","follow":"follow","max-snippet":"max-snippet:-1","max-image-preview":"max-image-preview:large","max-video-preview":"max-video-preview:-1"},"canonical":"https:\/\/www.pensarcursos.com.br\/blog\/inss-quem-tem-cartao-com-final-1-2-3-4-e-5-esta-na-lista-de-pagamento-a-partir-desta-segunda-feira-26-veja-o-valor\/","og_locale":"pt_BR","og_type":"article","og_title":"INSS: quem tem cart\u00e3o final 1, 2, 3, 4 e 5 est\u00e1 na lista de pagamento a partir desta segunda-feira (26) - Veja o valor!","og_description":"Pagamentos do INSS come\u00e7am em 26\/01. Veja valores, datas e como consultar. Confira tudo e evite perder seu benef\u00edcio!","og_url":"https:\/\/www.pensarcursos.com.br\/blog\/inss-quem-tem-cartao-com-final-1-2-3-4-e-5-esta-na-lista-de-pagamento-a-partir-desta-segunda-feira-26-veja-o-valor\/","og_site_name":"Blog Pensar Cursos","article_publisher":"https:\/\/www.facebook.com\/pensarcursos\/","article_author":"https:\/\/www.facebook.com\/profile.php?id=61550018262414","article_published_time":"2026-01-25T14:59:03+00:00","og_image":[{"width":1200,"height":800,"url":"https:\/\/www.pensarcursos.com.br\/blog\/wp-content\/uploads\/2026\/01\/Pagamento-do-INSS-tera-inicio-nesta-segunda-feira-26.webp","type":"image\/webp"}],"author":"Gorete Costa","twitter_card":"summary_large_image","twitter_misc":{"Escrito por":"Gorete Costa","Est. tempo de leitura":"5 minutos"},"schema":{"@context":"https:\/\/schema.org","@graph":[{"@type":["Article","BlogPosting"],"@id":"https:\/\/www.pensarcursos.com.br\/blog\/inss-quem-tem-cartao-com-final-1-2-3-4-e-5-esta-na-lista-de-pagamento-a-partir-desta-segunda-feira-26-veja-o-valor\/#article","isPartOf":{"@id":"https:\/\/www.pensarcursos.com.br\/blog\/inss-quem-tem-cartao-com-final-1-2-3-4-e-5-esta-na-lista-de-pagamento-a-partir-desta-segunda-feira-26-veja-o-valor\/"},"author":{"name":"Gorete Costa","@id":"https:\/\/www.pensarcursos.com.br\/blog\/#\/schema\/person\/e133b19d62595d6ab0c12f3e5436a7bb"},"headline":"INSS: quem tem cart\u00e3o final 1, 2, 3, 4 e 5 est\u00e1 na lista de pagamento a partir desta segunda-feira (26) &#8211; Veja o valor!","datePublished":"2026-01-25T14:59:03+00:00","mainEntityOfPage":{"@id":"https:\/\/www.pensarcursos.com.br\/blog\/inss-quem-tem-cartao-com-final-1-2-3-4-e-5-esta-na-lista-de-pagamento-a-partir-desta-segunda-feira-26-veja-o-valor\/"},"wordCount":766,"commentCount":0,"publisher":{"@id":"https:\/\/www.pensarcursos.com.br\/blog\/#organization"},"image":{"@id":"https:\/\/www.pensarcursos.com.br\/blog\/inss-quem-tem-cartao-com-final-1-2-3-4-e-5-esta-na-lista-de-pagamento-a-partir-desta-segunda-feira-26-veja-o-valor\/#primaryimage"},"thumbnailUrl":"https:\/\/www.pensarcursos.com.br\/blog\/wp-content\/uploads\/2026\/01\/Pagamento-do-INSS-tera-inicio-nesta-segunda-feira-26.webp","keywords":["Calend\u00e1rio do INSS","inss 2026","pagamento inss 2026"],"articleSection":["Direitos do Trabalhador"],"inLanguage":"pt-BR","potentialAction":[{"@type":"CommentAction","name":"Comment","target":["https:\/\/www.pensarcursos.com.br\/blog\/inss-quem-tem-cartao-com-final-1-2-3-4-e-5-esta-na-lista-de-pagamento-a-partir-desta-segunda-feira-26-veja-o-valor\/#respond"]}],"copyrightYear":"2026","copyrightHolder":{"@id":"https:\/\/www.pensarcursos.com.br\/blog\/#organization"}},{"@type":"WebPage","@id":"https:\/\/www.pensarcursos.com.br\/blog\/inss-quem-tem-cartao-com-final-1-2-3-4-e-5-esta-na-lista-de-pagamento-a-partir-desta-segunda-feira-26-veja-o-valor\/","url":"https:\/\/www.pensarcursos.com.br\/blog\/inss-quem-tem-cartao-com-final-1-2-3-4-e-5-esta-na-lista-de-pagamento-a-partir-desta-segunda-feira-26-veja-o-valor\/","name":"INSS: quem tem cart\u00e3o final 1, 2, 3, 4 e 5 est\u00e1 na lista de pagamento a partir desta segunda-feira (26) - Veja o valor! - Blog Pensar Cursos","isPartOf":{"@id":"https:\/\/www.pensarcursos.com.br\/blog\/#website"},"primaryImageOfPage":{"@id":"https:\/\/www.pensarcursos.com.br\/blog\/inss-quem-tem-cartao-com-final-1-2-3-4-e-5-esta-na-lista-de-pagamento-a-partir-desta-segunda-feira-26-veja-o-valor\/#primaryimage"},"image":{"@id":"https:\/\/www.pensarcursos.com.br\/blog\/inss-quem-tem-cartao-com-final-1-2-3-4-e-5-esta-na-lista-de-pagamento-a-partir-desta-segunda-feira-26-veja-o-valor\/#primaryimage"},"thumbnailUrl":"https:\/\/www.pensarcursos.com.br\/blog\/wp-content\/uploads\/2026\/01\/Pagamento-do-INSS-tera-inicio-nesta-segunda-feira-26.webp","datePublished":"2026-01-25T14:59:03+00:00","description":"Pagamentos do INSS come\u00e7am em 26\/01. Veja valores, datas e como consultar. Confira tudo e evite perder seu benef\u00edcio!","breadcrumb":{"@id":"https:\/\/www.pensarcursos.com.br\/blog\/inss-quem-tem-cartao-com-final-1-2-3-4-e-5-esta-na-lista-de-pagamento-a-partir-desta-segunda-feira-26-veja-o-valor\/#breadcrumb"},"inLanguage":"pt-BR","potentialAction":[{"@type":"ReadAction","target":["https:\/\/www.pensarcursos.com.br\/blog\/inss-quem-tem-cartao-com-final-1-2-3-4-e-5-esta-na-lista-de-pagamento-a-partir-desta-segunda-feira-26-veja-o-valor\/"]}]},{"@type":"ImageObject","inLanguage":"pt-BR","@id":"https:\/\/www.pensarcursos.com.br\/blog\/inss-quem-tem-cartao-com-final-1-2-3-4-e-5-esta-na-lista-de-pagamento-a-partir-desta-segunda-feira-26-veja-o-valor\/#primaryimage","url":"https:\/\/www.pensarcursos.com.br\/blog\/wp-content\/uploads\/2026\/01\/Pagamento-do-INSS-tera-inicio-nesta-segunda-feira-26.webp","contentUrl":"https:\/\/www.pensarcursos.com.br\/blog\/wp-content\/uploads\/2026\/01\/Pagamento-do-INSS-tera-inicio-nesta-segunda-feira-26.webp","width":1200,"height":800,"caption":"Aten\u00e7\u00e3o, aposentados! INSS paga cart\u00f5es com final 1, 2, 3, 4 e 5 a partir desta segunda-feira (26). Imagem: Pensar Cursos"},{"@type":"BreadcrumbList","@id":"https:\/\/www.pensarcursos.com.br\/blog\/inss-quem-tem-cartao-com-final-1-2-3-4-e-5-esta-na-lista-de-pagamento-a-partir-desta-segunda-feira-26-veja-o-valor\/#breadcrumb","itemListElement":[{"@type":"ListItem","position":1,"name":"Home","item":"https:\/\/www.pensarcursos.com.br\/blog\/"},{"@type":"ListItem","position":2,"name":"INSS: quem tem cart\u00e3o final 1, 2, 3, 4 e 5 est\u00e1 na lista de pagamento a partir desta segunda-feira (26) &#8211; Veja o valor!"}]},{"@type":"WebSite","@id":"https:\/\/www.pensarcursos.com.br\/blog\/#website","url":"https:\/\/www.pensarcursos.com.br\/blog\/","name":"Blog Pensar Cursos","description":"Maior Site de Cursos do Brasil","publisher":{"@id":"https:\/\/www.pensarcursos.com.br\/blog\/#organization"},"alternateName":"Blog Pensar","potentialAction":[{"@type":"SearchAction","target":{"@type":"EntryPoint","urlTemplate":"https:\/\/www.pensarcursos.com.br\/blog\/?s={search_term_string}"},"query-input":{"@type":"PropertyValueSpecification","valueRequired":true,"valueName":"search_term_string"}}],"inLanguage":"pt-BR"},{"@type":"Organization","@id":"https:\/\/www.pensarcursos.com.br\/blog\/#organization","name":"Pensar Cursos","alternateName":"Blog pensar","url":"https:\/\/www.pensarcursos.com.br\/blog\/","logo":{"@type":"ImageObject","inLanguage":"pt-BR","@id":"https:\/\/www.pensarcursos.com.br\/blog\/#\/schema\/logo\/image\/","url":"https:\/\/www.pensarcursos.com.br\/blog\/wp-content\/uploads\/2023\/11\/Nova-Logo-Pensar-Cursos-vertical.png","contentUrl":"https:\/\/www.pensarcursos.com.br\/blog\/wp-content\/uploads\/2023\/11\/Nova-Logo-Pensar-Cursos-vertical.png","width":1393,"height":1001,"caption":"Pensar Cursos"},"image":{"@id":"https:\/\/www.pensarcursos.com.br\/blog\/#\/schema\/logo\/image\/"},"sameAs":["https:\/\/www.facebook.com\/pensarcursos\/","https:\/\/instagram.com.br\/pensarcursos"],"description":"Pensar Cursos \u00e9 uma empresa especializada em oferecer cursos de alta qualidade voltados para o desenvolvimento profissional e acad\u00eamico. Com uma ampla gama de op\u00e7\u00f5es de treinamento, oferecemos conte\u00fados atualizados, ministrados por especialistas da \u00e1rea, para capacitar indiv\u00edduos e equipes a atingirem seus objetivos. Nossa miss\u00e3o \u00e9 proporcionar uma educa\u00e7\u00e3o transformadora, acess\u00edvel e personalizada para cada aluno, seja em cursos presenciais ou online. Com uma abordagem inovadora, buscamos adaptar os nossos programas de ensino \u00e0s necessidades do mercado, criando solu\u00e7\u00f5es que atendem aos desafios e exig\u00eancias do mundo corporativo e acad\u00eamico. Nossos cursos incluem desde forma\u00e7\u00f5es t\u00e9cnicas at\u00e9 habilidades essenciais, como lideran\u00e7a, gest\u00e3o e desenvolvimento pessoal.","email":"contato@pensarcursos.com.br","legalName":"Sena Servi\u00e7os de Informa\u00e7\u00e3o Online LTDA","foundingDate":"2013-04-18","vatID":"17956217000172","numberOfEmployees":{"@type":"QuantitativeValue","minValue":"11","maxValue":"50"},"publishingPrinciples":"https:\/\/www.pensarcursos.com.br\/blog\/principios-de-publicacao\/","ownershipFundingInfo":"https:\/\/www.pensarcursos.com.br\/blog\/informacoes-de-propriedade-financiamento\/","actionableFeedbackPolicy":"https:\/\/www.pensarcursos.com.br\/blog\/politica-de-feedback-acionavel\/","correctionsPolicy":"https:\/\/www.pensarcursos.com.br\/blog\/politica-de-correcoes\/","ethicsPolicy":"https:\/\/www.pensarcursos.com.br\/blog\/politica-de-etica\/"},{"@type":"Person","@id":"https:\/\/www.pensarcursos.com.br\/blog\/#\/schema\/person\/e133b19d62595d6ab0c12f3e5436a7bb","name":"Gorete Costa","image":{"@type":"ImageObject","inLanguage":"pt-BR","@id":"https:\/\/secure.gravatar.com\/avatar\/8cb99f142e1cb1312d8c202378c20dc4f7210145acc22805481f4a3f47ce9b6f?s=96&d=mm&r=g","url":"https:\/\/secure.gravatar.com\/avatar\/8cb99f142e1cb1312d8c202378c20dc4f7210145acc22805481f4a3f47ce9b6f?s=96&d=mm&r=g","contentUrl":"https:\/\/secure.gravatar.com\/avatar\/8cb99f142e1cb1312d8c202378c20dc4f7210145acc22805481f4a3f47ce9b6f?s=96&d=mm&r=g","caption":"Gorete Costa"},"description":"Graduada em Servi\u00e7o Social pela Universidade do Norte do Paran\u00e1 (Unopar), Gorete Costa \u00e9 especialista em comunica\u00e7\u00e3o, atuando como radialista em programas jornal\u00edsticos e de entretenimento, al\u00e9m de produ\u00e7\u00e3o e revis\u00e3o de textos informativos para sites e blogs.","sameAs":["https:\/\/www.facebook.com\/profile.php?id=61550018262414"],"url":"https:\/\/www.pensarcursos.com.br\/blog\/author\/gorete\/"}]}},"_links":{"self":[{"href":"https:\/\/www.pensarcursos.com.br\/blog\/wp-json\/wp\/v2\/posts\/141763","targetHints":{"allow":["GET"]}}],"collection":[{"href":"https:\/\/www.pensarcursos.com.br\/blog\/wp-json\/wp\/v2\/posts"}],"about":[{"href":"https:\/\/www.pensarcursos.com.br\/blog\/wp-json\/wp\/v2\/types\/post"}],"author":[{"embeddable":true,"href":"https:\/\/www.pensarcursos.com.br\/blog\/wp-json\/wp\/v2\/users\/17"}],"replies":[{"embeddable":true,"href":"https:\/\/www.pensarcursos.com.br\/blog\/wp-json\/wp\/v2\/comments?post=141763"}],"version-history":[{"count":0,"href":"https:\/\/www.pensarcursos.com.br\/blog\/wp-json\/wp\/v2\/posts\/141763\/revisions"}],"wp:featuredmedia":[{"embeddable":true,"href":"https:\/\/www.pensarcursos.com.br\/blog\/wp-json\/wp\/v2\/media\/141766"}],"wp:attachment":[{"href":"https:\/\/www.pensarcursos.com.br\/blog\/wp-json\/wp\/v2\/media?parent=141763"}],"wp:term":[{"taxonomy":"category","embeddable":true,"href":"https:\/\/www.pensarcursos.com.br\/blog\/wp-json\/wp\/v2\/categories?post=141763"},{"taxonomy":"post_tag","embeddable":true,"href":"https:\/\/www.pensarcursos.com.br\/blog\/wp-json\/wp\/v2\/tags?post=141763"}],"curies":[{"name":"wp","href":"https:\/\/api.w.org\/{rel}","templated":true}]}}