{"id":141745,"date":"2026-01-25T16:19:52","date_gmt":"2026-01-25T19:19:52","guid":{"rendered":"https:\/\/www.pensarcursos.com.br\/blog\/?p=141745"},"modified":"2026-01-24T10:23:11","modified_gmt":"2026-01-24T13:23:11","slug":"fies-2026-candidatos-ja-podem-se-preparar-inscricoes-comecam-em-3-de-fevereiro","status":"publish","type":"post","link":"https:\/\/www.pensarcursos.com.br\/blog\/fies-2026-candidatos-ja-podem-se-preparar-inscricoes-comecam-em-3-de-fevereiro\/","title":{"rendered":"Fies 2026: candidatos j\u00e1 podem se preparar; inscri\u00e7\u00f5es come\u00e7am em 3 de fevereiro"},"content":{"rendered":"<p>O <strong>Fies 2026<\/strong> chega com oportunidades para quem deseja financiar um curso superior em faculdade particular no pr\u00f3ximo ano. O programa do governo federal, voltado principalmente para estudantes de baixa renda, j\u00e1 tem calend\u00e1rio definido para a sele\u00e7\u00e3o do primeiro semestre: as inscri\u00e7\u00f5es estar\u00e3o abertas de <strong>3 a 6 de fevereiro<\/strong>, totalmente gratuitas, no <a href=\"https:\/\/acessounico.mec.gov.br\/\" target=\"_blank\" rel=\"noopener\">Portal \u00danico de Acesso ao Ensino Superior<\/a>, o site oficial do Fies.<\/p>\n<p>Al\u00e9m de garantir o acesso \u00e0 faculdade, o <a href=\"https:\/\/www.pensarcursos.com.br\/blog\/sisu-prouni-e-fies-2026-descubra-qual-programa-usar-para-entrar-na-faculdade\/\" target=\"_blank\" rel=\"noopener\">Fies<\/a> proporciona condi\u00e7\u00f5es espec\u00edficas para candidatos, um calend\u00e1rio bem definido e regras claras para classifica\u00e7\u00e3o e resultado. A seguir, entenda quem pode participar, como fazer a inscri\u00e7\u00e3o, quais documentos s\u00e3o necess\u00e1rios e os pr\u00f3ximos passos at\u00e9 o in\u00edcio das aulas.<\/p>\n<h2>Quem pode participar do Fies?<\/h2>\n<p>Para se inscrever, o candidato precisa cumprir crit\u00e9rios definidos no <a href=\"https:\/\/in.gov.br\/web\/dou\/-\/edital-n-3-de-21-de-janeiro-de-2026-682626941\" target=\"_blank\" rel=\"noopener\">edital do Fies 2026<\/a>, publicado pelo MEC. Confira se voc\u00ea se encaixa nos requisitos:<\/p>\n<ul>\n<li>Ter participado do <a href=\"https:\/\/www.pensarcursos.com.br\/blog\/confira-como-calcular-sua-media-apos-o-resultado-do-enem\/\" target=\"_blank\" rel=\"noopener\">Enem (Exame Nacional do Ensino M\u00e9dio)<\/a> a partir de 2010;<\/li>\n<li>Ter m\u00e9dia aritm\u00e9tica das notas nas cinco provas igual ou superior a 450 pontos;<\/li>\n<li>N\u00e3o ter zerado a prova de reda\u00e7\u00e3o do Enem;<\/li>\n<li>Ter renda bruta familiar mensal por pessoa de at\u00e9 tr\u00eas sal\u00e1rios m\u00ednimos (R$ 4.863, em 2026).<\/li>\n<\/ul>\n<p>Se voc\u00ea j\u00e1 concluiu o ensino superior ou j\u00e1 foi beneficiado anteriormente pelo Fies, poder\u00e1 concorrer, mas ter\u00e1 prioridade menor na classifica\u00e7\u00e3o, conforme as regras do edital.<\/p>\n<h2>Como funciona o calend\u00e1rio do Fies?<\/h2>\n<p>Fique atento ao <strong>calend\u00e1rio do Fies 2026<\/strong> para n\u00e3o perder os prazos:<\/p>\n<ul>\n<li><strong>Inscri\u00e7\u00e3o<\/strong>: 3 a 6 de fevereiro de 2026, no Portal \u00danico do Fies;<\/li>\n<li><strong>Divulga\u00e7\u00e3o do resultado<\/strong>: 19 de fevereiro de 2026;<\/li>\n<li><strong>Complementa\u00e7\u00e3o da inscri\u00e7\u00e3o para pr\u00e9-selecionados<\/strong>: 20 a 24 de fevereiro de 2026.<\/li>\n<\/ul>\n<p>As vagas s\u00e3o distribu\u00eddas conforme o semestre de entrada no curso: <strong>primeiro semestre com 67.301 vagas e segundo semestre com 44.867 vagas.<\/strong> Todas as etapas est\u00e3o detalhadas no edital do Fies.<\/p>\n<h2>Como se inscrever no Fies 2026?<\/h2>\n<p>O processo de <strong>inscri\u00e7\u00e3o do Fies<\/strong>\u00a0\u00e9 online, f\u00e1cil e sem taxas. Veja o passo a passo:<\/p>\n<ol>\n<li>Acesse o <a href=\"https:\/\/acessounico.mec.gov.br\/fies\" target=\"_blank\" rel=\"noopener\">site oficial do Fies<\/a> no per\u00edodo de 3 a 6 de fevereiro de 2026;<\/li>\n<li>Crie uma conta usando seu CPF e preencha os dados solicitados;<\/li>\n<li>Informe as op\u00e7\u00f5es de curso e faculdade de sua prefer\u00eancia;<\/li>\n<li>Envie a inscri\u00e7\u00e3o e aguarde o resultado.<\/li>\n<\/ol>\n<p>Ap\u00f3s ser pr\u00e9-selecionado, \u00e9 preciso complementar informa\u00e7\u00f5es entre 20 e 24 de fevereiro. Nessa etapa, o candidato apresenta documentos que comprovam renda e, se necess\u00e1rio, dos demais membros da fam\u00edlia.<\/p>\n<figure id=\"attachment_141752\" aria-describedby=\"caption-attachment-141752\" style=\"width: 600px\" class=\"wp-caption aligncenter\"><img decoding=\"async\" class=\"wp-image-141752 size-full\" src=\"https:\/\/www.pensarcursos.com.br\/blog\/wp-content\/uploads\/2026\/01\/como-participar-do-FIES.jpg\" alt=\"Monitor de computador exibindo a p\u00e1gina inicial do &quot;Novo FIES&quot; com menu lateral contendo as op\u00e7\u00f5es: O novo FIES, Cronograma, O que mudou e Como funciona.\" width=\"600\" height=\"369\" srcset=\"https:\/\/www.pensarcursos.com.br\/blog\/wp-content\/uploads\/2026\/01\/como-participar-do-FIES.jpg 600w, https:\/\/www.pensarcursos.com.br\/blog\/wp-content\/uploads\/2026\/01\/como-participar-do-FIES-300x185.jpg 300w\" sizes=\"(max-width: 600px) 100vw, 600px\" \/><figcaption id=\"caption-attachment-141752\" class=\"wp-caption-text\">Navega\u00e7\u00e3o facilitada: O Portal \u00danico de Acesso concentra todas as etapas da inscri\u00e7\u00e3o, desde o cronograma at\u00e9 a complementa\u00e7\u00e3o de dados. Imagem: Ag\u00eancia Brasil<\/figcaption><\/figure>\n<h2>Entenda o processo de classifica\u00e7\u00e3o e resultado do Fies 2026<\/h2>\n<p>A sele\u00e7\u00e3o segue uma <strong>ordem de prioridade<\/strong>, de acordo com o desempenho no Enem, grupo de vaga e hist\u00f3rico de participa\u00e7\u00e3o no Fies:<\/p>\n<ol>\n<li>Candidatos que <strong>nunca conclu\u00edram gradua\u00e7\u00e3o<\/strong> e nunca usaram o Fies.<\/li>\n<li>Quem n\u00e3o concluiu gradua\u00e7\u00e3o, foi beneficiado pelo Fies no passado e j\u00e1 quitou o contrato.<\/li>\n<li>Graduados que nunca usaram o financiamento.<\/li>\n<li>Graduados que tiveram Fies e quitaram a d\u00edvida.<\/li>\n<\/ol>\n<p>O resultado do Fies ser\u00e1 divulgado em chamada \u00fanica no dia 19 de fevereiro. Quem n\u00e3o for selecionado imediatamente entrar\u00e1 automaticamente em uma lista de espera para poss\u00edveis vagas n\u00e3o ocupadas. O candidato s\u00f3 ser\u00e1 pr\u00e9-selecionado em uma das op\u00e7\u00f5es de curso cadastradas.<\/p>\n<h2>Principais d\u00favidas sobre o edital do Fies 2026 e documenta\u00e7\u00e3o<\/h2>\n<p>O edital do Fies divulgado pelo MEC traz todos os detalhes do processo, incluindo os tipos de vagas, crit\u00e9rios para bolsas parciais e integrais, documentos obrigat\u00f3rios e esclarecimentos sobre o prazo para apresentar comprovantes na faculdade escolhida.<\/p>\n<ul>\n<li>Documentos b\u00e1sicos: CPF, RG, comprovante de resid\u00eancia e comprovante de renda familiar.<\/li>\n<li>Outros documentos podem ser solicitados pela faculdade.<\/li>\n<li>Toda a documenta\u00e7\u00e3o deve ser apresentada na institui\u00e7\u00e3o selecionada dentro do prazo que ser\u00e1 informado ap\u00f3s a pr\u00e9-sele\u00e7\u00e3o.<\/li>\n<\/ul>\n<p>Caso perca algum prazo ou n\u00e3o consiga comprovar as informa\u00e7\u00f5es, o candidato perde a vaga e o financiamento segue para o pr\u00f3ximo da lista.<\/p>\n<p>N\u00e3o perca o per\u00edodo de inscri\u00e7\u00f5es entre 3 e 6 de fevereiro e certifique-se de ter toda a documenta\u00e7\u00e3o em m\u00e3os para a etapa de complementa\u00e7\u00e3o. Para acompanhar atualiza\u00e7\u00f5es em tempo real sobre o calend\u00e1rio, dicas para a inscri\u00e7\u00e3o e outros programas educacionais, acesse o <b><a href=\"https:\/\/www.pensarcursos.com.br\/blog\/\" target=\"_blank\" rel=\"noopener\">Blog Pensar Cursos<\/a><\/b>.<\/p>\n","protected":false},"excerpt":{"rendered":"<p>O Fies 2026 chega com oportunidades para quem deseja financiar um curso superior em faculdade particular no pr\u00f3ximo ano. O programa do governo federal, voltado principalmente para estudantes de baixa renda, j\u00e1 tem calend\u00e1rio definido para a sele\u00e7\u00e3o do primeiro semestre: as inscri\u00e7\u00f5es estar\u00e3o abertas de 3 a 6 de fevereiro, totalmente gratuitas, no Portal [&hellip;]<\/p>\n","protected":false},"author":48,"featured_media":141750,"comment_status":"open","ping_status":"closed","sticky":false,"template":"","format":"standard","meta":{"jnews-multi-image_gallery":[],"jnews_single_post":{"format":"standard","override":[{"template":"1","parallax":"1","fullscreen":"1","layout":"right-sidebar","sidebar":"default-sidebar","second_sidebar":"default-sidebar","sticky_sidebar":"1","share_position":"topbottom","share_float_style":"share-monocrhome","show_featured":"1","show_post_meta":"1","show_post_author":"1","show_post_author_image":"1","show_post_date":"1","post_date_format":"default","post_date_format_custom":"Y\/m\/d","show_post_category":"1","post_reading_time_wpm":"300","post_calculate_word_method":"str_word_count","show_zoom_button":"0","zoom_button_out_step":"2","zoom_button_in_step":"3","show_post_tag":"1","show_prev_next_post":"1","show_popup_post":"1","show_comment_section":"1","number_popup_post":"2","show_author_box":"1","show_post_related":"1","show_inline_post_related":"1"}],"image_override":[{"single_post_thumbnail_size":"crop-500","single_post_gallery_size":"crop-500"}],"trending_post_position":"meta","trending_post_label":"Trending","sponsored_post_label":"Sponsored by","disable_ad":"0","subtitle":"Fies 2026: datas, regras e como garantir sua vaga no ensino superior."},"jnews_primary_category":[],"jnews_social_meta":[],"jnews_override_counter":{"view_counter_number":"0","share_counter_number":"0","like_counter_number":"0","dislike_counter_number":"0"},"footnotes":""},"categories":[28],"tags":[13098,37229,37702,13030],"class_list":["post-141745","post","type-post","status-publish","format-standard","has-post-thumbnail","hentry","category-educacao","tag-calendario-fies","tag-fies-2026","tag-inscricao-fies","tag-resultado-fies"],"yoast_head":"<!-- This site is optimized with the Yoast SEO Premium plugin v27.4 (Yoast SEO v27.4) - https:\/\/yoast.com\/product\/yoast-seo-premium-wordpress\/ -->\n<title>Fies 2026: candidatos j\u00e1 podem se preparar; inscri\u00e7\u00f5es come\u00e7am em 3 de fevereiro - Blog Pensar Cursos<\/title>\n<meta name=\"description\" content=\"Descubra quem pode se inscrever no Fies 2026, veja calend\u00e1rio completo, requisitos, como funciona a sele\u00e7\u00e3o, prazo de inscri\u00e7\u00f5es e resultado oficial do financiamento estudantil.\" \/>\n<meta name=\"robots\" content=\"index, follow, max-snippet:-1, max-image-preview:large, max-video-preview:-1\" \/>\n<link rel=\"canonical\" href=\"https:\/\/www.pensarcursos.com.br\/blog\/fies-2026-candidatos-ja-podem-se-preparar-inscricoes-comecam-em-3-de-fevereiro\/\" \/>\n<meta property=\"og:locale\" content=\"pt_BR\" \/>\n<meta property=\"og:type\" content=\"article\" \/>\n<meta property=\"og:title\" content=\"Fies 2026: candidatos j\u00e1 podem se preparar; inscri\u00e7\u00f5es come\u00e7am em 3 de fevereiro\" \/>\n<meta property=\"og:description\" content=\"Descubra quem pode se inscrever no Fies 2026, veja calend\u00e1rio completo, requisitos, como funciona a sele\u00e7\u00e3o, prazo de inscri\u00e7\u00f5es e resultado oficial do financiamento estudantil.\" \/>\n<meta property=\"og:url\" content=\"https:\/\/www.pensarcursos.com.br\/blog\/fies-2026-candidatos-ja-podem-se-preparar-inscricoes-comecam-em-3-de-fevereiro\/\" \/>\n<meta property=\"og:site_name\" content=\"Blog Pensar Cursos\" \/>\n<meta property=\"article:publisher\" content=\"https:\/\/www.facebook.com\/pensarcursos\/\" \/>\n<meta property=\"article:published_time\" content=\"2026-01-25T19:19:52+00:00\" \/>\n<meta property=\"og:image\" content=\"https:\/\/www.pensarcursos.com.br\/blog\/wp-content\/uploads\/2026\/01\/inscricoes-FIES.jpg\" \/>\n\t<meta property=\"og:image:width\" content=\"1200\" \/>\n\t<meta property=\"og:image:height\" content=\"718\" \/>\n\t<meta property=\"og:image:type\" content=\"image\/jpeg\" \/>\n<meta name=\"author\" content=\"Isabelli Ferreira\" \/>\n<meta name=\"twitter:card\" content=\"summary_large_image\" \/>\n<meta name=\"twitter:label1\" content=\"Escrito por\" \/>\n\t<meta name=\"twitter:data1\" content=\"Isabelli Ferreira\" \/>\n\t<meta name=\"twitter:label2\" content=\"Est. tempo de leitura\" \/>\n\t<meta name=\"twitter:data2\" content=\"5 minutos\" \/>\n<!-- \/ Yoast SEO Premium plugin. -->","yoast_head_json":{"title":"Fies 2026: candidatos j\u00e1 podem se preparar; inscri\u00e7\u00f5es come\u00e7am em 3 de fevereiro - Blog Pensar Cursos","description":"Descubra quem pode se inscrever no Fies 2026, veja calend\u00e1rio completo, requisitos, como funciona a sele\u00e7\u00e3o, prazo de inscri\u00e7\u00f5es e resultado oficial do financiamento estudantil.","robots":{"index":"index","follow":"follow","max-snippet":"max-snippet:-1","max-image-preview":"max-image-preview:large","max-video-preview":"max-video-preview:-1"},"canonical":"https:\/\/www.pensarcursos.com.br\/blog\/fies-2026-candidatos-ja-podem-se-preparar-inscricoes-comecam-em-3-de-fevereiro\/","og_locale":"pt_BR","og_type":"article","og_title":"Fies 2026: candidatos j\u00e1 podem se preparar; inscri\u00e7\u00f5es come\u00e7am em 3 de fevereiro","og_description":"Descubra quem pode se inscrever no Fies 2026, veja calend\u00e1rio completo, requisitos, como funciona a sele\u00e7\u00e3o, prazo de inscri\u00e7\u00f5es e resultado oficial do financiamento estudantil.","og_url":"https:\/\/www.pensarcursos.com.br\/blog\/fies-2026-candidatos-ja-podem-se-preparar-inscricoes-comecam-em-3-de-fevereiro\/","og_site_name":"Blog Pensar Cursos","article_publisher":"https:\/\/www.facebook.com\/pensarcursos\/","article_published_time":"2026-01-25T19:19:52+00:00","og_image":[{"width":1200,"height":718,"url":"https:\/\/www.pensarcursos.com.br\/blog\/wp-content\/uploads\/2026\/01\/inscricoes-FIES.jpg","type":"image\/jpeg"}],"author":"Isabelli Ferreira","twitter_card":"summary_large_image","twitter_misc":{"Escrito por":"Isabelli Ferreira","Est. tempo de leitura":"5 minutos"},"schema":{"@context":"https:\/\/schema.org","@graph":[{"@type":["Article","BlogPosting"],"@id":"https:\/\/www.pensarcursos.com.br\/blog\/fies-2026-candidatos-ja-podem-se-preparar-inscricoes-comecam-em-3-de-fevereiro\/#article","isPartOf":{"@id":"https:\/\/www.pensarcursos.com.br\/blog\/fies-2026-candidatos-ja-podem-se-preparar-inscricoes-comecam-em-3-de-fevereiro\/"},"author":{"name":"Isabelli Ferreira","@id":"https:\/\/www.pensarcursos.com.br\/blog\/#\/schema\/person\/e387ba49ed4a778962271648452528c2"},"headline":"Fies 2026: candidatos j\u00e1 podem se preparar; inscri\u00e7\u00f5es come\u00e7am em 3 de fevereiro","datePublished":"2026-01-25T19:19:52+00:00","mainEntityOfPage":{"@id":"https:\/\/www.pensarcursos.com.br\/blog\/fies-2026-candidatos-ja-podem-se-preparar-inscricoes-comecam-em-3-de-fevereiro\/"},"wordCount":771,"commentCount":0,"publisher":{"@id":"https:\/\/www.pensarcursos.com.br\/blog\/#organization"},"image":{"@id":"https:\/\/www.pensarcursos.com.br\/blog\/fies-2026-candidatos-ja-podem-se-preparar-inscricoes-comecam-em-3-de-fevereiro\/#primaryimage"},"thumbnailUrl":"https:\/\/www.pensarcursos.com.br\/blog\/wp-content\/uploads\/2026\/01\/inscricoes-FIES.jpg","keywords":["calend\u00e1rio Fies","fies 2026","inscri\u00e7\u00e3o fies","resultado Fies"],"articleSection":["Educa\u00e7\u00e3o"],"inLanguage":"pt-BR","potentialAction":[{"@type":"CommentAction","name":"Comment","target":["https:\/\/www.pensarcursos.com.br\/blog\/fies-2026-candidatos-ja-podem-se-preparar-inscricoes-comecam-em-3-de-fevereiro\/#respond"]}],"copyrightYear":"2026","copyrightHolder":{"@id":"https:\/\/www.pensarcursos.com.br\/blog\/#organization"}},{"@type":"WebPage","@id":"https:\/\/www.pensarcursos.com.br\/blog\/fies-2026-candidatos-ja-podem-se-preparar-inscricoes-comecam-em-3-de-fevereiro\/","url":"https:\/\/www.pensarcursos.com.br\/blog\/fies-2026-candidatos-ja-podem-se-preparar-inscricoes-comecam-em-3-de-fevereiro\/","name":"Fies 2026: candidatos j\u00e1 podem se preparar; inscri\u00e7\u00f5es come\u00e7am em 3 de fevereiro - Blog Pensar Cursos","isPartOf":{"@id":"https:\/\/www.pensarcursos.com.br\/blog\/#website"},"primaryImageOfPage":{"@id":"https:\/\/www.pensarcursos.com.br\/blog\/fies-2026-candidatos-ja-podem-se-preparar-inscricoes-comecam-em-3-de-fevereiro\/#primaryimage"},"image":{"@id":"https:\/\/www.pensarcursos.com.br\/blog\/fies-2026-candidatos-ja-podem-se-preparar-inscricoes-comecam-em-3-de-fevereiro\/#primaryimage"},"thumbnailUrl":"https:\/\/www.pensarcursos.com.br\/blog\/wp-content\/uploads\/2026\/01\/inscricoes-FIES.jpg","datePublished":"2026-01-25T19:19:52+00:00","description":"Descubra quem pode se inscrever no Fies 2026, veja calend\u00e1rio completo, requisitos, como funciona a sele\u00e7\u00e3o, prazo de inscri\u00e7\u00f5es e resultado oficial do financiamento estudantil.","breadcrumb":{"@id":"https:\/\/www.pensarcursos.com.br\/blog\/fies-2026-candidatos-ja-podem-se-preparar-inscricoes-comecam-em-3-de-fevereiro\/#breadcrumb"},"inLanguage":"pt-BR","potentialAction":[{"@type":"ReadAction","target":["https:\/\/www.pensarcursos.com.br\/blog\/fies-2026-candidatos-ja-podem-se-preparar-inscricoes-comecam-em-3-de-fevereiro\/"]}]},{"@type":"ImageObject","inLanguage":"pt-BR","@id":"https:\/\/www.pensarcursos.com.br\/blog\/fies-2026-candidatos-ja-podem-se-preparar-inscricoes-comecam-em-3-de-fevereiro\/#primaryimage","url":"https:\/\/www.pensarcursos.com.br\/blog\/wp-content\/uploads\/2026\/01\/inscricoes-FIES.jpg","contentUrl":"https:\/\/www.pensarcursos.com.br\/blog\/wp-content\/uploads\/2026\/01\/inscricoes-FIES.jpg","width":1200,"height":718,"caption":"Prepara\u00e7\u00e3o para o futuro: inscri\u00e7\u00f5es para o Fies 2026 estar\u00e3o abertas de 3 a 6 de fevereiro pelo Portal \u00danico de Acesso. Imagem: Ag\u00eancia Brasil"},{"@type":"BreadcrumbList","@id":"https:\/\/www.pensarcursos.com.br\/blog\/fies-2026-candidatos-ja-podem-se-preparar-inscricoes-comecam-em-3-de-fevereiro\/#breadcrumb","itemListElement":[{"@type":"ListItem","position":1,"name":"Home","item":"https:\/\/www.pensarcursos.com.br\/blog\/"},{"@type":"ListItem","position":2,"name":"Fies 2026: candidatos j\u00e1 podem se preparar; inscri\u00e7\u00f5es come\u00e7am em 3 de fevereiro"}]},{"@type":"WebSite","@id":"https:\/\/www.pensarcursos.com.br\/blog\/#website","url":"https:\/\/www.pensarcursos.com.br\/blog\/","name":"Blog Pensar Cursos","description":"Maior Site de Cursos do Brasil","publisher":{"@id":"https:\/\/www.pensarcursos.com.br\/blog\/#organization"},"alternateName":"Blog Pensar","potentialAction":[{"@type":"SearchAction","target":{"@type":"EntryPoint","urlTemplate":"https:\/\/www.pensarcursos.com.br\/blog\/?s={search_term_string}"},"query-input":{"@type":"PropertyValueSpecification","valueRequired":true,"valueName":"search_term_string"}}],"inLanguage":"pt-BR"},{"@type":"Organization","@id":"https:\/\/www.pensarcursos.com.br\/blog\/#organization","name":"Pensar Cursos","alternateName":"Blog pensar","url":"https:\/\/www.pensarcursos.com.br\/blog\/","logo":{"@type":"ImageObject","inLanguage":"pt-BR","@id":"https:\/\/www.pensarcursos.com.br\/blog\/#\/schema\/logo\/image\/","url":"https:\/\/www.pensarcursos.com.br\/blog\/wp-content\/uploads\/2023\/11\/Nova-Logo-Pensar-Cursos-vertical.png","contentUrl":"https:\/\/www.pensarcursos.com.br\/blog\/wp-content\/uploads\/2023\/11\/Nova-Logo-Pensar-Cursos-vertical.png","width":1393,"height":1001,"caption":"Pensar Cursos"},"image":{"@id":"https:\/\/www.pensarcursos.com.br\/blog\/#\/schema\/logo\/image\/"},"sameAs":["https:\/\/www.facebook.com\/pensarcursos\/","https:\/\/instagram.com.br\/pensarcursos"],"description":"Pensar Cursos \u00e9 uma empresa especializada em oferecer cursos de alta qualidade voltados para o desenvolvimento profissional e acad\u00eamico. Com uma ampla gama de op\u00e7\u00f5es de treinamento, oferecemos conte\u00fados atualizados, ministrados por especialistas da \u00e1rea, para capacitar indiv\u00edduos e equipes a atingirem seus objetivos. Nossa miss\u00e3o \u00e9 proporcionar uma educa\u00e7\u00e3o transformadora, acess\u00edvel e personalizada para cada aluno, seja em cursos presenciais ou online. Com uma abordagem inovadora, buscamos adaptar os nossos programas de ensino \u00e0s necessidades do mercado, criando solu\u00e7\u00f5es que atendem aos desafios e exig\u00eancias do mundo corporativo e acad\u00eamico. Nossos cursos incluem desde forma\u00e7\u00f5es t\u00e9cnicas at\u00e9 habilidades essenciais, como lideran\u00e7a, gest\u00e3o e desenvolvimento pessoal.","email":"contato@pensarcursos.com.br","legalName":"Sena Servi\u00e7os de Informa\u00e7\u00e3o Online LTDA","foundingDate":"2013-04-18","vatID":"17956217000172","numberOfEmployees":{"@type":"QuantitativeValue","minValue":"11","maxValue":"50"},"publishingPrinciples":"https:\/\/www.pensarcursos.com.br\/blog\/principios-de-publicacao\/","ownershipFundingInfo":"https:\/\/www.pensarcursos.com.br\/blog\/informacoes-de-propriedade-financiamento\/","actionableFeedbackPolicy":"https:\/\/www.pensarcursos.com.br\/blog\/politica-de-feedback-acionavel\/","correctionsPolicy":"https:\/\/www.pensarcursos.com.br\/blog\/politica-de-correcoes\/","ethicsPolicy":"https:\/\/www.pensarcursos.com.br\/blog\/politica-de-etica\/"},{"@type":"Person","@id":"https:\/\/www.pensarcursos.com.br\/blog\/#\/schema\/person\/e387ba49ed4a778962271648452528c2","name":"Isabelli Ferreira","image":{"@type":"ImageObject","inLanguage":"pt-BR","@id":"https:\/\/secure.gravatar.com\/avatar\/8b3b203e0769d83b87c611279890be042a5e5060500e577af59e9930f6f93d0a?s=96&d=mm&r=g","url":"https:\/\/secure.gravatar.com\/avatar\/8b3b203e0769d83b87c611279890be042a5e5060500e577af59e9930f6f93d0a?s=96&d=mm&r=g","contentUrl":"https:\/\/secure.gravatar.com\/avatar\/8b3b203e0769d83b87c611279890be042a5e5060500e577af59e9930f6f93d0a?s=96&d=mm&r=g","caption":"Isabelli Ferreira"},"description":"Graduada em LETRAS Vern\u00e1culas pela Universidade do Estado da Bahia (UNEB). Redatora grupo Sena Online.","sameAs":["https:\/\/www.linkedin.com\/in\/isabelli-pires-7b8778314"],"url":"https:\/\/www.pensarcursos.com.br\/blog\/author\/isabelli\/"}]}},"_links":{"self":[{"href":"https:\/\/www.pensarcursos.com.br\/blog\/wp-json\/wp\/v2\/posts\/141745","targetHints":{"allow":["GET"]}}],"collection":[{"href":"https:\/\/www.pensarcursos.com.br\/blog\/wp-json\/wp\/v2\/posts"}],"about":[{"href":"https:\/\/www.pensarcursos.com.br\/blog\/wp-json\/wp\/v2\/types\/post"}],"author":[{"embeddable":true,"href":"https:\/\/www.pensarcursos.com.br\/blog\/wp-json\/wp\/v2\/users\/48"}],"replies":[{"embeddable":true,"href":"https:\/\/www.pensarcursos.com.br\/blog\/wp-json\/wp\/v2\/comments?post=141745"}],"version-history":[{"count":0,"href":"https:\/\/www.pensarcursos.com.br\/blog\/wp-json\/wp\/v2\/posts\/141745\/revisions"}],"wp:featuredmedia":[{"embeddable":true,"href":"https:\/\/www.pensarcursos.com.br\/blog\/wp-json\/wp\/v2\/media\/141750"}],"wp:attachment":[{"href":"https:\/\/www.pensarcursos.com.br\/blog\/wp-json\/wp\/v2\/media?parent=141745"}],"wp:term":[{"taxonomy":"category","embeddable":true,"href":"https:\/\/www.pensarcursos.com.br\/blog\/wp-json\/wp\/v2\/categories?post=141745"},{"taxonomy":"post_tag","embeddable":true,"href":"https:\/\/www.pensarcursos.com.br\/blog\/wp-json\/wp\/v2\/tags?post=141745"}],"curies":[{"name":"wp","href":"https:\/\/api.w.org\/{rel}","templated":true}]}}